{"id":283242,"date":"2025-10-12T21:45:11","date_gmt":"2025-10-12T19:45:11","guid":{"rendered":"https:\/\/tuzlainfo.ba\/?p=283242"},"modified":"2025-10-12T21:45:11","modified_gmt":"2025-10-12T19:45:11","slug":"mnogi-u-fbih-mi-mogli-imati-minimalnu-penziju-iznad-700-km-ovo-su-uslovi-za-to","status":"publish","type":"post","link":"https:\/\/tuzlainfo.ba\/index.php\/bosna-i-hercegovina\/item\/283242-mnogi-u-fbih-mi-mogli-imati-minimalnu-penziju-iznad-700-km-ovo-su-uslovi-za-to\/","title":{"rendered":"Mnogi u FBiH mi mogli imati minimalnu penziju iznad 700 KM, ovo su uslovi za to"},"content":{"rendered":"<p data-start=\"106\" data-end=\"572\">Izmjene i dopune Zakona o penzijskom i invalidskom osiguranju Federacije BiH, koje bi prema najavama federalnih vlasti uskoro trebale biti usvojene i po\u010deti se primjenjivati od 1. januara, donose nekoliko va\u017enih novina. Kako pi\u0161e Ve\u010dernji list BiH novi propisi trebali bi s jedne strane pobolj\u0161ati materijalni polo\u017eaj penzionera, a s druge uvesti pravedniji obra\u010dun minimalnih penzija kroz sistem vi\u0161e razreda, zavisno od godina radnog sta\u017ea.<\/p>\n<p data-start=\"574\" data-end=\"1028\">Jedna od najve\u0107ih promjena odnosi se na uskla\u0111ivanje penzija. Prema prijedlogu zakona, uskla\u0111ivanje bi se vr\u0161ilo dva puta godi\u0161nje \u2013 1. januara i 1. jula \u2013 umjesto jednom, kao do sada. Tako\u0111er se mijenja i formula, pa \u0107e se umjesto rasta bruto doma\u0107eg proizvoda uzimati u obzir rast prosje\u010dne plate, uz zadr\u017eavanje potro\u0161a\u010dkih cijena kao drugog parametra. Udio svake od ove dvije stavke u formuli odre\u0111ivat \u0107e se tako da uvijek ide u korist penzionera.<\/p>\n<p data-start=\"1030\" data-end=\"1388\">Kako navodi Klix, ako je rast cijena ve\u0107i od rasta plata, u formuli \u0107e se vi\u0161e uva\u017eavati potro\u0161a\u010dke cijene, a ako su plate rasle br\u017ee od cijena, ve\u0107i zna\u010daj imat \u0107e rast plata. Ovakav model donosi ve\u0107u sigurnost i mogu\u0107nost zna\u010dajnijeg pove\u0107anja penzija, dok je kao za\u0161titna mjera predvi\u0111eno da do uskla\u0111ivanja ne\u0107e do\u0107i ako bi ono vodilo smanjenju iznosa.<\/p>\n<p data-start=\"1390\" data-end=\"1879\">Druga va\u017ena novina odnosi se na minimalne penzije. Novi zakon uvodi vi\u0161e kategorija, ovisno o radnom sta\u017eu. Penzioneri s 15 do 20 godina sta\u017ea imali bi minimalnu penziju od 60 posto prosje\u010dne, oni s 20 do 25 godina 65 posto, sa 25 do 30 godina 70 posto, a osobe sa 30 do 35 godina sta\u017ea 75 posto prosje\u010dne penzije. Oni koji su radili izme\u0111u 35 i 40 godina primat \u0107e najmanje 85 posto prosje\u010dne penzije, dok bi za one s punih 40 godina sta\u017ea minimalna penzija iznosila 95 posto prosje\u010dne.<\/p>\n<p data-start=\"1881\" data-end=\"2131\">Prema podacima Federalnog zavoda za penzijsko i invalidsko osiguranje, prosje\u010dna samostalna penzija u septembru iznosila je 760,98 KM. To zna\u010di da bi najni\u017ea minimalna penzija, po novim pravilima, iznosila oko 456 KM, a najvi\u0161a izme\u0111u 722 i 760 KM.<\/p>\n<h3 data-start=\"1881\" data-end=\"2131\">Ste\u010dena prava se ne\u0107e mijenjati<\/h3>\n<p data-start=\"2133\" data-end=\"2383\">Iz Federalnog ministarstva rada i socijalne politike ranije je nagla\u0161eno da se ste\u010dena prava sada\u0161njih penzionera ne\u0107e umanjivati. Novi model obra\u010duna minimalnih penzija primjenjivat \u0107e se na budu\u0107e penzionere koji \u0107e u penziju i\u0107i po novom zakonu.<\/p>\n<p data-start=\"2385\" data-end=\"2852\">Zakonske izmjene tako\u0111er pro\u0161iruju pravo na naknadu tro\u0161kova sahrane i na osobe koje su te tro\u0161kove snosile, a ne samo na \u010dlanove u\u017ee porodice. U isto vrijeme, najavljuju se izmjene i drugih povezanih zakona, uklju\u010duju\u0107i Zakon o radu, propise o zapo\u0161ljavanju i socijalnoj sigurnosti nezaposlenih, te o zapo\u0161ljavanju stranaca. Cilj je, kako pi\u0161e <em data-start=\"2730\" data-end=\"2749\">Ve\u010dernji list BiH<\/em>, ja\u010danje fiskalne stabilnosti Federacije i suzbijanje sive ekonomije kroz \u0161ire reforme tr\u017ei\u0161ta rada.<\/p>\n","protected":false},"excerpt":{"rendered":"<p>Izmjene i dopune Zakona o penzijskom i invalidskom osiguranju Federacije BiH, koje bi prema najavama federalnih vlasti uskoro trebale biti usvojene i po\u010deti se primjenjivati od 1. januara, donose nekoliko va\u017enih novina. Kako pi\u0161e Ve\u010dernji list BiH novi propisi trebali bi s jedne strane pobolj\u0161ati materijalni polo\u017eaj penzionera, a s druge uvesti pravedniji obra\u010dun minimalnih [&hellip;]<\/p>\n","protected":false},"author":2,"featured_media":245711,"comment_status":"closed","ping_status":"closed","sticky":false,"template":"","format":"standard","meta":{"footnotes":""},"categories":[291,304],"tags":[1657,5593],"class_list":["post-283242","post","type-post","status-publish","format-standard","has-post-thumbnail","hentry","category-bosna-i-hercegovina","category-istaknuto","tag-penzije","tag-povecanje-penzija"],"yoast_head":"<!-- This site is optimized with the Yoast SEO plugin v28.4 - https:\/\/yoast.com\/product\/yoast-seo-wordpress\/ -->\n<title>Mnogi u FBiH mi mogli imati minimalnu penziju iznad 700 KM, ovo su uslovi za to<\/title>\n<meta name=\"robots\" content=\"index, follow, max-snippet:-1, max-image-preview:large, max-video-preview:-1\" \/>\n<link rel=\"canonical\" href=\"https:\/\/tuzlainfo.ba\/index.php\/bosna-i-hercegovina\/item\/283242-mnogi-u-fbih-mi-mogli-imati-minimalnu-penziju-iznad-700-km-ovo-su-uslovi-za-to\/\" \/>\n<meta property=\"og:locale\" content=\"bs_BA\" \/>\n<meta property=\"og:type\" content=\"article\" \/>\n<meta property=\"og:title\" content=\"Mnogi u FBiH mi mogli imati minimalnu penziju iznad 700 KM, ovo su uslovi za to\" \/>\n<meta property=\"og:description\" content=\"Izmjene i dopune Zakona o penzijskom i invalidskom osiguranju Federacije BiH, koje bi prema najavama federalnih vlasti uskoro trebale biti usvojene i po\u010deti se primjenjivati od 1. januara, donose nekoliko va\u017enih novina. Kako pi\u0161e Ve\u010dernji list BiH novi propisi trebali bi s jedne strane pobolj\u0161ati materijalni polo\u017eaj penzionera, a s druge uvesti pravedniji obra\u010dun minimalnih [&hellip;]\" \/>\n<meta property=\"og:url\" content=\"https:\/\/tuzlainfo.ba\/index.php\/bosna-i-hercegovina\/item\/283242-mnogi-u-fbih-mi-mogli-imati-minimalnu-penziju-iznad-700-km-ovo-su-uslovi-za-to\/\" \/>\n<meta property=\"og:site_name\" content=\"TuzlaInfo.ba\" \/>\n<meta property=\"article:publisher\" content=\"https:\/\/www.facebook.com\/tuzlainfo.ba\/\" \/>\n<meta property=\"article:published_time\" content=\"2025-10-12T19:45:11+00:00\" \/>\n<meta property=\"og:image\" content=\"https:\/\/tuzlainfo.ba\/wp-content\/uploads\/2024\/08\/novac_novcanice_marke1.jpg\" \/>\n\t<meta property=\"og:image:width\" content=\"1600\" \/>\n\t<meta property=\"og:image:height\" content=\"1200\" \/>\n\t<meta property=\"og:image:type\" content=\"image\/jpeg\" \/>\n<meta name=\"author\" content=\"nedim\" \/>\n<meta name=\"twitter:card\" content=\"summary_large_image\" \/>\n<meta name=\"twitter:label1\" content=\"Written by\" \/>\n\t<meta name=\"twitter:data1\" content=\"nedim\" \/>\n\t<meta name=\"twitter:label2\" content=\"Est. reading time\" \/>\n\t<meta name=\"twitter:data2\" content=\"3 minute\" \/>\n<script type=\"application\/ld+json\" class=\"yoast-schema-graph\">{\"@context\":\"https:\\\/\\\/schema.org\",\"@graph\":[{\"@type\":\"Article\",\"@id\":\"https:\\\/\\\/tuzlainfo.ba\\\/index.php\\\/bosna-i-hercegovina\\\/item\\\/283242-mnogi-u-fbih-mi-mogli-imati-minimalnu-penziju-iznad-700-km-ovo-su-uslovi-za-to\\\/#article\",\"isPartOf\":{\"@id\":\"https:\\\/\\\/tuzlainfo.ba\\\/index.php\\\/bosna-i-hercegovina\\\/item\\\/283242-mnogi-u-fbih-mi-mogli-imati-minimalnu-penziju-iznad-700-km-ovo-su-uslovi-za-to\\\/\"},\"author\":{\"name\":\"nedim\",\"@id\":\"https:\\\/\\\/tuzlainfo.ba\\\/#\\\/schema\\\/person\\\/f434e20dc27ea133923aab08451b7f7f\"},\"headline\":\"Mnogi u FBiH mi mogli imati minimalnu penziju iznad 700 KM, ovo su uslovi za to\",\"datePublished\":\"2025-10-12T19:45:11+00:00\",\"mainEntityOfPage\":{\"@id\":\"https:\\\/\\\/tuzlainfo.ba\\\/index.php\\\/bosna-i-hercegovina\\\/item\\\/283242-mnogi-u-fbih-mi-mogli-imati-minimalnu-penziju-iznad-700-km-ovo-su-uslovi-za-to\\\/\"},\"wordCount\":506,\"publisher\":{\"@id\":\"https:\\\/\\\/tuzlainfo.ba\\\/#organization\"},\"image\":{\"@id\":\"https:\\\/\\\/tuzlainfo.ba\\\/index.php\\\/bosna-i-hercegovina\\\/item\\\/283242-mnogi-u-fbih-mi-mogli-imati-minimalnu-penziju-iznad-700-km-ovo-su-uslovi-za-to\\\/#primaryimage\"},\"thumbnailUrl\":\"https:\\\/\\\/tuzlainfo.ba\\\/wp-content\\\/uploads\\\/2024\\\/08\\\/novac_novcanice_marke1.jpg\",\"keywords\":[\"penzije\",\"povecanje penzija\"],\"articleSection\":[\"Bosna i Hercegovina\",\"Istaknuto\"],\"inLanguage\":\"bs-BA\",\"copyrightYear\":\"2025\",\"copyrightHolder\":{\"@id\":\"https:\\\/\\\/tuzlainfo.ba\\\/#organization\"}},{\"@type\":\"WebPage\",\"@id\":\"https:\\\/\\\/tuzlainfo.ba\\\/index.php\\\/bosna-i-hercegovina\\\/item\\\/283242-mnogi-u-fbih-mi-mogli-imati-minimalnu-penziju-iznad-700-km-ovo-su-uslovi-za-to\\\/\",\"url\":\"https:\\\/\\\/tuzlainfo.ba\\\/index.php\\\/bosna-i-hercegovina\\\/item\\\/283242-mnogi-u-fbih-mi-mogli-imati-minimalnu-penziju-iznad-700-km-ovo-su-uslovi-za-to\\\/\",\"name\":\"Mnogi u FBiH mi mogli imati minimalnu penziju iznad 700 KM, ovo su uslovi za to\",\"isPartOf\":{\"@id\":\"https:\\\/\\\/tuzlainfo.ba\\\/#website\"},\"primaryImageOfPage\":{\"@id\":\"https:\\\/\\\/tuzlainfo.ba\\\/index.php\\\/bosna-i-hercegovina\\\/item\\\/283242-mnogi-u-fbih-mi-mogli-imati-minimalnu-penziju-iznad-700-km-ovo-su-uslovi-za-to\\\/#primaryimage\"},\"image\":{\"@id\":\"https:\\\/\\\/tuzlainfo.ba\\\/index.php\\\/bosna-i-hercegovina\\\/item\\\/283242-mnogi-u-fbih-mi-mogli-imati-minimalnu-penziju-iznad-700-km-ovo-su-uslovi-za-to\\\/#primaryimage\"},\"thumbnailUrl\":\"https:\\\/\\\/tuzlainfo.ba\\\/wp-content\\\/uploads\\\/2024\\\/08\\\/novac_novcanice_marke1.jpg\",\"datePublished\":\"2025-10-12T19:45:11+00:00\",\"breadcrumb\":{\"@id\":\"https:\\\/\\\/tuzlainfo.ba\\\/index.php\\\/bosna-i-hercegovina\\\/item\\\/283242-mnogi-u-fbih-mi-mogli-imati-minimalnu-penziju-iznad-700-km-ovo-su-uslovi-za-to\\\/#breadcrumb\"},\"inLanguage\":\"bs-BA\",\"potentialAction\":[{\"@type\":\"ReadAction\",\"target\":[\"https:\\\/\\\/tuzlainfo.ba\\\/index.php\\\/bosna-i-hercegovina\\\/item\\\/283242-mnogi-u-fbih-mi-mogli-imati-minimalnu-penziju-iznad-700-km-ovo-su-uslovi-za-to\\\/\"]}]},{\"@type\":\"ImageObject\",\"inLanguage\":\"bs-BA\",\"@id\":\"https:\\\/\\\/tuzlainfo.ba\\\/index.php\\\/bosna-i-hercegovina\\\/item\\\/283242-mnogi-u-fbih-mi-mogli-imati-minimalnu-penziju-iznad-700-km-ovo-su-uslovi-za-to\\\/#primaryimage\",\"url\":\"https:\\\/\\\/tuzlainfo.ba\\\/wp-content\\\/uploads\\\/2024\\\/08\\\/novac_novcanice_marke1.jpg\",\"contentUrl\":\"https:\\\/\\\/tuzlainfo.ba\\\/wp-content\\\/uploads\\\/2024\\\/08\\\/novac_novcanice_marke1.jpg\",\"width\":1600,\"height\":1200},{\"@type\":\"BreadcrumbList\",\"@id\":\"https:\\\/\\\/tuzlainfo.ba\\\/index.php\\\/bosna-i-hercegovina\\\/item\\\/283242-mnogi-u-fbih-mi-mogli-imati-minimalnu-penziju-iznad-700-km-ovo-su-uslovi-za-to\\\/#breadcrumb\",\"itemListElement\":[{\"@type\":\"ListItem\",\"position\":1,\"name\":\"Home\",\"item\":\"https:\\\/\\\/tuzlainfo.ba\\\/\"},{\"@type\":\"ListItem\",\"position\":2,\"name\":\"Mnogi u FBiH mi mogli imati minimalnu penziju iznad 700 KM, ovo su uslovi za to\"}]},{\"@type\":\"WebSite\",\"@id\":\"https:\\\/\\\/tuzlainfo.ba\\\/#website\",\"url\":\"https:\\\/\\\/tuzlainfo.ba\\\/\",\"name\":\"TuzlaInfo.ba\",\"description\":\"Tuzla info, gradski informator - Tuzla na dlanu\",\"publisher\":{\"@id\":\"https:\\\/\\\/tuzlainfo.ba\\\/#organization\"},\"potentialAction\":[{\"@type\":\"SearchAction\",\"target\":{\"@type\":\"EntryPoint\",\"urlTemplate\":\"https:\\\/\\\/tuzlainfo.ba\\\/?s={search_term_string}\"},\"query-input\":{\"@type\":\"PropertyValueSpecification\",\"valueRequired\":true,\"valueName\":\"search_term_string\"}}],\"inLanguage\":\"bs-BA\"},{\"@type\":\"Organization\",\"@id\":\"https:\\\/\\\/tuzlainfo.ba\\\/#organization\",\"name\":\"TuzlaInfo.ba\",\"url\":\"https:\\\/\\\/tuzlainfo.ba\\\/\",\"logo\":{\"@type\":\"ImageObject\",\"inLanguage\":\"bs-BA\",\"@id\":\"https:\\\/\\\/tuzlainfo.ba\\\/#\\\/schema\\\/logo\\\/image\\\/\",\"url\":\"https:\\\/\\\/tuzlainfo.ba\\\/wp-content\\\/uploads\\\/2021\\\/03\\\/logo-ver-3-1.png\",\"contentUrl\":\"https:\\\/\\\/tuzlainfo.ba\\\/wp-content\\\/uploads\\\/2021\\\/03\\\/logo-ver-3-1.png\",\"width\":350,\"height\":95,\"caption\":\"TuzlaInfo.ba\"},\"image\":{\"@id\":\"https:\\\/\\\/tuzlainfo.ba\\\/#\\\/schema\\\/logo\\\/image\\\/\"},\"sameAs\":[\"https:\\\/\\\/www.facebook.com\\\/tuzlainfo.ba\\\/\"]},{\"@type\":\"Person\",\"@id\":\"https:\\\/\\\/tuzlainfo.ba\\\/#\\\/schema\\\/person\\\/f434e20dc27ea133923aab08451b7f7f\",\"name\":\"nedim\",\"image\":{\"@type\":\"ImageObject\",\"inLanguage\":\"bs-BA\",\"@id\":\"https:\\\/\\\/secure.gravatar.com\\\/avatar\\\/5b928a2e7e70a54208d2eb6c1edcb75a5350d6ae97d5f0a701203d456823f6f3?s=96&d=mm&r=g\",\"url\":\"https:\\\/\\\/secure.gravatar.com\\\/avatar\\\/5b928a2e7e70a54208d2eb6c1edcb75a5350d6ae97d5f0a701203d456823f6f3?s=96&d=mm&r=g\",\"contentUrl\":\"https:\\\/\\\/secure.gravatar.com\\\/avatar\\\/5b928a2e7e70a54208d2eb6c1edcb75a5350d6ae97d5f0a701203d456823f6f3?s=96&d=mm&r=g\",\"caption\":\"nedim\"},\"description\":\"Tuzlainfo.ba pratite na dru\u0161tvenim mre\u017eama: Facebook, Instagram i Youtube. Svoje pri\u010de, upite i fotografije \u0161aljite na na\u0161u e-mail adresu.\"}]}<\/script>\n<!-- \/ Yoast SEO plugin. -->","yoast_head_json":{"title":"Mnogi u FBiH mi mogli imati minimalnu penziju iznad 700 KM, ovo su uslovi za to","robots":{"index":"index","follow":"follow","max-snippet":"max-snippet:-1","max-image-preview":"max-image-preview:large","max-video-preview":"max-video-preview:-1"},"canonical":"https:\/\/tuzlainfo.ba\/index.php\/bosna-i-hercegovina\/item\/283242-mnogi-u-fbih-mi-mogli-imati-minimalnu-penziju-iznad-700-km-ovo-su-uslovi-za-to\/","og_locale":"bs_BA","og_type":"article","og_title":"Mnogi u FBiH mi mogli imati minimalnu penziju iznad 700 KM, ovo su uslovi za to","og_description":"Izmjene i dopune Zakona o penzijskom i invalidskom osiguranju Federacije BiH, koje bi prema najavama federalnih vlasti uskoro trebale biti usvojene i po\u010deti se primjenjivati od 1. januara, donose nekoliko va\u017enih novina. Kako pi\u0161e Ve\u010dernji list BiH novi propisi trebali bi s jedne strane pobolj\u0161ati materijalni polo\u017eaj penzionera, a s druge uvesti pravedniji obra\u010dun minimalnih [&hellip;]","og_url":"https:\/\/tuzlainfo.ba\/index.php\/bosna-i-hercegovina\/item\/283242-mnogi-u-fbih-mi-mogli-imati-minimalnu-penziju-iznad-700-km-ovo-su-uslovi-za-to\/","og_site_name":"TuzlaInfo.ba","article_publisher":"https:\/\/www.facebook.com\/tuzlainfo.ba\/","article_published_time":"2025-10-12T19:45:11+00:00","og_image":[{"width":1600,"height":1200,"url":"https:\/\/tuzlainfo.ba\/wp-content\/uploads\/2024\/08\/novac_novcanice_marke1.jpg","type":"image\/jpeg"}],"author":"nedim","twitter_card":"summary_large_image","twitter_misc":{"Written by":"nedim","Est. reading time":"3 minute"},"schema":{"@context":"https:\/\/schema.org","@graph":[{"@type":"Article","@id":"https:\/\/tuzlainfo.ba\/index.php\/bosna-i-hercegovina\/item\/283242-mnogi-u-fbih-mi-mogli-imati-minimalnu-penziju-iznad-700-km-ovo-su-uslovi-za-to\/#article","isPartOf":{"@id":"https:\/\/tuzlainfo.ba\/index.php\/bosna-i-hercegovina\/item\/283242-mnogi-u-fbih-mi-mogli-imati-minimalnu-penziju-iznad-700-km-ovo-su-uslovi-za-to\/"},"author":{"name":"nedim","@id":"https:\/\/tuzlainfo.ba\/#\/schema\/person\/f434e20dc27ea133923aab08451b7f7f"},"headline":"Mnogi u FBiH mi mogli imati minimalnu penziju iznad 700 KM, ovo su uslovi za to","datePublished":"2025-10-12T19:45:11+00:00","mainEntityOfPage":{"@id":"https:\/\/tuzlainfo.ba\/index.php\/bosna-i-hercegovina\/item\/283242-mnogi-u-fbih-mi-mogli-imati-minimalnu-penziju-iznad-700-km-ovo-su-uslovi-za-to\/"},"wordCount":506,"publisher":{"@id":"https:\/\/tuzlainfo.ba\/#organization"},"image":{"@id":"https:\/\/tuzlainfo.ba\/index.php\/bosna-i-hercegovina\/item\/283242-mnogi-u-fbih-mi-mogli-imati-minimalnu-penziju-iznad-700-km-ovo-su-uslovi-za-to\/#primaryimage"},"thumbnailUrl":"https:\/\/tuzlainfo.ba\/wp-content\/uploads\/2024\/08\/novac_novcanice_marke1.jpg","keywords":["penzije","povecanje penzija"],"articleSection":["Bosna i Hercegovina","Istaknuto"],"inLanguage":"bs-BA","copyrightYear":"2025","copyrightHolder":{"@id":"https:\/\/tuzlainfo.ba\/#organization"}},{"@type":"WebPage","@id":"https:\/\/tuzlainfo.ba\/index.php\/bosna-i-hercegovina\/item\/283242-mnogi-u-fbih-mi-mogli-imati-minimalnu-penziju-iznad-700-km-ovo-su-uslovi-za-to\/","url":"https:\/\/tuzlainfo.ba\/index.php\/bosna-i-hercegovina\/item\/283242-mnogi-u-fbih-mi-mogli-imati-minimalnu-penziju-iznad-700-km-ovo-su-uslovi-za-to\/","name":"Mnogi u FBiH mi mogli imati minimalnu penziju iznad 700 KM, ovo su uslovi za to","isPartOf":{"@id":"https:\/\/tuzlainfo.ba\/#website"},"primaryImageOfPage":{"@id":"https:\/\/tuzlainfo.ba\/index.php\/bosna-i-hercegovina\/item\/283242-mnogi-u-fbih-mi-mogli-imati-minimalnu-penziju-iznad-700-km-ovo-su-uslovi-za-to\/#primaryimage"},"image":{"@id":"https:\/\/tuzlainfo.ba\/index.php\/bosna-i-hercegovina\/item\/283242-mnogi-u-fbih-mi-mogli-imati-minimalnu-penziju-iznad-700-km-ovo-su-uslovi-za-to\/#primaryimage"},"thumbnailUrl":"https:\/\/tuzlainfo.ba\/wp-content\/uploads\/2024\/08\/novac_novcanice_marke1.jpg","datePublished":"2025-10-12T19:45:11+00:00","breadcrumb":{"@id":"https:\/\/tuzlainfo.ba\/index.php\/bosna-i-hercegovina\/item\/283242-mnogi-u-fbih-mi-mogli-imati-minimalnu-penziju-iznad-700-km-ovo-su-uslovi-za-to\/#breadcrumb"},"inLanguage":"bs-BA","potentialAction":[{"@type":"ReadAction","target":["https:\/\/tuzlainfo.ba\/index.php\/bosna-i-hercegovina\/item\/283242-mnogi-u-fbih-mi-mogli-imati-minimalnu-penziju-iznad-700-km-ovo-su-uslovi-za-to\/"]}]},{"@type":"ImageObject","inLanguage":"bs-BA","@id":"https:\/\/tuzlainfo.ba\/index.php\/bosna-i-hercegovina\/item\/283242-mnogi-u-fbih-mi-mogli-imati-minimalnu-penziju-iznad-700-km-ovo-su-uslovi-za-to\/#primaryimage","url":"https:\/\/tuzlainfo.ba\/wp-content\/uploads\/2024\/08\/novac_novcanice_marke1.jpg","contentUrl":"https:\/\/tuzlainfo.ba\/wp-content\/uploads\/2024\/08\/novac_novcanice_marke1.jpg","width":1600,"height":1200},{"@type":"BreadcrumbList","@id":"https:\/\/tuzlainfo.ba\/index.php\/bosna-i-hercegovina\/item\/283242-mnogi-u-fbih-mi-mogli-imati-minimalnu-penziju-iznad-700-km-ovo-su-uslovi-za-to\/#breadcrumb","itemListElement":[{"@type":"ListItem","position":1,"name":"Home","item":"https:\/\/tuzlainfo.ba\/"},{"@type":"ListItem","position":2,"name":"Mnogi u FBiH mi mogli imati minimalnu penziju iznad 700 KM, ovo su uslovi za to"}]},{"@type":"WebSite","@id":"https:\/\/tuzlainfo.ba\/#website","url":"https:\/\/tuzlainfo.ba\/","name":"TuzlaInfo.ba","description":"Tuzla info, gradski informator - Tuzla na dlanu","publisher":{"@id":"https:\/\/tuzlainfo.ba\/#organization"},"potentialAction":[{"@type":"SearchAction","target":{"@type":"EntryPoint","urlTemplate":"https:\/\/tuzlainfo.ba\/?s={search_term_string}"},"query-input":{"@type":"PropertyValueSpecification","valueRequired":true,"valueName":"search_term_string"}}],"inLanguage":"bs-BA"},{"@type":"Organization","@id":"https:\/\/tuzlainfo.ba\/#organization","name":"TuzlaInfo.ba","url":"https:\/\/tuzlainfo.ba\/","logo":{"@type":"ImageObject","inLanguage":"bs-BA","@id":"https:\/\/tuzlainfo.ba\/#\/schema\/logo\/image\/","url":"https:\/\/tuzlainfo.ba\/wp-content\/uploads\/2021\/03\/logo-ver-3-1.png","contentUrl":"https:\/\/tuzlainfo.ba\/wp-content\/uploads\/2021\/03\/logo-ver-3-1.png","width":350,"height":95,"caption":"TuzlaInfo.ba"},"image":{"@id":"https:\/\/tuzlainfo.ba\/#\/schema\/logo\/image\/"},"sameAs":["https:\/\/www.facebook.com\/tuzlainfo.ba\/"]},{"@type":"Person","@id":"https:\/\/tuzlainfo.ba\/#\/schema\/person\/f434e20dc27ea133923aab08451b7f7f","name":"nedim","image":{"@type":"ImageObject","inLanguage":"bs-BA","@id":"https:\/\/secure.gravatar.com\/avatar\/5b928a2e7e70a54208d2eb6c1edcb75a5350d6ae97d5f0a701203d456823f6f3?s=96&d=mm&r=g","url":"https:\/\/secure.gravatar.com\/avatar\/5b928a2e7e70a54208d2eb6c1edcb75a5350d6ae97d5f0a701203d456823f6f3?s=96&d=mm&r=g","contentUrl":"https:\/\/secure.gravatar.com\/avatar\/5b928a2e7e70a54208d2eb6c1edcb75a5350d6ae97d5f0a701203d456823f6f3?s=96&d=mm&r=g","caption":"nedim"},"description":"Tuzlainfo.ba pratite na dru\u0161tvenim mre\u017eama: Facebook, Instagram i Youtube. Svoje pri\u010de, upite i fotografije \u0161aljite na na\u0161u e-mail adresu."}]}},"_links":{"self":[{"href":"https:\/\/tuzlainfo.ba\/index.php\/wp-json\/wp\/v2\/posts\/283242","targetHints":{"allow":["GET"]}}],"collection":[{"href":"https:\/\/tuzlainfo.ba\/index.php\/wp-json\/wp\/v2\/posts"}],"about":[{"href":"https:\/\/tuzlainfo.ba\/index.php\/wp-json\/wp\/v2\/types\/post"}],"author":[{"embeddable":true,"href":"https:\/\/tuzlainfo.ba\/index.php\/wp-json\/wp\/v2\/users\/2"}],"replies":[{"embeddable":true,"href":"https:\/\/tuzlainfo.ba\/index.php\/wp-json\/wp\/v2\/comments?post=283242"}],"version-history":[{"count":1,"href":"https:\/\/tuzlainfo.ba\/index.php\/wp-json\/wp\/v2\/posts\/283242\/revisions"}],"predecessor-version":[{"id":283243,"href":"https:\/\/tuzlainfo.ba\/index.php\/wp-json\/wp\/v2\/posts\/283242\/revisions\/283243"}],"wp:featuredmedia":[{"embeddable":true,"href":"https:\/\/tuzlainfo.ba\/index.php\/wp-json\/wp\/v2\/media\/245711"}],"wp:attachment":[{"href":"https:\/\/tuzlainfo.ba\/index.php\/wp-json\/wp\/v2\/media?parent=283242"}],"wp:term":[{"taxonomy":"category","embeddable":true,"href":"https:\/\/tuzlainfo.ba\/index.php\/wp-json\/wp\/v2\/categories?post=283242"},{"taxonomy":"post_tag","embeddable":true,"href":"https:\/\/tuzlainfo.ba\/index.php\/wp-json\/wp\/v2\/tags?post=283242"}],"curies":[{"name":"wp","href":"https:\/\/api.w.org\/{rel}","templated":true}]}}