{"id":283104,"date":"2025-10-10T19:06:28","date_gmt":"2025-10-10T17:06:28","guid":{"rendered":"https:\/\/tuzlainfo.ba\/?p=283104"},"modified":"2025-10-10T19:06:28","modified_gmt":"2025-10-10T17:06:28","slug":"hurtic-tvrdi-borjana-kristo-odbila-prijedlog-za-proglasenje-dana-zalosti-zbog-smrti-halida-beslica","status":"publish","type":"post","link":"https:\/\/tuzlainfo.ba\/index.php\/bosna-i-hercegovina\/item\/283104-hurtic-tvrdi-borjana-kristo-odbila-prijedlog-za-proglasenje-dana-zalosti-zbog-smrti-halida-beslica\/","title":{"rendered":"Hurti\u0107 tvrdi: Borjana Kri\u0161to odbila prijedlog za progla\u0161enje Dana \u017ealosti zbog smrti Halida Be\u0161li\u0107a"},"content":{"rendered":"<p data-start=\"0\" data-end=\"340\">Ministar za ljudska prava i izbjeglice Bosne i Hercegovine Sevlid Hurti\u0107 oglasio se na svom Facebook profilu povodom prijedloga da se proglasi Dan \u017ealosti zbog smrti legendarnog muzi\u010dara Halida Be\u0161li\u0107a. Hurti\u0107 je objasnio da ideja nije dobila podr\u0161ku u Vije\u0107u ministara BiH, te da do progla\u0161enja Dana \u017ealosti na dr\u017eavnom nivou nije do\u0161lo.<\/p>\n<p data-start=\"342\" data-end=\"602\">\u201eMnogo sam toga u \u017eivotu pro\u0161ao, ali ne pamtim kada sam bio ovako razo\u010daran. Vidio sam da se \u010dak i \u010dasna ljudska ideja, poput one da se na dan d\u017eenaze rahmetli Halida Be\u0161li\u0107a proglasi Dan \u017ealosti u cijeloj dr\u017eavi, koristi za politizaciju\u201c, napisao je Hurti\u0107.<\/p>\n<p data-start=\"604\" data-end=\"855\">Kako navodi, prijedlog da Vije\u0107e ministara BiH donese odluku o Danu \u017ealosti nije uvr\u0161ten na dnevni red sjednice. Za to, tvrdi, odgovornost snosi predsjedavaju\u0107a Vije\u0107a ministara Borjana Kri\u0161to, jer je bila svjesna da bi svi ministri podr\u017eali odluku.<\/p>\n<p data-start=\"857\" data-end=\"1065\">\u201eKada je gospo\u0111a Kri\u0161to shvatila da bi Dan \u017ealosti bio jednoglasno podr\u017ean, jednostavno nije \u017eeljela staviti inicijativu na dnevni red, niti sazvati drugu sjednicu. Neka joj je na \u010dast!\u201c, poru\u010dio je Hurti\u0107.<\/p>\n<p data-start=\"1067\" data-end=\"1292\">Dodao je i da su neki ni\u017ei nivoi vlasti, poput Kantona Sarajevo, ishitreno donijeli odluku o progla\u0161enju Dana \u017ealosti prije nego \u0161to se o tome o\u010ditovalo Vije\u0107e ministara, \u010dime su, kako ka\u017ee, degradirali dr\u017eavne institucije.<\/p>\n<p data-start=\"1294\" data-end=\"1412\">\u201eIzvinjavam se porodici rahmetli Halida Be\u0161li\u0107a. Namjera nam je bila \u010dista i iskrena\u201c, zaklju\u010dio je Hurti\u0107 u objavi.<\/p>\n<p data-start=\"1414\" data-end=\"1526\"><strong data-start=\"1414\" data-end=\"1425\">Naslov:<\/strong> Hurti\u0107: Kri\u0161to nije \u017eeljela da Vije\u0107e ministara BiH proglasi Dan \u017ealosti zbog smrti Halida Be\u0161li\u0107a<\/p>\n","protected":false},"excerpt":{"rendered":"<p>Ministar za ljudska prava i izbjeglice Bosne i Hercegovine Sevlid Hurti\u0107 oglasio se na svom&hellip;<\/p>\n","protected":false},"author":2,"featured_media":263659,"comment_status":"closed","ping_status":"closed","sticky":false,"template":"","format":"standard","meta":{"_acf_changed":false,"footnotes":""},"categories":[291],"tags":[12866,1357],"acf":[],"yoast_head":"<!-- This site is optimized with the Yoast SEO plugin v23.5 - https:\/\/yoast.com\/wordpress\/plugins\/seo\/ -->\n<title>Hurti\u0107 tvrdi: Borjana Kri\u0161to odbila prijedlog za progla\u0161enje Dana \u017ealosti zbog smrti Halida Be\u0161li\u0107a - TuzlaInfo.ba<\/title>\n<meta name=\"robots\" content=\"index, follow, max-snippet:-1, max-image-preview:large, max-video-preview:-1\" \/>\n<link rel=\"canonical\" href=\"https:\/\/tuzlainfo.ba\/index.php\/bosna-i-hercegovina\/item\/283104-hurtic-tvrdi-borjana-kristo-odbila-prijedlog-za-proglasenje-dana-zalosti-zbog-smrti-halida-beslica\/\" \/>\n<meta property=\"og:locale\" content=\"bs_BA\" \/>\n<meta property=\"og:type\" content=\"article\" \/>\n<meta property=\"og:title\" content=\"Hurti\u0107 tvrdi: Borjana Kri\u0161to odbila prijedlog za progla\u0161enje Dana \u017ealosti zbog smrti Halida Be\u0161li\u0107a - TuzlaInfo.ba\" \/>\n<meta property=\"og:description\" content=\"Ministar za ljudska prava i izbjeglice Bosne i Hercegovine Sevlid Hurti\u0107 oglasio se na svom&hellip;\" \/>\n<meta property=\"og:url\" content=\"https:\/\/tuzlainfo.ba\/index.php\/bosna-i-hercegovina\/item\/283104-hurtic-tvrdi-borjana-kristo-odbila-prijedlog-za-proglasenje-dana-zalosti-zbog-smrti-halida-beslica\/\" \/>\n<meta property=\"og:site_name\" content=\"TuzlaInfo.ba\" \/>\n<meta property=\"article:publisher\" content=\"https:\/\/www.facebook.com\/tuzlainfo.ba\/\" \/>\n<meta property=\"article:published_time\" content=\"2025-10-10T17:06:28+00:00\" \/>\n<meta property=\"og:image\" content=\"https:\/\/tuzlainfo.ba\/wp-content\/uploads\/2025\/02\/2502_vijece_ministara.jpg\" \/>\n\t<meta property=\"og:image:width\" content=\"800\" \/>\n\t<meta property=\"og:image:height\" content=\"413\" \/>\n\t<meta property=\"og:image:type\" content=\"image\/jpeg\" \/>\n<meta name=\"author\" content=\"nedim\" \/>\n<meta name=\"twitter:card\" content=\"summary_large_image\" \/>\n<meta name=\"twitter:label1\" content=\"Written by\" \/>\n\t<meta name=\"twitter:data1\" content=\"nedim\" \/>\n\t<meta name=\"twitter:label2\" content=\"Est. reading time\" \/>\n\t<meta name=\"twitter:data2\" content=\"2 minute\" \/>\n<script type=\"application\/ld+json\" class=\"yoast-schema-graph\">{\"@context\":\"https:\/\/schema.org\",\"@graph\":[{\"@type\":\"Article\",\"@id\":\"https:\/\/tuzlainfo.ba\/index.php\/bosna-i-hercegovina\/item\/283104-hurtic-tvrdi-borjana-kristo-odbila-prijedlog-za-proglasenje-dana-zalosti-zbog-smrti-halida-beslica\/#article\",\"isPartOf\":{\"@id\":\"https:\/\/tuzlainfo.ba\/index.php\/bosna-i-hercegovina\/item\/283104-hurtic-tvrdi-borjana-kristo-odbila-prijedlog-za-proglasenje-dana-zalosti-zbog-smrti-halida-beslica\/\"},\"author\":{\"name\":\"nedim\",\"@id\":\"https:\/\/tuzlainfo.ba\/#\/schema\/person\/f434e20dc27ea133923aab08451b7f7f\"},\"headline\":\"Hurti\u0107 tvrdi: Borjana Kri\u0161to odbila prijedlog za progla\u0161enje Dana \u017ealosti zbog smrti Halida Be\u0161li\u0107a\",\"datePublished\":\"2025-10-10T17:06:28+00:00\",\"dateModified\":\"2025-10-10T17:06:28+00:00\",\"mainEntityOfPage\":{\"@id\":\"https:\/\/tuzlainfo.ba\/index.php\/bosna-i-hercegovina\/item\/283104-hurtic-tvrdi-borjana-kristo-odbila-prijedlog-za-proglasenje-dana-zalosti-zbog-smrti-halida-beslica\/\"},\"wordCount\":292,\"publisher\":{\"@id\":\"https:\/\/tuzlainfo.ba\/#organization\"},\"image\":{\"@id\":\"https:\/\/tuzlainfo.ba\/index.php\/bosna-i-hercegovina\/item\/283104-hurtic-tvrdi-borjana-kristo-odbila-prijedlog-za-proglasenje-dana-zalosti-zbog-smrti-halida-beslica\/#primaryimage\"},\"thumbnailUrl\":\"https:\/\/tuzlainfo.ba\/wp-content\/uploads\/2025\/02\/2502_vijece_ministara.jpg\",\"keywords\":[\"halib be\u0161li\u0107\",\"vije\u0107e ministara\"],\"articleSection\":[\"Bosna i Hercegovina\"],\"inLanguage\":\"bs-BA\"},{\"@type\":\"WebPage\",\"@id\":\"https:\/\/tuzlainfo.ba\/index.php\/bosna-i-hercegovina\/item\/283104-hurtic-tvrdi-borjana-kristo-odbila-prijedlog-za-proglasenje-dana-zalosti-zbog-smrti-halida-beslica\/\",\"url\":\"https:\/\/tuzlainfo.ba\/index.php\/bosna-i-hercegovina\/item\/283104-hurtic-tvrdi-borjana-kristo-odbila-prijedlog-za-proglasenje-dana-zalosti-zbog-smrti-halida-beslica\/\",\"name\":\"Hurti\u0107 tvrdi: Borjana Kri\u0161to odbila prijedlog za progla\u0161enje Dana \u017ealosti zbog smrti Halida Be\u0161li\u0107a - TuzlaInfo.ba\",\"isPartOf\":{\"@id\":\"https:\/\/tuzlainfo.ba\/#website\"},\"primaryImageOfPage\":{\"@id\":\"https:\/\/tuzlainfo.ba\/index.php\/bosna-i-hercegovina\/item\/283104-hurtic-tvrdi-borjana-kristo-odbila-prijedlog-za-proglasenje-dana-zalosti-zbog-smrti-halida-beslica\/#primaryimage\"},\"image\":{\"@id\":\"https:\/\/tuzlainfo.ba\/index.php\/bosna-i-hercegovina\/item\/283104-hurtic-tvrdi-borjana-kristo-odbila-prijedlog-za-proglasenje-dana-zalosti-zbog-smrti-halida-beslica\/#primaryimage\"},\"thumbnailUrl\":\"https:\/\/tuzlainfo.ba\/wp-content\/uploads\/2025\/02\/2502_vijece_ministara.jpg\",\"datePublished\":\"2025-10-10T17:06:28+00:00\",\"dateModified\":\"2025-10-10T17:06:28+00:00\",\"breadcrumb\":{\"@id\":\"https:\/\/tuzlainfo.ba\/index.php\/bosna-i-hercegovina\/item\/283104-hurtic-tvrdi-borjana-kristo-odbila-prijedlog-za-proglasenje-dana-zalosti-zbog-smrti-halida-beslica\/#breadcrumb\"},\"inLanguage\":\"bs-BA\",\"potentialAction\":[{\"@type\":\"ReadAction\",\"target\":[\"https:\/\/tuzlainfo.ba\/index.php\/bosna-i-hercegovina\/item\/283104-hurtic-tvrdi-borjana-kristo-odbila-prijedlog-za-proglasenje-dana-zalosti-zbog-smrti-halida-beslica\/\"]}]},{\"@type\":\"ImageObject\",\"inLanguage\":\"bs-BA\",\"@id\":\"https:\/\/tuzlainfo.ba\/index.php\/bosna-i-hercegovina\/item\/283104-hurtic-tvrdi-borjana-kristo-odbila-prijedlog-za-proglasenje-dana-zalosti-zbog-smrti-halida-beslica\/#primaryimage\",\"url\":\"https:\/\/tuzlainfo.ba\/wp-content\/uploads\/2025\/02\/2502_vijece_ministara.jpg\",\"contentUrl\":\"https:\/\/tuzlainfo.ba\/wp-content\/uploads\/2025\/02\/2502_vijece_ministara.jpg\",\"width\":800,\"height\":413},{\"@type\":\"BreadcrumbList\",\"@id\":\"https:\/\/tuzlainfo.ba\/index.php\/bosna-i-hercegovina\/item\/283104-hurtic-tvrdi-borjana-kristo-odbila-prijedlog-za-proglasenje-dana-zalosti-zbog-smrti-halida-beslica\/#breadcrumb\",\"itemListElement\":[{\"@type\":\"ListItem\",\"position\":1,\"name\":\"Home\",\"item\":\"https:\/\/tuzlainfo.ba\/\"},{\"@type\":\"ListItem\",\"position\":2,\"name\":\"Hurti\u0107 tvrdi: Borjana Kri\u0161to odbila prijedlog za progla\u0161enje Dana \u017ealosti zbog smrti Halida Be\u0161li\u0107a\"}]},{\"@type\":\"WebSite\",\"@id\":\"https:\/\/tuzlainfo.ba\/#website\",\"url\":\"https:\/\/tuzlainfo.ba\/\",\"name\":\"TuzlaInfo.ba\",\"description\":\"Tuzla info, gradski informator - Tuzla na dlanu\",\"publisher\":{\"@id\":\"https:\/\/tuzlainfo.ba\/#organization\"},\"potentialAction\":[{\"@type\":\"SearchAction\",\"target\":{\"@type\":\"EntryPoint\",\"urlTemplate\":\"https:\/\/tuzlainfo.ba\/?s={search_term_string}\"},\"query-input\":{\"@type\":\"PropertyValueSpecification\",\"valueRequired\":true,\"valueName\":\"search_term_string\"}}],\"inLanguage\":\"bs-BA\"},{\"@type\":\"Organization\",\"@id\":\"https:\/\/tuzlainfo.ba\/#organization\",\"name\":\"TuzlaInfo.ba\",\"url\":\"https:\/\/tuzlainfo.ba\/\",\"logo\":{\"@type\":\"ImageObject\",\"inLanguage\":\"bs-BA\",\"@id\":\"https:\/\/tuzlainfo.ba\/#\/schema\/logo\/image\/\",\"url\":\"https:\/\/tuzlainfo.ba\/wp-content\/uploads\/2021\/03\/logo-ver-3-1.png\",\"contentUrl\":\"https:\/\/tuzlainfo.ba\/wp-content\/uploads\/2021\/03\/logo-ver-3-1.png\",\"width\":350,\"height\":95,\"caption\":\"TuzlaInfo.ba\"},\"image\":{\"@id\":\"https:\/\/tuzlainfo.ba\/#\/schema\/logo\/image\/\"},\"sameAs\":[\"https:\/\/www.facebook.com\/tuzlainfo.ba\/\"]},{\"@type\":\"Person\",\"@id\":\"https:\/\/tuzlainfo.ba\/#\/schema\/person\/f434e20dc27ea133923aab08451b7f7f\",\"name\":\"nedim\",\"image\":{\"@type\":\"ImageObject\",\"inLanguage\":\"bs-BA\",\"@id\":\"https:\/\/tuzlainfo.ba\/#\/schema\/person\/image\/\",\"url\":\"https:\/\/tuzlainfo.ba\/wp-content\/litespeed\/avatar\/aabad687af24844af817603ac1cbdc4f.jpg?ver=1777306975\",\"contentUrl\":\"https:\/\/tuzlainfo.ba\/wp-content\/litespeed\/avatar\/aabad687af24844af817603ac1cbdc4f.jpg?ver=1777306975\",\"caption\":\"nedim\"},\"description\":\"Tuzlainfo.ba pratite na dru\u0161tvenim mre\u017eama: Facebook, Instagram i Youtube. Svoje pri\u010de, upite i fotografije \u0161aljite na na\u0161u e-mail adresu.\"}]}<\/script>\n<!-- \/ Yoast SEO plugin. -->","yoast_head_json":{"title":"Hurti\u0107 tvrdi: Borjana Kri\u0161to odbila prijedlog za progla\u0161enje Dana \u017ealosti zbog smrti Halida Be\u0161li\u0107a - TuzlaInfo.ba","robots":{"index":"index","follow":"follow","max-snippet":"max-snippet:-1","max-image-preview":"max-image-preview:large","max-video-preview":"max-video-preview:-1"},"canonical":"https:\/\/tuzlainfo.ba\/index.php\/bosna-i-hercegovina\/item\/283104-hurtic-tvrdi-borjana-kristo-odbila-prijedlog-za-proglasenje-dana-zalosti-zbog-smrti-halida-beslica\/","og_locale":"bs_BA","og_type":"article","og_title":"Hurti\u0107 tvrdi: Borjana Kri\u0161to odbila prijedlog za progla\u0161enje Dana \u017ealosti zbog smrti Halida Be\u0161li\u0107a - TuzlaInfo.ba","og_description":"Ministar za ljudska prava i izbjeglice Bosne i Hercegovine Sevlid Hurti\u0107 oglasio se na svom&hellip;","og_url":"https:\/\/tuzlainfo.ba\/index.php\/bosna-i-hercegovina\/item\/283104-hurtic-tvrdi-borjana-kristo-odbila-prijedlog-za-proglasenje-dana-zalosti-zbog-smrti-halida-beslica\/","og_site_name":"TuzlaInfo.ba","article_publisher":"https:\/\/www.facebook.com\/tuzlainfo.ba\/","article_published_time":"2025-10-10T17:06:28+00:00","og_image":[{"width":800,"height":413,"url":"https:\/\/tuzlainfo.ba\/wp-content\/uploads\/2025\/02\/2502_vijece_ministara.jpg","type":"image\/jpeg"}],"author":"nedim","twitter_card":"summary_large_image","twitter_misc":{"Written by":"nedim","Est. reading time":"2 minute"},"schema":{"@context":"https:\/\/schema.org","@graph":[{"@type":"Article","@id":"https:\/\/tuzlainfo.ba\/index.php\/bosna-i-hercegovina\/item\/283104-hurtic-tvrdi-borjana-kristo-odbila-prijedlog-za-proglasenje-dana-zalosti-zbog-smrti-halida-beslica\/#article","isPartOf":{"@id":"https:\/\/tuzlainfo.ba\/index.php\/bosna-i-hercegovina\/item\/283104-hurtic-tvrdi-borjana-kristo-odbila-prijedlog-za-proglasenje-dana-zalosti-zbog-smrti-halida-beslica\/"},"author":{"name":"nedim","@id":"https:\/\/tuzlainfo.ba\/#\/schema\/person\/f434e20dc27ea133923aab08451b7f7f"},"headline":"Hurti\u0107 tvrdi: Borjana Kri\u0161to odbila prijedlog za progla\u0161enje Dana \u017ealosti zbog smrti Halida Be\u0161li\u0107a","datePublished":"2025-10-10T17:06:28+00:00","dateModified":"2025-10-10T17:06:28+00:00","mainEntityOfPage":{"@id":"https:\/\/tuzlainfo.ba\/index.php\/bosna-i-hercegovina\/item\/283104-hurtic-tvrdi-borjana-kristo-odbila-prijedlog-za-proglasenje-dana-zalosti-zbog-smrti-halida-beslica\/"},"wordCount":292,"publisher":{"@id":"https:\/\/tuzlainfo.ba\/#organization"},"image":{"@id":"https:\/\/tuzlainfo.ba\/index.php\/bosna-i-hercegovina\/item\/283104-hurtic-tvrdi-borjana-kristo-odbila-prijedlog-za-proglasenje-dana-zalosti-zbog-smrti-halida-beslica\/#primaryimage"},"thumbnailUrl":"https:\/\/tuzlainfo.ba\/wp-content\/uploads\/2025\/02\/2502_vijece_ministara.jpg","keywords":["halib be\u0161li\u0107","vije\u0107e ministara"],"articleSection":["Bosna i Hercegovina"],"inLanguage":"bs-BA"},{"@type":"WebPage","@id":"https:\/\/tuzlainfo.ba\/index.php\/bosna-i-hercegovina\/item\/283104-hurtic-tvrdi-borjana-kristo-odbila-prijedlog-za-proglasenje-dana-zalosti-zbog-smrti-halida-beslica\/","url":"https:\/\/tuzlainfo.ba\/index.php\/bosna-i-hercegovina\/item\/283104-hurtic-tvrdi-borjana-kristo-odbila-prijedlog-za-proglasenje-dana-zalosti-zbog-smrti-halida-beslica\/","name":"Hurti\u0107 tvrdi: Borjana Kri\u0161to odbila prijedlog za progla\u0161enje Dana \u017ealosti zbog smrti Halida Be\u0161li\u0107a - TuzlaInfo.ba","isPartOf":{"@id":"https:\/\/tuzlainfo.ba\/#website"},"primaryImageOfPage":{"@id":"https:\/\/tuzlainfo.ba\/index.php\/bosna-i-hercegovina\/item\/283104-hurtic-tvrdi-borjana-kristo-odbila-prijedlog-za-proglasenje-dana-zalosti-zbog-smrti-halida-beslica\/#primaryimage"},"image":{"@id":"https:\/\/tuzlainfo.ba\/index.php\/bosna-i-hercegovina\/item\/283104-hurtic-tvrdi-borjana-kristo-odbila-prijedlog-za-proglasenje-dana-zalosti-zbog-smrti-halida-beslica\/#primaryimage"},"thumbnailUrl":"https:\/\/tuzlainfo.ba\/wp-content\/uploads\/2025\/02\/2502_vijece_ministara.jpg","datePublished":"2025-10-10T17:06:28+00:00","dateModified":"2025-10-10T17:06:28+00:00","breadcrumb":{"@id":"https:\/\/tuzlainfo.ba\/index.php\/bosna-i-hercegovina\/item\/283104-hurtic-tvrdi-borjana-kristo-odbila-prijedlog-za-proglasenje-dana-zalosti-zbog-smrti-halida-beslica\/#breadcrumb"},"inLanguage":"bs-BA","potentialAction":[{"@type":"ReadAction","target":["https:\/\/tuzlainfo.ba\/index.php\/bosna-i-hercegovina\/item\/283104-hurtic-tvrdi-borjana-kristo-odbila-prijedlog-za-proglasenje-dana-zalosti-zbog-smrti-halida-beslica\/"]}]},{"@type":"ImageObject","inLanguage":"bs-BA","@id":"https:\/\/tuzlainfo.ba\/index.php\/bosna-i-hercegovina\/item\/283104-hurtic-tvrdi-borjana-kristo-odbila-prijedlog-za-proglasenje-dana-zalosti-zbog-smrti-halida-beslica\/#primaryimage","url":"https:\/\/tuzlainfo.ba\/wp-content\/uploads\/2025\/02\/2502_vijece_ministara.jpg","contentUrl":"https:\/\/tuzlainfo.ba\/wp-content\/uploads\/2025\/02\/2502_vijece_ministara.jpg","width":800,"height":413},{"@type":"BreadcrumbList","@id":"https:\/\/tuzlainfo.ba\/index.php\/bosna-i-hercegovina\/item\/283104-hurtic-tvrdi-borjana-kristo-odbila-prijedlog-za-proglasenje-dana-zalosti-zbog-smrti-halida-beslica\/#breadcrumb","itemListElement":[{"@type":"ListItem","position":1,"name":"Home","item":"https:\/\/tuzlainfo.ba\/"},{"@type":"ListItem","position":2,"name":"Hurti\u0107 tvrdi: Borjana Kri\u0161to odbila prijedlog za progla\u0161enje Dana \u017ealosti zbog smrti Halida Be\u0161li\u0107a"}]},{"@type":"WebSite","@id":"https:\/\/tuzlainfo.ba\/#website","url":"https:\/\/tuzlainfo.ba\/","name":"TuzlaInfo.ba","description":"Tuzla info, gradski informator - Tuzla na dlanu","publisher":{"@id":"https:\/\/tuzlainfo.ba\/#organization"},"potentialAction":[{"@type":"SearchAction","target":{"@type":"EntryPoint","urlTemplate":"https:\/\/tuzlainfo.ba\/?s={search_term_string}"},"query-input":{"@type":"PropertyValueSpecification","valueRequired":true,"valueName":"search_term_string"}}],"inLanguage":"bs-BA"},{"@type":"Organization","@id":"https:\/\/tuzlainfo.ba\/#organization","name":"TuzlaInfo.ba","url":"https:\/\/tuzlainfo.ba\/","logo":{"@type":"ImageObject","inLanguage":"bs-BA","@id":"https:\/\/tuzlainfo.ba\/#\/schema\/logo\/image\/","url":"https:\/\/tuzlainfo.ba\/wp-content\/uploads\/2021\/03\/logo-ver-3-1.png","contentUrl":"https:\/\/tuzlainfo.ba\/wp-content\/uploads\/2021\/03\/logo-ver-3-1.png","width":350,"height":95,"caption":"TuzlaInfo.ba"},"image":{"@id":"https:\/\/tuzlainfo.ba\/#\/schema\/logo\/image\/"},"sameAs":["https:\/\/www.facebook.com\/tuzlainfo.ba\/"]},{"@type":"Person","@id":"https:\/\/tuzlainfo.ba\/#\/schema\/person\/f434e20dc27ea133923aab08451b7f7f","name":"nedim","image":{"@type":"ImageObject","inLanguage":"bs-BA","@id":"https:\/\/tuzlainfo.ba\/#\/schema\/person\/image\/","url":"https:\/\/tuzlainfo.ba\/wp-content\/litespeed\/avatar\/aabad687af24844af817603ac1cbdc4f.jpg?ver=1777306975","contentUrl":"https:\/\/tuzlainfo.ba\/wp-content\/litespeed\/avatar\/aabad687af24844af817603ac1cbdc4f.jpg?ver=1777306975","caption":"nedim"},"description":"Tuzlainfo.ba pratite na dru\u0161tvenim mre\u017eama: Facebook, Instagram i Youtube. Svoje pri\u010de, upite i fotografije \u0161aljite na na\u0161u e-mail adresu."}]}},"_links":{"self":[{"href":"https:\/\/tuzlainfo.ba\/index.php\/wp-json\/wp\/v2\/posts\/283104"}],"collection":[{"href":"https:\/\/tuzlainfo.ba\/index.php\/wp-json\/wp\/v2\/posts"}],"about":[{"href":"https:\/\/tuzlainfo.ba\/index.php\/wp-json\/wp\/v2\/types\/post"}],"author":[{"embeddable":true,"href":"https:\/\/tuzlainfo.ba\/index.php\/wp-json\/wp\/v2\/users\/2"}],"replies":[{"embeddable":true,"href":"https:\/\/tuzlainfo.ba\/index.php\/wp-json\/wp\/v2\/comments?post=283104"}],"version-history":[{"count":1,"href":"https:\/\/tuzlainfo.ba\/index.php\/wp-json\/wp\/v2\/posts\/283104\/revisions"}],"predecessor-version":[{"id":283105,"href":"https:\/\/tuzlainfo.ba\/index.php\/wp-json\/wp\/v2\/posts\/283104\/revisions\/283105"}],"wp:featuredmedia":[{"embeddable":true,"href":"https:\/\/tuzlainfo.ba\/index.php\/wp-json\/wp\/v2\/media\/263659"}],"wp:attachment":[{"href":"https:\/\/tuzlainfo.ba\/index.php\/wp-json\/wp\/v2\/media?parent=283104"}],"wp:term":[{"taxonomy":"category","embeddable":true,"href":"https:\/\/tuzlainfo.ba\/index.php\/wp-json\/wp\/v2\/categories?post=283104"},{"taxonomy":"post_tag","embeddable":true,"href":"https:\/\/tuzlainfo.ba\/index.php\/wp-json\/wp\/v2\/tags?post=283104"}],"curies":[{"name":"wp","href":"https:\/\/api.w.org\/{rel}","templated":true}]}}