{"id":282790,"date":"2025-10-08T08:29:27","date_gmt":"2025-10-08T06:29:27","guid":{"rendered":"https:\/\/tuzlainfo.ba\/?p=282790"},"modified":"2025-10-08T08:29:27","modified_gmt":"2025-10-08T06:29:27","slug":"tuzilastvo-tk-dokazalo-ubistvo-i-bez-tijela-zrtve-caticu-20-godina-zatvora","status":"publish","type":"post","link":"https:\/\/tuzlainfo.ba\/index.php\/novosti\/item\/282790-tuzilastvo-tk-dokazalo-ubistvo-i-bez-tijela-zrtve-caticu-20-godina-zatvora\/","title":{"rendered":"Tu\u017eila\u0161tvo TK dokazalo ubistvo i bez tijela \u017ertve: \u0106ati\u0107u 20 godina zatvora"},"content":{"rendered":"<p><span lang=\"BS-LATN-BA\">Vrhovni sud FBiH potvrdio je prvostepenu presudu Kantonalnog suda Tuzla, donesenu\u00a0\u00a0po optu\u017enici Kantonalnog tu\u017eila\u0161tva Tuzlanskog,\u00a0\u00a0za\u00a0\u00a0Samela \u0106ati\u0107a (40) iz Lukavca, koji je\u00a0\u00a0krajem\u00a0\u00a0jula 2023. godine u mjestu Tumare na podru\u010dju Lukavca po\u010dinio ubistvo devedesetogodi\u0161nje J. \u0110.\u00a0\u00a0\u0106ati\u0107u je pravosna\u017enom presudom izre\u010dena maksimalna kazna zatvora u trajanju od 20 godina za krivi\u010dno djelo ubistvo iz \u010dlana 166. stav 1 KZ FBiH.<\/span><\/p>\n<p><span lang=\"BS-LATN-BA\">Iako tijelo \u017ertve nikada nije prona\u0111eno, tim tu\u017eilaca i istra\u017eitelja,<b>\u00a0<\/b>pod rukovodstvom tu\u017eiteljice Danice Arapovi\u0107 Kova\u010devi\u0107<b>,<\/b>\u00a0je pokazao izuzetnu profesionalnost i predanost u istrazi i pri podizanju optu\u017enice. <\/span><\/p>\n<p><span lang=\"BS-LATN-BA\">Pred sudom je predstavljen \u010dvrst i me\u0111usobno povezan lanac dokaza \u2013 od materijalnih i forenzi\u010dkih nalaza do svjedo\u010denja i drugih materijalnih dokaza \u2013 koji je nedvosmisleno potvrdio da je ubistvo po\u010dinjeno i da je za njega odgovoran optu\u017eeni. Ova presuda predstavlja i va\u017ean pravni presedan, jer potvr\u0111uje da osu\u0111uju\u0107a odluka mo\u017ee biti donesena i bez pronalaska tijela \u017ertve, ukoliko dokazi otklanjaju svaku razumnu sumnju<\/span>.<\/p>\n<p><span lang=\"BS-LATN-BA\">\u00a0Podsje\u0107amo, optu\u017enicom se \u0106ati\u0107u na teret stavljalo da je tokom no\u0107i 30. do jutra 31. jula 2023. godine do\u0161ao do ku\u0107e ove starice, koja se nalazi na osamljenom mjestu u Tumarama, u\u0161ao u ku\u0107u i\u00a0\u00a0\u017eeni\u00a0\u00a0zadao vi\u0161e udaraca, \u0161to je dovelo do krvarenja i\u00a0\u00a0njene smrti, a kako bi prikrio tragove, njeno tijelo je zamotao u prekriva\u0107 i du\u0161ek i sakrio na nepoznatu lokaciju, a tijelo \u017ertve do danas nije prona\u0111eno.<\/span><\/p>\n<p><span lang=\"BS-LATN-BA\">Tu\u017eila\u0161tvo je istragu u ovom predmetu obavilo u saradnji sa\u00a0\u00a0Sektorom kriminalisti\u010dke policije MUP-a TK, a u istrazi su sudjelovali i istra\u017eitelji Centra za forenzi\u010dka ispitivanja, vje\u0161ta\u010denja i istra\u017eivanja\u00a0\u00a0Federalne uprave policije, te je u odre\u0111ena vje\u0161ta\u010denja uklju\u010dena i Agencija\u00a0\u00a0za forenzi\u010dka ispitivanja i vje\u0161ta\u010denja Ministarstva sigurnosti\u00a0\u00a0BiH, saop\u0161teno je iz Kantonalnog tu\u017eila\u0161tva TK.<\/span><\/p>\n","protected":false},"excerpt":{"rendered":"<p>Vrhovni sud FBiH potvrdio je prvostepenu presudu Kantonalnog suda Tuzla, donesenu\u00a0\u00a0po optu\u017enici Kantonalnog tu\u017eila\u0161tva Tuzlanskog,\u00a0\u00a0za\u00a0\u00a0Samela&hellip;<\/p>\n","protected":false},"author":2,"featured_media":218125,"comment_status":"closed","ping_status":"closed","sticky":false,"template":"","format":"standard","meta":{"_acf_changed":false,"footnotes":""},"categories":[304,12],"tags":[417,5854],"acf":[],"yoast_head":"<!-- This site is optimized with the Yoast SEO plugin v23.5 - https:\/\/yoast.com\/wordpress\/plugins\/seo\/ -->\n<title>Tu\u017eila\u0161tvo TK dokazalo ubistvo i bez tijela \u017ertve: \u0106ati\u0107u 20 godina zatvora - TuzlaInfo.ba<\/title>\n<meta name=\"robots\" content=\"index, follow, max-snippet:-1, max-image-preview:large, max-video-preview:-1\" \/>\n<link rel=\"canonical\" href=\"https:\/\/tuzlainfo.ba\/index.php\/novosti\/item\/282790-tuzilastvo-tk-dokazalo-ubistvo-i-bez-tijela-zrtve-caticu-20-godina-zatvora\/\" \/>\n<meta property=\"og:locale\" content=\"bs_BA\" \/>\n<meta property=\"og:type\" content=\"article\" \/>\n<meta property=\"og:title\" content=\"Tu\u017eila\u0161tvo TK dokazalo ubistvo i bez tijela \u017ertve: \u0106ati\u0107u 20 godina zatvora - TuzlaInfo.ba\" \/>\n<meta property=\"og:description\" content=\"Vrhovni sud FBiH potvrdio je prvostepenu presudu Kantonalnog suda Tuzla, donesenu\u00a0\u00a0po optu\u017enici Kantonalnog tu\u017eila\u0161tva Tuzlanskog,\u00a0\u00a0za\u00a0\u00a0Samela&hellip;\" \/>\n<meta property=\"og:url\" content=\"https:\/\/tuzlainfo.ba\/index.php\/novosti\/item\/282790-tuzilastvo-tk-dokazalo-ubistvo-i-bez-tijela-zrtve-caticu-20-godina-zatvora\/\" \/>\n<meta property=\"og:site_name\" content=\"TuzlaInfo.ba\" \/>\n<meta property=\"article:publisher\" content=\"https:\/\/www.facebook.com\/tuzlainfo.ba\/\" \/>\n<meta property=\"article:published_time\" content=\"2025-10-08T06:29:27+00:00\" \/>\n<meta property=\"og:image\" content=\"https:\/\/tuzlainfo.ba\/wp-content\/uploads\/2023\/09\/stop_policija_-2.jpg\" \/>\n\t<meta property=\"og:image:width\" content=\"1000\" \/>\n\t<meta property=\"og:image:height\" content=\"650\" \/>\n\t<meta property=\"og:image:type\" content=\"image\/jpeg\" \/>\n<meta name=\"author\" content=\"nedim\" \/>\n<meta name=\"twitter:card\" content=\"summary_large_image\" \/>\n<meta name=\"twitter:label1\" content=\"Written by\" \/>\n\t<meta name=\"twitter:data1\" content=\"nedim\" \/>\n\t<meta name=\"twitter:label2\" content=\"Est. reading time\" \/>\n\t<meta name=\"twitter:data2\" content=\"2 minute\" \/>\n<script type=\"application\/ld+json\" class=\"yoast-schema-graph\">{\"@context\":\"https:\/\/schema.org\",\"@graph\":[{\"@type\":\"Article\",\"@id\":\"https:\/\/tuzlainfo.ba\/index.php\/novosti\/item\/282790-tuzilastvo-tk-dokazalo-ubistvo-i-bez-tijela-zrtve-caticu-20-godina-zatvora\/#article\",\"isPartOf\":{\"@id\":\"https:\/\/tuzlainfo.ba\/index.php\/novosti\/item\/282790-tuzilastvo-tk-dokazalo-ubistvo-i-bez-tijela-zrtve-caticu-20-godina-zatvora\/\"},\"author\":{\"name\":\"nedim\",\"@id\":\"https:\/\/tuzlainfo.ba\/#\/schema\/person\/f434e20dc27ea133923aab08451b7f7f\"},\"headline\":\"Tu\u017eila\u0161tvo TK dokazalo ubistvo i bez tijela \u017ertve: \u0106ati\u0107u 20 godina zatvora\",\"datePublished\":\"2025-10-08T06:29:27+00:00\",\"dateModified\":\"2025-10-08T06:29:27+00:00\",\"mainEntityOfPage\":{\"@id\":\"https:\/\/tuzlainfo.ba\/index.php\/novosti\/item\/282790-tuzilastvo-tk-dokazalo-ubistvo-i-bez-tijela-zrtve-caticu-20-godina-zatvora\/\"},\"wordCount\":340,\"publisher\":{\"@id\":\"https:\/\/tuzlainfo.ba\/#organization\"},\"image\":{\"@id\":\"https:\/\/tuzlainfo.ba\/index.php\/novosti\/item\/282790-tuzilastvo-tk-dokazalo-ubistvo-i-bez-tijela-zrtve-caticu-20-godina-zatvora\/#primaryimage\"},\"thumbnailUrl\":\"https:\/\/tuzlainfo.ba\/wp-content\/uploads\/2023\/09\/stop_policija_-2.jpg\",\"keywords\":[\"crna hronika\",\"kantonalno tu\u017eila\u0161tvo tk\"],\"articleSection\":[\"Istaknuto\",\"Novosti\"],\"inLanguage\":\"bs-BA\"},{\"@type\":\"WebPage\",\"@id\":\"https:\/\/tuzlainfo.ba\/index.php\/novosti\/item\/282790-tuzilastvo-tk-dokazalo-ubistvo-i-bez-tijela-zrtve-caticu-20-godina-zatvora\/\",\"url\":\"https:\/\/tuzlainfo.ba\/index.php\/novosti\/item\/282790-tuzilastvo-tk-dokazalo-ubistvo-i-bez-tijela-zrtve-caticu-20-godina-zatvora\/\",\"name\":\"Tu\u017eila\u0161tvo TK dokazalo ubistvo i bez tijela \u017ertve: \u0106ati\u0107u 20 godina zatvora - TuzlaInfo.ba\",\"isPartOf\":{\"@id\":\"https:\/\/tuzlainfo.ba\/#website\"},\"primaryImageOfPage\":{\"@id\":\"https:\/\/tuzlainfo.ba\/index.php\/novosti\/item\/282790-tuzilastvo-tk-dokazalo-ubistvo-i-bez-tijela-zrtve-caticu-20-godina-zatvora\/#primaryimage\"},\"image\":{\"@id\":\"https:\/\/tuzlainfo.ba\/index.php\/novosti\/item\/282790-tuzilastvo-tk-dokazalo-ubistvo-i-bez-tijela-zrtve-caticu-20-godina-zatvora\/#primaryimage\"},\"thumbnailUrl\":\"https:\/\/tuzlainfo.ba\/wp-content\/uploads\/2023\/09\/stop_policija_-2.jpg\",\"datePublished\":\"2025-10-08T06:29:27+00:00\",\"dateModified\":\"2025-10-08T06:29:27+00:00\",\"breadcrumb\":{\"@id\":\"https:\/\/tuzlainfo.ba\/index.php\/novosti\/item\/282790-tuzilastvo-tk-dokazalo-ubistvo-i-bez-tijela-zrtve-caticu-20-godina-zatvora\/#breadcrumb\"},\"inLanguage\":\"bs-BA\",\"potentialAction\":[{\"@type\":\"ReadAction\",\"target\":[\"https:\/\/tuzlainfo.ba\/index.php\/novosti\/item\/282790-tuzilastvo-tk-dokazalo-ubistvo-i-bez-tijela-zrtve-caticu-20-godina-zatvora\/\"]}]},{\"@type\":\"ImageObject\",\"inLanguage\":\"bs-BA\",\"@id\":\"https:\/\/tuzlainfo.ba\/index.php\/novosti\/item\/282790-tuzilastvo-tk-dokazalo-ubistvo-i-bez-tijela-zrtve-caticu-20-godina-zatvora\/#primaryimage\",\"url\":\"https:\/\/tuzlainfo.ba\/wp-content\/uploads\/2023\/09\/stop_policija_-2.jpg\",\"contentUrl\":\"https:\/\/tuzlainfo.ba\/wp-content\/uploads\/2023\/09\/stop_policija_-2.jpg\",\"width\":1000,\"height\":650,\"caption\":\"Foto: Ilustracija \/ Arhiv Tuzlainfo.ba\"},{\"@type\":\"BreadcrumbList\",\"@id\":\"https:\/\/tuzlainfo.ba\/index.php\/novosti\/item\/282790-tuzilastvo-tk-dokazalo-ubistvo-i-bez-tijela-zrtve-caticu-20-godina-zatvora\/#breadcrumb\",\"itemListElement\":[{\"@type\":\"ListItem\",\"position\":1,\"name\":\"Home\",\"item\":\"https:\/\/tuzlainfo.ba\/\"},{\"@type\":\"ListItem\",\"position\":2,\"name\":\"Tu\u017eila\u0161tvo TK dokazalo ubistvo i bez tijela \u017ertve: \u0106ati\u0107u 20 godina zatvora\"}]},{\"@type\":\"WebSite\",\"@id\":\"https:\/\/tuzlainfo.ba\/#website\",\"url\":\"https:\/\/tuzlainfo.ba\/\",\"name\":\"TuzlaInfo.ba\",\"description\":\"Tuzla info, gradski informator - Tuzla na dlanu\",\"publisher\":{\"@id\":\"https:\/\/tuzlainfo.ba\/#organization\"},\"potentialAction\":[{\"@type\":\"SearchAction\",\"target\":{\"@type\":\"EntryPoint\",\"urlTemplate\":\"https:\/\/tuzlainfo.ba\/?s={search_term_string}\"},\"query-input\":{\"@type\":\"PropertyValueSpecification\",\"valueRequired\":true,\"valueName\":\"search_term_string\"}}],\"inLanguage\":\"bs-BA\"},{\"@type\":\"Organization\",\"@id\":\"https:\/\/tuzlainfo.ba\/#organization\",\"name\":\"TuzlaInfo.ba\",\"url\":\"https:\/\/tuzlainfo.ba\/\",\"logo\":{\"@type\":\"ImageObject\",\"inLanguage\":\"bs-BA\",\"@id\":\"https:\/\/tuzlainfo.ba\/#\/schema\/logo\/image\/\",\"url\":\"https:\/\/tuzlainfo.ba\/wp-content\/uploads\/2021\/03\/logo-ver-3-1.png\",\"contentUrl\":\"https:\/\/tuzlainfo.ba\/wp-content\/uploads\/2021\/03\/logo-ver-3-1.png\",\"width\":350,\"height\":95,\"caption\":\"TuzlaInfo.ba\"},\"image\":{\"@id\":\"https:\/\/tuzlainfo.ba\/#\/schema\/logo\/image\/\"},\"sameAs\":[\"https:\/\/www.facebook.com\/tuzlainfo.ba\/\"]},{\"@type\":\"Person\",\"@id\":\"https:\/\/tuzlainfo.ba\/#\/schema\/person\/f434e20dc27ea133923aab08451b7f7f\",\"name\":\"nedim\",\"image\":{\"@type\":\"ImageObject\",\"inLanguage\":\"bs-BA\",\"@id\":\"https:\/\/tuzlainfo.ba\/#\/schema\/person\/image\/\",\"url\":\"https:\/\/tuzlainfo.ba\/wp-content\/litespeed\/avatar\/aabad687af24844af817603ac1cbdc4f.jpg?ver=1777306975\",\"contentUrl\":\"https:\/\/tuzlainfo.ba\/wp-content\/litespeed\/avatar\/aabad687af24844af817603ac1cbdc4f.jpg?ver=1777306975\",\"caption\":\"nedim\"},\"description\":\"Tuzlainfo.ba pratite na dru\u0161tvenim mre\u017eama: Facebook, Instagram i Youtube. Svoje pri\u010de, upite i fotografije \u0161aljite na na\u0161u e-mail adresu.\"}]}<\/script>\n<!-- \/ Yoast SEO plugin. -->","yoast_head_json":{"title":"Tu\u017eila\u0161tvo TK dokazalo ubistvo i bez tijela \u017ertve: \u0106ati\u0107u 20 godina zatvora - TuzlaInfo.ba","robots":{"index":"index","follow":"follow","max-snippet":"max-snippet:-1","max-image-preview":"max-image-preview:large","max-video-preview":"max-video-preview:-1"},"canonical":"https:\/\/tuzlainfo.ba\/index.php\/novosti\/item\/282790-tuzilastvo-tk-dokazalo-ubistvo-i-bez-tijela-zrtve-caticu-20-godina-zatvora\/","og_locale":"bs_BA","og_type":"article","og_title":"Tu\u017eila\u0161tvo TK dokazalo ubistvo i bez tijela \u017ertve: \u0106ati\u0107u 20 godina zatvora - TuzlaInfo.ba","og_description":"Vrhovni sud FBiH potvrdio je prvostepenu presudu Kantonalnog suda Tuzla, donesenu\u00a0\u00a0po optu\u017enici Kantonalnog tu\u017eila\u0161tva Tuzlanskog,\u00a0\u00a0za\u00a0\u00a0Samela&hellip;","og_url":"https:\/\/tuzlainfo.ba\/index.php\/novosti\/item\/282790-tuzilastvo-tk-dokazalo-ubistvo-i-bez-tijela-zrtve-caticu-20-godina-zatvora\/","og_site_name":"TuzlaInfo.ba","article_publisher":"https:\/\/www.facebook.com\/tuzlainfo.ba\/","article_published_time":"2025-10-08T06:29:27+00:00","og_image":[{"width":1000,"height":650,"url":"https:\/\/tuzlainfo.ba\/wp-content\/uploads\/2023\/09\/stop_policija_-2.jpg","type":"image\/jpeg"}],"author":"nedim","twitter_card":"summary_large_image","twitter_misc":{"Written by":"nedim","Est. reading time":"2 minute"},"schema":{"@context":"https:\/\/schema.org","@graph":[{"@type":"Article","@id":"https:\/\/tuzlainfo.ba\/index.php\/novosti\/item\/282790-tuzilastvo-tk-dokazalo-ubistvo-i-bez-tijela-zrtve-caticu-20-godina-zatvora\/#article","isPartOf":{"@id":"https:\/\/tuzlainfo.ba\/index.php\/novosti\/item\/282790-tuzilastvo-tk-dokazalo-ubistvo-i-bez-tijela-zrtve-caticu-20-godina-zatvora\/"},"author":{"name":"nedim","@id":"https:\/\/tuzlainfo.ba\/#\/schema\/person\/f434e20dc27ea133923aab08451b7f7f"},"headline":"Tu\u017eila\u0161tvo TK dokazalo ubistvo i bez tijela \u017ertve: \u0106ati\u0107u 20 godina zatvora","datePublished":"2025-10-08T06:29:27+00:00","dateModified":"2025-10-08T06:29:27+00:00","mainEntityOfPage":{"@id":"https:\/\/tuzlainfo.ba\/index.php\/novosti\/item\/282790-tuzilastvo-tk-dokazalo-ubistvo-i-bez-tijela-zrtve-caticu-20-godina-zatvora\/"},"wordCount":340,"publisher":{"@id":"https:\/\/tuzlainfo.ba\/#organization"},"image":{"@id":"https:\/\/tuzlainfo.ba\/index.php\/novosti\/item\/282790-tuzilastvo-tk-dokazalo-ubistvo-i-bez-tijela-zrtve-caticu-20-godina-zatvora\/#primaryimage"},"thumbnailUrl":"https:\/\/tuzlainfo.ba\/wp-content\/uploads\/2023\/09\/stop_policija_-2.jpg","keywords":["crna hronika","kantonalno tu\u017eila\u0161tvo tk"],"articleSection":["Istaknuto","Novosti"],"inLanguage":"bs-BA"},{"@type":"WebPage","@id":"https:\/\/tuzlainfo.ba\/index.php\/novosti\/item\/282790-tuzilastvo-tk-dokazalo-ubistvo-i-bez-tijela-zrtve-caticu-20-godina-zatvora\/","url":"https:\/\/tuzlainfo.ba\/index.php\/novosti\/item\/282790-tuzilastvo-tk-dokazalo-ubistvo-i-bez-tijela-zrtve-caticu-20-godina-zatvora\/","name":"Tu\u017eila\u0161tvo TK dokazalo ubistvo i bez tijela \u017ertve: \u0106ati\u0107u 20 godina zatvora - TuzlaInfo.ba","isPartOf":{"@id":"https:\/\/tuzlainfo.ba\/#website"},"primaryImageOfPage":{"@id":"https:\/\/tuzlainfo.ba\/index.php\/novosti\/item\/282790-tuzilastvo-tk-dokazalo-ubistvo-i-bez-tijela-zrtve-caticu-20-godina-zatvora\/#primaryimage"},"image":{"@id":"https:\/\/tuzlainfo.ba\/index.php\/novosti\/item\/282790-tuzilastvo-tk-dokazalo-ubistvo-i-bez-tijela-zrtve-caticu-20-godina-zatvora\/#primaryimage"},"thumbnailUrl":"https:\/\/tuzlainfo.ba\/wp-content\/uploads\/2023\/09\/stop_policija_-2.jpg","datePublished":"2025-10-08T06:29:27+00:00","dateModified":"2025-10-08T06:29:27+00:00","breadcrumb":{"@id":"https:\/\/tuzlainfo.ba\/index.php\/novosti\/item\/282790-tuzilastvo-tk-dokazalo-ubistvo-i-bez-tijela-zrtve-caticu-20-godina-zatvora\/#breadcrumb"},"inLanguage":"bs-BA","potentialAction":[{"@type":"ReadAction","target":["https:\/\/tuzlainfo.ba\/index.php\/novosti\/item\/282790-tuzilastvo-tk-dokazalo-ubistvo-i-bez-tijela-zrtve-caticu-20-godina-zatvora\/"]}]},{"@type":"ImageObject","inLanguage":"bs-BA","@id":"https:\/\/tuzlainfo.ba\/index.php\/novosti\/item\/282790-tuzilastvo-tk-dokazalo-ubistvo-i-bez-tijela-zrtve-caticu-20-godina-zatvora\/#primaryimage","url":"https:\/\/tuzlainfo.ba\/wp-content\/uploads\/2023\/09\/stop_policija_-2.jpg","contentUrl":"https:\/\/tuzlainfo.ba\/wp-content\/uploads\/2023\/09\/stop_policija_-2.jpg","width":1000,"height":650,"caption":"Foto: Ilustracija \/ Arhiv Tuzlainfo.ba"},{"@type":"BreadcrumbList","@id":"https:\/\/tuzlainfo.ba\/index.php\/novosti\/item\/282790-tuzilastvo-tk-dokazalo-ubistvo-i-bez-tijela-zrtve-caticu-20-godina-zatvora\/#breadcrumb","itemListElement":[{"@type":"ListItem","position":1,"name":"Home","item":"https:\/\/tuzlainfo.ba\/"},{"@type":"ListItem","position":2,"name":"Tu\u017eila\u0161tvo TK dokazalo ubistvo i bez tijela \u017ertve: \u0106ati\u0107u 20 godina zatvora"}]},{"@type":"WebSite","@id":"https:\/\/tuzlainfo.ba\/#website","url":"https:\/\/tuzlainfo.ba\/","name":"TuzlaInfo.ba","description":"Tuzla info, gradski informator - Tuzla na dlanu","publisher":{"@id":"https:\/\/tuzlainfo.ba\/#organization"},"potentialAction":[{"@type":"SearchAction","target":{"@type":"EntryPoint","urlTemplate":"https:\/\/tuzlainfo.ba\/?s={search_term_string}"},"query-input":{"@type":"PropertyValueSpecification","valueRequired":true,"valueName":"search_term_string"}}],"inLanguage":"bs-BA"},{"@type":"Organization","@id":"https:\/\/tuzlainfo.ba\/#organization","name":"TuzlaInfo.ba","url":"https:\/\/tuzlainfo.ba\/","logo":{"@type":"ImageObject","inLanguage":"bs-BA","@id":"https:\/\/tuzlainfo.ba\/#\/schema\/logo\/image\/","url":"https:\/\/tuzlainfo.ba\/wp-content\/uploads\/2021\/03\/logo-ver-3-1.png","contentUrl":"https:\/\/tuzlainfo.ba\/wp-content\/uploads\/2021\/03\/logo-ver-3-1.png","width":350,"height":95,"caption":"TuzlaInfo.ba"},"image":{"@id":"https:\/\/tuzlainfo.ba\/#\/schema\/logo\/image\/"},"sameAs":["https:\/\/www.facebook.com\/tuzlainfo.ba\/"]},{"@type":"Person","@id":"https:\/\/tuzlainfo.ba\/#\/schema\/person\/f434e20dc27ea133923aab08451b7f7f","name":"nedim","image":{"@type":"ImageObject","inLanguage":"bs-BA","@id":"https:\/\/tuzlainfo.ba\/#\/schema\/person\/image\/","url":"https:\/\/tuzlainfo.ba\/wp-content\/litespeed\/avatar\/aabad687af24844af817603ac1cbdc4f.jpg?ver=1777306975","contentUrl":"https:\/\/tuzlainfo.ba\/wp-content\/litespeed\/avatar\/aabad687af24844af817603ac1cbdc4f.jpg?ver=1777306975","caption":"nedim"},"description":"Tuzlainfo.ba pratite na dru\u0161tvenim mre\u017eama: Facebook, Instagram i Youtube. Svoje pri\u010de, upite i fotografije \u0161aljite na na\u0161u e-mail adresu."}]}},"_links":{"self":[{"href":"https:\/\/tuzlainfo.ba\/index.php\/wp-json\/wp\/v2\/posts\/282790"}],"collection":[{"href":"https:\/\/tuzlainfo.ba\/index.php\/wp-json\/wp\/v2\/posts"}],"about":[{"href":"https:\/\/tuzlainfo.ba\/index.php\/wp-json\/wp\/v2\/types\/post"}],"author":[{"embeddable":true,"href":"https:\/\/tuzlainfo.ba\/index.php\/wp-json\/wp\/v2\/users\/2"}],"replies":[{"embeddable":true,"href":"https:\/\/tuzlainfo.ba\/index.php\/wp-json\/wp\/v2\/comments?post=282790"}],"version-history":[{"count":1,"href":"https:\/\/tuzlainfo.ba\/index.php\/wp-json\/wp\/v2\/posts\/282790\/revisions"}],"predecessor-version":[{"id":282791,"href":"https:\/\/tuzlainfo.ba\/index.php\/wp-json\/wp\/v2\/posts\/282790\/revisions\/282791"}],"wp:featuredmedia":[{"embeddable":true,"href":"https:\/\/tuzlainfo.ba\/index.php\/wp-json\/wp\/v2\/media\/218125"}],"wp:attachment":[{"href":"https:\/\/tuzlainfo.ba\/index.php\/wp-json\/wp\/v2\/media?parent=282790"}],"wp:term":[{"taxonomy":"category","embeddable":true,"href":"https:\/\/tuzlainfo.ba\/index.php\/wp-json\/wp\/v2\/categories?post=282790"},{"taxonomy":"post_tag","embeddable":true,"href":"https:\/\/tuzlainfo.ba\/index.php\/wp-json\/wp\/v2\/tags?post=282790"}],"curies":[{"name":"wp","href":"https:\/\/api.w.org\/{rel}","templated":true}]}}