{"id":282505,"date":"2025-10-03T14:50:57","date_gmt":"2025-10-03T12:50:57","guid":{"rendered":"https:\/\/tuzlainfo.ba\/?p=282505"},"modified":"2025-10-03T18:22:11","modified_gmt":"2025-10-03T16:22:11","slug":"foto-u-tuzli-obiljezen-svjetski-dan-ucitelja-priznanja-dobilo-18-prosvjetnih-radnika","status":"publish","type":"post","link":"https:\/\/tuzlainfo.ba\/index.php\/novosti\/item\/282505-foto-u-tuzli-obiljezen-svjetski-dan-ucitelja-priznanja-dobilo-18-prosvjetnih-radnika\/","title":{"rendered":"FOTO \/ U Tuzli obilje\u017een Svjetski dan u\u010ditelja: Priznanja dobilo 18 prosvjetnih radnika"},"content":{"rendered":"<p data-start=\"139\" data-end=\"679\">Povodom Svjetskog dana u\u010ditelja u Bosanskom kulturnom centru Tuzlanskog kantona danas je odr\u017eana sve\u010dana manifestacija koju su organizovali Ministarstvo obrazovanja i nauke Tuzlanskog kantona, Pedago\u0161ki zavod TK te sindikati osnovnog i srednjeg obrazovanja i odgoja. Manifestacija je okupila veliki broj prosvjetnih radnika, sindikalnih predstavnika, u\u010denika i gostiju, a program je bio posve\u0107en odavanju priznanja najistaknutijim u\u010diteljima, nastavnicima i profesorima koji svojim radom oblikuju generacije i unapre\u0111uju obrazovni sistem.<\/p>\n<p data-start=\"681\" data-end=\"1118\">Sve\u010danost je otvorena intoniranjem himne Bosne i Hercegovine, nakon \u010dega je nagla\u0161ena ovogodi\u0161nja tema obilje\u017eavanja \u2013 \u201eZajedno za nastavnike, zajedno za sutra\u201c. Ona podsje\u0107a da snaga obrazovanja le\u017ei u zajedni\u0161tvu u\u010ditelja, u\u010denika, roditelja, institucija i cijelog dru\u0161tva. U\u010ditelji su predstavljeni kao temelj znanja, inspiracije i vrijednosti koje se prenose novim generacijama, a upravo zbog toga 5. oktobar je bio posve\u0107en njima.<\/p>\n<p data-start=\"1120\" data-end=\"1579\">Prisutnima se obratio ministar obrazovanja i nauke TK Ahmed Omerovi\u0107, istaknuv\u0161i da Ministarstvo kontinuirano ula\u017ee napore kako bi se popravio materijalni status nastavnika, ali i uslovi rada u \u0161kolama.<\/p>\n<p data-start=\"1120\" data-end=\"1579\">\u201eSvjesni smo da nema kvalitetnog obrazovanja bez dobrog nastavnika, u\u010ditelja i profesora, kao i da bez kadra nema ni obrazovne reforme. Nastavit \u0107emo da ja\u010damo materijalni polo\u017eaj nastavnika i da unapre\u0111ujemo uslove u na\u0161im \u0161kolama\u201c, poru\u010dio je Omerovi\u0107.<\/p>\n<p data-start=\"1581\" data-end=\"1955\">U ime Pedago\u0161kog zavoda TK prisutnima se obratio direktor Izet Numanovi\u0107, nagla\u0161avaju\u0107i da je kontinuitet ove manifestacije va\u017ean oblik javnog priznanja prosvjetnim radnicima. \u201eOni obrazuju na\u0161u djecu u koju pola\u017eemo nade da postanu obrazovani ljudi i kvalitetni stru\u010dnjaci. Lijepo je da im ovakvim doga\u0111ajima poka\u017eemo koliko cijenimo njihov doprinos\u201c, kazao je Numanovi\u0107.<\/p>\n<div id=\"penci-post-gallery__78533\" class=\"penci-post-gallery-container masonry grid column-3\" data-height=\"150\" data-margin=\"3\"><div class=\"inner-gallery-masonry-container\"><div class=\"item-gallery-masonry grid\"><a class=\"\" href=\"https:\/\/tuzlainfo.ba\/wp-content\/uploads\/2025\/10\/dan-ucitelja-3.jpg\"><div class=\"inner-item-masonry-gallery\"><img decoding=\"async\" src=\"https:\/\/tuzlainfo.ba\/wp-content\/uploads\/2025\/10\/dan-ucitelja-3-585x390.jpg\" alt=\"\" title=\"dan ucitelja (3)\"><\/div><\/a><\/div><div class=\"item-gallery-masonry grid\"><a class=\"\" href=\"https:\/\/tuzlainfo.ba\/wp-content\/uploads\/2025\/10\/dan-ucitelja-4.jpg\"><div class=\"inner-item-masonry-gallery\"><img decoding=\"async\" src=\"https:\/\/tuzlainfo.ba\/wp-content\/uploads\/2025\/10\/dan-ucitelja-4-585x390.jpg\" alt=\"\" title=\"dan ucitelja (4)\"><\/div><\/a><\/div><div class=\"item-gallery-masonry grid\"><a class=\"\" href=\"https:\/\/tuzlainfo.ba\/wp-content\/uploads\/2025\/10\/dan-ucitelja-5.jpg\"><div class=\"inner-item-masonry-gallery\"><img decoding=\"async\" src=\"https:\/\/tuzlainfo.ba\/wp-content\/uploads\/2025\/10\/dan-ucitelja-5-585x390.jpg\" alt=\"\" title=\"dan ucitelja (5)\"><\/div><\/a><\/div><div class=\"item-gallery-masonry grid\"><a class=\"\" href=\"https:\/\/tuzlainfo.ba\/wp-content\/uploads\/2025\/10\/dan-ucitelja-6.jpg\"><div class=\"inner-item-masonry-gallery\"><img decoding=\"async\" src=\"https:\/\/tuzlainfo.ba\/wp-content\/uploads\/2025\/10\/dan-ucitelja-6-585x390.jpg\" alt=\"\" title=\"dan ucitelja (6)\"><\/div><\/a><\/div><div class=\"item-gallery-masonry grid\"><a class=\"\" href=\"https:\/\/tuzlainfo.ba\/wp-content\/uploads\/2025\/10\/dan-ucitelja-1.jpg\"><div class=\"inner-item-masonry-gallery\"><img decoding=\"async\" src=\"https:\/\/tuzlainfo.ba\/wp-content\/uploads\/2025\/10\/dan-ucitelja-1-585x390.jpg\" alt=\"\" title=\"dan ucitelja (1)\"><\/div><\/a><\/div><div class=\"item-gallery-masonry grid\"><a class=\"\" href=\"https:\/\/tuzlainfo.ba\/wp-content\/uploads\/2025\/10\/dan-ucitelja-2.jpg\"><div class=\"inner-item-masonry-gallery\"><img decoding=\"async\" src=\"https:\/\/tuzlainfo.ba\/wp-content\/uploads\/2025\/10\/dan-ucitelja-2-585x390.jpg\" alt=\"\" title=\"dan ucitelja (2)\"><\/div><\/a><\/div><\/div><\/div>\n<p data-start=\"1581\" data-end=\"1955\">Predsjednik Sindikata radnika osnovnog obrazovanja i odgoja TK Sumedin Kulovi\u0107 ukazao je na probleme s kojima se nastavnici suo\u010davaju. \u201eNa\u0161i u\u010denici su sve vi\u0161e izlo\u017eeni internetu, televiziji i video igricama, \u0161to rad nastavnika \u010dini znatno zahtjevnijim. Deficit nastavnog kadra postaje globalni problem, a i BiH ve\u0107 osje\u0107a posljedice tog trenda\u201c, kazao je Kulovi\u0107.<\/p>\n<p data-start=\"1957\" data-end=\"2254\">Manifestacija je imala i umjetni\u010dki dio programa u kojem su profesori Srednje muzi\u010dke \u0161kole \u201e\u010cestmir Mirko Du\u0161ek\u201c iz Tuzle, Kenan Hasi\u0107 i Elvis Siv\u010devi\u0107, izveli kompozicije \u201eSuzi\u201c Josipa Hatzea i napolitansku pjesmu \u201eO sole mio\u201c. Time je dodatno nagla\u0161ena uloga umjetnosti u procesu obrazovanja.<\/p>\n<p data-start=\"2256\" data-end=\"2468\">Centralni trenutak sve\u010danosti bila je dodjela priznanja. Nagrade za \u017eivotno djelo u 2025. godini dobilo je ukupno 18 prosvjetnih radnika iz osnovnih i srednjih \u0161kola te pred\u0161kolskih ustanova Tuzlanskog kantona:<\/p>\n<p data-start=\"2470\" data-end=\"2489\"><strong data-start=\"2470\" data-end=\"2487\">Osnovne \u0161kole<\/strong><\/p>\n<ul data-start=\"2490\" data-end=\"3313\">\n<li data-start=\"2490\" data-end=\"2541\">\n<p data-start=\"2492\" data-end=\"2541\">Jasmina Fo\u010dak, JU Osnovna \u0161kola \u201eSjenjak\u201c Tuzla<\/p>\n<\/li>\n<li data-start=\"2542\" data-end=\"2601\">\n<p data-start=\"2544\" data-end=\"2601\">Mirzeta Butkovi\u0107, JU Osnovna \u0161kola \u201e\u0110ur\u0111evik\u201c, \u017divinice<\/p>\n<\/li>\n<li data-start=\"2602\" data-end=\"2651\">\n<p data-start=\"2604\" data-end=\"2651\">Lidija Kuzmi\u0107, JU Osnovna muzi\u010dka \u0161kola Tuzla<\/p>\n<\/li>\n<li data-start=\"2652\" data-end=\"2723\">\n<p data-start=\"2654\" data-end=\"2723\">Fuad Buljuba\u0161i\u0107, JU Osnovna \u0161kola \u201eDr. Safvet-beg Ba\u0161agi\u0107\u201c Grada\u010dac<\/p>\n<\/li>\n<li data-start=\"2724\" data-end=\"2780\">\n<p data-start=\"2726\" data-end=\"2780\">Suad Ja\u0161arevi\u0107, JU Osnovna \u0161kola \u201eSladna\u201c, Srebrenik<\/p>\n<\/li>\n<li data-start=\"2781\" data-end=\"2862\">\n<p data-start=\"2783\" data-end=\"2862\">Sadik Dervi\u0161evi\u0107, JU Osnovna \u0161kola \u201eMusa \u0106azim \u0106ati\u0107\u201c Zelinja Donja, Grada\u010dac<\/p>\n<\/li>\n<li data-start=\"2863\" data-end=\"2916\">\n<p data-start=\"2865\" data-end=\"2916\">Suada Kevri\u0107, JU Osnovna \u0161kola \u201eGrivice\u201c Banovi\u0107i<\/p>\n<\/li>\n<li data-start=\"2917\" data-end=\"2970\">\n<p data-start=\"2919\" data-end=\"2970\">Nermina Jahi\u0107, JU Osnovna \u0161kola \u201eNovi Grad\u201c Tuzla<\/p>\n<\/li>\n<li data-start=\"2971\" data-end=\"3030\">\n<p data-start=\"2973\" data-end=\"3030\">Sanija Adrovi\u0107, JU Osnovna \u0161kola \u201eBr\u010danska Malta\u201c Tuzla<\/p>\n<\/li>\n<li data-start=\"3031\" data-end=\"3085\">\n<p data-start=\"3033\" data-end=\"3085\">D\u017eevad Nuhanovi\u0107, JU Druga osnovna \u0161kola Srebrenik<\/p>\n<\/li>\n<li data-start=\"3086\" data-end=\"3158\">\n<p data-start=\"3088\" data-end=\"3158\">Fata Bukvarevi\u0107, JU Osnovna \u0161kola \u201eDubrave\u201c, Dubrave Donje, \u017divinice<\/p>\n<\/li>\n<li data-start=\"3159\" data-end=\"3210\">\n<p data-start=\"3161\" data-end=\"3210\">Kimeta Bu\u0161evac, JU Prva osnovna \u0161kola Srebrenik<\/p>\n<\/li>\n<li data-start=\"3211\" data-end=\"3313\">\n<p data-start=\"3213\" data-end=\"3313\">Zurijeta Osmi\u010di\u0107, JU Osnovna \u0161kola \u201eHasan Kiki\u0107\u201c Grada\u010dac (nagradu je u njeno ime preuzela k\u0107erka)<\/p>\n<\/li>\n<\/ul>\n<p data-start=\"3315\" data-end=\"3334\"><strong data-start=\"3315\" data-end=\"3332\">Srednje \u0161kole<\/strong><\/p>\n<ul data-start=\"3335\" data-end=\"3602\">\n<li data-start=\"3335\" data-end=\"3395\">\n<p data-start=\"3337\" data-end=\"3395\">Vilma Ba\u0161i\u0107, JU Srednja ekonomsko-trgovinska \u0161kola Tuzla<\/p>\n<\/li>\n<li data-start=\"3396\" data-end=\"3451\">\n<p data-start=\"3398\" data-end=\"3451\">Indira Had\u017ei\u0107, JU Mje\u0161ovita srednja \u0161kola Gra\u010danica<\/p>\n<\/li>\n<li data-start=\"3452\" data-end=\"3527\">\n<p data-start=\"3454\" data-end=\"3527\">Emira Hamidovi\u0107, JU Mje\u0161ovita srednja gra\u0111evinsko-geodetska \u0161kola Tuzla<\/p>\n<\/li>\n<li data-start=\"3528\" data-end=\"3602\">\n<p data-start=\"3530\" data-end=\"3602\">Muriz Halilovi\u0107, JU Mje\u0161ovita srednja \u0161kola \u201eMusa \u0106azim \u0106ati\u0107\u201c Kladanj<\/p>\n<\/li>\n<\/ul>\n<p data-start=\"3604\" data-end=\"3630\"><strong data-start=\"3604\" data-end=\"3628\">Pred\u0161kolske ustanove<\/strong><\/p>\n<ul data-start=\"3631\" data-end=\"3710\">\n<li data-start=\"3631\" data-end=\"3710\">\n<p data-start=\"3633\" data-end=\"3710\">Senada Muja\u010devi\u0107, JU za pred\u0161kolski odgoj i obrazovanje \u201eNa\u0161e dijete\u201c Tuzla<\/p>\n<\/li>\n<\/ul>\n<p data-start=\"3712\" data-end=\"3903\">Dobitnici su u emotivnim obra\u0107anjima zahvalili u\u010denicima, roditeljima i kolektivima, nagla\u0161avaju\u0107i da su njihovi u\u010denici njihovo najve\u0107e priznanje, a nagrade samo potvrda decenijskog truda.<\/p>\n<p data-start=\"3905\" data-end=\"4183\">Dodijeljene su i nagrade u\u010denicima na konkursu \u201eMoj nastavnik, moj uzor\u201c. Tre\u0107e mjesto pripalo je timu iz Prve osnovne \u0161kole Srebrenik, drugo mjestu u\u010denicima Srednje medicinske \u0161kole Tuzla, dok su prvo mjesto osvojili u\u010denici Richmond Park International Primary School Tuzla Eman Dautovi\u0107 i Ahmed Nuri Hasanovi\u0107\u00a0 pod mentorstvom profesorice Senade Pe\u0161tali\u0107.<\/p>\n<p data-start=\"4185\" data-end=\"4263\">Poseban segment bio je posve\u0107en inovativnim nastavnicima. Nagrade su dobili: Jasmin Salki\u0107, O\u0160 \u201eMiladije\u201c Tuzla (inovativni inkluzivni nastavnik, Edita Omerovi\u0107 Sulji\u0107, O\u0160 \u201eNovi Grad\u201c Tuzla (inovativni nastavnik osnovne \u0161kole) i Maksuda Muratovi\u0107 Smolo, Gimnazija \u017divinice (inovativni nastavnik srednje \u0161kole)<\/p>\n<p data-start=\"4877\" data-end=\"5171\">Manifestacija je zavr\u0161ena prikazivanjem nagra\u0111enog filma u\u010denika te zakuskom u holu BKC-a, gdje su u\u010denici Turisti\u010dko-ugostiteljske \u0161kole Tuzla predstavili kulinarske vje\u0161tine. \/Tuzlainfo.ba\/<\/p>\n","protected":false},"excerpt":{"rendered":"<p>Povodom Svjetskog dana u\u010ditelja u Bosanskom kulturnom centru Tuzlanskog kantona danas je odr\u017eana sve\u010dana manifestacija&hellip;<\/p>\n","protected":false},"author":2,"featured_media":282517,"comment_status":"closed","ping_status":"closed","sticky":false,"template":"","format":"standard","meta":{"_acf_changed":false,"footnotes":""},"categories":[304,12,306],"tags":[8405],"acf":[],"yoast_head":"<!-- This site is optimized with the Yoast SEO plugin v23.5 - https:\/\/yoast.com\/wordpress\/plugins\/seo\/ -->\n<title>FOTO \/ U Tuzli obilje\u017een Svjetski dan u\u010ditelja: Priznanja dobilo 18 prosvjetnih radnika - TuzlaInfo.ba<\/title>\n<meta name=\"robots\" content=\"index, follow, max-snippet:-1, max-image-preview:large, max-video-preview:-1\" \/>\n<link rel=\"canonical\" href=\"https:\/\/tuzlainfo.ba\/index.php\/novosti\/item\/282505-foto-u-tuzli-obiljezen-svjetski-dan-ucitelja-priznanja-dobilo-18-prosvjetnih-radnika\/\" \/>\n<meta property=\"og:locale\" content=\"bs_BA\" \/>\n<meta property=\"og:type\" content=\"article\" \/>\n<meta property=\"og:title\" content=\"FOTO \/ U Tuzli obilje\u017een Svjetski dan u\u010ditelja: Priznanja dobilo 18 prosvjetnih radnika - TuzlaInfo.ba\" \/>\n<meta property=\"og:description\" content=\"Povodom Svjetskog dana u\u010ditelja u Bosanskom kulturnom centru Tuzlanskog kantona danas je odr\u017eana sve\u010dana manifestacija&hellip;\" \/>\n<meta property=\"og:url\" content=\"https:\/\/tuzlainfo.ba\/index.php\/novosti\/item\/282505-foto-u-tuzli-obiljezen-svjetski-dan-ucitelja-priznanja-dobilo-18-prosvjetnih-radnika\/\" \/>\n<meta property=\"og:site_name\" content=\"TuzlaInfo.ba\" \/>\n<meta property=\"article:publisher\" content=\"https:\/\/www.facebook.com\/tuzlainfo.ba\/\" \/>\n<meta property=\"article:published_time\" content=\"2025-10-03T12:50:57+00:00\" \/>\n<meta property=\"article:modified_time\" content=\"2025-10-03T16:22:11+00:00\" \/>\n<meta property=\"og:image\" content=\"https:\/\/tuzlainfo.ba\/wp-content\/uploads\/2025\/10\/kolaz_ucitelji.jpg\" \/>\n\t<meta property=\"og:image:width\" content=\"1000\" \/>\n\t<meta property=\"og:image:height\" content=\"622\" \/>\n\t<meta property=\"og:image:type\" content=\"image\/jpeg\" \/>\n<meta name=\"author\" content=\"nedim\" \/>\n<meta name=\"twitter:card\" content=\"summary_large_image\" \/>\n<meta name=\"twitter:label1\" content=\"Written by\" \/>\n\t<meta name=\"twitter:data1\" content=\"nedim\" \/>\n\t<meta name=\"twitter:label2\" content=\"Est. reading time\" \/>\n\t<meta name=\"twitter:data2\" content=\"4 minute\" \/>\n<script type=\"application\/ld+json\" class=\"yoast-schema-graph\">{\"@context\":\"https:\/\/schema.org\",\"@graph\":[{\"@type\":\"Article\",\"@id\":\"https:\/\/tuzlainfo.ba\/index.php\/novosti\/item\/282505-foto-u-tuzli-obiljezen-svjetski-dan-ucitelja-priznanja-dobilo-18-prosvjetnih-radnika\/#article\",\"isPartOf\":{\"@id\":\"https:\/\/tuzlainfo.ba\/index.php\/novosti\/item\/282505-foto-u-tuzli-obiljezen-svjetski-dan-ucitelja-priznanja-dobilo-18-prosvjetnih-radnika\/\"},\"author\":{\"name\":\"nedim\",\"@id\":\"https:\/\/tuzlainfo.ba\/#\/schema\/person\/f434e20dc27ea133923aab08451b7f7f\"},\"headline\":\"FOTO \/ U Tuzli obilje\u017een Svjetski dan u\u010ditelja: Priznanja dobilo 18 prosvjetnih radnika\",\"datePublished\":\"2025-10-03T12:50:57+00:00\",\"dateModified\":\"2025-10-03T16:22:11+00:00\",\"mainEntityOfPage\":{\"@id\":\"https:\/\/tuzlainfo.ba\/index.php\/novosti\/item\/282505-foto-u-tuzli-obiljezen-svjetski-dan-ucitelja-priznanja-dobilo-18-prosvjetnih-radnika\/\"},\"wordCount\":780,\"publisher\":{\"@id\":\"https:\/\/tuzlainfo.ba\/#organization\"},\"image\":{\"@id\":\"https:\/\/tuzlainfo.ba\/index.php\/novosti\/item\/282505-foto-u-tuzli-obiljezen-svjetski-dan-ucitelja-priznanja-dobilo-18-prosvjetnih-radnika\/#primaryimage\"},\"thumbnailUrl\":\"https:\/\/tuzlainfo.ba\/wp-content\/uploads\/2025\/10\/kolaz_ucitelji.jpg\",\"keywords\":[\"dan u\u010ditelja\"],\"articleSection\":[\"Istaknuto\",\"Novosti\",\"Preporu\u010dujemo\"],\"inLanguage\":\"bs-BA\"},{\"@type\":\"WebPage\",\"@id\":\"https:\/\/tuzlainfo.ba\/index.php\/novosti\/item\/282505-foto-u-tuzli-obiljezen-svjetski-dan-ucitelja-priznanja-dobilo-18-prosvjetnih-radnika\/\",\"url\":\"https:\/\/tuzlainfo.ba\/index.php\/novosti\/item\/282505-foto-u-tuzli-obiljezen-svjetski-dan-ucitelja-priznanja-dobilo-18-prosvjetnih-radnika\/\",\"name\":\"FOTO \/ U Tuzli obilje\u017een Svjetski dan u\u010ditelja: Priznanja dobilo 18 prosvjetnih radnika - TuzlaInfo.ba\",\"isPartOf\":{\"@id\":\"https:\/\/tuzlainfo.ba\/#website\"},\"primaryImageOfPage\":{\"@id\":\"https:\/\/tuzlainfo.ba\/index.php\/novosti\/item\/282505-foto-u-tuzli-obiljezen-svjetski-dan-ucitelja-priznanja-dobilo-18-prosvjetnih-radnika\/#primaryimage\"},\"image\":{\"@id\":\"https:\/\/tuzlainfo.ba\/index.php\/novosti\/item\/282505-foto-u-tuzli-obiljezen-svjetski-dan-ucitelja-priznanja-dobilo-18-prosvjetnih-radnika\/#primaryimage\"},\"thumbnailUrl\":\"https:\/\/tuzlainfo.ba\/wp-content\/uploads\/2025\/10\/kolaz_ucitelji.jpg\",\"datePublished\":\"2025-10-03T12:50:57+00:00\",\"dateModified\":\"2025-10-03T16:22:11+00:00\",\"breadcrumb\":{\"@id\":\"https:\/\/tuzlainfo.ba\/index.php\/novosti\/item\/282505-foto-u-tuzli-obiljezen-svjetski-dan-ucitelja-priznanja-dobilo-18-prosvjetnih-radnika\/#breadcrumb\"},\"inLanguage\":\"bs-BA\",\"potentialAction\":[{\"@type\":\"ReadAction\",\"target\":[\"https:\/\/tuzlainfo.ba\/index.php\/novosti\/item\/282505-foto-u-tuzli-obiljezen-svjetski-dan-ucitelja-priznanja-dobilo-18-prosvjetnih-radnika\/\"]}]},{\"@type\":\"ImageObject\",\"inLanguage\":\"bs-BA\",\"@id\":\"https:\/\/tuzlainfo.ba\/index.php\/novosti\/item\/282505-foto-u-tuzli-obiljezen-svjetski-dan-ucitelja-priznanja-dobilo-18-prosvjetnih-radnika\/#primaryimage\",\"url\":\"https:\/\/tuzlainfo.ba\/wp-content\/uploads\/2025\/10\/kolaz_ucitelji.jpg\",\"contentUrl\":\"https:\/\/tuzlainfo.ba\/wp-content\/uploads\/2025\/10\/kolaz_ucitelji.jpg\",\"width\":1000,\"height\":622},{\"@type\":\"BreadcrumbList\",\"@id\":\"https:\/\/tuzlainfo.ba\/index.php\/novosti\/item\/282505-foto-u-tuzli-obiljezen-svjetski-dan-ucitelja-priznanja-dobilo-18-prosvjetnih-radnika\/#breadcrumb\",\"itemListElement\":[{\"@type\":\"ListItem\",\"position\":1,\"name\":\"Home\",\"item\":\"https:\/\/tuzlainfo.ba\/\"},{\"@type\":\"ListItem\",\"position\":2,\"name\":\"FOTO \/ U Tuzli obilje\u017een Svjetski dan u\u010ditelja: Priznanja dobilo 18 prosvjetnih radnika\"}]},{\"@type\":\"WebSite\",\"@id\":\"https:\/\/tuzlainfo.ba\/#website\",\"url\":\"https:\/\/tuzlainfo.ba\/\",\"name\":\"TuzlaInfo.ba\",\"description\":\"Tuzla info, gradski informator - Tuzla na dlanu\",\"publisher\":{\"@id\":\"https:\/\/tuzlainfo.ba\/#organization\"},\"potentialAction\":[{\"@type\":\"SearchAction\",\"target\":{\"@type\":\"EntryPoint\",\"urlTemplate\":\"https:\/\/tuzlainfo.ba\/?s={search_term_string}\"},\"query-input\":{\"@type\":\"PropertyValueSpecification\",\"valueRequired\":true,\"valueName\":\"search_term_string\"}}],\"inLanguage\":\"bs-BA\"},{\"@type\":\"Organization\",\"@id\":\"https:\/\/tuzlainfo.ba\/#organization\",\"name\":\"TuzlaInfo.ba\",\"url\":\"https:\/\/tuzlainfo.ba\/\",\"logo\":{\"@type\":\"ImageObject\",\"inLanguage\":\"bs-BA\",\"@id\":\"https:\/\/tuzlainfo.ba\/#\/schema\/logo\/image\/\",\"url\":\"https:\/\/tuzlainfo.ba\/wp-content\/uploads\/2021\/03\/logo-ver-3-1.png\",\"contentUrl\":\"https:\/\/tuzlainfo.ba\/wp-content\/uploads\/2021\/03\/logo-ver-3-1.png\",\"width\":350,\"height\":95,\"caption\":\"TuzlaInfo.ba\"},\"image\":{\"@id\":\"https:\/\/tuzlainfo.ba\/#\/schema\/logo\/image\/\"},\"sameAs\":[\"https:\/\/www.facebook.com\/tuzlainfo.ba\/\"]},{\"@type\":\"Person\",\"@id\":\"https:\/\/tuzlainfo.ba\/#\/schema\/person\/f434e20dc27ea133923aab08451b7f7f\",\"name\":\"nedim\",\"image\":{\"@type\":\"ImageObject\",\"inLanguage\":\"bs-BA\",\"@id\":\"https:\/\/tuzlainfo.ba\/#\/schema\/person\/image\/\",\"url\":\"https:\/\/tuzlainfo.ba\/wp-content\/litespeed\/avatar\/aabad687af24844af817603ac1cbdc4f.jpg?ver=1777306975\",\"contentUrl\":\"https:\/\/tuzlainfo.ba\/wp-content\/litespeed\/avatar\/aabad687af24844af817603ac1cbdc4f.jpg?ver=1777306975\",\"caption\":\"nedim\"},\"description\":\"Tuzlainfo.ba pratite na dru\u0161tvenim mre\u017eama: Facebook, Instagram i Youtube. Svoje pri\u010de, upite i fotografije \u0161aljite na na\u0161u e-mail adresu.\"}]}<\/script>\n<!-- \/ Yoast SEO plugin. -->","yoast_head_json":{"title":"FOTO \/ U Tuzli obilje\u017een Svjetski dan u\u010ditelja: Priznanja dobilo 18 prosvjetnih radnika - TuzlaInfo.ba","robots":{"index":"index","follow":"follow","max-snippet":"max-snippet:-1","max-image-preview":"max-image-preview:large","max-video-preview":"max-video-preview:-1"},"canonical":"https:\/\/tuzlainfo.ba\/index.php\/novosti\/item\/282505-foto-u-tuzli-obiljezen-svjetski-dan-ucitelja-priznanja-dobilo-18-prosvjetnih-radnika\/","og_locale":"bs_BA","og_type":"article","og_title":"FOTO \/ U Tuzli obilje\u017een Svjetski dan u\u010ditelja: Priznanja dobilo 18 prosvjetnih radnika - TuzlaInfo.ba","og_description":"Povodom Svjetskog dana u\u010ditelja u Bosanskom kulturnom centru Tuzlanskog kantona danas je odr\u017eana sve\u010dana manifestacija&hellip;","og_url":"https:\/\/tuzlainfo.ba\/index.php\/novosti\/item\/282505-foto-u-tuzli-obiljezen-svjetski-dan-ucitelja-priznanja-dobilo-18-prosvjetnih-radnika\/","og_site_name":"TuzlaInfo.ba","article_publisher":"https:\/\/www.facebook.com\/tuzlainfo.ba\/","article_published_time":"2025-10-03T12:50:57+00:00","article_modified_time":"2025-10-03T16:22:11+00:00","og_image":[{"width":1000,"height":622,"url":"https:\/\/tuzlainfo.ba\/wp-content\/uploads\/2025\/10\/kolaz_ucitelji.jpg","type":"image\/jpeg"}],"author":"nedim","twitter_card":"summary_large_image","twitter_misc":{"Written by":"nedim","Est. reading time":"4 minute"},"schema":{"@context":"https:\/\/schema.org","@graph":[{"@type":"Article","@id":"https:\/\/tuzlainfo.ba\/index.php\/novosti\/item\/282505-foto-u-tuzli-obiljezen-svjetski-dan-ucitelja-priznanja-dobilo-18-prosvjetnih-radnika\/#article","isPartOf":{"@id":"https:\/\/tuzlainfo.ba\/index.php\/novosti\/item\/282505-foto-u-tuzli-obiljezen-svjetski-dan-ucitelja-priznanja-dobilo-18-prosvjetnih-radnika\/"},"author":{"name":"nedim","@id":"https:\/\/tuzlainfo.ba\/#\/schema\/person\/f434e20dc27ea133923aab08451b7f7f"},"headline":"FOTO \/ U Tuzli obilje\u017een Svjetski dan u\u010ditelja: Priznanja dobilo 18 prosvjetnih radnika","datePublished":"2025-10-03T12:50:57+00:00","dateModified":"2025-10-03T16:22:11+00:00","mainEntityOfPage":{"@id":"https:\/\/tuzlainfo.ba\/index.php\/novosti\/item\/282505-foto-u-tuzli-obiljezen-svjetski-dan-ucitelja-priznanja-dobilo-18-prosvjetnih-radnika\/"},"wordCount":780,"publisher":{"@id":"https:\/\/tuzlainfo.ba\/#organization"},"image":{"@id":"https:\/\/tuzlainfo.ba\/index.php\/novosti\/item\/282505-foto-u-tuzli-obiljezen-svjetski-dan-ucitelja-priznanja-dobilo-18-prosvjetnih-radnika\/#primaryimage"},"thumbnailUrl":"https:\/\/tuzlainfo.ba\/wp-content\/uploads\/2025\/10\/kolaz_ucitelji.jpg","keywords":["dan u\u010ditelja"],"articleSection":["Istaknuto","Novosti","Preporu\u010dujemo"],"inLanguage":"bs-BA"},{"@type":"WebPage","@id":"https:\/\/tuzlainfo.ba\/index.php\/novosti\/item\/282505-foto-u-tuzli-obiljezen-svjetski-dan-ucitelja-priznanja-dobilo-18-prosvjetnih-radnika\/","url":"https:\/\/tuzlainfo.ba\/index.php\/novosti\/item\/282505-foto-u-tuzli-obiljezen-svjetski-dan-ucitelja-priznanja-dobilo-18-prosvjetnih-radnika\/","name":"FOTO \/ U Tuzli obilje\u017een Svjetski dan u\u010ditelja: Priznanja dobilo 18 prosvjetnih radnika - TuzlaInfo.ba","isPartOf":{"@id":"https:\/\/tuzlainfo.ba\/#website"},"primaryImageOfPage":{"@id":"https:\/\/tuzlainfo.ba\/index.php\/novosti\/item\/282505-foto-u-tuzli-obiljezen-svjetski-dan-ucitelja-priznanja-dobilo-18-prosvjetnih-radnika\/#primaryimage"},"image":{"@id":"https:\/\/tuzlainfo.ba\/index.php\/novosti\/item\/282505-foto-u-tuzli-obiljezen-svjetski-dan-ucitelja-priznanja-dobilo-18-prosvjetnih-radnika\/#primaryimage"},"thumbnailUrl":"https:\/\/tuzlainfo.ba\/wp-content\/uploads\/2025\/10\/kolaz_ucitelji.jpg","datePublished":"2025-10-03T12:50:57+00:00","dateModified":"2025-10-03T16:22:11+00:00","breadcrumb":{"@id":"https:\/\/tuzlainfo.ba\/index.php\/novosti\/item\/282505-foto-u-tuzli-obiljezen-svjetski-dan-ucitelja-priznanja-dobilo-18-prosvjetnih-radnika\/#breadcrumb"},"inLanguage":"bs-BA","potentialAction":[{"@type":"ReadAction","target":["https:\/\/tuzlainfo.ba\/index.php\/novosti\/item\/282505-foto-u-tuzli-obiljezen-svjetski-dan-ucitelja-priznanja-dobilo-18-prosvjetnih-radnika\/"]}]},{"@type":"ImageObject","inLanguage":"bs-BA","@id":"https:\/\/tuzlainfo.ba\/index.php\/novosti\/item\/282505-foto-u-tuzli-obiljezen-svjetski-dan-ucitelja-priznanja-dobilo-18-prosvjetnih-radnika\/#primaryimage","url":"https:\/\/tuzlainfo.ba\/wp-content\/uploads\/2025\/10\/kolaz_ucitelji.jpg","contentUrl":"https:\/\/tuzlainfo.ba\/wp-content\/uploads\/2025\/10\/kolaz_ucitelji.jpg","width":1000,"height":622},{"@type":"BreadcrumbList","@id":"https:\/\/tuzlainfo.ba\/index.php\/novosti\/item\/282505-foto-u-tuzli-obiljezen-svjetski-dan-ucitelja-priznanja-dobilo-18-prosvjetnih-radnika\/#breadcrumb","itemListElement":[{"@type":"ListItem","position":1,"name":"Home","item":"https:\/\/tuzlainfo.ba\/"},{"@type":"ListItem","position":2,"name":"FOTO \/ U Tuzli obilje\u017een Svjetski dan u\u010ditelja: Priznanja dobilo 18 prosvjetnih radnika"}]},{"@type":"WebSite","@id":"https:\/\/tuzlainfo.ba\/#website","url":"https:\/\/tuzlainfo.ba\/","name":"TuzlaInfo.ba","description":"Tuzla info, gradski informator - Tuzla na dlanu","publisher":{"@id":"https:\/\/tuzlainfo.ba\/#organization"},"potentialAction":[{"@type":"SearchAction","target":{"@type":"EntryPoint","urlTemplate":"https:\/\/tuzlainfo.ba\/?s={search_term_string}"},"query-input":{"@type":"PropertyValueSpecification","valueRequired":true,"valueName":"search_term_string"}}],"inLanguage":"bs-BA"},{"@type":"Organization","@id":"https:\/\/tuzlainfo.ba\/#organization","name":"TuzlaInfo.ba","url":"https:\/\/tuzlainfo.ba\/","logo":{"@type":"ImageObject","inLanguage":"bs-BA","@id":"https:\/\/tuzlainfo.ba\/#\/schema\/logo\/image\/","url":"https:\/\/tuzlainfo.ba\/wp-content\/uploads\/2021\/03\/logo-ver-3-1.png","contentUrl":"https:\/\/tuzlainfo.ba\/wp-content\/uploads\/2021\/03\/logo-ver-3-1.png","width":350,"height":95,"caption":"TuzlaInfo.ba"},"image":{"@id":"https:\/\/tuzlainfo.ba\/#\/schema\/logo\/image\/"},"sameAs":["https:\/\/www.facebook.com\/tuzlainfo.ba\/"]},{"@type":"Person","@id":"https:\/\/tuzlainfo.ba\/#\/schema\/person\/f434e20dc27ea133923aab08451b7f7f","name":"nedim","image":{"@type":"ImageObject","inLanguage":"bs-BA","@id":"https:\/\/tuzlainfo.ba\/#\/schema\/person\/image\/","url":"https:\/\/tuzlainfo.ba\/wp-content\/litespeed\/avatar\/aabad687af24844af817603ac1cbdc4f.jpg?ver=1777306975","contentUrl":"https:\/\/tuzlainfo.ba\/wp-content\/litespeed\/avatar\/aabad687af24844af817603ac1cbdc4f.jpg?ver=1777306975","caption":"nedim"},"description":"Tuzlainfo.ba pratite na dru\u0161tvenim mre\u017eama: Facebook, Instagram i Youtube. Svoje pri\u010de, upite i fotografije \u0161aljite na na\u0161u e-mail adresu."}]}},"_links":{"self":[{"href":"https:\/\/tuzlainfo.ba\/index.php\/wp-json\/wp\/v2\/posts\/282505"}],"collection":[{"href":"https:\/\/tuzlainfo.ba\/index.php\/wp-json\/wp\/v2\/posts"}],"about":[{"href":"https:\/\/tuzlainfo.ba\/index.php\/wp-json\/wp\/v2\/types\/post"}],"author":[{"embeddable":true,"href":"https:\/\/tuzlainfo.ba\/index.php\/wp-json\/wp\/v2\/users\/2"}],"replies":[{"embeddable":true,"href":"https:\/\/tuzlainfo.ba\/index.php\/wp-json\/wp\/v2\/comments?post=282505"}],"version-history":[{"count":2,"href":"https:\/\/tuzlainfo.ba\/index.php\/wp-json\/wp\/v2\/posts\/282505\/revisions"}],"predecessor-version":[{"id":282519,"href":"https:\/\/tuzlainfo.ba\/index.php\/wp-json\/wp\/v2\/posts\/282505\/revisions\/282519"}],"wp:featuredmedia":[{"embeddable":true,"href":"https:\/\/tuzlainfo.ba\/index.php\/wp-json\/wp\/v2\/media\/282517"}],"wp:attachment":[{"href":"https:\/\/tuzlainfo.ba\/index.php\/wp-json\/wp\/v2\/media?parent=282505"}],"wp:term":[{"taxonomy":"category","embeddable":true,"href":"https:\/\/tuzlainfo.ba\/index.php\/wp-json\/wp\/v2\/categories?post=282505"},{"taxonomy":"post_tag","embeddable":true,"href":"https:\/\/tuzlainfo.ba\/index.php\/wp-json\/wp\/v2\/tags?post=282505"}],"curies":[{"name":"wp","href":"https:\/\/api.w.org\/{rel}","templated":true}]}}