{"id":282250,"date":"2025-10-01T13:22:09","date_gmt":"2025-10-01T11:22:09","guid":{"rendered":"https:\/\/tuzlainfo.ba\/?p=282250"},"modified":"2025-10-01T13:22:09","modified_gmt":"2025-10-01T11:22:09","slug":"potvrdjena-optuznica-protiv-policajaca-u-slucaju-ubistva-inele-selimovic-i-njenog-sina","status":"publish","type":"post","link":"https:\/\/tuzlainfo.ba\/index.php\/istaknuto\/item\/282250-potvrdjena-optuznica-protiv-policajaca-u-slucaju-ubistva-inele-selimovic-i-njenog-sina\/","title":{"rendered":"Potvr\u0111ena optu\u017enica protiv policajaca u slu\u010daju ubistva Inele Selimovi\u0107 i njenog sina"},"content":{"rendered":"<p>Op\u0107inski sud u Kalesiji potvrdio je optu\u017enicu za nesavjestan rad protiv policajaca koji nisu za\u0161titili Inelu Selimovi\u0107 i njenog maloljetnog sina, odnosno sprije\u010dili porodi\u010dno nasilje koje je rezultiralo njihovom smr\u0107u u februaru ove godine.<\/p>\n<p>Iz Op\u0107inskog suda u Kalesiji navode da je optu\u017enica potvr\u0111ena u julu ove godine protiv dvojice slu\u017ebenika Policijske stanice Kalesija \u2013 Samira Valjevca i Mensura Nuhanovi\u0107a \u2013 zbog nesavjesnog rada u slu\u017ebi.<\/p>\n<p>&#8211; Optu\u017enica i rje\u0161enje o potvr\u0111ivanju optu\u017enice dostavljeni su optu\u017eenim i braniocima, i ponovljena je dostava braniocu jednog od optu\u017eenih zbog kori\u0161tenja godi\u0161njeg odmora. Ro\u010di\u0161te o izja\u0161njenju o krivnji jo\u0161 nije zakazano &#8211; naveli su iz Suda za Detektor.<\/p>\n<p>Detektor je ranije pisao da su ovi policajci postupali suprotno odredbama Zakona o za\u0161titi od nasilja u porodici Federacije BiH i Pravilnika o na\u010dinu provo\u0111enja za\u0161titnih mjera za po\u010dinioce nasilja u porodici, koji su u nadle\u017enosti policije.<\/p>\n<p>&#8211; Po telefonskoj prijavi I.S. iz Kalesije, koja je 30. januara 2025. godine prijavila svog supruga Emira Selimovi\u0107a za nasilje u porodici, nisu postupali u skladu s odredbama navedenih propisa &#8211; saop\u0107eno je iz Tu\u017eila\u0161tva Tuzlanskog kantona.<\/p>\n<p>Tada su pojasnili da, bez obzira na to \u0161to je prijaviteljica po izlasku od policijskog slu\u017ebenika na mjesto doga\u0111aja tra\u017eila da se ni\u0161ta ne preduzima po prijavi, u skladu s propisima takva prijava se nije mogla povu\u0107i, te su ovi policajci bili du\u017eni da preduzmu radnje koje su obavezne s ciljem provo\u0111enja za\u0161titnih mjera za podnositeljicu prijave za nasilje u porodici.<\/p>\n<p>&#8211; Na taj na\u010din je te\u0161ko povrije\u0111eno pravo o\u0161te\u0107ene na najdjelotvorniju za\u0161titu kao \u017ertve nasilja u porodici, nije joj osigurana za\u0161tita zdravlja i sigurnosti i nije sprije\u010deno nasilje u porodici, jer su I.S. i njen maloljetni sin 12. februara 2025. godine ubijeni, a za ubistva je osumnji\u010den suprug i otac Emir Selimovi\u0107, protiv kojeg se vodi istraga u ovom tu\u017eila\u0161tvu i nalazi se u pritvoru &#8211; poja\u0161njeno je ranije.<\/p>\n<p>Emir Selimovi\u0107 osu\u0111en je nepravosna\u017eno u Kantonalnom sudu u Tuzli na 45 godina zatvora za ubistvo supruge Inele i njihovog 13-godi\u0161njeg sina, podsje\u0107a BIRN BiH.<\/p>\n","protected":false},"excerpt":{"rendered":"<p>Op\u0107inski sud u Kalesiji potvrdio je optu\u017enicu za nesavjestan rad protiv policajaca koji nisu za\u0161titili&hellip;<\/p>\n","protected":false},"author":4,"featured_media":84201,"comment_status":"closed","ping_status":"closed","sticky":false,"template":"","format":"standard","meta":{"_acf_changed":false,"footnotes":""},"categories":[304,12],"tags":[11887,1290,895,12043],"acf":[],"yoast_head":"<!-- This site is optimized with the Yoast SEO plugin v23.5 - https:\/\/yoast.com\/wordpress\/plugins\/seo\/ -->\n<title>Potvr\u0111ena optu\u017enica protiv policajaca u slu\u010daju ubistva Inele Selimovi\u0107 i njenog sina - TuzlaInfo.ba<\/title>\n<meta name=\"robots\" content=\"index, follow, max-snippet:-1, max-image-preview:large, max-video-preview:-1\" \/>\n<link rel=\"canonical\" href=\"https:\/\/tuzlainfo.ba\/index.php\/istaknuto\/item\/282250-potvrdjena-optuznica-protiv-policajaca-u-slucaju-ubistva-inele-selimovic-i-njenog-sina\/\" \/>\n<meta property=\"og:locale\" content=\"bs_BA\" \/>\n<meta property=\"og:type\" content=\"article\" \/>\n<meta property=\"og:title\" content=\"Potvr\u0111ena optu\u017enica protiv policajaca u slu\u010daju ubistva Inele Selimovi\u0107 i njenog sina - TuzlaInfo.ba\" \/>\n<meta property=\"og:description\" content=\"Op\u0107inski sud u Kalesiji potvrdio je optu\u017enicu za nesavjestan rad protiv policajaca koji nisu za\u0161titili&hellip;\" \/>\n<meta property=\"og:url\" content=\"https:\/\/tuzlainfo.ba\/index.php\/istaknuto\/item\/282250-potvrdjena-optuznica-protiv-policajaca-u-slucaju-ubistva-inele-selimovic-i-njenog-sina\/\" \/>\n<meta property=\"og:site_name\" content=\"TuzlaInfo.ba\" \/>\n<meta property=\"article:publisher\" content=\"https:\/\/www.facebook.com\/tuzlainfo.ba\/\" \/>\n<meta property=\"article:published_time\" content=\"2025-10-01T11:22:09+00:00\" \/>\n<meta property=\"og:image\" content=\"https:\/\/tuzlainfo.ba\/wp-content\/uploads\/2020\/11\/sadrzaj_2020_20201101_1611_kalesija.jpg\" \/>\n\t<meta property=\"og:image:width\" content=\"770\" \/>\n\t<meta property=\"og:image:height\" content=\"544\" \/>\n\t<meta property=\"og:image:type\" content=\"image\/jpeg\" \/>\n<meta name=\"author\" content=\"Tuzla Info\" \/>\n<meta name=\"twitter:card\" content=\"summary_large_image\" \/>\n<meta name=\"twitter:label1\" content=\"Written by\" \/>\n\t<meta name=\"twitter:data1\" content=\"Tuzla Info\" \/>\n\t<meta name=\"twitter:label2\" content=\"Est. reading time\" \/>\n\t<meta name=\"twitter:data2\" content=\"2 minute\" \/>\n<script type=\"application\/ld+json\" class=\"yoast-schema-graph\">{\"@context\":\"https:\/\/schema.org\",\"@graph\":[{\"@type\":\"Article\",\"@id\":\"https:\/\/tuzlainfo.ba\/index.php\/istaknuto\/item\/282250-potvrdjena-optuznica-protiv-policajaca-u-slucaju-ubistva-inele-selimovic-i-njenog-sina\/#article\",\"isPartOf\":{\"@id\":\"https:\/\/tuzlainfo.ba\/index.php\/istaknuto\/item\/282250-potvrdjena-optuznica-protiv-policajaca-u-slucaju-ubistva-inele-selimovic-i-njenog-sina\/\"},\"author\":{\"name\":\"Tuzla Info\",\"@id\":\"https:\/\/tuzlainfo.ba\/#\/schema\/person\/46cad4c57790cbc50781edd14870825a\"},\"headline\":\"Potvr\u0111ena optu\u017enica protiv policajaca u slu\u010daju ubistva Inele Selimovi\u0107 i njenog sina\",\"datePublished\":\"2025-10-01T11:22:09+00:00\",\"dateModified\":\"2025-10-01T11:22:09+00:00\",\"mainEntityOfPage\":{\"@id\":\"https:\/\/tuzlainfo.ba\/index.php\/istaknuto\/item\/282250-potvrdjena-optuznica-protiv-policajaca-u-slucaju-ubistva-inele-selimovic-i-njenog-sina\/\"},\"wordCount\":401,\"publisher\":{\"@id\":\"https:\/\/tuzlainfo.ba\/#organization\"},\"image\":{\"@id\":\"https:\/\/tuzlainfo.ba\/index.php\/istaknuto\/item\/282250-potvrdjena-optuznica-protiv-policajaca-u-slucaju-ubistva-inele-selimovic-i-njenog-sina\/#primaryimage\"},\"thumbnailUrl\":\"https:\/\/tuzlainfo.ba\/wp-content\/uploads\/2020\/11\/sadrzaj_2020_20201101_1611_kalesija.jpg\",\"keywords\":[\"inela selimovic\",\"kalesija\",\"optu\u017enica\",\"policajci\"],\"articleSection\":[\"Istaknuto\",\"Novosti\"],\"inLanguage\":\"bs-BA\"},{\"@type\":\"WebPage\",\"@id\":\"https:\/\/tuzlainfo.ba\/index.php\/istaknuto\/item\/282250-potvrdjena-optuznica-protiv-policajaca-u-slucaju-ubistva-inele-selimovic-i-njenog-sina\/\",\"url\":\"https:\/\/tuzlainfo.ba\/index.php\/istaknuto\/item\/282250-potvrdjena-optuznica-protiv-policajaca-u-slucaju-ubistva-inele-selimovic-i-njenog-sina\/\",\"name\":\"Potvr\u0111ena optu\u017enica protiv policajaca u slu\u010daju ubistva Inele Selimovi\u0107 i njenog sina - TuzlaInfo.ba\",\"isPartOf\":{\"@id\":\"https:\/\/tuzlainfo.ba\/#website\"},\"primaryImageOfPage\":{\"@id\":\"https:\/\/tuzlainfo.ba\/index.php\/istaknuto\/item\/282250-potvrdjena-optuznica-protiv-policajaca-u-slucaju-ubistva-inele-selimovic-i-njenog-sina\/#primaryimage\"},\"image\":{\"@id\":\"https:\/\/tuzlainfo.ba\/index.php\/istaknuto\/item\/282250-potvrdjena-optuznica-protiv-policajaca-u-slucaju-ubistva-inele-selimovic-i-njenog-sina\/#primaryimage\"},\"thumbnailUrl\":\"https:\/\/tuzlainfo.ba\/wp-content\/uploads\/2020\/11\/sadrzaj_2020_20201101_1611_kalesija.jpg\",\"datePublished\":\"2025-10-01T11:22:09+00:00\",\"dateModified\":\"2025-10-01T11:22:09+00:00\",\"breadcrumb\":{\"@id\":\"https:\/\/tuzlainfo.ba\/index.php\/istaknuto\/item\/282250-potvrdjena-optuznica-protiv-policajaca-u-slucaju-ubistva-inele-selimovic-i-njenog-sina\/#breadcrumb\"},\"inLanguage\":\"bs-BA\",\"potentialAction\":[{\"@type\":\"ReadAction\",\"target\":[\"https:\/\/tuzlainfo.ba\/index.php\/istaknuto\/item\/282250-potvrdjena-optuznica-protiv-policajaca-u-slucaju-ubistva-inele-selimovic-i-njenog-sina\/\"]}]},{\"@type\":\"ImageObject\",\"inLanguage\":\"bs-BA\",\"@id\":\"https:\/\/tuzlainfo.ba\/index.php\/istaknuto\/item\/282250-potvrdjena-optuznica-protiv-policajaca-u-slucaju-ubistva-inele-selimovic-i-njenog-sina\/#primaryimage\",\"url\":\"https:\/\/tuzlainfo.ba\/wp-content\/uploads\/2020\/11\/sadrzaj_2020_20201101_1611_kalesija.jpg\",\"contentUrl\":\"https:\/\/tuzlainfo.ba\/wp-content\/uploads\/2020\/11\/sadrzaj_2020_20201101_1611_kalesija.jpg\",\"width\":770,\"height\":544,\"caption\":\"1611 kalesija\"},{\"@type\":\"BreadcrumbList\",\"@id\":\"https:\/\/tuzlainfo.ba\/index.php\/istaknuto\/item\/282250-potvrdjena-optuznica-protiv-policajaca-u-slucaju-ubistva-inele-selimovic-i-njenog-sina\/#breadcrumb\",\"itemListElement\":[{\"@type\":\"ListItem\",\"position\":1,\"name\":\"Home\",\"item\":\"https:\/\/tuzlainfo.ba\/\"},{\"@type\":\"ListItem\",\"position\":2,\"name\":\"Potvr\u0111ena optu\u017enica protiv policajaca u slu\u010daju ubistva Inele Selimovi\u0107 i njenog sina\"}]},{\"@type\":\"WebSite\",\"@id\":\"https:\/\/tuzlainfo.ba\/#website\",\"url\":\"https:\/\/tuzlainfo.ba\/\",\"name\":\"TuzlaInfo.ba\",\"description\":\"Tuzla info, gradski informator - Tuzla na dlanu\",\"publisher\":{\"@id\":\"https:\/\/tuzlainfo.ba\/#organization\"},\"potentialAction\":[{\"@type\":\"SearchAction\",\"target\":{\"@type\":\"EntryPoint\",\"urlTemplate\":\"https:\/\/tuzlainfo.ba\/?s={search_term_string}\"},\"query-input\":{\"@type\":\"PropertyValueSpecification\",\"valueRequired\":true,\"valueName\":\"search_term_string\"}}],\"inLanguage\":\"bs-BA\"},{\"@type\":\"Organization\",\"@id\":\"https:\/\/tuzlainfo.ba\/#organization\",\"name\":\"TuzlaInfo.ba\",\"url\":\"https:\/\/tuzlainfo.ba\/\",\"logo\":{\"@type\":\"ImageObject\",\"inLanguage\":\"bs-BA\",\"@id\":\"https:\/\/tuzlainfo.ba\/#\/schema\/logo\/image\/\",\"url\":\"https:\/\/tuzlainfo.ba\/wp-content\/uploads\/2021\/03\/logo-ver-3-1.png\",\"contentUrl\":\"https:\/\/tuzlainfo.ba\/wp-content\/uploads\/2021\/03\/logo-ver-3-1.png\",\"width\":350,\"height\":95,\"caption\":\"TuzlaInfo.ba\"},\"image\":{\"@id\":\"https:\/\/tuzlainfo.ba\/#\/schema\/logo\/image\/\"},\"sameAs\":[\"https:\/\/www.facebook.com\/tuzlainfo.ba\/\"]},{\"@type\":\"Person\",\"@id\":\"https:\/\/tuzlainfo.ba\/#\/schema\/person\/46cad4c57790cbc50781edd14870825a\",\"name\":\"Tuzla Info\",\"image\":{\"@type\":\"ImageObject\",\"inLanguage\":\"bs-BA\",\"@id\":\"https:\/\/tuzlainfo.ba\/#\/schema\/person\/image\/\",\"url\":\"https:\/\/tuzlainfo.ba\/wp-content\/litespeed\/avatar\/b6c453a6c38e3654f2e4416c643fc25c.jpg?ver=1777051911\",\"contentUrl\":\"https:\/\/tuzlainfo.ba\/wp-content\/litespeed\/avatar\/b6c453a6c38e3654f2e4416c643fc25c.jpg?ver=1777051911\",\"caption\":\"Tuzla Info\"}}]}<\/script>\n<!-- \/ Yoast SEO plugin. -->","yoast_head_json":{"title":"Potvr\u0111ena optu\u017enica protiv policajaca u slu\u010daju ubistva Inele Selimovi\u0107 i njenog sina - TuzlaInfo.ba","robots":{"index":"index","follow":"follow","max-snippet":"max-snippet:-1","max-image-preview":"max-image-preview:large","max-video-preview":"max-video-preview:-1"},"canonical":"https:\/\/tuzlainfo.ba\/index.php\/istaknuto\/item\/282250-potvrdjena-optuznica-protiv-policajaca-u-slucaju-ubistva-inele-selimovic-i-njenog-sina\/","og_locale":"bs_BA","og_type":"article","og_title":"Potvr\u0111ena optu\u017enica protiv policajaca u slu\u010daju ubistva Inele Selimovi\u0107 i njenog sina - TuzlaInfo.ba","og_description":"Op\u0107inski sud u Kalesiji potvrdio je optu\u017enicu za nesavjestan rad protiv policajaca koji nisu za\u0161titili&hellip;","og_url":"https:\/\/tuzlainfo.ba\/index.php\/istaknuto\/item\/282250-potvrdjena-optuznica-protiv-policajaca-u-slucaju-ubistva-inele-selimovic-i-njenog-sina\/","og_site_name":"TuzlaInfo.ba","article_publisher":"https:\/\/www.facebook.com\/tuzlainfo.ba\/","article_published_time":"2025-10-01T11:22:09+00:00","og_image":[{"width":770,"height":544,"url":"https:\/\/tuzlainfo.ba\/wp-content\/uploads\/2020\/11\/sadrzaj_2020_20201101_1611_kalesija.jpg","type":"image\/jpeg"}],"author":"Tuzla Info","twitter_card":"summary_large_image","twitter_misc":{"Written by":"Tuzla Info","Est. reading time":"2 minute"},"schema":{"@context":"https:\/\/schema.org","@graph":[{"@type":"Article","@id":"https:\/\/tuzlainfo.ba\/index.php\/istaknuto\/item\/282250-potvrdjena-optuznica-protiv-policajaca-u-slucaju-ubistva-inele-selimovic-i-njenog-sina\/#article","isPartOf":{"@id":"https:\/\/tuzlainfo.ba\/index.php\/istaknuto\/item\/282250-potvrdjena-optuznica-protiv-policajaca-u-slucaju-ubistva-inele-selimovic-i-njenog-sina\/"},"author":{"name":"Tuzla Info","@id":"https:\/\/tuzlainfo.ba\/#\/schema\/person\/46cad4c57790cbc50781edd14870825a"},"headline":"Potvr\u0111ena optu\u017enica protiv policajaca u slu\u010daju ubistva Inele Selimovi\u0107 i njenog sina","datePublished":"2025-10-01T11:22:09+00:00","dateModified":"2025-10-01T11:22:09+00:00","mainEntityOfPage":{"@id":"https:\/\/tuzlainfo.ba\/index.php\/istaknuto\/item\/282250-potvrdjena-optuznica-protiv-policajaca-u-slucaju-ubistva-inele-selimovic-i-njenog-sina\/"},"wordCount":401,"publisher":{"@id":"https:\/\/tuzlainfo.ba\/#organization"},"image":{"@id":"https:\/\/tuzlainfo.ba\/index.php\/istaknuto\/item\/282250-potvrdjena-optuznica-protiv-policajaca-u-slucaju-ubistva-inele-selimovic-i-njenog-sina\/#primaryimage"},"thumbnailUrl":"https:\/\/tuzlainfo.ba\/wp-content\/uploads\/2020\/11\/sadrzaj_2020_20201101_1611_kalesija.jpg","keywords":["inela selimovic","kalesija","optu\u017enica","policajci"],"articleSection":["Istaknuto","Novosti"],"inLanguage":"bs-BA"},{"@type":"WebPage","@id":"https:\/\/tuzlainfo.ba\/index.php\/istaknuto\/item\/282250-potvrdjena-optuznica-protiv-policajaca-u-slucaju-ubistva-inele-selimovic-i-njenog-sina\/","url":"https:\/\/tuzlainfo.ba\/index.php\/istaknuto\/item\/282250-potvrdjena-optuznica-protiv-policajaca-u-slucaju-ubistva-inele-selimovic-i-njenog-sina\/","name":"Potvr\u0111ena optu\u017enica protiv policajaca u slu\u010daju ubistva Inele Selimovi\u0107 i njenog sina - TuzlaInfo.ba","isPartOf":{"@id":"https:\/\/tuzlainfo.ba\/#website"},"primaryImageOfPage":{"@id":"https:\/\/tuzlainfo.ba\/index.php\/istaknuto\/item\/282250-potvrdjena-optuznica-protiv-policajaca-u-slucaju-ubistva-inele-selimovic-i-njenog-sina\/#primaryimage"},"image":{"@id":"https:\/\/tuzlainfo.ba\/index.php\/istaknuto\/item\/282250-potvrdjena-optuznica-protiv-policajaca-u-slucaju-ubistva-inele-selimovic-i-njenog-sina\/#primaryimage"},"thumbnailUrl":"https:\/\/tuzlainfo.ba\/wp-content\/uploads\/2020\/11\/sadrzaj_2020_20201101_1611_kalesija.jpg","datePublished":"2025-10-01T11:22:09+00:00","dateModified":"2025-10-01T11:22:09+00:00","breadcrumb":{"@id":"https:\/\/tuzlainfo.ba\/index.php\/istaknuto\/item\/282250-potvrdjena-optuznica-protiv-policajaca-u-slucaju-ubistva-inele-selimovic-i-njenog-sina\/#breadcrumb"},"inLanguage":"bs-BA","potentialAction":[{"@type":"ReadAction","target":["https:\/\/tuzlainfo.ba\/index.php\/istaknuto\/item\/282250-potvrdjena-optuznica-protiv-policajaca-u-slucaju-ubistva-inele-selimovic-i-njenog-sina\/"]}]},{"@type":"ImageObject","inLanguage":"bs-BA","@id":"https:\/\/tuzlainfo.ba\/index.php\/istaknuto\/item\/282250-potvrdjena-optuznica-protiv-policajaca-u-slucaju-ubistva-inele-selimovic-i-njenog-sina\/#primaryimage","url":"https:\/\/tuzlainfo.ba\/wp-content\/uploads\/2020\/11\/sadrzaj_2020_20201101_1611_kalesija.jpg","contentUrl":"https:\/\/tuzlainfo.ba\/wp-content\/uploads\/2020\/11\/sadrzaj_2020_20201101_1611_kalesija.jpg","width":770,"height":544,"caption":"1611 kalesija"},{"@type":"BreadcrumbList","@id":"https:\/\/tuzlainfo.ba\/index.php\/istaknuto\/item\/282250-potvrdjena-optuznica-protiv-policajaca-u-slucaju-ubistva-inele-selimovic-i-njenog-sina\/#breadcrumb","itemListElement":[{"@type":"ListItem","position":1,"name":"Home","item":"https:\/\/tuzlainfo.ba\/"},{"@type":"ListItem","position":2,"name":"Potvr\u0111ena optu\u017enica protiv policajaca u slu\u010daju ubistva Inele Selimovi\u0107 i njenog sina"}]},{"@type":"WebSite","@id":"https:\/\/tuzlainfo.ba\/#website","url":"https:\/\/tuzlainfo.ba\/","name":"TuzlaInfo.ba","description":"Tuzla info, gradski informator - Tuzla na dlanu","publisher":{"@id":"https:\/\/tuzlainfo.ba\/#organization"},"potentialAction":[{"@type":"SearchAction","target":{"@type":"EntryPoint","urlTemplate":"https:\/\/tuzlainfo.ba\/?s={search_term_string}"},"query-input":{"@type":"PropertyValueSpecification","valueRequired":true,"valueName":"search_term_string"}}],"inLanguage":"bs-BA"},{"@type":"Organization","@id":"https:\/\/tuzlainfo.ba\/#organization","name":"TuzlaInfo.ba","url":"https:\/\/tuzlainfo.ba\/","logo":{"@type":"ImageObject","inLanguage":"bs-BA","@id":"https:\/\/tuzlainfo.ba\/#\/schema\/logo\/image\/","url":"https:\/\/tuzlainfo.ba\/wp-content\/uploads\/2021\/03\/logo-ver-3-1.png","contentUrl":"https:\/\/tuzlainfo.ba\/wp-content\/uploads\/2021\/03\/logo-ver-3-1.png","width":350,"height":95,"caption":"TuzlaInfo.ba"},"image":{"@id":"https:\/\/tuzlainfo.ba\/#\/schema\/logo\/image\/"},"sameAs":["https:\/\/www.facebook.com\/tuzlainfo.ba\/"]},{"@type":"Person","@id":"https:\/\/tuzlainfo.ba\/#\/schema\/person\/46cad4c57790cbc50781edd14870825a","name":"Tuzla Info","image":{"@type":"ImageObject","inLanguage":"bs-BA","@id":"https:\/\/tuzlainfo.ba\/#\/schema\/person\/image\/","url":"https:\/\/tuzlainfo.ba\/wp-content\/litespeed\/avatar\/b6c453a6c38e3654f2e4416c643fc25c.jpg?ver=1777051911","contentUrl":"https:\/\/tuzlainfo.ba\/wp-content\/litespeed\/avatar\/b6c453a6c38e3654f2e4416c643fc25c.jpg?ver=1777051911","caption":"Tuzla Info"}}]}},"_links":{"self":[{"href":"https:\/\/tuzlainfo.ba\/index.php\/wp-json\/wp\/v2\/posts\/282250"}],"collection":[{"href":"https:\/\/tuzlainfo.ba\/index.php\/wp-json\/wp\/v2\/posts"}],"about":[{"href":"https:\/\/tuzlainfo.ba\/index.php\/wp-json\/wp\/v2\/types\/post"}],"author":[{"embeddable":true,"href":"https:\/\/tuzlainfo.ba\/index.php\/wp-json\/wp\/v2\/users\/4"}],"replies":[{"embeddable":true,"href":"https:\/\/tuzlainfo.ba\/index.php\/wp-json\/wp\/v2\/comments?post=282250"}],"version-history":[{"count":1,"href":"https:\/\/tuzlainfo.ba\/index.php\/wp-json\/wp\/v2\/posts\/282250\/revisions"}],"predecessor-version":[{"id":282251,"href":"https:\/\/tuzlainfo.ba\/index.php\/wp-json\/wp\/v2\/posts\/282250\/revisions\/282251"}],"wp:featuredmedia":[{"embeddable":true,"href":"https:\/\/tuzlainfo.ba\/index.php\/wp-json\/wp\/v2\/media\/84201"}],"wp:attachment":[{"href":"https:\/\/tuzlainfo.ba\/index.php\/wp-json\/wp\/v2\/media?parent=282250"}],"wp:term":[{"taxonomy":"category","embeddable":true,"href":"https:\/\/tuzlainfo.ba\/index.php\/wp-json\/wp\/v2\/categories?post=282250"},{"taxonomy":"post_tag","embeddable":true,"href":"https:\/\/tuzlainfo.ba\/index.php\/wp-json\/wp\/v2\/tags?post=282250"}],"curies":[{"name":"wp","href":"https:\/\/api.w.org\/{rel}","templated":true}]}}