{"id":282171,"date":"2025-09-30T11:58:29","date_gmt":"2025-09-30T09:58:29","guid":{"rendered":"https:\/\/tuzlainfo.ba\/?p=282171"},"modified":"2025-09-30T11:58:29","modified_gmt":"2025-09-30T09:58:29","slug":"prvi-metri-novih-cesta-pod-upitnikom-izgradnju-puteva-tuzla-maoca-i-sicki-brod-djurdjevik-blokira-drzavna-imovina","status":"publish","type":"post","link":"https:\/\/tuzlainfo.ba\/index.php\/novosti\/item\/282171-prvi-metri-novih-cesta-pod-upitnikom-izgradnju-puteva-tuzla-maoca-i-sicki-brod-djurdjevik-blokira-drzavna-imovina\/","title":{"rendered":"Prvi metri novih cesta pod upitnikom: Izgradnju puteva Tuzla &#8211; Mao\u010da i \u0160i\u0107ki Brod \u2013 \u0110ur\u0111evik blokira dr\u017eavna imovina"},"content":{"rendered":"<p>Vlada Tuzlanskog kantona danas je usvojila informaciju o problemima vezanim za pretvorbu poljoprivrednog i \u0161umskog zemlji\u0161ta u okviru projekta izgradnje autoceste Tuzla\u2013Mao\u010da.<\/p>\n<p>U izvje\u0161taju je istaknuto da se realizacija ovog strate\u0161kog projekta suo\u010dava sa ozbiljnim preprekama zbog privremene zabrane raspolaganja dr\u017eavnom imovinom i nefunkcionisanja Komisije za dr\u017eavnu imovinu pri Vije\u0107u ministara BiH. Naime, prema va\u017ee\u0107im federalnim i kantonalnim zakonima, promjena namjene zemlji\u0161ta je mogu\u0107a tek nakon rje\u0161avanja imovinsko-pravnih odnosa i pribavljanja saglasnosti dr\u017eave kao vlasnika.<\/p>\n<p>S obzirom na to da je veliki dio zemlji\u0161ta predvi\u0111enog za trasu autoputa i brze ceste u vlasni\u0161tvu dr\u017eave Bosne i Hercegovine, procedura promjene namjene zemlji\u0161ta nije mogu\u0107a bez aktivnog u\u010de\u0161\u0107a Komisije za dr\u017eavnu imovinu pri Vije\u0107u ministara BiH.<\/p>\n<p>Ova komisija, me\u0111utim, ve\u0107 godinama ne funkcioni\u0161e, \u0161to u praksi zna\u010di potpunu blokadu investicijskih procesa. Imaju\u0107i u vidu zna\u010daj realizacije ovog infrastrukturnog projekta, a kako bi se otklonile postoje\u0107e barijere, Vlada je danas uputila nekoliko inicijativa nadle\u017enim institucijama vi\u0161ih nivoa vlasti. Upu\u0107en je zahtjev Vije\u0107u ministara BiH za hitno imenovanje Komisije za dr\u017eavnu imovinu, Inicijativa za izmjenu Zakona o poljoprivrednom zemlji\u0161tu, te Inicijativa za dopunu Zakona o privremenoj zabrani raspolaganja dr\u017eavnom imovinom BiH, uz Zahtjev za izuze\u0107e odre\u0111enih parcela od primjene ovog zakona.<\/p>\n<p>U obrazlo\u017eenju Zahtjeva za izuze\u0107e navedeno je da su precizirane parcele potrebne za izgradnju prve faze ceste \u0160i\u0107ki Brod\u2013\u0110ur\u0111evik, koja je od izuzetnog zna\u010daja za povezivanje Tuzlanskog kantona s ostatkom dr\u017eave. Izgradnjom ove dionice unaprijedila bi se sigurnost saobra\u0107aja i protok roba, \u0161to bi doprinijelo privrednom rastu, privla\u010denju investicija, mobilnosti gra\u0111ana i ravnomjernijem razvoju Federacije BiH, navodi se u Zahtjevu kojim je od Ureda visokog predstavnika u BiH zatra\u017eeno izuze\u0107e predmetnih parcela na trasi puta.<\/p>\n<p>Vlada Tuzlanskog kantona isti\u010de da \u0107e nastaviti s pripremnim aktivnostima u okviru svojih nadle\u017enosti, te o\u010dekuje da institucije vi\u0161ih nivoa vlasti i Ured visokog predstavnika omogu\u0107e deblokadu procesa i stvore uslove za nastavak realizacije projekta od strate\u0161kog zna\u010daja.<\/p>\n","protected":false},"excerpt":{"rendered":"<p>Vlada Tuzlanskog kantona danas je usvojila informaciju o problemima vezanim za pretvorbu poljoprivrednog i \u0161umskog&hellip;<\/p>\n","protected":false},"author":2,"featured_media":274247,"comment_status":"closed","ping_status":"closed","sticky":false,"template":"","format":"standard","meta":{"_acf_changed":false,"footnotes":""},"categories":[304,12],"tags":[10254,336],"acf":[],"yoast_head":"<!-- This site is optimized with the Yoast SEO plugin v23.5 - https:\/\/yoast.com\/wordpress\/plugins\/seo\/ -->\n<title>Prvi metri novih cesta pod upitnikom: Izgradnju puteva Tuzla - Mao\u010da i \u0160i\u0107ki Brod \u2013 \u0110ur\u0111evik blokira dr\u017eavna imovina - TuzlaInfo.ba<\/title>\n<meta name=\"robots\" content=\"index, follow, max-snippet:-1, max-image-preview:large, max-video-preview:-1\" \/>\n<link rel=\"canonical\" href=\"https:\/\/tuzlainfo.ba\/index.php\/novosti\/item\/282171-prvi-metri-novih-cesta-pod-upitnikom-izgradnju-puteva-tuzla-maoca-i-sicki-brod-djurdjevik-blokira-drzavna-imovina\/\" \/>\n<meta property=\"og:locale\" content=\"bs_BA\" \/>\n<meta property=\"og:type\" content=\"article\" \/>\n<meta property=\"og:title\" content=\"Prvi metri novih cesta pod upitnikom: Izgradnju puteva Tuzla - Mao\u010da i \u0160i\u0107ki Brod \u2013 \u0110ur\u0111evik blokira dr\u017eavna imovina - TuzlaInfo.ba\" \/>\n<meta property=\"og:description\" content=\"Vlada Tuzlanskog kantona danas je usvojila informaciju o problemima vezanim za pretvorbu poljoprivrednog i \u0161umskog&hellip;\" \/>\n<meta property=\"og:url\" content=\"https:\/\/tuzlainfo.ba\/index.php\/novosti\/item\/282171-prvi-metri-novih-cesta-pod-upitnikom-izgradnju-puteva-tuzla-maoca-i-sicki-brod-djurdjevik-blokira-drzavna-imovina\/\" \/>\n<meta property=\"og:site_name\" content=\"TuzlaInfo.ba\" \/>\n<meta property=\"article:publisher\" content=\"https:\/\/www.facebook.com\/tuzlainfo.ba\/\" \/>\n<meta property=\"article:published_time\" content=\"2025-09-30T09:58:29+00:00\" \/>\n<meta property=\"og:image\" content=\"https:\/\/tuzlainfo.ba\/wp-content\/uploads\/2025\/07\/petlja_sicki.jpg\" \/>\n\t<meta property=\"og:image:width\" content=\"800\" \/>\n\t<meta property=\"og:image:height\" content=\"400\" \/>\n\t<meta property=\"og:image:type\" content=\"image\/jpeg\" \/>\n<meta name=\"author\" content=\"nedim\" \/>\n<meta name=\"twitter:card\" content=\"summary_large_image\" \/>\n<meta name=\"twitter:label1\" content=\"Written by\" \/>\n\t<meta name=\"twitter:data1\" content=\"nedim\" \/>\n\t<meta name=\"twitter:label2\" content=\"Est. reading time\" \/>\n\t<meta name=\"twitter:data2\" content=\"2 minute\" \/>\n<script type=\"application\/ld+json\" class=\"yoast-schema-graph\">{\"@context\":\"https:\/\/schema.org\",\"@graph\":[{\"@type\":\"Article\",\"@id\":\"https:\/\/tuzlainfo.ba\/index.php\/novosti\/item\/282171-prvi-metri-novih-cesta-pod-upitnikom-izgradnju-puteva-tuzla-maoca-i-sicki-brod-djurdjevik-blokira-drzavna-imovina\/#article\",\"isPartOf\":{\"@id\":\"https:\/\/tuzlainfo.ba\/index.php\/novosti\/item\/282171-prvi-metri-novih-cesta-pod-upitnikom-izgradnju-puteva-tuzla-maoca-i-sicki-brod-djurdjevik-blokira-drzavna-imovina\/\"},\"author\":{\"name\":\"nedim\",\"@id\":\"https:\/\/tuzlainfo.ba\/#\/schema\/person\/f434e20dc27ea133923aab08451b7f7f\"},\"headline\":\"Prvi metri novih cesta pod upitnikom: Izgradnju puteva Tuzla &#8211; Mao\u010da i \u0160i\u0107ki Brod \u2013 \u0110ur\u0111evik blokira dr\u017eavna imovina\",\"datePublished\":\"2025-09-30T09:58:29+00:00\",\"dateModified\":\"2025-09-30T09:58:29+00:00\",\"mainEntityOfPage\":{\"@id\":\"https:\/\/tuzlainfo.ba\/index.php\/novosti\/item\/282171-prvi-metri-novih-cesta-pod-upitnikom-izgradnju-puteva-tuzla-maoca-i-sicki-brod-djurdjevik-blokira-drzavna-imovina\/\"},\"wordCount\":391,\"publisher\":{\"@id\":\"https:\/\/tuzlainfo.ba\/#organization\"},\"image\":{\"@id\":\"https:\/\/tuzlainfo.ba\/index.php\/novosti\/item\/282171-prvi-metri-novih-cesta-pod-upitnikom-izgradnju-puteva-tuzla-maoca-i-sicki-brod-djurdjevik-blokira-drzavna-imovina\/#primaryimage\"},\"thumbnailUrl\":\"https:\/\/tuzlainfo.ba\/wp-content\/uploads\/2025\/07\/petlja_sicki.jpg\",\"keywords\":[\"putna deblokada\",\"vlada tk\"],\"articleSection\":[\"Istaknuto\",\"Novosti\"],\"inLanguage\":\"bs-BA\"},{\"@type\":\"WebPage\",\"@id\":\"https:\/\/tuzlainfo.ba\/index.php\/novosti\/item\/282171-prvi-metri-novih-cesta-pod-upitnikom-izgradnju-puteva-tuzla-maoca-i-sicki-brod-djurdjevik-blokira-drzavna-imovina\/\",\"url\":\"https:\/\/tuzlainfo.ba\/index.php\/novosti\/item\/282171-prvi-metri-novih-cesta-pod-upitnikom-izgradnju-puteva-tuzla-maoca-i-sicki-brod-djurdjevik-blokira-drzavna-imovina\/\",\"name\":\"Prvi metri novih cesta pod upitnikom: Izgradnju puteva Tuzla - Mao\u010da i \u0160i\u0107ki Brod \u2013 \u0110ur\u0111evik blokira dr\u017eavna imovina - TuzlaInfo.ba\",\"isPartOf\":{\"@id\":\"https:\/\/tuzlainfo.ba\/#website\"},\"primaryImageOfPage\":{\"@id\":\"https:\/\/tuzlainfo.ba\/index.php\/novosti\/item\/282171-prvi-metri-novih-cesta-pod-upitnikom-izgradnju-puteva-tuzla-maoca-i-sicki-brod-djurdjevik-blokira-drzavna-imovina\/#primaryimage\"},\"image\":{\"@id\":\"https:\/\/tuzlainfo.ba\/index.php\/novosti\/item\/282171-prvi-metri-novih-cesta-pod-upitnikom-izgradnju-puteva-tuzla-maoca-i-sicki-brod-djurdjevik-blokira-drzavna-imovina\/#primaryimage\"},\"thumbnailUrl\":\"https:\/\/tuzlainfo.ba\/wp-content\/uploads\/2025\/07\/petlja_sicki.jpg\",\"datePublished\":\"2025-09-30T09:58:29+00:00\",\"dateModified\":\"2025-09-30T09:58:29+00:00\",\"breadcrumb\":{\"@id\":\"https:\/\/tuzlainfo.ba\/index.php\/novosti\/item\/282171-prvi-metri-novih-cesta-pod-upitnikom-izgradnju-puteva-tuzla-maoca-i-sicki-brod-djurdjevik-blokira-drzavna-imovina\/#breadcrumb\"},\"inLanguage\":\"bs-BA\",\"potentialAction\":[{\"@type\":\"ReadAction\",\"target\":[\"https:\/\/tuzlainfo.ba\/index.php\/novosti\/item\/282171-prvi-metri-novih-cesta-pod-upitnikom-izgradnju-puteva-tuzla-maoca-i-sicki-brod-djurdjevik-blokira-drzavna-imovina\/\"]}]},{\"@type\":\"ImageObject\",\"inLanguage\":\"bs-BA\",\"@id\":\"https:\/\/tuzlainfo.ba\/index.php\/novosti\/item\/282171-prvi-metri-novih-cesta-pod-upitnikom-izgradnju-puteva-tuzla-maoca-i-sicki-brod-djurdjevik-blokira-drzavna-imovina\/#primaryimage\",\"url\":\"https:\/\/tuzlainfo.ba\/wp-content\/uploads\/2025\/07\/petlja_sicki.jpg\",\"contentUrl\":\"https:\/\/tuzlainfo.ba\/wp-content\/uploads\/2025\/07\/petlja_sicki.jpg\",\"width\":800,\"height\":400},{\"@type\":\"BreadcrumbList\",\"@id\":\"https:\/\/tuzlainfo.ba\/index.php\/novosti\/item\/282171-prvi-metri-novih-cesta-pod-upitnikom-izgradnju-puteva-tuzla-maoca-i-sicki-brod-djurdjevik-blokira-drzavna-imovina\/#breadcrumb\",\"itemListElement\":[{\"@type\":\"ListItem\",\"position\":1,\"name\":\"Home\",\"item\":\"https:\/\/tuzlainfo.ba\/\"},{\"@type\":\"ListItem\",\"position\":2,\"name\":\"Prvi metri novih cesta pod upitnikom: Izgradnju puteva Tuzla &#8211; Mao\u010da i \u0160i\u0107ki Brod \u2013 \u0110ur\u0111evik blokira dr\u017eavna imovina\"}]},{\"@type\":\"WebSite\",\"@id\":\"https:\/\/tuzlainfo.ba\/#website\",\"url\":\"https:\/\/tuzlainfo.ba\/\",\"name\":\"TuzlaInfo.ba\",\"description\":\"Tuzla info, gradski informator - Tuzla na dlanu\",\"publisher\":{\"@id\":\"https:\/\/tuzlainfo.ba\/#organization\"},\"potentialAction\":[{\"@type\":\"SearchAction\",\"target\":{\"@type\":\"EntryPoint\",\"urlTemplate\":\"https:\/\/tuzlainfo.ba\/?s={search_term_string}\"},\"query-input\":{\"@type\":\"PropertyValueSpecification\",\"valueRequired\":true,\"valueName\":\"search_term_string\"}}],\"inLanguage\":\"bs-BA\"},{\"@type\":\"Organization\",\"@id\":\"https:\/\/tuzlainfo.ba\/#organization\",\"name\":\"TuzlaInfo.ba\",\"url\":\"https:\/\/tuzlainfo.ba\/\",\"logo\":{\"@type\":\"ImageObject\",\"inLanguage\":\"bs-BA\",\"@id\":\"https:\/\/tuzlainfo.ba\/#\/schema\/logo\/image\/\",\"url\":\"https:\/\/tuzlainfo.ba\/wp-content\/uploads\/2021\/03\/logo-ver-3-1.png\",\"contentUrl\":\"https:\/\/tuzlainfo.ba\/wp-content\/uploads\/2021\/03\/logo-ver-3-1.png\",\"width\":350,\"height\":95,\"caption\":\"TuzlaInfo.ba\"},\"image\":{\"@id\":\"https:\/\/tuzlainfo.ba\/#\/schema\/logo\/image\/\"},\"sameAs\":[\"https:\/\/www.facebook.com\/tuzlainfo.ba\/\"]},{\"@type\":\"Person\",\"@id\":\"https:\/\/tuzlainfo.ba\/#\/schema\/person\/f434e20dc27ea133923aab08451b7f7f\",\"name\":\"nedim\",\"image\":{\"@type\":\"ImageObject\",\"inLanguage\":\"bs-BA\",\"@id\":\"https:\/\/tuzlainfo.ba\/#\/schema\/person\/image\/\",\"url\":\"https:\/\/tuzlainfo.ba\/wp-content\/litespeed\/avatar\/aabad687af24844af817603ac1cbdc4f.jpg?ver=1776702173\",\"contentUrl\":\"https:\/\/tuzlainfo.ba\/wp-content\/litespeed\/avatar\/aabad687af24844af817603ac1cbdc4f.jpg?ver=1776702173\",\"caption\":\"nedim\"},\"description\":\"Tuzlainfo.ba pratite na dru\u0161tvenim mre\u017eama: Facebook, Instagram i Youtube. Svoje pri\u010de, upite i fotografije \u0161aljite na na\u0161u e-mail adresu.\"}]}<\/script>\n<!-- \/ Yoast SEO plugin. -->","yoast_head_json":{"title":"Prvi metri novih cesta pod upitnikom: Izgradnju puteva Tuzla - Mao\u010da i \u0160i\u0107ki Brod \u2013 \u0110ur\u0111evik blokira dr\u017eavna imovina - TuzlaInfo.ba","robots":{"index":"index","follow":"follow","max-snippet":"max-snippet:-1","max-image-preview":"max-image-preview:large","max-video-preview":"max-video-preview:-1"},"canonical":"https:\/\/tuzlainfo.ba\/index.php\/novosti\/item\/282171-prvi-metri-novih-cesta-pod-upitnikom-izgradnju-puteva-tuzla-maoca-i-sicki-brod-djurdjevik-blokira-drzavna-imovina\/","og_locale":"bs_BA","og_type":"article","og_title":"Prvi metri novih cesta pod upitnikom: Izgradnju puteva Tuzla - Mao\u010da i \u0160i\u0107ki Brod \u2013 \u0110ur\u0111evik blokira dr\u017eavna imovina - TuzlaInfo.ba","og_description":"Vlada Tuzlanskog kantona danas je usvojila informaciju o problemima vezanim za pretvorbu poljoprivrednog i \u0161umskog&hellip;","og_url":"https:\/\/tuzlainfo.ba\/index.php\/novosti\/item\/282171-prvi-metri-novih-cesta-pod-upitnikom-izgradnju-puteva-tuzla-maoca-i-sicki-brod-djurdjevik-blokira-drzavna-imovina\/","og_site_name":"TuzlaInfo.ba","article_publisher":"https:\/\/www.facebook.com\/tuzlainfo.ba\/","article_published_time":"2025-09-30T09:58:29+00:00","og_image":[{"width":800,"height":400,"url":"https:\/\/tuzlainfo.ba\/wp-content\/uploads\/2025\/07\/petlja_sicki.jpg","type":"image\/jpeg"}],"author":"nedim","twitter_card":"summary_large_image","twitter_misc":{"Written by":"nedim","Est. reading time":"2 minute"},"schema":{"@context":"https:\/\/schema.org","@graph":[{"@type":"Article","@id":"https:\/\/tuzlainfo.ba\/index.php\/novosti\/item\/282171-prvi-metri-novih-cesta-pod-upitnikom-izgradnju-puteva-tuzla-maoca-i-sicki-brod-djurdjevik-blokira-drzavna-imovina\/#article","isPartOf":{"@id":"https:\/\/tuzlainfo.ba\/index.php\/novosti\/item\/282171-prvi-metri-novih-cesta-pod-upitnikom-izgradnju-puteva-tuzla-maoca-i-sicki-brod-djurdjevik-blokira-drzavna-imovina\/"},"author":{"name":"nedim","@id":"https:\/\/tuzlainfo.ba\/#\/schema\/person\/f434e20dc27ea133923aab08451b7f7f"},"headline":"Prvi metri novih cesta pod upitnikom: Izgradnju puteva Tuzla &#8211; Mao\u010da i \u0160i\u0107ki Brod \u2013 \u0110ur\u0111evik blokira dr\u017eavna imovina","datePublished":"2025-09-30T09:58:29+00:00","dateModified":"2025-09-30T09:58:29+00:00","mainEntityOfPage":{"@id":"https:\/\/tuzlainfo.ba\/index.php\/novosti\/item\/282171-prvi-metri-novih-cesta-pod-upitnikom-izgradnju-puteva-tuzla-maoca-i-sicki-brod-djurdjevik-blokira-drzavna-imovina\/"},"wordCount":391,"publisher":{"@id":"https:\/\/tuzlainfo.ba\/#organization"},"image":{"@id":"https:\/\/tuzlainfo.ba\/index.php\/novosti\/item\/282171-prvi-metri-novih-cesta-pod-upitnikom-izgradnju-puteva-tuzla-maoca-i-sicki-brod-djurdjevik-blokira-drzavna-imovina\/#primaryimage"},"thumbnailUrl":"https:\/\/tuzlainfo.ba\/wp-content\/uploads\/2025\/07\/petlja_sicki.jpg","keywords":["putna deblokada","vlada tk"],"articleSection":["Istaknuto","Novosti"],"inLanguage":"bs-BA"},{"@type":"WebPage","@id":"https:\/\/tuzlainfo.ba\/index.php\/novosti\/item\/282171-prvi-metri-novih-cesta-pod-upitnikom-izgradnju-puteva-tuzla-maoca-i-sicki-brod-djurdjevik-blokira-drzavna-imovina\/","url":"https:\/\/tuzlainfo.ba\/index.php\/novosti\/item\/282171-prvi-metri-novih-cesta-pod-upitnikom-izgradnju-puteva-tuzla-maoca-i-sicki-brod-djurdjevik-blokira-drzavna-imovina\/","name":"Prvi metri novih cesta pod upitnikom: Izgradnju puteva Tuzla - Mao\u010da i \u0160i\u0107ki Brod \u2013 \u0110ur\u0111evik blokira dr\u017eavna imovina - TuzlaInfo.ba","isPartOf":{"@id":"https:\/\/tuzlainfo.ba\/#website"},"primaryImageOfPage":{"@id":"https:\/\/tuzlainfo.ba\/index.php\/novosti\/item\/282171-prvi-metri-novih-cesta-pod-upitnikom-izgradnju-puteva-tuzla-maoca-i-sicki-brod-djurdjevik-blokira-drzavna-imovina\/#primaryimage"},"image":{"@id":"https:\/\/tuzlainfo.ba\/index.php\/novosti\/item\/282171-prvi-metri-novih-cesta-pod-upitnikom-izgradnju-puteva-tuzla-maoca-i-sicki-brod-djurdjevik-blokira-drzavna-imovina\/#primaryimage"},"thumbnailUrl":"https:\/\/tuzlainfo.ba\/wp-content\/uploads\/2025\/07\/petlja_sicki.jpg","datePublished":"2025-09-30T09:58:29+00:00","dateModified":"2025-09-30T09:58:29+00:00","breadcrumb":{"@id":"https:\/\/tuzlainfo.ba\/index.php\/novosti\/item\/282171-prvi-metri-novih-cesta-pod-upitnikom-izgradnju-puteva-tuzla-maoca-i-sicki-brod-djurdjevik-blokira-drzavna-imovina\/#breadcrumb"},"inLanguage":"bs-BA","potentialAction":[{"@type":"ReadAction","target":["https:\/\/tuzlainfo.ba\/index.php\/novosti\/item\/282171-prvi-metri-novih-cesta-pod-upitnikom-izgradnju-puteva-tuzla-maoca-i-sicki-brod-djurdjevik-blokira-drzavna-imovina\/"]}]},{"@type":"ImageObject","inLanguage":"bs-BA","@id":"https:\/\/tuzlainfo.ba\/index.php\/novosti\/item\/282171-prvi-metri-novih-cesta-pod-upitnikom-izgradnju-puteva-tuzla-maoca-i-sicki-brod-djurdjevik-blokira-drzavna-imovina\/#primaryimage","url":"https:\/\/tuzlainfo.ba\/wp-content\/uploads\/2025\/07\/petlja_sicki.jpg","contentUrl":"https:\/\/tuzlainfo.ba\/wp-content\/uploads\/2025\/07\/petlja_sicki.jpg","width":800,"height":400},{"@type":"BreadcrumbList","@id":"https:\/\/tuzlainfo.ba\/index.php\/novosti\/item\/282171-prvi-metri-novih-cesta-pod-upitnikom-izgradnju-puteva-tuzla-maoca-i-sicki-brod-djurdjevik-blokira-drzavna-imovina\/#breadcrumb","itemListElement":[{"@type":"ListItem","position":1,"name":"Home","item":"https:\/\/tuzlainfo.ba\/"},{"@type":"ListItem","position":2,"name":"Prvi metri novih cesta pod upitnikom: Izgradnju puteva Tuzla &#8211; Mao\u010da i \u0160i\u0107ki Brod \u2013 \u0110ur\u0111evik blokira dr\u017eavna imovina"}]},{"@type":"WebSite","@id":"https:\/\/tuzlainfo.ba\/#website","url":"https:\/\/tuzlainfo.ba\/","name":"TuzlaInfo.ba","description":"Tuzla info, gradski informator - Tuzla na dlanu","publisher":{"@id":"https:\/\/tuzlainfo.ba\/#organization"},"potentialAction":[{"@type":"SearchAction","target":{"@type":"EntryPoint","urlTemplate":"https:\/\/tuzlainfo.ba\/?s={search_term_string}"},"query-input":{"@type":"PropertyValueSpecification","valueRequired":true,"valueName":"search_term_string"}}],"inLanguage":"bs-BA"},{"@type":"Organization","@id":"https:\/\/tuzlainfo.ba\/#organization","name":"TuzlaInfo.ba","url":"https:\/\/tuzlainfo.ba\/","logo":{"@type":"ImageObject","inLanguage":"bs-BA","@id":"https:\/\/tuzlainfo.ba\/#\/schema\/logo\/image\/","url":"https:\/\/tuzlainfo.ba\/wp-content\/uploads\/2021\/03\/logo-ver-3-1.png","contentUrl":"https:\/\/tuzlainfo.ba\/wp-content\/uploads\/2021\/03\/logo-ver-3-1.png","width":350,"height":95,"caption":"TuzlaInfo.ba"},"image":{"@id":"https:\/\/tuzlainfo.ba\/#\/schema\/logo\/image\/"},"sameAs":["https:\/\/www.facebook.com\/tuzlainfo.ba\/"]},{"@type":"Person","@id":"https:\/\/tuzlainfo.ba\/#\/schema\/person\/f434e20dc27ea133923aab08451b7f7f","name":"nedim","image":{"@type":"ImageObject","inLanguage":"bs-BA","@id":"https:\/\/tuzlainfo.ba\/#\/schema\/person\/image\/","url":"https:\/\/tuzlainfo.ba\/wp-content\/litespeed\/avatar\/aabad687af24844af817603ac1cbdc4f.jpg?ver=1776702173","contentUrl":"https:\/\/tuzlainfo.ba\/wp-content\/litespeed\/avatar\/aabad687af24844af817603ac1cbdc4f.jpg?ver=1776702173","caption":"nedim"},"description":"Tuzlainfo.ba pratite na dru\u0161tvenim mre\u017eama: Facebook, Instagram i Youtube. Svoje pri\u010de, upite i fotografije \u0161aljite na na\u0161u e-mail adresu."}]}},"_links":{"self":[{"href":"https:\/\/tuzlainfo.ba\/index.php\/wp-json\/wp\/v2\/posts\/282171"}],"collection":[{"href":"https:\/\/tuzlainfo.ba\/index.php\/wp-json\/wp\/v2\/posts"}],"about":[{"href":"https:\/\/tuzlainfo.ba\/index.php\/wp-json\/wp\/v2\/types\/post"}],"author":[{"embeddable":true,"href":"https:\/\/tuzlainfo.ba\/index.php\/wp-json\/wp\/v2\/users\/2"}],"replies":[{"embeddable":true,"href":"https:\/\/tuzlainfo.ba\/index.php\/wp-json\/wp\/v2\/comments?post=282171"}],"version-history":[{"count":1,"href":"https:\/\/tuzlainfo.ba\/index.php\/wp-json\/wp\/v2\/posts\/282171\/revisions"}],"predecessor-version":[{"id":282172,"href":"https:\/\/tuzlainfo.ba\/index.php\/wp-json\/wp\/v2\/posts\/282171\/revisions\/282172"}],"wp:featuredmedia":[{"embeddable":true,"href":"https:\/\/tuzlainfo.ba\/index.php\/wp-json\/wp\/v2\/media\/274247"}],"wp:attachment":[{"href":"https:\/\/tuzlainfo.ba\/index.php\/wp-json\/wp\/v2\/media?parent=282171"}],"wp:term":[{"taxonomy":"category","embeddable":true,"href":"https:\/\/tuzlainfo.ba\/index.php\/wp-json\/wp\/v2\/categories?post=282171"},{"taxonomy":"post_tag","embeddable":true,"href":"https:\/\/tuzlainfo.ba\/index.php\/wp-json\/wp\/v2\/tags?post=282171"}],"curies":[{"name":"wp","href":"https:\/\/api.w.org\/{rel}","templated":true}]}}