{"id":282053,"date":"2025-09-30T16:05:58","date_gmt":"2025-09-30T14:05:58","guid":{"rendered":"https:\/\/tuzlainfo.ba\/?p=282053"},"modified":"2025-09-30T12:06:50","modified_gmt":"2025-09-30T10:06:50","slug":"u-srijedu-u-tuzli-premijera-predstave-izvan-kontrole","status":"publish","type":"post","link":"https:\/\/tuzlainfo.ba\/index.php\/istaknuto\/item\/282053-u-srijedu-u-tuzli-premijera-predstave-izvan-kontrole\/","title":{"rendered":"Sutra u Tuzli premijera predstave \u201eIzvan kontrole\u201c"},"content":{"rendered":"<p>Dramski studio za djecu, mlade i odrasle Pozori\u0161ta mladih Tuzle, kao specifi\u010dan model odgoja djece i mladih kroz primjenu dramske pedagogije, realizuje se kontinuirano ve\u0107 22 godine. Ove godine projekat se ralizuje uz podr\u0161ku Grada Tuzle i Ministarstva za kulturu, sport i mlade Tuzlanskog kantona, a saglasnost za realizaciju dalo je Ministarstvo obrazovanja i nauke Tuzlanskog kantona.<\/p>\n<p>Polaznici grupe starijeg uzrasta u proteklom periodu spremali su ispitni igrokaz \u201eIzvan kontrole\u201d nastao po motivima drame \u201eKontrolni\u201c autorice Milene Depolo. Ova predstava nastaje u okviru projekta \u201ePovezivanje ta\u010daka 2 \u2013 unapre\u0111enje u\u010de\u0161c\u0301a djece u dono\u0161enju odluka za pobolj\u0161ana prava djeteta i demokratije u BiH&#8221; kojeg realizuje World Vision BH Fondacija u partnerstvu s Udru\u017eenjem \u201eNa\u0161a djeca\u201c Sarajevo i Ministarstvom za ljudska prava i izbjeglice Bosne i Hercegovine, a kojeg finansira Evropska unija.<\/p>\n<p>Pri\u010da prati porodi\u010dni \u017eivot \u010detvero djece iz disfunkcionalnih porodica i analizira obrasce pona\u0161anja i na\u010dine na koji se nose s razli\u010ditim problemima u odrastanju poput iskrivljene slike stvarnosti, vlastite nesigurnosti, podlo\u017enosti ovisnostima, anksioznosti i pojavi depresije&#8230; U kojoj mjeri je prisutan dijalog u odgoju djece i mladih? Da li djeca znaju i mogu donijeti ispravne odluke? Ili pak one koje ih mogu ko\u0161tati svijetle budu\u0107nosti?<\/p>\n<p>U predstavi igraju polaznici: Vildana Medi\u0107, Lamija Bu\u0161evac, Nela Nali\u0107, Amina Pepi\u0107, Mahir Smajilbegovi\u0107, Harun Kabil, Merjem Me\u0111edovi\u0107, Sadina Brki\u0107, Asja Tursunovi\u0107, Lana Junuzagi\u0107, Elvira Avdi\u0107, Nejra Huki\u0107, Maida Gazdi\u0107, Edita Osmanovi\u0107, Dario Luki\u0107, Amar Junuzovi\u0107, Sarah Tuli\u0107, Rania Deli\u0107, Azra Zahirovi\u0107 i Emina Husi\u0107. Adaptacija teksta uradile su Ajla Mu\u0161anovi\u0107 i Iris Stuhli, a re\u017eiju potpisuje Iris Stuhli.<\/p>\n<p>Premijerna prikazivanja predstave zakazana su za srijedu, 1.10.2025. godine na sceni Pozori\u0161ta mladih Tuzle (dvorana Kaleidoskop) s po\u010detkom u 17.00h i 19.00 sati.<\/p>\n<p>Informacije i rezervacije mjesta: 061 36 56 00.<\/p>\n","protected":false},"excerpt":{"rendered":"<p>Dramski studio za djecu, mlade i odrasle Pozori\u0161ta mladih Tuzle, kao specifi\u010dan model odgoja djece&hellip;<\/p>\n","protected":false},"author":4,"featured_media":282054,"comment_status":"closed","ping_status":"closed","sticky":false,"template":"","format":"standard","meta":{"_acf_changed":false,"footnotes":""},"categories":[304,11],"tags":[12808,2926,1009,2659],"acf":[],"yoast_head":"<!-- This site is optimized with the Yoast SEO plugin v23.5 - https:\/\/yoast.com\/wordpress\/plugins\/seo\/ -->\n<title>Sutra u Tuzli premijera predstave \u201eIzvan kontrole\u201c - TuzlaInfo.ba<\/title>\n<meta name=\"robots\" content=\"index, follow, max-snippet:-1, max-image-preview:large, max-video-preview:-1\" \/>\n<link rel=\"canonical\" href=\"https:\/\/tuzlainfo.ba\/index.php\/istaknuto\/item\/282053-u-srijedu-u-tuzli-premijera-predstave-izvan-kontrole\/\" \/>\n<meta property=\"og:locale\" content=\"bs_BA\" \/>\n<meta property=\"og:type\" content=\"article\" \/>\n<meta property=\"og:title\" content=\"Sutra u Tuzli premijera predstave \u201eIzvan kontrole\u201c - TuzlaInfo.ba\" \/>\n<meta property=\"og:description\" content=\"Dramski studio za djecu, mlade i odrasle Pozori\u0161ta mladih Tuzle, kao specifi\u010dan model odgoja djece&hellip;\" \/>\n<meta property=\"og:url\" content=\"https:\/\/tuzlainfo.ba\/index.php\/istaknuto\/item\/282053-u-srijedu-u-tuzli-premijera-predstave-izvan-kontrole\/\" \/>\n<meta property=\"og:site_name\" content=\"TuzlaInfo.ba\" \/>\n<meta property=\"article:publisher\" content=\"https:\/\/www.facebook.com\/tuzlainfo.ba\/\" \/>\n<meta property=\"article:published_time\" content=\"2025-09-30T14:05:58+00:00\" \/>\n<meta property=\"article:modified_time\" content=\"2025-09-30T10:06:50+00:00\" \/>\n<meta property=\"og:image\" content=\"https:\/\/tuzlainfo.ba\/wp-content\/uploads\/2025\/09\/Izvan-kontrole--1024x832.png\" \/>\n\t<meta property=\"og:image:width\" content=\"1024\" \/>\n\t<meta property=\"og:image:height\" content=\"832\" \/>\n\t<meta property=\"og:image:type\" content=\"image\/png\" \/>\n<meta name=\"author\" content=\"Tuzla Info\" \/>\n<meta name=\"twitter:card\" content=\"summary_large_image\" \/>\n<meta name=\"twitter:label1\" content=\"Written by\" \/>\n\t<meta name=\"twitter:data1\" content=\"Tuzla Info\" \/>\n\t<meta name=\"twitter:label2\" content=\"Est. reading time\" \/>\n\t<meta name=\"twitter:data2\" content=\"2 minute\" \/>\n<script type=\"application\/ld+json\" class=\"yoast-schema-graph\">{\"@context\":\"https:\/\/schema.org\",\"@graph\":[{\"@type\":\"Article\",\"@id\":\"https:\/\/tuzlainfo.ba\/index.php\/istaknuto\/item\/282053-u-srijedu-u-tuzli-premijera-predstave-izvan-kontrole\/#article\",\"isPartOf\":{\"@id\":\"https:\/\/tuzlainfo.ba\/index.php\/istaknuto\/item\/282053-u-srijedu-u-tuzli-premijera-predstave-izvan-kontrole\/\"},\"author\":{\"name\":\"Tuzla Info\",\"@id\":\"https:\/\/tuzlainfo.ba\/#\/schema\/person\/46cad4c57790cbc50781edd14870825a\"},\"headline\":\"Sutra u Tuzli premijera predstave \u201eIzvan kontrole\u201c\",\"datePublished\":\"2025-09-30T14:05:58+00:00\",\"dateModified\":\"2025-09-30T10:06:50+00:00\",\"mainEntityOfPage\":{\"@id\":\"https:\/\/tuzlainfo.ba\/index.php\/istaknuto\/item\/282053-u-srijedu-u-tuzli-premijera-predstave-izvan-kontrole\/\"},\"wordCount\":309,\"publisher\":{\"@id\":\"https:\/\/tuzlainfo.ba\/#organization\"},\"image\":{\"@id\":\"https:\/\/tuzlainfo.ba\/index.php\/istaknuto\/item\/282053-u-srijedu-u-tuzli-premijera-predstave-izvan-kontrole\/#primaryimage\"},\"thumbnailUrl\":\"https:\/\/tuzlainfo.ba\/wp-content\/uploads\/2025\/09\/Izvan-kontrole-.png\",\"keywords\":[\"izvan kontrole\",\"pozori\u0161te mladih tuzla\",\"predstava\",\"premijera\"],\"articleSection\":[\"Istaknuto\",\"Najave i doga\u0111aji\"],\"inLanguage\":\"bs-BA\"},{\"@type\":\"WebPage\",\"@id\":\"https:\/\/tuzlainfo.ba\/index.php\/istaknuto\/item\/282053-u-srijedu-u-tuzli-premijera-predstave-izvan-kontrole\/\",\"url\":\"https:\/\/tuzlainfo.ba\/index.php\/istaknuto\/item\/282053-u-srijedu-u-tuzli-premijera-predstave-izvan-kontrole\/\",\"name\":\"Sutra u Tuzli premijera predstave \u201eIzvan kontrole\u201c - TuzlaInfo.ba\",\"isPartOf\":{\"@id\":\"https:\/\/tuzlainfo.ba\/#website\"},\"primaryImageOfPage\":{\"@id\":\"https:\/\/tuzlainfo.ba\/index.php\/istaknuto\/item\/282053-u-srijedu-u-tuzli-premijera-predstave-izvan-kontrole\/#primaryimage\"},\"image\":{\"@id\":\"https:\/\/tuzlainfo.ba\/index.php\/istaknuto\/item\/282053-u-srijedu-u-tuzli-premijera-predstave-izvan-kontrole\/#primaryimage\"},\"thumbnailUrl\":\"https:\/\/tuzlainfo.ba\/wp-content\/uploads\/2025\/09\/Izvan-kontrole-.png\",\"datePublished\":\"2025-09-30T14:05:58+00:00\",\"dateModified\":\"2025-09-30T10:06:50+00:00\",\"breadcrumb\":{\"@id\":\"https:\/\/tuzlainfo.ba\/index.php\/istaknuto\/item\/282053-u-srijedu-u-tuzli-premijera-predstave-izvan-kontrole\/#breadcrumb\"},\"inLanguage\":\"bs-BA\",\"potentialAction\":[{\"@type\":\"ReadAction\",\"target\":[\"https:\/\/tuzlainfo.ba\/index.php\/istaknuto\/item\/282053-u-srijedu-u-tuzli-premijera-predstave-izvan-kontrole\/\"]}]},{\"@type\":\"ImageObject\",\"inLanguage\":\"bs-BA\",\"@id\":\"https:\/\/tuzlainfo.ba\/index.php\/istaknuto\/item\/282053-u-srijedu-u-tuzli-premijera-predstave-izvan-kontrole\/#primaryimage\",\"url\":\"https:\/\/tuzlainfo.ba\/wp-content\/uploads\/2025\/09\/Izvan-kontrole-.png\",\"contentUrl\":\"https:\/\/tuzlainfo.ba\/wp-content\/uploads\/2025\/09\/Izvan-kontrole-.png\",\"width\":5400,\"height\":4387},{\"@type\":\"BreadcrumbList\",\"@id\":\"https:\/\/tuzlainfo.ba\/index.php\/istaknuto\/item\/282053-u-srijedu-u-tuzli-premijera-predstave-izvan-kontrole\/#breadcrumb\",\"itemListElement\":[{\"@type\":\"ListItem\",\"position\":1,\"name\":\"Home\",\"item\":\"https:\/\/tuzlainfo.ba\/\"},{\"@type\":\"ListItem\",\"position\":2,\"name\":\"Sutra u Tuzli premijera predstave \u201eIzvan kontrole\u201c\"}]},{\"@type\":\"WebSite\",\"@id\":\"https:\/\/tuzlainfo.ba\/#website\",\"url\":\"https:\/\/tuzlainfo.ba\/\",\"name\":\"TuzlaInfo.ba\",\"description\":\"Tuzla info, gradski informator - Tuzla na dlanu\",\"publisher\":{\"@id\":\"https:\/\/tuzlainfo.ba\/#organization\"},\"potentialAction\":[{\"@type\":\"SearchAction\",\"target\":{\"@type\":\"EntryPoint\",\"urlTemplate\":\"https:\/\/tuzlainfo.ba\/?s={search_term_string}\"},\"query-input\":{\"@type\":\"PropertyValueSpecification\",\"valueRequired\":true,\"valueName\":\"search_term_string\"}}],\"inLanguage\":\"bs-BA\"},{\"@type\":\"Organization\",\"@id\":\"https:\/\/tuzlainfo.ba\/#organization\",\"name\":\"TuzlaInfo.ba\",\"url\":\"https:\/\/tuzlainfo.ba\/\",\"logo\":{\"@type\":\"ImageObject\",\"inLanguage\":\"bs-BA\",\"@id\":\"https:\/\/tuzlainfo.ba\/#\/schema\/logo\/image\/\",\"url\":\"https:\/\/tuzlainfo.ba\/wp-content\/uploads\/2021\/03\/logo-ver-3-1.png\",\"contentUrl\":\"https:\/\/tuzlainfo.ba\/wp-content\/uploads\/2021\/03\/logo-ver-3-1.png\",\"width\":350,\"height\":95,\"caption\":\"TuzlaInfo.ba\"},\"image\":{\"@id\":\"https:\/\/tuzlainfo.ba\/#\/schema\/logo\/image\/\"},\"sameAs\":[\"https:\/\/www.facebook.com\/tuzlainfo.ba\/\"]},{\"@type\":\"Person\",\"@id\":\"https:\/\/tuzlainfo.ba\/#\/schema\/person\/46cad4c57790cbc50781edd14870825a\",\"name\":\"Tuzla Info\",\"image\":{\"@type\":\"ImageObject\",\"inLanguage\":\"bs-BA\",\"@id\":\"https:\/\/tuzlainfo.ba\/#\/schema\/person\/image\/\",\"url\":\"https:\/\/tuzlainfo.ba\/wp-content\/litespeed\/avatar\/b6c453a6c38e3654f2e4416c643fc25c.jpg?ver=1777051911\",\"contentUrl\":\"https:\/\/tuzlainfo.ba\/wp-content\/litespeed\/avatar\/b6c453a6c38e3654f2e4416c643fc25c.jpg?ver=1777051911\",\"caption\":\"Tuzla Info\"}}]}<\/script>\n<!-- \/ Yoast SEO plugin. -->","yoast_head_json":{"title":"Sutra u Tuzli premijera predstave \u201eIzvan kontrole\u201c - TuzlaInfo.ba","robots":{"index":"index","follow":"follow","max-snippet":"max-snippet:-1","max-image-preview":"max-image-preview:large","max-video-preview":"max-video-preview:-1"},"canonical":"https:\/\/tuzlainfo.ba\/index.php\/istaknuto\/item\/282053-u-srijedu-u-tuzli-premijera-predstave-izvan-kontrole\/","og_locale":"bs_BA","og_type":"article","og_title":"Sutra u Tuzli premijera predstave \u201eIzvan kontrole\u201c - TuzlaInfo.ba","og_description":"Dramski studio za djecu, mlade i odrasle Pozori\u0161ta mladih Tuzle, kao specifi\u010dan model odgoja djece&hellip;","og_url":"https:\/\/tuzlainfo.ba\/index.php\/istaknuto\/item\/282053-u-srijedu-u-tuzli-premijera-predstave-izvan-kontrole\/","og_site_name":"TuzlaInfo.ba","article_publisher":"https:\/\/www.facebook.com\/tuzlainfo.ba\/","article_published_time":"2025-09-30T14:05:58+00:00","article_modified_time":"2025-09-30T10:06:50+00:00","og_image":[{"width":1024,"height":832,"url":"https:\/\/tuzlainfo.ba\/wp-content\/uploads\/2025\/09\/Izvan-kontrole--1024x832.png","type":"image\/png"}],"author":"Tuzla Info","twitter_card":"summary_large_image","twitter_misc":{"Written by":"Tuzla Info","Est. reading time":"2 minute"},"schema":{"@context":"https:\/\/schema.org","@graph":[{"@type":"Article","@id":"https:\/\/tuzlainfo.ba\/index.php\/istaknuto\/item\/282053-u-srijedu-u-tuzli-premijera-predstave-izvan-kontrole\/#article","isPartOf":{"@id":"https:\/\/tuzlainfo.ba\/index.php\/istaknuto\/item\/282053-u-srijedu-u-tuzli-premijera-predstave-izvan-kontrole\/"},"author":{"name":"Tuzla Info","@id":"https:\/\/tuzlainfo.ba\/#\/schema\/person\/46cad4c57790cbc50781edd14870825a"},"headline":"Sutra u Tuzli premijera predstave \u201eIzvan kontrole\u201c","datePublished":"2025-09-30T14:05:58+00:00","dateModified":"2025-09-30T10:06:50+00:00","mainEntityOfPage":{"@id":"https:\/\/tuzlainfo.ba\/index.php\/istaknuto\/item\/282053-u-srijedu-u-tuzli-premijera-predstave-izvan-kontrole\/"},"wordCount":309,"publisher":{"@id":"https:\/\/tuzlainfo.ba\/#organization"},"image":{"@id":"https:\/\/tuzlainfo.ba\/index.php\/istaknuto\/item\/282053-u-srijedu-u-tuzli-premijera-predstave-izvan-kontrole\/#primaryimage"},"thumbnailUrl":"https:\/\/tuzlainfo.ba\/wp-content\/uploads\/2025\/09\/Izvan-kontrole-.png","keywords":["izvan kontrole","pozori\u0161te mladih tuzla","predstava","premijera"],"articleSection":["Istaknuto","Najave i doga\u0111aji"],"inLanguage":"bs-BA"},{"@type":"WebPage","@id":"https:\/\/tuzlainfo.ba\/index.php\/istaknuto\/item\/282053-u-srijedu-u-tuzli-premijera-predstave-izvan-kontrole\/","url":"https:\/\/tuzlainfo.ba\/index.php\/istaknuto\/item\/282053-u-srijedu-u-tuzli-premijera-predstave-izvan-kontrole\/","name":"Sutra u Tuzli premijera predstave \u201eIzvan kontrole\u201c - TuzlaInfo.ba","isPartOf":{"@id":"https:\/\/tuzlainfo.ba\/#website"},"primaryImageOfPage":{"@id":"https:\/\/tuzlainfo.ba\/index.php\/istaknuto\/item\/282053-u-srijedu-u-tuzli-premijera-predstave-izvan-kontrole\/#primaryimage"},"image":{"@id":"https:\/\/tuzlainfo.ba\/index.php\/istaknuto\/item\/282053-u-srijedu-u-tuzli-premijera-predstave-izvan-kontrole\/#primaryimage"},"thumbnailUrl":"https:\/\/tuzlainfo.ba\/wp-content\/uploads\/2025\/09\/Izvan-kontrole-.png","datePublished":"2025-09-30T14:05:58+00:00","dateModified":"2025-09-30T10:06:50+00:00","breadcrumb":{"@id":"https:\/\/tuzlainfo.ba\/index.php\/istaknuto\/item\/282053-u-srijedu-u-tuzli-premijera-predstave-izvan-kontrole\/#breadcrumb"},"inLanguage":"bs-BA","potentialAction":[{"@type":"ReadAction","target":["https:\/\/tuzlainfo.ba\/index.php\/istaknuto\/item\/282053-u-srijedu-u-tuzli-premijera-predstave-izvan-kontrole\/"]}]},{"@type":"ImageObject","inLanguage":"bs-BA","@id":"https:\/\/tuzlainfo.ba\/index.php\/istaknuto\/item\/282053-u-srijedu-u-tuzli-premijera-predstave-izvan-kontrole\/#primaryimage","url":"https:\/\/tuzlainfo.ba\/wp-content\/uploads\/2025\/09\/Izvan-kontrole-.png","contentUrl":"https:\/\/tuzlainfo.ba\/wp-content\/uploads\/2025\/09\/Izvan-kontrole-.png","width":5400,"height":4387},{"@type":"BreadcrumbList","@id":"https:\/\/tuzlainfo.ba\/index.php\/istaknuto\/item\/282053-u-srijedu-u-tuzli-premijera-predstave-izvan-kontrole\/#breadcrumb","itemListElement":[{"@type":"ListItem","position":1,"name":"Home","item":"https:\/\/tuzlainfo.ba\/"},{"@type":"ListItem","position":2,"name":"Sutra u Tuzli premijera predstave \u201eIzvan kontrole\u201c"}]},{"@type":"WebSite","@id":"https:\/\/tuzlainfo.ba\/#website","url":"https:\/\/tuzlainfo.ba\/","name":"TuzlaInfo.ba","description":"Tuzla info, gradski informator - Tuzla na dlanu","publisher":{"@id":"https:\/\/tuzlainfo.ba\/#organization"},"potentialAction":[{"@type":"SearchAction","target":{"@type":"EntryPoint","urlTemplate":"https:\/\/tuzlainfo.ba\/?s={search_term_string}"},"query-input":{"@type":"PropertyValueSpecification","valueRequired":true,"valueName":"search_term_string"}}],"inLanguage":"bs-BA"},{"@type":"Organization","@id":"https:\/\/tuzlainfo.ba\/#organization","name":"TuzlaInfo.ba","url":"https:\/\/tuzlainfo.ba\/","logo":{"@type":"ImageObject","inLanguage":"bs-BA","@id":"https:\/\/tuzlainfo.ba\/#\/schema\/logo\/image\/","url":"https:\/\/tuzlainfo.ba\/wp-content\/uploads\/2021\/03\/logo-ver-3-1.png","contentUrl":"https:\/\/tuzlainfo.ba\/wp-content\/uploads\/2021\/03\/logo-ver-3-1.png","width":350,"height":95,"caption":"TuzlaInfo.ba"},"image":{"@id":"https:\/\/tuzlainfo.ba\/#\/schema\/logo\/image\/"},"sameAs":["https:\/\/www.facebook.com\/tuzlainfo.ba\/"]},{"@type":"Person","@id":"https:\/\/tuzlainfo.ba\/#\/schema\/person\/46cad4c57790cbc50781edd14870825a","name":"Tuzla Info","image":{"@type":"ImageObject","inLanguage":"bs-BA","@id":"https:\/\/tuzlainfo.ba\/#\/schema\/person\/image\/","url":"https:\/\/tuzlainfo.ba\/wp-content\/litespeed\/avatar\/b6c453a6c38e3654f2e4416c643fc25c.jpg?ver=1777051911","contentUrl":"https:\/\/tuzlainfo.ba\/wp-content\/litespeed\/avatar\/b6c453a6c38e3654f2e4416c643fc25c.jpg?ver=1777051911","caption":"Tuzla Info"}}]}},"_links":{"self":[{"href":"https:\/\/tuzlainfo.ba\/index.php\/wp-json\/wp\/v2\/posts\/282053"}],"collection":[{"href":"https:\/\/tuzlainfo.ba\/index.php\/wp-json\/wp\/v2\/posts"}],"about":[{"href":"https:\/\/tuzlainfo.ba\/index.php\/wp-json\/wp\/v2\/types\/post"}],"author":[{"embeddable":true,"href":"https:\/\/tuzlainfo.ba\/index.php\/wp-json\/wp\/v2\/users\/4"}],"replies":[{"embeddable":true,"href":"https:\/\/tuzlainfo.ba\/index.php\/wp-json\/wp\/v2\/comments?post=282053"}],"version-history":[{"count":2,"href":"https:\/\/tuzlainfo.ba\/index.php\/wp-json\/wp\/v2\/posts\/282053\/revisions"}],"predecessor-version":[{"id":282170,"href":"https:\/\/tuzlainfo.ba\/index.php\/wp-json\/wp\/v2\/posts\/282053\/revisions\/282170"}],"wp:featuredmedia":[{"embeddable":true,"href":"https:\/\/tuzlainfo.ba\/index.php\/wp-json\/wp\/v2\/media\/282054"}],"wp:attachment":[{"href":"https:\/\/tuzlainfo.ba\/index.php\/wp-json\/wp\/v2\/media?parent=282053"}],"wp:term":[{"taxonomy":"category","embeddable":true,"href":"https:\/\/tuzlainfo.ba\/index.php\/wp-json\/wp\/v2\/categories?post=282053"},{"taxonomy":"post_tag","embeddable":true,"href":"https:\/\/tuzlainfo.ba\/index.php\/wp-json\/wp\/v2\/tags?post=282053"}],"curies":[{"name":"wp","href":"https:\/\/api.w.org\/{rel}","templated":true}]}}