{"id":281996,"date":"2025-09-27T10:07:08","date_gmt":"2025-09-27T08:07:08","guid":{"rendered":"https:\/\/tuzlainfo.ba\/?p=281996"},"modified":"2025-09-27T10:07:08","modified_gmt":"2025-09-27T08:07:08","slug":"medjunarodni-dani-keranja-i-cipkarstva-gracanica-2025-otvorena-izlozba-medjunarodnih-i-domacih-izlagaca","status":"publish","type":"post","link":"https:\/\/tuzlainfo.ba\/index.php\/novosti\/item\/281996-medjunarodni-dani-keranja-i-cipkarstva-gracanica-2025-otvorena-izlozba-medjunarodnih-i-domacih-izlagaca\/","title":{"rendered":"Me\u0111unarodni dani keranja i \u010dipkarstva \u2013 Gra\u010danica 2025: Otvorena izlo\u017eba me\u0111unarodnih i doma\u0107ih izlaga\u010da"},"content":{"rendered":"<p>&#8220;Keranje i \u010dipka nisu samo rukotvorine \u2013 one su identitet, ponos i naslije\u0111e Gra\u010danice.\u201c<\/p>\n<p>Ovim rije\u010dima najbolje se mo\u017ee opisati zna\u010daj manifestacije Me\u0111unarodni dani keranja i \u010dipkarstva \u2013 Gra\u010danica 2025., koja je ju\u010der sve\u010dano otvorena.<\/p>\n<p>Program je zapo\u010deo do\u010dekom gostiju i zajedni\u010dkim ru\u010dkom dobrodo\u0161lice, nakon \u010dega su brojni izlaga\u010di uredili svoje \u0161tandove.<\/p>\n<p>Centralni doga\u0111aj prvog dana festivala bilo je upravo otvaranje izlo\u017ebe u 18 sati, koje je okupilo ljubitelje umjetnosti, tradicije i kulturnog naslje\u0111a.<\/p>\n<p>Posjetioci su imali priliku razgledati rukotvorine, \u010dipku i keranje, kao i druge proizvode koji svjedo\u010de o bogatstvu nematerijalne kulturne ba\u0161tine Gra\u010danice i Bosne i Hercegovine, ali i partnerskih zemalja.<\/p>\n<p>Ovaj festival, koji traje tri dana, ima za cilj o\u010duvanje i promociju vje\u0161tina koje su stolje\u0107ima stvarale \u017eene ovog kraja, prenose\u0107i ljepotu i tradiciju s generacije na generaciju.<\/p>\n<p>Manifestacija istovremeno povezuje pro\u0161lost i sada\u0161njost, potvr\u0111uju\u0107i va\u017enost njegovanja kulturnih vrijednosti koje oblikuju identitet na\u0161eg podneblja.<\/p>\n","protected":false},"excerpt":{"rendered":"<p>&#8220;Keranje i \u010dipka nisu samo rukotvorine \u2013 one su identitet, ponos i naslije\u0111e Gra\u010danice.\u201c Ovim&hellip;<\/p>\n","protected":false},"author":2,"featured_media":281997,"comment_status":"closed","ping_status":"closed","sticky":false,"template":"","format":"standard","meta":{"_acf_changed":false,"footnotes":""},"categories":[304,12],"tags":[12698,1036],"acf":[],"yoast_head":"<!-- This site is optimized with the Yoast SEO plugin v23.5 - https:\/\/yoast.com\/wordpress\/plugins\/seo\/ -->\n<title>Me\u0111unarodni dani keranja i \u010dipkarstva \u2013 Gra\u010danica 2025: Otvorena izlo\u017eba me\u0111unarodnih i doma\u0107ih izlaga\u010da - TuzlaInfo.ba<\/title>\n<meta name=\"robots\" content=\"index, follow, max-snippet:-1, max-image-preview:large, max-video-preview:-1\" \/>\n<link rel=\"canonical\" href=\"https:\/\/tuzlainfo.ba\/index.php\/novosti\/item\/281996-medjunarodni-dani-keranja-i-cipkarstva-gracanica-2025-otvorena-izlozba-medjunarodnih-i-domacih-izlagaca\/\" \/>\n<meta property=\"og:locale\" content=\"bs_BA\" \/>\n<meta property=\"og:type\" content=\"article\" \/>\n<meta property=\"og:title\" content=\"Me\u0111unarodni dani keranja i \u010dipkarstva \u2013 Gra\u010danica 2025: Otvorena izlo\u017eba me\u0111unarodnih i doma\u0107ih izlaga\u010da - TuzlaInfo.ba\" \/>\n<meta property=\"og:description\" content=\"&#8220;Keranje i \u010dipka nisu samo rukotvorine \u2013 one su identitet, ponos i naslije\u0111e Gra\u010danice.\u201c Ovim&hellip;\" \/>\n<meta property=\"og:url\" content=\"https:\/\/tuzlainfo.ba\/index.php\/novosti\/item\/281996-medjunarodni-dani-keranja-i-cipkarstva-gracanica-2025-otvorena-izlozba-medjunarodnih-i-domacih-izlagaca\/\" \/>\n<meta property=\"og:site_name\" content=\"TuzlaInfo.ba\" \/>\n<meta property=\"article:publisher\" content=\"https:\/\/www.facebook.com\/tuzlainfo.ba\/\" \/>\n<meta property=\"article:published_time\" content=\"2025-09-27T08:07:08+00:00\" \/>\n<meta property=\"og:image\" content=\"https:\/\/tuzlainfo.ba\/wp-content\/uploads\/2025\/09\/2709_izlozba_keranje.jpg\" \/>\n\t<meta property=\"og:image:width\" content=\"1000\" \/>\n\t<meta property=\"og:image:height\" content=\"600\" \/>\n\t<meta property=\"og:image:type\" content=\"image\/jpeg\" \/>\n<meta name=\"author\" content=\"nedim\" \/>\n<meta name=\"twitter:card\" content=\"summary_large_image\" \/>\n<meta name=\"twitter:label1\" content=\"Written by\" \/>\n\t<meta name=\"twitter:data1\" content=\"nedim\" \/>\n\t<meta name=\"twitter:label2\" content=\"Est. reading time\" \/>\n\t<meta name=\"twitter:data2\" content=\"1 minuta\" \/>\n<script type=\"application\/ld+json\" class=\"yoast-schema-graph\">{\"@context\":\"https:\/\/schema.org\",\"@graph\":[{\"@type\":\"Article\",\"@id\":\"https:\/\/tuzlainfo.ba\/index.php\/novosti\/item\/281996-medjunarodni-dani-keranja-i-cipkarstva-gracanica-2025-otvorena-izlozba-medjunarodnih-i-domacih-izlagaca\/#article\",\"isPartOf\":{\"@id\":\"https:\/\/tuzlainfo.ba\/index.php\/novosti\/item\/281996-medjunarodni-dani-keranja-i-cipkarstva-gracanica-2025-otvorena-izlozba-medjunarodnih-i-domacih-izlagaca\/\"},\"author\":{\"name\":\"nedim\",\"@id\":\"https:\/\/tuzlainfo.ba\/#\/schema\/person\/f434e20dc27ea133923aab08451b7f7f\"},\"headline\":\"Me\u0111unarodni dani keranja i \u010dipkarstva \u2013 Gra\u010danica 2025: Otvorena izlo\u017eba me\u0111unarodnih i doma\u0107ih izlaga\u010da\",\"datePublished\":\"2025-09-27T08:07:08+00:00\",\"dateModified\":\"2025-09-27T08:07:08+00:00\",\"mainEntityOfPage\":{\"@id\":\"https:\/\/tuzlainfo.ba\/index.php\/novosti\/item\/281996-medjunarodni-dani-keranja-i-cipkarstva-gracanica-2025-otvorena-izlozba-medjunarodnih-i-domacih-izlagaca\/\"},\"wordCount\":192,\"publisher\":{\"@id\":\"https:\/\/tuzlainfo.ba\/#organization\"},\"image\":{\"@id\":\"https:\/\/tuzlainfo.ba\/index.php\/novosti\/item\/281996-medjunarodni-dani-keranja-i-cipkarstva-gracanica-2025-otvorena-izlozba-medjunarodnih-i-domacih-izlagaca\/#primaryimage\"},\"thumbnailUrl\":\"https:\/\/tuzlainfo.ba\/wp-content\/uploads\/2025\/09\/2709_izlozba_keranje.jpg\",\"keywords\":[\"gra\u010dani\u010dko keranje\",\"izlo\u017eba\"],\"articleSection\":[\"Istaknuto\",\"Novosti\"],\"inLanguage\":\"bs-BA\"},{\"@type\":\"WebPage\",\"@id\":\"https:\/\/tuzlainfo.ba\/index.php\/novosti\/item\/281996-medjunarodni-dani-keranja-i-cipkarstva-gracanica-2025-otvorena-izlozba-medjunarodnih-i-domacih-izlagaca\/\",\"url\":\"https:\/\/tuzlainfo.ba\/index.php\/novosti\/item\/281996-medjunarodni-dani-keranja-i-cipkarstva-gracanica-2025-otvorena-izlozba-medjunarodnih-i-domacih-izlagaca\/\",\"name\":\"Me\u0111unarodni dani keranja i \u010dipkarstva \u2013 Gra\u010danica 2025: Otvorena izlo\u017eba me\u0111unarodnih i doma\u0107ih izlaga\u010da - TuzlaInfo.ba\",\"isPartOf\":{\"@id\":\"https:\/\/tuzlainfo.ba\/#website\"},\"primaryImageOfPage\":{\"@id\":\"https:\/\/tuzlainfo.ba\/index.php\/novosti\/item\/281996-medjunarodni-dani-keranja-i-cipkarstva-gracanica-2025-otvorena-izlozba-medjunarodnih-i-domacih-izlagaca\/#primaryimage\"},\"image\":{\"@id\":\"https:\/\/tuzlainfo.ba\/index.php\/novosti\/item\/281996-medjunarodni-dani-keranja-i-cipkarstva-gracanica-2025-otvorena-izlozba-medjunarodnih-i-domacih-izlagaca\/#primaryimage\"},\"thumbnailUrl\":\"https:\/\/tuzlainfo.ba\/wp-content\/uploads\/2025\/09\/2709_izlozba_keranje.jpg\",\"datePublished\":\"2025-09-27T08:07:08+00:00\",\"dateModified\":\"2025-09-27T08:07:08+00:00\",\"breadcrumb\":{\"@id\":\"https:\/\/tuzlainfo.ba\/index.php\/novosti\/item\/281996-medjunarodni-dani-keranja-i-cipkarstva-gracanica-2025-otvorena-izlozba-medjunarodnih-i-domacih-izlagaca\/#breadcrumb\"},\"inLanguage\":\"bs-BA\",\"potentialAction\":[{\"@type\":\"ReadAction\",\"target\":[\"https:\/\/tuzlainfo.ba\/index.php\/novosti\/item\/281996-medjunarodni-dani-keranja-i-cipkarstva-gracanica-2025-otvorena-izlozba-medjunarodnih-i-domacih-izlagaca\/\"]}]},{\"@type\":\"ImageObject\",\"inLanguage\":\"bs-BA\",\"@id\":\"https:\/\/tuzlainfo.ba\/index.php\/novosti\/item\/281996-medjunarodni-dani-keranja-i-cipkarstva-gracanica-2025-otvorena-izlozba-medjunarodnih-i-domacih-izlagaca\/#primaryimage\",\"url\":\"https:\/\/tuzlainfo.ba\/wp-content\/uploads\/2025\/09\/2709_izlozba_keranje.jpg\",\"contentUrl\":\"https:\/\/tuzlainfo.ba\/wp-content\/uploads\/2025\/09\/2709_izlozba_keranje.jpg\",\"width\":1000,\"height\":600},{\"@type\":\"BreadcrumbList\",\"@id\":\"https:\/\/tuzlainfo.ba\/index.php\/novosti\/item\/281996-medjunarodni-dani-keranja-i-cipkarstva-gracanica-2025-otvorena-izlozba-medjunarodnih-i-domacih-izlagaca\/#breadcrumb\",\"itemListElement\":[{\"@type\":\"ListItem\",\"position\":1,\"name\":\"Home\",\"item\":\"https:\/\/tuzlainfo.ba\/\"},{\"@type\":\"ListItem\",\"position\":2,\"name\":\"Me\u0111unarodni dani keranja i \u010dipkarstva \u2013 Gra\u010danica 2025: Otvorena izlo\u017eba me\u0111unarodnih i doma\u0107ih izlaga\u010da\"}]},{\"@type\":\"WebSite\",\"@id\":\"https:\/\/tuzlainfo.ba\/#website\",\"url\":\"https:\/\/tuzlainfo.ba\/\",\"name\":\"TuzlaInfo.ba\",\"description\":\"Tuzla info, gradski informator - Tuzla na dlanu\",\"publisher\":{\"@id\":\"https:\/\/tuzlainfo.ba\/#organization\"},\"potentialAction\":[{\"@type\":\"SearchAction\",\"target\":{\"@type\":\"EntryPoint\",\"urlTemplate\":\"https:\/\/tuzlainfo.ba\/?s={search_term_string}\"},\"query-input\":{\"@type\":\"PropertyValueSpecification\",\"valueRequired\":true,\"valueName\":\"search_term_string\"}}],\"inLanguage\":\"bs-BA\"},{\"@type\":\"Organization\",\"@id\":\"https:\/\/tuzlainfo.ba\/#organization\",\"name\":\"TuzlaInfo.ba\",\"url\":\"https:\/\/tuzlainfo.ba\/\",\"logo\":{\"@type\":\"ImageObject\",\"inLanguage\":\"bs-BA\",\"@id\":\"https:\/\/tuzlainfo.ba\/#\/schema\/logo\/image\/\",\"url\":\"https:\/\/tuzlainfo.ba\/wp-content\/uploads\/2021\/03\/logo-ver-3-1.png\",\"contentUrl\":\"https:\/\/tuzlainfo.ba\/wp-content\/uploads\/2021\/03\/logo-ver-3-1.png\",\"width\":350,\"height\":95,\"caption\":\"TuzlaInfo.ba\"},\"image\":{\"@id\":\"https:\/\/tuzlainfo.ba\/#\/schema\/logo\/image\/\"},\"sameAs\":[\"https:\/\/www.facebook.com\/tuzlainfo.ba\/\"]},{\"@type\":\"Person\",\"@id\":\"https:\/\/tuzlainfo.ba\/#\/schema\/person\/f434e20dc27ea133923aab08451b7f7f\",\"name\":\"nedim\",\"image\":{\"@type\":\"ImageObject\",\"inLanguage\":\"bs-BA\",\"@id\":\"https:\/\/tuzlainfo.ba\/#\/schema\/person\/image\/\",\"url\":\"https:\/\/tuzlainfo.ba\/wp-content\/litespeed\/avatar\/aabad687af24844af817603ac1cbdc4f.jpg?ver=1777306975\",\"contentUrl\":\"https:\/\/tuzlainfo.ba\/wp-content\/litespeed\/avatar\/aabad687af24844af817603ac1cbdc4f.jpg?ver=1777306975\",\"caption\":\"nedim\"},\"description\":\"Tuzlainfo.ba pratite na dru\u0161tvenim mre\u017eama: Facebook, Instagram i Youtube. Svoje pri\u010de, upite i fotografije \u0161aljite na na\u0161u e-mail adresu.\"}]}<\/script>\n<!-- \/ Yoast SEO plugin. -->","yoast_head_json":{"title":"Me\u0111unarodni dani keranja i \u010dipkarstva \u2013 Gra\u010danica 2025: Otvorena izlo\u017eba me\u0111unarodnih i doma\u0107ih izlaga\u010da - TuzlaInfo.ba","robots":{"index":"index","follow":"follow","max-snippet":"max-snippet:-1","max-image-preview":"max-image-preview:large","max-video-preview":"max-video-preview:-1"},"canonical":"https:\/\/tuzlainfo.ba\/index.php\/novosti\/item\/281996-medjunarodni-dani-keranja-i-cipkarstva-gracanica-2025-otvorena-izlozba-medjunarodnih-i-domacih-izlagaca\/","og_locale":"bs_BA","og_type":"article","og_title":"Me\u0111unarodni dani keranja i \u010dipkarstva \u2013 Gra\u010danica 2025: Otvorena izlo\u017eba me\u0111unarodnih i doma\u0107ih izlaga\u010da - TuzlaInfo.ba","og_description":"&#8220;Keranje i \u010dipka nisu samo rukotvorine \u2013 one su identitet, ponos i naslije\u0111e Gra\u010danice.\u201c Ovim&hellip;","og_url":"https:\/\/tuzlainfo.ba\/index.php\/novosti\/item\/281996-medjunarodni-dani-keranja-i-cipkarstva-gracanica-2025-otvorena-izlozba-medjunarodnih-i-domacih-izlagaca\/","og_site_name":"TuzlaInfo.ba","article_publisher":"https:\/\/www.facebook.com\/tuzlainfo.ba\/","article_published_time":"2025-09-27T08:07:08+00:00","og_image":[{"width":1000,"height":600,"url":"https:\/\/tuzlainfo.ba\/wp-content\/uploads\/2025\/09\/2709_izlozba_keranje.jpg","type":"image\/jpeg"}],"author":"nedim","twitter_card":"summary_large_image","twitter_misc":{"Written by":"nedim","Est. reading time":"1 minuta"},"schema":{"@context":"https:\/\/schema.org","@graph":[{"@type":"Article","@id":"https:\/\/tuzlainfo.ba\/index.php\/novosti\/item\/281996-medjunarodni-dani-keranja-i-cipkarstva-gracanica-2025-otvorena-izlozba-medjunarodnih-i-domacih-izlagaca\/#article","isPartOf":{"@id":"https:\/\/tuzlainfo.ba\/index.php\/novosti\/item\/281996-medjunarodni-dani-keranja-i-cipkarstva-gracanica-2025-otvorena-izlozba-medjunarodnih-i-domacih-izlagaca\/"},"author":{"name":"nedim","@id":"https:\/\/tuzlainfo.ba\/#\/schema\/person\/f434e20dc27ea133923aab08451b7f7f"},"headline":"Me\u0111unarodni dani keranja i \u010dipkarstva \u2013 Gra\u010danica 2025: Otvorena izlo\u017eba me\u0111unarodnih i doma\u0107ih izlaga\u010da","datePublished":"2025-09-27T08:07:08+00:00","dateModified":"2025-09-27T08:07:08+00:00","mainEntityOfPage":{"@id":"https:\/\/tuzlainfo.ba\/index.php\/novosti\/item\/281996-medjunarodni-dani-keranja-i-cipkarstva-gracanica-2025-otvorena-izlozba-medjunarodnih-i-domacih-izlagaca\/"},"wordCount":192,"publisher":{"@id":"https:\/\/tuzlainfo.ba\/#organization"},"image":{"@id":"https:\/\/tuzlainfo.ba\/index.php\/novosti\/item\/281996-medjunarodni-dani-keranja-i-cipkarstva-gracanica-2025-otvorena-izlozba-medjunarodnih-i-domacih-izlagaca\/#primaryimage"},"thumbnailUrl":"https:\/\/tuzlainfo.ba\/wp-content\/uploads\/2025\/09\/2709_izlozba_keranje.jpg","keywords":["gra\u010dani\u010dko keranje","izlo\u017eba"],"articleSection":["Istaknuto","Novosti"],"inLanguage":"bs-BA"},{"@type":"WebPage","@id":"https:\/\/tuzlainfo.ba\/index.php\/novosti\/item\/281996-medjunarodni-dani-keranja-i-cipkarstva-gracanica-2025-otvorena-izlozba-medjunarodnih-i-domacih-izlagaca\/","url":"https:\/\/tuzlainfo.ba\/index.php\/novosti\/item\/281996-medjunarodni-dani-keranja-i-cipkarstva-gracanica-2025-otvorena-izlozba-medjunarodnih-i-domacih-izlagaca\/","name":"Me\u0111unarodni dani keranja i \u010dipkarstva \u2013 Gra\u010danica 2025: Otvorena izlo\u017eba me\u0111unarodnih i doma\u0107ih izlaga\u010da - TuzlaInfo.ba","isPartOf":{"@id":"https:\/\/tuzlainfo.ba\/#website"},"primaryImageOfPage":{"@id":"https:\/\/tuzlainfo.ba\/index.php\/novosti\/item\/281996-medjunarodni-dani-keranja-i-cipkarstva-gracanica-2025-otvorena-izlozba-medjunarodnih-i-domacih-izlagaca\/#primaryimage"},"image":{"@id":"https:\/\/tuzlainfo.ba\/index.php\/novosti\/item\/281996-medjunarodni-dani-keranja-i-cipkarstva-gracanica-2025-otvorena-izlozba-medjunarodnih-i-domacih-izlagaca\/#primaryimage"},"thumbnailUrl":"https:\/\/tuzlainfo.ba\/wp-content\/uploads\/2025\/09\/2709_izlozba_keranje.jpg","datePublished":"2025-09-27T08:07:08+00:00","dateModified":"2025-09-27T08:07:08+00:00","breadcrumb":{"@id":"https:\/\/tuzlainfo.ba\/index.php\/novosti\/item\/281996-medjunarodni-dani-keranja-i-cipkarstva-gracanica-2025-otvorena-izlozba-medjunarodnih-i-domacih-izlagaca\/#breadcrumb"},"inLanguage":"bs-BA","potentialAction":[{"@type":"ReadAction","target":["https:\/\/tuzlainfo.ba\/index.php\/novosti\/item\/281996-medjunarodni-dani-keranja-i-cipkarstva-gracanica-2025-otvorena-izlozba-medjunarodnih-i-domacih-izlagaca\/"]}]},{"@type":"ImageObject","inLanguage":"bs-BA","@id":"https:\/\/tuzlainfo.ba\/index.php\/novosti\/item\/281996-medjunarodni-dani-keranja-i-cipkarstva-gracanica-2025-otvorena-izlozba-medjunarodnih-i-domacih-izlagaca\/#primaryimage","url":"https:\/\/tuzlainfo.ba\/wp-content\/uploads\/2025\/09\/2709_izlozba_keranje.jpg","contentUrl":"https:\/\/tuzlainfo.ba\/wp-content\/uploads\/2025\/09\/2709_izlozba_keranje.jpg","width":1000,"height":600},{"@type":"BreadcrumbList","@id":"https:\/\/tuzlainfo.ba\/index.php\/novosti\/item\/281996-medjunarodni-dani-keranja-i-cipkarstva-gracanica-2025-otvorena-izlozba-medjunarodnih-i-domacih-izlagaca\/#breadcrumb","itemListElement":[{"@type":"ListItem","position":1,"name":"Home","item":"https:\/\/tuzlainfo.ba\/"},{"@type":"ListItem","position":2,"name":"Me\u0111unarodni dani keranja i \u010dipkarstva \u2013 Gra\u010danica 2025: Otvorena izlo\u017eba me\u0111unarodnih i doma\u0107ih izlaga\u010da"}]},{"@type":"WebSite","@id":"https:\/\/tuzlainfo.ba\/#website","url":"https:\/\/tuzlainfo.ba\/","name":"TuzlaInfo.ba","description":"Tuzla info, gradski informator - Tuzla na dlanu","publisher":{"@id":"https:\/\/tuzlainfo.ba\/#organization"},"potentialAction":[{"@type":"SearchAction","target":{"@type":"EntryPoint","urlTemplate":"https:\/\/tuzlainfo.ba\/?s={search_term_string}"},"query-input":{"@type":"PropertyValueSpecification","valueRequired":true,"valueName":"search_term_string"}}],"inLanguage":"bs-BA"},{"@type":"Organization","@id":"https:\/\/tuzlainfo.ba\/#organization","name":"TuzlaInfo.ba","url":"https:\/\/tuzlainfo.ba\/","logo":{"@type":"ImageObject","inLanguage":"bs-BA","@id":"https:\/\/tuzlainfo.ba\/#\/schema\/logo\/image\/","url":"https:\/\/tuzlainfo.ba\/wp-content\/uploads\/2021\/03\/logo-ver-3-1.png","contentUrl":"https:\/\/tuzlainfo.ba\/wp-content\/uploads\/2021\/03\/logo-ver-3-1.png","width":350,"height":95,"caption":"TuzlaInfo.ba"},"image":{"@id":"https:\/\/tuzlainfo.ba\/#\/schema\/logo\/image\/"},"sameAs":["https:\/\/www.facebook.com\/tuzlainfo.ba\/"]},{"@type":"Person","@id":"https:\/\/tuzlainfo.ba\/#\/schema\/person\/f434e20dc27ea133923aab08451b7f7f","name":"nedim","image":{"@type":"ImageObject","inLanguage":"bs-BA","@id":"https:\/\/tuzlainfo.ba\/#\/schema\/person\/image\/","url":"https:\/\/tuzlainfo.ba\/wp-content\/litespeed\/avatar\/aabad687af24844af817603ac1cbdc4f.jpg?ver=1777306975","contentUrl":"https:\/\/tuzlainfo.ba\/wp-content\/litespeed\/avatar\/aabad687af24844af817603ac1cbdc4f.jpg?ver=1777306975","caption":"nedim"},"description":"Tuzlainfo.ba pratite na dru\u0161tvenim mre\u017eama: Facebook, Instagram i Youtube. Svoje pri\u010de, upite i fotografije \u0161aljite na na\u0161u e-mail adresu."}]}},"_links":{"self":[{"href":"https:\/\/tuzlainfo.ba\/index.php\/wp-json\/wp\/v2\/posts\/281996"}],"collection":[{"href":"https:\/\/tuzlainfo.ba\/index.php\/wp-json\/wp\/v2\/posts"}],"about":[{"href":"https:\/\/tuzlainfo.ba\/index.php\/wp-json\/wp\/v2\/types\/post"}],"author":[{"embeddable":true,"href":"https:\/\/tuzlainfo.ba\/index.php\/wp-json\/wp\/v2\/users\/2"}],"replies":[{"embeddable":true,"href":"https:\/\/tuzlainfo.ba\/index.php\/wp-json\/wp\/v2\/comments?post=281996"}],"version-history":[{"count":1,"href":"https:\/\/tuzlainfo.ba\/index.php\/wp-json\/wp\/v2\/posts\/281996\/revisions"}],"predecessor-version":[{"id":281998,"href":"https:\/\/tuzlainfo.ba\/index.php\/wp-json\/wp\/v2\/posts\/281996\/revisions\/281998"}],"wp:featuredmedia":[{"embeddable":true,"href":"https:\/\/tuzlainfo.ba\/index.php\/wp-json\/wp\/v2\/media\/281997"}],"wp:attachment":[{"href":"https:\/\/tuzlainfo.ba\/index.php\/wp-json\/wp\/v2\/media?parent=281996"}],"wp:term":[{"taxonomy":"category","embeddable":true,"href":"https:\/\/tuzlainfo.ba\/index.php\/wp-json\/wp\/v2\/categories?post=281996"},{"taxonomy":"post_tag","embeddable":true,"href":"https:\/\/tuzlainfo.ba\/index.php\/wp-json\/wp\/v2\/tags?post=281996"}],"curies":[{"name":"wp","href":"https:\/\/api.w.org\/{rel}","templated":true}]}}