{"id":281886,"date":"2025-09-26T15:05:29","date_gmt":"2025-09-26T13:05:29","guid":{"rendered":"https:\/\/tuzlainfo.ba\/?p=281886"},"modified":"2025-09-26T13:30:34","modified_gmt":"2025-09-26T11:30:34","slug":"dialogos-na-sajmu-knjige-u-tuzli-fokus-na-palestinu-i-promocija-znacajnih-naslova","status":"publish","type":"post","link":"https:\/\/tuzlainfo.ba\/index.php\/novosti\/item\/281886-dialogos-na-sajmu-knjige-u-tuzli-fokus-na-palestinu-i-promocija-znacajnih-naslova\/","title":{"rendered":"&#8220;Dialogos&#8221; na Sajmu knjige u Tuzli: Fokus na Palestinu i promocija zna\u010dajnih naslova"},"content":{"rendered":"<p>Tuzlanska nevladina organizacija Dialogos, poznata po svom vi\u0161egodi\u0161njem djelovanju u oblasti edukacije i kulture, i ove godine predstavlja se na Sajmu knjige u Tuzli.<\/p>\n<p>Zahvaljuju\u0107i \u0161irokoj mre\u017ei partnera, Dialogos svake godine stipendira nekoliko desetaka u\u010denika i studenata u BiH, dok u izdava\u010dkom radu donosi djela najzna\u010dajnijih doma\u0107ih i svjetskih autora.<\/p>\n<p>U bogatom opusu ovog izdava\u010da nalaze se naslovi nastali u saradnji sa presti\u017enim svjetskim ku\u0107ama poput Penguin Random House, Cambridge University Press, Princeton University Press, Lexington Books, Kogan Page, Verso i drugih. Dialogos je sara\u0111ivao i s brojnim uglednim autorima iz Evrope i Amerike, me\u0111u kojima se posebno izdvaja pro\u0161logodi\u0161nji dobitnik Nobelove nagrade za ekonomiju Daron Acemoglu.<\/p>\n<div id=\"penci-post-gallery__82025\" class=\"penci-post-gallery-container masonry grid column-3\" data-height=\"150\" data-margin=\"3\"><div class=\"inner-gallery-masonry-container\"><div class=\"item-gallery-masonry grid\"><a class=\"\" href=\"https:\/\/tuzlainfo.ba\/wp-content\/uploads\/2025\/09\/2609_knjige_dialogos-1.jpg\"><div class=\"inner-item-masonry-gallery\"><img decoding=\"async\" src=\"https:\/\/tuzlainfo.ba\/wp-content\/uploads\/2025\/09\/2609_knjige_dialogos-1-585x390.jpg\" alt=\"\" title=\"2609_knjige_dialogos (1)\"><\/div><\/a><\/div><div class=\"item-gallery-masonry grid\"><a class=\"\" href=\"https:\/\/tuzlainfo.ba\/wp-content\/uploads\/2025\/09\/2609_knjige_dialogos-3.jpg\"><div class=\"inner-item-masonry-gallery\"><img decoding=\"async\" src=\"https:\/\/tuzlainfo.ba\/wp-content\/uploads\/2025\/09\/2609_knjige_dialogos-3-585x390.jpg\" alt=\"\" title=\"2609_knjige_dialogos (3)\"><\/div><\/a><\/div><div class=\"item-gallery-masonry grid\"><a class=\"\" href=\"https:\/\/tuzlainfo.ba\/wp-content\/uploads\/2025\/09\/2609_knjige_dialogos-2.jpg\"><div class=\"inner-item-masonry-gallery\"><img decoding=\"async\" src=\"https:\/\/tuzlainfo.ba\/wp-content\/uploads\/2025\/09\/2609_knjige_dialogos-2-585x390.jpg\" alt=\"\" title=\"2609_knjige_dialogos (2)\"><\/div><\/a><\/div><\/div><\/div>\n<p>Na \u0161tandu Dialogosa posjetioci mogu prona\u0107i izbor knjiga iz oblasti dru\u0161tvenih nauka, politike i kriti\u010dke misli, uklju\u010duju\u0107i aktuelne naslove kao \u0161to su: \u201cNegiranje: posljednja faza genocida\u201d, \u201cDeset mitova o Izraelu\u201d, \u201cGaza pred licem historije\u201d, \u201cPut do 7. oktobra\u201d i mnoge druge<\/p>\n<p><iframe title=\"Tuzlanska nevladina organizacija Dialogos predatavlja izdanja na Sajmu knjige u Tuzli\" width=\"1170\" height=\"658\" src=\"https:\/\/www.youtube.com\/embed\/dDNt2IiJtkA?feature=oembed\" frameborder=\"0\" allow=\"accelerometer; autoplay; clipboard-write; encrypted-media; gyroscope; picture-in-picture; web-share\" referrerpolicy=\"strict-origin-when-cross-origin\" allowfullscreen><\/iframe><\/p>\n<p>. Ove godine, u fokusu izdava\u010dke djelatnosti na\u0161la su se i djela o Palestini, kao i francusko i njema\u010dko izdanje knjige Svjedok genocida, djela koje je 1993. godine nagra\u0111eno Pulitzerovom nagradom. Poseban doga\u0111aj o\u010dekuje Tuzlu 7. oktobra, kada \u0107e na dan sna\u017ene simbolike biti odr\u017eana promocija knjige \u201cPut do 7. oktobra\u201d norve\u0161kog autora Erika Skarea. Promocija se organizuje u saradnji sa BKC-om Tuzla, a autor \u0107e tim povodom li\u010dno posjetiti Tuzlu i u\u010destvovati na predstavljanju svog djela.<strong>\/S.P.\/<\/strong><\/p>\n","protected":false},"excerpt":{"rendered":"<p>Tuzlanska nevladina organizacija Dialogos, poznata po svom vi\u0161egodi\u0161njem djelovanju u oblasti edukacije i kulture, i&hellip;<\/p>\n","protected":false},"author":2,"featured_media":281890,"comment_status":"closed","ping_status":"closed","sticky":false,"template":"","format":"standard","meta":{"_acf_changed":false,"footnotes":""},"categories":[304,12],"tags":[12800,11108],"acf":[],"yoast_head":"<!-- This site is optimized with the Yoast SEO plugin v23.5 - https:\/\/yoast.com\/wordpress\/plugins\/seo\/ -->\n<title>&quot;Dialogos&quot; na Sajmu knjige u Tuzli: Fokus na Palestinu i promocija zna\u010dajnih naslova - TuzlaInfo.ba<\/title>\n<meta name=\"robots\" content=\"index, follow, max-snippet:-1, max-image-preview:large, max-video-preview:-1\" \/>\n<link rel=\"canonical\" href=\"https:\/\/tuzlainfo.ba\/index.php\/novosti\/item\/281886-dialogos-na-sajmu-knjige-u-tuzli-fokus-na-palestinu-i-promocija-znacajnih-naslova\/\" \/>\n<meta property=\"og:locale\" content=\"bs_BA\" \/>\n<meta property=\"og:type\" content=\"article\" \/>\n<meta property=\"og:title\" content=\"&quot;Dialogos&quot; na Sajmu knjige u Tuzli: Fokus na Palestinu i promocija zna\u010dajnih naslova - TuzlaInfo.ba\" \/>\n<meta property=\"og:description\" content=\"Tuzlanska nevladina organizacija Dialogos, poznata po svom vi\u0161egodi\u0161njem djelovanju u oblasti edukacije i kulture, i&hellip;\" \/>\n<meta property=\"og:url\" content=\"https:\/\/tuzlainfo.ba\/index.php\/novosti\/item\/281886-dialogos-na-sajmu-knjige-u-tuzli-fokus-na-palestinu-i-promocija-znacajnih-naslova\/\" \/>\n<meta property=\"og:site_name\" content=\"TuzlaInfo.ba\" \/>\n<meta property=\"article:publisher\" content=\"https:\/\/www.facebook.com\/tuzlainfo.ba\/\" \/>\n<meta property=\"article:published_time\" content=\"2025-09-26T13:05:29+00:00\" \/>\n<meta property=\"article:modified_time\" content=\"2025-09-26T11:30:34+00:00\" \/>\n<meta property=\"og:image\" content=\"https:\/\/tuzlainfo.ba\/wp-content\/uploads\/2025\/09\/2609_dialogos_sajam.jpg\" \/>\n\t<meta property=\"og:image:width\" content=\"1000\" \/>\n\t<meta property=\"og:image:height\" content=\"655\" \/>\n\t<meta property=\"og:image:type\" content=\"image\/jpeg\" \/>\n<meta name=\"author\" content=\"nedim\" \/>\n<meta name=\"twitter:card\" content=\"summary_large_image\" \/>\n<meta name=\"twitter:label1\" content=\"Written by\" \/>\n\t<meta name=\"twitter:data1\" content=\"nedim\" \/>\n\t<meta name=\"twitter:label2\" content=\"Est. reading time\" \/>\n\t<meta name=\"twitter:data2\" content=\"2 minute\" \/>\n<script type=\"application\/ld+json\" class=\"yoast-schema-graph\">{\"@context\":\"https:\/\/schema.org\",\"@graph\":[{\"@type\":\"Article\",\"@id\":\"https:\/\/tuzlainfo.ba\/index.php\/novosti\/item\/281886-dialogos-na-sajmu-knjige-u-tuzli-fokus-na-palestinu-i-promocija-znacajnih-naslova\/#article\",\"isPartOf\":{\"@id\":\"https:\/\/tuzlainfo.ba\/index.php\/novosti\/item\/281886-dialogos-na-sajmu-knjige-u-tuzli-fokus-na-palestinu-i-promocija-znacajnih-naslova\/\"},\"author\":{\"name\":\"nedim\",\"@id\":\"https:\/\/tuzlainfo.ba\/#\/schema\/person\/f434e20dc27ea133923aab08451b7f7f\"},\"headline\":\"&#8220;Dialogos&#8221; na Sajmu knjige u Tuzli: Fokus na Palestinu i promocija zna\u010dajnih naslova\",\"datePublished\":\"2025-09-26T13:05:29+00:00\",\"dateModified\":\"2025-09-26T11:30:34+00:00\",\"mainEntityOfPage\":{\"@id\":\"https:\/\/tuzlainfo.ba\/index.php\/novosti\/item\/281886-dialogos-na-sajmu-knjige-u-tuzli-fokus-na-palestinu-i-promocija-znacajnih-naslova\/\"},\"wordCount\":278,\"publisher\":{\"@id\":\"https:\/\/tuzlainfo.ba\/#organization\"},\"image\":{\"@id\":\"https:\/\/tuzlainfo.ba\/index.php\/novosti\/item\/281886-dialogos-na-sajmu-knjige-u-tuzli-fokus-na-palestinu-i-promocija-znacajnih-naslova\/#primaryimage\"},\"thumbnailUrl\":\"https:\/\/tuzlainfo.ba\/wp-content\/uploads\/2025\/09\/2609_dialogos_sajam.jpg\",\"keywords\":[\"dialogos\",\"sajam knjige\"],\"articleSection\":[\"Istaknuto\",\"Novosti\"],\"inLanguage\":\"bs-BA\"},{\"@type\":\"WebPage\",\"@id\":\"https:\/\/tuzlainfo.ba\/index.php\/novosti\/item\/281886-dialogos-na-sajmu-knjige-u-tuzli-fokus-na-palestinu-i-promocija-znacajnih-naslova\/\",\"url\":\"https:\/\/tuzlainfo.ba\/index.php\/novosti\/item\/281886-dialogos-na-sajmu-knjige-u-tuzli-fokus-na-palestinu-i-promocija-znacajnih-naslova\/\",\"name\":\"\\\"Dialogos\\\" na Sajmu knjige u Tuzli: Fokus na Palestinu i promocija zna\u010dajnih naslova - TuzlaInfo.ba\",\"isPartOf\":{\"@id\":\"https:\/\/tuzlainfo.ba\/#website\"},\"primaryImageOfPage\":{\"@id\":\"https:\/\/tuzlainfo.ba\/index.php\/novosti\/item\/281886-dialogos-na-sajmu-knjige-u-tuzli-fokus-na-palestinu-i-promocija-znacajnih-naslova\/#primaryimage\"},\"image\":{\"@id\":\"https:\/\/tuzlainfo.ba\/index.php\/novosti\/item\/281886-dialogos-na-sajmu-knjige-u-tuzli-fokus-na-palestinu-i-promocija-znacajnih-naslova\/#primaryimage\"},\"thumbnailUrl\":\"https:\/\/tuzlainfo.ba\/wp-content\/uploads\/2025\/09\/2609_dialogos_sajam.jpg\",\"datePublished\":\"2025-09-26T13:05:29+00:00\",\"dateModified\":\"2025-09-26T11:30:34+00:00\",\"breadcrumb\":{\"@id\":\"https:\/\/tuzlainfo.ba\/index.php\/novosti\/item\/281886-dialogos-na-sajmu-knjige-u-tuzli-fokus-na-palestinu-i-promocija-znacajnih-naslova\/#breadcrumb\"},\"inLanguage\":\"bs-BA\",\"potentialAction\":[{\"@type\":\"ReadAction\",\"target\":[\"https:\/\/tuzlainfo.ba\/index.php\/novosti\/item\/281886-dialogos-na-sajmu-knjige-u-tuzli-fokus-na-palestinu-i-promocija-znacajnih-naslova\/\"]}]},{\"@type\":\"ImageObject\",\"inLanguage\":\"bs-BA\",\"@id\":\"https:\/\/tuzlainfo.ba\/index.php\/novosti\/item\/281886-dialogos-na-sajmu-knjige-u-tuzli-fokus-na-palestinu-i-promocija-znacajnih-naslova\/#primaryimage\",\"url\":\"https:\/\/tuzlainfo.ba\/wp-content\/uploads\/2025\/09\/2609_dialogos_sajam.jpg\",\"contentUrl\":\"https:\/\/tuzlainfo.ba\/wp-content\/uploads\/2025\/09\/2609_dialogos_sajam.jpg\",\"width\":1000,\"height\":655},{\"@type\":\"BreadcrumbList\",\"@id\":\"https:\/\/tuzlainfo.ba\/index.php\/novosti\/item\/281886-dialogos-na-sajmu-knjige-u-tuzli-fokus-na-palestinu-i-promocija-znacajnih-naslova\/#breadcrumb\",\"itemListElement\":[{\"@type\":\"ListItem\",\"position\":1,\"name\":\"Home\",\"item\":\"https:\/\/tuzlainfo.ba\/\"},{\"@type\":\"ListItem\",\"position\":2,\"name\":\"&#8220;Dialogos&#8221; na Sajmu knjige u Tuzli: Fokus na Palestinu i promocija zna\u010dajnih naslova\"}]},{\"@type\":\"WebSite\",\"@id\":\"https:\/\/tuzlainfo.ba\/#website\",\"url\":\"https:\/\/tuzlainfo.ba\/\",\"name\":\"TuzlaInfo.ba\",\"description\":\"Tuzla info, gradski informator - Tuzla na dlanu\",\"publisher\":{\"@id\":\"https:\/\/tuzlainfo.ba\/#organization\"},\"potentialAction\":[{\"@type\":\"SearchAction\",\"target\":{\"@type\":\"EntryPoint\",\"urlTemplate\":\"https:\/\/tuzlainfo.ba\/?s={search_term_string}\"},\"query-input\":{\"@type\":\"PropertyValueSpecification\",\"valueRequired\":true,\"valueName\":\"search_term_string\"}}],\"inLanguage\":\"bs-BA\"},{\"@type\":\"Organization\",\"@id\":\"https:\/\/tuzlainfo.ba\/#organization\",\"name\":\"TuzlaInfo.ba\",\"url\":\"https:\/\/tuzlainfo.ba\/\",\"logo\":{\"@type\":\"ImageObject\",\"inLanguage\":\"bs-BA\",\"@id\":\"https:\/\/tuzlainfo.ba\/#\/schema\/logo\/image\/\",\"url\":\"https:\/\/tuzlainfo.ba\/wp-content\/uploads\/2021\/03\/logo-ver-3-1.png\",\"contentUrl\":\"https:\/\/tuzlainfo.ba\/wp-content\/uploads\/2021\/03\/logo-ver-3-1.png\",\"width\":350,\"height\":95,\"caption\":\"TuzlaInfo.ba\"},\"image\":{\"@id\":\"https:\/\/tuzlainfo.ba\/#\/schema\/logo\/image\/\"},\"sameAs\":[\"https:\/\/www.facebook.com\/tuzlainfo.ba\/\"]},{\"@type\":\"Person\",\"@id\":\"https:\/\/tuzlainfo.ba\/#\/schema\/person\/f434e20dc27ea133923aab08451b7f7f\",\"name\":\"nedim\",\"image\":{\"@type\":\"ImageObject\",\"inLanguage\":\"bs-BA\",\"@id\":\"https:\/\/tuzlainfo.ba\/#\/schema\/person\/image\/\",\"url\":\"https:\/\/tuzlainfo.ba\/wp-content\/litespeed\/avatar\/aabad687af24844af817603ac1cbdc4f.jpg?ver=1776702173\",\"contentUrl\":\"https:\/\/tuzlainfo.ba\/wp-content\/litespeed\/avatar\/aabad687af24844af817603ac1cbdc4f.jpg?ver=1776702173\",\"caption\":\"nedim\"},\"description\":\"Tuzlainfo.ba pratite na dru\u0161tvenim mre\u017eama: Facebook, Instagram i Youtube. Svoje pri\u010de, upite i fotografije \u0161aljite na na\u0161u e-mail adresu.\"}]}<\/script>\n<!-- \/ Yoast SEO plugin. -->","yoast_head_json":{"title":"\"Dialogos\" na Sajmu knjige u Tuzli: Fokus na Palestinu i promocija zna\u010dajnih naslova - TuzlaInfo.ba","robots":{"index":"index","follow":"follow","max-snippet":"max-snippet:-1","max-image-preview":"max-image-preview:large","max-video-preview":"max-video-preview:-1"},"canonical":"https:\/\/tuzlainfo.ba\/index.php\/novosti\/item\/281886-dialogos-na-sajmu-knjige-u-tuzli-fokus-na-palestinu-i-promocija-znacajnih-naslova\/","og_locale":"bs_BA","og_type":"article","og_title":"\"Dialogos\" na Sajmu knjige u Tuzli: Fokus na Palestinu i promocija zna\u010dajnih naslova - TuzlaInfo.ba","og_description":"Tuzlanska nevladina organizacija Dialogos, poznata po svom vi\u0161egodi\u0161njem djelovanju u oblasti edukacije i kulture, i&hellip;","og_url":"https:\/\/tuzlainfo.ba\/index.php\/novosti\/item\/281886-dialogos-na-sajmu-knjige-u-tuzli-fokus-na-palestinu-i-promocija-znacajnih-naslova\/","og_site_name":"TuzlaInfo.ba","article_publisher":"https:\/\/www.facebook.com\/tuzlainfo.ba\/","article_published_time":"2025-09-26T13:05:29+00:00","article_modified_time":"2025-09-26T11:30:34+00:00","og_image":[{"width":1000,"height":655,"url":"https:\/\/tuzlainfo.ba\/wp-content\/uploads\/2025\/09\/2609_dialogos_sajam.jpg","type":"image\/jpeg"}],"author":"nedim","twitter_card":"summary_large_image","twitter_misc":{"Written by":"nedim","Est. reading time":"2 minute"},"schema":{"@context":"https:\/\/schema.org","@graph":[{"@type":"Article","@id":"https:\/\/tuzlainfo.ba\/index.php\/novosti\/item\/281886-dialogos-na-sajmu-knjige-u-tuzli-fokus-na-palestinu-i-promocija-znacajnih-naslova\/#article","isPartOf":{"@id":"https:\/\/tuzlainfo.ba\/index.php\/novosti\/item\/281886-dialogos-na-sajmu-knjige-u-tuzli-fokus-na-palestinu-i-promocija-znacajnih-naslova\/"},"author":{"name":"nedim","@id":"https:\/\/tuzlainfo.ba\/#\/schema\/person\/f434e20dc27ea133923aab08451b7f7f"},"headline":"&#8220;Dialogos&#8221; na Sajmu knjige u Tuzli: Fokus na Palestinu i promocija zna\u010dajnih naslova","datePublished":"2025-09-26T13:05:29+00:00","dateModified":"2025-09-26T11:30:34+00:00","mainEntityOfPage":{"@id":"https:\/\/tuzlainfo.ba\/index.php\/novosti\/item\/281886-dialogos-na-sajmu-knjige-u-tuzli-fokus-na-palestinu-i-promocija-znacajnih-naslova\/"},"wordCount":278,"publisher":{"@id":"https:\/\/tuzlainfo.ba\/#organization"},"image":{"@id":"https:\/\/tuzlainfo.ba\/index.php\/novosti\/item\/281886-dialogos-na-sajmu-knjige-u-tuzli-fokus-na-palestinu-i-promocija-znacajnih-naslova\/#primaryimage"},"thumbnailUrl":"https:\/\/tuzlainfo.ba\/wp-content\/uploads\/2025\/09\/2609_dialogos_sajam.jpg","keywords":["dialogos","sajam knjige"],"articleSection":["Istaknuto","Novosti"],"inLanguage":"bs-BA"},{"@type":"WebPage","@id":"https:\/\/tuzlainfo.ba\/index.php\/novosti\/item\/281886-dialogos-na-sajmu-knjige-u-tuzli-fokus-na-palestinu-i-promocija-znacajnih-naslova\/","url":"https:\/\/tuzlainfo.ba\/index.php\/novosti\/item\/281886-dialogos-na-sajmu-knjige-u-tuzli-fokus-na-palestinu-i-promocija-znacajnih-naslova\/","name":"\"Dialogos\" na Sajmu knjige u Tuzli: Fokus na Palestinu i promocija zna\u010dajnih naslova - TuzlaInfo.ba","isPartOf":{"@id":"https:\/\/tuzlainfo.ba\/#website"},"primaryImageOfPage":{"@id":"https:\/\/tuzlainfo.ba\/index.php\/novosti\/item\/281886-dialogos-na-sajmu-knjige-u-tuzli-fokus-na-palestinu-i-promocija-znacajnih-naslova\/#primaryimage"},"image":{"@id":"https:\/\/tuzlainfo.ba\/index.php\/novosti\/item\/281886-dialogos-na-sajmu-knjige-u-tuzli-fokus-na-palestinu-i-promocija-znacajnih-naslova\/#primaryimage"},"thumbnailUrl":"https:\/\/tuzlainfo.ba\/wp-content\/uploads\/2025\/09\/2609_dialogos_sajam.jpg","datePublished":"2025-09-26T13:05:29+00:00","dateModified":"2025-09-26T11:30:34+00:00","breadcrumb":{"@id":"https:\/\/tuzlainfo.ba\/index.php\/novosti\/item\/281886-dialogos-na-sajmu-knjige-u-tuzli-fokus-na-palestinu-i-promocija-znacajnih-naslova\/#breadcrumb"},"inLanguage":"bs-BA","potentialAction":[{"@type":"ReadAction","target":["https:\/\/tuzlainfo.ba\/index.php\/novosti\/item\/281886-dialogos-na-sajmu-knjige-u-tuzli-fokus-na-palestinu-i-promocija-znacajnih-naslova\/"]}]},{"@type":"ImageObject","inLanguage":"bs-BA","@id":"https:\/\/tuzlainfo.ba\/index.php\/novosti\/item\/281886-dialogos-na-sajmu-knjige-u-tuzli-fokus-na-palestinu-i-promocija-znacajnih-naslova\/#primaryimage","url":"https:\/\/tuzlainfo.ba\/wp-content\/uploads\/2025\/09\/2609_dialogos_sajam.jpg","contentUrl":"https:\/\/tuzlainfo.ba\/wp-content\/uploads\/2025\/09\/2609_dialogos_sajam.jpg","width":1000,"height":655},{"@type":"BreadcrumbList","@id":"https:\/\/tuzlainfo.ba\/index.php\/novosti\/item\/281886-dialogos-na-sajmu-knjige-u-tuzli-fokus-na-palestinu-i-promocija-znacajnih-naslova\/#breadcrumb","itemListElement":[{"@type":"ListItem","position":1,"name":"Home","item":"https:\/\/tuzlainfo.ba\/"},{"@type":"ListItem","position":2,"name":"&#8220;Dialogos&#8221; na Sajmu knjige u Tuzli: Fokus na Palestinu i promocija zna\u010dajnih naslova"}]},{"@type":"WebSite","@id":"https:\/\/tuzlainfo.ba\/#website","url":"https:\/\/tuzlainfo.ba\/","name":"TuzlaInfo.ba","description":"Tuzla info, gradski informator - Tuzla na dlanu","publisher":{"@id":"https:\/\/tuzlainfo.ba\/#organization"},"potentialAction":[{"@type":"SearchAction","target":{"@type":"EntryPoint","urlTemplate":"https:\/\/tuzlainfo.ba\/?s={search_term_string}"},"query-input":{"@type":"PropertyValueSpecification","valueRequired":true,"valueName":"search_term_string"}}],"inLanguage":"bs-BA"},{"@type":"Organization","@id":"https:\/\/tuzlainfo.ba\/#organization","name":"TuzlaInfo.ba","url":"https:\/\/tuzlainfo.ba\/","logo":{"@type":"ImageObject","inLanguage":"bs-BA","@id":"https:\/\/tuzlainfo.ba\/#\/schema\/logo\/image\/","url":"https:\/\/tuzlainfo.ba\/wp-content\/uploads\/2021\/03\/logo-ver-3-1.png","contentUrl":"https:\/\/tuzlainfo.ba\/wp-content\/uploads\/2021\/03\/logo-ver-3-1.png","width":350,"height":95,"caption":"TuzlaInfo.ba"},"image":{"@id":"https:\/\/tuzlainfo.ba\/#\/schema\/logo\/image\/"},"sameAs":["https:\/\/www.facebook.com\/tuzlainfo.ba\/"]},{"@type":"Person","@id":"https:\/\/tuzlainfo.ba\/#\/schema\/person\/f434e20dc27ea133923aab08451b7f7f","name":"nedim","image":{"@type":"ImageObject","inLanguage":"bs-BA","@id":"https:\/\/tuzlainfo.ba\/#\/schema\/person\/image\/","url":"https:\/\/tuzlainfo.ba\/wp-content\/litespeed\/avatar\/aabad687af24844af817603ac1cbdc4f.jpg?ver=1776702173","contentUrl":"https:\/\/tuzlainfo.ba\/wp-content\/litespeed\/avatar\/aabad687af24844af817603ac1cbdc4f.jpg?ver=1776702173","caption":"nedim"},"description":"Tuzlainfo.ba pratite na dru\u0161tvenim mre\u017eama: Facebook, Instagram i Youtube. Svoje pri\u010de, upite i fotografije \u0161aljite na na\u0161u e-mail adresu."}]}},"_links":{"self":[{"href":"https:\/\/tuzlainfo.ba\/index.php\/wp-json\/wp\/v2\/posts\/281886"}],"collection":[{"href":"https:\/\/tuzlainfo.ba\/index.php\/wp-json\/wp\/v2\/posts"}],"about":[{"href":"https:\/\/tuzlainfo.ba\/index.php\/wp-json\/wp\/v2\/types\/post"}],"author":[{"embeddable":true,"href":"https:\/\/tuzlainfo.ba\/index.php\/wp-json\/wp\/v2\/users\/2"}],"replies":[{"embeddable":true,"href":"https:\/\/tuzlainfo.ba\/index.php\/wp-json\/wp\/v2\/comments?post=281886"}],"version-history":[{"count":1,"href":"https:\/\/tuzlainfo.ba\/index.php\/wp-json\/wp\/v2\/posts\/281886\/revisions"}],"predecessor-version":[{"id":281892,"href":"https:\/\/tuzlainfo.ba\/index.php\/wp-json\/wp\/v2\/posts\/281886\/revisions\/281892"}],"wp:featuredmedia":[{"embeddable":true,"href":"https:\/\/tuzlainfo.ba\/index.php\/wp-json\/wp\/v2\/media\/281890"}],"wp:attachment":[{"href":"https:\/\/tuzlainfo.ba\/index.php\/wp-json\/wp\/v2\/media?parent=281886"}],"wp:term":[{"taxonomy":"category","embeddable":true,"href":"https:\/\/tuzlainfo.ba\/index.php\/wp-json\/wp\/v2\/categories?post=281886"},{"taxonomy":"post_tag","embeddable":true,"href":"https:\/\/tuzlainfo.ba\/index.php\/wp-json\/wp\/v2\/tags?post=281886"}],"curies":[{"name":"wp","href":"https:\/\/api.w.org\/{rel}","templated":true}]}}