{"id":281828,"date":"2025-09-25T17:57:55","date_gmt":"2025-09-25T15:57:55","guid":{"rendered":"https:\/\/tuzlainfo.ba\/?p=281828"},"modified":"2025-09-25T15:01:39","modified_gmt":"2025-09-25T13:01:39","slug":"fbih-predat-prijedlog-zakona-za-pravo-na-pratnju-tokom-poroda","status":"publish","type":"post","link":"https:\/\/tuzlainfo.ba\/index.php\/bosna-i-hercegovina\/item\/281828-fbih-predat-prijedlog-zakona-za-pravo-na-pratnju-tokom-poroda\/","title":{"rendered":"FBiH: Predat prijedlog zakona za pravo na pratnju tokom poroda"},"content":{"rendered":"<p data-start=\"135\" data-end=\"435\">Danas je zvani\u010dno predat Prijedlog zakona o dopuni Zakona o pravima, obavezama i odgovornostima pacijenata u Federaciji BiH, kojim se osigurava zakonsko pravo \u017eena na prisustvo osobe po vlastitom izboru tokom cijelog poro\u0111ajnog procesa, uklju\u010duju\u0107i i porode carskim rezom pod spinalnom anestezijom.<\/p>\n<p data-start=\"437\" data-end=\"731\">Iz Udru\u017eenja <em data-start=\"450\" data-end=\"462\">Baby Steps<\/em> navode da je ovo u potpunosti u skladu s preporukama me\u0111unarodnih stru\u010dnih udru\u017eenja (WHO, ACOG, RCOG, NICE) i sa Vodi\u010dem za intrapartalnu skrb Federalnog ministarstva zdravstva. Pravo na pratnju mo\u017ee biti uskra\u0107eno samo uz jasno dokumentirane medicinske indikacije.<\/p>\n<p data-start=\"733\" data-end=\"1070\">Dopuna zakona uklanja dosada\u0161nju proizvoljnost bolnica, osigurava jednak tretman svim porodiljama u FBiH i podr\u017eana je \u0161irokom politi\u010dkom podr\u0161kom, kako zastupnika pozicije, tako i opozicije. Udru\u017eenje <em data-start=\"935\" data-end=\"947\">Baby Steps<\/em> zahvaljuje \u017eenama koje su dijelile svoja iskustva i svim zastupnicima koji su prepoznali va\u017enost dostojanstvenog poroda.<\/p>\n<p data-start=\"1072\" data-end=\"1409\">Omogu\u0107avanje pratnje tokom poroda smatra se klju\u010dnom mjerom za pobolj\u0161anje poro\u0111ajnog iskustva, prevenciju aku\u0161erskog nasilja, smanjenje korupcije u porodili\u0161tima i unapre\u0111enje pronatalitetne politike. Udru\u017eenje \u0107e pratiti proces i redovno izvje\u0161tavati javnost, sa ciljem da svaka \u017eena u BiH ima siguran, dostojanstven i podr\u017ean porod.<\/p>\n<p data-start=\"1411\" data-end=\"1629\">Ova inicijativa dio je Projekta PRAGG, koji finansira Vlada \u0160vicarske, a provodi konzorcij HELVETAS i NIRAS, u partnerstvu sa lokalnim organizacijama Centri civilnih incijativa (CCI) i Institut za razvoj mladih KULT.<\/p>\n","protected":false},"excerpt":{"rendered":"<p>Danas je zvani\u010dno predat Prijedlog zakona o dopuni Zakona o pravima, obavezama i odgovornostima pacijenata&hellip;<\/p>\n","protected":false},"author":4,"featured_media":153875,"comment_status":"closed","ping_status":"closed","sticky":false,"template":"","format":"standard","meta":{"_acf_changed":false,"footnotes":""},"categories":[291,304],"tags":[532,12580,1568],"acf":[],"yoast_head":"<!-- This site is optimized with the Yoast SEO plugin v23.5 - https:\/\/yoast.com\/wordpress\/plugins\/seo\/ -->\n<title>FBiH: Predat prijedlog zakona za pravo na pratnju tokom poroda - TuzlaInfo.ba<\/title>\n<meta name=\"robots\" content=\"index, follow, max-snippet:-1, max-image-preview:large, max-video-preview:-1\" \/>\n<link rel=\"canonical\" href=\"https:\/\/tuzlainfo.ba\/index.php\/bosna-i-hercegovina\/item\/281828-fbih-predat-prijedlog-zakona-za-pravo-na-pratnju-tokom-poroda\/\" \/>\n<meta property=\"og:locale\" content=\"bs_BA\" \/>\n<meta property=\"og:type\" content=\"article\" \/>\n<meta property=\"og:title\" content=\"FBiH: Predat prijedlog zakona za pravo na pratnju tokom poroda - TuzlaInfo.ba\" \/>\n<meta property=\"og:description\" content=\"Danas je zvani\u010dno predat Prijedlog zakona o dopuni Zakona o pravima, obavezama i odgovornostima pacijenata&hellip;\" \/>\n<meta property=\"og:url\" content=\"https:\/\/tuzlainfo.ba\/index.php\/bosna-i-hercegovina\/item\/281828-fbih-predat-prijedlog-zakona-za-pravo-na-pratnju-tokom-poroda\/\" \/>\n<meta property=\"og:site_name\" content=\"TuzlaInfo.ba\" \/>\n<meta property=\"article:publisher\" content=\"https:\/\/www.facebook.com\/tuzlainfo.ba\/\" \/>\n<meta property=\"article:published_time\" content=\"2025-09-25T15:57:55+00:00\" \/>\n<meta property=\"article:modified_time\" content=\"2025-09-25T13:01:39+00:00\" \/>\n<meta property=\"og:image\" content=\"https:\/\/tuzlainfo.ba\/wp-content\/uploads\/2021\/11\/0911_beba-ruka-i-majka.jpg\" \/>\n\t<meta property=\"og:image:width\" content=\"900\" \/>\n\t<meta property=\"og:image:height\" content=\"599\" \/>\n\t<meta property=\"og:image:type\" content=\"image\/jpeg\" \/>\n<meta name=\"author\" content=\"Tuzla Info\" \/>\n<meta name=\"twitter:card\" content=\"summary_large_image\" \/>\n<meta name=\"twitter:label1\" content=\"Written by\" \/>\n\t<meta name=\"twitter:data1\" content=\"Tuzla Info\" \/>\n\t<meta name=\"twitter:label2\" content=\"Est. reading time\" \/>\n\t<meta name=\"twitter:data2\" content=\"2 minute\" \/>\n<script type=\"application\/ld+json\" class=\"yoast-schema-graph\">{\"@context\":\"https:\/\/schema.org\",\"@graph\":[{\"@type\":\"Article\",\"@id\":\"https:\/\/tuzlainfo.ba\/index.php\/bosna-i-hercegovina\/item\/281828-fbih-predat-prijedlog-zakona-za-pravo-na-pratnju-tokom-poroda\/#article\",\"isPartOf\":{\"@id\":\"https:\/\/tuzlainfo.ba\/index.php\/bosna-i-hercegovina\/item\/281828-fbih-predat-prijedlog-zakona-za-pravo-na-pratnju-tokom-poroda\/\"},\"author\":{\"name\":\"Tuzla Info\",\"@id\":\"https:\/\/tuzlainfo.ba\/#\/schema\/person\/46cad4c57790cbc50781edd14870825a\"},\"headline\":\"FBiH: Predat prijedlog zakona za pravo na pratnju tokom poroda\",\"datePublished\":\"2025-09-25T15:57:55+00:00\",\"dateModified\":\"2025-09-25T13:01:39+00:00\",\"mainEntityOfPage\":{\"@id\":\"https:\/\/tuzlainfo.ba\/index.php\/bosna-i-hercegovina\/item\/281828-fbih-predat-prijedlog-zakona-za-pravo-na-pratnju-tokom-poroda\/\"},\"wordCount\":240,\"publisher\":{\"@id\":\"https:\/\/tuzlainfo.ba\/#organization\"},\"image\":{\"@id\":\"https:\/\/tuzlainfo.ba\/index.php\/bosna-i-hercegovina\/item\/281828-fbih-predat-prijedlog-zakona-za-pravo-na-pratnju-tokom-poroda\/#primaryimage\"},\"thumbnailUrl\":\"https:\/\/tuzlainfo.ba\/wp-content\/uploads\/2021\/11\/0911_beba-ruka-i-majka.jpg\",\"keywords\":[\"fbih\",\"pratnja na porodu\",\"prijedlog zakona\"],\"articleSection\":[\"Bosna i Hercegovina\",\"Istaknuto\"],\"inLanguage\":\"bs-BA\"},{\"@type\":\"WebPage\",\"@id\":\"https:\/\/tuzlainfo.ba\/index.php\/bosna-i-hercegovina\/item\/281828-fbih-predat-prijedlog-zakona-za-pravo-na-pratnju-tokom-poroda\/\",\"url\":\"https:\/\/tuzlainfo.ba\/index.php\/bosna-i-hercegovina\/item\/281828-fbih-predat-prijedlog-zakona-za-pravo-na-pratnju-tokom-poroda\/\",\"name\":\"FBiH: Predat prijedlog zakona za pravo na pratnju tokom poroda - TuzlaInfo.ba\",\"isPartOf\":{\"@id\":\"https:\/\/tuzlainfo.ba\/#website\"},\"primaryImageOfPage\":{\"@id\":\"https:\/\/tuzlainfo.ba\/index.php\/bosna-i-hercegovina\/item\/281828-fbih-predat-prijedlog-zakona-za-pravo-na-pratnju-tokom-poroda\/#primaryimage\"},\"image\":{\"@id\":\"https:\/\/tuzlainfo.ba\/index.php\/bosna-i-hercegovina\/item\/281828-fbih-predat-prijedlog-zakona-za-pravo-na-pratnju-tokom-poroda\/#primaryimage\"},\"thumbnailUrl\":\"https:\/\/tuzlainfo.ba\/wp-content\/uploads\/2021\/11\/0911_beba-ruka-i-majka.jpg\",\"datePublished\":\"2025-09-25T15:57:55+00:00\",\"dateModified\":\"2025-09-25T13:01:39+00:00\",\"breadcrumb\":{\"@id\":\"https:\/\/tuzlainfo.ba\/index.php\/bosna-i-hercegovina\/item\/281828-fbih-predat-prijedlog-zakona-za-pravo-na-pratnju-tokom-poroda\/#breadcrumb\"},\"inLanguage\":\"bs-BA\",\"potentialAction\":[{\"@type\":\"ReadAction\",\"target\":[\"https:\/\/tuzlainfo.ba\/index.php\/bosna-i-hercegovina\/item\/281828-fbih-predat-prijedlog-zakona-za-pravo-na-pratnju-tokom-poroda\/\"]}]},{\"@type\":\"ImageObject\",\"inLanguage\":\"bs-BA\",\"@id\":\"https:\/\/tuzlainfo.ba\/index.php\/bosna-i-hercegovina\/item\/281828-fbih-predat-prijedlog-zakona-za-pravo-na-pratnju-tokom-poroda\/#primaryimage\",\"url\":\"https:\/\/tuzlainfo.ba\/wp-content\/uploads\/2021\/11\/0911_beba-ruka-i-majka.jpg\",\"contentUrl\":\"https:\/\/tuzlainfo.ba\/wp-content\/uploads\/2021\/11\/0911_beba-ruka-i-majka.jpg\",\"width\":900,\"height\":599},{\"@type\":\"BreadcrumbList\",\"@id\":\"https:\/\/tuzlainfo.ba\/index.php\/bosna-i-hercegovina\/item\/281828-fbih-predat-prijedlog-zakona-za-pravo-na-pratnju-tokom-poroda\/#breadcrumb\",\"itemListElement\":[{\"@type\":\"ListItem\",\"position\":1,\"name\":\"Home\",\"item\":\"https:\/\/tuzlainfo.ba\/\"},{\"@type\":\"ListItem\",\"position\":2,\"name\":\"FBiH: Predat prijedlog zakona za pravo na pratnju tokom poroda\"}]},{\"@type\":\"WebSite\",\"@id\":\"https:\/\/tuzlainfo.ba\/#website\",\"url\":\"https:\/\/tuzlainfo.ba\/\",\"name\":\"TuzlaInfo.ba\",\"description\":\"Tuzla info, gradski informator - Tuzla na dlanu\",\"publisher\":{\"@id\":\"https:\/\/tuzlainfo.ba\/#organization\"},\"potentialAction\":[{\"@type\":\"SearchAction\",\"target\":{\"@type\":\"EntryPoint\",\"urlTemplate\":\"https:\/\/tuzlainfo.ba\/?s={search_term_string}\"},\"query-input\":{\"@type\":\"PropertyValueSpecification\",\"valueRequired\":true,\"valueName\":\"search_term_string\"}}],\"inLanguage\":\"bs-BA\"},{\"@type\":\"Organization\",\"@id\":\"https:\/\/tuzlainfo.ba\/#organization\",\"name\":\"TuzlaInfo.ba\",\"url\":\"https:\/\/tuzlainfo.ba\/\",\"logo\":{\"@type\":\"ImageObject\",\"inLanguage\":\"bs-BA\",\"@id\":\"https:\/\/tuzlainfo.ba\/#\/schema\/logo\/image\/\",\"url\":\"https:\/\/tuzlainfo.ba\/wp-content\/uploads\/2021\/03\/logo-ver-3-1.png\",\"contentUrl\":\"https:\/\/tuzlainfo.ba\/wp-content\/uploads\/2021\/03\/logo-ver-3-1.png\",\"width\":350,\"height\":95,\"caption\":\"TuzlaInfo.ba\"},\"image\":{\"@id\":\"https:\/\/tuzlainfo.ba\/#\/schema\/logo\/image\/\"},\"sameAs\":[\"https:\/\/www.facebook.com\/tuzlainfo.ba\/\"]},{\"@type\":\"Person\",\"@id\":\"https:\/\/tuzlainfo.ba\/#\/schema\/person\/46cad4c57790cbc50781edd14870825a\",\"name\":\"Tuzla Info\",\"image\":{\"@type\":\"ImageObject\",\"inLanguage\":\"bs-BA\",\"@id\":\"https:\/\/tuzlainfo.ba\/#\/schema\/person\/image\/\",\"url\":\"https:\/\/tuzlainfo.ba\/wp-content\/litespeed\/avatar\/b6c453a6c38e3654f2e4416c643fc25c.jpg?ver=1777051911\",\"contentUrl\":\"https:\/\/tuzlainfo.ba\/wp-content\/litespeed\/avatar\/b6c453a6c38e3654f2e4416c643fc25c.jpg?ver=1777051911\",\"caption\":\"Tuzla Info\"}}]}<\/script>\n<!-- \/ Yoast SEO plugin. -->","yoast_head_json":{"title":"FBiH: Predat prijedlog zakona za pravo na pratnju tokom poroda - TuzlaInfo.ba","robots":{"index":"index","follow":"follow","max-snippet":"max-snippet:-1","max-image-preview":"max-image-preview:large","max-video-preview":"max-video-preview:-1"},"canonical":"https:\/\/tuzlainfo.ba\/index.php\/bosna-i-hercegovina\/item\/281828-fbih-predat-prijedlog-zakona-za-pravo-na-pratnju-tokom-poroda\/","og_locale":"bs_BA","og_type":"article","og_title":"FBiH: Predat prijedlog zakona za pravo na pratnju tokom poroda - TuzlaInfo.ba","og_description":"Danas je zvani\u010dno predat Prijedlog zakona o dopuni Zakona o pravima, obavezama i odgovornostima pacijenata&hellip;","og_url":"https:\/\/tuzlainfo.ba\/index.php\/bosna-i-hercegovina\/item\/281828-fbih-predat-prijedlog-zakona-za-pravo-na-pratnju-tokom-poroda\/","og_site_name":"TuzlaInfo.ba","article_publisher":"https:\/\/www.facebook.com\/tuzlainfo.ba\/","article_published_time":"2025-09-25T15:57:55+00:00","article_modified_time":"2025-09-25T13:01:39+00:00","og_image":[{"width":900,"height":599,"url":"https:\/\/tuzlainfo.ba\/wp-content\/uploads\/2021\/11\/0911_beba-ruka-i-majka.jpg","type":"image\/jpeg"}],"author":"Tuzla Info","twitter_card":"summary_large_image","twitter_misc":{"Written by":"Tuzla Info","Est. reading time":"2 minute"},"schema":{"@context":"https:\/\/schema.org","@graph":[{"@type":"Article","@id":"https:\/\/tuzlainfo.ba\/index.php\/bosna-i-hercegovina\/item\/281828-fbih-predat-prijedlog-zakona-za-pravo-na-pratnju-tokom-poroda\/#article","isPartOf":{"@id":"https:\/\/tuzlainfo.ba\/index.php\/bosna-i-hercegovina\/item\/281828-fbih-predat-prijedlog-zakona-za-pravo-na-pratnju-tokom-poroda\/"},"author":{"name":"Tuzla Info","@id":"https:\/\/tuzlainfo.ba\/#\/schema\/person\/46cad4c57790cbc50781edd14870825a"},"headline":"FBiH: Predat prijedlog zakona za pravo na pratnju tokom poroda","datePublished":"2025-09-25T15:57:55+00:00","dateModified":"2025-09-25T13:01:39+00:00","mainEntityOfPage":{"@id":"https:\/\/tuzlainfo.ba\/index.php\/bosna-i-hercegovina\/item\/281828-fbih-predat-prijedlog-zakona-za-pravo-na-pratnju-tokom-poroda\/"},"wordCount":240,"publisher":{"@id":"https:\/\/tuzlainfo.ba\/#organization"},"image":{"@id":"https:\/\/tuzlainfo.ba\/index.php\/bosna-i-hercegovina\/item\/281828-fbih-predat-prijedlog-zakona-za-pravo-na-pratnju-tokom-poroda\/#primaryimage"},"thumbnailUrl":"https:\/\/tuzlainfo.ba\/wp-content\/uploads\/2021\/11\/0911_beba-ruka-i-majka.jpg","keywords":["fbih","pratnja na porodu","prijedlog zakona"],"articleSection":["Bosna i Hercegovina","Istaknuto"],"inLanguage":"bs-BA"},{"@type":"WebPage","@id":"https:\/\/tuzlainfo.ba\/index.php\/bosna-i-hercegovina\/item\/281828-fbih-predat-prijedlog-zakona-za-pravo-na-pratnju-tokom-poroda\/","url":"https:\/\/tuzlainfo.ba\/index.php\/bosna-i-hercegovina\/item\/281828-fbih-predat-prijedlog-zakona-za-pravo-na-pratnju-tokom-poroda\/","name":"FBiH: Predat prijedlog zakona za pravo na pratnju tokom poroda - TuzlaInfo.ba","isPartOf":{"@id":"https:\/\/tuzlainfo.ba\/#website"},"primaryImageOfPage":{"@id":"https:\/\/tuzlainfo.ba\/index.php\/bosna-i-hercegovina\/item\/281828-fbih-predat-prijedlog-zakona-za-pravo-na-pratnju-tokom-poroda\/#primaryimage"},"image":{"@id":"https:\/\/tuzlainfo.ba\/index.php\/bosna-i-hercegovina\/item\/281828-fbih-predat-prijedlog-zakona-za-pravo-na-pratnju-tokom-poroda\/#primaryimage"},"thumbnailUrl":"https:\/\/tuzlainfo.ba\/wp-content\/uploads\/2021\/11\/0911_beba-ruka-i-majka.jpg","datePublished":"2025-09-25T15:57:55+00:00","dateModified":"2025-09-25T13:01:39+00:00","breadcrumb":{"@id":"https:\/\/tuzlainfo.ba\/index.php\/bosna-i-hercegovina\/item\/281828-fbih-predat-prijedlog-zakona-za-pravo-na-pratnju-tokom-poroda\/#breadcrumb"},"inLanguage":"bs-BA","potentialAction":[{"@type":"ReadAction","target":["https:\/\/tuzlainfo.ba\/index.php\/bosna-i-hercegovina\/item\/281828-fbih-predat-prijedlog-zakona-za-pravo-na-pratnju-tokom-poroda\/"]}]},{"@type":"ImageObject","inLanguage":"bs-BA","@id":"https:\/\/tuzlainfo.ba\/index.php\/bosna-i-hercegovina\/item\/281828-fbih-predat-prijedlog-zakona-za-pravo-na-pratnju-tokom-poroda\/#primaryimage","url":"https:\/\/tuzlainfo.ba\/wp-content\/uploads\/2021\/11\/0911_beba-ruka-i-majka.jpg","contentUrl":"https:\/\/tuzlainfo.ba\/wp-content\/uploads\/2021\/11\/0911_beba-ruka-i-majka.jpg","width":900,"height":599},{"@type":"BreadcrumbList","@id":"https:\/\/tuzlainfo.ba\/index.php\/bosna-i-hercegovina\/item\/281828-fbih-predat-prijedlog-zakona-za-pravo-na-pratnju-tokom-poroda\/#breadcrumb","itemListElement":[{"@type":"ListItem","position":1,"name":"Home","item":"https:\/\/tuzlainfo.ba\/"},{"@type":"ListItem","position":2,"name":"FBiH: Predat prijedlog zakona za pravo na pratnju tokom poroda"}]},{"@type":"WebSite","@id":"https:\/\/tuzlainfo.ba\/#website","url":"https:\/\/tuzlainfo.ba\/","name":"TuzlaInfo.ba","description":"Tuzla info, gradski informator - Tuzla na dlanu","publisher":{"@id":"https:\/\/tuzlainfo.ba\/#organization"},"potentialAction":[{"@type":"SearchAction","target":{"@type":"EntryPoint","urlTemplate":"https:\/\/tuzlainfo.ba\/?s={search_term_string}"},"query-input":{"@type":"PropertyValueSpecification","valueRequired":true,"valueName":"search_term_string"}}],"inLanguage":"bs-BA"},{"@type":"Organization","@id":"https:\/\/tuzlainfo.ba\/#organization","name":"TuzlaInfo.ba","url":"https:\/\/tuzlainfo.ba\/","logo":{"@type":"ImageObject","inLanguage":"bs-BA","@id":"https:\/\/tuzlainfo.ba\/#\/schema\/logo\/image\/","url":"https:\/\/tuzlainfo.ba\/wp-content\/uploads\/2021\/03\/logo-ver-3-1.png","contentUrl":"https:\/\/tuzlainfo.ba\/wp-content\/uploads\/2021\/03\/logo-ver-3-1.png","width":350,"height":95,"caption":"TuzlaInfo.ba"},"image":{"@id":"https:\/\/tuzlainfo.ba\/#\/schema\/logo\/image\/"},"sameAs":["https:\/\/www.facebook.com\/tuzlainfo.ba\/"]},{"@type":"Person","@id":"https:\/\/tuzlainfo.ba\/#\/schema\/person\/46cad4c57790cbc50781edd14870825a","name":"Tuzla Info","image":{"@type":"ImageObject","inLanguage":"bs-BA","@id":"https:\/\/tuzlainfo.ba\/#\/schema\/person\/image\/","url":"https:\/\/tuzlainfo.ba\/wp-content\/litespeed\/avatar\/b6c453a6c38e3654f2e4416c643fc25c.jpg?ver=1777051911","contentUrl":"https:\/\/tuzlainfo.ba\/wp-content\/litespeed\/avatar\/b6c453a6c38e3654f2e4416c643fc25c.jpg?ver=1777051911","caption":"Tuzla Info"}}]}},"_links":{"self":[{"href":"https:\/\/tuzlainfo.ba\/index.php\/wp-json\/wp\/v2\/posts\/281828"}],"collection":[{"href":"https:\/\/tuzlainfo.ba\/index.php\/wp-json\/wp\/v2\/posts"}],"about":[{"href":"https:\/\/tuzlainfo.ba\/index.php\/wp-json\/wp\/v2\/types\/post"}],"author":[{"embeddable":true,"href":"https:\/\/tuzlainfo.ba\/index.php\/wp-json\/wp\/v2\/users\/4"}],"replies":[{"embeddable":true,"href":"https:\/\/tuzlainfo.ba\/index.php\/wp-json\/wp\/v2\/comments?post=281828"}],"version-history":[{"count":1,"href":"https:\/\/tuzlainfo.ba\/index.php\/wp-json\/wp\/v2\/posts\/281828\/revisions"}],"predecessor-version":[{"id":281829,"href":"https:\/\/tuzlainfo.ba\/index.php\/wp-json\/wp\/v2\/posts\/281828\/revisions\/281829"}],"wp:featuredmedia":[{"embeddable":true,"href":"https:\/\/tuzlainfo.ba\/index.php\/wp-json\/wp\/v2\/media\/153875"}],"wp:attachment":[{"href":"https:\/\/tuzlainfo.ba\/index.php\/wp-json\/wp\/v2\/media?parent=281828"}],"wp:term":[{"taxonomy":"category","embeddable":true,"href":"https:\/\/tuzlainfo.ba\/index.php\/wp-json\/wp\/v2\/categories?post=281828"},{"taxonomy":"post_tag","embeddable":true,"href":"https:\/\/tuzlainfo.ba\/index.php\/wp-json\/wp\/v2\/tags?post=281828"}],"curies":[{"name":"wp","href":"https:\/\/api.w.org\/{rel}","templated":true}]}}