{"id":281825,"date":"2025-09-25T22:00:11","date_gmt":"2025-09-25T20:00:11","guid":{"rendered":"https:\/\/tuzlainfo.ba\/?p=281825"},"modified":"2025-09-25T14:57:54","modified_gmt":"2025-09-25T12:57:54","slug":"elektrodistribucija-tuzla-planska-iskljucenja-el-energije-za-nedjelju-28-septembar-2","status":"publish","type":"post","link":"https:\/\/tuzlainfo.ba\/index.php\/istaknuto\/item\/281825-elektrodistribucija-tuzla-planska-iskljucenja-el-energije-za-nedjelju-28-septembar-2\/","title":{"rendered":"Elektrodistribucija Tuzla: Planska isklju\u010denja el. energije za nedjelju 28. septembar"},"content":{"rendered":"<p>Zbog planiranih radova na elektroenergetskoj mre\u017ei, do\u0107i \u0107e do privremenih obustava u isporuci elektri\u010dne energije na podru\u010dju grada Tuzle.<\/p>\n<table class=\"table iskljucenja_tabela\">\n<tbody>\n<tr class=\"item\" data-ed=\"edtz\" data-opcina=\"tuzla\">\n<td>Tuzla<\/td>\n<td class=\"ulica\">Babaji\u0107i<\/td>\n<td>28.09.2025<\/td>\n<td>10:00-16:00<\/td>\n<\/tr>\n<tr class=\"item\" data-ed=\"edtz\" data-opcina=\"tuzla\">\n<td>Tuzla<\/td>\n<td class=\"ulica\">Drenov Do<\/td>\n<td>28.09.2025<\/td>\n<td>10:00-16:00<\/td>\n<\/tr>\n<tr class=\"item\" data-ed=\"edtz\" data-opcina=\"tuzla\">\n<td>Tuzla<\/td>\n<td class=\"ulica\">A.a.sara\u010devi\u0107a<\/td>\n<td>28.09.2025<\/td>\n<td>10:00-16:00<\/td>\n<\/tr>\n<tr class=\"item\" data-ed=\"edtz\" data-opcina=\"tuzla\">\n<td>Tuzla<\/td>\n<td class=\"ulica\">Ahmeta Kobi\u0107a<\/td>\n<td>28.09.2025<\/td>\n<td>10:00-16:00<\/td>\n<\/tr>\n<tr class=\"item\" data-ed=\"edtz\" data-opcina=\"tuzla\">\n<td>Tuzla<\/td>\n<td class=\"ulica\">Balibegova Mahala<\/td>\n<td>28.09.2025<\/td>\n<td>10:00-16:00<\/td>\n<\/tr>\n<tr class=\"item\" data-ed=\"edtz\" data-opcina=\"tuzla\">\n<td>Tuzla<\/td>\n<td class=\"ulica\">Bjelo Polje<\/td>\n<td>28.09.2025<\/td>\n<td>10:00-16:00<\/td>\n<\/tr>\n<tr class=\"item\" data-ed=\"edtz\" data-opcina=\"tuzla\">\n<td>Tuzla<\/td>\n<td class=\"ulica\">Bosanska<\/td>\n<td>28.09.2025<\/td>\n<td>10:00-16:00<\/td>\n<\/tr>\n<tr class=\"item\" data-ed=\"edtz\" data-opcina=\"tuzla\">\n<td>Tuzla<\/td>\n<td class=\"ulica\">Cviljevina<\/td>\n<td>28.09.2025<\/td>\n<td>10:00-16:00<\/td>\n<\/tr>\n<tr class=\"item\" data-ed=\"edtz\" data-opcina=\"tuzla\">\n<td>Tuzla<\/td>\n<td class=\"ulica\">Drak\u010din<\/td>\n<td>28.09.2025<\/td>\n<td>10:00-16:00<\/td>\n<\/tr>\n<tr class=\"item\" data-ed=\"edtz\" data-opcina=\"tuzla\">\n<td>Tuzla<\/td>\n<td class=\"ulica\">Duje Riki\u0107a<\/td>\n<td>28.09.2025<\/td>\n<td>10:00-16:00<\/td>\n<\/tr>\n<tr class=\"item\" data-ed=\"edtz\" data-opcina=\"tuzla\">\n<td>Tuzla<\/td>\n<td class=\"ulica\">Gornja Tuzla<\/td>\n<td>28.09.2025<\/td>\n<td>10:00-16:00<\/td>\n<\/tr>\n<tr class=\"item\" data-ed=\"edtz\" data-opcina=\"tuzla\">\n<td>Tuzla<\/td>\n<td class=\"ulica\">Gornjotuzlanskog Odreda<\/td>\n<td>28.09.2025<\/td>\n<td>10:00-16:00<\/td>\n<\/tr>\n<tr class=\"item\" data-ed=\"edtz\" data-opcina=\"tuzla\">\n<td>Tuzla<\/td>\n<td class=\"ulica\">Had\u017ei Bajazitova Mahala<\/td>\n<td>28.09.2025<\/td>\n<td>10:00-16:00<\/td>\n<\/tr>\n<tr class=\"item\" data-ed=\"edtz\" data-opcina=\"tuzla\">\n<td>Tuzla<\/td>\n<td class=\"ulica\">Had\u017ei Husejnova Mahala<\/td>\n<td>28.09.2025<\/td>\n<td>10:00-16:00<\/td>\n<\/tr>\n<tr class=\"item\" data-ed=\"edtz\" data-opcina=\"tuzla\">\n<td>Tuzla<\/td>\n<td class=\"ulica\">Ive Marjanovi\u0107a<\/td>\n<td>28.09.2025<\/td>\n<td>10:00-16:00<\/td>\n<\/tr>\n<tr class=\"item\" data-ed=\"edtz\" data-opcina=\"tuzla\">\n<td>Tuzla<\/td>\n<td class=\"ulica\">Kova\u010dica<\/td>\n<td>28.09.2025<\/td>\n<td>10:00-16:00<\/td>\n<\/tr>\n<tr class=\"item\" data-ed=\"edtz\" data-opcina=\"tuzla\">\n<td>Tuzla<\/td>\n<td class=\"ulica\">Kru\u0161evac<\/td>\n<td>28.09.2025<\/td>\n<td>10:00-16:00<\/td>\n<\/tr>\n<tr class=\"item\" data-ed=\"edtz\" data-opcina=\"tuzla\">\n<td>Tuzla<\/td>\n<td class=\"ulica\">Macinovci<\/td>\n<td>28.09.2025<\/td>\n<td>10:00-16:00<\/td>\n<\/tr>\n<tr class=\"item\" data-ed=\"edtz\" data-opcina=\"tuzla\">\n<td>Tuzla<\/td>\n<td class=\"ulica\">Meldina Hajdarevi\u0107a<\/td>\n<td>28.09.2025<\/td>\n<td>10:00-16:00<\/td>\n<\/tr>\n<tr class=\"item\" data-ed=\"edtz\" data-opcina=\"tuzla\">\n<td>Tuzla<\/td>\n<td class=\"ulica\">Naselje Polomi<\/td>\n<td>28.09.2025<\/td>\n<td>10:00-16:00<\/td>\n<\/tr>\n<tr class=\"item\" data-ed=\"edtz\" data-opcina=\"tuzla\">\n<td>Tuzla<\/td>\n<td class=\"ulica\">Poto\u010dka Mahala<\/td>\n<td>28.09.2025<\/td>\n<td>10:00-16:00<\/td>\n<\/tr>\n<tr class=\"item\" data-ed=\"edtz\" data-opcina=\"tuzla\">\n<td>Tuzla<\/td>\n<td class=\"ulica\">Raj\u010devac<\/td>\n<td>28.09.2025<\/td>\n<td>10:00-16:00<\/td>\n<\/tr>\n<tr class=\"item\" data-ed=\"edtz\" data-opcina=\"tuzla\">\n<td>Tuzla<\/td>\n<td class=\"ulica\">Tetima<\/td>\n<td>28.09.2025<\/td>\n<td>10:00-16:00<\/td>\n<\/tr>\n<tr class=\"item\" data-ed=\"edtz\" data-opcina=\"tuzla\">\n<td>Tuzla<\/td>\n<td class=\"ulica\">Trg Dr.mehmeda H.efendi\u0107a<\/td>\n<td>28.09.2025<\/td>\n<td>10:00-16:00<\/td>\n<\/tr>\n<tr class=\"item\" data-ed=\"edtz\" data-opcina=\"tuzla\">\n<td>Tuzla<\/td>\n<td class=\"ulica\">Trg Dr.mehmeda Husejnefendi\u0107a<\/td>\n<td>28.09.2025<\/td>\n<td>10:00-16:00<\/td>\n<\/tr>\n<tr class=\"item\" data-ed=\"edtz\" data-opcina=\"tuzla\">\n<td>Tuzla<\/td>\n<td class=\"ulica\">Trg Oslobo\u0111enja<\/td>\n<td>28.09.2025<\/td>\n<td>10:00-16:00<\/td>\n<\/tr>\n<tr class=\"item\" data-ed=\"edtz\" data-opcina=\"tuzla\">\n<td>Tuzla<\/td>\n<td class=\"ulica\">Uzeira Mehi\u010di\u0107a<\/td>\n<td>28.09.2025<\/td>\n<td>10:00-16:00<\/td>\n<\/tr>\n<tr class=\"item\" data-ed=\"edtz\" data-opcina=\"tuzla\">\n<td>Tuzla<\/td>\n<td class=\"ulica\">Anti\u0107i<\/td>\n<td>28.09.2025<\/td>\n<td>10:00-16:00<\/td>\n<\/tr>\n<tr class=\"item\" data-ed=\"edtz\" data-opcina=\"tuzla\">\n<td>Tuzla<\/td>\n<td class=\"ulica\">Ban Brdo<\/td>\n<td>28.09.2025<\/td>\n<td>10:00-16:00<\/td>\n<\/tr>\n<tr class=\"item\" data-ed=\"edtz\" data-opcina=\"tuzla\">\n<td>Tuzla<\/td>\n<td class=\"ulica\">Bare<\/td>\n<td>28.09.2025<\/td>\n<td>10:00-16:00<\/td>\n<\/tr>\n<tr class=\"item\" data-ed=\"edtz\" data-opcina=\"tuzla\">\n<td>Tuzla<\/td>\n<td class=\"ulica\">Donji \u010caklovi\u0107i<\/td>\n<td>28.09.2025<\/td>\n<td>10:00-16:00<\/td>\n<\/tr>\n<tr class=\"item\" data-ed=\"edtz\" data-opcina=\"tuzla\">\n<td>Tuzla<\/td>\n<td class=\"ulica\">Drenov Do<\/td>\n<td>28.09.2025<\/td>\n<td>10:00-16:00<\/td>\n<\/tr>\n<tr class=\"item\" data-ed=\"edtz\" data-opcina=\"tuzla\">\n<td>Tuzla<\/td>\n<td class=\"ulica\">G.\u010daklovi\u0107i Tunel<\/td>\n<td>28.09.2025<\/td>\n<td>10:00-16:00<\/td>\n<\/tr>\n<tr class=\"item\" data-ed=\"edtz\" data-opcina=\"tuzla\">\n<td>Tuzla<\/td>\n<td class=\"ulica\">Gajevi<\/td>\n<td>28.09.2025<\/td>\n<td>10:00-16:00<\/td>\n<\/tr>\n<tr class=\"item\" data-ed=\"edtz\" data-opcina=\"tuzla\">\n<td>Tuzla<\/td>\n<td class=\"ulica\">Gornji \u010caklovi\u0107i<\/td>\n<td>28.09.2025<\/td>\n<td>10:00-16:00<\/td>\n<\/tr>\n<tr class=\"item\" data-ed=\"edtz\" data-opcina=\"tuzla\">\n<td>Tuzla<\/td>\n<td class=\"ulica\">Hajrudina Me\u0161i\u0107a<\/td>\n<td>28.09.2025<\/td>\n<td>10:00-16:00<\/td>\n<\/tr>\n<tr class=\"item\" data-ed=\"edtz\" data-opcina=\"tuzla\">\n<td>Tuzla<\/td>\n<td class=\"ulica\">Jovanovi\u0107i<\/td>\n<td>28.09.2025<\/td>\n<td>10:00-16:00<\/td>\n<\/tr>\n<tr class=\"item\" data-ed=\"edtz\" data-opcina=\"tuzla\">\n<td>Tuzla<\/td>\n<td class=\"ulica\">Kolimer<\/td>\n<td>28.09.2025<\/td>\n<td>10:00-16:00<\/td>\n<\/tr>\n<tr class=\"item\" data-ed=\"edtz\" data-opcina=\"tuzla\">\n<td>Tuzla<\/td>\n<td class=\"ulica\">Kova\u010devo Selo<\/td>\n<td>28.09.2025<\/td>\n<td>10:00-16:00<\/td>\n<\/tr>\n<tr class=\"item\" data-ed=\"edtz\" data-opcina=\"tuzla\">\n<td>Tuzla<\/td>\n<td class=\"ulica\">Kukari\u0107i<\/td>\n<td>28.09.2025<\/td>\n<td>10:00-16:00<\/td>\n<\/tr>\n<tr class=\"item\" data-ed=\"edtz\" data-opcina=\"tuzla\">\n<td>Tuzla<\/td>\n<td class=\"ulica\">Leki\u0107i<\/td>\n<td>28.09.2025<\/td>\n<td>10:00-16:00<\/td>\n<\/tr>\n<tr class=\"item\" data-ed=\"edtz\" data-opcina=\"tuzla\">\n<td>Tuzla<\/td>\n<td class=\"ulica\">Mikelje Te\u0161i\u0107a<\/td>\n<td>28.09.2025<\/td>\n<td>10:00-16:00<\/td>\n<\/tr>\n<tr class=\"item\" data-ed=\"edtz\" data-opcina=\"tuzla\">\n<td>Tuzla<\/td>\n<td class=\"ulica\">Naselje Talijani<\/td>\n<td>28.09.2025<\/td>\n<td>10:00-16:00<\/td>\n<\/tr>\n<tr class=\"item\" data-ed=\"edtz\" data-opcina=\"tuzla\">\n<td>Tuzla<\/td>\n<td class=\"ulica\">Novakovi\u0107i<\/td>\n<td>28.09.2025<\/td>\n<td>10:00-16:00<\/td>\n<\/tr>\n<tr class=\"item\" data-ed=\"edtz\" data-opcina=\"tuzla\">\n<td>Tuzla<\/td>\n<td class=\"ulica\">Oslobodilaca<\/td>\n<td>28.09.2025<\/td>\n<td>10:00-16:00<\/td>\n<\/tr>\n<tr class=\"item\" data-ed=\"edtz\" data-opcina=\"tuzla\">\n<td>Tuzla<\/td>\n<td class=\"ulica\">Po\u017earnica<\/td>\n<td>28.09.2025<\/td>\n<td>10:00-16:00<\/td>\n<\/tr>\n<tr class=\"item\" data-ed=\"edtz\" data-opcina=\"tuzla\">\n<td>Tuzla<\/td>\n<td class=\"ulica\">Po\u017earnica Boji\u0107i<\/td>\n<td>28.09.2025<\/td>\n<td>10:00-16:00<\/td>\n<\/tr>\n<tr class=\"item\" data-ed=\"edtz\" data-opcina=\"tuzla\">\n<td>Tuzla<\/td>\n<td class=\"ulica\">Po\u017earnica Leki\u0107i<\/td>\n<td>28.09.2025<\/td>\n<td>10:00-16:00<\/td>\n<\/tr>\n<tr class=\"item\" data-ed=\"edtz\" data-opcina=\"tuzla\">\n<td>Tuzla<\/td>\n<td class=\"ulica\">Po\u017earnica Trakilovi\u0107i<\/td>\n<td>28.09.2025<\/td>\n<td>10:00-16:00<\/td>\n<\/tr>\n<tr class=\"item\" data-ed=\"edtz\" data-opcina=\"tuzla\">\n<td>Tuzla<\/td>\n<td class=\"ulica\">Po\u017earnica \u0160kola<\/td>\n<td>28.09.2025<\/td>\n<td>10:00-16:00<\/td>\n<\/tr>\n<tr class=\"item\" data-ed=\"edtz\" data-opcina=\"tuzla\">\n<td>Tuzla<\/td>\n<td class=\"ulica\">Put Anti\u0107i<\/td>\n<td>28.09.2025<\/td>\n<td>10:00-16:00<\/td>\n<\/tr>\n<tr class=\"item\" data-ed=\"edtz\" data-opcina=\"tuzla\">\n<td>Tuzla<\/td>\n<td class=\"ulica\">Put Vis<\/td>\n<td>28.09.2025<\/td>\n<td>10:00-16:00<\/td>\n<\/tr>\n<tr class=\"item\" data-ed=\"edtz\" data-opcina=\"tuzla\">\n<td>Tuzla<\/td>\n<td class=\"ulica\">Sarajac<\/td>\n<td>28.09.2025<\/td>\n<td>10:00-16:00<\/td>\n<\/tr>\n<tr class=\"item\" data-ed=\"edtz\" data-opcina=\"tuzla\">\n<td>Tuzla<\/td>\n<td class=\"ulica\">Savi\u0107i<\/td>\n<td>28.09.2025<\/td>\n<td>10:00-16:00<\/td>\n<\/tr>\n<tr class=\"item\" data-ed=\"edtz\" data-opcina=\"tuzla\">\n<td>Tuzla<\/td>\n<td class=\"ulica\">Savi\u0107i Vis<\/td>\n<td>28.09.2025<\/td>\n<td>10:00-16:00<\/td>\n<\/tr>\n<tr class=\"item\" data-ed=\"edtz\" data-opcina=\"tuzla\">\n<td>Tuzla<\/td>\n<td class=\"ulica\">Stara Solana<\/td>\n<td>28.09.2025<\/td>\n<td>10:00-16:00<\/td>\n<\/tr>\n<tr class=\"item\" data-ed=\"edtz\" data-opcina=\"tuzla\">\n<td>Tuzla<\/td>\n<td class=\"ulica\">Trakilovi\u0107i<\/td>\n<td>28.09.2025<\/td>\n<td>10:00-16:00<\/td>\n<\/tr>\n<tr class=\"item\" data-ed=\"edtz\" data-opcina=\"tuzla\">\n<td>Tuzla<\/td>\n<td class=\"ulica\">Vasi\u0107i<\/td>\n<td>28.09.2025<\/td>\n<td>10:00-16:00<\/td>\n<\/tr>\n<tr class=\"item\" data-ed=\"edtz\" data-opcina=\"tuzla\">\n<td>Tuzla<\/td>\n<td class=\"ulica\">Vuji\u0107i<\/td>\n<td>28.09.2025<\/td>\n<td>10:00-16:00<\/td>\n<\/tr>\n<tr class=\"item\" data-ed=\"edtz\" data-opcina=\"tuzla\">\n<td>Tuzla<\/td>\n<td class=\"ulica\">Zlatnih Ljiljana<\/td>\n<td>28.09.2025<\/td>\n<td>10:00-16:00<\/td>\n<\/tr>\n<tr class=\"item\" data-ed=\"edtz\" data-opcina=\"tuzla\">\n<td>Tuzla<\/td>\n<td class=\"ulica\">\u010caklovi\u0107i<\/td>\n<td>28.09.2025<\/td>\n<td>10:00-16:00<\/td>\n<\/tr>\n<tr class=\"item\" data-ed=\"edtz\" data-opcina=\"tuzla\">\n<td>Tuzla<\/td>\n<td class=\"ulica\">\u010caklovi\u0107i Tunel<\/td>\n<td>28.09.2025<\/td>\n<td>10:00-16:00<\/td>\n<\/tr>\n<tr class=\"item\" data-ed=\"edtz\" data-opcina=\"tuzla\">\n<td>Tuzla<\/td>\n<td class=\"ulica\">Boji\u0107i<\/td>\n<td>28.09.2025<\/td>\n<td>10:00-16:00<\/td>\n<\/tr>\n<tr class=\"item\" data-ed=\"edtz\" data-opcina=\"tuzla\">\n<td>Tuzla<\/td>\n<td class=\"ulica\">Gornja Tuzla-Kru\u0161evci<\/td>\n<td>28.09.2025<\/td>\n<td>10:00-16:00<\/td>\n<\/tr>\n<tr class=\"item\" data-ed=\"edtz\" data-opcina=\"tuzla\">\n<td>Tuzla<\/td>\n<td class=\"ulica\">Had\u017ei Bakirbega Tuzli\u0107a<\/td>\n<td>28.09.2025<\/td>\n<td>10:00-16:00<\/td>\n<\/tr>\n<\/tbody>\n<\/table>\n<p>Podsje\u0107amo, do isklju\u010denja dolazi zbog izvo\u0111enja radova na odr\u017eavanju i unapre\u0111enju mre\u017ee, kao i priklju\u010denja novih korisnika.<\/p>\n","protected":false},"excerpt":{"rendered":"<p>Zbog planiranih radova na elektroenergetskoj mre\u017ei, do\u0107i \u0107e do privremenih obustava u isporuci elektri\u010dne energije&hellip;<\/p>\n","protected":false},"author":4,"featured_media":170403,"comment_status":"closed","ping_status":"closed","sticky":false,"template":"","format":"standard","meta":{"_acf_changed":false,"footnotes":""},"categories":[304,12],"tags":[12639,4379],"acf":[],"yoast_head":"<!-- This site is optimized with the Yoast SEO plugin v23.5 - https:\/\/yoast.com\/wordpress\/plugins\/seo\/ -->\n<title>Elektrodistribucija Tuzla: Planska isklju\u010denja el. energije za nedjelju 28. septembar - TuzlaInfo.ba<\/title>\n<meta name=\"robots\" content=\"index, follow, max-snippet:-1, max-image-preview:large, max-video-preview:-1\" \/>\n<link rel=\"canonical\" href=\"https:\/\/tuzlainfo.ba\/index.php\/istaknuto\/item\/281825-elektrodistribucija-tuzla-planska-iskljucenja-el-energije-za-nedjelju-28-septembar-2\/\" \/>\n<meta property=\"og:locale\" content=\"bs_BA\" \/>\n<meta property=\"og:type\" content=\"article\" \/>\n<meta property=\"og:title\" content=\"Elektrodistribucija Tuzla: Planska isklju\u010denja el. energije za nedjelju 28. septembar - TuzlaInfo.ba\" \/>\n<meta property=\"og:description\" content=\"Zbog planiranih radova na elektroenergetskoj mre\u017ei, do\u0107i \u0107e do privremenih obustava u isporuci elektri\u010dne energije&hellip;\" \/>\n<meta property=\"og:url\" content=\"https:\/\/tuzlainfo.ba\/index.php\/istaknuto\/item\/281825-elektrodistribucija-tuzla-planska-iskljucenja-el-energije-za-nedjelju-28-septembar-2\/\" \/>\n<meta property=\"og:site_name\" content=\"TuzlaInfo.ba\" \/>\n<meta property=\"article:publisher\" content=\"https:\/\/www.facebook.com\/tuzlainfo.ba\/\" \/>\n<meta property=\"article:published_time\" content=\"2025-09-25T20:00:11+00:00\" \/>\n<meta property=\"article:modified_time\" content=\"2025-09-25T12:57:54+00:00\" \/>\n<meta property=\"og:image\" content=\"https:\/\/tuzlainfo.ba\/wp-content\/uploads\/2022\/04\/2504_elektro_planska_struja.jpg\" \/>\n\t<meta property=\"og:image:width\" content=\"1000\" \/>\n\t<meta property=\"og:image:height\" content=\"732\" \/>\n\t<meta property=\"og:image:type\" content=\"image\/jpeg\" \/>\n<meta name=\"author\" content=\"Tuzla Info\" \/>\n<meta name=\"twitter:card\" content=\"summary_large_image\" \/>\n<meta name=\"twitter:label1\" content=\"Written by\" \/>\n\t<meta name=\"twitter:data1\" content=\"Tuzla Info\" \/>\n\t<meta name=\"twitter:label2\" content=\"Est. reading time\" \/>\n\t<meta name=\"twitter:data2\" content=\"3 minute\" \/>\n<script type=\"application\/ld+json\" class=\"yoast-schema-graph\">{\"@context\":\"https:\/\/schema.org\",\"@graph\":[{\"@type\":\"Article\",\"@id\":\"https:\/\/tuzlainfo.ba\/index.php\/istaknuto\/item\/281825-elektrodistribucija-tuzla-planska-iskljucenja-el-energije-za-nedjelju-28-septembar-2\/#article\",\"isPartOf\":{\"@id\":\"https:\/\/tuzlainfo.ba\/index.php\/istaknuto\/item\/281825-elektrodistribucija-tuzla-planska-iskljucenja-el-energije-za-nedjelju-28-septembar-2\/\"},\"author\":{\"name\":\"Tuzla Info\",\"@id\":\"https:\/\/tuzlainfo.ba\/#\/schema\/person\/46cad4c57790cbc50781edd14870825a\"},\"headline\":\"Elektrodistribucija Tuzla: Planska isklju\u010denja el. energije za nedjelju 28. septembar\",\"datePublished\":\"2025-09-25T20:00:11+00:00\",\"dateModified\":\"2025-09-25T12:57:54+00:00\",\"mainEntityOfPage\":{\"@id\":\"https:\/\/tuzlainfo.ba\/index.php\/istaknuto\/item\/281825-elektrodistribucija-tuzla-planska-iskljucenja-el-energije-za-nedjelju-28-septembar-2\/\"},\"wordCount\":353,\"publisher\":{\"@id\":\"https:\/\/tuzlainfo.ba\/#organization\"},\"image\":{\"@id\":\"https:\/\/tuzlainfo.ba\/index.php\/istaknuto\/item\/281825-elektrodistribucija-tuzla-planska-iskljucenja-el-energije-za-nedjelju-28-septembar-2\/#primaryimage\"},\"thumbnailUrl\":\"https:\/\/tuzlainfo.ba\/wp-content\/uploads\/2022\/04\/2504_elektro_planska_struja.jpg\",\"keywords\":[\"elektrodistribucija\",\"planska isklju\u010denja struje tuzla\"],\"articleSection\":[\"Istaknuto\",\"Novosti\"],\"inLanguage\":\"bs-BA\"},{\"@type\":\"WebPage\",\"@id\":\"https:\/\/tuzlainfo.ba\/index.php\/istaknuto\/item\/281825-elektrodistribucija-tuzla-planska-iskljucenja-el-energije-za-nedjelju-28-septembar-2\/\",\"url\":\"https:\/\/tuzlainfo.ba\/index.php\/istaknuto\/item\/281825-elektrodistribucija-tuzla-planska-iskljucenja-el-energije-za-nedjelju-28-septembar-2\/\",\"name\":\"Elektrodistribucija Tuzla: Planska isklju\u010denja el. energije za nedjelju 28. septembar - TuzlaInfo.ba\",\"isPartOf\":{\"@id\":\"https:\/\/tuzlainfo.ba\/#website\"},\"primaryImageOfPage\":{\"@id\":\"https:\/\/tuzlainfo.ba\/index.php\/istaknuto\/item\/281825-elektrodistribucija-tuzla-planska-iskljucenja-el-energije-za-nedjelju-28-septembar-2\/#primaryimage\"},\"image\":{\"@id\":\"https:\/\/tuzlainfo.ba\/index.php\/istaknuto\/item\/281825-elektrodistribucija-tuzla-planska-iskljucenja-el-energije-za-nedjelju-28-septembar-2\/#primaryimage\"},\"thumbnailUrl\":\"https:\/\/tuzlainfo.ba\/wp-content\/uploads\/2022\/04\/2504_elektro_planska_struja.jpg\",\"datePublished\":\"2025-09-25T20:00:11+00:00\",\"dateModified\":\"2025-09-25T12:57:54+00:00\",\"breadcrumb\":{\"@id\":\"https:\/\/tuzlainfo.ba\/index.php\/istaknuto\/item\/281825-elektrodistribucija-tuzla-planska-iskljucenja-el-energije-za-nedjelju-28-septembar-2\/#breadcrumb\"},\"inLanguage\":\"bs-BA\",\"potentialAction\":[{\"@type\":\"ReadAction\",\"target\":[\"https:\/\/tuzlainfo.ba\/index.php\/istaknuto\/item\/281825-elektrodistribucija-tuzla-planska-iskljucenja-el-energije-za-nedjelju-28-septembar-2\/\"]}]},{\"@type\":\"ImageObject\",\"inLanguage\":\"bs-BA\",\"@id\":\"https:\/\/tuzlainfo.ba\/index.php\/istaknuto\/item\/281825-elektrodistribucija-tuzla-planska-iskljucenja-el-energije-za-nedjelju-28-septembar-2\/#primaryimage\",\"url\":\"https:\/\/tuzlainfo.ba\/wp-content\/uploads\/2022\/04\/2504_elektro_planska_struja.jpg\",\"contentUrl\":\"https:\/\/tuzlainfo.ba\/wp-content\/uploads\/2022\/04\/2504_elektro_planska_struja.jpg\",\"width\":1000,\"height\":732},{\"@type\":\"BreadcrumbList\",\"@id\":\"https:\/\/tuzlainfo.ba\/index.php\/istaknuto\/item\/281825-elektrodistribucija-tuzla-planska-iskljucenja-el-energije-za-nedjelju-28-septembar-2\/#breadcrumb\",\"itemListElement\":[{\"@type\":\"ListItem\",\"position\":1,\"name\":\"Home\",\"item\":\"https:\/\/tuzlainfo.ba\/\"},{\"@type\":\"ListItem\",\"position\":2,\"name\":\"Elektrodistribucija Tuzla: Planska isklju\u010denja el. energije za nedjelju 28. septembar\"}]},{\"@type\":\"WebSite\",\"@id\":\"https:\/\/tuzlainfo.ba\/#website\",\"url\":\"https:\/\/tuzlainfo.ba\/\",\"name\":\"TuzlaInfo.ba\",\"description\":\"Tuzla info, gradski informator - Tuzla na dlanu\",\"publisher\":{\"@id\":\"https:\/\/tuzlainfo.ba\/#organization\"},\"potentialAction\":[{\"@type\":\"SearchAction\",\"target\":{\"@type\":\"EntryPoint\",\"urlTemplate\":\"https:\/\/tuzlainfo.ba\/?s={search_term_string}\"},\"query-input\":{\"@type\":\"PropertyValueSpecification\",\"valueRequired\":true,\"valueName\":\"search_term_string\"}}],\"inLanguage\":\"bs-BA\"},{\"@type\":\"Organization\",\"@id\":\"https:\/\/tuzlainfo.ba\/#organization\",\"name\":\"TuzlaInfo.ba\",\"url\":\"https:\/\/tuzlainfo.ba\/\",\"logo\":{\"@type\":\"ImageObject\",\"inLanguage\":\"bs-BA\",\"@id\":\"https:\/\/tuzlainfo.ba\/#\/schema\/logo\/image\/\",\"url\":\"https:\/\/tuzlainfo.ba\/wp-content\/uploads\/2021\/03\/logo-ver-3-1.png\",\"contentUrl\":\"https:\/\/tuzlainfo.ba\/wp-content\/uploads\/2021\/03\/logo-ver-3-1.png\",\"width\":350,\"height\":95,\"caption\":\"TuzlaInfo.ba\"},\"image\":{\"@id\":\"https:\/\/tuzlainfo.ba\/#\/schema\/logo\/image\/\"},\"sameAs\":[\"https:\/\/www.facebook.com\/tuzlainfo.ba\/\"]},{\"@type\":\"Person\",\"@id\":\"https:\/\/tuzlainfo.ba\/#\/schema\/person\/46cad4c57790cbc50781edd14870825a\",\"name\":\"Tuzla Info\",\"image\":{\"@type\":\"ImageObject\",\"inLanguage\":\"bs-BA\",\"@id\":\"https:\/\/tuzlainfo.ba\/#\/schema\/person\/image\/\",\"url\":\"https:\/\/tuzlainfo.ba\/wp-content\/litespeed\/avatar\/b6c453a6c38e3654f2e4416c643fc25c.jpg?ver=1777051911\",\"contentUrl\":\"https:\/\/tuzlainfo.ba\/wp-content\/litespeed\/avatar\/b6c453a6c38e3654f2e4416c643fc25c.jpg?ver=1777051911\",\"caption\":\"Tuzla Info\"}}]}<\/script>\n<!-- \/ Yoast SEO plugin. -->","yoast_head_json":{"title":"Elektrodistribucija Tuzla: Planska isklju\u010denja el. energije za nedjelju 28. septembar - TuzlaInfo.ba","robots":{"index":"index","follow":"follow","max-snippet":"max-snippet:-1","max-image-preview":"max-image-preview:large","max-video-preview":"max-video-preview:-1"},"canonical":"https:\/\/tuzlainfo.ba\/index.php\/istaknuto\/item\/281825-elektrodistribucija-tuzla-planska-iskljucenja-el-energije-za-nedjelju-28-septembar-2\/","og_locale":"bs_BA","og_type":"article","og_title":"Elektrodistribucija Tuzla: Planska isklju\u010denja el. energije za nedjelju 28. septembar - TuzlaInfo.ba","og_description":"Zbog planiranih radova na elektroenergetskoj mre\u017ei, do\u0107i \u0107e do privremenih obustava u isporuci elektri\u010dne energije&hellip;","og_url":"https:\/\/tuzlainfo.ba\/index.php\/istaknuto\/item\/281825-elektrodistribucija-tuzla-planska-iskljucenja-el-energije-za-nedjelju-28-septembar-2\/","og_site_name":"TuzlaInfo.ba","article_publisher":"https:\/\/www.facebook.com\/tuzlainfo.ba\/","article_published_time":"2025-09-25T20:00:11+00:00","article_modified_time":"2025-09-25T12:57:54+00:00","og_image":[{"width":1000,"height":732,"url":"https:\/\/tuzlainfo.ba\/wp-content\/uploads\/2022\/04\/2504_elektro_planska_struja.jpg","type":"image\/jpeg"}],"author":"Tuzla Info","twitter_card":"summary_large_image","twitter_misc":{"Written by":"Tuzla Info","Est. reading time":"3 minute"},"schema":{"@context":"https:\/\/schema.org","@graph":[{"@type":"Article","@id":"https:\/\/tuzlainfo.ba\/index.php\/istaknuto\/item\/281825-elektrodistribucija-tuzla-planska-iskljucenja-el-energije-za-nedjelju-28-septembar-2\/#article","isPartOf":{"@id":"https:\/\/tuzlainfo.ba\/index.php\/istaknuto\/item\/281825-elektrodistribucija-tuzla-planska-iskljucenja-el-energije-za-nedjelju-28-septembar-2\/"},"author":{"name":"Tuzla Info","@id":"https:\/\/tuzlainfo.ba\/#\/schema\/person\/46cad4c57790cbc50781edd14870825a"},"headline":"Elektrodistribucija Tuzla: Planska isklju\u010denja el. energije za nedjelju 28. septembar","datePublished":"2025-09-25T20:00:11+00:00","dateModified":"2025-09-25T12:57:54+00:00","mainEntityOfPage":{"@id":"https:\/\/tuzlainfo.ba\/index.php\/istaknuto\/item\/281825-elektrodistribucija-tuzla-planska-iskljucenja-el-energije-za-nedjelju-28-septembar-2\/"},"wordCount":353,"publisher":{"@id":"https:\/\/tuzlainfo.ba\/#organization"},"image":{"@id":"https:\/\/tuzlainfo.ba\/index.php\/istaknuto\/item\/281825-elektrodistribucija-tuzla-planska-iskljucenja-el-energije-za-nedjelju-28-septembar-2\/#primaryimage"},"thumbnailUrl":"https:\/\/tuzlainfo.ba\/wp-content\/uploads\/2022\/04\/2504_elektro_planska_struja.jpg","keywords":["elektrodistribucija","planska isklju\u010denja struje tuzla"],"articleSection":["Istaknuto","Novosti"],"inLanguage":"bs-BA"},{"@type":"WebPage","@id":"https:\/\/tuzlainfo.ba\/index.php\/istaknuto\/item\/281825-elektrodistribucija-tuzla-planska-iskljucenja-el-energije-za-nedjelju-28-septembar-2\/","url":"https:\/\/tuzlainfo.ba\/index.php\/istaknuto\/item\/281825-elektrodistribucija-tuzla-planska-iskljucenja-el-energije-za-nedjelju-28-septembar-2\/","name":"Elektrodistribucija Tuzla: Planska isklju\u010denja el. energije za nedjelju 28. septembar - TuzlaInfo.ba","isPartOf":{"@id":"https:\/\/tuzlainfo.ba\/#website"},"primaryImageOfPage":{"@id":"https:\/\/tuzlainfo.ba\/index.php\/istaknuto\/item\/281825-elektrodistribucija-tuzla-planska-iskljucenja-el-energije-za-nedjelju-28-septembar-2\/#primaryimage"},"image":{"@id":"https:\/\/tuzlainfo.ba\/index.php\/istaknuto\/item\/281825-elektrodistribucija-tuzla-planska-iskljucenja-el-energije-za-nedjelju-28-septembar-2\/#primaryimage"},"thumbnailUrl":"https:\/\/tuzlainfo.ba\/wp-content\/uploads\/2022\/04\/2504_elektro_planska_struja.jpg","datePublished":"2025-09-25T20:00:11+00:00","dateModified":"2025-09-25T12:57:54+00:00","breadcrumb":{"@id":"https:\/\/tuzlainfo.ba\/index.php\/istaknuto\/item\/281825-elektrodistribucija-tuzla-planska-iskljucenja-el-energije-za-nedjelju-28-septembar-2\/#breadcrumb"},"inLanguage":"bs-BA","potentialAction":[{"@type":"ReadAction","target":["https:\/\/tuzlainfo.ba\/index.php\/istaknuto\/item\/281825-elektrodistribucija-tuzla-planska-iskljucenja-el-energije-za-nedjelju-28-septembar-2\/"]}]},{"@type":"ImageObject","inLanguage":"bs-BA","@id":"https:\/\/tuzlainfo.ba\/index.php\/istaknuto\/item\/281825-elektrodistribucija-tuzla-planska-iskljucenja-el-energije-za-nedjelju-28-septembar-2\/#primaryimage","url":"https:\/\/tuzlainfo.ba\/wp-content\/uploads\/2022\/04\/2504_elektro_planska_struja.jpg","contentUrl":"https:\/\/tuzlainfo.ba\/wp-content\/uploads\/2022\/04\/2504_elektro_planska_struja.jpg","width":1000,"height":732},{"@type":"BreadcrumbList","@id":"https:\/\/tuzlainfo.ba\/index.php\/istaknuto\/item\/281825-elektrodistribucija-tuzla-planska-iskljucenja-el-energije-za-nedjelju-28-septembar-2\/#breadcrumb","itemListElement":[{"@type":"ListItem","position":1,"name":"Home","item":"https:\/\/tuzlainfo.ba\/"},{"@type":"ListItem","position":2,"name":"Elektrodistribucija Tuzla: Planska isklju\u010denja el. energije za nedjelju 28. septembar"}]},{"@type":"WebSite","@id":"https:\/\/tuzlainfo.ba\/#website","url":"https:\/\/tuzlainfo.ba\/","name":"TuzlaInfo.ba","description":"Tuzla info, gradski informator - Tuzla na dlanu","publisher":{"@id":"https:\/\/tuzlainfo.ba\/#organization"},"potentialAction":[{"@type":"SearchAction","target":{"@type":"EntryPoint","urlTemplate":"https:\/\/tuzlainfo.ba\/?s={search_term_string}"},"query-input":{"@type":"PropertyValueSpecification","valueRequired":true,"valueName":"search_term_string"}}],"inLanguage":"bs-BA"},{"@type":"Organization","@id":"https:\/\/tuzlainfo.ba\/#organization","name":"TuzlaInfo.ba","url":"https:\/\/tuzlainfo.ba\/","logo":{"@type":"ImageObject","inLanguage":"bs-BA","@id":"https:\/\/tuzlainfo.ba\/#\/schema\/logo\/image\/","url":"https:\/\/tuzlainfo.ba\/wp-content\/uploads\/2021\/03\/logo-ver-3-1.png","contentUrl":"https:\/\/tuzlainfo.ba\/wp-content\/uploads\/2021\/03\/logo-ver-3-1.png","width":350,"height":95,"caption":"TuzlaInfo.ba"},"image":{"@id":"https:\/\/tuzlainfo.ba\/#\/schema\/logo\/image\/"},"sameAs":["https:\/\/www.facebook.com\/tuzlainfo.ba\/"]},{"@type":"Person","@id":"https:\/\/tuzlainfo.ba\/#\/schema\/person\/46cad4c57790cbc50781edd14870825a","name":"Tuzla Info","image":{"@type":"ImageObject","inLanguage":"bs-BA","@id":"https:\/\/tuzlainfo.ba\/#\/schema\/person\/image\/","url":"https:\/\/tuzlainfo.ba\/wp-content\/litespeed\/avatar\/b6c453a6c38e3654f2e4416c643fc25c.jpg?ver=1777051911","contentUrl":"https:\/\/tuzlainfo.ba\/wp-content\/litespeed\/avatar\/b6c453a6c38e3654f2e4416c643fc25c.jpg?ver=1777051911","caption":"Tuzla Info"}}]}},"_links":{"self":[{"href":"https:\/\/tuzlainfo.ba\/index.php\/wp-json\/wp\/v2\/posts\/281825"}],"collection":[{"href":"https:\/\/tuzlainfo.ba\/index.php\/wp-json\/wp\/v2\/posts"}],"about":[{"href":"https:\/\/tuzlainfo.ba\/index.php\/wp-json\/wp\/v2\/types\/post"}],"author":[{"embeddable":true,"href":"https:\/\/tuzlainfo.ba\/index.php\/wp-json\/wp\/v2\/users\/4"}],"replies":[{"embeddable":true,"href":"https:\/\/tuzlainfo.ba\/index.php\/wp-json\/wp\/v2\/comments?post=281825"}],"version-history":[{"count":1,"href":"https:\/\/tuzlainfo.ba\/index.php\/wp-json\/wp\/v2\/posts\/281825\/revisions"}],"predecessor-version":[{"id":281826,"href":"https:\/\/tuzlainfo.ba\/index.php\/wp-json\/wp\/v2\/posts\/281825\/revisions\/281826"}],"wp:featuredmedia":[{"embeddable":true,"href":"https:\/\/tuzlainfo.ba\/index.php\/wp-json\/wp\/v2\/media\/170403"}],"wp:attachment":[{"href":"https:\/\/tuzlainfo.ba\/index.php\/wp-json\/wp\/v2\/media?parent=281825"}],"wp:term":[{"taxonomy":"category","embeddable":true,"href":"https:\/\/tuzlainfo.ba\/index.php\/wp-json\/wp\/v2\/categories?post=281825"},{"taxonomy":"post_tag","embeddable":true,"href":"https:\/\/tuzlainfo.ba\/index.php\/wp-json\/wp\/v2\/tags?post=281825"}],"curies":[{"name":"wp","href":"https:\/\/api.w.org\/{rel}","templated":true}]}}