{"id":281721,"date":"2025-09-24T20:09:34","date_gmt":"2025-09-24T18:09:34","guid":{"rendered":"https:\/\/tuzlainfo.ba\/?p=281721"},"modified":"2025-09-24T20:14:47","modified_gmt":"2025-09-24T18:14:47","slug":"video-uz-boje-i-igru-ucenje-o-zavicaju-na-sajmu-knjige-mozete-pronaci-bojanku-grad-tuzla","status":"publish","type":"post","link":"https:\/\/tuzlainfo.ba\/index.php\/novosti\/item\/281721-video-uz-boje-i-igru-ucenje-o-zavicaju-na-sajmu-knjige-mozete-pronaci-bojanku-grad-tuzla\/","title":{"rendered":"VIDEO \/ Uz boje i igru u\u010denje o zavi\u010daju: Na Sajmu knjige mo\u017eete prona\u0107i bojanku \u201cGrad Tuzla\u201d"},"content":{"rendered":"<p>Na Sajmu knjige u Tuzli mo\u017ee se prona\u0107i jedinstvena bojanka \u201cGrad Tuzla\u201d, autora Edine i Admira Smaji\u0107a.<\/p>\n<p>Ova posebna publikacija namijenjena je djeci, a kroz crte\u017ee i ilustracije donosi prepoznatljive simbole i motive Tuzle od znamenitih gra\u0111evina i kulturnih spomenika do detalja koji \u010duvaju duh grada. Cilj bojanke je da najmla\u0111i kroz igru i bojenje upoznaju svoj grad, njegovu historiju i identitet, te razvijaju ljubav i ponos prema zavi\u010daju.<\/p>\n<p>Posebnu emotivnu vrijednost daju i stihovi ispisani na koricama:<\/p>\n<p>\u201cVoljeni grade moj, nad tobom sunce najljep\u0161e sja.\u201d Autor Admir Smaji\u0107, koji je skupa sa suprugom Edinom idejni tvorac bojanke, isti\u010de da je bojanka nastala iz \u017eelje da se djeci ponudi edukativan i kreativan sadr\u017eaj koji \u0107e ih zbli\u017eiti s njihovim gradom:<\/p>\n<p>\u201cHtjeli smo napraviti ne\u0161to \u0161to \u0107e biti i zabavno i korisno. Kroz bojenje djeca u\u010de o znamenitostima Tuzle, njenoj bogatoj historiji i otvorenosti prema svim dobronamjernim ljudima\u201d, rekao je Admir za Tuzlainfo.ba.<\/p>\n<p>Na prvoj stranici bojanke djeca boje grb Tuzle, gdje dominiraju plava i \u017euta boja, a kroz naredne stranice upoznaju karakteristi\u010dne dijelove grada, zna\u010dajne objekte i kulturne simbole.<\/p>\n<p><iframe title=\"Jedinstvena bojanka &quot;Grad Tuzla&quot; na Sajmu knjiga u Tuzli\" width=\"1170\" height=\"658\" src=\"https:\/\/www.youtube.com\/embed\/xIRhSOIhcBY?feature=oembed\" frameborder=\"0\" allow=\"accelerometer; autoplay; clipboard-write; encrypted-media; gyroscope; picture-in-picture; web-share\" referrerpolicy=\"strict-origin-when-cross-origin\" allowfullscreen><\/iframe><\/p>\n<p>Bojanka se po cijeni od 5 KM mo\u017ee kupiti na Sajmu knjige, na \u0161tandu \u201cBuljuba\u0161i\u0107\u201d. Zvani\u010dna promocija djela planirana je za nedjelju, 28. septembra 2025. godine u 15:00 sati, u okviru Sajma knjige Tuzla, koji se odr\u017eava u Hrvatskom kulturnom centru.<strong>\/S.P.\/<\/strong><\/p>\n","protected":false},"excerpt":{"rendered":"<p>Na Sajmu knjige u Tuzli mo\u017ee se prona\u0107i jedinstvena bojanka \u201cGrad Tuzla\u201d, autora Edine i&hellip;<\/p>\n","protected":false},"author":2,"featured_media":281725,"comment_status":"closed","ping_status":"closed","sticky":false,"template":"","format":"standard","meta":{"_acf_changed":false,"footnotes":""},"categories":[304,12],"tags":[12794,11108,42],"acf":[],"yoast_head":"<!-- This site is optimized with the Yoast SEO plugin v23.5 - https:\/\/yoast.com\/wordpress\/plugins\/seo\/ -->\n<title>VIDEO \/ Uz boje i igru u\u010denje o zavi\u010daju: Na Sajmu knjige mo\u017eete prona\u0107i bojanku \u201cGrad Tuzla\u201d - TuzlaInfo.ba<\/title>\n<meta name=\"robots\" content=\"index, follow, max-snippet:-1, max-image-preview:large, max-video-preview:-1\" \/>\n<link rel=\"canonical\" href=\"https:\/\/tuzlainfo.ba\/index.php\/novosti\/item\/281721-video-uz-boje-i-igru-ucenje-o-zavicaju-na-sajmu-knjige-mozete-pronaci-bojanku-grad-tuzla\/\" \/>\n<meta property=\"og:locale\" content=\"bs_BA\" \/>\n<meta property=\"og:type\" content=\"article\" \/>\n<meta property=\"og:title\" content=\"VIDEO \/ Uz boje i igru u\u010denje o zavi\u010daju: Na Sajmu knjige mo\u017eete prona\u0107i bojanku \u201cGrad Tuzla\u201d - TuzlaInfo.ba\" \/>\n<meta property=\"og:description\" content=\"Na Sajmu knjige u Tuzli mo\u017ee se prona\u0107i jedinstvena bojanka \u201cGrad Tuzla\u201d, autora Edine i&hellip;\" \/>\n<meta property=\"og:url\" content=\"https:\/\/tuzlainfo.ba\/index.php\/novosti\/item\/281721-video-uz-boje-i-igru-ucenje-o-zavicaju-na-sajmu-knjige-mozete-pronaci-bojanku-grad-tuzla\/\" \/>\n<meta property=\"og:site_name\" content=\"TuzlaInfo.ba\" \/>\n<meta property=\"article:publisher\" content=\"https:\/\/www.facebook.com\/tuzlainfo.ba\/\" \/>\n<meta property=\"article:published_time\" content=\"2025-09-24T18:09:34+00:00\" \/>\n<meta property=\"article:modified_time\" content=\"2025-09-24T18:14:47+00:00\" \/>\n<meta property=\"og:image\" content=\"https:\/\/tuzlainfo.ba\/wp-content\/uploads\/2025\/09\/2409_bojanka.jpg\" \/>\n\t<meta property=\"og:image:width\" content=\"1000\" \/>\n\t<meta property=\"og:image:height\" content=\"600\" \/>\n\t<meta property=\"og:image:type\" content=\"image\/jpeg\" \/>\n<meta name=\"author\" content=\"nedim\" \/>\n<meta name=\"twitter:card\" content=\"summary_large_image\" \/>\n<meta name=\"twitter:label1\" content=\"Written by\" \/>\n\t<meta name=\"twitter:data1\" content=\"nedim\" \/>\n\t<meta name=\"twitter:label2\" content=\"Est. reading time\" \/>\n\t<meta name=\"twitter:data2\" content=\"2 minute\" \/>\n<script type=\"application\/ld+json\" class=\"yoast-schema-graph\">{\"@context\":\"https:\/\/schema.org\",\"@graph\":[{\"@type\":\"Article\",\"@id\":\"https:\/\/tuzlainfo.ba\/index.php\/novosti\/item\/281721-video-uz-boje-i-igru-ucenje-o-zavicaju-na-sajmu-knjige-mozete-pronaci-bojanku-grad-tuzla\/#article\",\"isPartOf\":{\"@id\":\"https:\/\/tuzlainfo.ba\/index.php\/novosti\/item\/281721-video-uz-boje-i-igru-ucenje-o-zavicaju-na-sajmu-knjige-mozete-pronaci-bojanku-grad-tuzla\/\"},\"author\":{\"name\":\"nedim\",\"@id\":\"https:\/\/tuzlainfo.ba\/#\/schema\/person\/f434e20dc27ea133923aab08451b7f7f\"},\"headline\":\"VIDEO \/ Uz boje i igru u\u010denje o zavi\u010daju: Na Sajmu knjige mo\u017eete prona\u0107i bojanku \u201cGrad Tuzla\u201d\",\"datePublished\":\"2025-09-24T18:09:34+00:00\",\"dateModified\":\"2025-09-24T18:14:47+00:00\",\"mainEntityOfPage\":{\"@id\":\"https:\/\/tuzlainfo.ba\/index.php\/novosti\/item\/281721-video-uz-boje-i-igru-ucenje-o-zavicaju-na-sajmu-knjige-mozete-pronaci-bojanku-grad-tuzla\/\"},\"wordCount\":262,\"publisher\":{\"@id\":\"https:\/\/tuzlainfo.ba\/#organization\"},\"image\":{\"@id\":\"https:\/\/tuzlainfo.ba\/index.php\/novosti\/item\/281721-video-uz-boje-i-igru-ucenje-o-zavicaju-na-sajmu-knjige-mozete-pronaci-bojanku-grad-tuzla\/#primaryimage\"},\"thumbnailUrl\":\"https:\/\/tuzlainfo.ba\/wp-content\/uploads\/2025\/09\/2409_bojanka.jpg\",\"keywords\":[\"bojanka\",\"sajam knjige\",\"tuzla\"],\"articleSection\":[\"Istaknuto\",\"Novosti\"],\"inLanguage\":\"bs-BA\"},{\"@type\":\"WebPage\",\"@id\":\"https:\/\/tuzlainfo.ba\/index.php\/novosti\/item\/281721-video-uz-boje-i-igru-ucenje-o-zavicaju-na-sajmu-knjige-mozete-pronaci-bojanku-grad-tuzla\/\",\"url\":\"https:\/\/tuzlainfo.ba\/index.php\/novosti\/item\/281721-video-uz-boje-i-igru-ucenje-o-zavicaju-na-sajmu-knjige-mozete-pronaci-bojanku-grad-tuzla\/\",\"name\":\"VIDEO \/ Uz boje i igru u\u010denje o zavi\u010daju: Na Sajmu knjige mo\u017eete prona\u0107i bojanku \u201cGrad Tuzla\u201d - TuzlaInfo.ba\",\"isPartOf\":{\"@id\":\"https:\/\/tuzlainfo.ba\/#website\"},\"primaryImageOfPage\":{\"@id\":\"https:\/\/tuzlainfo.ba\/index.php\/novosti\/item\/281721-video-uz-boje-i-igru-ucenje-o-zavicaju-na-sajmu-knjige-mozete-pronaci-bojanku-grad-tuzla\/#primaryimage\"},\"image\":{\"@id\":\"https:\/\/tuzlainfo.ba\/index.php\/novosti\/item\/281721-video-uz-boje-i-igru-ucenje-o-zavicaju-na-sajmu-knjige-mozete-pronaci-bojanku-grad-tuzla\/#primaryimage\"},\"thumbnailUrl\":\"https:\/\/tuzlainfo.ba\/wp-content\/uploads\/2025\/09\/2409_bojanka.jpg\",\"datePublished\":\"2025-09-24T18:09:34+00:00\",\"dateModified\":\"2025-09-24T18:14:47+00:00\",\"breadcrumb\":{\"@id\":\"https:\/\/tuzlainfo.ba\/index.php\/novosti\/item\/281721-video-uz-boje-i-igru-ucenje-o-zavicaju-na-sajmu-knjige-mozete-pronaci-bojanku-grad-tuzla\/#breadcrumb\"},\"inLanguage\":\"bs-BA\",\"potentialAction\":[{\"@type\":\"ReadAction\",\"target\":[\"https:\/\/tuzlainfo.ba\/index.php\/novosti\/item\/281721-video-uz-boje-i-igru-ucenje-o-zavicaju-na-sajmu-knjige-mozete-pronaci-bojanku-grad-tuzla\/\"]}]},{\"@type\":\"ImageObject\",\"inLanguage\":\"bs-BA\",\"@id\":\"https:\/\/tuzlainfo.ba\/index.php\/novosti\/item\/281721-video-uz-boje-i-igru-ucenje-o-zavicaju-na-sajmu-knjige-mozete-pronaci-bojanku-grad-tuzla\/#primaryimage\",\"url\":\"https:\/\/tuzlainfo.ba\/wp-content\/uploads\/2025\/09\/2409_bojanka.jpg\",\"contentUrl\":\"https:\/\/tuzlainfo.ba\/wp-content\/uploads\/2025\/09\/2409_bojanka.jpg\",\"width\":1000,\"height\":600},{\"@type\":\"BreadcrumbList\",\"@id\":\"https:\/\/tuzlainfo.ba\/index.php\/novosti\/item\/281721-video-uz-boje-i-igru-ucenje-o-zavicaju-na-sajmu-knjige-mozete-pronaci-bojanku-grad-tuzla\/#breadcrumb\",\"itemListElement\":[{\"@type\":\"ListItem\",\"position\":1,\"name\":\"Home\",\"item\":\"https:\/\/tuzlainfo.ba\/\"},{\"@type\":\"ListItem\",\"position\":2,\"name\":\"VIDEO \/ Uz boje i igru u\u010denje o zavi\u010daju: Na Sajmu knjige mo\u017eete prona\u0107i bojanku \u201cGrad Tuzla\u201d\"}]},{\"@type\":\"WebSite\",\"@id\":\"https:\/\/tuzlainfo.ba\/#website\",\"url\":\"https:\/\/tuzlainfo.ba\/\",\"name\":\"TuzlaInfo.ba\",\"description\":\"Tuzla info, gradski informator - Tuzla na dlanu\",\"publisher\":{\"@id\":\"https:\/\/tuzlainfo.ba\/#organization\"},\"potentialAction\":[{\"@type\":\"SearchAction\",\"target\":{\"@type\":\"EntryPoint\",\"urlTemplate\":\"https:\/\/tuzlainfo.ba\/?s={search_term_string}\"},\"query-input\":{\"@type\":\"PropertyValueSpecification\",\"valueRequired\":true,\"valueName\":\"search_term_string\"}}],\"inLanguage\":\"bs-BA\"},{\"@type\":\"Organization\",\"@id\":\"https:\/\/tuzlainfo.ba\/#organization\",\"name\":\"TuzlaInfo.ba\",\"url\":\"https:\/\/tuzlainfo.ba\/\",\"logo\":{\"@type\":\"ImageObject\",\"inLanguage\":\"bs-BA\",\"@id\":\"https:\/\/tuzlainfo.ba\/#\/schema\/logo\/image\/\",\"url\":\"https:\/\/tuzlainfo.ba\/wp-content\/uploads\/2021\/03\/logo-ver-3-1.png\",\"contentUrl\":\"https:\/\/tuzlainfo.ba\/wp-content\/uploads\/2021\/03\/logo-ver-3-1.png\",\"width\":350,\"height\":95,\"caption\":\"TuzlaInfo.ba\"},\"image\":{\"@id\":\"https:\/\/tuzlainfo.ba\/#\/schema\/logo\/image\/\"},\"sameAs\":[\"https:\/\/www.facebook.com\/tuzlainfo.ba\/\"]},{\"@type\":\"Person\",\"@id\":\"https:\/\/tuzlainfo.ba\/#\/schema\/person\/f434e20dc27ea133923aab08451b7f7f\",\"name\":\"nedim\",\"image\":{\"@type\":\"ImageObject\",\"inLanguage\":\"bs-BA\",\"@id\":\"https:\/\/tuzlainfo.ba\/#\/schema\/person\/image\/\",\"url\":\"https:\/\/tuzlainfo.ba\/wp-content\/litespeed\/avatar\/aabad687af24844af817603ac1cbdc4f.jpg?ver=1776702173\",\"contentUrl\":\"https:\/\/tuzlainfo.ba\/wp-content\/litespeed\/avatar\/aabad687af24844af817603ac1cbdc4f.jpg?ver=1776702173\",\"caption\":\"nedim\"},\"description\":\"Tuzlainfo.ba pratite na dru\u0161tvenim mre\u017eama: Facebook, Instagram i Youtube. Svoje pri\u010de, upite i fotografije \u0161aljite na na\u0161u e-mail adresu.\"}]}<\/script>\n<!-- \/ Yoast SEO plugin. -->","yoast_head_json":{"title":"VIDEO \/ Uz boje i igru u\u010denje o zavi\u010daju: Na Sajmu knjige mo\u017eete prona\u0107i bojanku \u201cGrad Tuzla\u201d - TuzlaInfo.ba","robots":{"index":"index","follow":"follow","max-snippet":"max-snippet:-1","max-image-preview":"max-image-preview:large","max-video-preview":"max-video-preview:-1"},"canonical":"https:\/\/tuzlainfo.ba\/index.php\/novosti\/item\/281721-video-uz-boje-i-igru-ucenje-o-zavicaju-na-sajmu-knjige-mozete-pronaci-bojanku-grad-tuzla\/","og_locale":"bs_BA","og_type":"article","og_title":"VIDEO \/ Uz boje i igru u\u010denje o zavi\u010daju: Na Sajmu knjige mo\u017eete prona\u0107i bojanku \u201cGrad Tuzla\u201d - TuzlaInfo.ba","og_description":"Na Sajmu knjige u Tuzli mo\u017ee se prona\u0107i jedinstvena bojanka \u201cGrad Tuzla\u201d, autora Edine i&hellip;","og_url":"https:\/\/tuzlainfo.ba\/index.php\/novosti\/item\/281721-video-uz-boje-i-igru-ucenje-o-zavicaju-na-sajmu-knjige-mozete-pronaci-bojanku-grad-tuzla\/","og_site_name":"TuzlaInfo.ba","article_publisher":"https:\/\/www.facebook.com\/tuzlainfo.ba\/","article_published_time":"2025-09-24T18:09:34+00:00","article_modified_time":"2025-09-24T18:14:47+00:00","og_image":[{"width":1000,"height":600,"url":"https:\/\/tuzlainfo.ba\/wp-content\/uploads\/2025\/09\/2409_bojanka.jpg","type":"image\/jpeg"}],"author":"nedim","twitter_card":"summary_large_image","twitter_misc":{"Written by":"nedim","Est. reading time":"2 minute"},"schema":{"@context":"https:\/\/schema.org","@graph":[{"@type":"Article","@id":"https:\/\/tuzlainfo.ba\/index.php\/novosti\/item\/281721-video-uz-boje-i-igru-ucenje-o-zavicaju-na-sajmu-knjige-mozete-pronaci-bojanku-grad-tuzla\/#article","isPartOf":{"@id":"https:\/\/tuzlainfo.ba\/index.php\/novosti\/item\/281721-video-uz-boje-i-igru-ucenje-o-zavicaju-na-sajmu-knjige-mozete-pronaci-bojanku-grad-tuzla\/"},"author":{"name":"nedim","@id":"https:\/\/tuzlainfo.ba\/#\/schema\/person\/f434e20dc27ea133923aab08451b7f7f"},"headline":"VIDEO \/ Uz boje i igru u\u010denje o zavi\u010daju: Na Sajmu knjige mo\u017eete prona\u0107i bojanku \u201cGrad Tuzla\u201d","datePublished":"2025-09-24T18:09:34+00:00","dateModified":"2025-09-24T18:14:47+00:00","mainEntityOfPage":{"@id":"https:\/\/tuzlainfo.ba\/index.php\/novosti\/item\/281721-video-uz-boje-i-igru-ucenje-o-zavicaju-na-sajmu-knjige-mozete-pronaci-bojanku-grad-tuzla\/"},"wordCount":262,"publisher":{"@id":"https:\/\/tuzlainfo.ba\/#organization"},"image":{"@id":"https:\/\/tuzlainfo.ba\/index.php\/novosti\/item\/281721-video-uz-boje-i-igru-ucenje-o-zavicaju-na-sajmu-knjige-mozete-pronaci-bojanku-grad-tuzla\/#primaryimage"},"thumbnailUrl":"https:\/\/tuzlainfo.ba\/wp-content\/uploads\/2025\/09\/2409_bojanka.jpg","keywords":["bojanka","sajam knjige","tuzla"],"articleSection":["Istaknuto","Novosti"],"inLanguage":"bs-BA"},{"@type":"WebPage","@id":"https:\/\/tuzlainfo.ba\/index.php\/novosti\/item\/281721-video-uz-boje-i-igru-ucenje-o-zavicaju-na-sajmu-knjige-mozete-pronaci-bojanku-grad-tuzla\/","url":"https:\/\/tuzlainfo.ba\/index.php\/novosti\/item\/281721-video-uz-boje-i-igru-ucenje-o-zavicaju-na-sajmu-knjige-mozete-pronaci-bojanku-grad-tuzla\/","name":"VIDEO \/ Uz boje i igru u\u010denje o zavi\u010daju: Na Sajmu knjige mo\u017eete prona\u0107i bojanku \u201cGrad Tuzla\u201d - TuzlaInfo.ba","isPartOf":{"@id":"https:\/\/tuzlainfo.ba\/#website"},"primaryImageOfPage":{"@id":"https:\/\/tuzlainfo.ba\/index.php\/novosti\/item\/281721-video-uz-boje-i-igru-ucenje-o-zavicaju-na-sajmu-knjige-mozete-pronaci-bojanku-grad-tuzla\/#primaryimage"},"image":{"@id":"https:\/\/tuzlainfo.ba\/index.php\/novosti\/item\/281721-video-uz-boje-i-igru-ucenje-o-zavicaju-na-sajmu-knjige-mozete-pronaci-bojanku-grad-tuzla\/#primaryimage"},"thumbnailUrl":"https:\/\/tuzlainfo.ba\/wp-content\/uploads\/2025\/09\/2409_bojanka.jpg","datePublished":"2025-09-24T18:09:34+00:00","dateModified":"2025-09-24T18:14:47+00:00","breadcrumb":{"@id":"https:\/\/tuzlainfo.ba\/index.php\/novosti\/item\/281721-video-uz-boje-i-igru-ucenje-o-zavicaju-na-sajmu-knjige-mozete-pronaci-bojanku-grad-tuzla\/#breadcrumb"},"inLanguage":"bs-BA","potentialAction":[{"@type":"ReadAction","target":["https:\/\/tuzlainfo.ba\/index.php\/novosti\/item\/281721-video-uz-boje-i-igru-ucenje-o-zavicaju-na-sajmu-knjige-mozete-pronaci-bojanku-grad-tuzla\/"]}]},{"@type":"ImageObject","inLanguage":"bs-BA","@id":"https:\/\/tuzlainfo.ba\/index.php\/novosti\/item\/281721-video-uz-boje-i-igru-ucenje-o-zavicaju-na-sajmu-knjige-mozete-pronaci-bojanku-grad-tuzla\/#primaryimage","url":"https:\/\/tuzlainfo.ba\/wp-content\/uploads\/2025\/09\/2409_bojanka.jpg","contentUrl":"https:\/\/tuzlainfo.ba\/wp-content\/uploads\/2025\/09\/2409_bojanka.jpg","width":1000,"height":600},{"@type":"BreadcrumbList","@id":"https:\/\/tuzlainfo.ba\/index.php\/novosti\/item\/281721-video-uz-boje-i-igru-ucenje-o-zavicaju-na-sajmu-knjige-mozete-pronaci-bojanku-grad-tuzla\/#breadcrumb","itemListElement":[{"@type":"ListItem","position":1,"name":"Home","item":"https:\/\/tuzlainfo.ba\/"},{"@type":"ListItem","position":2,"name":"VIDEO \/ Uz boje i igru u\u010denje o zavi\u010daju: Na Sajmu knjige mo\u017eete prona\u0107i bojanku \u201cGrad Tuzla\u201d"}]},{"@type":"WebSite","@id":"https:\/\/tuzlainfo.ba\/#website","url":"https:\/\/tuzlainfo.ba\/","name":"TuzlaInfo.ba","description":"Tuzla info, gradski informator - Tuzla na dlanu","publisher":{"@id":"https:\/\/tuzlainfo.ba\/#organization"},"potentialAction":[{"@type":"SearchAction","target":{"@type":"EntryPoint","urlTemplate":"https:\/\/tuzlainfo.ba\/?s={search_term_string}"},"query-input":{"@type":"PropertyValueSpecification","valueRequired":true,"valueName":"search_term_string"}}],"inLanguage":"bs-BA"},{"@type":"Organization","@id":"https:\/\/tuzlainfo.ba\/#organization","name":"TuzlaInfo.ba","url":"https:\/\/tuzlainfo.ba\/","logo":{"@type":"ImageObject","inLanguage":"bs-BA","@id":"https:\/\/tuzlainfo.ba\/#\/schema\/logo\/image\/","url":"https:\/\/tuzlainfo.ba\/wp-content\/uploads\/2021\/03\/logo-ver-3-1.png","contentUrl":"https:\/\/tuzlainfo.ba\/wp-content\/uploads\/2021\/03\/logo-ver-3-1.png","width":350,"height":95,"caption":"TuzlaInfo.ba"},"image":{"@id":"https:\/\/tuzlainfo.ba\/#\/schema\/logo\/image\/"},"sameAs":["https:\/\/www.facebook.com\/tuzlainfo.ba\/"]},{"@type":"Person","@id":"https:\/\/tuzlainfo.ba\/#\/schema\/person\/f434e20dc27ea133923aab08451b7f7f","name":"nedim","image":{"@type":"ImageObject","inLanguage":"bs-BA","@id":"https:\/\/tuzlainfo.ba\/#\/schema\/person\/image\/","url":"https:\/\/tuzlainfo.ba\/wp-content\/litespeed\/avatar\/aabad687af24844af817603ac1cbdc4f.jpg?ver=1776702173","contentUrl":"https:\/\/tuzlainfo.ba\/wp-content\/litespeed\/avatar\/aabad687af24844af817603ac1cbdc4f.jpg?ver=1776702173","caption":"nedim"},"description":"Tuzlainfo.ba pratite na dru\u0161tvenim mre\u017eama: Facebook, Instagram i Youtube. Svoje pri\u010de, upite i fotografije \u0161aljite na na\u0161u e-mail adresu."}]}},"_links":{"self":[{"href":"https:\/\/tuzlainfo.ba\/index.php\/wp-json\/wp\/v2\/posts\/281721"}],"collection":[{"href":"https:\/\/tuzlainfo.ba\/index.php\/wp-json\/wp\/v2\/posts"}],"about":[{"href":"https:\/\/tuzlainfo.ba\/index.php\/wp-json\/wp\/v2\/types\/post"}],"author":[{"embeddable":true,"href":"https:\/\/tuzlainfo.ba\/index.php\/wp-json\/wp\/v2\/users\/2"}],"replies":[{"embeddable":true,"href":"https:\/\/tuzlainfo.ba\/index.php\/wp-json\/wp\/v2\/comments?post=281721"}],"version-history":[{"count":3,"href":"https:\/\/tuzlainfo.ba\/index.php\/wp-json\/wp\/v2\/posts\/281721\/revisions"}],"predecessor-version":[{"id":281726,"href":"https:\/\/tuzlainfo.ba\/index.php\/wp-json\/wp\/v2\/posts\/281721\/revisions\/281726"}],"wp:featuredmedia":[{"embeddable":true,"href":"https:\/\/tuzlainfo.ba\/index.php\/wp-json\/wp\/v2\/media\/281725"}],"wp:attachment":[{"href":"https:\/\/tuzlainfo.ba\/index.php\/wp-json\/wp\/v2\/media?parent=281721"}],"wp:term":[{"taxonomy":"category","embeddable":true,"href":"https:\/\/tuzlainfo.ba\/index.php\/wp-json\/wp\/v2\/categories?post=281721"},{"taxonomy":"post_tag","embeddable":true,"href":"https:\/\/tuzlainfo.ba\/index.php\/wp-json\/wp\/v2\/tags?post=281721"}],"curies":[{"name":"wp","href":"https:\/\/api.w.org\/{rel}","templated":true}]}}