{"id":281645,"date":"2025-09-24T14:04:12","date_gmt":"2025-09-24T12:04:12","guid":{"rendered":"https:\/\/tuzlainfo.ba\/?p=281645"},"modified":"2025-09-24T20:11:23","modified_gmt":"2025-09-24T18:11:23","slug":"najavljen-bogat-program-poceo-sajam-knjige-u-tuzli","status":"publish","type":"post","link":"https:\/\/tuzlainfo.ba\/index.php\/novosti\/item\/281645-najavljen-bogat-program-poceo-sajam-knjige-u-tuzli\/","title":{"rendered":"Najavljen bogat program: Po\u010deo Sajam knjige u Tuzli"},"content":{"rendered":"<p data-start=\"39\" data-end=\"277\">U Hrvatskom kulturnom centru \u201eSveti Franjo\u201c u Tuzli danas je sve\u010dano otvoren 2. sajam knjige, koji \u0107e trajati od 24. do 28. septembra i okupiti autore, izdava\u010de, kulturne radnike i ljubitelje pisane rije\u010di iz cijelog regiona.<\/p>\n<p data-start=\"279\" data-end=\"541\">Tokom pet sajamskih dana posjetioce o\u010dekuje bogat program \u2013 \u010dak 85 promocija knjiga, susreti s autorima, radionice, tribine i predavanja. Poseban naglasak stavljen je na radionice za djecu, panel-diskusije o aktuelnim temama i promocije razli\u010ditih knji\u017eevnih \u017eanrova.<\/p>\n<p data-start=\"543\" data-end=\"806\">Direktor Sajma, Edis Baji\u0107, istakao je da se ova manifestacija ve\u0107 nametnula kao va\u017ena kulturna platforma Tuzle i regiona, te izrazio nadu da \u0107e institucije u budu\u0107nosti pru\u017eiti jo\u0161 sna\u017eniju podr\u0161ku kako bi sadr\u017eaji bili jo\u0161 bogatiji i dostupniji \u0161iroj publici.<\/p>\n<p><iframe title=\"Edis Baji\u0107 - Direktor Sajma knjiga u Tuzli\" width=\"1170\" height=\"658\" src=\"https:\/\/www.youtube.com\/embed\/wgI9itkdxBg?feature=oembed\" frameborder=\"0\" allow=\"accelerometer; autoplay; clipboard-write; encrypted-media; gyroscope; picture-in-picture; web-share\" referrerpolicy=\"strict-origin-when-cross-origin\" allowfullscreen><\/iframe><\/p>\n<p data-start=\"808\" data-end=\"1105\">Sekretar Grada Tuzle, Amir \u0160uta, naglasio je da Sajam knjige predstavlja jedan od klju\u010dnih kulturnih doga\u0111aja u gradu, jer afirmi\u0161e knjigu i \u010ditanje, te povezuje autore i publiku. Podsjetio je da Grad Tuzla kontinuirano podr\u017eava ovakve projekte zbog njihovog zna\u010daja za kulturni \u017eivot zajednice.<\/p>\n<p data-start=\"808\" data-end=\"1105\"><iframe style=\"border: none; overflow: hidden;\" src=\"https:\/\/www.facebook.com\/plugins\/post.php?href=https%3A%2F%2Fwww.facebook.com%2Fvijestiztuzle%2Fposts%2Fpfbid0mJNJFQAfzbAm6wcXsnxNrQb7SMoeeMJmDGbo1C7VCn9bupQ1RkPWWkuCeXowsk7Rl&amp;show_text=true&amp;width=500\" width=\"500\" height=\"770\" frameborder=\"0\" scrolling=\"no\" allowfullscreen=\"allowfullscreen\"><\/iframe><\/p>\n<p data-start=\"1107\" data-end=\"1334\">Manifestaciju je otvorio ministar za kulturu, sport i mlade TK, Damir Gazdi\u0107, koji je obe\u0107ao sna\u017eniju podr\u0161ku kulturnim doga\u0111ajima, nagla\u0161avaju\u0107i da upravo ovakve manifestacije doprinose razvoju i promociji kulture u kantonu.<\/p>\n<p><iframe title=\"Damir Gazdi\u0107, Ministar za kulturu, sport i mlade Tuzlanskog kantona - Sajam knjiga Tuzla 2025\" width=\"1170\" height=\"658\" src=\"https:\/\/www.youtube.com\/embed\/WHf-Ynzw740?feature=oembed\" frameborder=\"0\" allow=\"accelerometer; autoplay; clipboard-write; encrypted-media; gyroscope; picture-in-picture; web-share\" referrerpolicy=\"strict-origin-when-cross-origin\" allowfullscreen><\/iframe><\/p>\n<p data-start=\"1336\" data-end=\"1422\">Ulaz na Sajam je slobodan, a posjetioci ga mogu obi\u0107i svakog dana od jutarnjih sati.<\/p>\n<p data-start=\"1336\" data-end=\"1422\">Program promocija je dostupan na slijede\u0107em vizualu:<br \/>\n<img fetchpriority=\"high\" decoding=\"async\" class=\"alignnone size-full wp-image-281704\" src=\"https:\/\/tuzlainfo.ba\/wp-content\/uploads\/2025\/09\/promocije1.jpg\" alt=\"\" width=\"2048\" height=\"2048\" srcset=\"https:\/\/tuzlainfo.ba\/wp-content\/uploads\/2025\/09\/promocije1.jpg 2048w, https:\/\/tuzlainfo.ba\/wp-content\/uploads\/2025\/09\/promocije1-300x300.jpg 300w, https:\/\/tuzlainfo.ba\/wp-content\/uploads\/2025\/09\/promocije1-1024x1024.jpg 1024w, https:\/\/tuzlainfo.ba\/wp-content\/uploads\/2025\/09\/promocije1-150x150.jpg 150w, https:\/\/tuzlainfo.ba\/wp-content\/uploads\/2025\/09\/promocije1-768x768.jpg 768w, https:\/\/tuzlainfo.ba\/wp-content\/uploads\/2025\/09\/promocije1-1536x1536.jpg 1536w, https:\/\/tuzlainfo.ba\/wp-content\/uploads\/2025\/09\/promocije1-1920x1920.jpg 1920w, https:\/\/tuzlainfo.ba\/wp-content\/uploads\/2025\/09\/promocije1-1170x1170.jpg 1170w, https:\/\/tuzlainfo.ba\/wp-content\/uploads\/2025\/09\/promocije1-585x585.jpg 585w, https:\/\/tuzlainfo.ba\/wp-content\/uploads\/2025\/09\/promocije1-500x500.jpg 500w, https:\/\/tuzlainfo.ba\/wp-content\/uploads\/2025\/09\/promocije1-45x45.jpg 45w\" sizes=\"(max-width: 2048px) 100vw, 2048px\" \/><\/p>\n","protected":false},"excerpt":{"rendered":"<p>U Hrvatskom kulturnom centru \u201eSveti Franjo\u201c u Tuzli danas je sve\u010dano otvoren 2. sajam knjige,&hellip;<\/p>\n","protected":false},"author":4,"featured_media":281646,"comment_status":"closed","ping_status":"closed","sticky":false,"template":"","format":"standard","meta":{"_acf_changed":false,"footnotes":""},"categories":[304,12],"tags":[11108],"acf":[],"yoast_head":"<!-- This site is optimized with the Yoast SEO plugin v23.5 - https:\/\/yoast.com\/wordpress\/plugins\/seo\/ -->\n<title>Najavljen bogat program: Po\u010deo Sajam knjige u Tuzli - TuzlaInfo.ba<\/title>\n<meta name=\"robots\" content=\"index, follow, max-snippet:-1, max-image-preview:large, max-video-preview:-1\" \/>\n<link rel=\"canonical\" href=\"https:\/\/tuzlainfo.ba\/index.php\/novosti\/item\/281645-najavljen-bogat-program-poceo-sajam-knjige-u-tuzli\/\" \/>\n<meta property=\"og:locale\" content=\"bs_BA\" \/>\n<meta property=\"og:type\" content=\"article\" \/>\n<meta property=\"og:title\" content=\"Najavljen bogat program: Po\u010deo Sajam knjige u Tuzli - TuzlaInfo.ba\" \/>\n<meta property=\"og:description\" content=\"U Hrvatskom kulturnom centru \u201eSveti Franjo\u201c u Tuzli danas je sve\u010dano otvoren 2. sajam knjige,&hellip;\" \/>\n<meta property=\"og:url\" content=\"https:\/\/tuzlainfo.ba\/index.php\/novosti\/item\/281645-najavljen-bogat-program-poceo-sajam-knjige-u-tuzli\/\" \/>\n<meta property=\"og:site_name\" content=\"TuzlaInfo.ba\" \/>\n<meta property=\"article:publisher\" content=\"https:\/\/www.facebook.com\/tuzlainfo.ba\/\" \/>\n<meta property=\"article:published_time\" content=\"2025-09-24T12:04:12+00:00\" \/>\n<meta property=\"article:modified_time\" content=\"2025-09-24T18:11:23+00:00\" \/>\n<meta property=\"og:image\" content=\"https:\/\/tuzlainfo.ba\/wp-content\/uploads\/2025\/09\/sajam-knjige-tuzla.jpg\" \/>\n\t<meta property=\"og:image:width\" content=\"800\" \/>\n\t<meta property=\"og:image:height\" content=\"450\" \/>\n\t<meta property=\"og:image:type\" content=\"image\/jpeg\" \/>\n<meta name=\"author\" content=\"Tuzla Info\" \/>\n<meta name=\"twitter:card\" content=\"summary_large_image\" \/>\n<meta name=\"twitter:label1\" content=\"Written by\" \/>\n\t<meta name=\"twitter:data1\" content=\"Tuzla Info\" \/>\n\t<meta name=\"twitter:label2\" content=\"Est. reading time\" \/>\n\t<meta name=\"twitter:data2\" content=\"2 minute\" \/>\n<script type=\"application\/ld+json\" class=\"yoast-schema-graph\">{\"@context\":\"https:\/\/schema.org\",\"@graph\":[{\"@type\":\"Article\",\"@id\":\"https:\/\/tuzlainfo.ba\/index.php\/novosti\/item\/281645-najavljen-bogat-program-poceo-sajam-knjige-u-tuzli\/#article\",\"isPartOf\":{\"@id\":\"https:\/\/tuzlainfo.ba\/index.php\/novosti\/item\/281645-najavljen-bogat-program-poceo-sajam-knjige-u-tuzli\/\"},\"author\":{\"name\":\"Tuzla Info\",\"@id\":\"https:\/\/tuzlainfo.ba\/#\/schema\/person\/46cad4c57790cbc50781edd14870825a\"},\"headline\":\"Najavljen bogat program: Po\u010deo Sajam knjige u Tuzli\",\"datePublished\":\"2025-09-24T12:04:12+00:00\",\"dateModified\":\"2025-09-24T18:11:23+00:00\",\"mainEntityOfPage\":{\"@id\":\"https:\/\/tuzlainfo.ba\/index.php\/novosti\/item\/281645-najavljen-bogat-program-poceo-sajam-knjige-u-tuzli\/\"},\"wordCount\":255,\"publisher\":{\"@id\":\"https:\/\/tuzlainfo.ba\/#organization\"},\"image\":{\"@id\":\"https:\/\/tuzlainfo.ba\/index.php\/novosti\/item\/281645-najavljen-bogat-program-poceo-sajam-knjige-u-tuzli\/#primaryimage\"},\"thumbnailUrl\":\"https:\/\/tuzlainfo.ba\/wp-content\/uploads\/2025\/09\/sajam-knjige-tuzla.jpg\",\"keywords\":[\"sajam knjige\"],\"articleSection\":[\"Istaknuto\",\"Novosti\"],\"inLanguage\":\"bs-BA\"},{\"@type\":\"WebPage\",\"@id\":\"https:\/\/tuzlainfo.ba\/index.php\/novosti\/item\/281645-najavljen-bogat-program-poceo-sajam-knjige-u-tuzli\/\",\"url\":\"https:\/\/tuzlainfo.ba\/index.php\/novosti\/item\/281645-najavljen-bogat-program-poceo-sajam-knjige-u-tuzli\/\",\"name\":\"Najavljen bogat program: Po\u010deo Sajam knjige u Tuzli - TuzlaInfo.ba\",\"isPartOf\":{\"@id\":\"https:\/\/tuzlainfo.ba\/#website\"},\"primaryImageOfPage\":{\"@id\":\"https:\/\/tuzlainfo.ba\/index.php\/novosti\/item\/281645-najavljen-bogat-program-poceo-sajam-knjige-u-tuzli\/#primaryimage\"},\"image\":{\"@id\":\"https:\/\/tuzlainfo.ba\/index.php\/novosti\/item\/281645-najavljen-bogat-program-poceo-sajam-knjige-u-tuzli\/#primaryimage\"},\"thumbnailUrl\":\"https:\/\/tuzlainfo.ba\/wp-content\/uploads\/2025\/09\/sajam-knjige-tuzla.jpg\",\"datePublished\":\"2025-09-24T12:04:12+00:00\",\"dateModified\":\"2025-09-24T18:11:23+00:00\",\"breadcrumb\":{\"@id\":\"https:\/\/tuzlainfo.ba\/index.php\/novosti\/item\/281645-najavljen-bogat-program-poceo-sajam-knjige-u-tuzli\/#breadcrumb\"},\"inLanguage\":\"bs-BA\",\"potentialAction\":[{\"@type\":\"ReadAction\",\"target\":[\"https:\/\/tuzlainfo.ba\/index.php\/novosti\/item\/281645-najavljen-bogat-program-poceo-sajam-knjige-u-tuzli\/\"]}]},{\"@type\":\"ImageObject\",\"inLanguage\":\"bs-BA\",\"@id\":\"https:\/\/tuzlainfo.ba\/index.php\/novosti\/item\/281645-najavljen-bogat-program-poceo-sajam-knjige-u-tuzli\/#primaryimage\",\"url\":\"https:\/\/tuzlainfo.ba\/wp-content\/uploads\/2025\/09\/sajam-knjige-tuzla.jpg\",\"contentUrl\":\"https:\/\/tuzlainfo.ba\/wp-content\/uploads\/2025\/09\/sajam-knjige-tuzla.jpg\",\"width\":800,\"height\":450},{\"@type\":\"BreadcrumbList\",\"@id\":\"https:\/\/tuzlainfo.ba\/index.php\/novosti\/item\/281645-najavljen-bogat-program-poceo-sajam-knjige-u-tuzli\/#breadcrumb\",\"itemListElement\":[{\"@type\":\"ListItem\",\"position\":1,\"name\":\"Home\",\"item\":\"https:\/\/tuzlainfo.ba\/\"},{\"@type\":\"ListItem\",\"position\":2,\"name\":\"Najavljen bogat program: Po\u010deo Sajam knjige u Tuzli\"}]},{\"@type\":\"WebSite\",\"@id\":\"https:\/\/tuzlainfo.ba\/#website\",\"url\":\"https:\/\/tuzlainfo.ba\/\",\"name\":\"TuzlaInfo.ba\",\"description\":\"Tuzla info, gradski informator - Tuzla na dlanu\",\"publisher\":{\"@id\":\"https:\/\/tuzlainfo.ba\/#organization\"},\"potentialAction\":[{\"@type\":\"SearchAction\",\"target\":{\"@type\":\"EntryPoint\",\"urlTemplate\":\"https:\/\/tuzlainfo.ba\/?s={search_term_string}\"},\"query-input\":{\"@type\":\"PropertyValueSpecification\",\"valueRequired\":true,\"valueName\":\"search_term_string\"}}],\"inLanguage\":\"bs-BA\"},{\"@type\":\"Organization\",\"@id\":\"https:\/\/tuzlainfo.ba\/#organization\",\"name\":\"TuzlaInfo.ba\",\"url\":\"https:\/\/tuzlainfo.ba\/\",\"logo\":{\"@type\":\"ImageObject\",\"inLanguage\":\"bs-BA\",\"@id\":\"https:\/\/tuzlainfo.ba\/#\/schema\/logo\/image\/\",\"url\":\"https:\/\/tuzlainfo.ba\/wp-content\/uploads\/2021\/03\/logo-ver-3-1.png\",\"contentUrl\":\"https:\/\/tuzlainfo.ba\/wp-content\/uploads\/2021\/03\/logo-ver-3-1.png\",\"width\":350,\"height\":95,\"caption\":\"TuzlaInfo.ba\"},\"image\":{\"@id\":\"https:\/\/tuzlainfo.ba\/#\/schema\/logo\/image\/\"},\"sameAs\":[\"https:\/\/www.facebook.com\/tuzlainfo.ba\/\"]},{\"@type\":\"Person\",\"@id\":\"https:\/\/tuzlainfo.ba\/#\/schema\/person\/46cad4c57790cbc50781edd14870825a\",\"name\":\"Tuzla Info\",\"image\":{\"@type\":\"ImageObject\",\"inLanguage\":\"bs-BA\",\"@id\":\"https:\/\/tuzlainfo.ba\/#\/schema\/person\/image\/\",\"url\":\"https:\/\/tuzlainfo.ba\/wp-content\/litespeed\/avatar\/b6c453a6c38e3654f2e4416c643fc25c.jpg?ver=1777051911\",\"contentUrl\":\"https:\/\/tuzlainfo.ba\/wp-content\/litespeed\/avatar\/b6c453a6c38e3654f2e4416c643fc25c.jpg?ver=1777051911\",\"caption\":\"Tuzla Info\"}}]}<\/script>\n<!-- \/ Yoast SEO plugin. -->","yoast_head_json":{"title":"Najavljen bogat program: Po\u010deo Sajam knjige u Tuzli - TuzlaInfo.ba","robots":{"index":"index","follow":"follow","max-snippet":"max-snippet:-1","max-image-preview":"max-image-preview:large","max-video-preview":"max-video-preview:-1"},"canonical":"https:\/\/tuzlainfo.ba\/index.php\/novosti\/item\/281645-najavljen-bogat-program-poceo-sajam-knjige-u-tuzli\/","og_locale":"bs_BA","og_type":"article","og_title":"Najavljen bogat program: Po\u010deo Sajam knjige u Tuzli - TuzlaInfo.ba","og_description":"U Hrvatskom kulturnom centru \u201eSveti Franjo\u201c u Tuzli danas je sve\u010dano otvoren 2. sajam knjige,&hellip;","og_url":"https:\/\/tuzlainfo.ba\/index.php\/novosti\/item\/281645-najavljen-bogat-program-poceo-sajam-knjige-u-tuzli\/","og_site_name":"TuzlaInfo.ba","article_publisher":"https:\/\/www.facebook.com\/tuzlainfo.ba\/","article_published_time":"2025-09-24T12:04:12+00:00","article_modified_time":"2025-09-24T18:11:23+00:00","og_image":[{"width":800,"height":450,"url":"https:\/\/tuzlainfo.ba\/wp-content\/uploads\/2025\/09\/sajam-knjige-tuzla.jpg","type":"image\/jpeg"}],"author":"Tuzla Info","twitter_card":"summary_large_image","twitter_misc":{"Written by":"Tuzla Info","Est. reading time":"2 minute"},"schema":{"@context":"https:\/\/schema.org","@graph":[{"@type":"Article","@id":"https:\/\/tuzlainfo.ba\/index.php\/novosti\/item\/281645-najavljen-bogat-program-poceo-sajam-knjige-u-tuzli\/#article","isPartOf":{"@id":"https:\/\/tuzlainfo.ba\/index.php\/novosti\/item\/281645-najavljen-bogat-program-poceo-sajam-knjige-u-tuzli\/"},"author":{"name":"Tuzla Info","@id":"https:\/\/tuzlainfo.ba\/#\/schema\/person\/46cad4c57790cbc50781edd14870825a"},"headline":"Najavljen bogat program: Po\u010deo Sajam knjige u Tuzli","datePublished":"2025-09-24T12:04:12+00:00","dateModified":"2025-09-24T18:11:23+00:00","mainEntityOfPage":{"@id":"https:\/\/tuzlainfo.ba\/index.php\/novosti\/item\/281645-najavljen-bogat-program-poceo-sajam-knjige-u-tuzli\/"},"wordCount":255,"publisher":{"@id":"https:\/\/tuzlainfo.ba\/#organization"},"image":{"@id":"https:\/\/tuzlainfo.ba\/index.php\/novosti\/item\/281645-najavljen-bogat-program-poceo-sajam-knjige-u-tuzli\/#primaryimage"},"thumbnailUrl":"https:\/\/tuzlainfo.ba\/wp-content\/uploads\/2025\/09\/sajam-knjige-tuzla.jpg","keywords":["sajam knjige"],"articleSection":["Istaknuto","Novosti"],"inLanguage":"bs-BA"},{"@type":"WebPage","@id":"https:\/\/tuzlainfo.ba\/index.php\/novosti\/item\/281645-najavljen-bogat-program-poceo-sajam-knjige-u-tuzli\/","url":"https:\/\/tuzlainfo.ba\/index.php\/novosti\/item\/281645-najavljen-bogat-program-poceo-sajam-knjige-u-tuzli\/","name":"Najavljen bogat program: Po\u010deo Sajam knjige u Tuzli - TuzlaInfo.ba","isPartOf":{"@id":"https:\/\/tuzlainfo.ba\/#website"},"primaryImageOfPage":{"@id":"https:\/\/tuzlainfo.ba\/index.php\/novosti\/item\/281645-najavljen-bogat-program-poceo-sajam-knjige-u-tuzli\/#primaryimage"},"image":{"@id":"https:\/\/tuzlainfo.ba\/index.php\/novosti\/item\/281645-najavljen-bogat-program-poceo-sajam-knjige-u-tuzli\/#primaryimage"},"thumbnailUrl":"https:\/\/tuzlainfo.ba\/wp-content\/uploads\/2025\/09\/sajam-knjige-tuzla.jpg","datePublished":"2025-09-24T12:04:12+00:00","dateModified":"2025-09-24T18:11:23+00:00","breadcrumb":{"@id":"https:\/\/tuzlainfo.ba\/index.php\/novosti\/item\/281645-najavljen-bogat-program-poceo-sajam-knjige-u-tuzli\/#breadcrumb"},"inLanguage":"bs-BA","potentialAction":[{"@type":"ReadAction","target":["https:\/\/tuzlainfo.ba\/index.php\/novosti\/item\/281645-najavljen-bogat-program-poceo-sajam-knjige-u-tuzli\/"]}]},{"@type":"ImageObject","inLanguage":"bs-BA","@id":"https:\/\/tuzlainfo.ba\/index.php\/novosti\/item\/281645-najavljen-bogat-program-poceo-sajam-knjige-u-tuzli\/#primaryimage","url":"https:\/\/tuzlainfo.ba\/wp-content\/uploads\/2025\/09\/sajam-knjige-tuzla.jpg","contentUrl":"https:\/\/tuzlainfo.ba\/wp-content\/uploads\/2025\/09\/sajam-knjige-tuzla.jpg","width":800,"height":450},{"@type":"BreadcrumbList","@id":"https:\/\/tuzlainfo.ba\/index.php\/novosti\/item\/281645-najavljen-bogat-program-poceo-sajam-knjige-u-tuzli\/#breadcrumb","itemListElement":[{"@type":"ListItem","position":1,"name":"Home","item":"https:\/\/tuzlainfo.ba\/"},{"@type":"ListItem","position":2,"name":"Najavljen bogat program: Po\u010deo Sajam knjige u Tuzli"}]},{"@type":"WebSite","@id":"https:\/\/tuzlainfo.ba\/#website","url":"https:\/\/tuzlainfo.ba\/","name":"TuzlaInfo.ba","description":"Tuzla info, gradski informator - Tuzla na dlanu","publisher":{"@id":"https:\/\/tuzlainfo.ba\/#organization"},"potentialAction":[{"@type":"SearchAction","target":{"@type":"EntryPoint","urlTemplate":"https:\/\/tuzlainfo.ba\/?s={search_term_string}"},"query-input":{"@type":"PropertyValueSpecification","valueRequired":true,"valueName":"search_term_string"}}],"inLanguage":"bs-BA"},{"@type":"Organization","@id":"https:\/\/tuzlainfo.ba\/#organization","name":"TuzlaInfo.ba","url":"https:\/\/tuzlainfo.ba\/","logo":{"@type":"ImageObject","inLanguage":"bs-BA","@id":"https:\/\/tuzlainfo.ba\/#\/schema\/logo\/image\/","url":"https:\/\/tuzlainfo.ba\/wp-content\/uploads\/2021\/03\/logo-ver-3-1.png","contentUrl":"https:\/\/tuzlainfo.ba\/wp-content\/uploads\/2021\/03\/logo-ver-3-1.png","width":350,"height":95,"caption":"TuzlaInfo.ba"},"image":{"@id":"https:\/\/tuzlainfo.ba\/#\/schema\/logo\/image\/"},"sameAs":["https:\/\/www.facebook.com\/tuzlainfo.ba\/"]},{"@type":"Person","@id":"https:\/\/tuzlainfo.ba\/#\/schema\/person\/46cad4c57790cbc50781edd14870825a","name":"Tuzla Info","image":{"@type":"ImageObject","inLanguage":"bs-BA","@id":"https:\/\/tuzlainfo.ba\/#\/schema\/person\/image\/","url":"https:\/\/tuzlainfo.ba\/wp-content\/litespeed\/avatar\/b6c453a6c38e3654f2e4416c643fc25c.jpg?ver=1777051911","contentUrl":"https:\/\/tuzlainfo.ba\/wp-content\/litespeed\/avatar\/b6c453a6c38e3654f2e4416c643fc25c.jpg?ver=1777051911","caption":"Tuzla Info"}}]}},"_links":{"self":[{"href":"https:\/\/tuzlainfo.ba\/index.php\/wp-json\/wp\/v2\/posts\/281645"}],"collection":[{"href":"https:\/\/tuzlainfo.ba\/index.php\/wp-json\/wp\/v2\/posts"}],"about":[{"href":"https:\/\/tuzlainfo.ba\/index.php\/wp-json\/wp\/v2\/types\/post"}],"author":[{"embeddable":true,"href":"https:\/\/tuzlainfo.ba\/index.php\/wp-json\/wp\/v2\/users\/4"}],"replies":[{"embeddable":true,"href":"https:\/\/tuzlainfo.ba\/index.php\/wp-json\/wp\/v2\/comments?post=281645"}],"version-history":[{"count":5,"href":"https:\/\/tuzlainfo.ba\/index.php\/wp-json\/wp\/v2\/posts\/281645\/revisions"}],"predecessor-version":[{"id":281723,"href":"https:\/\/tuzlainfo.ba\/index.php\/wp-json\/wp\/v2\/posts\/281645\/revisions\/281723"}],"wp:featuredmedia":[{"embeddable":true,"href":"https:\/\/tuzlainfo.ba\/index.php\/wp-json\/wp\/v2\/media\/281646"}],"wp:attachment":[{"href":"https:\/\/tuzlainfo.ba\/index.php\/wp-json\/wp\/v2\/media?parent=281645"}],"wp:term":[{"taxonomy":"category","embeddable":true,"href":"https:\/\/tuzlainfo.ba\/index.php\/wp-json\/wp\/v2\/categories?post=281645"},{"taxonomy":"post_tag","embeddable":true,"href":"https:\/\/tuzlainfo.ba\/index.php\/wp-json\/wp\/v2\/tags?post=281645"}],"curies":[{"name":"wp","href":"https:\/\/api.w.org\/{rel}","templated":true}]}}