{"id":281207,"date":"2025-09-28T11:34:20","date_gmt":"2025-09-28T09:34:20","guid":{"rendered":"https:\/\/tuzlainfo.ba\/?p=281207"},"modified":"2025-09-19T14:39:27","modified_gmt":"2025-09-19T12:39:27","slug":"posljednji-dan-sajma-knjige-u-tuzli-manifestacija-koja-je-okupila-sve-generacije","status":"publish","type":"post","link":"https:\/\/tuzlainfo.ba\/index.php\/novosti\/item\/281207-posljednji-dan-sajma-knjige-u-tuzli-manifestacija-koja-je-okupila-sve-generacije\/","title":{"rendered":"Posljednji dan Sajma knjige u Tuzli: Manifestacija koja je okupila sve generacije"},"content":{"rendered":"<p>Danas se zatvara Sajam knjige u Tuzli, manifestacija koja je od 24. septembra okupila veliki broj ljubitelja pisane rije\u010di, knji\u017eevnika, izdava\u010da i kulturnih radnika iz cijelog regiona.<\/p>\n<p>Tokom pet dana posjetioci su imali priliku da u\u017eivaju u vi\u0161e od 80 promocija knjiga, tribinama, panel-diskusijama i predavanjima, a poseban akcenat bio je na programima za djecu.<\/p>\n<p>Direktor Sajma knjige Edis Baji\u0107 ocijenio je da je ovogodi\u0161nje izdanje u potpunosti ispunilo o\u010dekivanja.<br \/>\n\u2013 Ovaj sajam knjige je na\u0161a borba za na\u0161u djecu, da ih obrazujemo, u\u010dimo i edukujemo. \u017delimo da poklonimo ovu manifestaciju na\u0161em gradu i Tuzlanskom kantonu i poka\u017eemo koliko je va\u017eno ulagati u kulturni i edukativni sadr\u017eaj za najmla\u0111e \u2013 kazao je Baji\u0107.<\/p>\n<p>U okviru sajma u biblioteci \u201eDervi\u0161 Su\u0161i\u0107\u201c odr\u017eano je deset radionica za djecu, a posebnu pa\u017enju privukla je i projekcija filma sa Sarajevo Film Festivala. Organizatori isti\u010du da su ponosni \u0161to je manifestacija privukla brojne posjetioce razli\u010ditih generacija.<\/p>\n","protected":false},"excerpt":{"rendered":"<p>Danas se zatvara Sajam knjige u Tuzli, manifestacija koja je od 24. septembra okupila veliki&hellip;<\/p>\n","protected":false},"author":8,"featured_media":66676,"comment_status":"closed","ping_status":"closed","sticky":false,"template":"","format":"standard","meta":{"_acf_changed":false,"footnotes":""},"categories":[12],"tags":[11108],"acf":[],"yoast_head":"<!-- This site is optimized with the Yoast SEO plugin v23.5 - https:\/\/yoast.com\/wordpress\/plugins\/seo\/ -->\n<title>Posljednji dan Sajma knjige u Tuzli: Manifestacija koja je okupila sve generacije - TuzlaInfo.ba<\/title>\n<meta name=\"robots\" content=\"index, follow, max-snippet:-1, max-image-preview:large, max-video-preview:-1\" \/>\n<link rel=\"canonical\" href=\"https:\/\/tuzlainfo.ba\/index.php\/novosti\/item\/281207-posljednji-dan-sajma-knjige-u-tuzli-manifestacija-koja-je-okupila-sve-generacije\/\" \/>\n<meta property=\"og:locale\" content=\"bs_BA\" \/>\n<meta property=\"og:type\" content=\"article\" \/>\n<meta property=\"og:title\" content=\"Posljednji dan Sajma knjige u Tuzli: Manifestacija koja je okupila sve generacije - TuzlaInfo.ba\" \/>\n<meta property=\"og:description\" content=\"Danas se zatvara Sajam knjige u Tuzli, manifestacija koja je od 24. septembra okupila veliki&hellip;\" \/>\n<meta property=\"og:url\" content=\"https:\/\/tuzlainfo.ba\/index.php\/novosti\/item\/281207-posljednji-dan-sajma-knjige-u-tuzli-manifestacija-koja-je-okupila-sve-generacije\/\" \/>\n<meta property=\"og:site_name\" content=\"TuzlaInfo.ba\" \/>\n<meta property=\"article:publisher\" content=\"https:\/\/www.facebook.com\/tuzlainfo.ba\/\" \/>\n<meta property=\"article:published_time\" content=\"2025-09-28T09:34:20+00:00\" \/>\n<meta property=\"article:modified_time\" content=\"2025-09-19T12:39:27+00:00\" \/>\n<meta property=\"og:image\" content=\"https:\/\/tuzlainfo.ba\/wp-content\/uploads\/2018\/12\/sadrzaj_2018_20181201_2812_knjige.jpg\" \/>\n\t<meta property=\"og:image:width\" content=\"770\" \/>\n\t<meta property=\"og:image:height\" content=\"474\" \/>\n\t<meta property=\"og:image:type\" content=\"image\/jpeg\" \/>\n<meta name=\"author\" content=\"Admin Tri\" \/>\n<meta name=\"twitter:card\" content=\"summary_large_image\" \/>\n<meta name=\"twitter:label1\" content=\"Written by\" \/>\n\t<meta name=\"twitter:data1\" content=\"Admin Tri\" \/>\n\t<meta name=\"twitter:label2\" content=\"Est. reading time\" \/>\n\t<meta name=\"twitter:data2\" content=\"2 minute\" \/>\n<script type=\"application\/ld+json\" class=\"yoast-schema-graph\">{\"@context\":\"https:\/\/schema.org\",\"@graph\":[{\"@type\":\"Article\",\"@id\":\"https:\/\/tuzlainfo.ba\/index.php\/novosti\/item\/281207-posljednji-dan-sajma-knjige-u-tuzli-manifestacija-koja-je-okupila-sve-generacije\/#article\",\"isPartOf\":{\"@id\":\"https:\/\/tuzlainfo.ba\/index.php\/novosti\/item\/281207-posljednji-dan-sajma-knjige-u-tuzli-manifestacija-koja-je-okupila-sve-generacije\/\"},\"author\":{\"name\":\"Admin Tri\",\"@id\":\"https:\/\/tuzlainfo.ba\/#\/schema\/person\/593e78a2f6378c5ba3e7600ecfa4e63a\"},\"headline\":\"Posljednji dan Sajma knjige u Tuzli: Manifestacija koja je okupila sve generacije\",\"datePublished\":\"2025-09-28T09:34:20+00:00\",\"dateModified\":\"2025-09-19T12:39:27+00:00\",\"mainEntityOfPage\":{\"@id\":\"https:\/\/tuzlainfo.ba\/index.php\/novosti\/item\/281207-posljednji-dan-sajma-knjige-u-tuzli-manifestacija-koja-je-okupila-sve-generacije\/\"},\"wordCount\":179,\"publisher\":{\"@id\":\"https:\/\/tuzlainfo.ba\/#organization\"},\"image\":{\"@id\":\"https:\/\/tuzlainfo.ba\/index.php\/novosti\/item\/281207-posljednji-dan-sajma-knjige-u-tuzli-manifestacija-koja-je-okupila-sve-generacije\/#primaryimage\"},\"thumbnailUrl\":\"https:\/\/tuzlainfo.ba\/wp-content\/uploads\/2018\/12\/sadrzaj_2018_20181201_2812_knjige.jpg\",\"keywords\":[\"sajam knjige\"],\"articleSection\":[\"Novosti\"],\"inLanguage\":\"bs-BA\"},{\"@type\":\"WebPage\",\"@id\":\"https:\/\/tuzlainfo.ba\/index.php\/novosti\/item\/281207-posljednji-dan-sajma-knjige-u-tuzli-manifestacija-koja-je-okupila-sve-generacije\/\",\"url\":\"https:\/\/tuzlainfo.ba\/index.php\/novosti\/item\/281207-posljednji-dan-sajma-knjige-u-tuzli-manifestacija-koja-je-okupila-sve-generacije\/\",\"name\":\"Posljednji dan Sajma knjige u Tuzli: Manifestacija koja je okupila sve generacije - TuzlaInfo.ba\",\"isPartOf\":{\"@id\":\"https:\/\/tuzlainfo.ba\/#website\"},\"primaryImageOfPage\":{\"@id\":\"https:\/\/tuzlainfo.ba\/index.php\/novosti\/item\/281207-posljednji-dan-sajma-knjige-u-tuzli-manifestacija-koja-je-okupila-sve-generacije\/#primaryimage\"},\"image\":{\"@id\":\"https:\/\/tuzlainfo.ba\/index.php\/novosti\/item\/281207-posljednji-dan-sajma-knjige-u-tuzli-manifestacija-koja-je-okupila-sve-generacije\/#primaryimage\"},\"thumbnailUrl\":\"https:\/\/tuzlainfo.ba\/wp-content\/uploads\/2018\/12\/sadrzaj_2018_20181201_2812_knjige.jpg\",\"datePublished\":\"2025-09-28T09:34:20+00:00\",\"dateModified\":\"2025-09-19T12:39:27+00:00\",\"breadcrumb\":{\"@id\":\"https:\/\/tuzlainfo.ba\/index.php\/novosti\/item\/281207-posljednji-dan-sajma-knjige-u-tuzli-manifestacija-koja-je-okupila-sve-generacije\/#breadcrumb\"},\"inLanguage\":\"bs-BA\",\"potentialAction\":[{\"@type\":\"ReadAction\",\"target\":[\"https:\/\/tuzlainfo.ba\/index.php\/novosti\/item\/281207-posljednji-dan-sajma-knjige-u-tuzli-manifestacija-koja-je-okupila-sve-generacije\/\"]}]},{\"@type\":\"ImageObject\",\"inLanguage\":\"bs-BA\",\"@id\":\"https:\/\/tuzlainfo.ba\/index.php\/novosti\/item\/281207-posljednji-dan-sajma-knjige-u-tuzli-manifestacija-koja-je-okupila-sve-generacije\/#primaryimage\",\"url\":\"https:\/\/tuzlainfo.ba\/wp-content\/uploads\/2018\/12\/sadrzaj_2018_20181201_2812_knjige.jpg\",\"contentUrl\":\"https:\/\/tuzlainfo.ba\/wp-content\/uploads\/2018\/12\/sadrzaj_2018_20181201_2812_knjige.jpg\",\"width\":770,\"height\":474,\"caption\":\"2812 knjige\"},{\"@type\":\"BreadcrumbList\",\"@id\":\"https:\/\/tuzlainfo.ba\/index.php\/novosti\/item\/281207-posljednji-dan-sajma-knjige-u-tuzli-manifestacija-koja-je-okupila-sve-generacije\/#breadcrumb\",\"itemListElement\":[{\"@type\":\"ListItem\",\"position\":1,\"name\":\"Home\",\"item\":\"https:\/\/tuzlainfo.ba\/\"},{\"@type\":\"ListItem\",\"position\":2,\"name\":\"Posljednji dan Sajma knjige u Tuzli: Manifestacija koja je okupila sve generacije\"}]},{\"@type\":\"WebSite\",\"@id\":\"https:\/\/tuzlainfo.ba\/#website\",\"url\":\"https:\/\/tuzlainfo.ba\/\",\"name\":\"TuzlaInfo.ba\",\"description\":\"Tuzla info, gradski informator - Tuzla na dlanu\",\"publisher\":{\"@id\":\"https:\/\/tuzlainfo.ba\/#organization\"},\"potentialAction\":[{\"@type\":\"SearchAction\",\"target\":{\"@type\":\"EntryPoint\",\"urlTemplate\":\"https:\/\/tuzlainfo.ba\/?s={search_term_string}\"},\"query-input\":{\"@type\":\"PropertyValueSpecification\",\"valueRequired\":true,\"valueName\":\"search_term_string\"}}],\"inLanguage\":\"bs-BA\"},{\"@type\":\"Organization\",\"@id\":\"https:\/\/tuzlainfo.ba\/#organization\",\"name\":\"TuzlaInfo.ba\",\"url\":\"https:\/\/tuzlainfo.ba\/\",\"logo\":{\"@type\":\"ImageObject\",\"inLanguage\":\"bs-BA\",\"@id\":\"https:\/\/tuzlainfo.ba\/#\/schema\/logo\/image\/\",\"url\":\"https:\/\/tuzlainfo.ba\/wp-content\/uploads\/2021\/03\/logo-ver-3-1.png\",\"contentUrl\":\"https:\/\/tuzlainfo.ba\/wp-content\/uploads\/2021\/03\/logo-ver-3-1.png\",\"width\":350,\"height\":95,\"caption\":\"TuzlaInfo.ba\"},\"image\":{\"@id\":\"https:\/\/tuzlainfo.ba\/#\/schema\/logo\/image\/\"},\"sameAs\":[\"https:\/\/www.facebook.com\/tuzlainfo.ba\/\"]},{\"@type\":\"Person\",\"@id\":\"https:\/\/tuzlainfo.ba\/#\/schema\/person\/593e78a2f6378c5ba3e7600ecfa4e63a\",\"name\":\"Admin Tri\",\"image\":{\"@type\":\"ImageObject\",\"inLanguage\":\"bs-BA\",\"@id\":\"https:\/\/tuzlainfo.ba\/#\/schema\/person\/image\/\",\"url\":\"https:\/\/tuzlainfo.ba\/wp-content\/litespeed\/avatar\/b7920db4cc34a71ad12497283ad2fe3f.jpg?ver=1777100914\",\"contentUrl\":\"https:\/\/tuzlainfo.ba\/wp-content\/litespeed\/avatar\/b7920db4cc34a71ad12497283ad2fe3f.jpg?ver=1777100914\",\"caption\":\"Admin Tri\"},\"sameAs\":[\"https:\/\/tuzlainfo.ba\"]}]}<\/script>\n<!-- \/ Yoast SEO plugin. -->","yoast_head_json":{"title":"Posljednji dan Sajma knjige u Tuzli: Manifestacija koja je okupila sve generacije - TuzlaInfo.ba","robots":{"index":"index","follow":"follow","max-snippet":"max-snippet:-1","max-image-preview":"max-image-preview:large","max-video-preview":"max-video-preview:-1"},"canonical":"https:\/\/tuzlainfo.ba\/index.php\/novosti\/item\/281207-posljednji-dan-sajma-knjige-u-tuzli-manifestacija-koja-je-okupila-sve-generacije\/","og_locale":"bs_BA","og_type":"article","og_title":"Posljednji dan Sajma knjige u Tuzli: Manifestacija koja je okupila sve generacije - TuzlaInfo.ba","og_description":"Danas se zatvara Sajam knjige u Tuzli, manifestacija koja je od 24. septembra okupila veliki&hellip;","og_url":"https:\/\/tuzlainfo.ba\/index.php\/novosti\/item\/281207-posljednji-dan-sajma-knjige-u-tuzli-manifestacija-koja-je-okupila-sve-generacije\/","og_site_name":"TuzlaInfo.ba","article_publisher":"https:\/\/www.facebook.com\/tuzlainfo.ba\/","article_published_time":"2025-09-28T09:34:20+00:00","article_modified_time":"2025-09-19T12:39:27+00:00","og_image":[{"width":770,"height":474,"url":"https:\/\/tuzlainfo.ba\/wp-content\/uploads\/2018\/12\/sadrzaj_2018_20181201_2812_knjige.jpg","type":"image\/jpeg"}],"author":"Admin Tri","twitter_card":"summary_large_image","twitter_misc":{"Written by":"Admin Tri","Est. reading time":"2 minute"},"schema":{"@context":"https:\/\/schema.org","@graph":[{"@type":"Article","@id":"https:\/\/tuzlainfo.ba\/index.php\/novosti\/item\/281207-posljednji-dan-sajma-knjige-u-tuzli-manifestacija-koja-je-okupila-sve-generacije\/#article","isPartOf":{"@id":"https:\/\/tuzlainfo.ba\/index.php\/novosti\/item\/281207-posljednji-dan-sajma-knjige-u-tuzli-manifestacija-koja-je-okupila-sve-generacije\/"},"author":{"name":"Admin Tri","@id":"https:\/\/tuzlainfo.ba\/#\/schema\/person\/593e78a2f6378c5ba3e7600ecfa4e63a"},"headline":"Posljednji dan Sajma knjige u Tuzli: Manifestacija koja je okupila sve generacije","datePublished":"2025-09-28T09:34:20+00:00","dateModified":"2025-09-19T12:39:27+00:00","mainEntityOfPage":{"@id":"https:\/\/tuzlainfo.ba\/index.php\/novosti\/item\/281207-posljednji-dan-sajma-knjige-u-tuzli-manifestacija-koja-je-okupila-sve-generacije\/"},"wordCount":179,"publisher":{"@id":"https:\/\/tuzlainfo.ba\/#organization"},"image":{"@id":"https:\/\/tuzlainfo.ba\/index.php\/novosti\/item\/281207-posljednji-dan-sajma-knjige-u-tuzli-manifestacija-koja-je-okupila-sve-generacije\/#primaryimage"},"thumbnailUrl":"https:\/\/tuzlainfo.ba\/wp-content\/uploads\/2018\/12\/sadrzaj_2018_20181201_2812_knjige.jpg","keywords":["sajam knjige"],"articleSection":["Novosti"],"inLanguage":"bs-BA"},{"@type":"WebPage","@id":"https:\/\/tuzlainfo.ba\/index.php\/novosti\/item\/281207-posljednji-dan-sajma-knjige-u-tuzli-manifestacija-koja-je-okupila-sve-generacije\/","url":"https:\/\/tuzlainfo.ba\/index.php\/novosti\/item\/281207-posljednji-dan-sajma-knjige-u-tuzli-manifestacija-koja-je-okupila-sve-generacije\/","name":"Posljednji dan Sajma knjige u Tuzli: Manifestacija koja je okupila sve generacije - TuzlaInfo.ba","isPartOf":{"@id":"https:\/\/tuzlainfo.ba\/#website"},"primaryImageOfPage":{"@id":"https:\/\/tuzlainfo.ba\/index.php\/novosti\/item\/281207-posljednji-dan-sajma-knjige-u-tuzli-manifestacija-koja-je-okupila-sve-generacije\/#primaryimage"},"image":{"@id":"https:\/\/tuzlainfo.ba\/index.php\/novosti\/item\/281207-posljednji-dan-sajma-knjige-u-tuzli-manifestacija-koja-je-okupila-sve-generacije\/#primaryimage"},"thumbnailUrl":"https:\/\/tuzlainfo.ba\/wp-content\/uploads\/2018\/12\/sadrzaj_2018_20181201_2812_knjige.jpg","datePublished":"2025-09-28T09:34:20+00:00","dateModified":"2025-09-19T12:39:27+00:00","breadcrumb":{"@id":"https:\/\/tuzlainfo.ba\/index.php\/novosti\/item\/281207-posljednji-dan-sajma-knjige-u-tuzli-manifestacija-koja-je-okupila-sve-generacije\/#breadcrumb"},"inLanguage":"bs-BA","potentialAction":[{"@type":"ReadAction","target":["https:\/\/tuzlainfo.ba\/index.php\/novosti\/item\/281207-posljednji-dan-sajma-knjige-u-tuzli-manifestacija-koja-je-okupila-sve-generacije\/"]}]},{"@type":"ImageObject","inLanguage":"bs-BA","@id":"https:\/\/tuzlainfo.ba\/index.php\/novosti\/item\/281207-posljednji-dan-sajma-knjige-u-tuzli-manifestacija-koja-je-okupila-sve-generacije\/#primaryimage","url":"https:\/\/tuzlainfo.ba\/wp-content\/uploads\/2018\/12\/sadrzaj_2018_20181201_2812_knjige.jpg","contentUrl":"https:\/\/tuzlainfo.ba\/wp-content\/uploads\/2018\/12\/sadrzaj_2018_20181201_2812_knjige.jpg","width":770,"height":474,"caption":"2812 knjige"},{"@type":"BreadcrumbList","@id":"https:\/\/tuzlainfo.ba\/index.php\/novosti\/item\/281207-posljednji-dan-sajma-knjige-u-tuzli-manifestacija-koja-je-okupila-sve-generacije\/#breadcrumb","itemListElement":[{"@type":"ListItem","position":1,"name":"Home","item":"https:\/\/tuzlainfo.ba\/"},{"@type":"ListItem","position":2,"name":"Posljednji dan Sajma knjige u Tuzli: Manifestacija koja je okupila sve generacije"}]},{"@type":"WebSite","@id":"https:\/\/tuzlainfo.ba\/#website","url":"https:\/\/tuzlainfo.ba\/","name":"TuzlaInfo.ba","description":"Tuzla info, gradski informator - Tuzla na dlanu","publisher":{"@id":"https:\/\/tuzlainfo.ba\/#organization"},"potentialAction":[{"@type":"SearchAction","target":{"@type":"EntryPoint","urlTemplate":"https:\/\/tuzlainfo.ba\/?s={search_term_string}"},"query-input":{"@type":"PropertyValueSpecification","valueRequired":true,"valueName":"search_term_string"}}],"inLanguage":"bs-BA"},{"@type":"Organization","@id":"https:\/\/tuzlainfo.ba\/#organization","name":"TuzlaInfo.ba","url":"https:\/\/tuzlainfo.ba\/","logo":{"@type":"ImageObject","inLanguage":"bs-BA","@id":"https:\/\/tuzlainfo.ba\/#\/schema\/logo\/image\/","url":"https:\/\/tuzlainfo.ba\/wp-content\/uploads\/2021\/03\/logo-ver-3-1.png","contentUrl":"https:\/\/tuzlainfo.ba\/wp-content\/uploads\/2021\/03\/logo-ver-3-1.png","width":350,"height":95,"caption":"TuzlaInfo.ba"},"image":{"@id":"https:\/\/tuzlainfo.ba\/#\/schema\/logo\/image\/"},"sameAs":["https:\/\/www.facebook.com\/tuzlainfo.ba\/"]},{"@type":"Person","@id":"https:\/\/tuzlainfo.ba\/#\/schema\/person\/593e78a2f6378c5ba3e7600ecfa4e63a","name":"Admin Tri","image":{"@type":"ImageObject","inLanguage":"bs-BA","@id":"https:\/\/tuzlainfo.ba\/#\/schema\/person\/image\/","url":"https:\/\/tuzlainfo.ba\/wp-content\/litespeed\/avatar\/b7920db4cc34a71ad12497283ad2fe3f.jpg?ver=1777100914","contentUrl":"https:\/\/tuzlainfo.ba\/wp-content\/litespeed\/avatar\/b7920db4cc34a71ad12497283ad2fe3f.jpg?ver=1777100914","caption":"Admin Tri"},"sameAs":["https:\/\/tuzlainfo.ba"]}]}},"_links":{"self":[{"href":"https:\/\/tuzlainfo.ba\/index.php\/wp-json\/wp\/v2\/posts\/281207"}],"collection":[{"href":"https:\/\/tuzlainfo.ba\/index.php\/wp-json\/wp\/v2\/posts"}],"about":[{"href":"https:\/\/tuzlainfo.ba\/index.php\/wp-json\/wp\/v2\/types\/post"}],"author":[{"embeddable":true,"href":"https:\/\/tuzlainfo.ba\/index.php\/wp-json\/wp\/v2\/users\/8"}],"replies":[{"embeddable":true,"href":"https:\/\/tuzlainfo.ba\/index.php\/wp-json\/wp\/v2\/comments?post=281207"}],"version-history":[{"count":1,"href":"https:\/\/tuzlainfo.ba\/index.php\/wp-json\/wp\/v2\/posts\/281207\/revisions"}],"predecessor-version":[{"id":281208,"href":"https:\/\/tuzlainfo.ba\/index.php\/wp-json\/wp\/v2\/posts\/281207\/revisions\/281208"}],"wp:featuredmedia":[{"embeddable":true,"href":"https:\/\/tuzlainfo.ba\/index.php\/wp-json\/wp\/v2\/media\/66676"}],"wp:attachment":[{"href":"https:\/\/tuzlainfo.ba\/index.php\/wp-json\/wp\/v2\/media?parent=281207"}],"wp:term":[{"taxonomy":"category","embeddable":true,"href":"https:\/\/tuzlainfo.ba\/index.php\/wp-json\/wp\/v2\/categories?post=281207"},{"taxonomy":"post_tag","embeddable":true,"href":"https:\/\/tuzlainfo.ba\/index.php\/wp-json\/wp\/v2\/tags?post=281207"}],"curies":[{"name":"wp","href":"https:\/\/api.w.org\/{rel}","templated":true}]}}