{"id":281137,"date":"2025-09-20T22:06:56","date_gmt":"2025-09-20T20:06:56","guid":{"rendered":"https:\/\/tuzlainfo.ba\/?p=281137"},"modified":"2025-09-19T09:50:49","modified_gmt":"2025-09-19T07:50:49","slug":"ed-tuzla-planska-iskljucenja-el-energije-za-nedjelju-21-septembar","status":"publish","type":"post","link":"https:\/\/tuzlainfo.ba\/index.php\/novosti\/item\/281137-ed-tuzla-planska-iskljucenja-el-energije-za-nedjelju-21-septembar\/","title":{"rendered":"ED Tuzla: Planska isklju\u010denja el. energije za nedjelju 21. septembar"},"content":{"rendered":"<p>Zbog planiranih radova na elektroenergetskoj mre\u017ei, do\u0107i \u0107e do privremenih obustava u isporuci elektri\u010dne energije na podru\u010dju Tuzlanskog kantona.<\/p>\n<table border=\"1\" cellspacing=\"0\" cellpadding=\"5\">\n<thead>\n<tr>\n<th>Op\u0107ina<\/th>\n<th>Naselje\/Ulica<\/th>\n<th>Datum<\/th>\n<th>Vrijeme<\/th>\n<\/tr>\n<\/thead>\n<tbody>\n<tr>\n<td>Srebrenik<\/td>\n<td>Je\u017einac<\/td>\n<td>21.09.2025<\/td>\n<td>08:30-17:00<\/td>\n<\/tr>\n<tr>\n<td>Srebrenik<\/td>\n<td>Magistralni Put M 18<\/td>\n<td>21.09.2025<\/td>\n<td>08:30-17:00<\/td>\n<\/tr>\n<tr>\n<td>Srebrenik<\/td>\n<td>\u0160pionica Gornja<\/td>\n<td>21.09.2025<\/td>\n<td>08:30-17:00<\/td>\n<\/tr>\n<tr>\n<td>Srebrenik<\/td>\n<td>Badelka<\/td>\n<td>21.09.2025<\/td>\n<td>08:30-17:00<\/td>\n<\/tr>\n<tr>\n<td>Srebrenik<\/td>\n<td>Cerik<\/td>\n<td>21.09.2025<\/td>\n<td>08:30-17:00<\/td>\n<\/tr>\n<tr>\n<td>Srebrenik<\/td>\n<td>De\u017ei\u0107i<\/td>\n<td>21.09.2025<\/td>\n<td>08:30-17:00<\/td>\n<\/tr>\n<tr>\n<td>Srebrenik<\/td>\n<td>Fazanerija<\/td>\n<td>21.09.2025<\/td>\n<td>08:30-17:00<\/td>\n<\/tr>\n<tr>\n<td>Srebrenik<\/td>\n<td>Hrgovi Gornji<\/td>\n<td>21.09.2025<\/td>\n<td>08:30-17:00<\/td>\n<\/tr>\n<tr>\n<td>Srebrenik<\/td>\n<td>Huremi<\/td>\n<td>21.09.2025<\/td>\n<td>08:30-17:00<\/td>\n<\/tr>\n<tr>\n<td>Srebrenik<\/td>\n<td>Jo\u0161ak<\/td>\n<td>21.09.2025<\/td>\n<td>08:30-17:00<\/td>\n<\/tr>\n<tr>\n<td>Srebrenik<\/td>\n<td>Kr\u010d<\/td>\n<td>21.09.2025<\/td>\n<td>08:30-17:00<\/td>\n<\/tr>\n<tr>\n<td>Srebrenik<\/td>\n<td>Ormanica<\/td>\n<td>21.09.2025<\/td>\n<td>08:30-17:00<\/td>\n<\/tr>\n<tr>\n<td>Srebrenik<\/td>\n<td>Radi\u0107i<\/td>\n<td>21.09.2025<\/td>\n<td>08:30-17:00<\/td>\n<\/tr>\n<tr>\n<td>Srebrenik<\/td>\n<td>Tutnjevac<\/td>\n<td>21.09.2025<\/td>\n<td>08:30-17:00<\/td>\n<\/tr>\n<tr>\n<td>Srebrenik<\/td>\n<td>Vrela<\/td>\n<td>21.09.2025<\/td>\n<td>08:30-17:00<\/td>\n<\/tr>\n<tr>\n<td>Srebrenik<\/td>\n<td>Zubovo Brdo<\/td>\n<td>21.09.2025<\/td>\n<td>08:30-17:00<\/td>\n<\/tr>\n<tr>\n<td>Srebrenik<\/td>\n<td>\u0160esti\u0107i<\/td>\n<td>21.09.2025<\/td>\n<td>08:30-17:00<\/td>\n<\/tr>\n<tr>\n<td>Srebrenik<\/td>\n<td>\u0160pionica<\/td>\n<td>21.09.2025<\/td>\n<td>08:30-17:00<\/td>\n<\/tr>\n<tr>\n<td>Srebrenik<\/td>\n<td>\u0160pionica Centar<\/td>\n<td>21.09.2025<\/td>\n<td>08:30-17:00<\/td>\n<\/tr>\n<tr>\n<td>Srebrenik<\/td>\n<td>\u0160pionica Donja<\/td>\n<td>21.09.2025<\/td>\n<td>08:30-17:00<\/td>\n<\/tr>\n<tr>\n<td>Srebrenik<\/td>\n<td>\u0160pionica Polja<\/td>\n<td>21.09.2025<\/td>\n<td>08:30-17:00<\/td>\n<\/tr>\n<tr>\n<td>Srebrenik<\/td>\n<td>\u0160pionica Srednja<\/td>\n<td>21.09.2025<\/td>\n<td>08:30-17:00<\/td>\n<\/tr>\n<tr>\n<td>Gracanica<\/td>\n<td>212.oslobodila\u010dke Brigade<\/td>\n<td>21.09.2025<\/td>\n<td>09:00-11:00<\/td>\n<\/tr>\n<tr>\n<td>Gracanica<\/td>\n<td>25.maja<\/td>\n<td>21.09.2025<\/td>\n<td>09:00-11:00<\/td>\n<\/tr>\n<tr>\n<td>Gracanica<\/td>\n<td>Armije R Bih<\/td>\n<td>21.09.2025<\/td>\n<td>09:00-11:00<\/td>\n<\/tr>\n<tr>\n<td>Gracanica<\/td>\n<td>Armije Republike Bih<\/td>\n<td>21.09.2025<\/td>\n<td>09:00-11:00<\/td>\n<\/tr>\n<tr>\n<td>Gracanica<\/td>\n<td>Bazen<\/td>\n<td>21.09.2025<\/td>\n<td>09:00-11:00<\/td>\n<\/tr>\n<tr>\n<td>Gracanica<\/td>\n<td>Bosanskih Kraljeva<\/td>\n<td>21.09.2025<\/td>\n<td>09:00-11:00<\/td>\n<\/tr>\n<tr>\n<td>Gracanica<\/td>\n<td>Branilaca Grada<\/td>\n<td>21.09.2025<\/td>\n<td>09:00-11:00<\/td>\n<\/tr>\n<tr>\n<td>Gracanica<\/td>\n<td>Bra\u0107e Fazli\u0107a<\/td>\n<td>21.09.2025<\/td>\n<td>09:00-11:00<\/td>\n<\/tr>\n<tr>\n<td>Gracanica<\/td>\n<td>Bulakovac<\/td>\n<td>21.09.2025<\/td>\n<td>09:00-11:00<\/td>\n<\/tr>\n<tr>\n<td>Gracanica<\/td>\n<td>Drijen\u010da<\/td>\n<td>21.09.2025<\/td>\n<td>09:00-11:00<\/td>\n<\/tr>\n<tr>\n<td>Gracanica<\/td>\n<td>Gra\u010danica Luke<\/td>\n<td>21.09.2025<\/td>\n<td>09:00-11:00<\/td>\n<\/tr>\n<tr>\n<td>Gracanica<\/td>\n<td>Gra\u010dani\u010dkih Gazija<\/td>\n<td>21.09.2025<\/td>\n<td>09:00-11:00<\/td>\n<\/tr>\n<tr>\n<td>Gracanica<\/td>\n<td>Hajrudina D\u017eebe Bajbage<\/td>\n<td>21.09.2025<\/td>\n<td>09:00-11:00<\/td>\n<\/tr>\n<tr>\n<td>Gracanica<\/td>\n<td>Javor<\/td>\n<td>21.09.2025<\/td>\n<td>09:00-11:00<\/td>\n<\/tr>\n<tr>\n<td>Gracanica<\/td>\n<td>Klobodanovi\u0107a<\/td>\n<td>21.09.2025<\/td>\n<td>09:00-11:00<\/td>\n<\/tr>\n<tr>\n<td>Gracanica<\/td>\n<td>Kori\u0107a Han<\/td>\n<td>21.09.2025<\/td>\n<td>09:00-11:00<\/td>\n<\/tr>\n<tr>\n<td>Gracanica<\/td>\n<td>Kotoru\u0161a<\/td>\n<td>21.09.2025<\/td>\n<td>09:00-11:00<\/td>\n<\/tr>\n<tr>\n<td>Gracanica<\/td>\n<td>Kula<\/td>\n<td>21.09.2025<\/td>\n<td>09:00-11:00<\/td>\n<\/tr>\n<tr>\n<td>Gracanica<\/td>\n<td>Lipa<\/td>\n<td>21.09.2025<\/td>\n<td>09:00-11:00<\/td>\n<\/tr>\n<tr>\n<td>Gracanica<\/td>\n<td>Malki\u0107a Sokak<\/td>\n<td>21.09.2025<\/td>\n<td>09:00-11:00<\/td>\n<\/tr>\n<tr>\n<td>Gracanica<\/td>\n<td>Mehmeda Ahmedbegovi\u0107a<\/td>\n<td>21.09.2025<\/td>\n<td>09:00-11:00<\/td>\n<\/tr>\n<tr>\n<td>Gracanica<\/td>\n<td>Mehmeda Vehbi Ef.\u0161emse Kadi\u0107a<\/td>\n<td>21.09.2025<\/td>\n<td>09:00-11:00<\/td>\n<\/tr>\n<tr>\n<td>Gracanica<\/td>\n<td>Mejdan<\/td>\n<td>21.09.2025<\/td>\n<td>09:00-11:00<\/td>\n<\/tr>\n<tr>\n<td>Gracanica<\/td>\n<td>Mejdan \u0110edin Sokak<\/td>\n<td>21.09.2025<\/td>\n<td>09:00-11:00<\/td>\n<\/tr>\n<tr>\n<td>Gracanica<\/td>\n<td>Mladih Muslimana<\/td>\n<td>21.09.2025<\/td>\n<td>09:00-11:00<\/td>\n<\/tr>\n<tr>\n<td>Gracanica<\/td>\n<td>Mula Dedina<\/td>\n<td>21.09.2025<\/td>\n<td>09:00-11:00<\/td>\n<\/tr>\n<tr>\n<td>Gracanica<\/td>\n<td>Muse \u0106azima \u0106ati\u0107a<\/td>\n<td>21.09.2025<\/td>\n<td>09:00-11:00<\/td>\n<\/tr>\n<tr>\n<td>Gracanica<\/td>\n<td>Muslimanska<\/td>\n<td>21.09.2025<\/td>\n<td>09:00-11:00<\/td>\n<\/tr>\n<tr>\n<td>Gracanica<\/td>\n<td>Mustafe Re\u0161idbegovi\u0107a<\/td>\n<td>21.09.2025<\/td>\n<td>09:00-11:00<\/td>\n<\/tr>\n<tr>\n<td>Gracanica<\/td>\n<td>Obu\u0107arska<\/td>\n<td>21.09.2025<\/td>\n<td>09:00-11:00<\/td>\n<\/tr>\n<tr>\n<td>Gracanica<\/td>\n<td>Osmana Mehi\u0107a Tucka<\/td>\n<td>21.09.2025<\/td>\n<td>09:00-11:00<\/td>\n<\/tr>\n<tr>\n<td>Gracanica<\/td>\n<td>Patkova\u010da<\/td>\n<td>21.09.2025<\/td>\n<td>09:00-11:00<\/td>\n<\/tr>\n<tr>\n<td>Gracanica<\/td>\n<td>Patriotske Lige<\/td>\n<td>21.09.2025<\/td>\n<td>09:00-11:00<\/td>\n<\/tr>\n<tr>\n<td>Gracanica<\/td>\n<td>Sarajevska<\/td>\n<td>21.09.2025<\/td>\n<td>09:00-11:00<\/td>\n<\/tr>\n<tr>\n<td>Gracanica<\/td>\n<td>Taksima \u0160u\u0161e<\/td>\n<td>21.09.2025<\/td>\n<td>09:00-11:00<\/td>\n<\/tr>\n<tr>\n<td>Gracanica<\/td>\n<td>Tuleg<\/td>\n<td>21.09.2025<\/td>\n<td>09:00-11:00<\/td>\n<\/tr>\n<tr>\n<td>Gracanica<\/td>\n<td>Vakufska<\/td>\n<td>21.09.2025<\/td>\n<td>09:00-11:00<\/td>\n<\/tr>\n<tr>\n<td>Gracanica<\/td>\n<td>Vedada \u0110onli\u0107a<\/td>\n<td>21.09.2025<\/td>\n<td>09:00-11:00<\/td>\n<\/tr>\n<tr>\n<td>Gracanica<\/td>\n<td>Vite\u0161ka<\/td>\n<td>21.09.2025<\/td>\n<td>09:00-11:00<\/td>\n<\/tr>\n<tr>\n<td>Gracanica<\/td>\n<td>Zlatnih Ljiljana<\/td>\n<td>21.09.2025<\/td>\n<td>09:00-11:00<\/td>\n<\/tr>\n<tr>\n<td>Gracanica<\/td>\n<td>\u010ciri\u0161<\/td>\n<td>21.09.2025<\/td>\n<td>09:00-11:00<\/td>\n<\/tr>\n<tr>\n<td>Gracanica<\/td>\n<td>\u0160ehidska<\/td>\n<td>21.09.2025<\/td>\n<td>09:00-11:00<\/td>\n<\/tr>\n<tr>\n<td>Gracanica<\/td>\n<td>\u0160ehidski Sokak<\/td>\n<td>21.09.2025<\/td>\n<td>09:00-11:00<\/td>\n<\/tr>\n<tr>\n<td>Gracanica<\/td>\n<td>Dedi\u0107i<\/td>\n<td>21.09.2025<\/td>\n<td>09:00-11:00<\/td>\n<\/tr>\n<tr>\n<td>Gracanica<\/td>\n<td>Grabovac<\/td>\n<td>21.09.2025<\/td>\n<td>09:00-11:00<\/td>\n<\/tr>\n<tr>\n<td>Gracanica<\/td>\n<td>Stjepan Polje<\/td>\n<td>21.09.2025<\/td>\n<td>09:00-11:00<\/td>\n<\/tr>\n<tr>\n<td>Gracanica<\/td>\n<td>Deli\u0107i<\/td>\n<td>21.09.2025<\/td>\n<td>09:30-16:00<\/td>\n<\/tr>\n<tr>\n<td>Gracanica<\/td>\n<td>Deved\u017eije<\/td>\n<td>21.09.2025<\/td>\n<td>09:30-16:00<\/td>\n<\/tr>\n<tr>\n<td>Gracanica<\/td>\n<td>Lukavica Bijeli Potok<\/td>\n<td>21.09.2025<\/td>\n<td>09:30-16:00<\/td>\n<\/tr>\n<tr>\n<td>Gracanica<\/td>\n<td>Lukavica Brana<\/td>\n<td>21.09.2025<\/td>\n<td>09:30-16:00<\/td>\n<\/tr>\n<tr>\n<td>Gracanica<\/td>\n<td>Lukavica Deli\u0107i<\/td>\n<td>21.09.2025<\/td>\n<td>09:30-16:00<\/td>\n<\/tr>\n<tr>\n<td>Gracanica<\/td>\n<td>Lukavica Deved\u017eije<\/td>\n<td>21.09.2025<\/td>\n<td>09:30-16:00<\/td>\n<\/tr>\n<tr>\n<td>Gracanica<\/td>\n<td>Lukavica Hasi\u0107i<\/td>\n<td>21.09.2025<\/td>\n<td>09:30-16:00<\/td>\n<\/tr>\n<tr>\n<td>Gracanica<\/td>\n<td>Lukavica Ogra\u0111enica<\/td>\n<td>21.09.2025<\/td>\n<td>09:30-16:00<\/td>\n<\/tr>\n<tr>\n<td>Gracanica<\/td>\n<td>Lukavica Prnjavor<\/td>\n<td>21.09.2025<\/td>\n<td>09:30-16:00<\/td>\n<\/tr>\n<tr>\n<td>Gracanica<\/td>\n<td>Lukavica Rijeka<\/td>\n<td>21.09.2025<\/td>\n<td>09:30-16:00<\/td>\n<\/tr>\n<tr>\n<td>Gracanica<\/td>\n<td>Lukavica Vi\u0161njeva\u010da<\/td>\n<td>21.09.2025<\/td>\n<td>09:30-16:00<\/td>\n<\/tr>\n<tr>\n<td>Gracanica<\/td>\n<td>Lukavica Zolje<\/td>\n<td>21.09.2025<\/td>\n<td>09:30-16:00<\/td>\n<\/tr>\n<tr>\n<td>Gracanica<\/td>\n<td>Lukavica \u010camd\u017ei\u0107i<\/td>\n<td>21.09.2025<\/td>\n<td>09:30-16:00<\/td>\n<\/tr>\n<tr>\n<td>Gracanica<\/td>\n<td>Lukavica \u0160kola<\/td>\n<td>21.09.2025<\/td>\n<td>09:30-16:00<\/td>\n<\/tr>\n<tr>\n<td>Gracanica<\/td>\n<td>Lukavica \u0160o\u0161avka<\/td>\n<td>21.09.2025<\/td>\n<td>09:30-16:00<\/td>\n<\/tr>\n<tr>\n<td>Gracanica<\/td>\n<td>Lukavica,duje<\/td>\n<td>21.09.2025<\/td>\n<td>09:30-16:00<\/td>\n<\/tr>\n<tr>\n<td>Gracanica<\/td>\n<td>Lukavice Pi\u0161\u0107e<\/td>\n<td>21.09.2025<\/td>\n<td>09:30-16:00<\/td>\n<\/tr>\n<tr>\n<td>Gracanica<\/td>\n<td>Ogra\u0111enica<\/td>\n<td>21.09.2025<\/td>\n<td>09:30-16:00<\/td>\n<\/tr>\n<tr>\n<td>Gracanica<\/td>\n<td>Prnjavor<\/td>\n<td>21.09.2025<\/td>\n<td>09:30-16:00<\/td>\n<\/tr>\n<tr>\n<td>Gracanica<\/td>\n<td>Polje<\/td>\n<td>21.09.2025<\/td>\n<td>09:30-16:00<\/td>\n<\/tr>\n<tr>\n<td>Gracanica<\/td>\n<td>Stjepan Polje<\/td>\n<td>21.09.2025<\/td>\n<td>09:30-16:00<\/td>\n<\/tr>\n<tr>\n<td>Gracanica<\/td>\n<td>Stjepan Polje Avdi\u0107i<\/td>\n<td>21.09.2025<\/td>\n<td>09:30-16:00<\/td>\n<\/tr>\n<tr>\n<td>Gracanica<\/td>\n<td>Stjepan Polje Bare<\/td>\n<td>21.09.2025<\/td>\n<td>09:30-16:00<\/td>\n<\/tr>\n<tr>\n<td>Gracanica<\/td>\n<td>Stjepan Polje Rasadnik<\/td>\n<td>21.09.2025<\/td>\n<td>09:30-16:00<\/td>\n<\/tr>\n<tr>\n<td>Doboj Istok<\/td>\n<td>Mala Brijesnica<\/td>\n<td>21.09.2025<\/td>\n<td>09:30-16:00<\/td>\n<\/tr>\n<tr>\n<td>Doboj Istok<\/td>\n<td>Mala Brijesnica Gri\u010d<\/td>\n<td>21.09.2025<\/td>\n<td>09:30-16:00<\/td>\n<\/tr>\n<tr>\n<td>Doboj Istok<\/td>\n<td>Mala Brijesnica Hod\u017ei\u0107i<\/td>\n<td>21.09.2025<\/td>\n<td>09:30-16:00<\/td>\n<\/tr>\n<tr>\n<td>Doboj Istok<\/td>\n<td>Mala Brijesnica Hrnj\u010di\u0107i<\/td>\n<td>21.09.2025<\/td>\n<td>09:30-16:00<\/td>\n<\/tr>\n<tr>\n<td>Doboj Istok<\/td>\n<td>Mala Brijesnica Kahrimani<\/td>\n<td>21.09.2025<\/td>\n<td>09:30-16:00<\/td>\n<\/tr>\n<tr>\n<td>Doboj Istok<\/td>\n<td>Mala Brijesnica Kari\u0107i<\/td>\n<td>21.09.2025<\/td>\n<td>09:30-16:00<\/td>\n<\/tr>\n<tr>\n<td>Doboj Istok<\/td>\n<td>Mala Brijesnica Kratine<\/td>\n<td>21.09.2025<\/td>\n<td>09:30-16:00<\/td>\n<\/tr>\n<tr>\n<td>Doboj Istok<\/td>\n<td>Mala Brijesnica Polje<\/td>\n<td>21.09.2025<\/td>\n<td>09:30-16:00<\/td>\n<\/tr>\n<tr>\n<td>Doboj Istok<\/td>\n<td>Mala Brijesnica Suba\u0161i\u0107i<\/td>\n<td>21.09.2025<\/td>\n<td>09:30-16:00<\/td>\n<\/tr>\n<tr>\n<td>Doboj Istok<\/td>\n<td>Mala Brijesnica \u0160krebe<\/td>\n<td>21.09.2025<\/td>\n<td>09:30-16:00<\/td>\n<\/tr>\n<tr>\n<td>Doboj Istok<\/td>\n<td>Mala Brijesnica-\u0160kolska<\/td>\n<td>21.09.2025<\/td>\n<td>09:30-16:00<\/td>\n<\/tr>\n<tr>\n<td>Doboj Istok<\/td>\n<td>Velika Brijesnica<\/td>\n<td>21.09.2025<\/td>\n<td>09:30-16:00<\/td>\n<\/tr>\n<tr>\n<td>Doboj Istok<\/td>\n<td>Velika Brijesnica Brijeg<\/td>\n<td>21.09.2025<\/td>\n<td>09:30-16:00<\/td>\n<\/tr>\n<tr>\n<td>Doboj Istok<\/td>\n<td>Velika Brijesnica Cesta<\/td>\n<td>21.09.2025<\/td>\n<td>09:30-16:00<\/td>\n<\/tr>\n<tr>\n<td>Doboj Istok<\/td>\n<td>Velika Brijesnica Dautovi\u0107i<\/td>\n<td>21.09.2025<\/td>\n<td>09:30-16:00<\/td>\n<\/tr>\n<tr>\n<td>Doboj Istok<\/td>\n<td>Velika Brijesnica Had\u017ei\u0107i<\/td>\n<td>21.09.2025<\/td>\n<td>09:30-16:00<\/td>\n<\/tr>\n<tr>\n<td>Doboj Istok<\/td>\n<td>Velika Brijesnica Konji\u0107i<\/td>\n<td>21.09.2025<\/td>\n<td>09:30-16:00<\/td>\n<\/tr>\n<tr>\n<td>Doboj Istok<\/td>\n<td>Velika Brijesnica Polje<\/td>\n<td>21.09.2025<\/td>\n<td>09:30-16:00<\/td>\n<\/tr>\n<tr>\n<td>Doboj Istok<\/td>\n<td>Velika Brijesnica Put<\/td>\n<td>21.09.2025<\/td>\n<td>09:30-16:00<\/td>\n<\/tr>\n<tr>\n<td>Doboj Istok<\/td>\n<td>Velika Brijesnica Skopljaci<\/td>\n<td>21.09.2025<\/td>\n<td>09:30-16:00<\/td>\n<\/tr>\n<tr>\n<td>Doboj Istok<\/td>\n<td>Velika Brijesnica Stadion<\/td>\n<td>21.09.2025<\/td>\n<td>09:30-16:00<\/td>\n<\/tr>\n<tr>\n<td>Doboj Istok<\/td>\n<td>1.bataljona<\/td>\n<td>21.09.2025<\/td>\n<td>09:30-16:00<\/td>\n<\/tr>\n<tr>\n<td>Doboj Istok<\/td>\n<td>Klokotnica<\/td>\n<td>21.09.2025<\/td>\n<td>09:30-16:00<\/td>\n<\/tr>\n<tr>\n<td>Doboj Istok<\/td>\n<td>Klokotnica Salki\u0107i<\/td>\n<td>21.09.2025<\/td>\n<td>09:30-16:00<\/td>\n<\/tr>\n<tr>\n<td>Doboj Istok<\/td>\n<td>Magistralni Put<\/td>\n<td>21.09.2025<\/td>\n<td>09:30-16:00<\/td>\n<\/tr>\n<tr>\n<td>Doboj Istok<\/td>\n<td>Alije Izetbegovi\u0107a<\/td>\n<td>21.09.2025<\/td>\n<td>09:30-16:00<\/td>\n<\/tr>\n<tr>\n<td>Doboj Istok<\/td>\n<td>Klokotnica Ahimba\u0161i\u0107i<\/td>\n<td>21.09.2025<\/td>\n<td>09:30-16:00<\/td>\n<\/tr>\n<tr>\n<td>Doboj Istok<\/td>\n<td>Klokotnica Babi\u0107i<\/td>\n<td>21.09.2025<\/td>\n<td>09:30-16:00<\/td>\n<\/tr>\n<tr>\n<td>Doboj Istok<\/td>\n<td>Klokotnica Br\u0111ani<\/td>\n<td>21.09.2025<\/td>\n<td>09:30-16:00<\/td>\n<\/tr>\n<tr>\n<td>Doboj Istok<\/td>\n<td>Klokotnica Dizdari<\/td>\n<td>21.09.2025<\/td>\n<td>09:30-16:00<\/td>\n<\/tr>\n<tr>\n<td>Doboj Istok<\/td>\n<td>Klokotnica Doli\u0107<\/td>\n<td>21.09.2025<\/td>\n<td>09:30-16:00<\/td>\n<\/tr>\n<tr>\n<td>Doboj Istok<\/td>\n<td>Klokotnica Duje<\/td>\n<td>21.09.2025<\/td>\n<td>09:30-16:00<\/td>\n<\/tr>\n<tr>\n<td>Doboj Istok<\/td>\n<td>Klokotnica Frkati<\/td>\n<td>21.09.2025<\/td>\n<td>09:30-16:00<\/td>\n<\/tr>\n<tr>\n<td>Doboj Istok<\/td>\n<td>Klokotnica Gnje\u010de<\/td>\n<td>21.09.2025<\/td>\n<td>09:30-16:00<\/td>\n<\/tr>\n<tr>\n<td>Doboj Istok<\/td>\n<td>Klokotnica Habibovi\u0107i<\/td>\n<td>21.09.2025<\/td>\n<td>09:30-16:00<\/td>\n<\/tr>\n<tr>\n<td>Doboj Istok<\/td>\n<td>Klokotnica Kapak<\/td>\n<td>21.09.2025<\/td>\n<td>09:30-16:00<\/td>\n<\/tr>\n<tr>\n<td>Doboj Istok<\/td>\n<td>Klokotnica Mrkani<\/td>\n<td>21.09.2025<\/td>\n<td>09:30-16:00<\/td>\n<\/tr>\n<tr>\n<td>Doboj Istok<\/td>\n<td>Klokotnica Polje<\/td>\n<td>21.09.2025<\/td>\n<td>09:30-16:00<\/td>\n<\/tr>\n<tr>\n<td>Doboj Istok<\/td>\n<td>Klokotnica Samari\u0107<\/td>\n<td>21.09.2025<\/td>\n<td>09:30-16:00<\/td>\n<\/tr>\n<tr>\n<td>Doboj Istok<\/td>\n<td>Klokotnica Stadion<\/td>\n<td>21.09.2025<\/td>\n<td>09:30-16:00<\/td>\n<\/tr>\n<tr>\n<td>Doboj Istok<\/td>\n<td>Lukavica Rijeka<\/td>\n<td>21.09.2025<\/td>\n<td>09:30-16:00<\/td>\n<\/tr>\n<tr>\n<td>Doboj Istok<\/td>\n<td>Samari\u0107<\/td>\n<td>21.09.2025<\/td>\n<td>09:30-16:00<\/td>\n<\/tr>\n<tr>\n<td>Doboj Istok<\/td>\n<td>Stani\u0107 Rijeka<\/td>\n<td>21.09.2025<\/td>\n<td>09:30-16:00<\/td>\n<\/tr>\n<tr>\n<td>Doboj Istok<\/td>\n<td>Stani\u0107 Rijeka Karda\u0161i<\/td>\n<td>21.09.2025<\/td>\n<td>09:30-16:00<\/td>\n<\/tr>\n<tr>\n<td>Doboj Istok<\/td>\n<td>Stani\u0107 Rijeka Komarevac<\/td>\n<td>21.09.2025<\/td>\n<td>09:30-16:00<\/td>\n<\/tr>\n<tr>\n<td>Doboj Istok<\/td>\n<td>Stjepan Polje Luke<\/td>\n<td>21.09.2025<\/td>\n<td>09:30-16:00<\/td>\n<\/tr>\n<tr>\n<td>Doboj Istok<\/td>\n<td>Stjepan Polje Polje<\/td>\n<td>21.09.2025<\/td>\n<td>09:30-16:00<\/td>\n<\/tr>\n<tr>\n<td>Gracanica<\/td>\n<td>Branilaca Grada<\/td>\n<td>21.09.2025<\/td>\n<td>10:30-12:00<\/td>\n<\/tr>\n<tr>\n<td>Gracanica<\/td>\n<td>Branilaca Kule &#8211; Grada<\/td>\n<td>21.09.2025<\/td>\n<td>10:30-12:00<\/td>\n<\/tr>\n<tr>\n<td>Gracanica<\/td>\n<td>Drama<\/td>\n<td>21.09.2025<\/td>\n<td>10:30-12:00<\/td>\n<\/tr>\n<tr>\n<td>Gracanica<\/td>\n<td>Gra\u010dani\u010dkih Gazija<\/td>\n<td>21.09.2025<\/td>\n<td>10:30-12:00<\/td>\n<\/tr>\n<tr>\n<td>Gracanica<\/td>\n<td>Hajdarevac<\/td>\n<td>21.09.2025<\/td>\n<td>10:30-12:00<\/td>\n<\/tr>\n<tr>\n<td>Gracanica<\/td>\n<td>Hajdarovac<\/td>\n<td>21.09.2025<\/td>\n<td>10:30-12:00<\/td>\n<\/tr>\n<tr>\n<td>Gracanica<\/td>\n<td>Industrijska Zona<\/td>\n<td>21.09.2025<\/td>\n<td>10:30-12:00<\/td>\n<\/tr>\n<tr>\n<td>Gracanica<\/td>\n<td>Majke Bo\u0161njakinje<\/td>\n<td>21.09.2025<\/td>\n<td>10:30-12:00<\/td>\n<\/tr>\n<tr>\n<td>Gracanica<\/td>\n<td>Rita\u0161i\u0107i<\/td>\n<td>21.09.2025<\/td>\n<td>10:30-12:00<\/td>\n<\/tr>\n<tr>\n<td>Gracanica<\/td>\n<td>So\u010dkova\u010dki Put<\/td>\n<td>21.09.2025<\/td>\n<td>10:30-12:00<\/td>\n<\/tr>\n<tr>\n<td>Gracanica<\/td>\n<td>Spre\u010danski Put<\/td>\n<td>21.09.2025<\/td>\n<td>10:30-12:00<\/td>\n<\/tr>\n<tr>\n<td>Gracanica<\/td>\n<td>Zlatnih Ljiljana<\/td>\n<td>21.09.2025<\/td>\n<td>10:30-12:00<\/td>\n<\/tr>\n<tr>\n<td>Gracanica<\/td>\n<td>\u0160enik<\/td>\n<td>21.09.2025<\/td>\n<td>10:30-12:00<\/td>\n<\/tr>\n<tr>\n<td>Gracanica<\/td>\n<td>Klokotnica Polje<\/td>\n<td>21.09.2025<\/td>\n<td>10:30-12:00<\/td>\n<\/tr>\n<tr>\n<td>Gracanica<\/td>\n<td>212.oslobodila\u010dke Brigade<\/td>\n<td>21.09.2025<\/td>\n<td>12:00-13:30<\/td>\n<\/tr>\n<tr>\n<td>Gracanica<\/td>\n<td>Alije \u0110erzeleza<\/td>\n<td>21.09.2025<\/td>\n<td>12:00-13:30<\/td>\n<\/tr>\n<tr>\n<td>Gracanica<\/td>\n<td>Armije R Bih<\/td>\n<td>21.09.2025<\/td>\n<td>12:00-13:30<\/td>\n<\/tr>\n<tr>\n<td>Gracanica<\/td>\n<td>Armije Republike Bih<\/td>\n<td>21.09.2025<\/td>\n<td>12:00-13:30<\/td>\n<\/tr>\n<tr>\n<td>Gracanica<\/td>\n<td>Ba\u0161\u010de<\/td>\n<td>21.09.2025<\/td>\n<td>12:00-13:30<\/td>\n<\/tr>\n<tr>\n<td>Gracanica<\/td>\n<td>Bijela Polja<\/td>\n<td>21.09.2025<\/td>\n<td>12:00-13:30<\/td>\n<\/tr>\n<tr>\n<td>Gracanica<\/td>\n<td>Bosanska<\/td>\n<td>21.09.2025<\/td>\n<td>12:00-13:30<\/td>\n<\/tr>\n<tr>\n<td>Gracanica<\/td>\n<td>Branilaca Grada<\/td>\n<td>21.09.2025<\/td>\n<td>12:00-13:30<\/td>\n<\/tr>\n<tr>\n<td>Gracanica<\/td>\n<td>Branilaca Kule &#8211; Grada<\/td>\n<td>21.09.2025<\/td>\n<td>12:00-13:30<\/td>\n<\/tr>\n<tr>\n<td>Gracanica<\/td>\n<td>Br\u010danska Malta<\/td>\n<td>21.09.2025<\/td>\n<td>12:00-13:30<\/td>\n<\/tr>\n<tr>\n<td>Gracanica<\/td>\n<td>Crni Put<\/td>\n<td>21.09.2025<\/td>\n<td>12:00-13:30<\/td>\n<\/tr>\n<tr>\n<td>Gracanica<\/td>\n<td>Derva<\/td>\n<td>21.09.2025<\/td>\n<td>12:00-13:30<\/td>\n<\/tr>\n<tr>\n<td>Gracanica<\/td>\n<td>Drafni\u0107i<\/td>\n<td>21.09.2025<\/td>\n<td>12:00-13:30<\/td>\n<\/tr>\n<tr>\n<td>Gracanica<\/td>\n<td>Drama<\/td>\n<td>21.09.2025<\/td>\n<td>12:00-13:30<\/td>\n<\/tr>\n<tr>\n<td>Gracanica<\/td>\n<td>Dudi\u0107<\/td>\n<td>21.09.2025<\/td>\n<td>12:00-13:30<\/td>\n<\/tr>\n<tr>\n<td>Gracanica<\/td>\n<td>Gojsali\u0107i<\/td>\n<td>21.09.2025<\/td>\n<td>12:00-13:30<\/td>\n<\/tr>\n<tr>\n<td>Gracanica<\/td>\n<td>Gornja Lohinja \u017du\u017ee<\/td>\n<td>21.09.2025<\/td>\n<td>12:00-13:30<\/td>\n<\/tr>\n<tr>\n<td>Gracanica<\/td>\n<td>Had\u017ei Halil Ef.gra\u010danlije<\/td>\n<td>21.09.2025<\/td>\n<td>12:00-13:30<\/td>\n<\/tr>\n<tr>\n<td>Gracanica<\/td>\n<td>Hajdarovac<\/td>\n<td>21.09.2025<\/td>\n<td>12:00-13:30<\/td>\n<\/tr>\n<tr>\n<td>Gracanica<\/td>\n<td>Hajrije Kurtagi\u0107<\/td>\n<td>21.09.2025<\/td>\n<td>12:00-13:30<\/td>\n<\/tr>\n<tr>\n<td>Gracanica<\/td>\n<td>Hermanna Gmeinera<\/td>\n<td>21.09.2025<\/td>\n<td>12:00-13:30<\/td>\n<\/tr>\n<tr>\n<td>Gracanica<\/td>\n<td>Hurije<\/td>\n<td>21.09.2025<\/td>\n<td>12:00-13:30<\/td>\n<\/tr>\n<tr>\n<td>Gracanica<\/td>\n<td>Ibrahim Bega Pa\u0161i\u0107a<\/td>\n<td>21.09.2025<\/td>\n<td>12:00-13:30<\/td>\n<\/tr>\n<tr>\n<td>Gracanica<\/td>\n<td>Javor<\/td>\n<td>21.09.2025<\/td>\n<td>12:00-13:30<\/td>\n<\/tr>\n<tr>\n<td>Gracanica<\/td>\n<td>Kamenita Voda<\/td>\n<td>21.09.2025<\/td>\n<td>12:00-13:30<\/td>\n<\/tr>\n<tr>\n<td>Gracanica<\/td>\n<td>Kotoru\u0161a<\/td>\n<td>21.09.2025<\/td>\n<td>12:00-13:30<\/td>\n<\/tr>\n<tr>\n<td>Gracanica<\/td>\n<td>Kova\u010dka<\/td>\n<td>21.09.2025<\/td>\n<td>12:00-13:30<\/td>\n<\/tr>\n<tr>\n<td>Gracanica<\/td>\n<td>Lukavi\u010dki Sokak<\/td>\n<td>21.09.2025<\/td>\n<td>12:00-13:30<\/td>\n<\/tr>\n<tr>\n<td>Gracanica<\/td>\n<td>Malezijska<\/td>\n<td>21.09.2025<\/td>\n<td>12:00-13:30<\/td>\n<\/tr>\n<tr>\n<td>Gracanica<\/td>\n<td>Muhameda Seida Ma\u0161i\u0107a<\/td>\n<td>21.09.2025<\/td>\n<td>12:00-13:30<\/td>\n<\/tr>\n<tr>\n<td>Gracanica<\/td>\n<td>Mula Dedina<\/td>\n<td>21.09.2025<\/td>\n<td>12:00-13:30<\/td>\n<\/tr>\n<tr>\n<td>Gracanica<\/td>\n<td>Mustajba\u0161i\u0107i<\/td>\n<td>21.09.2025<\/td>\n<td>12:00-13:30<\/td>\n<\/tr>\n<tr>\n<td>Gracanica<\/td>\n<td>Patriotske Lige<\/td>\n<td>21.09.2025<\/td>\n<td>12:00-13:30<\/td>\n<\/tr>\n<tr>\n<td>Gracanica<\/td>\n<td>Piskavica<\/td>\n<td>21.09.2025<\/td>\n<td>12:00-13:30<\/td>\n<\/tr>\n<tr>\n<td>Gracanica<\/td>\n<td>Podgaj<\/td>\n<td>21.09.2025<\/td>\n<td>12:00-13:30<\/td>\n<\/tr>\n<tr>\n<td>Gracanica<\/td>\n<td>Podrinjska<\/td>\n<td>21.09.2025<\/td>\n<td>12:00-13:30<\/td>\n<\/tr>\n<tr>\n<td>Gracanica<\/td>\n<td>Polje<\/td>\n<td>21.09.2025<\/td>\n<td>12:00-13:30<\/td>\n<\/tr>\n<tr>\n<td>Gracanica<\/td>\n<td>Potok Mahala<\/td>\n<td>21.09.2025<\/td>\n<td>12:00-13:30<\/td>\n<\/tr>\n<tr>\n<td>Gracanica<\/td>\n<td>Pribava<\/td>\n<td>21.09.2025<\/td>\n<td>12:00-13:30<\/td>\n<\/tr>\n<tr>\n<td>Gracanica<\/td>\n<td>Rita\u0161i\u0107i<\/td>\n<td>21.09.2025<\/td>\n<td>12:00-13:30<\/td>\n<\/tr>\n<tr>\n<td>Gracanica<\/td>\n<td>Rita\u0161i\u0107i Donji<\/td>\n<td>21.09.2025<\/td>\n<td>12:00-13:30<\/td>\n<\/tr>\n<tr>\n<td>Gracanica<\/td>\n<td>Seljanu\u0161a<\/td>\n<td>21.09.2025<\/td>\n<td>12:00-13:30<\/td>\n<\/tr>\n<tr>\n<td>Gracanica<\/td>\n<td>Soko<\/td>\n<td>21.09.2025<\/td>\n<td>12:00-13:30<\/td>\n<\/tr>\n<tr>\n<td>Gracanica<\/td>\n<td>Sokolgradska Cesta<\/td>\n<td>21.09.2025<\/td>\n<td>12:00-13:30<\/td>\n<\/tr>\n<tr>\n<td>Gracanica<\/td>\n<td>So\u010dkova\u010dki Put<\/td>\n<td>21.09.2025<\/td>\n<td>12:00-13:30<\/td>\n<\/tr>\n<tr>\n<td>Gracanica<\/td>\n<td>Stubljanska Strana<\/td>\n<td>21.09.2025<\/td>\n<td>12:00-13:30<\/td>\n<\/tr>\n<tr>\n<td>Gracanica<\/td>\n<td>Stubo<\/td>\n<td>21.09.2025<\/td>\n<td>12:00-13:30<\/td>\n<\/tr>\n<tr>\n<td>Gracanica<\/td>\n<td>Varo\u0161<\/td>\n<td>21.09.2025<\/td>\n<td>12:00-13:30<\/td>\n<\/tr>\n<tr>\n<td>Gracanica<\/td>\n<td>Varo\u0161ki Potok<\/td>\n<td>21.09.2025<\/td>\n<td>12:00-13:30<\/td>\n<\/tr>\n<tr>\n<td>Gracanica<\/td>\n<td>Vukni\u0107<\/td>\n<td>21.09.2025<\/td>\n<td>12:00-13:30<\/td>\n<\/tr>\n<tr>\n<td>Gracanica<\/td>\n<td>Zlatnih Ljiljana<\/td>\n<td>21.09.2025<\/td>\n<td>12:00-13:30<\/td>\n<\/tr>\n<tr>\n<td>Gracanica<\/td>\n<td>\u0160enik<\/td>\n<td>21.09.2025<\/td>\n<td>12:00-13:30<\/td>\n<\/tr>\n<tr>\n<td>Gracanica<\/td>\n<td>\u0160eni\u010dki Put<\/td>\n<td>21.09.2025<\/td>\n<td>12:00-13:30<\/td>\n<\/tr>\n<tr>\n<td>Gracanica<\/td>\n<td>Branilaca Grada<\/td>\n<td>21.09.2025<\/td>\n<td>13:30-15:00<\/td>\n<\/tr>\n<tr>\n<td>Gracanica<\/td>\n<td>So\u010dkova\u010dki Put<\/td>\n<td>21.09.2025<\/td>\n<td>15:00-16:30<\/td>\n<\/tr>\n<tr>\n<td>Gracanica<\/td>\n<td>Branilaca Kule &#8211; Grada<\/td>\n<td>21.09.2025<\/td>\n<td>16:30-18:00<\/td>\n<\/tr>\n<\/tbody>\n<\/table>\n<p>Podsje\u0107amo, do isklju\u010denja dolazi zbog izvo\u0111enja radova na odr\u017eavanju i unapre\u0111enju mre\u017ee, kao i priklju\u010denja novih korisnika.<\/p>\n","protected":false},"excerpt":{"rendered":"<p>Zbog planiranih radova na elektroenergetskoj mre\u017ei, do\u0107i \u0107e do privremenih obustava u isporuci elektri\u010dne energije&hellip;<\/p>\n","protected":false},"author":8,"featured_media":170403,"comment_status":"closed","ping_status":"closed","sticky":false,"template":"","format":"standard","meta":{"_acf_changed":false,"footnotes":""},"categories":[304,12],"tags":[12639,1880],"acf":[],"yoast_head":"<!-- This site is optimized with the Yoast SEO plugin v23.5 - https:\/\/yoast.com\/wordpress\/plugins\/seo\/ -->\n<title>ED Tuzla: Planska isklju\u010denja el. energije za nedjelju 21. septembar - TuzlaInfo.ba<\/title>\n<meta name=\"robots\" content=\"index, follow, max-snippet:-1, max-image-preview:large, max-video-preview:-1\" \/>\n<link rel=\"canonical\" href=\"https:\/\/tuzlainfo.ba\/index.php\/novosti\/item\/281137-ed-tuzla-planska-iskljucenja-el-energije-za-nedjelju-21-septembar\/\" \/>\n<meta property=\"og:locale\" content=\"bs_BA\" \/>\n<meta property=\"og:type\" content=\"article\" \/>\n<meta property=\"og:title\" content=\"ED Tuzla: Planska isklju\u010denja el. energije za nedjelju 21. septembar - TuzlaInfo.ba\" \/>\n<meta property=\"og:description\" content=\"Zbog planiranih radova na elektroenergetskoj mre\u017ei, do\u0107i \u0107e do privremenih obustava u isporuci elektri\u010dne energije&hellip;\" \/>\n<meta property=\"og:url\" content=\"https:\/\/tuzlainfo.ba\/index.php\/novosti\/item\/281137-ed-tuzla-planska-iskljucenja-el-energije-za-nedjelju-21-septembar\/\" \/>\n<meta property=\"og:site_name\" content=\"TuzlaInfo.ba\" \/>\n<meta property=\"article:publisher\" content=\"https:\/\/www.facebook.com\/tuzlainfo.ba\/\" \/>\n<meta property=\"article:published_time\" content=\"2025-09-20T20:06:56+00:00\" \/>\n<meta property=\"article:modified_time\" content=\"2025-09-19T07:50:49+00:00\" \/>\n<meta property=\"og:image\" content=\"https:\/\/tuzlainfo.ba\/wp-content\/uploads\/2022\/04\/2504_elektro_planska_struja.jpg\" \/>\n\t<meta property=\"og:image:width\" content=\"1000\" \/>\n\t<meta property=\"og:image:height\" content=\"732\" \/>\n\t<meta property=\"og:image:type\" content=\"image\/jpeg\" \/>\n<meta name=\"author\" content=\"Admin Tri\" \/>\n<meta name=\"twitter:card\" content=\"summary_large_image\" \/>\n<meta name=\"twitter:label1\" content=\"Written by\" \/>\n\t<meta name=\"twitter:data1\" content=\"Admin Tri\" \/>\n\t<meta name=\"twitter:label2\" content=\"Est. reading time\" \/>\n\t<meta name=\"twitter:data2\" content=\"7 minuta\" \/>\n<script type=\"application\/ld+json\" class=\"yoast-schema-graph\">{\"@context\":\"https:\/\/schema.org\",\"@graph\":[{\"@type\":\"Article\",\"@id\":\"https:\/\/tuzlainfo.ba\/index.php\/novosti\/item\/281137-ed-tuzla-planska-iskljucenja-el-energije-za-nedjelju-21-septembar\/#article\",\"isPartOf\":{\"@id\":\"https:\/\/tuzlainfo.ba\/index.php\/novosti\/item\/281137-ed-tuzla-planska-iskljucenja-el-energije-za-nedjelju-21-septembar\/\"},\"author\":{\"name\":\"Admin Tri\",\"@id\":\"https:\/\/tuzlainfo.ba\/#\/schema\/person\/593e78a2f6378c5ba3e7600ecfa4e63a\"},\"headline\":\"ED Tuzla: Planska isklju\u010denja el. energije za nedjelju 21. septembar\",\"datePublished\":\"2025-09-20T20:06:56+00:00\",\"dateModified\":\"2025-09-19T07:50:49+00:00\",\"mainEntityOfPage\":{\"@id\":\"https:\/\/tuzlainfo.ba\/index.php\/novosti\/item\/281137-ed-tuzla-planska-iskljucenja-el-energije-za-nedjelju-21-septembar\/\"},\"wordCount\":1022,\"publisher\":{\"@id\":\"https:\/\/tuzlainfo.ba\/#organization\"},\"image\":{\"@id\":\"https:\/\/tuzlainfo.ba\/index.php\/novosti\/item\/281137-ed-tuzla-planska-iskljucenja-el-energije-za-nedjelju-21-septembar\/#primaryimage\"},\"thumbnailUrl\":\"https:\/\/tuzlainfo.ba\/wp-content\/uploads\/2022\/04\/2504_elektro_planska_struja.jpg\",\"keywords\":[\"elektrodistribucija\",\"struja\"],\"articleSection\":[\"Istaknuto\",\"Novosti\"],\"inLanguage\":\"bs-BA\"},{\"@type\":\"WebPage\",\"@id\":\"https:\/\/tuzlainfo.ba\/index.php\/novosti\/item\/281137-ed-tuzla-planska-iskljucenja-el-energije-za-nedjelju-21-septembar\/\",\"url\":\"https:\/\/tuzlainfo.ba\/index.php\/novosti\/item\/281137-ed-tuzla-planska-iskljucenja-el-energije-za-nedjelju-21-septembar\/\",\"name\":\"ED Tuzla: Planska isklju\u010denja el. energije za nedjelju 21. septembar - TuzlaInfo.ba\",\"isPartOf\":{\"@id\":\"https:\/\/tuzlainfo.ba\/#website\"},\"primaryImageOfPage\":{\"@id\":\"https:\/\/tuzlainfo.ba\/index.php\/novosti\/item\/281137-ed-tuzla-planska-iskljucenja-el-energije-za-nedjelju-21-septembar\/#primaryimage\"},\"image\":{\"@id\":\"https:\/\/tuzlainfo.ba\/index.php\/novosti\/item\/281137-ed-tuzla-planska-iskljucenja-el-energije-za-nedjelju-21-septembar\/#primaryimage\"},\"thumbnailUrl\":\"https:\/\/tuzlainfo.ba\/wp-content\/uploads\/2022\/04\/2504_elektro_planska_struja.jpg\",\"datePublished\":\"2025-09-20T20:06:56+00:00\",\"dateModified\":\"2025-09-19T07:50:49+00:00\",\"breadcrumb\":{\"@id\":\"https:\/\/tuzlainfo.ba\/index.php\/novosti\/item\/281137-ed-tuzla-planska-iskljucenja-el-energije-za-nedjelju-21-septembar\/#breadcrumb\"},\"inLanguage\":\"bs-BA\",\"potentialAction\":[{\"@type\":\"ReadAction\",\"target\":[\"https:\/\/tuzlainfo.ba\/index.php\/novosti\/item\/281137-ed-tuzla-planska-iskljucenja-el-energije-za-nedjelju-21-septembar\/\"]}]},{\"@type\":\"ImageObject\",\"inLanguage\":\"bs-BA\",\"@id\":\"https:\/\/tuzlainfo.ba\/index.php\/novosti\/item\/281137-ed-tuzla-planska-iskljucenja-el-energije-za-nedjelju-21-septembar\/#primaryimage\",\"url\":\"https:\/\/tuzlainfo.ba\/wp-content\/uploads\/2022\/04\/2504_elektro_planska_struja.jpg\",\"contentUrl\":\"https:\/\/tuzlainfo.ba\/wp-content\/uploads\/2022\/04\/2504_elektro_planska_struja.jpg\",\"width\":1000,\"height\":732},{\"@type\":\"BreadcrumbList\",\"@id\":\"https:\/\/tuzlainfo.ba\/index.php\/novosti\/item\/281137-ed-tuzla-planska-iskljucenja-el-energije-za-nedjelju-21-septembar\/#breadcrumb\",\"itemListElement\":[{\"@type\":\"ListItem\",\"position\":1,\"name\":\"Home\",\"item\":\"https:\/\/tuzlainfo.ba\/\"},{\"@type\":\"ListItem\",\"position\":2,\"name\":\"ED Tuzla: Planska isklju\u010denja el. energije za nedjelju 21. septembar\"}]},{\"@type\":\"WebSite\",\"@id\":\"https:\/\/tuzlainfo.ba\/#website\",\"url\":\"https:\/\/tuzlainfo.ba\/\",\"name\":\"TuzlaInfo.ba\",\"description\":\"Tuzla info, gradski informator - Tuzla na dlanu\",\"publisher\":{\"@id\":\"https:\/\/tuzlainfo.ba\/#organization\"},\"potentialAction\":[{\"@type\":\"SearchAction\",\"target\":{\"@type\":\"EntryPoint\",\"urlTemplate\":\"https:\/\/tuzlainfo.ba\/?s={search_term_string}\"},\"query-input\":{\"@type\":\"PropertyValueSpecification\",\"valueRequired\":true,\"valueName\":\"search_term_string\"}}],\"inLanguage\":\"bs-BA\"},{\"@type\":\"Organization\",\"@id\":\"https:\/\/tuzlainfo.ba\/#organization\",\"name\":\"TuzlaInfo.ba\",\"url\":\"https:\/\/tuzlainfo.ba\/\",\"logo\":{\"@type\":\"ImageObject\",\"inLanguage\":\"bs-BA\",\"@id\":\"https:\/\/tuzlainfo.ba\/#\/schema\/logo\/image\/\",\"url\":\"https:\/\/tuzlainfo.ba\/wp-content\/uploads\/2021\/03\/logo-ver-3-1.png\",\"contentUrl\":\"https:\/\/tuzlainfo.ba\/wp-content\/uploads\/2021\/03\/logo-ver-3-1.png\",\"width\":350,\"height\":95,\"caption\":\"TuzlaInfo.ba\"},\"image\":{\"@id\":\"https:\/\/tuzlainfo.ba\/#\/schema\/logo\/image\/\"},\"sameAs\":[\"https:\/\/www.facebook.com\/tuzlainfo.ba\/\"]},{\"@type\":\"Person\",\"@id\":\"https:\/\/tuzlainfo.ba\/#\/schema\/person\/593e78a2f6378c5ba3e7600ecfa4e63a\",\"name\":\"Admin Tri\",\"image\":{\"@type\":\"ImageObject\",\"inLanguage\":\"bs-BA\",\"@id\":\"https:\/\/tuzlainfo.ba\/#\/schema\/person\/image\/\",\"url\":\"https:\/\/tuzlainfo.ba\/wp-content\/litespeed\/avatar\/b7920db4cc34a71ad12497283ad2fe3f.jpg?ver=1777100914\",\"contentUrl\":\"https:\/\/tuzlainfo.ba\/wp-content\/litespeed\/avatar\/b7920db4cc34a71ad12497283ad2fe3f.jpg?ver=1777100914\",\"caption\":\"Admin Tri\"},\"sameAs\":[\"https:\/\/tuzlainfo.ba\"]}]}<\/script>\n<!-- \/ Yoast SEO plugin. -->","yoast_head_json":{"title":"ED Tuzla: Planska isklju\u010denja el. energije za nedjelju 21. septembar - TuzlaInfo.ba","robots":{"index":"index","follow":"follow","max-snippet":"max-snippet:-1","max-image-preview":"max-image-preview:large","max-video-preview":"max-video-preview:-1"},"canonical":"https:\/\/tuzlainfo.ba\/index.php\/novosti\/item\/281137-ed-tuzla-planska-iskljucenja-el-energije-za-nedjelju-21-septembar\/","og_locale":"bs_BA","og_type":"article","og_title":"ED Tuzla: Planska isklju\u010denja el. energije za nedjelju 21. septembar - TuzlaInfo.ba","og_description":"Zbog planiranih radova na elektroenergetskoj mre\u017ei, do\u0107i \u0107e do privremenih obustava u isporuci elektri\u010dne energije&hellip;","og_url":"https:\/\/tuzlainfo.ba\/index.php\/novosti\/item\/281137-ed-tuzla-planska-iskljucenja-el-energije-za-nedjelju-21-septembar\/","og_site_name":"TuzlaInfo.ba","article_publisher":"https:\/\/www.facebook.com\/tuzlainfo.ba\/","article_published_time":"2025-09-20T20:06:56+00:00","article_modified_time":"2025-09-19T07:50:49+00:00","og_image":[{"width":1000,"height":732,"url":"https:\/\/tuzlainfo.ba\/wp-content\/uploads\/2022\/04\/2504_elektro_planska_struja.jpg","type":"image\/jpeg"}],"author":"Admin Tri","twitter_card":"summary_large_image","twitter_misc":{"Written by":"Admin Tri","Est. reading time":"7 minuta"},"schema":{"@context":"https:\/\/schema.org","@graph":[{"@type":"Article","@id":"https:\/\/tuzlainfo.ba\/index.php\/novosti\/item\/281137-ed-tuzla-planska-iskljucenja-el-energije-za-nedjelju-21-septembar\/#article","isPartOf":{"@id":"https:\/\/tuzlainfo.ba\/index.php\/novosti\/item\/281137-ed-tuzla-planska-iskljucenja-el-energije-za-nedjelju-21-septembar\/"},"author":{"name":"Admin Tri","@id":"https:\/\/tuzlainfo.ba\/#\/schema\/person\/593e78a2f6378c5ba3e7600ecfa4e63a"},"headline":"ED Tuzla: Planska isklju\u010denja el. energije za nedjelju 21. septembar","datePublished":"2025-09-20T20:06:56+00:00","dateModified":"2025-09-19T07:50:49+00:00","mainEntityOfPage":{"@id":"https:\/\/tuzlainfo.ba\/index.php\/novosti\/item\/281137-ed-tuzla-planska-iskljucenja-el-energije-za-nedjelju-21-septembar\/"},"wordCount":1022,"publisher":{"@id":"https:\/\/tuzlainfo.ba\/#organization"},"image":{"@id":"https:\/\/tuzlainfo.ba\/index.php\/novosti\/item\/281137-ed-tuzla-planska-iskljucenja-el-energije-za-nedjelju-21-septembar\/#primaryimage"},"thumbnailUrl":"https:\/\/tuzlainfo.ba\/wp-content\/uploads\/2022\/04\/2504_elektro_planska_struja.jpg","keywords":["elektrodistribucija","struja"],"articleSection":["Istaknuto","Novosti"],"inLanguage":"bs-BA"},{"@type":"WebPage","@id":"https:\/\/tuzlainfo.ba\/index.php\/novosti\/item\/281137-ed-tuzla-planska-iskljucenja-el-energije-za-nedjelju-21-septembar\/","url":"https:\/\/tuzlainfo.ba\/index.php\/novosti\/item\/281137-ed-tuzla-planska-iskljucenja-el-energije-za-nedjelju-21-septembar\/","name":"ED Tuzla: Planska isklju\u010denja el. energije za nedjelju 21. septembar - TuzlaInfo.ba","isPartOf":{"@id":"https:\/\/tuzlainfo.ba\/#website"},"primaryImageOfPage":{"@id":"https:\/\/tuzlainfo.ba\/index.php\/novosti\/item\/281137-ed-tuzla-planska-iskljucenja-el-energije-za-nedjelju-21-septembar\/#primaryimage"},"image":{"@id":"https:\/\/tuzlainfo.ba\/index.php\/novosti\/item\/281137-ed-tuzla-planska-iskljucenja-el-energije-za-nedjelju-21-septembar\/#primaryimage"},"thumbnailUrl":"https:\/\/tuzlainfo.ba\/wp-content\/uploads\/2022\/04\/2504_elektro_planska_struja.jpg","datePublished":"2025-09-20T20:06:56+00:00","dateModified":"2025-09-19T07:50:49+00:00","breadcrumb":{"@id":"https:\/\/tuzlainfo.ba\/index.php\/novosti\/item\/281137-ed-tuzla-planska-iskljucenja-el-energije-za-nedjelju-21-septembar\/#breadcrumb"},"inLanguage":"bs-BA","potentialAction":[{"@type":"ReadAction","target":["https:\/\/tuzlainfo.ba\/index.php\/novosti\/item\/281137-ed-tuzla-planska-iskljucenja-el-energije-za-nedjelju-21-septembar\/"]}]},{"@type":"ImageObject","inLanguage":"bs-BA","@id":"https:\/\/tuzlainfo.ba\/index.php\/novosti\/item\/281137-ed-tuzla-planska-iskljucenja-el-energije-za-nedjelju-21-septembar\/#primaryimage","url":"https:\/\/tuzlainfo.ba\/wp-content\/uploads\/2022\/04\/2504_elektro_planska_struja.jpg","contentUrl":"https:\/\/tuzlainfo.ba\/wp-content\/uploads\/2022\/04\/2504_elektro_planska_struja.jpg","width":1000,"height":732},{"@type":"BreadcrumbList","@id":"https:\/\/tuzlainfo.ba\/index.php\/novosti\/item\/281137-ed-tuzla-planska-iskljucenja-el-energije-za-nedjelju-21-septembar\/#breadcrumb","itemListElement":[{"@type":"ListItem","position":1,"name":"Home","item":"https:\/\/tuzlainfo.ba\/"},{"@type":"ListItem","position":2,"name":"ED Tuzla: Planska isklju\u010denja el. energije za nedjelju 21. septembar"}]},{"@type":"WebSite","@id":"https:\/\/tuzlainfo.ba\/#website","url":"https:\/\/tuzlainfo.ba\/","name":"TuzlaInfo.ba","description":"Tuzla info, gradski informator - Tuzla na dlanu","publisher":{"@id":"https:\/\/tuzlainfo.ba\/#organization"},"potentialAction":[{"@type":"SearchAction","target":{"@type":"EntryPoint","urlTemplate":"https:\/\/tuzlainfo.ba\/?s={search_term_string}"},"query-input":{"@type":"PropertyValueSpecification","valueRequired":true,"valueName":"search_term_string"}}],"inLanguage":"bs-BA"},{"@type":"Organization","@id":"https:\/\/tuzlainfo.ba\/#organization","name":"TuzlaInfo.ba","url":"https:\/\/tuzlainfo.ba\/","logo":{"@type":"ImageObject","inLanguage":"bs-BA","@id":"https:\/\/tuzlainfo.ba\/#\/schema\/logo\/image\/","url":"https:\/\/tuzlainfo.ba\/wp-content\/uploads\/2021\/03\/logo-ver-3-1.png","contentUrl":"https:\/\/tuzlainfo.ba\/wp-content\/uploads\/2021\/03\/logo-ver-3-1.png","width":350,"height":95,"caption":"TuzlaInfo.ba"},"image":{"@id":"https:\/\/tuzlainfo.ba\/#\/schema\/logo\/image\/"},"sameAs":["https:\/\/www.facebook.com\/tuzlainfo.ba\/"]},{"@type":"Person","@id":"https:\/\/tuzlainfo.ba\/#\/schema\/person\/593e78a2f6378c5ba3e7600ecfa4e63a","name":"Admin Tri","image":{"@type":"ImageObject","inLanguage":"bs-BA","@id":"https:\/\/tuzlainfo.ba\/#\/schema\/person\/image\/","url":"https:\/\/tuzlainfo.ba\/wp-content\/litespeed\/avatar\/b7920db4cc34a71ad12497283ad2fe3f.jpg?ver=1777100914","contentUrl":"https:\/\/tuzlainfo.ba\/wp-content\/litespeed\/avatar\/b7920db4cc34a71ad12497283ad2fe3f.jpg?ver=1777100914","caption":"Admin Tri"},"sameAs":["https:\/\/tuzlainfo.ba"]}]}},"_links":{"self":[{"href":"https:\/\/tuzlainfo.ba\/index.php\/wp-json\/wp\/v2\/posts\/281137"}],"collection":[{"href":"https:\/\/tuzlainfo.ba\/index.php\/wp-json\/wp\/v2\/posts"}],"about":[{"href":"https:\/\/tuzlainfo.ba\/index.php\/wp-json\/wp\/v2\/types\/post"}],"author":[{"embeddable":true,"href":"https:\/\/tuzlainfo.ba\/index.php\/wp-json\/wp\/v2\/users\/8"}],"replies":[{"embeddable":true,"href":"https:\/\/tuzlainfo.ba\/index.php\/wp-json\/wp\/v2\/comments?post=281137"}],"version-history":[{"count":1,"href":"https:\/\/tuzlainfo.ba\/index.php\/wp-json\/wp\/v2\/posts\/281137\/revisions"}],"predecessor-version":[{"id":281142,"href":"https:\/\/tuzlainfo.ba\/index.php\/wp-json\/wp\/v2\/posts\/281137\/revisions\/281142"}],"wp:featuredmedia":[{"embeddable":true,"href":"https:\/\/tuzlainfo.ba\/index.php\/wp-json\/wp\/v2\/media\/170403"}],"wp:attachment":[{"href":"https:\/\/tuzlainfo.ba\/index.php\/wp-json\/wp\/v2\/media?parent=281137"}],"wp:term":[{"taxonomy":"category","embeddable":true,"href":"https:\/\/tuzlainfo.ba\/index.php\/wp-json\/wp\/v2\/categories?post=281137"},{"taxonomy":"post_tag","embeddable":true,"href":"https:\/\/tuzlainfo.ba\/index.php\/wp-json\/wp\/v2\/tags?post=281137"}],"curies":[{"name":"wp","href":"https:\/\/api.w.org\/{rel}","templated":true}]}}