{"id":280986,"date":"2025-09-18T10:24:49","date_gmt":"2025-09-18T08:24:49","guid":{"rendered":"https:\/\/tuzlainfo.ba\/?p=280986"},"modified":"2025-09-18T10:24:49","modified_gmt":"2025-09-18T08:24:49","slug":"osmanovicu-iz-srebrenika-predlozen-pritvor-zbog-kradje-vozila-u-gracanici","status":"publish","type":"post","link":"https:\/\/tuzlainfo.ba\/index.php\/novosti\/item\/280986-osmanovicu-iz-srebrenika-predlozen-pritvor-zbog-kradje-vozila-u-gracanici\/","title":{"rendered":"Osmanovi\u0107u iz Srebrenika predlo\u017een pritvor zbog kra\u0111e vozila u Gra\u010danici"},"content":{"rendered":"<p><span lang=\"BS-LATN-BA\">Kantonalno tu\u017eila\u0161tvo Tuzlanskog kantona je sudiji za prethodni postupak Op\u0107inskog suda u\u00a0\u00a0Gra\u010danici stavilo prijedlog za odre\u0111ivanje mjere jednomjese\u010dnog\u00a0\u00a0pritvora za Latifa Osmanovi\u0107a (40) iz Srebrenika zbog postojanja osnovane sumnje da je po\u010dinio krivi\u010dno djelo te\u0161ka kra\u0111a, saop\u0161teno je iz KTTK.<\/span><\/p>\n<p><span lang=\"BS-LATN-BA\">\u00a0On je osumnji\u010den da je u no\u0107i 11. septembra 2025. godine u Gra\u010danici, na naro\u010dito drzak na\u010din\u00a0\u00a0otu\u0111io vozilo VW Caddy, koje je bilo u vlasni\u0161tvu jedne firme iz Gra\u010danice. <\/span><\/p>\n<p><span lang=\"BS-LATN-BA\">Vozilo je potom premje\u0161teno na drugu lokaciju, pri \u010demu su uni\u0161teni dokumenti i uklonjene registarske tablice.\u00a0\u00a0<\/span><span lang=\"BS-LATN-BA\">Na ovaj na\u010din pri\u010dinjena je materijalna \u0161teta ovoj firmi u iznosu od oko 12.000 KM, a otu\u0111eno vozilo je prona\u0111eno na podru\u010dju Gra\u010danice.\u00a0<\/span><\/p>\n<p><span lang=\"BS-LATN-BA\">Istra\u017eitelji Odjeljenja kriminalisti\u010dke policije PU Gra\u010danica su,\u00a0\u00a0u saradnji sa Tu\u017eila\u0161tvom,\u00a0\u00a0obavili uvi\u0111aj i poduzeli sve potrebne istra\u017ene radnje u cilju utvr\u0111ivanja identiteta osumnji\u010denog, koji je li\u0161en slobode, obavljena je kriminalisti\u010dka obrada i uz izvje\u0161taj o po\u010dinjenom krivi\u010dnom djelu je predat u nadle\u017enost Tu\u017eila\u0161tva.<\/span><\/p>\n<p><span lang=\"BS-LATN-BA\">Postupaju\u0107i tu\u017eilac je donio naredbu o provo\u0111enju istrage i ispitao osumnji\u010denog. <\/span><span lang=\"BS-LATN-BA\">Radi se o osobi koja je vi\u0161e puta osu\u0111ivana za isto ili druga krivi\u010dna djela iz oblasti imovinskih delikata, saop\u0161teno je.<\/span><\/p>\n","protected":false},"excerpt":{"rendered":"<p>Kantonalno tu\u017eila\u0161tvo Tuzlanskog kantona je sudiji za prethodni postupak Op\u0107inskog suda u\u00a0\u00a0Gra\u010danici stavilo prijedlog za&hellip;<\/p>\n","protected":false},"author":2,"featured_media":61745,"comment_status":"closed","ping_status":"closed","sticky":false,"template":"","format":"standard","meta":{"_acf_changed":false,"footnotes":""},"categories":[304,12],"tags":[5854],"acf":[],"yoast_head":"<!-- This site is optimized with the Yoast SEO plugin v23.5 - https:\/\/yoast.com\/wordpress\/plugins\/seo\/ -->\n<title>Osmanovi\u0107u iz Srebrenika predlo\u017een pritvor zbog kra\u0111e vozila u Gra\u010danici - TuzlaInfo.ba<\/title>\n<meta name=\"robots\" content=\"index, follow, max-snippet:-1, max-image-preview:large, max-video-preview:-1\" \/>\n<link rel=\"canonical\" href=\"https:\/\/tuzlainfo.ba\/index.php\/novosti\/item\/280986-osmanovicu-iz-srebrenika-predlozen-pritvor-zbog-kradje-vozila-u-gracanici\/\" \/>\n<meta property=\"og:locale\" content=\"bs_BA\" \/>\n<meta property=\"og:type\" content=\"article\" \/>\n<meta property=\"og:title\" content=\"Osmanovi\u0107u iz Srebrenika predlo\u017een pritvor zbog kra\u0111e vozila u Gra\u010danici - TuzlaInfo.ba\" \/>\n<meta property=\"og:description\" content=\"Kantonalno tu\u017eila\u0161tvo Tuzlanskog kantona je sudiji za prethodni postupak Op\u0107inskog suda u\u00a0\u00a0Gra\u010danici stavilo prijedlog za&hellip;\" \/>\n<meta property=\"og:url\" content=\"https:\/\/tuzlainfo.ba\/index.php\/novosti\/item\/280986-osmanovicu-iz-srebrenika-predlozen-pritvor-zbog-kradje-vozila-u-gracanici\/\" \/>\n<meta property=\"og:site_name\" content=\"TuzlaInfo.ba\" \/>\n<meta property=\"article:publisher\" content=\"https:\/\/www.facebook.com\/tuzlainfo.ba\/\" \/>\n<meta property=\"article:published_time\" content=\"2025-09-18T08:24:49+00:00\" \/>\n<meta property=\"og:image\" content=\"https:\/\/tuzlainfo.ba\/wp-content\/uploads\/2018\/05\/sadrzaj_2016_2016-crna_0101_lisice_770.jpg\" \/>\n\t<meta property=\"og:image:width\" content=\"770\" \/>\n\t<meta property=\"og:image:height\" content=\"513\" \/>\n\t<meta property=\"og:image:type\" content=\"image\/jpeg\" \/>\n<meta name=\"author\" content=\"nedim\" \/>\n<meta name=\"twitter:card\" content=\"summary_large_image\" \/>\n<meta name=\"twitter:label1\" content=\"Written by\" \/>\n\t<meta name=\"twitter:data1\" content=\"nedim\" \/>\n\t<meta name=\"twitter:label2\" content=\"Est. reading time\" \/>\n\t<meta name=\"twitter:data2\" content=\"2 minute\" \/>\n<script type=\"application\/ld+json\" class=\"yoast-schema-graph\">{\"@context\":\"https:\/\/schema.org\",\"@graph\":[{\"@type\":\"Article\",\"@id\":\"https:\/\/tuzlainfo.ba\/index.php\/novosti\/item\/280986-osmanovicu-iz-srebrenika-predlozen-pritvor-zbog-kradje-vozila-u-gracanici\/#article\",\"isPartOf\":{\"@id\":\"https:\/\/tuzlainfo.ba\/index.php\/novosti\/item\/280986-osmanovicu-iz-srebrenika-predlozen-pritvor-zbog-kradje-vozila-u-gracanici\/\"},\"author\":{\"name\":\"nedim\",\"@id\":\"https:\/\/tuzlainfo.ba\/#\/schema\/person\/f434e20dc27ea133923aab08451b7f7f\"},\"headline\":\"Osmanovi\u0107u iz Srebrenika predlo\u017een pritvor zbog kra\u0111e vozila u Gra\u010danici\",\"datePublished\":\"2025-09-18T08:24:49+00:00\",\"dateModified\":\"2025-09-18T08:24:49+00:00\",\"mainEntityOfPage\":{\"@id\":\"https:\/\/tuzlainfo.ba\/index.php\/novosti\/item\/280986-osmanovicu-iz-srebrenika-predlozen-pritvor-zbog-kradje-vozila-u-gracanici\/\"},\"wordCount\":249,\"publisher\":{\"@id\":\"https:\/\/tuzlainfo.ba\/#organization\"},\"image\":{\"@id\":\"https:\/\/tuzlainfo.ba\/index.php\/novosti\/item\/280986-osmanovicu-iz-srebrenika-predlozen-pritvor-zbog-kradje-vozila-u-gracanici\/#primaryimage\"},\"thumbnailUrl\":\"https:\/\/tuzlainfo.ba\/wp-content\/uploads\/2018\/05\/sadrzaj_2016_2016-crna_0101_lisice_770.jpg\",\"keywords\":[\"kantonalno tu\u017eila\u0161tvo tk\"],\"articleSection\":[\"Istaknuto\",\"Novosti\"],\"inLanguage\":\"bs-BA\"},{\"@type\":\"WebPage\",\"@id\":\"https:\/\/tuzlainfo.ba\/index.php\/novosti\/item\/280986-osmanovicu-iz-srebrenika-predlozen-pritvor-zbog-kradje-vozila-u-gracanici\/\",\"url\":\"https:\/\/tuzlainfo.ba\/index.php\/novosti\/item\/280986-osmanovicu-iz-srebrenika-predlozen-pritvor-zbog-kradje-vozila-u-gracanici\/\",\"name\":\"Osmanovi\u0107u iz Srebrenika predlo\u017een pritvor zbog kra\u0111e vozila u Gra\u010danici - TuzlaInfo.ba\",\"isPartOf\":{\"@id\":\"https:\/\/tuzlainfo.ba\/#website\"},\"primaryImageOfPage\":{\"@id\":\"https:\/\/tuzlainfo.ba\/index.php\/novosti\/item\/280986-osmanovicu-iz-srebrenika-predlozen-pritvor-zbog-kradje-vozila-u-gracanici\/#primaryimage\"},\"image\":{\"@id\":\"https:\/\/tuzlainfo.ba\/index.php\/novosti\/item\/280986-osmanovicu-iz-srebrenika-predlozen-pritvor-zbog-kradje-vozila-u-gracanici\/#primaryimage\"},\"thumbnailUrl\":\"https:\/\/tuzlainfo.ba\/wp-content\/uploads\/2018\/05\/sadrzaj_2016_2016-crna_0101_lisice_770.jpg\",\"datePublished\":\"2025-09-18T08:24:49+00:00\",\"dateModified\":\"2025-09-18T08:24:49+00:00\",\"breadcrumb\":{\"@id\":\"https:\/\/tuzlainfo.ba\/index.php\/novosti\/item\/280986-osmanovicu-iz-srebrenika-predlozen-pritvor-zbog-kradje-vozila-u-gracanici\/#breadcrumb\"},\"inLanguage\":\"bs-BA\",\"potentialAction\":[{\"@type\":\"ReadAction\",\"target\":[\"https:\/\/tuzlainfo.ba\/index.php\/novosti\/item\/280986-osmanovicu-iz-srebrenika-predlozen-pritvor-zbog-kradje-vozila-u-gracanici\/\"]}]},{\"@type\":\"ImageObject\",\"inLanguage\":\"bs-BA\",\"@id\":\"https:\/\/tuzlainfo.ba\/index.php\/novosti\/item\/280986-osmanovicu-iz-srebrenika-predlozen-pritvor-zbog-kradje-vozila-u-gracanici\/#primaryimage\",\"url\":\"https:\/\/tuzlainfo.ba\/wp-content\/uploads\/2018\/05\/sadrzaj_2016_2016-crna_0101_lisice_770.jpg\",\"contentUrl\":\"https:\/\/tuzlainfo.ba\/wp-content\/uploads\/2018\/05\/sadrzaj_2016_2016-crna_0101_lisice_770.jpg\",\"width\":770,\"height\":513,\"caption\":\"0101 lisice 770\"},{\"@type\":\"BreadcrumbList\",\"@id\":\"https:\/\/tuzlainfo.ba\/index.php\/novosti\/item\/280986-osmanovicu-iz-srebrenika-predlozen-pritvor-zbog-kradje-vozila-u-gracanici\/#breadcrumb\",\"itemListElement\":[{\"@type\":\"ListItem\",\"position\":1,\"name\":\"Home\",\"item\":\"https:\/\/tuzlainfo.ba\/\"},{\"@type\":\"ListItem\",\"position\":2,\"name\":\"Osmanovi\u0107u iz Srebrenika predlo\u017een pritvor zbog kra\u0111e vozila u Gra\u010danici\"}]},{\"@type\":\"WebSite\",\"@id\":\"https:\/\/tuzlainfo.ba\/#website\",\"url\":\"https:\/\/tuzlainfo.ba\/\",\"name\":\"TuzlaInfo.ba\",\"description\":\"Tuzla info, gradski informator - Tuzla na dlanu\",\"publisher\":{\"@id\":\"https:\/\/tuzlainfo.ba\/#organization\"},\"potentialAction\":[{\"@type\":\"SearchAction\",\"target\":{\"@type\":\"EntryPoint\",\"urlTemplate\":\"https:\/\/tuzlainfo.ba\/?s={search_term_string}\"},\"query-input\":{\"@type\":\"PropertyValueSpecification\",\"valueRequired\":true,\"valueName\":\"search_term_string\"}}],\"inLanguage\":\"bs-BA\"},{\"@type\":\"Organization\",\"@id\":\"https:\/\/tuzlainfo.ba\/#organization\",\"name\":\"TuzlaInfo.ba\",\"url\":\"https:\/\/tuzlainfo.ba\/\",\"logo\":{\"@type\":\"ImageObject\",\"inLanguage\":\"bs-BA\",\"@id\":\"https:\/\/tuzlainfo.ba\/#\/schema\/logo\/image\/\",\"url\":\"https:\/\/tuzlainfo.ba\/wp-content\/uploads\/2021\/03\/logo-ver-3-1.png\",\"contentUrl\":\"https:\/\/tuzlainfo.ba\/wp-content\/uploads\/2021\/03\/logo-ver-3-1.png\",\"width\":350,\"height\":95,\"caption\":\"TuzlaInfo.ba\"},\"image\":{\"@id\":\"https:\/\/tuzlainfo.ba\/#\/schema\/logo\/image\/\"},\"sameAs\":[\"https:\/\/www.facebook.com\/tuzlainfo.ba\/\"]},{\"@type\":\"Person\",\"@id\":\"https:\/\/tuzlainfo.ba\/#\/schema\/person\/f434e20dc27ea133923aab08451b7f7f\",\"name\":\"nedim\",\"image\":{\"@type\":\"ImageObject\",\"inLanguage\":\"bs-BA\",\"@id\":\"https:\/\/tuzlainfo.ba\/#\/schema\/person\/image\/\",\"url\":\"https:\/\/tuzlainfo.ba\/wp-content\/litespeed\/avatar\/aabad687af24844af817603ac1cbdc4f.jpg?ver=1777306975\",\"contentUrl\":\"https:\/\/tuzlainfo.ba\/wp-content\/litespeed\/avatar\/aabad687af24844af817603ac1cbdc4f.jpg?ver=1777306975\",\"caption\":\"nedim\"},\"description\":\"Tuzlainfo.ba pratite na dru\u0161tvenim mre\u017eama: Facebook, Instagram i Youtube. Svoje pri\u010de, upite i fotografije \u0161aljite na na\u0161u e-mail adresu.\"}]}<\/script>\n<!-- \/ Yoast SEO plugin. -->","yoast_head_json":{"title":"Osmanovi\u0107u iz Srebrenika predlo\u017een pritvor zbog kra\u0111e vozila u Gra\u010danici - TuzlaInfo.ba","robots":{"index":"index","follow":"follow","max-snippet":"max-snippet:-1","max-image-preview":"max-image-preview:large","max-video-preview":"max-video-preview:-1"},"canonical":"https:\/\/tuzlainfo.ba\/index.php\/novosti\/item\/280986-osmanovicu-iz-srebrenika-predlozen-pritvor-zbog-kradje-vozila-u-gracanici\/","og_locale":"bs_BA","og_type":"article","og_title":"Osmanovi\u0107u iz Srebrenika predlo\u017een pritvor zbog kra\u0111e vozila u Gra\u010danici - TuzlaInfo.ba","og_description":"Kantonalno tu\u017eila\u0161tvo Tuzlanskog kantona je sudiji za prethodni postupak Op\u0107inskog suda u\u00a0\u00a0Gra\u010danici stavilo prijedlog za&hellip;","og_url":"https:\/\/tuzlainfo.ba\/index.php\/novosti\/item\/280986-osmanovicu-iz-srebrenika-predlozen-pritvor-zbog-kradje-vozila-u-gracanici\/","og_site_name":"TuzlaInfo.ba","article_publisher":"https:\/\/www.facebook.com\/tuzlainfo.ba\/","article_published_time":"2025-09-18T08:24:49+00:00","og_image":[{"width":770,"height":513,"url":"https:\/\/tuzlainfo.ba\/wp-content\/uploads\/2018\/05\/sadrzaj_2016_2016-crna_0101_lisice_770.jpg","type":"image\/jpeg"}],"author":"nedim","twitter_card":"summary_large_image","twitter_misc":{"Written by":"nedim","Est. reading time":"2 minute"},"schema":{"@context":"https:\/\/schema.org","@graph":[{"@type":"Article","@id":"https:\/\/tuzlainfo.ba\/index.php\/novosti\/item\/280986-osmanovicu-iz-srebrenika-predlozen-pritvor-zbog-kradje-vozila-u-gracanici\/#article","isPartOf":{"@id":"https:\/\/tuzlainfo.ba\/index.php\/novosti\/item\/280986-osmanovicu-iz-srebrenika-predlozen-pritvor-zbog-kradje-vozila-u-gracanici\/"},"author":{"name":"nedim","@id":"https:\/\/tuzlainfo.ba\/#\/schema\/person\/f434e20dc27ea133923aab08451b7f7f"},"headline":"Osmanovi\u0107u iz Srebrenika predlo\u017een pritvor zbog kra\u0111e vozila u Gra\u010danici","datePublished":"2025-09-18T08:24:49+00:00","dateModified":"2025-09-18T08:24:49+00:00","mainEntityOfPage":{"@id":"https:\/\/tuzlainfo.ba\/index.php\/novosti\/item\/280986-osmanovicu-iz-srebrenika-predlozen-pritvor-zbog-kradje-vozila-u-gracanici\/"},"wordCount":249,"publisher":{"@id":"https:\/\/tuzlainfo.ba\/#organization"},"image":{"@id":"https:\/\/tuzlainfo.ba\/index.php\/novosti\/item\/280986-osmanovicu-iz-srebrenika-predlozen-pritvor-zbog-kradje-vozila-u-gracanici\/#primaryimage"},"thumbnailUrl":"https:\/\/tuzlainfo.ba\/wp-content\/uploads\/2018\/05\/sadrzaj_2016_2016-crna_0101_lisice_770.jpg","keywords":["kantonalno tu\u017eila\u0161tvo tk"],"articleSection":["Istaknuto","Novosti"],"inLanguage":"bs-BA"},{"@type":"WebPage","@id":"https:\/\/tuzlainfo.ba\/index.php\/novosti\/item\/280986-osmanovicu-iz-srebrenika-predlozen-pritvor-zbog-kradje-vozila-u-gracanici\/","url":"https:\/\/tuzlainfo.ba\/index.php\/novosti\/item\/280986-osmanovicu-iz-srebrenika-predlozen-pritvor-zbog-kradje-vozila-u-gracanici\/","name":"Osmanovi\u0107u iz Srebrenika predlo\u017een pritvor zbog kra\u0111e vozila u Gra\u010danici - TuzlaInfo.ba","isPartOf":{"@id":"https:\/\/tuzlainfo.ba\/#website"},"primaryImageOfPage":{"@id":"https:\/\/tuzlainfo.ba\/index.php\/novosti\/item\/280986-osmanovicu-iz-srebrenika-predlozen-pritvor-zbog-kradje-vozila-u-gracanici\/#primaryimage"},"image":{"@id":"https:\/\/tuzlainfo.ba\/index.php\/novosti\/item\/280986-osmanovicu-iz-srebrenika-predlozen-pritvor-zbog-kradje-vozila-u-gracanici\/#primaryimage"},"thumbnailUrl":"https:\/\/tuzlainfo.ba\/wp-content\/uploads\/2018\/05\/sadrzaj_2016_2016-crna_0101_lisice_770.jpg","datePublished":"2025-09-18T08:24:49+00:00","dateModified":"2025-09-18T08:24:49+00:00","breadcrumb":{"@id":"https:\/\/tuzlainfo.ba\/index.php\/novosti\/item\/280986-osmanovicu-iz-srebrenika-predlozen-pritvor-zbog-kradje-vozila-u-gracanici\/#breadcrumb"},"inLanguage":"bs-BA","potentialAction":[{"@type":"ReadAction","target":["https:\/\/tuzlainfo.ba\/index.php\/novosti\/item\/280986-osmanovicu-iz-srebrenika-predlozen-pritvor-zbog-kradje-vozila-u-gracanici\/"]}]},{"@type":"ImageObject","inLanguage":"bs-BA","@id":"https:\/\/tuzlainfo.ba\/index.php\/novosti\/item\/280986-osmanovicu-iz-srebrenika-predlozen-pritvor-zbog-kradje-vozila-u-gracanici\/#primaryimage","url":"https:\/\/tuzlainfo.ba\/wp-content\/uploads\/2018\/05\/sadrzaj_2016_2016-crna_0101_lisice_770.jpg","contentUrl":"https:\/\/tuzlainfo.ba\/wp-content\/uploads\/2018\/05\/sadrzaj_2016_2016-crna_0101_lisice_770.jpg","width":770,"height":513,"caption":"0101 lisice 770"},{"@type":"BreadcrumbList","@id":"https:\/\/tuzlainfo.ba\/index.php\/novosti\/item\/280986-osmanovicu-iz-srebrenika-predlozen-pritvor-zbog-kradje-vozila-u-gracanici\/#breadcrumb","itemListElement":[{"@type":"ListItem","position":1,"name":"Home","item":"https:\/\/tuzlainfo.ba\/"},{"@type":"ListItem","position":2,"name":"Osmanovi\u0107u iz Srebrenika predlo\u017een pritvor zbog kra\u0111e vozila u Gra\u010danici"}]},{"@type":"WebSite","@id":"https:\/\/tuzlainfo.ba\/#website","url":"https:\/\/tuzlainfo.ba\/","name":"TuzlaInfo.ba","description":"Tuzla info, gradski informator - Tuzla na dlanu","publisher":{"@id":"https:\/\/tuzlainfo.ba\/#organization"},"potentialAction":[{"@type":"SearchAction","target":{"@type":"EntryPoint","urlTemplate":"https:\/\/tuzlainfo.ba\/?s={search_term_string}"},"query-input":{"@type":"PropertyValueSpecification","valueRequired":true,"valueName":"search_term_string"}}],"inLanguage":"bs-BA"},{"@type":"Organization","@id":"https:\/\/tuzlainfo.ba\/#organization","name":"TuzlaInfo.ba","url":"https:\/\/tuzlainfo.ba\/","logo":{"@type":"ImageObject","inLanguage":"bs-BA","@id":"https:\/\/tuzlainfo.ba\/#\/schema\/logo\/image\/","url":"https:\/\/tuzlainfo.ba\/wp-content\/uploads\/2021\/03\/logo-ver-3-1.png","contentUrl":"https:\/\/tuzlainfo.ba\/wp-content\/uploads\/2021\/03\/logo-ver-3-1.png","width":350,"height":95,"caption":"TuzlaInfo.ba"},"image":{"@id":"https:\/\/tuzlainfo.ba\/#\/schema\/logo\/image\/"},"sameAs":["https:\/\/www.facebook.com\/tuzlainfo.ba\/"]},{"@type":"Person","@id":"https:\/\/tuzlainfo.ba\/#\/schema\/person\/f434e20dc27ea133923aab08451b7f7f","name":"nedim","image":{"@type":"ImageObject","inLanguage":"bs-BA","@id":"https:\/\/tuzlainfo.ba\/#\/schema\/person\/image\/","url":"https:\/\/tuzlainfo.ba\/wp-content\/litespeed\/avatar\/aabad687af24844af817603ac1cbdc4f.jpg?ver=1777306975","contentUrl":"https:\/\/tuzlainfo.ba\/wp-content\/litespeed\/avatar\/aabad687af24844af817603ac1cbdc4f.jpg?ver=1777306975","caption":"nedim"},"description":"Tuzlainfo.ba pratite na dru\u0161tvenim mre\u017eama: Facebook, Instagram i Youtube. Svoje pri\u010de, upite i fotografije \u0161aljite na na\u0161u e-mail adresu."}]}},"_links":{"self":[{"href":"https:\/\/tuzlainfo.ba\/index.php\/wp-json\/wp\/v2\/posts\/280986"}],"collection":[{"href":"https:\/\/tuzlainfo.ba\/index.php\/wp-json\/wp\/v2\/posts"}],"about":[{"href":"https:\/\/tuzlainfo.ba\/index.php\/wp-json\/wp\/v2\/types\/post"}],"author":[{"embeddable":true,"href":"https:\/\/tuzlainfo.ba\/index.php\/wp-json\/wp\/v2\/users\/2"}],"replies":[{"embeddable":true,"href":"https:\/\/tuzlainfo.ba\/index.php\/wp-json\/wp\/v2\/comments?post=280986"}],"version-history":[{"count":1,"href":"https:\/\/tuzlainfo.ba\/index.php\/wp-json\/wp\/v2\/posts\/280986\/revisions"}],"predecessor-version":[{"id":280987,"href":"https:\/\/tuzlainfo.ba\/index.php\/wp-json\/wp\/v2\/posts\/280986\/revisions\/280987"}],"wp:featuredmedia":[{"embeddable":true,"href":"https:\/\/tuzlainfo.ba\/index.php\/wp-json\/wp\/v2\/media\/61745"}],"wp:attachment":[{"href":"https:\/\/tuzlainfo.ba\/index.php\/wp-json\/wp\/v2\/media?parent=280986"}],"wp:term":[{"taxonomy":"category","embeddable":true,"href":"https:\/\/tuzlainfo.ba\/index.php\/wp-json\/wp\/v2\/categories?post=280986"},{"taxonomy":"post_tag","embeddable":true,"href":"https:\/\/tuzlainfo.ba\/index.php\/wp-json\/wp\/v2\/tags?post=280986"}],"curies":[{"name":"wp","href":"https:\/\/api.w.org\/{rel}","templated":true}]}}