{"id":280896,"date":"2025-09-17T14:34:40","date_gmt":"2025-09-17T12:34:40","guid":{"rendered":"https:\/\/tuzlainfo.ba\/?p=280896"},"modified":"2025-09-17T14:16:37","modified_gmt":"2025-09-17T12:16:37","slug":"u-snsd-u-uvjereni-najava-odluke-ustavnog-suda-rs-a-nece-zaustaviti-referendum","status":"publish","type":"post","link":"https:\/\/tuzlainfo.ba\/index.php\/bosna-i-hercegovina\/item\/280896-u-snsd-u-uvjereni-najava-odluke-ustavnog-suda-rs-a-nece-zaustaviti-referendum\/","title":{"rendered":"U SNSD-u uvjereni: Najava odluke Ustavnog suda RS-a ne\u0107e zaustaviti referendum"},"content":{"rendered":"<p>Odbor za ustavna pitanja Narodne skup\u0161tine RS-a usvojio je odgovore Ustavnom sudu RS-a u vezi sa zahtjevima za ocjenu ustavnosti zakona o referendumu i odluci o njegovom raspisivanju. U odboru smatraju da navodi Kluba delegata bo\u0161nja\u010dkog naroda u Vije\u0107u naroda nisu utemeljeni na Ustavu i da, kako isti\u010du, \u201enije povrije\u0111en vitalni nacionalni interes nijednog konstitutivnog naroda\u201c.<\/p>\n<p>\u010clan odbora Mladen Ili\u0107 (SNSD) naveo je da je odluka donesena jednoglasno, ali uz izostanak opozicionih zastupnika koji ve\u0107 neko vrijeme ne prisustvuju sjednicama. On tvrdi da Bo\u0161njaci ne osporavaju samu pravnu materiju, nego zakonska rje\u0161enja koja im se ne dopadaju.<br \/>\n\u2013 Bilo koje zakonsko rje\u0161enje koje pro\u0111e NSRS, oni ne gledaju meritum zakona. Zanima ih samo politika, a njihova jedina mogu\u0107nost je pokretanje veta i u vi\u0161e od 90 posto slu\u010dajeva to se odbija \u2013 izjavio je Ili\u0107, ocijeniv\u0161i da je krajnji cilj odugovla\u010denje procedura.<\/p>\n<p>Uprkos tome \u0161to je Ustavni sud RS-a najavio odluku o zahtjevu Kluba Bo\u0161njaka u narednih mjesec dana, u SNSD-u poru\u010duju da to ne\u0107e zaustaviti odr\u017eavanje referenduma zakazanog za 25. oktobar.<br \/>\n\u2013 Vladaju\u0107a ve\u0107ina \u0107e uraditi sve da se referendum odr\u017ei planiranog datuma. O\u010dekujemo sjednicu NSRS-a u narednih 15 dana na kojoj \u0107e biti imenovana komisija za sprovo\u0111enje referenduma \u2013 dodao je Ili\u0107.<\/p>\n<p>Spornim zakonom predvi\u0111eno je da referendum u RS-u mo\u017ee provesti ad hoc komisija, a na glasa\u010dkom listi\u0107u 25. oktobra trebalo bi da se na\u0111e pitanje o prihvatanju odluka visokog predstavnika Christiana Schmidta, presuda Suda BiH i odluke CIK-a o oduzimanju mandata predsjedniku RS-a Miloradu Dodiku.<\/p>\n","protected":false},"excerpt":{"rendered":"<p>Odbor za ustavna pitanja Narodne skup\u0161tine RS-a usvojio je odgovore Ustavnom sudu RS-a u vezi&hellip;<\/p>\n","protected":false},"author":8,"featured_media":202947,"comment_status":"closed","ping_status":"closed","sticky":false,"template":"","format":"standard","meta":{"_acf_changed":false,"footnotes":""},"categories":[291],"tags":[12597],"acf":[],"yoast_head":"<!-- This site is optimized with the Yoast SEO plugin v23.5 - https:\/\/yoast.com\/wordpress\/plugins\/seo\/ -->\n<title>U SNSD-u uvjereni: Najava odluke Ustavnog suda RS-a ne\u0107e zaustaviti referendum - TuzlaInfo.ba<\/title>\n<meta name=\"robots\" content=\"index, follow, max-snippet:-1, max-image-preview:large, max-video-preview:-1\" \/>\n<link rel=\"canonical\" href=\"https:\/\/tuzlainfo.ba\/index.php\/bosna-i-hercegovina\/item\/280896-u-snsd-u-uvjereni-najava-odluke-ustavnog-suda-rs-a-nece-zaustaviti-referendum\/\" \/>\n<meta property=\"og:locale\" content=\"bs_BA\" \/>\n<meta property=\"og:type\" content=\"article\" \/>\n<meta property=\"og:title\" content=\"U SNSD-u uvjereni: Najava odluke Ustavnog suda RS-a ne\u0107e zaustaviti referendum - TuzlaInfo.ba\" \/>\n<meta property=\"og:description\" content=\"Odbor za ustavna pitanja Narodne skup\u0161tine RS-a usvojio je odgovore Ustavnom sudu RS-a u vezi&hellip;\" \/>\n<meta property=\"og:url\" content=\"https:\/\/tuzlainfo.ba\/index.php\/bosna-i-hercegovina\/item\/280896-u-snsd-u-uvjereni-najava-odluke-ustavnog-suda-rs-a-nece-zaustaviti-referendum\/\" \/>\n<meta property=\"og:site_name\" content=\"TuzlaInfo.ba\" \/>\n<meta property=\"article:publisher\" content=\"https:\/\/www.facebook.com\/tuzlainfo.ba\/\" \/>\n<meta property=\"article:published_time\" content=\"2025-09-17T12:34:40+00:00\" \/>\n<meta property=\"article:modified_time\" content=\"2025-09-17T12:16:37+00:00\" \/>\n<meta property=\"og:image\" content=\"https:\/\/tuzlainfo.ba\/wp-content\/uploads\/2023\/04\/2404_snsd_koalicija.jpg\" \/>\n\t<meta property=\"og:image:width\" content=\"796\" \/>\n\t<meta property=\"og:image:height\" content=\"490\" \/>\n\t<meta property=\"og:image:type\" content=\"image\/jpeg\" \/>\n<meta name=\"author\" content=\"Admin Tri\" \/>\n<meta name=\"twitter:card\" content=\"summary_large_image\" \/>\n<meta name=\"twitter:label1\" content=\"Written by\" \/>\n\t<meta name=\"twitter:data1\" content=\"Admin Tri\" \/>\n\t<meta name=\"twitter:label2\" content=\"Est. reading time\" \/>\n\t<meta name=\"twitter:data2\" content=\"2 minute\" \/>\n<script type=\"application\/ld+json\" class=\"yoast-schema-graph\">{\"@context\":\"https:\/\/schema.org\",\"@graph\":[{\"@type\":\"Article\",\"@id\":\"https:\/\/tuzlainfo.ba\/index.php\/bosna-i-hercegovina\/item\/280896-u-snsd-u-uvjereni-najava-odluke-ustavnog-suda-rs-a-nece-zaustaviti-referendum\/#article\",\"isPartOf\":{\"@id\":\"https:\/\/tuzlainfo.ba\/index.php\/bosna-i-hercegovina\/item\/280896-u-snsd-u-uvjereni-najava-odluke-ustavnog-suda-rs-a-nece-zaustaviti-referendum\/\"},\"author\":{\"name\":\"Admin Tri\",\"@id\":\"https:\/\/tuzlainfo.ba\/#\/schema\/person\/593e78a2f6378c5ba3e7600ecfa4e63a\"},\"headline\":\"U SNSD-u uvjereni: Najava odluke Ustavnog suda RS-a ne\u0107e zaustaviti referendum\",\"datePublished\":\"2025-09-17T12:34:40+00:00\",\"dateModified\":\"2025-09-17T12:16:37+00:00\",\"mainEntityOfPage\":{\"@id\":\"https:\/\/tuzlainfo.ba\/index.php\/bosna-i-hercegovina\/item\/280896-u-snsd-u-uvjereni-najava-odluke-ustavnog-suda-rs-a-nece-zaustaviti-referendum\/\"},\"wordCount\":282,\"publisher\":{\"@id\":\"https:\/\/tuzlainfo.ba\/#organization\"},\"image\":{\"@id\":\"https:\/\/tuzlainfo.ba\/index.php\/bosna-i-hercegovina\/item\/280896-u-snsd-u-uvjereni-najava-odluke-ustavnog-suda-rs-a-nece-zaustaviti-referendum\/#primaryimage\"},\"thumbnailUrl\":\"https:\/\/tuzlainfo.ba\/wp-content\/uploads\/2023\/04\/2404_snsd_koalicija.jpg\",\"keywords\":[\"referendum\"],\"articleSection\":[\"Bosna i Hercegovina\"],\"inLanguage\":\"bs-BA\"},{\"@type\":\"WebPage\",\"@id\":\"https:\/\/tuzlainfo.ba\/index.php\/bosna-i-hercegovina\/item\/280896-u-snsd-u-uvjereni-najava-odluke-ustavnog-suda-rs-a-nece-zaustaviti-referendum\/\",\"url\":\"https:\/\/tuzlainfo.ba\/index.php\/bosna-i-hercegovina\/item\/280896-u-snsd-u-uvjereni-najava-odluke-ustavnog-suda-rs-a-nece-zaustaviti-referendum\/\",\"name\":\"U SNSD-u uvjereni: Najava odluke Ustavnog suda RS-a ne\u0107e zaustaviti referendum - TuzlaInfo.ba\",\"isPartOf\":{\"@id\":\"https:\/\/tuzlainfo.ba\/#website\"},\"primaryImageOfPage\":{\"@id\":\"https:\/\/tuzlainfo.ba\/index.php\/bosna-i-hercegovina\/item\/280896-u-snsd-u-uvjereni-najava-odluke-ustavnog-suda-rs-a-nece-zaustaviti-referendum\/#primaryimage\"},\"image\":{\"@id\":\"https:\/\/tuzlainfo.ba\/index.php\/bosna-i-hercegovina\/item\/280896-u-snsd-u-uvjereni-najava-odluke-ustavnog-suda-rs-a-nece-zaustaviti-referendum\/#primaryimage\"},\"thumbnailUrl\":\"https:\/\/tuzlainfo.ba\/wp-content\/uploads\/2023\/04\/2404_snsd_koalicija.jpg\",\"datePublished\":\"2025-09-17T12:34:40+00:00\",\"dateModified\":\"2025-09-17T12:16:37+00:00\",\"breadcrumb\":{\"@id\":\"https:\/\/tuzlainfo.ba\/index.php\/bosna-i-hercegovina\/item\/280896-u-snsd-u-uvjereni-najava-odluke-ustavnog-suda-rs-a-nece-zaustaviti-referendum\/#breadcrumb\"},\"inLanguage\":\"bs-BA\",\"potentialAction\":[{\"@type\":\"ReadAction\",\"target\":[\"https:\/\/tuzlainfo.ba\/index.php\/bosna-i-hercegovina\/item\/280896-u-snsd-u-uvjereni-najava-odluke-ustavnog-suda-rs-a-nece-zaustaviti-referendum\/\"]}]},{\"@type\":\"ImageObject\",\"inLanguage\":\"bs-BA\",\"@id\":\"https:\/\/tuzlainfo.ba\/index.php\/bosna-i-hercegovina\/item\/280896-u-snsd-u-uvjereni-najava-odluke-ustavnog-suda-rs-a-nece-zaustaviti-referendum\/#primaryimage\",\"url\":\"https:\/\/tuzlainfo.ba\/wp-content\/uploads\/2023\/04\/2404_snsd_koalicija.jpg\",\"contentUrl\":\"https:\/\/tuzlainfo.ba\/wp-content\/uploads\/2023\/04\/2404_snsd_koalicija.jpg\",\"width\":796,\"height\":490,\"caption\":\"Foto: Arhiva\"},{\"@type\":\"BreadcrumbList\",\"@id\":\"https:\/\/tuzlainfo.ba\/index.php\/bosna-i-hercegovina\/item\/280896-u-snsd-u-uvjereni-najava-odluke-ustavnog-suda-rs-a-nece-zaustaviti-referendum\/#breadcrumb\",\"itemListElement\":[{\"@type\":\"ListItem\",\"position\":1,\"name\":\"Home\",\"item\":\"https:\/\/tuzlainfo.ba\/\"},{\"@type\":\"ListItem\",\"position\":2,\"name\":\"U SNSD-u uvjereni: Najava odluke Ustavnog suda RS-a ne\u0107e zaustaviti referendum\"}]},{\"@type\":\"WebSite\",\"@id\":\"https:\/\/tuzlainfo.ba\/#website\",\"url\":\"https:\/\/tuzlainfo.ba\/\",\"name\":\"TuzlaInfo.ba\",\"description\":\"Tuzla info, gradski informator - Tuzla na dlanu\",\"publisher\":{\"@id\":\"https:\/\/tuzlainfo.ba\/#organization\"},\"potentialAction\":[{\"@type\":\"SearchAction\",\"target\":{\"@type\":\"EntryPoint\",\"urlTemplate\":\"https:\/\/tuzlainfo.ba\/?s={search_term_string}\"},\"query-input\":{\"@type\":\"PropertyValueSpecification\",\"valueRequired\":true,\"valueName\":\"search_term_string\"}}],\"inLanguage\":\"bs-BA\"},{\"@type\":\"Organization\",\"@id\":\"https:\/\/tuzlainfo.ba\/#organization\",\"name\":\"TuzlaInfo.ba\",\"url\":\"https:\/\/tuzlainfo.ba\/\",\"logo\":{\"@type\":\"ImageObject\",\"inLanguage\":\"bs-BA\",\"@id\":\"https:\/\/tuzlainfo.ba\/#\/schema\/logo\/image\/\",\"url\":\"https:\/\/tuzlainfo.ba\/wp-content\/uploads\/2021\/03\/logo-ver-3-1.png\",\"contentUrl\":\"https:\/\/tuzlainfo.ba\/wp-content\/uploads\/2021\/03\/logo-ver-3-1.png\",\"width\":350,\"height\":95,\"caption\":\"TuzlaInfo.ba\"},\"image\":{\"@id\":\"https:\/\/tuzlainfo.ba\/#\/schema\/logo\/image\/\"},\"sameAs\":[\"https:\/\/www.facebook.com\/tuzlainfo.ba\/\"]},{\"@type\":\"Person\",\"@id\":\"https:\/\/tuzlainfo.ba\/#\/schema\/person\/593e78a2f6378c5ba3e7600ecfa4e63a\",\"name\":\"Admin Tri\",\"image\":{\"@type\":\"ImageObject\",\"inLanguage\":\"bs-BA\",\"@id\":\"https:\/\/tuzlainfo.ba\/#\/schema\/person\/image\/\",\"url\":\"https:\/\/tuzlainfo.ba\/wp-content\/litespeed\/avatar\/b7920db4cc34a71ad12497283ad2fe3f.jpg?ver=1777100914\",\"contentUrl\":\"https:\/\/tuzlainfo.ba\/wp-content\/litespeed\/avatar\/b7920db4cc34a71ad12497283ad2fe3f.jpg?ver=1777100914\",\"caption\":\"Admin Tri\"},\"sameAs\":[\"https:\/\/tuzlainfo.ba\"]}]}<\/script>\n<!-- \/ Yoast SEO plugin. -->","yoast_head_json":{"title":"U SNSD-u uvjereni: Najava odluke Ustavnog suda RS-a ne\u0107e zaustaviti referendum - TuzlaInfo.ba","robots":{"index":"index","follow":"follow","max-snippet":"max-snippet:-1","max-image-preview":"max-image-preview:large","max-video-preview":"max-video-preview:-1"},"canonical":"https:\/\/tuzlainfo.ba\/index.php\/bosna-i-hercegovina\/item\/280896-u-snsd-u-uvjereni-najava-odluke-ustavnog-suda-rs-a-nece-zaustaviti-referendum\/","og_locale":"bs_BA","og_type":"article","og_title":"U SNSD-u uvjereni: Najava odluke Ustavnog suda RS-a ne\u0107e zaustaviti referendum - TuzlaInfo.ba","og_description":"Odbor za ustavna pitanja Narodne skup\u0161tine RS-a usvojio je odgovore Ustavnom sudu RS-a u vezi&hellip;","og_url":"https:\/\/tuzlainfo.ba\/index.php\/bosna-i-hercegovina\/item\/280896-u-snsd-u-uvjereni-najava-odluke-ustavnog-suda-rs-a-nece-zaustaviti-referendum\/","og_site_name":"TuzlaInfo.ba","article_publisher":"https:\/\/www.facebook.com\/tuzlainfo.ba\/","article_published_time":"2025-09-17T12:34:40+00:00","article_modified_time":"2025-09-17T12:16:37+00:00","og_image":[{"width":796,"height":490,"url":"https:\/\/tuzlainfo.ba\/wp-content\/uploads\/2023\/04\/2404_snsd_koalicija.jpg","type":"image\/jpeg"}],"author":"Admin Tri","twitter_card":"summary_large_image","twitter_misc":{"Written by":"Admin Tri","Est. reading time":"2 minute"},"schema":{"@context":"https:\/\/schema.org","@graph":[{"@type":"Article","@id":"https:\/\/tuzlainfo.ba\/index.php\/bosna-i-hercegovina\/item\/280896-u-snsd-u-uvjereni-najava-odluke-ustavnog-suda-rs-a-nece-zaustaviti-referendum\/#article","isPartOf":{"@id":"https:\/\/tuzlainfo.ba\/index.php\/bosna-i-hercegovina\/item\/280896-u-snsd-u-uvjereni-najava-odluke-ustavnog-suda-rs-a-nece-zaustaviti-referendum\/"},"author":{"name":"Admin Tri","@id":"https:\/\/tuzlainfo.ba\/#\/schema\/person\/593e78a2f6378c5ba3e7600ecfa4e63a"},"headline":"U SNSD-u uvjereni: Najava odluke Ustavnog suda RS-a ne\u0107e zaustaviti referendum","datePublished":"2025-09-17T12:34:40+00:00","dateModified":"2025-09-17T12:16:37+00:00","mainEntityOfPage":{"@id":"https:\/\/tuzlainfo.ba\/index.php\/bosna-i-hercegovina\/item\/280896-u-snsd-u-uvjereni-najava-odluke-ustavnog-suda-rs-a-nece-zaustaviti-referendum\/"},"wordCount":282,"publisher":{"@id":"https:\/\/tuzlainfo.ba\/#organization"},"image":{"@id":"https:\/\/tuzlainfo.ba\/index.php\/bosna-i-hercegovina\/item\/280896-u-snsd-u-uvjereni-najava-odluke-ustavnog-suda-rs-a-nece-zaustaviti-referendum\/#primaryimage"},"thumbnailUrl":"https:\/\/tuzlainfo.ba\/wp-content\/uploads\/2023\/04\/2404_snsd_koalicija.jpg","keywords":["referendum"],"articleSection":["Bosna i Hercegovina"],"inLanguage":"bs-BA"},{"@type":"WebPage","@id":"https:\/\/tuzlainfo.ba\/index.php\/bosna-i-hercegovina\/item\/280896-u-snsd-u-uvjereni-najava-odluke-ustavnog-suda-rs-a-nece-zaustaviti-referendum\/","url":"https:\/\/tuzlainfo.ba\/index.php\/bosna-i-hercegovina\/item\/280896-u-snsd-u-uvjereni-najava-odluke-ustavnog-suda-rs-a-nece-zaustaviti-referendum\/","name":"U SNSD-u uvjereni: Najava odluke Ustavnog suda RS-a ne\u0107e zaustaviti referendum - TuzlaInfo.ba","isPartOf":{"@id":"https:\/\/tuzlainfo.ba\/#website"},"primaryImageOfPage":{"@id":"https:\/\/tuzlainfo.ba\/index.php\/bosna-i-hercegovina\/item\/280896-u-snsd-u-uvjereni-najava-odluke-ustavnog-suda-rs-a-nece-zaustaviti-referendum\/#primaryimage"},"image":{"@id":"https:\/\/tuzlainfo.ba\/index.php\/bosna-i-hercegovina\/item\/280896-u-snsd-u-uvjereni-najava-odluke-ustavnog-suda-rs-a-nece-zaustaviti-referendum\/#primaryimage"},"thumbnailUrl":"https:\/\/tuzlainfo.ba\/wp-content\/uploads\/2023\/04\/2404_snsd_koalicija.jpg","datePublished":"2025-09-17T12:34:40+00:00","dateModified":"2025-09-17T12:16:37+00:00","breadcrumb":{"@id":"https:\/\/tuzlainfo.ba\/index.php\/bosna-i-hercegovina\/item\/280896-u-snsd-u-uvjereni-najava-odluke-ustavnog-suda-rs-a-nece-zaustaviti-referendum\/#breadcrumb"},"inLanguage":"bs-BA","potentialAction":[{"@type":"ReadAction","target":["https:\/\/tuzlainfo.ba\/index.php\/bosna-i-hercegovina\/item\/280896-u-snsd-u-uvjereni-najava-odluke-ustavnog-suda-rs-a-nece-zaustaviti-referendum\/"]}]},{"@type":"ImageObject","inLanguage":"bs-BA","@id":"https:\/\/tuzlainfo.ba\/index.php\/bosna-i-hercegovina\/item\/280896-u-snsd-u-uvjereni-najava-odluke-ustavnog-suda-rs-a-nece-zaustaviti-referendum\/#primaryimage","url":"https:\/\/tuzlainfo.ba\/wp-content\/uploads\/2023\/04\/2404_snsd_koalicija.jpg","contentUrl":"https:\/\/tuzlainfo.ba\/wp-content\/uploads\/2023\/04\/2404_snsd_koalicija.jpg","width":796,"height":490,"caption":"Foto: Arhiva"},{"@type":"BreadcrumbList","@id":"https:\/\/tuzlainfo.ba\/index.php\/bosna-i-hercegovina\/item\/280896-u-snsd-u-uvjereni-najava-odluke-ustavnog-suda-rs-a-nece-zaustaviti-referendum\/#breadcrumb","itemListElement":[{"@type":"ListItem","position":1,"name":"Home","item":"https:\/\/tuzlainfo.ba\/"},{"@type":"ListItem","position":2,"name":"U SNSD-u uvjereni: Najava odluke Ustavnog suda RS-a ne\u0107e zaustaviti referendum"}]},{"@type":"WebSite","@id":"https:\/\/tuzlainfo.ba\/#website","url":"https:\/\/tuzlainfo.ba\/","name":"TuzlaInfo.ba","description":"Tuzla info, gradski informator - Tuzla na dlanu","publisher":{"@id":"https:\/\/tuzlainfo.ba\/#organization"},"potentialAction":[{"@type":"SearchAction","target":{"@type":"EntryPoint","urlTemplate":"https:\/\/tuzlainfo.ba\/?s={search_term_string}"},"query-input":{"@type":"PropertyValueSpecification","valueRequired":true,"valueName":"search_term_string"}}],"inLanguage":"bs-BA"},{"@type":"Organization","@id":"https:\/\/tuzlainfo.ba\/#organization","name":"TuzlaInfo.ba","url":"https:\/\/tuzlainfo.ba\/","logo":{"@type":"ImageObject","inLanguage":"bs-BA","@id":"https:\/\/tuzlainfo.ba\/#\/schema\/logo\/image\/","url":"https:\/\/tuzlainfo.ba\/wp-content\/uploads\/2021\/03\/logo-ver-3-1.png","contentUrl":"https:\/\/tuzlainfo.ba\/wp-content\/uploads\/2021\/03\/logo-ver-3-1.png","width":350,"height":95,"caption":"TuzlaInfo.ba"},"image":{"@id":"https:\/\/tuzlainfo.ba\/#\/schema\/logo\/image\/"},"sameAs":["https:\/\/www.facebook.com\/tuzlainfo.ba\/"]},{"@type":"Person","@id":"https:\/\/tuzlainfo.ba\/#\/schema\/person\/593e78a2f6378c5ba3e7600ecfa4e63a","name":"Admin Tri","image":{"@type":"ImageObject","inLanguage":"bs-BA","@id":"https:\/\/tuzlainfo.ba\/#\/schema\/person\/image\/","url":"https:\/\/tuzlainfo.ba\/wp-content\/litespeed\/avatar\/b7920db4cc34a71ad12497283ad2fe3f.jpg?ver=1777100914","contentUrl":"https:\/\/tuzlainfo.ba\/wp-content\/litespeed\/avatar\/b7920db4cc34a71ad12497283ad2fe3f.jpg?ver=1777100914","caption":"Admin Tri"},"sameAs":["https:\/\/tuzlainfo.ba"]}]}},"_links":{"self":[{"href":"https:\/\/tuzlainfo.ba\/index.php\/wp-json\/wp\/v2\/posts\/280896"}],"collection":[{"href":"https:\/\/tuzlainfo.ba\/index.php\/wp-json\/wp\/v2\/posts"}],"about":[{"href":"https:\/\/tuzlainfo.ba\/index.php\/wp-json\/wp\/v2\/types\/post"}],"author":[{"embeddable":true,"href":"https:\/\/tuzlainfo.ba\/index.php\/wp-json\/wp\/v2\/users\/8"}],"replies":[{"embeddable":true,"href":"https:\/\/tuzlainfo.ba\/index.php\/wp-json\/wp\/v2\/comments?post=280896"}],"version-history":[{"count":1,"href":"https:\/\/tuzlainfo.ba\/index.php\/wp-json\/wp\/v2\/posts\/280896\/revisions"}],"predecessor-version":[{"id":280897,"href":"https:\/\/tuzlainfo.ba\/index.php\/wp-json\/wp\/v2\/posts\/280896\/revisions\/280897"}],"wp:featuredmedia":[{"embeddable":true,"href":"https:\/\/tuzlainfo.ba\/index.php\/wp-json\/wp\/v2\/media\/202947"}],"wp:attachment":[{"href":"https:\/\/tuzlainfo.ba\/index.php\/wp-json\/wp\/v2\/media?parent=280896"}],"wp:term":[{"taxonomy":"category","embeddable":true,"href":"https:\/\/tuzlainfo.ba\/index.php\/wp-json\/wp\/v2\/categories?post=280896"},{"taxonomy":"post_tag","embeddable":true,"href":"https:\/\/tuzlainfo.ba\/index.php\/wp-json\/wp\/v2\/tags?post=280896"}],"curies":[{"name":"wp","href":"https:\/\/api.w.org\/{rel}","templated":true}]}}