{"id":280890,"date":"2025-09-17T15:04:23","date_gmt":"2025-09-17T13:04:23","guid":{"rendered":"https:\/\/tuzlainfo.ba\/?p=280890"},"modified":"2025-09-17T14:21:48","modified_gmt":"2025-09-17T12:21:48","slug":"u-tuzli-uskoro-drugi-sajam-knjige-najavljen-bogat-program","status":"publish","type":"post","link":"https:\/\/tuzlainfo.ba\/index.php\/istaknuto\/item\/280890-u-tuzli-uskoro-drugi-sajam-knjige-najavljen-bogat-program\/","title":{"rendered":"U Tuzli uskoro drugi Sajam knjige, najavljen bogat program"},"content":{"rendered":"<p>U Tuzli \u0107e od 24. do 28. septembra 2025. godine biti odr\u017ean tradicionalni Sajam knjige, manifestacija koja ve\u0107 godinama okuplja ljubitelje pisane rije\u010di, autore, izdava\u010de i kulturne radnike iz cijelog regiona.<\/p>\n<p>Program sajma predstavljen je na dana\u0161njoj press konferenciji, na kojoj su organizatori istakli da i ovogodi\u0161nje izdanje donosi izuzetno bogat sadr\u017eaj namijenjen svim generacijama. Tokom trajanja sajma, posjetioce o\u010dekuje niz promocija knjiga, dru\u017eenja sa autorima, radionica, tribina i predavanja.<\/p>\n<p><iframe title=\"Edis Bajic, direktor Sajma knjige Tuzla\" width=\"1170\" height=\"658\" src=\"https:\/\/www.youtube.com\/embed\/7WYqi0VIxQk?start=8&#038;feature=oembed\" frameborder=\"0\" allow=\"accelerometer; autoplay; clipboard-write; encrypted-media; gyroscope; picture-in-picture; web-share\" referrerpolicy=\"strict-origin-when-cross-origin\" allowfullscreen><\/iframe><\/p>\n<p>U\u010de\u0161\u0107e su najavili brojni knji\u017eevnici i kulturni radnici. Posebno mjesto u programu zauzimaju radionice za djecu, panel-diskusije o aktuelnim temama i promocije djela iz razli\u010ditih knji\u017eevnih \u017eanrova.<\/p>\n<p><iframe title=\"\u0160imo E\u0161i\u0107, pisac - O Sajmu knjige u Tuzli od 24. do 28. septembra\" width=\"1170\" height=\"658\" src=\"https:\/\/www.youtube.com\/embed\/1h-7JzOAwd4?feature=oembed\" frameborder=\"0\" allow=\"accelerometer; autoplay; clipboard-write; encrypted-media; gyroscope; picture-in-picture; web-share\" referrerpolicy=\"strict-origin-when-cross-origin\" allowfullscreen><\/iframe><\/p>\n<p>Organizatori su na press konferenciji naglasili da je Sajam knjige prilika da se Tuzla jo\u0161 jednom potvrdi kao centar knji\u017eevnih i kulturnih de\u0161avanja u Bosni i Hercegovini, te da \u0107e svi posjetioci imati priliku prona\u0107i ne\u0161to za sebe, od savremene knji\u017eevnosti do edukativnih i interaktivnih sadr\u017eaja.<\/p>\n<p><iframe title=\"Sead Nazibegovi\u0107, dekan Filozofskog fakulteta - O Sajmu knjige u Tuzli\" width=\"563\" height=\"1000\" src=\"https:\/\/www.youtube.com\/embed\/1nqyobawWkE?feature=oembed\" frameborder=\"0\" allow=\"accelerometer; autoplay; clipboard-write; encrypted-media; gyroscope; picture-in-picture; web-share\" referrerpolicy=\"strict-origin-when-cross-origin\" allowfullscreen><\/iframe><\/p>\n<p><iframe title=\"Selma Ke\u0161etovi\u0107, prodekanica za nastavu na Filozofskom fakultetu u Tuzli\" width=\"563\" height=\"1000\" src=\"https:\/\/www.youtube.com\/embed\/OGTaQMltv2M?feature=oembed\" frameborder=\"0\" allow=\"accelerometer; autoplay; clipboard-write; encrypted-media; gyroscope; picture-in-picture; web-share\" referrerpolicy=\"strict-origin-when-cross-origin\" allowfullscreen><\/iframe><\/p>\n<p><iframe title=\"Sanja Duki\u0107, direktorica NUB Dervis Susic Tuzla\" width=\"563\" height=\"1000\" src=\"https:\/\/www.youtube.com\/embed\/fqu0bvs0398?feature=oembed\" frameborder=\"0\" allow=\"accelerometer; autoplay; clipboard-write; encrypted-media; gyroscope; picture-in-picture; web-share\" referrerpolicy=\"strict-origin-when-cross-origin\" allowfullscreen><\/iframe><\/p>\n<p>Sajam knjige Tuzla 2025. odr\u017eava se u periodu od 24. do 28. septembra, a vrata \u0107e za posjetioce biti otvorena svakog dana ve\u0107 od jutarnjih sati. Ulaz je slobodan. \/S.P.\/<\/p>\n","protected":false},"excerpt":{"rendered":"<p>U Tuzli \u0107e od 24. do 28. septembra 2025. godine biti odr\u017ean tradicionalni Sajam knjige,&hellip;<\/p>\n","protected":false},"author":4,"featured_media":280901,"comment_status":"closed","ping_status":"closed","sticky":false,"template":"","format":"standard","meta":{"_acf_changed":false,"footnotes":""},"categories":[304,12],"tags":[11108,42],"acf":[],"yoast_head":"<!-- This site is optimized with the Yoast SEO plugin v23.5 - https:\/\/yoast.com\/wordpress\/plugins\/seo\/ -->\n<title>U Tuzli uskoro drugi Sajam knjige, najavljen bogat program - TuzlaInfo.ba<\/title>\n<meta name=\"robots\" content=\"index, follow, max-snippet:-1, max-image-preview:large, max-video-preview:-1\" \/>\n<link rel=\"canonical\" href=\"https:\/\/tuzlainfo.ba\/index.php\/istaknuto\/item\/280890-u-tuzli-uskoro-drugi-sajam-knjige-najavljen-bogat-program\/\" \/>\n<meta property=\"og:locale\" content=\"bs_BA\" \/>\n<meta property=\"og:type\" content=\"article\" \/>\n<meta property=\"og:title\" content=\"U Tuzli uskoro drugi Sajam knjige, najavljen bogat program - TuzlaInfo.ba\" \/>\n<meta property=\"og:description\" content=\"U Tuzli \u0107e od 24. do 28. septembra 2025. godine biti odr\u017ean tradicionalni Sajam knjige,&hellip;\" \/>\n<meta property=\"og:url\" content=\"https:\/\/tuzlainfo.ba\/index.php\/istaknuto\/item\/280890-u-tuzli-uskoro-drugi-sajam-knjige-najavljen-bogat-program\/\" \/>\n<meta property=\"og:site_name\" content=\"TuzlaInfo.ba\" \/>\n<meta property=\"article:publisher\" content=\"https:\/\/www.facebook.com\/tuzlainfo.ba\/\" \/>\n<meta property=\"article:published_time\" content=\"2025-09-17T13:04:23+00:00\" \/>\n<meta property=\"article:modified_time\" content=\"2025-09-17T12:21:48+00:00\" \/>\n<meta property=\"og:image\" content=\"https:\/\/tuzlainfo.ba\/wp-content\/uploads\/2025\/09\/sajam-knjige-press1.jpg\" \/>\n\t<meta property=\"og:image:width\" content=\"2048\" \/>\n\t<meta property=\"og:image:height\" content=\"1536\" \/>\n\t<meta property=\"og:image:type\" content=\"image\/jpeg\" \/>\n<meta name=\"author\" content=\"Tuzla Info\" \/>\n<meta name=\"twitter:card\" content=\"summary_large_image\" \/>\n<meta name=\"twitter:label1\" content=\"Written by\" \/>\n\t<meta name=\"twitter:data1\" content=\"Tuzla Info\" \/>\n\t<meta name=\"twitter:label2\" content=\"Est. reading time\" \/>\n\t<meta name=\"twitter:data2\" content=\"2 minute\" \/>\n<script type=\"application\/ld+json\" class=\"yoast-schema-graph\">{\"@context\":\"https:\/\/schema.org\",\"@graph\":[{\"@type\":\"Article\",\"@id\":\"https:\/\/tuzlainfo.ba\/index.php\/istaknuto\/item\/280890-u-tuzli-uskoro-drugi-sajam-knjige-najavljen-bogat-program\/#article\",\"isPartOf\":{\"@id\":\"https:\/\/tuzlainfo.ba\/index.php\/istaknuto\/item\/280890-u-tuzli-uskoro-drugi-sajam-knjige-najavljen-bogat-program\/\"},\"author\":{\"name\":\"Tuzla Info\",\"@id\":\"https:\/\/tuzlainfo.ba\/#\/schema\/person\/46cad4c57790cbc50781edd14870825a\"},\"headline\":\"U Tuzli uskoro drugi Sajam knjige, najavljen bogat program\",\"datePublished\":\"2025-09-17T13:04:23+00:00\",\"dateModified\":\"2025-09-17T12:21:48+00:00\",\"mainEntityOfPage\":{\"@id\":\"https:\/\/tuzlainfo.ba\/index.php\/istaknuto\/item\/280890-u-tuzli-uskoro-drugi-sajam-knjige-najavljen-bogat-program\/\"},\"wordCount\":236,\"publisher\":{\"@id\":\"https:\/\/tuzlainfo.ba\/#organization\"},\"image\":{\"@id\":\"https:\/\/tuzlainfo.ba\/index.php\/istaknuto\/item\/280890-u-tuzli-uskoro-drugi-sajam-knjige-najavljen-bogat-program\/#primaryimage\"},\"thumbnailUrl\":\"https:\/\/tuzlainfo.ba\/wp-content\/uploads\/2025\/09\/sajam-knjige-press1.jpg\",\"keywords\":[\"sajam knjige\",\"tuzla\"],\"articleSection\":[\"Istaknuto\",\"Novosti\"],\"inLanguage\":\"bs-BA\"},{\"@type\":\"WebPage\",\"@id\":\"https:\/\/tuzlainfo.ba\/index.php\/istaknuto\/item\/280890-u-tuzli-uskoro-drugi-sajam-knjige-najavljen-bogat-program\/\",\"url\":\"https:\/\/tuzlainfo.ba\/index.php\/istaknuto\/item\/280890-u-tuzli-uskoro-drugi-sajam-knjige-najavljen-bogat-program\/\",\"name\":\"U Tuzli uskoro drugi Sajam knjige, najavljen bogat program - TuzlaInfo.ba\",\"isPartOf\":{\"@id\":\"https:\/\/tuzlainfo.ba\/#website\"},\"primaryImageOfPage\":{\"@id\":\"https:\/\/tuzlainfo.ba\/index.php\/istaknuto\/item\/280890-u-tuzli-uskoro-drugi-sajam-knjige-najavljen-bogat-program\/#primaryimage\"},\"image\":{\"@id\":\"https:\/\/tuzlainfo.ba\/index.php\/istaknuto\/item\/280890-u-tuzli-uskoro-drugi-sajam-knjige-najavljen-bogat-program\/#primaryimage\"},\"thumbnailUrl\":\"https:\/\/tuzlainfo.ba\/wp-content\/uploads\/2025\/09\/sajam-knjige-press1.jpg\",\"datePublished\":\"2025-09-17T13:04:23+00:00\",\"dateModified\":\"2025-09-17T12:21:48+00:00\",\"breadcrumb\":{\"@id\":\"https:\/\/tuzlainfo.ba\/index.php\/istaknuto\/item\/280890-u-tuzli-uskoro-drugi-sajam-knjige-najavljen-bogat-program\/#breadcrumb\"},\"inLanguage\":\"bs-BA\",\"potentialAction\":[{\"@type\":\"ReadAction\",\"target\":[\"https:\/\/tuzlainfo.ba\/index.php\/istaknuto\/item\/280890-u-tuzli-uskoro-drugi-sajam-knjige-najavljen-bogat-program\/\"]}]},{\"@type\":\"ImageObject\",\"inLanguage\":\"bs-BA\",\"@id\":\"https:\/\/tuzlainfo.ba\/index.php\/istaknuto\/item\/280890-u-tuzli-uskoro-drugi-sajam-knjige-najavljen-bogat-program\/#primaryimage\",\"url\":\"https:\/\/tuzlainfo.ba\/wp-content\/uploads\/2025\/09\/sajam-knjige-press1.jpg\",\"contentUrl\":\"https:\/\/tuzlainfo.ba\/wp-content\/uploads\/2025\/09\/sajam-knjige-press1.jpg\",\"width\":2048,\"height\":1536},{\"@type\":\"BreadcrumbList\",\"@id\":\"https:\/\/tuzlainfo.ba\/index.php\/istaknuto\/item\/280890-u-tuzli-uskoro-drugi-sajam-knjige-najavljen-bogat-program\/#breadcrumb\",\"itemListElement\":[{\"@type\":\"ListItem\",\"position\":1,\"name\":\"Home\",\"item\":\"https:\/\/tuzlainfo.ba\/\"},{\"@type\":\"ListItem\",\"position\":2,\"name\":\"U Tuzli uskoro drugi Sajam knjige, najavljen bogat program\"}]},{\"@type\":\"WebSite\",\"@id\":\"https:\/\/tuzlainfo.ba\/#website\",\"url\":\"https:\/\/tuzlainfo.ba\/\",\"name\":\"TuzlaInfo.ba\",\"description\":\"Tuzla info, gradski informator - Tuzla na dlanu\",\"publisher\":{\"@id\":\"https:\/\/tuzlainfo.ba\/#organization\"},\"potentialAction\":[{\"@type\":\"SearchAction\",\"target\":{\"@type\":\"EntryPoint\",\"urlTemplate\":\"https:\/\/tuzlainfo.ba\/?s={search_term_string}\"},\"query-input\":{\"@type\":\"PropertyValueSpecification\",\"valueRequired\":true,\"valueName\":\"search_term_string\"}}],\"inLanguage\":\"bs-BA\"},{\"@type\":\"Organization\",\"@id\":\"https:\/\/tuzlainfo.ba\/#organization\",\"name\":\"TuzlaInfo.ba\",\"url\":\"https:\/\/tuzlainfo.ba\/\",\"logo\":{\"@type\":\"ImageObject\",\"inLanguage\":\"bs-BA\",\"@id\":\"https:\/\/tuzlainfo.ba\/#\/schema\/logo\/image\/\",\"url\":\"https:\/\/tuzlainfo.ba\/wp-content\/uploads\/2021\/03\/logo-ver-3-1.png\",\"contentUrl\":\"https:\/\/tuzlainfo.ba\/wp-content\/uploads\/2021\/03\/logo-ver-3-1.png\",\"width\":350,\"height\":95,\"caption\":\"TuzlaInfo.ba\"},\"image\":{\"@id\":\"https:\/\/tuzlainfo.ba\/#\/schema\/logo\/image\/\"},\"sameAs\":[\"https:\/\/www.facebook.com\/tuzlainfo.ba\/\"]},{\"@type\":\"Person\",\"@id\":\"https:\/\/tuzlainfo.ba\/#\/schema\/person\/46cad4c57790cbc50781edd14870825a\",\"name\":\"Tuzla Info\",\"image\":{\"@type\":\"ImageObject\",\"inLanguage\":\"bs-BA\",\"@id\":\"https:\/\/tuzlainfo.ba\/#\/schema\/person\/image\/\",\"url\":\"https:\/\/tuzlainfo.ba\/wp-content\/litespeed\/avatar\/b6c453a6c38e3654f2e4416c643fc25c.jpg?ver=1777051911\",\"contentUrl\":\"https:\/\/tuzlainfo.ba\/wp-content\/litespeed\/avatar\/b6c453a6c38e3654f2e4416c643fc25c.jpg?ver=1777051911\",\"caption\":\"Tuzla Info\"}}]}<\/script>\n<!-- \/ Yoast SEO plugin. -->","yoast_head_json":{"title":"U Tuzli uskoro drugi Sajam knjige, najavljen bogat program - TuzlaInfo.ba","robots":{"index":"index","follow":"follow","max-snippet":"max-snippet:-1","max-image-preview":"max-image-preview:large","max-video-preview":"max-video-preview:-1"},"canonical":"https:\/\/tuzlainfo.ba\/index.php\/istaknuto\/item\/280890-u-tuzli-uskoro-drugi-sajam-knjige-najavljen-bogat-program\/","og_locale":"bs_BA","og_type":"article","og_title":"U Tuzli uskoro drugi Sajam knjige, najavljen bogat program - TuzlaInfo.ba","og_description":"U Tuzli \u0107e od 24. do 28. septembra 2025. godine biti odr\u017ean tradicionalni Sajam knjige,&hellip;","og_url":"https:\/\/tuzlainfo.ba\/index.php\/istaknuto\/item\/280890-u-tuzli-uskoro-drugi-sajam-knjige-najavljen-bogat-program\/","og_site_name":"TuzlaInfo.ba","article_publisher":"https:\/\/www.facebook.com\/tuzlainfo.ba\/","article_published_time":"2025-09-17T13:04:23+00:00","article_modified_time":"2025-09-17T12:21:48+00:00","og_image":[{"width":2048,"height":1536,"url":"https:\/\/tuzlainfo.ba\/wp-content\/uploads\/2025\/09\/sajam-knjige-press1.jpg","type":"image\/jpeg"}],"author":"Tuzla Info","twitter_card":"summary_large_image","twitter_misc":{"Written by":"Tuzla Info","Est. reading time":"2 minute"},"schema":{"@context":"https:\/\/schema.org","@graph":[{"@type":"Article","@id":"https:\/\/tuzlainfo.ba\/index.php\/istaknuto\/item\/280890-u-tuzli-uskoro-drugi-sajam-knjige-najavljen-bogat-program\/#article","isPartOf":{"@id":"https:\/\/tuzlainfo.ba\/index.php\/istaknuto\/item\/280890-u-tuzli-uskoro-drugi-sajam-knjige-najavljen-bogat-program\/"},"author":{"name":"Tuzla Info","@id":"https:\/\/tuzlainfo.ba\/#\/schema\/person\/46cad4c57790cbc50781edd14870825a"},"headline":"U Tuzli uskoro drugi Sajam knjige, najavljen bogat program","datePublished":"2025-09-17T13:04:23+00:00","dateModified":"2025-09-17T12:21:48+00:00","mainEntityOfPage":{"@id":"https:\/\/tuzlainfo.ba\/index.php\/istaknuto\/item\/280890-u-tuzli-uskoro-drugi-sajam-knjige-najavljen-bogat-program\/"},"wordCount":236,"publisher":{"@id":"https:\/\/tuzlainfo.ba\/#organization"},"image":{"@id":"https:\/\/tuzlainfo.ba\/index.php\/istaknuto\/item\/280890-u-tuzli-uskoro-drugi-sajam-knjige-najavljen-bogat-program\/#primaryimage"},"thumbnailUrl":"https:\/\/tuzlainfo.ba\/wp-content\/uploads\/2025\/09\/sajam-knjige-press1.jpg","keywords":["sajam knjige","tuzla"],"articleSection":["Istaknuto","Novosti"],"inLanguage":"bs-BA"},{"@type":"WebPage","@id":"https:\/\/tuzlainfo.ba\/index.php\/istaknuto\/item\/280890-u-tuzli-uskoro-drugi-sajam-knjige-najavljen-bogat-program\/","url":"https:\/\/tuzlainfo.ba\/index.php\/istaknuto\/item\/280890-u-tuzli-uskoro-drugi-sajam-knjige-najavljen-bogat-program\/","name":"U Tuzli uskoro drugi Sajam knjige, najavljen bogat program - TuzlaInfo.ba","isPartOf":{"@id":"https:\/\/tuzlainfo.ba\/#website"},"primaryImageOfPage":{"@id":"https:\/\/tuzlainfo.ba\/index.php\/istaknuto\/item\/280890-u-tuzli-uskoro-drugi-sajam-knjige-najavljen-bogat-program\/#primaryimage"},"image":{"@id":"https:\/\/tuzlainfo.ba\/index.php\/istaknuto\/item\/280890-u-tuzli-uskoro-drugi-sajam-knjige-najavljen-bogat-program\/#primaryimage"},"thumbnailUrl":"https:\/\/tuzlainfo.ba\/wp-content\/uploads\/2025\/09\/sajam-knjige-press1.jpg","datePublished":"2025-09-17T13:04:23+00:00","dateModified":"2025-09-17T12:21:48+00:00","breadcrumb":{"@id":"https:\/\/tuzlainfo.ba\/index.php\/istaknuto\/item\/280890-u-tuzli-uskoro-drugi-sajam-knjige-najavljen-bogat-program\/#breadcrumb"},"inLanguage":"bs-BA","potentialAction":[{"@type":"ReadAction","target":["https:\/\/tuzlainfo.ba\/index.php\/istaknuto\/item\/280890-u-tuzli-uskoro-drugi-sajam-knjige-najavljen-bogat-program\/"]}]},{"@type":"ImageObject","inLanguage":"bs-BA","@id":"https:\/\/tuzlainfo.ba\/index.php\/istaknuto\/item\/280890-u-tuzli-uskoro-drugi-sajam-knjige-najavljen-bogat-program\/#primaryimage","url":"https:\/\/tuzlainfo.ba\/wp-content\/uploads\/2025\/09\/sajam-knjige-press1.jpg","contentUrl":"https:\/\/tuzlainfo.ba\/wp-content\/uploads\/2025\/09\/sajam-knjige-press1.jpg","width":2048,"height":1536},{"@type":"BreadcrumbList","@id":"https:\/\/tuzlainfo.ba\/index.php\/istaknuto\/item\/280890-u-tuzli-uskoro-drugi-sajam-knjige-najavljen-bogat-program\/#breadcrumb","itemListElement":[{"@type":"ListItem","position":1,"name":"Home","item":"https:\/\/tuzlainfo.ba\/"},{"@type":"ListItem","position":2,"name":"U Tuzli uskoro drugi Sajam knjige, najavljen bogat program"}]},{"@type":"WebSite","@id":"https:\/\/tuzlainfo.ba\/#website","url":"https:\/\/tuzlainfo.ba\/","name":"TuzlaInfo.ba","description":"Tuzla info, gradski informator - Tuzla na dlanu","publisher":{"@id":"https:\/\/tuzlainfo.ba\/#organization"},"potentialAction":[{"@type":"SearchAction","target":{"@type":"EntryPoint","urlTemplate":"https:\/\/tuzlainfo.ba\/?s={search_term_string}"},"query-input":{"@type":"PropertyValueSpecification","valueRequired":true,"valueName":"search_term_string"}}],"inLanguage":"bs-BA"},{"@type":"Organization","@id":"https:\/\/tuzlainfo.ba\/#organization","name":"TuzlaInfo.ba","url":"https:\/\/tuzlainfo.ba\/","logo":{"@type":"ImageObject","inLanguage":"bs-BA","@id":"https:\/\/tuzlainfo.ba\/#\/schema\/logo\/image\/","url":"https:\/\/tuzlainfo.ba\/wp-content\/uploads\/2021\/03\/logo-ver-3-1.png","contentUrl":"https:\/\/tuzlainfo.ba\/wp-content\/uploads\/2021\/03\/logo-ver-3-1.png","width":350,"height":95,"caption":"TuzlaInfo.ba"},"image":{"@id":"https:\/\/tuzlainfo.ba\/#\/schema\/logo\/image\/"},"sameAs":["https:\/\/www.facebook.com\/tuzlainfo.ba\/"]},{"@type":"Person","@id":"https:\/\/tuzlainfo.ba\/#\/schema\/person\/46cad4c57790cbc50781edd14870825a","name":"Tuzla Info","image":{"@type":"ImageObject","inLanguage":"bs-BA","@id":"https:\/\/tuzlainfo.ba\/#\/schema\/person\/image\/","url":"https:\/\/tuzlainfo.ba\/wp-content\/litespeed\/avatar\/b6c453a6c38e3654f2e4416c643fc25c.jpg?ver=1777051911","contentUrl":"https:\/\/tuzlainfo.ba\/wp-content\/litespeed\/avatar\/b6c453a6c38e3654f2e4416c643fc25c.jpg?ver=1777051911","caption":"Tuzla Info"}}]}},"_links":{"self":[{"href":"https:\/\/tuzlainfo.ba\/index.php\/wp-json\/wp\/v2\/posts\/280890"}],"collection":[{"href":"https:\/\/tuzlainfo.ba\/index.php\/wp-json\/wp\/v2\/posts"}],"about":[{"href":"https:\/\/tuzlainfo.ba\/index.php\/wp-json\/wp\/v2\/types\/post"}],"author":[{"embeddable":true,"href":"https:\/\/tuzlainfo.ba\/index.php\/wp-json\/wp\/v2\/users\/4"}],"replies":[{"embeddable":true,"href":"https:\/\/tuzlainfo.ba\/index.php\/wp-json\/wp\/v2\/comments?post=280890"}],"version-history":[{"count":1,"href":"https:\/\/tuzlainfo.ba\/index.php\/wp-json\/wp\/v2\/posts\/280890\/revisions"}],"predecessor-version":[{"id":280902,"href":"https:\/\/tuzlainfo.ba\/index.php\/wp-json\/wp\/v2\/posts\/280890\/revisions\/280902"}],"wp:featuredmedia":[{"embeddable":true,"href":"https:\/\/tuzlainfo.ba\/index.php\/wp-json\/wp\/v2\/media\/280901"}],"wp:attachment":[{"href":"https:\/\/tuzlainfo.ba\/index.php\/wp-json\/wp\/v2\/media?parent=280890"}],"wp:term":[{"taxonomy":"category","embeddable":true,"href":"https:\/\/tuzlainfo.ba\/index.php\/wp-json\/wp\/v2\/categories?post=280890"},{"taxonomy":"post_tag","embeddable":true,"href":"https:\/\/tuzlainfo.ba\/index.php\/wp-json\/wp\/v2\/tags?post=280890"}],"curies":[{"name":"wp","href":"https:\/\/api.w.org\/{rel}","templated":true}]}}