{"id":280854,"date":"2025-09-17T08:40:36","date_gmt":"2025-09-17T06:40:36","guid":{"rendered":"https:\/\/tuzlainfo.ba\/?p=280854"},"modified":"2025-09-17T08:40:36","modified_gmt":"2025-09-17T06:40:36","slug":"poslanik-a-s-nasa-vjecna-inspiracija-hafiz-nedim-botic-odrzao-tribinu-za-mlade-u-tuzli","status":"publish","type":"post","link":"https:\/\/tuzlainfo.ba\/index.php\/istaknuto\/item\/280854-poslanik-a-s-nasa-vjecna-inspiracija-hafiz-nedim-botic-odrzao-tribinu-za-mlade-u-tuzli\/","title":{"rendered":"&#8220;Poslanik a.s. \u2013 na\u0161a vje\u010dna inspiracija&#8221;: Hafiz Nedim Boti\u0107 odr\u017eao tribinu za mlade u Tuzli"},"content":{"rendered":"<p data-start=\"51\" data-end=\"366\">U velikoj sali Bosanskog kulturnog centra Tuzlanskog kantona sino\u0107 je odr\u017eana centralna tribina za mlade u okviru 16. mevludske manifestacije \u201eStazama Poslanika islama\u201c. Tema tribine bila je \u201ePoslanik a.s. \u2013 na\u0161a vje\u010dna inspiracija\u201c, a predava\u010d hafiz Nedim Boti\u0107 okupio je veliki broj mladih i drugih posjetilaca.<\/p>\n<p data-start=\"368\" data-end=\"723\">Program je otvorio glavni imam tuzlanskog Med\u017elisa, hafiz Ahmed-ef. Huskanovi\u0107, koji je izrazio zahvalnost i radost zbog \u010dinjenice da ova manifestacija iz godine u godinu raste i okuplja sve vi\u0161e u\u010desnika. On je istakao da istrajavanje u projektima poput ovog daje posebnu snagu zajednici i podsti\u010de mlade da se vra\u0107aju univerzalnim vrijednostima vjere.<\/p>\n<p data-start=\"725\" data-end=\"1250\">U svom nadahnutom obra\u0107anju hafiz Boti\u0107 je govorio o tome kako mu je \u017eivot Poslanika, a.s., putokaz u te\u0161kim trenucima i isku\u0161enjima, te je kroz niz li\u010dnih primjera naglasio va\u017enost zahvalnosti, dove, porodi\u010dnih i d\u017eematskih odnosa.<\/p>\n<div id=\"penci-post-gallery__71805\" class=\"penci-post-gallery-container justified column-3\" data-height=\"150\" data-margin=\"3\"><a class=\"item-gallery-justified\" href=\"https:\/\/tuzlainfo.ba\/wp-content\/uploads\/2025\/09\/1709_tribina-2.jpg\"><img decoding=\"async\" src=\"https:\/\/tuzlainfo.ba\/wp-content\/uploads\/2025\/09\/1709_tribina-2-585x390.jpg\" alt=\"\" title=\"1709_tribina (2)\"><\/a><a class=\"item-gallery-justified\" href=\"https:\/\/tuzlainfo.ba\/wp-content\/uploads\/2025\/09\/1709_tribina-3.jpg\"><img decoding=\"async\" src=\"https:\/\/tuzlainfo.ba\/wp-content\/uploads\/2025\/09\/1709_tribina-3-585x390.jpg\" alt=\"\" title=\"1709_tribina (3)\"><\/a><a class=\"item-gallery-justified\" href=\"https:\/\/tuzlainfo.ba\/wp-content\/uploads\/2025\/09\/1709_tribina-4.jpg\"><img decoding=\"async\" src=\"https:\/\/tuzlainfo.ba\/wp-content\/uploads\/2025\/09\/1709_tribina-4-585x390.jpg\" alt=\"\" title=\"1709_tribina (4)\"><\/a><a class=\"item-gallery-justified\" href=\"https:\/\/tuzlainfo.ba\/wp-content\/uploads\/2025\/09\/1709_tribina-5.jpg\"><img decoding=\"async\" src=\"https:\/\/tuzlainfo.ba\/wp-content\/uploads\/2025\/09\/1709_tribina-5-585x390.jpg\" alt=\"\" title=\"1709_tribina (5)\"><\/a><a class=\"item-gallery-justified\" href=\"https:\/\/tuzlainfo.ba\/wp-content\/uploads\/2025\/09\/1709_tribina-6.jpg\"><img decoding=\"async\" src=\"https:\/\/tuzlainfo.ba\/wp-content\/uploads\/2025\/09\/1709_tribina-6-585x390.jpg\" alt=\"\" title=\"1709_tribina (6)\"><\/a><a class=\"item-gallery-justified\" href=\"https:\/\/tuzlainfo.ba\/wp-content\/uploads\/2025\/09\/1709_tribina-1.jpg\"><img decoding=\"async\" src=\"https:\/\/tuzlainfo.ba\/wp-content\/uploads\/2025\/09\/1709_tribina-1-585x390.jpg\" alt=\"\" title=\"1709_tribina (1)\"><\/a><\/div>\n<p data-start=\"725\" data-end=\"1250\">Poru\u010dio je da zahvalno\u0161\u0107u \u010duvamo blagodati i da upravo u primjerima Poslanikovog \u017eivota trebamo tra\u017eiti snagu i inspiraciju za dana\u0161nje izazove. Tribinu je moderirao koordinator tuzlanske Mre\u017ee mladih Nihad-ef. Ibri\u0161evi\u0107, dok je hor Behram-begove medrese uljep\u0161ao program izvo\u0111enjem kasida.<\/p>\n<p><iframe title=\"Tribina Nedima Boti\u0107a u Tuzli\" width=\"1170\" height=\"658\" src=\"https:\/\/www.youtube.com\/embed\/4yQ7KRIkaYU?feature=oembed\" frameborder=\"0\" allow=\"accelerometer; autoplay; clipboard-write; encrypted-media; gyroscope; picture-in-picture; web-share\" referrerpolicy=\"strict-origin-when-cross-origin\" allowfullscreen><\/iframe><\/p>\n<p data-start=\"1252\" data-end=\"1430\">Manifestacija se nastavlja ve\u010deras promocijom knjige \u201e\u017divot u okrilju vjere\u201c Hasan-ef. Spahi\u0107a, koja \u0107e biti odr\u017eana u amfiteatru Behram-begove medrese s po\u010detkom u 19:15 sati.<\/p>\n","protected":false},"excerpt":{"rendered":"<p>U velikoj sali Bosanskog kulturnog centra Tuzlanskog kantona sino\u0107 je odr\u017eana centralna tribina za mlade&hellip;<\/p>\n","protected":false},"author":2,"featured_media":280855,"comment_status":"closed","ping_status":"closed","sticky":false,"template":"","format":"standard","meta":{"_acf_changed":false,"footnotes":""},"categories":[304,12],"tags":[8308,4084],"acf":[],"yoast_head":"<!-- This site is optimized with the Yoast SEO plugin v23.5 - https:\/\/yoast.com\/wordpress\/plugins\/seo\/ -->\n<title>&quot;Poslanik a.s. \u2013 na\u0161a vje\u010dna inspiracija&quot;: Hafiz Nedim Boti\u0107 odr\u017eao tribinu za mlade u Tuzli - TuzlaInfo.ba<\/title>\n<meta name=\"robots\" content=\"index, follow, max-snippet:-1, max-image-preview:large, max-video-preview:-1\" \/>\n<link rel=\"canonical\" href=\"https:\/\/tuzlainfo.ba\/index.php\/istaknuto\/item\/280854-poslanik-a-s-nasa-vjecna-inspiracija-hafiz-nedim-botic-odrzao-tribinu-za-mlade-u-tuzli\/\" \/>\n<meta property=\"og:locale\" content=\"bs_BA\" \/>\n<meta property=\"og:type\" content=\"article\" \/>\n<meta property=\"og:title\" content=\"&quot;Poslanik a.s. \u2013 na\u0161a vje\u010dna inspiracija&quot;: Hafiz Nedim Boti\u0107 odr\u017eao tribinu za mlade u Tuzli - TuzlaInfo.ba\" \/>\n<meta property=\"og:description\" content=\"U velikoj sali Bosanskog kulturnog centra Tuzlanskog kantona sino\u0107 je odr\u017eana centralna tribina za mlade&hellip;\" \/>\n<meta property=\"og:url\" content=\"https:\/\/tuzlainfo.ba\/index.php\/istaknuto\/item\/280854-poslanik-a-s-nasa-vjecna-inspiracija-hafiz-nedim-botic-odrzao-tribinu-za-mlade-u-tuzli\/\" \/>\n<meta property=\"og:site_name\" content=\"TuzlaInfo.ba\" \/>\n<meta property=\"article:publisher\" content=\"https:\/\/www.facebook.com\/tuzlainfo.ba\/\" \/>\n<meta property=\"article:published_time\" content=\"2025-09-17T06:40:36+00:00\" \/>\n<meta property=\"og:image\" content=\"https:\/\/tuzlainfo.ba\/wp-content\/uploads\/2025\/09\/1709_tribina-2.jpg\" \/>\n\t<meta property=\"og:image:width\" content=\"2048\" \/>\n\t<meta property=\"og:image:height\" content=\"1365\" \/>\n\t<meta property=\"og:image:type\" content=\"image\/jpeg\" \/>\n<meta name=\"author\" content=\"nedim\" \/>\n<meta name=\"twitter:card\" content=\"summary_large_image\" \/>\n<meta name=\"twitter:label1\" content=\"Written by\" \/>\n\t<meta name=\"twitter:data1\" content=\"nedim\" \/>\n\t<meta name=\"twitter:label2\" content=\"Est. reading time\" \/>\n\t<meta name=\"twitter:data2\" content=\"2 minute\" \/>\n<script type=\"application\/ld+json\" class=\"yoast-schema-graph\">{\"@context\":\"https:\/\/schema.org\",\"@graph\":[{\"@type\":\"Article\",\"@id\":\"https:\/\/tuzlainfo.ba\/index.php\/istaknuto\/item\/280854-poslanik-a-s-nasa-vjecna-inspiracija-hafiz-nedim-botic-odrzao-tribinu-za-mlade-u-tuzli\/#article\",\"isPartOf\":{\"@id\":\"https:\/\/tuzlainfo.ba\/index.php\/istaknuto\/item\/280854-poslanik-a-s-nasa-vjecna-inspiracija-hafiz-nedim-botic-odrzao-tribinu-za-mlade-u-tuzli\/\"},\"author\":{\"name\":\"nedim\",\"@id\":\"https:\/\/tuzlainfo.ba\/#\/schema\/person\/f434e20dc27ea133923aab08451b7f7f\"},\"headline\":\"&#8220;Poslanik a.s. \u2013 na\u0161a vje\u010dna inspiracija&#8221;: Hafiz Nedim Boti\u0107 odr\u017eao tribinu za mlade u Tuzli\",\"datePublished\":\"2025-09-17T06:40:36+00:00\",\"dateModified\":\"2025-09-17T06:40:36+00:00\",\"mainEntityOfPage\":{\"@id\":\"https:\/\/tuzlainfo.ba\/index.php\/istaknuto\/item\/280854-poslanik-a-s-nasa-vjecna-inspiracija-hafiz-nedim-botic-odrzao-tribinu-za-mlade-u-tuzli\/\"},\"wordCount\":256,\"publisher\":{\"@id\":\"https:\/\/tuzlainfo.ba\/#organization\"},\"image\":{\"@id\":\"https:\/\/tuzlainfo.ba\/index.php\/istaknuto\/item\/280854-poslanik-a-s-nasa-vjecna-inspiracija-hafiz-nedim-botic-odrzao-tribinu-za-mlade-u-tuzli\/#primaryimage\"},\"thumbnailUrl\":\"https:\/\/tuzlainfo.ba\/wp-content\/uploads\/2025\/09\/1709_tribina-2.jpg\",\"keywords\":[\"Stazama Poslanika islama\",\"tribina\"],\"articleSection\":[\"Istaknuto\",\"Novosti\"],\"inLanguage\":\"bs-BA\"},{\"@type\":\"WebPage\",\"@id\":\"https:\/\/tuzlainfo.ba\/index.php\/istaknuto\/item\/280854-poslanik-a-s-nasa-vjecna-inspiracija-hafiz-nedim-botic-odrzao-tribinu-za-mlade-u-tuzli\/\",\"url\":\"https:\/\/tuzlainfo.ba\/index.php\/istaknuto\/item\/280854-poslanik-a-s-nasa-vjecna-inspiracija-hafiz-nedim-botic-odrzao-tribinu-za-mlade-u-tuzli\/\",\"name\":\"\\\"Poslanik a.s. \u2013 na\u0161a vje\u010dna inspiracija\\\": Hafiz Nedim Boti\u0107 odr\u017eao tribinu za mlade u Tuzli - TuzlaInfo.ba\",\"isPartOf\":{\"@id\":\"https:\/\/tuzlainfo.ba\/#website\"},\"primaryImageOfPage\":{\"@id\":\"https:\/\/tuzlainfo.ba\/index.php\/istaknuto\/item\/280854-poslanik-a-s-nasa-vjecna-inspiracija-hafiz-nedim-botic-odrzao-tribinu-za-mlade-u-tuzli\/#primaryimage\"},\"image\":{\"@id\":\"https:\/\/tuzlainfo.ba\/index.php\/istaknuto\/item\/280854-poslanik-a-s-nasa-vjecna-inspiracija-hafiz-nedim-botic-odrzao-tribinu-za-mlade-u-tuzli\/#primaryimage\"},\"thumbnailUrl\":\"https:\/\/tuzlainfo.ba\/wp-content\/uploads\/2025\/09\/1709_tribina-2.jpg\",\"datePublished\":\"2025-09-17T06:40:36+00:00\",\"dateModified\":\"2025-09-17T06:40:36+00:00\",\"breadcrumb\":{\"@id\":\"https:\/\/tuzlainfo.ba\/index.php\/istaknuto\/item\/280854-poslanik-a-s-nasa-vjecna-inspiracija-hafiz-nedim-botic-odrzao-tribinu-za-mlade-u-tuzli\/#breadcrumb\"},\"inLanguage\":\"bs-BA\",\"potentialAction\":[{\"@type\":\"ReadAction\",\"target\":[\"https:\/\/tuzlainfo.ba\/index.php\/istaknuto\/item\/280854-poslanik-a-s-nasa-vjecna-inspiracija-hafiz-nedim-botic-odrzao-tribinu-za-mlade-u-tuzli\/\"]}]},{\"@type\":\"ImageObject\",\"inLanguage\":\"bs-BA\",\"@id\":\"https:\/\/tuzlainfo.ba\/index.php\/istaknuto\/item\/280854-poslanik-a-s-nasa-vjecna-inspiracija-hafiz-nedim-botic-odrzao-tribinu-za-mlade-u-tuzli\/#primaryimage\",\"url\":\"https:\/\/tuzlainfo.ba\/wp-content\/uploads\/2025\/09\/1709_tribina-2.jpg\",\"contentUrl\":\"https:\/\/tuzlainfo.ba\/wp-content\/uploads\/2025\/09\/1709_tribina-2.jpg\",\"width\":2048,\"height\":1365},{\"@type\":\"BreadcrumbList\",\"@id\":\"https:\/\/tuzlainfo.ba\/index.php\/istaknuto\/item\/280854-poslanik-a-s-nasa-vjecna-inspiracija-hafiz-nedim-botic-odrzao-tribinu-za-mlade-u-tuzli\/#breadcrumb\",\"itemListElement\":[{\"@type\":\"ListItem\",\"position\":1,\"name\":\"Home\",\"item\":\"https:\/\/tuzlainfo.ba\/\"},{\"@type\":\"ListItem\",\"position\":2,\"name\":\"&#8220;Poslanik a.s. \u2013 na\u0161a vje\u010dna inspiracija&#8221;: Hafiz Nedim Boti\u0107 odr\u017eao tribinu za mlade u Tuzli\"}]},{\"@type\":\"WebSite\",\"@id\":\"https:\/\/tuzlainfo.ba\/#website\",\"url\":\"https:\/\/tuzlainfo.ba\/\",\"name\":\"TuzlaInfo.ba\",\"description\":\"Tuzla info, gradski informator - Tuzla na dlanu\",\"publisher\":{\"@id\":\"https:\/\/tuzlainfo.ba\/#organization\"},\"potentialAction\":[{\"@type\":\"SearchAction\",\"target\":{\"@type\":\"EntryPoint\",\"urlTemplate\":\"https:\/\/tuzlainfo.ba\/?s={search_term_string}\"},\"query-input\":{\"@type\":\"PropertyValueSpecification\",\"valueRequired\":true,\"valueName\":\"search_term_string\"}}],\"inLanguage\":\"bs-BA\"},{\"@type\":\"Organization\",\"@id\":\"https:\/\/tuzlainfo.ba\/#organization\",\"name\":\"TuzlaInfo.ba\",\"url\":\"https:\/\/tuzlainfo.ba\/\",\"logo\":{\"@type\":\"ImageObject\",\"inLanguage\":\"bs-BA\",\"@id\":\"https:\/\/tuzlainfo.ba\/#\/schema\/logo\/image\/\",\"url\":\"https:\/\/tuzlainfo.ba\/wp-content\/uploads\/2021\/03\/logo-ver-3-1.png\",\"contentUrl\":\"https:\/\/tuzlainfo.ba\/wp-content\/uploads\/2021\/03\/logo-ver-3-1.png\",\"width\":350,\"height\":95,\"caption\":\"TuzlaInfo.ba\"},\"image\":{\"@id\":\"https:\/\/tuzlainfo.ba\/#\/schema\/logo\/image\/\"},\"sameAs\":[\"https:\/\/www.facebook.com\/tuzlainfo.ba\/\"]},{\"@type\":\"Person\",\"@id\":\"https:\/\/tuzlainfo.ba\/#\/schema\/person\/f434e20dc27ea133923aab08451b7f7f\",\"name\":\"nedim\",\"image\":{\"@type\":\"ImageObject\",\"inLanguage\":\"bs-BA\",\"@id\":\"https:\/\/tuzlainfo.ba\/#\/schema\/person\/image\/\",\"url\":\"https:\/\/tuzlainfo.ba\/wp-content\/litespeed\/avatar\/aabad687af24844af817603ac1cbdc4f.jpg?ver=1777306975\",\"contentUrl\":\"https:\/\/tuzlainfo.ba\/wp-content\/litespeed\/avatar\/aabad687af24844af817603ac1cbdc4f.jpg?ver=1777306975\",\"caption\":\"nedim\"},\"description\":\"Tuzlainfo.ba pratite na dru\u0161tvenim mre\u017eama: Facebook, Instagram i Youtube. Svoje pri\u010de, upite i fotografije \u0161aljite na na\u0161u e-mail adresu.\"}]}<\/script>\n<!-- \/ Yoast SEO plugin. -->","yoast_head_json":{"title":"\"Poslanik a.s. \u2013 na\u0161a vje\u010dna inspiracija\": Hafiz Nedim Boti\u0107 odr\u017eao tribinu za mlade u Tuzli - TuzlaInfo.ba","robots":{"index":"index","follow":"follow","max-snippet":"max-snippet:-1","max-image-preview":"max-image-preview:large","max-video-preview":"max-video-preview:-1"},"canonical":"https:\/\/tuzlainfo.ba\/index.php\/istaknuto\/item\/280854-poslanik-a-s-nasa-vjecna-inspiracija-hafiz-nedim-botic-odrzao-tribinu-za-mlade-u-tuzli\/","og_locale":"bs_BA","og_type":"article","og_title":"\"Poslanik a.s. \u2013 na\u0161a vje\u010dna inspiracija\": Hafiz Nedim Boti\u0107 odr\u017eao tribinu za mlade u Tuzli - TuzlaInfo.ba","og_description":"U velikoj sali Bosanskog kulturnog centra Tuzlanskog kantona sino\u0107 je odr\u017eana centralna tribina za mlade&hellip;","og_url":"https:\/\/tuzlainfo.ba\/index.php\/istaknuto\/item\/280854-poslanik-a-s-nasa-vjecna-inspiracija-hafiz-nedim-botic-odrzao-tribinu-za-mlade-u-tuzli\/","og_site_name":"TuzlaInfo.ba","article_publisher":"https:\/\/www.facebook.com\/tuzlainfo.ba\/","article_published_time":"2025-09-17T06:40:36+00:00","og_image":[{"width":2048,"height":1365,"url":"https:\/\/tuzlainfo.ba\/wp-content\/uploads\/2025\/09\/1709_tribina-2.jpg","type":"image\/jpeg"}],"author":"nedim","twitter_card":"summary_large_image","twitter_misc":{"Written by":"nedim","Est. reading time":"2 minute"},"schema":{"@context":"https:\/\/schema.org","@graph":[{"@type":"Article","@id":"https:\/\/tuzlainfo.ba\/index.php\/istaknuto\/item\/280854-poslanik-a-s-nasa-vjecna-inspiracija-hafiz-nedim-botic-odrzao-tribinu-za-mlade-u-tuzli\/#article","isPartOf":{"@id":"https:\/\/tuzlainfo.ba\/index.php\/istaknuto\/item\/280854-poslanik-a-s-nasa-vjecna-inspiracija-hafiz-nedim-botic-odrzao-tribinu-za-mlade-u-tuzli\/"},"author":{"name":"nedim","@id":"https:\/\/tuzlainfo.ba\/#\/schema\/person\/f434e20dc27ea133923aab08451b7f7f"},"headline":"&#8220;Poslanik a.s. \u2013 na\u0161a vje\u010dna inspiracija&#8221;: Hafiz Nedim Boti\u0107 odr\u017eao tribinu za mlade u Tuzli","datePublished":"2025-09-17T06:40:36+00:00","dateModified":"2025-09-17T06:40:36+00:00","mainEntityOfPage":{"@id":"https:\/\/tuzlainfo.ba\/index.php\/istaknuto\/item\/280854-poslanik-a-s-nasa-vjecna-inspiracija-hafiz-nedim-botic-odrzao-tribinu-za-mlade-u-tuzli\/"},"wordCount":256,"publisher":{"@id":"https:\/\/tuzlainfo.ba\/#organization"},"image":{"@id":"https:\/\/tuzlainfo.ba\/index.php\/istaknuto\/item\/280854-poslanik-a-s-nasa-vjecna-inspiracija-hafiz-nedim-botic-odrzao-tribinu-za-mlade-u-tuzli\/#primaryimage"},"thumbnailUrl":"https:\/\/tuzlainfo.ba\/wp-content\/uploads\/2025\/09\/1709_tribina-2.jpg","keywords":["Stazama Poslanika islama","tribina"],"articleSection":["Istaknuto","Novosti"],"inLanguage":"bs-BA"},{"@type":"WebPage","@id":"https:\/\/tuzlainfo.ba\/index.php\/istaknuto\/item\/280854-poslanik-a-s-nasa-vjecna-inspiracija-hafiz-nedim-botic-odrzao-tribinu-za-mlade-u-tuzli\/","url":"https:\/\/tuzlainfo.ba\/index.php\/istaknuto\/item\/280854-poslanik-a-s-nasa-vjecna-inspiracija-hafiz-nedim-botic-odrzao-tribinu-za-mlade-u-tuzli\/","name":"\"Poslanik a.s. \u2013 na\u0161a vje\u010dna inspiracija\": Hafiz Nedim Boti\u0107 odr\u017eao tribinu za mlade u Tuzli - TuzlaInfo.ba","isPartOf":{"@id":"https:\/\/tuzlainfo.ba\/#website"},"primaryImageOfPage":{"@id":"https:\/\/tuzlainfo.ba\/index.php\/istaknuto\/item\/280854-poslanik-a-s-nasa-vjecna-inspiracija-hafiz-nedim-botic-odrzao-tribinu-za-mlade-u-tuzli\/#primaryimage"},"image":{"@id":"https:\/\/tuzlainfo.ba\/index.php\/istaknuto\/item\/280854-poslanik-a-s-nasa-vjecna-inspiracija-hafiz-nedim-botic-odrzao-tribinu-za-mlade-u-tuzli\/#primaryimage"},"thumbnailUrl":"https:\/\/tuzlainfo.ba\/wp-content\/uploads\/2025\/09\/1709_tribina-2.jpg","datePublished":"2025-09-17T06:40:36+00:00","dateModified":"2025-09-17T06:40:36+00:00","breadcrumb":{"@id":"https:\/\/tuzlainfo.ba\/index.php\/istaknuto\/item\/280854-poslanik-a-s-nasa-vjecna-inspiracija-hafiz-nedim-botic-odrzao-tribinu-za-mlade-u-tuzli\/#breadcrumb"},"inLanguage":"bs-BA","potentialAction":[{"@type":"ReadAction","target":["https:\/\/tuzlainfo.ba\/index.php\/istaknuto\/item\/280854-poslanik-a-s-nasa-vjecna-inspiracija-hafiz-nedim-botic-odrzao-tribinu-za-mlade-u-tuzli\/"]}]},{"@type":"ImageObject","inLanguage":"bs-BA","@id":"https:\/\/tuzlainfo.ba\/index.php\/istaknuto\/item\/280854-poslanik-a-s-nasa-vjecna-inspiracija-hafiz-nedim-botic-odrzao-tribinu-za-mlade-u-tuzli\/#primaryimage","url":"https:\/\/tuzlainfo.ba\/wp-content\/uploads\/2025\/09\/1709_tribina-2.jpg","contentUrl":"https:\/\/tuzlainfo.ba\/wp-content\/uploads\/2025\/09\/1709_tribina-2.jpg","width":2048,"height":1365},{"@type":"BreadcrumbList","@id":"https:\/\/tuzlainfo.ba\/index.php\/istaknuto\/item\/280854-poslanik-a-s-nasa-vjecna-inspiracija-hafiz-nedim-botic-odrzao-tribinu-za-mlade-u-tuzli\/#breadcrumb","itemListElement":[{"@type":"ListItem","position":1,"name":"Home","item":"https:\/\/tuzlainfo.ba\/"},{"@type":"ListItem","position":2,"name":"&#8220;Poslanik a.s. \u2013 na\u0161a vje\u010dna inspiracija&#8221;: Hafiz Nedim Boti\u0107 odr\u017eao tribinu za mlade u Tuzli"}]},{"@type":"WebSite","@id":"https:\/\/tuzlainfo.ba\/#website","url":"https:\/\/tuzlainfo.ba\/","name":"TuzlaInfo.ba","description":"Tuzla info, gradski informator - Tuzla na dlanu","publisher":{"@id":"https:\/\/tuzlainfo.ba\/#organization"},"potentialAction":[{"@type":"SearchAction","target":{"@type":"EntryPoint","urlTemplate":"https:\/\/tuzlainfo.ba\/?s={search_term_string}"},"query-input":{"@type":"PropertyValueSpecification","valueRequired":true,"valueName":"search_term_string"}}],"inLanguage":"bs-BA"},{"@type":"Organization","@id":"https:\/\/tuzlainfo.ba\/#organization","name":"TuzlaInfo.ba","url":"https:\/\/tuzlainfo.ba\/","logo":{"@type":"ImageObject","inLanguage":"bs-BA","@id":"https:\/\/tuzlainfo.ba\/#\/schema\/logo\/image\/","url":"https:\/\/tuzlainfo.ba\/wp-content\/uploads\/2021\/03\/logo-ver-3-1.png","contentUrl":"https:\/\/tuzlainfo.ba\/wp-content\/uploads\/2021\/03\/logo-ver-3-1.png","width":350,"height":95,"caption":"TuzlaInfo.ba"},"image":{"@id":"https:\/\/tuzlainfo.ba\/#\/schema\/logo\/image\/"},"sameAs":["https:\/\/www.facebook.com\/tuzlainfo.ba\/"]},{"@type":"Person","@id":"https:\/\/tuzlainfo.ba\/#\/schema\/person\/f434e20dc27ea133923aab08451b7f7f","name":"nedim","image":{"@type":"ImageObject","inLanguage":"bs-BA","@id":"https:\/\/tuzlainfo.ba\/#\/schema\/person\/image\/","url":"https:\/\/tuzlainfo.ba\/wp-content\/litespeed\/avatar\/aabad687af24844af817603ac1cbdc4f.jpg?ver=1777306975","contentUrl":"https:\/\/tuzlainfo.ba\/wp-content\/litespeed\/avatar\/aabad687af24844af817603ac1cbdc4f.jpg?ver=1777306975","caption":"nedim"},"description":"Tuzlainfo.ba pratite na dru\u0161tvenim mre\u017eama: Facebook, Instagram i Youtube. Svoje pri\u010de, upite i fotografije \u0161aljite na na\u0161u e-mail adresu."}]}},"_links":{"self":[{"href":"https:\/\/tuzlainfo.ba\/index.php\/wp-json\/wp\/v2\/posts\/280854"}],"collection":[{"href":"https:\/\/tuzlainfo.ba\/index.php\/wp-json\/wp\/v2\/posts"}],"about":[{"href":"https:\/\/tuzlainfo.ba\/index.php\/wp-json\/wp\/v2\/types\/post"}],"author":[{"embeddable":true,"href":"https:\/\/tuzlainfo.ba\/index.php\/wp-json\/wp\/v2\/users\/2"}],"replies":[{"embeddable":true,"href":"https:\/\/tuzlainfo.ba\/index.php\/wp-json\/wp\/v2\/comments?post=280854"}],"version-history":[{"count":1,"href":"https:\/\/tuzlainfo.ba\/index.php\/wp-json\/wp\/v2\/posts\/280854\/revisions"}],"predecessor-version":[{"id":280862,"href":"https:\/\/tuzlainfo.ba\/index.php\/wp-json\/wp\/v2\/posts\/280854\/revisions\/280862"}],"wp:featuredmedia":[{"embeddable":true,"href":"https:\/\/tuzlainfo.ba\/index.php\/wp-json\/wp\/v2\/media\/280855"}],"wp:attachment":[{"href":"https:\/\/tuzlainfo.ba\/index.php\/wp-json\/wp\/v2\/media?parent=280854"}],"wp:term":[{"taxonomy":"category","embeddable":true,"href":"https:\/\/tuzlainfo.ba\/index.php\/wp-json\/wp\/v2\/categories?post=280854"},{"taxonomy":"post_tag","embeddable":true,"href":"https:\/\/tuzlainfo.ba\/index.php\/wp-json\/wp\/v2\/tags?post=280854"}],"curies":[{"name":"wp","href":"https:\/\/api.w.org\/{rel}","templated":true}]}}