{"id":280819,"date":"2025-09-16T20:05:20","date_gmt":"2025-09-16T18:05:20","guid":{"rendered":"https:\/\/tuzlainfo.ba\/?p=280819"},"modified":"2025-09-16T17:40:37","modified_gmt":"2025-09-16T15:40:37","slug":"zlatna-vrpca-na-trgu-slobode-poruka-solidarnosti-i-podrske-djeci-u-borbi-protiv-raka","status":"publish","type":"post","link":"https:\/\/tuzlainfo.ba\/index.php\/istaknuto\/item\/280819-zlatna-vrpca-na-trgu-slobode-poruka-solidarnosti-i-podrske-djeci-u-borbi-protiv-raka\/","title":{"rendered":"Zlatna vrpca na Trgu slobode: Poruka solidarnosti i podr\u0161ke djeci u borbi protiv raka"},"content":{"rendered":"<p data-start=\"226\" data-end=\"538\">Na Trgu slobode u Tuzli odr\u017eana je manifestacija \u201eZlatna vrpca\u201c, posve\u0107ena djeci oboljeloj i izlije\u010denoj od raka, njihovim porodicama i prijateljima. Doga\u0111aj je organizovalo Udru\u017eenje \u201ePIPOL\u201c, uz podr\u0161ku Grada Tuzle,\u00a0 Slu\u017ebe za kulturu, sport, mlade i socijalnu za\u0161titu kroz projekat \u201eZajedno pobijedimo mRAK\u201c.<\/p>\n<p data-start=\"540\" data-end=\"1020\">Manifestaciji se pridru\u017eio i gradona\u010delnik Tuzle, dr. sc. Zijad Lugavi\u0107, isti\u010du\u0107i da je upravo zajedni\u0161tvo najja\u010da snaga u borbi protiv bolesti. \u201ePodr\u0161ka ovakvim manifestacijama je od velikog zna\u010daja jer podi\u017ee svijest o malignim oboljenjima kod djece i va\u017enosti prevencije, ranog otkrivanja i lije\u010denja. Grad Tuzla je uz mlade i udru\u017eenja koja se bave ovim pitanjima, jer samo zajedni\u010dki mo\u017eemo graditi humanije i kvalitetnije okru\u017eenje za sve gra\u0111ane\u201c, kazao je gradona\u010delnik Lugavi\u0107.<\/p>\n<p data-start=\"1022\" data-end=\"1226\">Poseban trenutak obilje\u017eila je simboli\u010dna Zlatna vrpca formirana od ki\u0161obrana \u2013 posve\u0107ena mali\u0161anima koji se lije\u010de, onima koji su iza\u0161li kao pobjednici, ali i u znak sje\u0107anja na prerano uga\u0161ene \u017eivote.<\/p>\n<p data-start=\"1228\" data-end=\"1473\">Gradska uprava Tuzle\u00a0pokazuje posebnu pa\u017enju prema najranjivijim dru\u0161tvenim skupinama i podr\u017eava projekte koji promovi\u0161u humanost, zajedni\u0161tvo i empatiju pru\u017eaju\u0107i podr\u0161ku Udru\u017eenju \u201ePIPOL\u201c kroz projekte koji djeci i porodicama donose ne samo materijalnu, ve\u0107 i psihosocijalnu pomo\u0107, snagu i ohrabrenje.<\/p>\n<p data-start=\"1475\" data-end=\"1676\">Za kontinuiranu podr\u0161ku, gradona\u010delniku Lugavi\u0107u uru\u010dena je zahvalnica Udru\u017eenja \u201ePIPOL\u201c, kao simbol zahvalnosti i zajedni\u010dkog puta ka stvaranju dru\u0161tva koje njeguje humanost, empatiju i solidarnost.<\/p>\n","protected":false},"excerpt":{"rendered":"<p>Na Trgu slobode u Tuzli odr\u017eana je manifestacija \u201eZlatna vrpca\u201c, posve\u0107ena djeci oboljeloj i izlije\u010denoj&hellip;<\/p>\n","protected":false},"author":4,"featured_media":280820,"comment_status":"closed","ping_status":"closed","sticky":false,"template":"","format":"standard","meta":{"_acf_changed":false,"footnotes":""},"categories":[304,12],"tags":[10974],"acf":[],"yoast_head":"<!-- This site is optimized with the Yoast SEO plugin v23.5 - https:\/\/yoast.com\/wordpress\/plugins\/seo\/ -->\n<title>Zlatna vrpca na Trgu slobode: Poruka solidarnosti i podr\u0161ke djeci u borbi protiv raka - TuzlaInfo.ba<\/title>\n<meta name=\"robots\" content=\"index, follow, max-snippet:-1, max-image-preview:large, max-video-preview:-1\" \/>\n<link rel=\"canonical\" href=\"https:\/\/tuzlainfo.ba\/index.php\/istaknuto\/item\/280819-zlatna-vrpca-na-trgu-slobode-poruka-solidarnosti-i-podrske-djeci-u-borbi-protiv-raka\/\" \/>\n<meta property=\"og:locale\" content=\"bs_BA\" \/>\n<meta property=\"og:type\" content=\"article\" \/>\n<meta property=\"og:title\" content=\"Zlatna vrpca na Trgu slobode: Poruka solidarnosti i podr\u0161ke djeci u borbi protiv raka - TuzlaInfo.ba\" \/>\n<meta property=\"og:description\" content=\"Na Trgu slobode u Tuzli odr\u017eana je manifestacija \u201eZlatna vrpca\u201c, posve\u0107ena djeci oboljeloj i izlije\u010denoj&hellip;\" \/>\n<meta property=\"og:url\" content=\"https:\/\/tuzlainfo.ba\/index.php\/istaknuto\/item\/280819-zlatna-vrpca-na-trgu-slobode-poruka-solidarnosti-i-podrske-djeci-u-borbi-protiv-raka\/\" \/>\n<meta property=\"og:site_name\" content=\"TuzlaInfo.ba\" \/>\n<meta property=\"article:publisher\" content=\"https:\/\/www.facebook.com\/tuzlainfo.ba\/\" \/>\n<meta property=\"article:published_time\" content=\"2025-09-16T18:05:20+00:00\" \/>\n<meta property=\"article:modified_time\" content=\"2025-09-16T15:40:37+00:00\" \/>\n<meta property=\"og:image\" content=\"https:\/\/tuzlainfo.ba\/wp-content\/uploads\/2025\/09\/zlatna-vrpca.jpg\" \/>\n\t<meta property=\"og:image:width\" content=\"2560\" \/>\n\t<meta property=\"og:image:height\" content=\"1707\" \/>\n\t<meta property=\"og:image:type\" content=\"image\/jpeg\" \/>\n<meta name=\"author\" content=\"Tuzla Info\" \/>\n<meta name=\"twitter:card\" content=\"summary_large_image\" \/>\n<meta name=\"twitter:label1\" content=\"Written by\" \/>\n\t<meta name=\"twitter:data1\" content=\"Tuzla Info\" \/>\n\t<meta name=\"twitter:label2\" content=\"Est. reading time\" \/>\n\t<meta name=\"twitter:data2\" content=\"2 minute\" \/>\n<script type=\"application\/ld+json\" class=\"yoast-schema-graph\">{\"@context\":\"https:\/\/schema.org\",\"@graph\":[{\"@type\":\"Article\",\"@id\":\"https:\/\/tuzlainfo.ba\/index.php\/istaknuto\/item\/280819-zlatna-vrpca-na-trgu-slobode-poruka-solidarnosti-i-podrske-djeci-u-borbi-protiv-raka\/#article\",\"isPartOf\":{\"@id\":\"https:\/\/tuzlainfo.ba\/index.php\/istaknuto\/item\/280819-zlatna-vrpca-na-trgu-slobode-poruka-solidarnosti-i-podrske-djeci-u-borbi-protiv-raka\/\"},\"author\":{\"name\":\"Tuzla Info\",\"@id\":\"https:\/\/tuzlainfo.ba\/#\/schema\/person\/46cad4c57790cbc50781edd14870825a\"},\"headline\":\"Zlatna vrpca na Trgu slobode: Poruka solidarnosti i podr\u0161ke djeci u borbi protiv raka\",\"datePublished\":\"2025-09-16T18:05:20+00:00\",\"dateModified\":\"2025-09-16T15:40:37+00:00\",\"mainEntityOfPage\":{\"@id\":\"https:\/\/tuzlainfo.ba\/index.php\/istaknuto\/item\/280819-zlatna-vrpca-na-trgu-slobode-poruka-solidarnosti-i-podrske-djeci-u-borbi-protiv-raka\/\"},\"wordCount\":274,\"publisher\":{\"@id\":\"https:\/\/tuzlainfo.ba\/#organization\"},\"image\":{\"@id\":\"https:\/\/tuzlainfo.ba\/index.php\/istaknuto\/item\/280819-zlatna-vrpca-na-trgu-slobode-poruka-solidarnosti-i-podrske-djeci-u-borbi-protiv-raka\/#primaryimage\"},\"thumbnailUrl\":\"https:\/\/tuzlainfo.ba\/wp-content\/uploads\/2025\/09\/zlatna-vrpca.jpg\",\"keywords\":[\"zlatna vrpca\"],\"articleSection\":[\"Istaknuto\",\"Novosti\"],\"inLanguage\":\"bs-BA\"},{\"@type\":\"WebPage\",\"@id\":\"https:\/\/tuzlainfo.ba\/index.php\/istaknuto\/item\/280819-zlatna-vrpca-na-trgu-slobode-poruka-solidarnosti-i-podrske-djeci-u-borbi-protiv-raka\/\",\"url\":\"https:\/\/tuzlainfo.ba\/index.php\/istaknuto\/item\/280819-zlatna-vrpca-na-trgu-slobode-poruka-solidarnosti-i-podrske-djeci-u-borbi-protiv-raka\/\",\"name\":\"Zlatna vrpca na Trgu slobode: Poruka solidarnosti i podr\u0161ke djeci u borbi protiv raka - TuzlaInfo.ba\",\"isPartOf\":{\"@id\":\"https:\/\/tuzlainfo.ba\/#website\"},\"primaryImageOfPage\":{\"@id\":\"https:\/\/tuzlainfo.ba\/index.php\/istaknuto\/item\/280819-zlatna-vrpca-na-trgu-slobode-poruka-solidarnosti-i-podrske-djeci-u-borbi-protiv-raka\/#primaryimage\"},\"image\":{\"@id\":\"https:\/\/tuzlainfo.ba\/index.php\/istaknuto\/item\/280819-zlatna-vrpca-na-trgu-slobode-poruka-solidarnosti-i-podrske-djeci-u-borbi-protiv-raka\/#primaryimage\"},\"thumbnailUrl\":\"https:\/\/tuzlainfo.ba\/wp-content\/uploads\/2025\/09\/zlatna-vrpca.jpg\",\"datePublished\":\"2025-09-16T18:05:20+00:00\",\"dateModified\":\"2025-09-16T15:40:37+00:00\",\"breadcrumb\":{\"@id\":\"https:\/\/tuzlainfo.ba\/index.php\/istaknuto\/item\/280819-zlatna-vrpca-na-trgu-slobode-poruka-solidarnosti-i-podrske-djeci-u-borbi-protiv-raka\/#breadcrumb\"},\"inLanguage\":\"bs-BA\",\"potentialAction\":[{\"@type\":\"ReadAction\",\"target\":[\"https:\/\/tuzlainfo.ba\/index.php\/istaknuto\/item\/280819-zlatna-vrpca-na-trgu-slobode-poruka-solidarnosti-i-podrske-djeci-u-borbi-protiv-raka\/\"]}]},{\"@type\":\"ImageObject\",\"inLanguage\":\"bs-BA\",\"@id\":\"https:\/\/tuzlainfo.ba\/index.php\/istaknuto\/item\/280819-zlatna-vrpca-na-trgu-slobode-poruka-solidarnosti-i-podrske-djeci-u-borbi-protiv-raka\/#primaryimage\",\"url\":\"https:\/\/tuzlainfo.ba\/wp-content\/uploads\/2025\/09\/zlatna-vrpca.jpg\",\"contentUrl\":\"https:\/\/tuzlainfo.ba\/wp-content\/uploads\/2025\/09\/zlatna-vrpca.jpg\",\"width\":2560,\"height\":1707},{\"@type\":\"BreadcrumbList\",\"@id\":\"https:\/\/tuzlainfo.ba\/index.php\/istaknuto\/item\/280819-zlatna-vrpca-na-trgu-slobode-poruka-solidarnosti-i-podrske-djeci-u-borbi-protiv-raka\/#breadcrumb\",\"itemListElement\":[{\"@type\":\"ListItem\",\"position\":1,\"name\":\"Home\",\"item\":\"https:\/\/tuzlainfo.ba\/\"},{\"@type\":\"ListItem\",\"position\":2,\"name\":\"Zlatna vrpca na Trgu slobode: Poruka solidarnosti i podr\u0161ke djeci u borbi protiv raka\"}]},{\"@type\":\"WebSite\",\"@id\":\"https:\/\/tuzlainfo.ba\/#website\",\"url\":\"https:\/\/tuzlainfo.ba\/\",\"name\":\"TuzlaInfo.ba\",\"description\":\"Tuzla info, gradski informator - Tuzla na dlanu\",\"publisher\":{\"@id\":\"https:\/\/tuzlainfo.ba\/#organization\"},\"potentialAction\":[{\"@type\":\"SearchAction\",\"target\":{\"@type\":\"EntryPoint\",\"urlTemplate\":\"https:\/\/tuzlainfo.ba\/?s={search_term_string}\"},\"query-input\":{\"@type\":\"PropertyValueSpecification\",\"valueRequired\":true,\"valueName\":\"search_term_string\"}}],\"inLanguage\":\"bs-BA\"},{\"@type\":\"Organization\",\"@id\":\"https:\/\/tuzlainfo.ba\/#organization\",\"name\":\"TuzlaInfo.ba\",\"url\":\"https:\/\/tuzlainfo.ba\/\",\"logo\":{\"@type\":\"ImageObject\",\"inLanguage\":\"bs-BA\",\"@id\":\"https:\/\/tuzlainfo.ba\/#\/schema\/logo\/image\/\",\"url\":\"https:\/\/tuzlainfo.ba\/wp-content\/uploads\/2021\/03\/logo-ver-3-1.png\",\"contentUrl\":\"https:\/\/tuzlainfo.ba\/wp-content\/uploads\/2021\/03\/logo-ver-3-1.png\",\"width\":350,\"height\":95,\"caption\":\"TuzlaInfo.ba\"},\"image\":{\"@id\":\"https:\/\/tuzlainfo.ba\/#\/schema\/logo\/image\/\"},\"sameAs\":[\"https:\/\/www.facebook.com\/tuzlainfo.ba\/\"]},{\"@type\":\"Person\",\"@id\":\"https:\/\/tuzlainfo.ba\/#\/schema\/person\/46cad4c57790cbc50781edd14870825a\",\"name\":\"Tuzla Info\",\"image\":{\"@type\":\"ImageObject\",\"inLanguage\":\"bs-BA\",\"@id\":\"https:\/\/tuzlainfo.ba\/#\/schema\/person\/image\/\",\"url\":\"https:\/\/tuzlainfo.ba\/wp-content\/litespeed\/avatar\/b6c453a6c38e3654f2e4416c643fc25c.jpg?ver=1777051911\",\"contentUrl\":\"https:\/\/tuzlainfo.ba\/wp-content\/litespeed\/avatar\/b6c453a6c38e3654f2e4416c643fc25c.jpg?ver=1777051911\",\"caption\":\"Tuzla Info\"}}]}<\/script>\n<!-- \/ Yoast SEO plugin. -->","yoast_head_json":{"title":"Zlatna vrpca na Trgu slobode: Poruka solidarnosti i podr\u0161ke djeci u borbi protiv raka - TuzlaInfo.ba","robots":{"index":"index","follow":"follow","max-snippet":"max-snippet:-1","max-image-preview":"max-image-preview:large","max-video-preview":"max-video-preview:-1"},"canonical":"https:\/\/tuzlainfo.ba\/index.php\/istaknuto\/item\/280819-zlatna-vrpca-na-trgu-slobode-poruka-solidarnosti-i-podrske-djeci-u-borbi-protiv-raka\/","og_locale":"bs_BA","og_type":"article","og_title":"Zlatna vrpca na Trgu slobode: Poruka solidarnosti i podr\u0161ke djeci u borbi protiv raka - TuzlaInfo.ba","og_description":"Na Trgu slobode u Tuzli odr\u017eana je manifestacija \u201eZlatna vrpca\u201c, posve\u0107ena djeci oboljeloj i izlije\u010denoj&hellip;","og_url":"https:\/\/tuzlainfo.ba\/index.php\/istaknuto\/item\/280819-zlatna-vrpca-na-trgu-slobode-poruka-solidarnosti-i-podrske-djeci-u-borbi-protiv-raka\/","og_site_name":"TuzlaInfo.ba","article_publisher":"https:\/\/www.facebook.com\/tuzlainfo.ba\/","article_published_time":"2025-09-16T18:05:20+00:00","article_modified_time":"2025-09-16T15:40:37+00:00","og_image":[{"width":2560,"height":1707,"url":"https:\/\/tuzlainfo.ba\/wp-content\/uploads\/2025\/09\/zlatna-vrpca.jpg","type":"image\/jpeg"}],"author":"Tuzla Info","twitter_card":"summary_large_image","twitter_misc":{"Written by":"Tuzla Info","Est. reading time":"2 minute"},"schema":{"@context":"https:\/\/schema.org","@graph":[{"@type":"Article","@id":"https:\/\/tuzlainfo.ba\/index.php\/istaknuto\/item\/280819-zlatna-vrpca-na-trgu-slobode-poruka-solidarnosti-i-podrske-djeci-u-borbi-protiv-raka\/#article","isPartOf":{"@id":"https:\/\/tuzlainfo.ba\/index.php\/istaknuto\/item\/280819-zlatna-vrpca-na-trgu-slobode-poruka-solidarnosti-i-podrske-djeci-u-borbi-protiv-raka\/"},"author":{"name":"Tuzla Info","@id":"https:\/\/tuzlainfo.ba\/#\/schema\/person\/46cad4c57790cbc50781edd14870825a"},"headline":"Zlatna vrpca na Trgu slobode: Poruka solidarnosti i podr\u0161ke djeci u borbi protiv raka","datePublished":"2025-09-16T18:05:20+00:00","dateModified":"2025-09-16T15:40:37+00:00","mainEntityOfPage":{"@id":"https:\/\/tuzlainfo.ba\/index.php\/istaknuto\/item\/280819-zlatna-vrpca-na-trgu-slobode-poruka-solidarnosti-i-podrske-djeci-u-borbi-protiv-raka\/"},"wordCount":274,"publisher":{"@id":"https:\/\/tuzlainfo.ba\/#organization"},"image":{"@id":"https:\/\/tuzlainfo.ba\/index.php\/istaknuto\/item\/280819-zlatna-vrpca-na-trgu-slobode-poruka-solidarnosti-i-podrske-djeci-u-borbi-protiv-raka\/#primaryimage"},"thumbnailUrl":"https:\/\/tuzlainfo.ba\/wp-content\/uploads\/2025\/09\/zlatna-vrpca.jpg","keywords":["zlatna vrpca"],"articleSection":["Istaknuto","Novosti"],"inLanguage":"bs-BA"},{"@type":"WebPage","@id":"https:\/\/tuzlainfo.ba\/index.php\/istaknuto\/item\/280819-zlatna-vrpca-na-trgu-slobode-poruka-solidarnosti-i-podrske-djeci-u-borbi-protiv-raka\/","url":"https:\/\/tuzlainfo.ba\/index.php\/istaknuto\/item\/280819-zlatna-vrpca-na-trgu-slobode-poruka-solidarnosti-i-podrske-djeci-u-borbi-protiv-raka\/","name":"Zlatna vrpca na Trgu slobode: Poruka solidarnosti i podr\u0161ke djeci u borbi protiv raka - TuzlaInfo.ba","isPartOf":{"@id":"https:\/\/tuzlainfo.ba\/#website"},"primaryImageOfPage":{"@id":"https:\/\/tuzlainfo.ba\/index.php\/istaknuto\/item\/280819-zlatna-vrpca-na-trgu-slobode-poruka-solidarnosti-i-podrske-djeci-u-borbi-protiv-raka\/#primaryimage"},"image":{"@id":"https:\/\/tuzlainfo.ba\/index.php\/istaknuto\/item\/280819-zlatna-vrpca-na-trgu-slobode-poruka-solidarnosti-i-podrske-djeci-u-borbi-protiv-raka\/#primaryimage"},"thumbnailUrl":"https:\/\/tuzlainfo.ba\/wp-content\/uploads\/2025\/09\/zlatna-vrpca.jpg","datePublished":"2025-09-16T18:05:20+00:00","dateModified":"2025-09-16T15:40:37+00:00","breadcrumb":{"@id":"https:\/\/tuzlainfo.ba\/index.php\/istaknuto\/item\/280819-zlatna-vrpca-na-trgu-slobode-poruka-solidarnosti-i-podrske-djeci-u-borbi-protiv-raka\/#breadcrumb"},"inLanguage":"bs-BA","potentialAction":[{"@type":"ReadAction","target":["https:\/\/tuzlainfo.ba\/index.php\/istaknuto\/item\/280819-zlatna-vrpca-na-trgu-slobode-poruka-solidarnosti-i-podrske-djeci-u-borbi-protiv-raka\/"]}]},{"@type":"ImageObject","inLanguage":"bs-BA","@id":"https:\/\/tuzlainfo.ba\/index.php\/istaknuto\/item\/280819-zlatna-vrpca-na-trgu-slobode-poruka-solidarnosti-i-podrske-djeci-u-borbi-protiv-raka\/#primaryimage","url":"https:\/\/tuzlainfo.ba\/wp-content\/uploads\/2025\/09\/zlatna-vrpca.jpg","contentUrl":"https:\/\/tuzlainfo.ba\/wp-content\/uploads\/2025\/09\/zlatna-vrpca.jpg","width":2560,"height":1707},{"@type":"BreadcrumbList","@id":"https:\/\/tuzlainfo.ba\/index.php\/istaknuto\/item\/280819-zlatna-vrpca-na-trgu-slobode-poruka-solidarnosti-i-podrske-djeci-u-borbi-protiv-raka\/#breadcrumb","itemListElement":[{"@type":"ListItem","position":1,"name":"Home","item":"https:\/\/tuzlainfo.ba\/"},{"@type":"ListItem","position":2,"name":"Zlatna vrpca na Trgu slobode: Poruka solidarnosti i podr\u0161ke djeci u borbi protiv raka"}]},{"@type":"WebSite","@id":"https:\/\/tuzlainfo.ba\/#website","url":"https:\/\/tuzlainfo.ba\/","name":"TuzlaInfo.ba","description":"Tuzla info, gradski informator - Tuzla na dlanu","publisher":{"@id":"https:\/\/tuzlainfo.ba\/#organization"},"potentialAction":[{"@type":"SearchAction","target":{"@type":"EntryPoint","urlTemplate":"https:\/\/tuzlainfo.ba\/?s={search_term_string}"},"query-input":{"@type":"PropertyValueSpecification","valueRequired":true,"valueName":"search_term_string"}}],"inLanguage":"bs-BA"},{"@type":"Organization","@id":"https:\/\/tuzlainfo.ba\/#organization","name":"TuzlaInfo.ba","url":"https:\/\/tuzlainfo.ba\/","logo":{"@type":"ImageObject","inLanguage":"bs-BA","@id":"https:\/\/tuzlainfo.ba\/#\/schema\/logo\/image\/","url":"https:\/\/tuzlainfo.ba\/wp-content\/uploads\/2021\/03\/logo-ver-3-1.png","contentUrl":"https:\/\/tuzlainfo.ba\/wp-content\/uploads\/2021\/03\/logo-ver-3-1.png","width":350,"height":95,"caption":"TuzlaInfo.ba"},"image":{"@id":"https:\/\/tuzlainfo.ba\/#\/schema\/logo\/image\/"},"sameAs":["https:\/\/www.facebook.com\/tuzlainfo.ba\/"]},{"@type":"Person","@id":"https:\/\/tuzlainfo.ba\/#\/schema\/person\/46cad4c57790cbc50781edd14870825a","name":"Tuzla Info","image":{"@type":"ImageObject","inLanguage":"bs-BA","@id":"https:\/\/tuzlainfo.ba\/#\/schema\/person\/image\/","url":"https:\/\/tuzlainfo.ba\/wp-content\/litespeed\/avatar\/b6c453a6c38e3654f2e4416c643fc25c.jpg?ver=1777051911","contentUrl":"https:\/\/tuzlainfo.ba\/wp-content\/litespeed\/avatar\/b6c453a6c38e3654f2e4416c643fc25c.jpg?ver=1777051911","caption":"Tuzla Info"}}]}},"_links":{"self":[{"href":"https:\/\/tuzlainfo.ba\/index.php\/wp-json\/wp\/v2\/posts\/280819"}],"collection":[{"href":"https:\/\/tuzlainfo.ba\/index.php\/wp-json\/wp\/v2\/posts"}],"about":[{"href":"https:\/\/tuzlainfo.ba\/index.php\/wp-json\/wp\/v2\/types\/post"}],"author":[{"embeddable":true,"href":"https:\/\/tuzlainfo.ba\/index.php\/wp-json\/wp\/v2\/users\/4"}],"replies":[{"embeddable":true,"href":"https:\/\/tuzlainfo.ba\/index.php\/wp-json\/wp\/v2\/comments?post=280819"}],"version-history":[{"count":1,"href":"https:\/\/tuzlainfo.ba\/index.php\/wp-json\/wp\/v2\/posts\/280819\/revisions"}],"predecessor-version":[{"id":280821,"href":"https:\/\/tuzlainfo.ba\/index.php\/wp-json\/wp\/v2\/posts\/280819\/revisions\/280821"}],"wp:featuredmedia":[{"embeddable":true,"href":"https:\/\/tuzlainfo.ba\/index.php\/wp-json\/wp\/v2\/media\/280820"}],"wp:attachment":[{"href":"https:\/\/tuzlainfo.ba\/index.php\/wp-json\/wp\/v2\/media?parent=280819"}],"wp:term":[{"taxonomy":"category","embeddable":true,"href":"https:\/\/tuzlainfo.ba\/index.php\/wp-json\/wp\/v2\/categories?post=280819"},{"taxonomy":"post_tag","embeddable":true,"href":"https:\/\/tuzlainfo.ba\/index.php\/wp-json\/wp\/v2\/tags?post=280819"}],"curies":[{"name":"wp","href":"https:\/\/api.w.org\/{rel}","templated":true}]}}