{"id":280733,"date":"2025-09-16T11:07:15","date_gmt":"2025-09-16T09:07:15","guid":{"rendered":"https:\/\/tuzlainfo.ba\/?p=280733"},"modified":"2025-09-16T07:35:16","modified_gmt":"2025-09-16T05:35:16","slug":"mladi-autori-iz-tk-kroz-film-cuvaju-istinu-o-genocidu-u-srebrenici","status":"publish","type":"post","link":"https:\/\/tuzlainfo.ba\/index.php\/istaknuto\/item\/280733-mladi-autori-iz-tk-kroz-film-cuvaju-istinu-o-genocidu-u-srebrenici\/","title":{"rendered":"Mladi autori iz TK kroz film \u010duvaju istinu o genocidu u Srebrenici"},"content":{"rendered":"<p>Deset kratkih u\u010deni\u010dkih filmova koji su u\u0161li u u\u017ei izbor po ocjeni stru\u010dnog \u017eirija, predstavljeni su danas na Univerzitetu u Tuzli. Rije\u010d je o u\u010deni\u010dkim kratkim filmovima po konkursu Univerziteta u Tuzli na temu \u201eGenocid nad Bo\u0161njacima u Srebrenici\u201c, s posebnim naglaskom na ljudska prava, dostojanstvo \u017ertava, borbu za istinu i pravdu, suo\u010davanje s pro\u0161lo\u0161\u0107u i va\u017enost kulture sje\u0107anja.<\/p>\n<p>Ova filmska pri\u010da je sastavni dio obilje\u017eavanja 30-te godi\u0161njice genocida nad Bo\u0161njacima u Srebrenici, \u010diji su organizatori Ministarstvo obrazovanja i nauke TK i Univerzitet u Tuzli. \u201eMoram naglasiti da su mnoge ideje i kretale od studenata. To je veoma zna\u010dajno da mladi ljudi razumije kakve su razmjere genocida bile, da razumiju da je genocid presu\u0111en na najzna\u010dajnijim sudovima u svijetu, da postoji rezolucija Generalne skup\u0161tine Ujedinjenih nacija i na\u0161e je da nastavimo sa integracijom svih sadr\u017eaja o genocidu u nastavne planove i programe\u201c \u2013 rekao je dr. sc. Ahmed Omerovi\u0107, ministar obrazovanja i nauke Tuzlanskog kantona.<\/p>\n<p>\u201eOvo nam je od posebne va\u017enosti i ja zaista \u010destitam svim ovim mladim ljudima, studentima i u\u010denicima \u010dije \u0107emo filmove imati priliku da vidimo, jer su oni ti koji trebaju da preuzmu ulogu \u010duvara istine\u201c \u2013 kazala je prof. dr. Nermina Had\u017eigrahi\u0107, rektorica Univerziteta u Tuzli.<\/p>\n<p>Stru\u010dni \u017eiri sastavljen od univerzitetskih profesora iz oblasti medija, ljudskih prava i filmske produkcije je od 27 pristiglih kratkih filmova sa\u010dinio listu od deset filmova koji su ostvarili najve\u0107i broj bodova na osnovu sljede\u0107ih kriterija: narativna vrijednost i jasno\u0107a poruke, kreativnost i originalnost pristupa, umjetni\u010dki izra\u017eaj i emocija, tehni\u010dka realizacija i produkcijski kvalitet i relevantnost teme i doprinos kulturi sje\u0107anja.<\/p>\n<p>Me\u0111u deset kratkih filmova koji su u\u0161li u u\u017ei izbor je i filmsko ostvarenje Emine Gabelji\u0107, u\u010denice Mje\u0161ovite srednje \u0161kole Banovi\u0107i pod nazivom \u201eStaza\u201c. \u201eMoj otac je pre\u017eivio genocid u Srebrenici i prije snimanja filma sam se posavjetovala sa njim. Ovo nije neka izmi\u0161ljena pri\u010da, nego stvarni doga\u0111aji o kojima se vrijedi pri\u010dati\u201c \u2013 kazala je Emina autorica filma.<\/p>\n<p>Alefendi\u0107 Ajdin i Avdi\u0107 Lamija, u\u010denici Elektrotehni\u010dke \u0161kole u Tuzli su autori filma posve\u0107en \u017ertvama genodida u Srebrenici. \u201eMi smo radili film \u201eSje\u0107anje o genocidu u Srebrenici\u201c, gdje smo obradili tu temu i potrudili se da \u0161to bli\u017ee prika\u017eemo ljudima na\u010din na koji se sve to desilo\u201c \u2013 kazala je Nadina \u0160iljegovi\u0107, u\u010denica Elektrotehni\u010dke \u0161kole iz Tuzle.<\/p>\n<p>Filmska ostvarenja u\u010denika Gimnazije \u201eMe\u0161a Selimovi\u0107\u201c iz Tuzle, Katoli\u010dkog \u0161kolskog centra \u201cSveti Franjo\u201d Tuzla, Srednje medicinske \u0161kole Tuzla, Osnovne \u0161kole \u201eLukavica\u201c Gra\u010danica, Richmond Park International Secondary School Tuzla, Osnovne \u0161kole \u201eHasan Kiki\u0107\u201c Gra\u010danica i Mje\u0161ovite srednje hemijske \u0161kole Tuzla, na\u0161le su se u u\u017eem izboru najboljih kratkih filmova.<\/p>\n<p>Za najbolji film progla\u0161en je animirani film \u201eJedna pri\u010da, hljade sudbina\u201c, autora Rami\u0107 Emila, Halilovi\u0107 Ajnura, Im\u0161irovi\u0107 Harisa i Juki\u0107 Berine, u\u010denika JU Centar za obrazovanje i vaspitanje i rehabilitaciju slu\u0161anja i govora Tuzla. \u201eFilm se zove jedna pri\u010da, hiljade sudbina. U filmu se pri\u010da o stradanju Bo\u0161njaka, o stradanju u gradu koji se desio davne 1995.godine. Film je poruka budu\u0107im generacijama da to pamtimo i nikada ne zaboravimo\u201c \u2013 poru\u010dio je u\u010denik Aldin Aganovi\u0107.<\/p>\n<p>Drugo mjesto podijelili su filmovi Alefendi\u0107 Ajdina i Avdi\u0107 Lamije iz Elektrotehni\u010dke \u0161kole u Tuzli i D\u017eaferu D\u017eaferovi\u0107u, u\u010deniku Gimnazije \u201eMe\u0161a Selimovi\u0107\u201c Tuzla.<\/p>\n<p>Svim u\u010desnicima konkursa su dodijeljene zahvalnice, a za tri prvonagra\u0111ena filmska ostvarenja diplome i prigodni pokloni.<\/p>\n","protected":false},"excerpt":{"rendered":"<p>Deset kratkih u\u010deni\u010dkih filmova koji su u\u0161li u u\u017ei izbor po ocjeni stru\u010dnog \u017eirija, predstavljeni&hellip;<\/p>\n","protected":false},"author":4,"featured_media":280734,"comment_status":"closed","ping_status":"closed","sticky":false,"template":"","format":"standard","meta":{"_acf_changed":false,"footnotes":""},"categories":[304,12],"tags":[12730,369,352,1303],"acf":[],"yoast_head":"<!-- This site is optimized with the Yoast SEO plugin v23.5 - https:\/\/yoast.com\/wordpress\/plugins\/seo\/ -->\n<title>Mladi autori iz TK kroz film \u010duvaju istinu o genocidu u Srebrenici - TuzlaInfo.ba<\/title>\n<meta name=\"robots\" content=\"index, follow, max-snippet:-1, max-image-preview:large, max-video-preview:-1\" \/>\n<link rel=\"canonical\" href=\"https:\/\/tuzlainfo.ba\/index.php\/istaknuto\/item\/280733-mladi-autori-iz-tk-kroz-film-cuvaju-istinu-o-genocidu-u-srebrenici\/\" \/>\n<meta property=\"og:locale\" content=\"bs_BA\" \/>\n<meta property=\"og:type\" content=\"article\" \/>\n<meta property=\"og:title\" content=\"Mladi autori iz TK kroz film \u010duvaju istinu o genocidu u Srebrenici - TuzlaInfo.ba\" \/>\n<meta property=\"og:description\" content=\"Deset kratkih u\u010deni\u010dkih filmova koji su u\u0161li u u\u017ei izbor po ocjeni stru\u010dnog \u017eirija, predstavljeni&hellip;\" \/>\n<meta property=\"og:url\" content=\"https:\/\/tuzlainfo.ba\/index.php\/istaknuto\/item\/280733-mladi-autori-iz-tk-kroz-film-cuvaju-istinu-o-genocidu-u-srebrenici\/\" \/>\n<meta property=\"og:site_name\" content=\"TuzlaInfo.ba\" \/>\n<meta property=\"article:publisher\" content=\"https:\/\/www.facebook.com\/tuzlainfo.ba\/\" \/>\n<meta property=\"article:published_time\" content=\"2025-09-16T09:07:15+00:00\" \/>\n<meta property=\"article:modified_time\" content=\"2025-09-16T05:35:16+00:00\" \/>\n<meta property=\"og:image\" content=\"https:\/\/tuzlainfo.ba\/wp-content\/uploads\/2025\/09\/1757944821_68c81bf55afee.jpg\" \/>\n\t<meta property=\"og:image:width\" content=\"2560\" \/>\n\t<meta property=\"og:image:height\" content=\"1707\" \/>\n\t<meta property=\"og:image:type\" content=\"image\/jpeg\" \/>\n<meta name=\"author\" content=\"Tuzla Info\" \/>\n<meta name=\"twitter:card\" content=\"summary_large_image\" \/>\n<meta name=\"twitter:label1\" content=\"Written by\" \/>\n\t<meta name=\"twitter:data1\" content=\"Tuzla Info\" \/>\n\t<meta name=\"twitter:label2\" content=\"Est. reading time\" \/>\n\t<meta name=\"twitter:data2\" content=\"4 minute\" \/>\n<script type=\"application\/ld+json\" class=\"yoast-schema-graph\">{\"@context\":\"https:\/\/schema.org\",\"@graph\":[{\"@type\":\"Article\",\"@id\":\"https:\/\/tuzlainfo.ba\/index.php\/istaknuto\/item\/280733-mladi-autori-iz-tk-kroz-film-cuvaju-istinu-o-genocidu-u-srebrenici\/#article\",\"isPartOf\":{\"@id\":\"https:\/\/tuzlainfo.ba\/index.php\/istaknuto\/item\/280733-mladi-autori-iz-tk-kroz-film-cuvaju-istinu-o-genocidu-u-srebrenici\/\"},\"author\":{\"name\":\"Tuzla Info\",\"@id\":\"https:\/\/tuzlainfo.ba\/#\/schema\/person\/46cad4c57790cbc50781edd14870825a\"},\"headline\":\"Mladi autori iz TK kroz film \u010duvaju istinu o genocidu u Srebrenici\",\"datePublished\":\"2025-09-16T09:07:15+00:00\",\"dateModified\":\"2025-09-16T05:35:16+00:00\",\"mainEntityOfPage\":{\"@id\":\"https:\/\/tuzlainfo.ba\/index.php\/istaknuto\/item\/280733-mladi-autori-iz-tk-kroz-film-cuvaju-istinu-o-genocidu-u-srebrenici\/\"},\"wordCount\":627,\"publisher\":{\"@id\":\"https:\/\/tuzlainfo.ba\/#organization\"},\"image\":{\"@id\":\"https:\/\/tuzlainfo.ba\/index.php\/istaknuto\/item\/280733-mladi-autori-iz-tk-kroz-film-cuvaju-istinu-o-genocidu-u-srebrenici\/#primaryimage\"},\"thumbnailUrl\":\"https:\/\/tuzlainfo.ba\/wp-content\/uploads\/2025\/09\/1757944821_68c81bf55afee.jpg\",\"keywords\":[\"filmovi\",\"genocid\",\"srebrenica\",\"univerzitet u tuzli\"],\"articleSection\":[\"Istaknuto\",\"Novosti\"],\"inLanguage\":\"bs-BA\"},{\"@type\":\"WebPage\",\"@id\":\"https:\/\/tuzlainfo.ba\/index.php\/istaknuto\/item\/280733-mladi-autori-iz-tk-kroz-film-cuvaju-istinu-o-genocidu-u-srebrenici\/\",\"url\":\"https:\/\/tuzlainfo.ba\/index.php\/istaknuto\/item\/280733-mladi-autori-iz-tk-kroz-film-cuvaju-istinu-o-genocidu-u-srebrenici\/\",\"name\":\"Mladi autori iz TK kroz film \u010duvaju istinu o genocidu u Srebrenici - TuzlaInfo.ba\",\"isPartOf\":{\"@id\":\"https:\/\/tuzlainfo.ba\/#website\"},\"primaryImageOfPage\":{\"@id\":\"https:\/\/tuzlainfo.ba\/index.php\/istaknuto\/item\/280733-mladi-autori-iz-tk-kroz-film-cuvaju-istinu-o-genocidu-u-srebrenici\/#primaryimage\"},\"image\":{\"@id\":\"https:\/\/tuzlainfo.ba\/index.php\/istaknuto\/item\/280733-mladi-autori-iz-tk-kroz-film-cuvaju-istinu-o-genocidu-u-srebrenici\/#primaryimage\"},\"thumbnailUrl\":\"https:\/\/tuzlainfo.ba\/wp-content\/uploads\/2025\/09\/1757944821_68c81bf55afee.jpg\",\"datePublished\":\"2025-09-16T09:07:15+00:00\",\"dateModified\":\"2025-09-16T05:35:16+00:00\",\"breadcrumb\":{\"@id\":\"https:\/\/tuzlainfo.ba\/index.php\/istaknuto\/item\/280733-mladi-autori-iz-tk-kroz-film-cuvaju-istinu-o-genocidu-u-srebrenici\/#breadcrumb\"},\"inLanguage\":\"bs-BA\",\"potentialAction\":[{\"@type\":\"ReadAction\",\"target\":[\"https:\/\/tuzlainfo.ba\/index.php\/istaknuto\/item\/280733-mladi-autori-iz-tk-kroz-film-cuvaju-istinu-o-genocidu-u-srebrenici\/\"]}]},{\"@type\":\"ImageObject\",\"inLanguage\":\"bs-BA\",\"@id\":\"https:\/\/tuzlainfo.ba\/index.php\/istaknuto\/item\/280733-mladi-autori-iz-tk-kroz-film-cuvaju-istinu-o-genocidu-u-srebrenici\/#primaryimage\",\"url\":\"https:\/\/tuzlainfo.ba\/wp-content\/uploads\/2025\/09\/1757944821_68c81bf55afee.jpg\",\"contentUrl\":\"https:\/\/tuzlainfo.ba\/wp-content\/uploads\/2025\/09\/1757944821_68c81bf55afee.jpg\",\"width\":2560,\"height\":1707},{\"@type\":\"BreadcrumbList\",\"@id\":\"https:\/\/tuzlainfo.ba\/index.php\/istaknuto\/item\/280733-mladi-autori-iz-tk-kroz-film-cuvaju-istinu-o-genocidu-u-srebrenici\/#breadcrumb\",\"itemListElement\":[{\"@type\":\"ListItem\",\"position\":1,\"name\":\"Home\",\"item\":\"https:\/\/tuzlainfo.ba\/\"},{\"@type\":\"ListItem\",\"position\":2,\"name\":\"Mladi autori iz TK kroz film \u010duvaju istinu o genocidu u Srebrenici\"}]},{\"@type\":\"WebSite\",\"@id\":\"https:\/\/tuzlainfo.ba\/#website\",\"url\":\"https:\/\/tuzlainfo.ba\/\",\"name\":\"TuzlaInfo.ba\",\"description\":\"Tuzla info, gradski informator - Tuzla na dlanu\",\"publisher\":{\"@id\":\"https:\/\/tuzlainfo.ba\/#organization\"},\"potentialAction\":[{\"@type\":\"SearchAction\",\"target\":{\"@type\":\"EntryPoint\",\"urlTemplate\":\"https:\/\/tuzlainfo.ba\/?s={search_term_string}\"},\"query-input\":{\"@type\":\"PropertyValueSpecification\",\"valueRequired\":true,\"valueName\":\"search_term_string\"}}],\"inLanguage\":\"bs-BA\"},{\"@type\":\"Organization\",\"@id\":\"https:\/\/tuzlainfo.ba\/#organization\",\"name\":\"TuzlaInfo.ba\",\"url\":\"https:\/\/tuzlainfo.ba\/\",\"logo\":{\"@type\":\"ImageObject\",\"inLanguage\":\"bs-BA\",\"@id\":\"https:\/\/tuzlainfo.ba\/#\/schema\/logo\/image\/\",\"url\":\"https:\/\/tuzlainfo.ba\/wp-content\/uploads\/2021\/03\/logo-ver-3-1.png\",\"contentUrl\":\"https:\/\/tuzlainfo.ba\/wp-content\/uploads\/2021\/03\/logo-ver-3-1.png\",\"width\":350,\"height\":95,\"caption\":\"TuzlaInfo.ba\"},\"image\":{\"@id\":\"https:\/\/tuzlainfo.ba\/#\/schema\/logo\/image\/\"},\"sameAs\":[\"https:\/\/www.facebook.com\/tuzlainfo.ba\/\"]},{\"@type\":\"Person\",\"@id\":\"https:\/\/tuzlainfo.ba\/#\/schema\/person\/46cad4c57790cbc50781edd14870825a\",\"name\":\"Tuzla Info\",\"image\":{\"@type\":\"ImageObject\",\"inLanguage\":\"bs-BA\",\"@id\":\"https:\/\/tuzlainfo.ba\/#\/schema\/person\/image\/\",\"url\":\"https:\/\/tuzlainfo.ba\/wp-content\/litespeed\/avatar\/b6c453a6c38e3654f2e4416c643fc25c.jpg?ver=1777656712\",\"contentUrl\":\"https:\/\/tuzlainfo.ba\/wp-content\/litespeed\/avatar\/b6c453a6c38e3654f2e4416c643fc25c.jpg?ver=1777656712\",\"caption\":\"Tuzla Info\"}}]}<\/script>\n<!-- \/ Yoast SEO plugin. -->","yoast_head_json":{"title":"Mladi autori iz TK kroz film \u010duvaju istinu o genocidu u Srebrenici - TuzlaInfo.ba","robots":{"index":"index","follow":"follow","max-snippet":"max-snippet:-1","max-image-preview":"max-image-preview:large","max-video-preview":"max-video-preview:-1"},"canonical":"https:\/\/tuzlainfo.ba\/index.php\/istaknuto\/item\/280733-mladi-autori-iz-tk-kroz-film-cuvaju-istinu-o-genocidu-u-srebrenici\/","og_locale":"bs_BA","og_type":"article","og_title":"Mladi autori iz TK kroz film \u010duvaju istinu o genocidu u Srebrenici - TuzlaInfo.ba","og_description":"Deset kratkih u\u010deni\u010dkih filmova koji su u\u0161li u u\u017ei izbor po ocjeni stru\u010dnog \u017eirija, predstavljeni&hellip;","og_url":"https:\/\/tuzlainfo.ba\/index.php\/istaknuto\/item\/280733-mladi-autori-iz-tk-kroz-film-cuvaju-istinu-o-genocidu-u-srebrenici\/","og_site_name":"TuzlaInfo.ba","article_publisher":"https:\/\/www.facebook.com\/tuzlainfo.ba\/","article_published_time":"2025-09-16T09:07:15+00:00","article_modified_time":"2025-09-16T05:35:16+00:00","og_image":[{"width":2560,"height":1707,"url":"https:\/\/tuzlainfo.ba\/wp-content\/uploads\/2025\/09\/1757944821_68c81bf55afee.jpg","type":"image\/jpeg"}],"author":"Tuzla Info","twitter_card":"summary_large_image","twitter_misc":{"Written by":"Tuzla Info","Est. reading time":"4 minute"},"schema":{"@context":"https:\/\/schema.org","@graph":[{"@type":"Article","@id":"https:\/\/tuzlainfo.ba\/index.php\/istaknuto\/item\/280733-mladi-autori-iz-tk-kroz-film-cuvaju-istinu-o-genocidu-u-srebrenici\/#article","isPartOf":{"@id":"https:\/\/tuzlainfo.ba\/index.php\/istaknuto\/item\/280733-mladi-autori-iz-tk-kroz-film-cuvaju-istinu-o-genocidu-u-srebrenici\/"},"author":{"name":"Tuzla Info","@id":"https:\/\/tuzlainfo.ba\/#\/schema\/person\/46cad4c57790cbc50781edd14870825a"},"headline":"Mladi autori iz TK kroz film \u010duvaju istinu o genocidu u Srebrenici","datePublished":"2025-09-16T09:07:15+00:00","dateModified":"2025-09-16T05:35:16+00:00","mainEntityOfPage":{"@id":"https:\/\/tuzlainfo.ba\/index.php\/istaknuto\/item\/280733-mladi-autori-iz-tk-kroz-film-cuvaju-istinu-o-genocidu-u-srebrenici\/"},"wordCount":627,"publisher":{"@id":"https:\/\/tuzlainfo.ba\/#organization"},"image":{"@id":"https:\/\/tuzlainfo.ba\/index.php\/istaknuto\/item\/280733-mladi-autori-iz-tk-kroz-film-cuvaju-istinu-o-genocidu-u-srebrenici\/#primaryimage"},"thumbnailUrl":"https:\/\/tuzlainfo.ba\/wp-content\/uploads\/2025\/09\/1757944821_68c81bf55afee.jpg","keywords":["filmovi","genocid","srebrenica","univerzitet u tuzli"],"articleSection":["Istaknuto","Novosti"],"inLanguage":"bs-BA"},{"@type":"WebPage","@id":"https:\/\/tuzlainfo.ba\/index.php\/istaknuto\/item\/280733-mladi-autori-iz-tk-kroz-film-cuvaju-istinu-o-genocidu-u-srebrenici\/","url":"https:\/\/tuzlainfo.ba\/index.php\/istaknuto\/item\/280733-mladi-autori-iz-tk-kroz-film-cuvaju-istinu-o-genocidu-u-srebrenici\/","name":"Mladi autori iz TK kroz film \u010duvaju istinu o genocidu u Srebrenici - TuzlaInfo.ba","isPartOf":{"@id":"https:\/\/tuzlainfo.ba\/#website"},"primaryImageOfPage":{"@id":"https:\/\/tuzlainfo.ba\/index.php\/istaknuto\/item\/280733-mladi-autori-iz-tk-kroz-film-cuvaju-istinu-o-genocidu-u-srebrenici\/#primaryimage"},"image":{"@id":"https:\/\/tuzlainfo.ba\/index.php\/istaknuto\/item\/280733-mladi-autori-iz-tk-kroz-film-cuvaju-istinu-o-genocidu-u-srebrenici\/#primaryimage"},"thumbnailUrl":"https:\/\/tuzlainfo.ba\/wp-content\/uploads\/2025\/09\/1757944821_68c81bf55afee.jpg","datePublished":"2025-09-16T09:07:15+00:00","dateModified":"2025-09-16T05:35:16+00:00","breadcrumb":{"@id":"https:\/\/tuzlainfo.ba\/index.php\/istaknuto\/item\/280733-mladi-autori-iz-tk-kroz-film-cuvaju-istinu-o-genocidu-u-srebrenici\/#breadcrumb"},"inLanguage":"bs-BA","potentialAction":[{"@type":"ReadAction","target":["https:\/\/tuzlainfo.ba\/index.php\/istaknuto\/item\/280733-mladi-autori-iz-tk-kroz-film-cuvaju-istinu-o-genocidu-u-srebrenici\/"]}]},{"@type":"ImageObject","inLanguage":"bs-BA","@id":"https:\/\/tuzlainfo.ba\/index.php\/istaknuto\/item\/280733-mladi-autori-iz-tk-kroz-film-cuvaju-istinu-o-genocidu-u-srebrenici\/#primaryimage","url":"https:\/\/tuzlainfo.ba\/wp-content\/uploads\/2025\/09\/1757944821_68c81bf55afee.jpg","contentUrl":"https:\/\/tuzlainfo.ba\/wp-content\/uploads\/2025\/09\/1757944821_68c81bf55afee.jpg","width":2560,"height":1707},{"@type":"BreadcrumbList","@id":"https:\/\/tuzlainfo.ba\/index.php\/istaknuto\/item\/280733-mladi-autori-iz-tk-kroz-film-cuvaju-istinu-o-genocidu-u-srebrenici\/#breadcrumb","itemListElement":[{"@type":"ListItem","position":1,"name":"Home","item":"https:\/\/tuzlainfo.ba\/"},{"@type":"ListItem","position":2,"name":"Mladi autori iz TK kroz film \u010duvaju istinu o genocidu u Srebrenici"}]},{"@type":"WebSite","@id":"https:\/\/tuzlainfo.ba\/#website","url":"https:\/\/tuzlainfo.ba\/","name":"TuzlaInfo.ba","description":"Tuzla info, gradski informator - Tuzla na dlanu","publisher":{"@id":"https:\/\/tuzlainfo.ba\/#organization"},"potentialAction":[{"@type":"SearchAction","target":{"@type":"EntryPoint","urlTemplate":"https:\/\/tuzlainfo.ba\/?s={search_term_string}"},"query-input":{"@type":"PropertyValueSpecification","valueRequired":true,"valueName":"search_term_string"}}],"inLanguage":"bs-BA"},{"@type":"Organization","@id":"https:\/\/tuzlainfo.ba\/#organization","name":"TuzlaInfo.ba","url":"https:\/\/tuzlainfo.ba\/","logo":{"@type":"ImageObject","inLanguage":"bs-BA","@id":"https:\/\/tuzlainfo.ba\/#\/schema\/logo\/image\/","url":"https:\/\/tuzlainfo.ba\/wp-content\/uploads\/2021\/03\/logo-ver-3-1.png","contentUrl":"https:\/\/tuzlainfo.ba\/wp-content\/uploads\/2021\/03\/logo-ver-3-1.png","width":350,"height":95,"caption":"TuzlaInfo.ba"},"image":{"@id":"https:\/\/tuzlainfo.ba\/#\/schema\/logo\/image\/"},"sameAs":["https:\/\/www.facebook.com\/tuzlainfo.ba\/"]},{"@type":"Person","@id":"https:\/\/tuzlainfo.ba\/#\/schema\/person\/46cad4c57790cbc50781edd14870825a","name":"Tuzla Info","image":{"@type":"ImageObject","inLanguage":"bs-BA","@id":"https:\/\/tuzlainfo.ba\/#\/schema\/person\/image\/","url":"https:\/\/tuzlainfo.ba\/wp-content\/litespeed\/avatar\/b6c453a6c38e3654f2e4416c643fc25c.jpg?ver=1777656712","contentUrl":"https:\/\/tuzlainfo.ba\/wp-content\/litespeed\/avatar\/b6c453a6c38e3654f2e4416c643fc25c.jpg?ver=1777656712","caption":"Tuzla Info"}}]}},"_links":{"self":[{"href":"https:\/\/tuzlainfo.ba\/index.php\/wp-json\/wp\/v2\/posts\/280733"}],"collection":[{"href":"https:\/\/tuzlainfo.ba\/index.php\/wp-json\/wp\/v2\/posts"}],"about":[{"href":"https:\/\/tuzlainfo.ba\/index.php\/wp-json\/wp\/v2\/types\/post"}],"author":[{"embeddable":true,"href":"https:\/\/tuzlainfo.ba\/index.php\/wp-json\/wp\/v2\/users\/4"}],"replies":[{"embeddable":true,"href":"https:\/\/tuzlainfo.ba\/index.php\/wp-json\/wp\/v2\/comments?post=280733"}],"version-history":[{"count":1,"href":"https:\/\/tuzlainfo.ba\/index.php\/wp-json\/wp\/v2\/posts\/280733\/revisions"}],"predecessor-version":[{"id":280735,"href":"https:\/\/tuzlainfo.ba\/index.php\/wp-json\/wp\/v2\/posts\/280733\/revisions\/280735"}],"wp:featuredmedia":[{"embeddable":true,"href":"https:\/\/tuzlainfo.ba\/index.php\/wp-json\/wp\/v2\/media\/280734"}],"wp:attachment":[{"href":"https:\/\/tuzlainfo.ba\/index.php\/wp-json\/wp\/v2\/media?parent=280733"}],"wp:term":[{"taxonomy":"category","embeddable":true,"href":"https:\/\/tuzlainfo.ba\/index.php\/wp-json\/wp\/v2\/categories?post=280733"},{"taxonomy":"post_tag","embeddable":true,"href":"https:\/\/tuzlainfo.ba\/index.php\/wp-json\/wp\/v2\/tags?post=280733"}],"curies":[{"name":"wp","href":"https:\/\/api.w.org\/{rel}","templated":true}]}}