{"id":280618,"date":"2025-09-14T22:34:52","date_gmt":"2025-09-14T20:34:52","guid":{"rendered":"https:\/\/tuzlainfo.ba\/?p=280618"},"modified":"2025-09-14T22:34:52","modified_gmt":"2025-09-14T20:34:52","slug":"lukavacki-radnik-iz-zvornika-ispracen-sramotnim-porukama-i-likom-ratnog-zlocinca","status":"publish","type":"post","link":"https:\/\/tuzlainfo.ba\/index.php\/novosti\/item\/280618-lukavacki-radnik-iz-zvornika-ispracen-sramotnim-porukama-i-likom-ratnog-zlocinca\/","title":{"rendered":"Lukava\u010dki Radnik iz Zvornika ispra\u0107en sramotnim porukama i likom ratnog zlo\u010dinca"},"content":{"rendered":"<p>Nakon dana\u0161nje prvenstvene utakmice juniora i kadeta FK Radni\u010dki Lukavac protiv ekipe Drine iz Zvornika, klub iz Lukavca o\u0161tro je osudio provokaciju koju su do\u017eivjeli njihovi igra\u010di.<\/p>\n<p>Naime, nakon utakmice, autobus sa igra\u010dima Radni\u010dkog bio je obilje\u017een naljepnicama sa likom ratnog zlo\u010dinca Ratka Mladi\u0107a, kao i porukama mr\u017enje uklju\u010duju\u0107i tekst \u201eje*es grad bez tri logora\u201c.<\/p>\n<p>\u201eOvako su na\u0161i juniori i kadeti ispra\u0107eni u Zvorniku. Najo\u0161trije osu\u0111ujemo poku\u0161aj jeftine provokacije od strane doma\u0107ina, a dodatni komentari za ovako ne\u0161to nisu potrebni\u201c, naveli su iz FK Radni\u010dki Lukavac u zvani\u010dnom saop\u0107enju.<\/p>\n<p>Klub je pozvao sve strane na odgovornost i po\u0161tivanje sportskog duha, isti\u010du\u0107i da ovakvi postupci nemaju mjesta u sportu.<\/p>\n","protected":false},"excerpt":{"rendered":"<p>Nakon dana\u0161nje prvenstvene utakmice juniora i kadeta FK Radni\u010dki Lukavac protiv ekipe Drine iz Zvornika,&hellip;<\/p>\n","protected":false},"author":8,"featured_media":280619,"comment_status":"closed","ping_status":"closed","sticky":false,"template":"","format":"standard","meta":{"_acf_changed":false,"footnotes":""},"categories":[304,12],"tags":[12738,12737,939,915],"acf":[],"yoast_head":"<!-- This site is optimized with the Yoast SEO plugin v23.5 - https:\/\/yoast.com\/wordpress\/plugins\/seo\/ -->\n<title>Lukava\u010dki Radnik iz Zvornika ispra\u0107en sramotnim porukama i likom ratnog zlo\u010dinca - TuzlaInfo.ba<\/title>\n<meta name=\"robots\" content=\"index, follow, max-snippet:-1, max-image-preview:large, max-video-preview:-1\" \/>\n<link rel=\"canonical\" href=\"https:\/\/tuzlainfo.ba\/index.php\/novosti\/item\/280618-lukavacki-radnik-iz-zvornika-ispracen-sramotnim-porukama-i-likom-ratnog-zlocinca\/\" \/>\n<meta property=\"og:locale\" content=\"bs_BA\" \/>\n<meta property=\"og:type\" content=\"article\" \/>\n<meta property=\"og:title\" content=\"Lukava\u010dki Radnik iz Zvornika ispra\u0107en sramotnim porukama i likom ratnog zlo\u010dinca - TuzlaInfo.ba\" \/>\n<meta property=\"og:description\" content=\"Nakon dana\u0161nje prvenstvene utakmice juniora i kadeta FK Radni\u010dki Lukavac protiv ekipe Drine iz Zvornika,&hellip;\" \/>\n<meta property=\"og:url\" content=\"https:\/\/tuzlainfo.ba\/index.php\/novosti\/item\/280618-lukavacki-radnik-iz-zvornika-ispracen-sramotnim-porukama-i-likom-ratnog-zlocinca\/\" \/>\n<meta property=\"og:site_name\" content=\"TuzlaInfo.ba\" \/>\n<meta property=\"article:publisher\" content=\"https:\/\/www.facebook.com\/tuzlainfo.ba\/\" \/>\n<meta property=\"article:published_time\" content=\"2025-09-14T20:34:52+00:00\" \/>\n<meta property=\"og:image\" content=\"https:\/\/tuzlainfo.ba\/wp-content\/uploads\/2025\/09\/IMG_9799.jpeg\" \/>\n\t<meta property=\"og:image:width\" content=\"1179\" \/>\n\t<meta property=\"og:image:height\" content=\"933\" \/>\n\t<meta property=\"og:image:type\" content=\"image\/jpeg\" \/>\n<meta name=\"author\" content=\"Admin Tri\" \/>\n<meta name=\"twitter:card\" content=\"summary_large_image\" \/>\n<meta name=\"twitter:label1\" content=\"Written by\" \/>\n\t<meta name=\"twitter:data1\" content=\"Admin Tri\" \/>\n\t<meta name=\"twitter:label2\" content=\"Est. reading time\" \/>\n\t<meta name=\"twitter:data2\" content=\"1 minuta\" \/>\n<script type=\"application\/ld+json\" class=\"yoast-schema-graph\">{\"@context\":\"https:\/\/schema.org\",\"@graph\":[{\"@type\":\"Article\",\"@id\":\"https:\/\/tuzlainfo.ba\/index.php\/novosti\/item\/280618-lukavacki-radnik-iz-zvornika-ispracen-sramotnim-porukama-i-likom-ratnog-zlocinca\/#article\",\"isPartOf\":{\"@id\":\"https:\/\/tuzlainfo.ba\/index.php\/novosti\/item\/280618-lukavacki-radnik-iz-zvornika-ispracen-sramotnim-porukama-i-likom-ratnog-zlocinca\/\"},\"author\":{\"name\":\"Admin Tri\",\"@id\":\"https:\/\/tuzlainfo.ba\/#\/schema\/person\/593e78a2f6378c5ba3e7600ecfa4e63a\"},\"headline\":\"Lukava\u010dki Radnik iz Zvornika ispra\u0107en sramotnim porukama i likom ratnog zlo\u010dinca\",\"datePublished\":\"2025-09-14T20:34:52+00:00\",\"dateModified\":\"2025-09-14T20:34:52+00:00\",\"mainEntityOfPage\":{\"@id\":\"https:\/\/tuzlainfo.ba\/index.php\/novosti\/item\/280618-lukavacki-radnik-iz-zvornika-ispracen-sramotnim-porukama-i-likom-ratnog-zlocinca\/\"},\"wordCount\":149,\"publisher\":{\"@id\":\"https:\/\/tuzlainfo.ba\/#organization\"},\"image\":{\"@id\":\"https:\/\/tuzlainfo.ba\/index.php\/novosti\/item\/280618-lukavacki-radnik-iz-zvornika-ispracen-sramotnim-porukama-i-likom-ratnog-zlocinca\/#primaryimage\"},\"thumbnailUrl\":\"https:\/\/tuzlainfo.ba\/wp-content\/uploads\/2025\/09\/IMG_9799.jpeg\",\"keywords\":[\"drina zvornik\",\"Radni\u010dki lukavac\",\"ratko mladi\u0107\",\"sport\"],\"articleSection\":[\"Istaknuto\",\"Novosti\"],\"inLanguage\":\"bs-BA\"},{\"@type\":\"WebPage\",\"@id\":\"https:\/\/tuzlainfo.ba\/index.php\/novosti\/item\/280618-lukavacki-radnik-iz-zvornika-ispracen-sramotnim-porukama-i-likom-ratnog-zlocinca\/\",\"url\":\"https:\/\/tuzlainfo.ba\/index.php\/novosti\/item\/280618-lukavacki-radnik-iz-zvornika-ispracen-sramotnim-porukama-i-likom-ratnog-zlocinca\/\",\"name\":\"Lukava\u010dki Radnik iz Zvornika ispra\u0107en sramotnim porukama i likom ratnog zlo\u010dinca - TuzlaInfo.ba\",\"isPartOf\":{\"@id\":\"https:\/\/tuzlainfo.ba\/#website\"},\"primaryImageOfPage\":{\"@id\":\"https:\/\/tuzlainfo.ba\/index.php\/novosti\/item\/280618-lukavacki-radnik-iz-zvornika-ispracen-sramotnim-porukama-i-likom-ratnog-zlocinca\/#primaryimage\"},\"image\":{\"@id\":\"https:\/\/tuzlainfo.ba\/index.php\/novosti\/item\/280618-lukavacki-radnik-iz-zvornika-ispracen-sramotnim-porukama-i-likom-ratnog-zlocinca\/#primaryimage\"},\"thumbnailUrl\":\"https:\/\/tuzlainfo.ba\/wp-content\/uploads\/2025\/09\/IMG_9799.jpeg\",\"datePublished\":\"2025-09-14T20:34:52+00:00\",\"dateModified\":\"2025-09-14T20:34:52+00:00\",\"breadcrumb\":{\"@id\":\"https:\/\/tuzlainfo.ba\/index.php\/novosti\/item\/280618-lukavacki-radnik-iz-zvornika-ispracen-sramotnim-porukama-i-likom-ratnog-zlocinca\/#breadcrumb\"},\"inLanguage\":\"bs-BA\",\"potentialAction\":[{\"@type\":\"ReadAction\",\"target\":[\"https:\/\/tuzlainfo.ba\/index.php\/novosti\/item\/280618-lukavacki-radnik-iz-zvornika-ispracen-sramotnim-porukama-i-likom-ratnog-zlocinca\/\"]}]},{\"@type\":\"ImageObject\",\"inLanguage\":\"bs-BA\",\"@id\":\"https:\/\/tuzlainfo.ba\/index.php\/novosti\/item\/280618-lukavacki-radnik-iz-zvornika-ispracen-sramotnim-porukama-i-likom-ratnog-zlocinca\/#primaryimage\",\"url\":\"https:\/\/tuzlainfo.ba\/wp-content\/uploads\/2025\/09\/IMG_9799.jpeg\",\"contentUrl\":\"https:\/\/tuzlainfo.ba\/wp-content\/uploads\/2025\/09\/IMG_9799.jpeg\",\"width\":1179,\"height\":933},{\"@type\":\"BreadcrumbList\",\"@id\":\"https:\/\/tuzlainfo.ba\/index.php\/novosti\/item\/280618-lukavacki-radnik-iz-zvornika-ispracen-sramotnim-porukama-i-likom-ratnog-zlocinca\/#breadcrumb\",\"itemListElement\":[{\"@type\":\"ListItem\",\"position\":1,\"name\":\"Home\",\"item\":\"https:\/\/tuzlainfo.ba\/\"},{\"@type\":\"ListItem\",\"position\":2,\"name\":\"Lukava\u010dki Radnik iz Zvornika ispra\u0107en sramotnim porukama i likom ratnog zlo\u010dinca\"}]},{\"@type\":\"WebSite\",\"@id\":\"https:\/\/tuzlainfo.ba\/#website\",\"url\":\"https:\/\/tuzlainfo.ba\/\",\"name\":\"TuzlaInfo.ba\",\"description\":\"Tuzla info, gradski informator - Tuzla na dlanu\",\"publisher\":{\"@id\":\"https:\/\/tuzlainfo.ba\/#organization\"},\"potentialAction\":[{\"@type\":\"SearchAction\",\"target\":{\"@type\":\"EntryPoint\",\"urlTemplate\":\"https:\/\/tuzlainfo.ba\/?s={search_term_string}\"},\"query-input\":{\"@type\":\"PropertyValueSpecification\",\"valueRequired\":true,\"valueName\":\"search_term_string\"}}],\"inLanguage\":\"bs-BA\"},{\"@type\":\"Organization\",\"@id\":\"https:\/\/tuzlainfo.ba\/#organization\",\"name\":\"TuzlaInfo.ba\",\"url\":\"https:\/\/tuzlainfo.ba\/\",\"logo\":{\"@type\":\"ImageObject\",\"inLanguage\":\"bs-BA\",\"@id\":\"https:\/\/tuzlainfo.ba\/#\/schema\/logo\/image\/\",\"url\":\"https:\/\/tuzlainfo.ba\/wp-content\/uploads\/2021\/03\/logo-ver-3-1.png\",\"contentUrl\":\"https:\/\/tuzlainfo.ba\/wp-content\/uploads\/2021\/03\/logo-ver-3-1.png\",\"width\":350,\"height\":95,\"caption\":\"TuzlaInfo.ba\"},\"image\":{\"@id\":\"https:\/\/tuzlainfo.ba\/#\/schema\/logo\/image\/\"},\"sameAs\":[\"https:\/\/www.facebook.com\/tuzlainfo.ba\/\"]},{\"@type\":\"Person\",\"@id\":\"https:\/\/tuzlainfo.ba\/#\/schema\/person\/593e78a2f6378c5ba3e7600ecfa4e63a\",\"name\":\"Admin Tri\",\"image\":{\"@type\":\"ImageObject\",\"inLanguage\":\"bs-BA\",\"@id\":\"https:\/\/tuzlainfo.ba\/#\/schema\/person\/image\/\",\"url\":\"https:\/\/tuzlainfo.ba\/wp-content\/litespeed\/avatar\/b7920db4cc34a71ad12497283ad2fe3f.jpg?ver=1777100914\",\"contentUrl\":\"https:\/\/tuzlainfo.ba\/wp-content\/litespeed\/avatar\/b7920db4cc34a71ad12497283ad2fe3f.jpg?ver=1777100914\",\"caption\":\"Admin Tri\"},\"sameAs\":[\"https:\/\/tuzlainfo.ba\"]}]}<\/script>\n<!-- \/ Yoast SEO plugin. -->","yoast_head_json":{"title":"Lukava\u010dki Radnik iz Zvornika ispra\u0107en sramotnim porukama i likom ratnog zlo\u010dinca - TuzlaInfo.ba","robots":{"index":"index","follow":"follow","max-snippet":"max-snippet:-1","max-image-preview":"max-image-preview:large","max-video-preview":"max-video-preview:-1"},"canonical":"https:\/\/tuzlainfo.ba\/index.php\/novosti\/item\/280618-lukavacki-radnik-iz-zvornika-ispracen-sramotnim-porukama-i-likom-ratnog-zlocinca\/","og_locale":"bs_BA","og_type":"article","og_title":"Lukava\u010dki Radnik iz Zvornika ispra\u0107en sramotnim porukama i likom ratnog zlo\u010dinca - TuzlaInfo.ba","og_description":"Nakon dana\u0161nje prvenstvene utakmice juniora i kadeta FK Radni\u010dki Lukavac protiv ekipe Drine iz Zvornika,&hellip;","og_url":"https:\/\/tuzlainfo.ba\/index.php\/novosti\/item\/280618-lukavacki-radnik-iz-zvornika-ispracen-sramotnim-porukama-i-likom-ratnog-zlocinca\/","og_site_name":"TuzlaInfo.ba","article_publisher":"https:\/\/www.facebook.com\/tuzlainfo.ba\/","article_published_time":"2025-09-14T20:34:52+00:00","og_image":[{"width":1179,"height":933,"url":"https:\/\/tuzlainfo.ba\/wp-content\/uploads\/2025\/09\/IMG_9799.jpeg","type":"image\/jpeg"}],"author":"Admin Tri","twitter_card":"summary_large_image","twitter_misc":{"Written by":"Admin Tri","Est. reading time":"1 minuta"},"schema":{"@context":"https:\/\/schema.org","@graph":[{"@type":"Article","@id":"https:\/\/tuzlainfo.ba\/index.php\/novosti\/item\/280618-lukavacki-radnik-iz-zvornika-ispracen-sramotnim-porukama-i-likom-ratnog-zlocinca\/#article","isPartOf":{"@id":"https:\/\/tuzlainfo.ba\/index.php\/novosti\/item\/280618-lukavacki-radnik-iz-zvornika-ispracen-sramotnim-porukama-i-likom-ratnog-zlocinca\/"},"author":{"name":"Admin Tri","@id":"https:\/\/tuzlainfo.ba\/#\/schema\/person\/593e78a2f6378c5ba3e7600ecfa4e63a"},"headline":"Lukava\u010dki Radnik iz Zvornika ispra\u0107en sramotnim porukama i likom ratnog zlo\u010dinca","datePublished":"2025-09-14T20:34:52+00:00","dateModified":"2025-09-14T20:34:52+00:00","mainEntityOfPage":{"@id":"https:\/\/tuzlainfo.ba\/index.php\/novosti\/item\/280618-lukavacki-radnik-iz-zvornika-ispracen-sramotnim-porukama-i-likom-ratnog-zlocinca\/"},"wordCount":149,"publisher":{"@id":"https:\/\/tuzlainfo.ba\/#organization"},"image":{"@id":"https:\/\/tuzlainfo.ba\/index.php\/novosti\/item\/280618-lukavacki-radnik-iz-zvornika-ispracen-sramotnim-porukama-i-likom-ratnog-zlocinca\/#primaryimage"},"thumbnailUrl":"https:\/\/tuzlainfo.ba\/wp-content\/uploads\/2025\/09\/IMG_9799.jpeg","keywords":["drina zvornik","Radni\u010dki lukavac","ratko mladi\u0107","sport"],"articleSection":["Istaknuto","Novosti"],"inLanguage":"bs-BA"},{"@type":"WebPage","@id":"https:\/\/tuzlainfo.ba\/index.php\/novosti\/item\/280618-lukavacki-radnik-iz-zvornika-ispracen-sramotnim-porukama-i-likom-ratnog-zlocinca\/","url":"https:\/\/tuzlainfo.ba\/index.php\/novosti\/item\/280618-lukavacki-radnik-iz-zvornika-ispracen-sramotnim-porukama-i-likom-ratnog-zlocinca\/","name":"Lukava\u010dki Radnik iz Zvornika ispra\u0107en sramotnim porukama i likom ratnog zlo\u010dinca - TuzlaInfo.ba","isPartOf":{"@id":"https:\/\/tuzlainfo.ba\/#website"},"primaryImageOfPage":{"@id":"https:\/\/tuzlainfo.ba\/index.php\/novosti\/item\/280618-lukavacki-radnik-iz-zvornika-ispracen-sramotnim-porukama-i-likom-ratnog-zlocinca\/#primaryimage"},"image":{"@id":"https:\/\/tuzlainfo.ba\/index.php\/novosti\/item\/280618-lukavacki-radnik-iz-zvornika-ispracen-sramotnim-porukama-i-likom-ratnog-zlocinca\/#primaryimage"},"thumbnailUrl":"https:\/\/tuzlainfo.ba\/wp-content\/uploads\/2025\/09\/IMG_9799.jpeg","datePublished":"2025-09-14T20:34:52+00:00","dateModified":"2025-09-14T20:34:52+00:00","breadcrumb":{"@id":"https:\/\/tuzlainfo.ba\/index.php\/novosti\/item\/280618-lukavacki-radnik-iz-zvornika-ispracen-sramotnim-porukama-i-likom-ratnog-zlocinca\/#breadcrumb"},"inLanguage":"bs-BA","potentialAction":[{"@type":"ReadAction","target":["https:\/\/tuzlainfo.ba\/index.php\/novosti\/item\/280618-lukavacki-radnik-iz-zvornika-ispracen-sramotnim-porukama-i-likom-ratnog-zlocinca\/"]}]},{"@type":"ImageObject","inLanguage":"bs-BA","@id":"https:\/\/tuzlainfo.ba\/index.php\/novosti\/item\/280618-lukavacki-radnik-iz-zvornika-ispracen-sramotnim-porukama-i-likom-ratnog-zlocinca\/#primaryimage","url":"https:\/\/tuzlainfo.ba\/wp-content\/uploads\/2025\/09\/IMG_9799.jpeg","contentUrl":"https:\/\/tuzlainfo.ba\/wp-content\/uploads\/2025\/09\/IMG_9799.jpeg","width":1179,"height":933},{"@type":"BreadcrumbList","@id":"https:\/\/tuzlainfo.ba\/index.php\/novosti\/item\/280618-lukavacki-radnik-iz-zvornika-ispracen-sramotnim-porukama-i-likom-ratnog-zlocinca\/#breadcrumb","itemListElement":[{"@type":"ListItem","position":1,"name":"Home","item":"https:\/\/tuzlainfo.ba\/"},{"@type":"ListItem","position":2,"name":"Lukava\u010dki Radnik iz Zvornika ispra\u0107en sramotnim porukama i likom ratnog zlo\u010dinca"}]},{"@type":"WebSite","@id":"https:\/\/tuzlainfo.ba\/#website","url":"https:\/\/tuzlainfo.ba\/","name":"TuzlaInfo.ba","description":"Tuzla info, gradski informator - Tuzla na dlanu","publisher":{"@id":"https:\/\/tuzlainfo.ba\/#organization"},"potentialAction":[{"@type":"SearchAction","target":{"@type":"EntryPoint","urlTemplate":"https:\/\/tuzlainfo.ba\/?s={search_term_string}"},"query-input":{"@type":"PropertyValueSpecification","valueRequired":true,"valueName":"search_term_string"}}],"inLanguage":"bs-BA"},{"@type":"Organization","@id":"https:\/\/tuzlainfo.ba\/#organization","name":"TuzlaInfo.ba","url":"https:\/\/tuzlainfo.ba\/","logo":{"@type":"ImageObject","inLanguage":"bs-BA","@id":"https:\/\/tuzlainfo.ba\/#\/schema\/logo\/image\/","url":"https:\/\/tuzlainfo.ba\/wp-content\/uploads\/2021\/03\/logo-ver-3-1.png","contentUrl":"https:\/\/tuzlainfo.ba\/wp-content\/uploads\/2021\/03\/logo-ver-3-1.png","width":350,"height":95,"caption":"TuzlaInfo.ba"},"image":{"@id":"https:\/\/tuzlainfo.ba\/#\/schema\/logo\/image\/"},"sameAs":["https:\/\/www.facebook.com\/tuzlainfo.ba\/"]},{"@type":"Person","@id":"https:\/\/tuzlainfo.ba\/#\/schema\/person\/593e78a2f6378c5ba3e7600ecfa4e63a","name":"Admin Tri","image":{"@type":"ImageObject","inLanguage":"bs-BA","@id":"https:\/\/tuzlainfo.ba\/#\/schema\/person\/image\/","url":"https:\/\/tuzlainfo.ba\/wp-content\/litespeed\/avatar\/b7920db4cc34a71ad12497283ad2fe3f.jpg?ver=1777100914","contentUrl":"https:\/\/tuzlainfo.ba\/wp-content\/litespeed\/avatar\/b7920db4cc34a71ad12497283ad2fe3f.jpg?ver=1777100914","caption":"Admin Tri"},"sameAs":["https:\/\/tuzlainfo.ba"]}]}},"_links":{"self":[{"href":"https:\/\/tuzlainfo.ba\/index.php\/wp-json\/wp\/v2\/posts\/280618"}],"collection":[{"href":"https:\/\/tuzlainfo.ba\/index.php\/wp-json\/wp\/v2\/posts"}],"about":[{"href":"https:\/\/tuzlainfo.ba\/index.php\/wp-json\/wp\/v2\/types\/post"}],"author":[{"embeddable":true,"href":"https:\/\/tuzlainfo.ba\/index.php\/wp-json\/wp\/v2\/users\/8"}],"replies":[{"embeddable":true,"href":"https:\/\/tuzlainfo.ba\/index.php\/wp-json\/wp\/v2\/comments?post=280618"}],"version-history":[{"count":1,"href":"https:\/\/tuzlainfo.ba\/index.php\/wp-json\/wp\/v2\/posts\/280618\/revisions"}],"predecessor-version":[{"id":280620,"href":"https:\/\/tuzlainfo.ba\/index.php\/wp-json\/wp\/v2\/posts\/280618\/revisions\/280620"}],"wp:featuredmedia":[{"embeddable":true,"href":"https:\/\/tuzlainfo.ba\/index.php\/wp-json\/wp\/v2\/media\/280619"}],"wp:attachment":[{"href":"https:\/\/tuzlainfo.ba\/index.php\/wp-json\/wp\/v2\/media?parent=280618"}],"wp:term":[{"taxonomy":"category","embeddable":true,"href":"https:\/\/tuzlainfo.ba\/index.php\/wp-json\/wp\/v2\/categories?post=280618"},{"taxonomy":"post_tag","embeddable":true,"href":"https:\/\/tuzlainfo.ba\/index.php\/wp-json\/wp\/v2\/tags?post=280618"}],"curies":[{"name":"wp","href":"https:\/\/api.w.org\/{rel}","templated":true}]}}