{"id":280541,"date":"2025-09-13T20:02:28","date_gmt":"2025-09-13T18:02:28","guid":{"rendered":"https:\/\/tuzlainfo.ba\/?p=280541"},"modified":"2025-09-13T20:19:37","modified_gmt":"2025-09-13T18:19:37","slug":"video-bike-fest-2025-stotine-motorista-u-tradicionalnom-defileu-tuzlom","status":"publish","type":"post","link":"https:\/\/tuzlainfo.ba\/index.php\/novosti\/item\/280541-video-bike-fest-2025-stotine-motorista-u-tradicionalnom-defileu-tuzlom\/","title":{"rendered":"VIDEO \/ Bike fest 2025: Stotine motorista u tradicionalnom defileu Tuzlom"},"content":{"rendered":"<p data-start=\"46\" data-end=\"342\">U okviru trodnevne manifestacije \u201eBike Fest Panonika Tuzla 2025\u201c ve\u010deras je odr\u017ean sada ve\u0107 tradicionalni defile bajkera ulicama Tuzle. Kolona motora privukla je veliku pa\u017enju gra\u0111ana koji su ih pozdravljali du\u017e cijele trase.<\/p>\n<p data-start=\"344\" data-end=\"646\">Defile je uslijedio nakon simboli\u010dne akcije \u201eBukom motora protiv ti\u0161ine ALS-a\u201c, kojom su bajkeri dali podr\u0161ku borbi protiv ove bolesti. Atraktivna vo\u017enja bila je jedan od najo\u010dekivanijih trenutaka drugog dana festivala, koji je i ove godine okupio veliki broj ljubitelja motora, rock muzike i zabave.<\/p>\n<p data-start=\"648\" data-end=\"1002\">Manifestacija, koju zajedni\u010dki organizuju Moto klub Tuzla i JP Panonika, traje tri dana i donosi bogat program za u\u010desnike i posjetioce. Gra\u0111ani su sino\u0107 u\u017eivali u koncertima Igora Vukojevi\u0107a, grupe Rock Ko Fol i TNT benda, dok ve\u010deras na Panonskim jezerima nastupaju KillerFace, Atomsko skloni\u0161te i Rock Apoteka, uz Go Go dance performanse i vatromet.<\/p>\n<p data-start=\"1004\" data-end=\"1199\">Bike Fest se zavr\u0161ava sutra, u nedjelju, 14. septembra, doru\u010dkom i ispra\u0107ajem gostiju, a organizatori su pripremili i nagrade za bajkere \u2013 od ljetovanja na Jadranu do moto opreme i posebnih priznanja.<\/p>\n<p data-start=\"1201\" data-end=\"1272\">Video sa ve\u010dera\u0161njeg defilea mo\u017eete pogledati u video zapisima na na\u0161em Youtube kanalu.<\/p>\n<p data-start=\"1201\" data-end=\"1272\">\n<p><iframe title=\"Defile motorista - Panonika Bike Fest 2025\" width=\"1170\" height=\"878\" src=\"https:\/\/www.youtube.com\/embed\/Xy85q7jwUjs?feature=oembed\" frameborder=\"0\" allow=\"accelerometer; autoplay; clipboard-write; encrypted-media; gyroscope; picture-in-picture; web-share\" referrerpolicy=\"strict-origin-when-cross-origin\" allowfullscreen><\/iframe><\/p>\n<p><iframe title=\"Tuzla: Panonika Bike Fest 2025 - Defile motoriista\" width=\"1170\" height=\"658\" src=\"https:\/\/www.youtube.com\/embed\/49rPj7eehcs?feature=oembed\" frameborder=\"0\" allow=\"accelerometer; autoplay; clipboard-write; encrypted-media; gyroscope; picture-in-picture; web-share\" referrerpolicy=\"strict-origin-when-cross-origin\" allowfullscreen><\/iframe><\/p>\n","protected":false},"excerpt":{"rendered":"<p>U okviru trodnevne manifestacije \u201eBike Fest Panonika Tuzla 2025\u201c ve\u010deras je odr\u017ean sada ve\u0107 tradicionalni&hellip;<\/p>\n","protected":false},"author":2,"featured_media":280542,"comment_status":"closed","ping_status":"closed","sticky":false,"template":"","format":"standard","meta":{"_acf_changed":false,"footnotes":""},"categories":[304,12],"tags":[5280,8181,42],"acf":[],"yoast_head":"<!-- This site is optimized with the Yoast SEO plugin v23.5 - https:\/\/yoast.com\/wordpress\/plugins\/seo\/ -->\n<title>VIDEO \/ Bike fest 2025: Stotine motorista u tradicionalnom defileu Tuzlom - TuzlaInfo.ba<\/title>\n<meta name=\"robots\" content=\"index, follow, max-snippet:-1, max-image-preview:large, max-video-preview:-1\" \/>\n<link rel=\"canonical\" href=\"https:\/\/tuzlainfo.ba\/index.php\/novosti\/item\/280541-video-bike-fest-2025-stotine-motorista-u-tradicionalnom-defileu-tuzlom\/\" \/>\n<meta property=\"og:locale\" content=\"bs_BA\" \/>\n<meta property=\"og:type\" content=\"article\" \/>\n<meta property=\"og:title\" content=\"VIDEO \/ Bike fest 2025: Stotine motorista u tradicionalnom defileu Tuzlom - TuzlaInfo.ba\" \/>\n<meta property=\"og:description\" content=\"U okviru trodnevne manifestacije \u201eBike Fest Panonika Tuzla 2025\u201c ve\u010deras je odr\u017ean sada ve\u0107 tradicionalni&hellip;\" \/>\n<meta property=\"og:url\" content=\"https:\/\/tuzlainfo.ba\/index.php\/novosti\/item\/280541-video-bike-fest-2025-stotine-motorista-u-tradicionalnom-defileu-tuzlom\/\" \/>\n<meta property=\"og:site_name\" content=\"TuzlaInfo.ba\" \/>\n<meta property=\"article:publisher\" content=\"https:\/\/www.facebook.com\/tuzlainfo.ba\/\" \/>\n<meta property=\"article:published_time\" content=\"2025-09-13T18:02:28+00:00\" \/>\n<meta property=\"article:modified_time\" content=\"2025-09-13T18:19:37+00:00\" \/>\n<meta property=\"og:image\" content=\"https:\/\/tuzlainfo.ba\/wp-content\/uploads\/2025\/09\/1309_defile_bike_motorijada.jpg\" \/>\n\t<meta property=\"og:image:width\" content=\"1000\" \/>\n\t<meta property=\"og:image:height\" content=\"552\" \/>\n\t<meta property=\"og:image:type\" content=\"image\/jpeg\" \/>\n<meta name=\"author\" content=\"nedim\" \/>\n<meta name=\"twitter:card\" content=\"summary_large_image\" \/>\n<meta name=\"twitter:label1\" content=\"Written by\" \/>\n\t<meta name=\"twitter:data1\" content=\"nedim\" \/>\n\t<meta name=\"twitter:label2\" content=\"Est. reading time\" \/>\n\t<meta name=\"twitter:data2\" content=\"2 minute\" \/>\n<script type=\"application\/ld+json\" class=\"yoast-schema-graph\">{\"@context\":\"https:\/\/schema.org\",\"@graph\":[{\"@type\":\"Article\",\"@id\":\"https:\/\/tuzlainfo.ba\/index.php\/novosti\/item\/280541-video-bike-fest-2025-stotine-motorista-u-tradicionalnom-defileu-tuzlom\/#article\",\"isPartOf\":{\"@id\":\"https:\/\/tuzlainfo.ba\/index.php\/novosti\/item\/280541-video-bike-fest-2025-stotine-motorista-u-tradicionalnom-defileu-tuzlom\/\"},\"author\":{\"name\":\"nedim\",\"@id\":\"https:\/\/tuzlainfo.ba\/#\/schema\/person\/f434e20dc27ea133923aab08451b7f7f\"},\"headline\":\"VIDEO \/ Bike fest 2025: Stotine motorista u tradicionalnom defileu Tuzlom\",\"datePublished\":\"2025-09-13T18:02:28+00:00\",\"dateModified\":\"2025-09-13T18:19:37+00:00\",\"mainEntityOfPage\":{\"@id\":\"https:\/\/tuzlainfo.ba\/index.php\/novosti\/item\/280541-video-bike-fest-2025-stotine-motorista-u-tradicionalnom-defileu-tuzlom\/\"},\"wordCount\":218,\"publisher\":{\"@id\":\"https:\/\/tuzlainfo.ba\/#organization\"},\"image\":{\"@id\":\"https:\/\/tuzlainfo.ba\/index.php\/novosti\/item\/280541-video-bike-fest-2025-stotine-motorista-u-tradicionalnom-defileu-tuzlom\/#primaryimage\"},\"thumbnailUrl\":\"https:\/\/tuzlainfo.ba\/wp-content\/uploads\/2025\/09\/1309_defile_bike_motorijada.jpg\",\"keywords\":[\"bike fest\",\"defile motorista\",\"tuzla\"],\"articleSection\":[\"Istaknuto\",\"Novosti\"],\"inLanguage\":\"bs-BA\"},{\"@type\":\"WebPage\",\"@id\":\"https:\/\/tuzlainfo.ba\/index.php\/novosti\/item\/280541-video-bike-fest-2025-stotine-motorista-u-tradicionalnom-defileu-tuzlom\/\",\"url\":\"https:\/\/tuzlainfo.ba\/index.php\/novosti\/item\/280541-video-bike-fest-2025-stotine-motorista-u-tradicionalnom-defileu-tuzlom\/\",\"name\":\"VIDEO \/ Bike fest 2025: Stotine motorista u tradicionalnom defileu Tuzlom - TuzlaInfo.ba\",\"isPartOf\":{\"@id\":\"https:\/\/tuzlainfo.ba\/#website\"},\"primaryImageOfPage\":{\"@id\":\"https:\/\/tuzlainfo.ba\/index.php\/novosti\/item\/280541-video-bike-fest-2025-stotine-motorista-u-tradicionalnom-defileu-tuzlom\/#primaryimage\"},\"image\":{\"@id\":\"https:\/\/tuzlainfo.ba\/index.php\/novosti\/item\/280541-video-bike-fest-2025-stotine-motorista-u-tradicionalnom-defileu-tuzlom\/#primaryimage\"},\"thumbnailUrl\":\"https:\/\/tuzlainfo.ba\/wp-content\/uploads\/2025\/09\/1309_defile_bike_motorijada.jpg\",\"datePublished\":\"2025-09-13T18:02:28+00:00\",\"dateModified\":\"2025-09-13T18:19:37+00:00\",\"breadcrumb\":{\"@id\":\"https:\/\/tuzlainfo.ba\/index.php\/novosti\/item\/280541-video-bike-fest-2025-stotine-motorista-u-tradicionalnom-defileu-tuzlom\/#breadcrumb\"},\"inLanguage\":\"bs-BA\",\"potentialAction\":[{\"@type\":\"ReadAction\",\"target\":[\"https:\/\/tuzlainfo.ba\/index.php\/novosti\/item\/280541-video-bike-fest-2025-stotine-motorista-u-tradicionalnom-defileu-tuzlom\/\"]}]},{\"@type\":\"ImageObject\",\"inLanguage\":\"bs-BA\",\"@id\":\"https:\/\/tuzlainfo.ba\/index.php\/novosti\/item\/280541-video-bike-fest-2025-stotine-motorista-u-tradicionalnom-defileu-tuzlom\/#primaryimage\",\"url\":\"https:\/\/tuzlainfo.ba\/wp-content\/uploads\/2025\/09\/1309_defile_bike_motorijada.jpg\",\"contentUrl\":\"https:\/\/tuzlainfo.ba\/wp-content\/uploads\/2025\/09\/1309_defile_bike_motorijada.jpg\",\"width\":1000,\"height\":552},{\"@type\":\"BreadcrumbList\",\"@id\":\"https:\/\/tuzlainfo.ba\/index.php\/novosti\/item\/280541-video-bike-fest-2025-stotine-motorista-u-tradicionalnom-defileu-tuzlom\/#breadcrumb\",\"itemListElement\":[{\"@type\":\"ListItem\",\"position\":1,\"name\":\"Home\",\"item\":\"https:\/\/tuzlainfo.ba\/\"},{\"@type\":\"ListItem\",\"position\":2,\"name\":\"VIDEO \/ Bike fest 2025: Stotine motorista u tradicionalnom defileu Tuzlom\"}]},{\"@type\":\"WebSite\",\"@id\":\"https:\/\/tuzlainfo.ba\/#website\",\"url\":\"https:\/\/tuzlainfo.ba\/\",\"name\":\"TuzlaInfo.ba\",\"description\":\"Tuzla info, gradski informator - Tuzla na dlanu\",\"publisher\":{\"@id\":\"https:\/\/tuzlainfo.ba\/#organization\"},\"potentialAction\":[{\"@type\":\"SearchAction\",\"target\":{\"@type\":\"EntryPoint\",\"urlTemplate\":\"https:\/\/tuzlainfo.ba\/?s={search_term_string}\"},\"query-input\":{\"@type\":\"PropertyValueSpecification\",\"valueRequired\":true,\"valueName\":\"search_term_string\"}}],\"inLanguage\":\"bs-BA\"},{\"@type\":\"Organization\",\"@id\":\"https:\/\/tuzlainfo.ba\/#organization\",\"name\":\"TuzlaInfo.ba\",\"url\":\"https:\/\/tuzlainfo.ba\/\",\"logo\":{\"@type\":\"ImageObject\",\"inLanguage\":\"bs-BA\",\"@id\":\"https:\/\/tuzlainfo.ba\/#\/schema\/logo\/image\/\",\"url\":\"https:\/\/tuzlainfo.ba\/wp-content\/uploads\/2021\/03\/logo-ver-3-1.png\",\"contentUrl\":\"https:\/\/tuzlainfo.ba\/wp-content\/uploads\/2021\/03\/logo-ver-3-1.png\",\"width\":350,\"height\":95,\"caption\":\"TuzlaInfo.ba\"},\"image\":{\"@id\":\"https:\/\/tuzlainfo.ba\/#\/schema\/logo\/image\/\"},\"sameAs\":[\"https:\/\/www.facebook.com\/tuzlainfo.ba\/\"]},{\"@type\":\"Person\",\"@id\":\"https:\/\/tuzlainfo.ba\/#\/schema\/person\/f434e20dc27ea133923aab08451b7f7f\",\"name\":\"nedim\",\"image\":{\"@type\":\"ImageObject\",\"inLanguage\":\"bs-BA\",\"@id\":\"https:\/\/tuzlainfo.ba\/#\/schema\/person\/image\/\",\"url\":\"https:\/\/tuzlainfo.ba\/wp-content\/litespeed\/avatar\/aabad687af24844af817603ac1cbdc4f.jpg?ver=1776702173\",\"contentUrl\":\"https:\/\/tuzlainfo.ba\/wp-content\/litespeed\/avatar\/aabad687af24844af817603ac1cbdc4f.jpg?ver=1776702173\",\"caption\":\"nedim\"},\"description\":\"Tuzlainfo.ba pratite na dru\u0161tvenim mre\u017eama: Facebook, Instagram i Youtube. Svoje pri\u010de, upite i fotografije \u0161aljite na na\u0161u e-mail adresu.\"}]}<\/script>\n<!-- \/ Yoast SEO plugin. -->","yoast_head_json":{"title":"VIDEO \/ Bike fest 2025: Stotine motorista u tradicionalnom defileu Tuzlom - TuzlaInfo.ba","robots":{"index":"index","follow":"follow","max-snippet":"max-snippet:-1","max-image-preview":"max-image-preview:large","max-video-preview":"max-video-preview:-1"},"canonical":"https:\/\/tuzlainfo.ba\/index.php\/novosti\/item\/280541-video-bike-fest-2025-stotine-motorista-u-tradicionalnom-defileu-tuzlom\/","og_locale":"bs_BA","og_type":"article","og_title":"VIDEO \/ Bike fest 2025: Stotine motorista u tradicionalnom defileu Tuzlom - TuzlaInfo.ba","og_description":"U okviru trodnevne manifestacije \u201eBike Fest Panonika Tuzla 2025\u201c ve\u010deras je odr\u017ean sada ve\u0107 tradicionalni&hellip;","og_url":"https:\/\/tuzlainfo.ba\/index.php\/novosti\/item\/280541-video-bike-fest-2025-stotine-motorista-u-tradicionalnom-defileu-tuzlom\/","og_site_name":"TuzlaInfo.ba","article_publisher":"https:\/\/www.facebook.com\/tuzlainfo.ba\/","article_published_time":"2025-09-13T18:02:28+00:00","article_modified_time":"2025-09-13T18:19:37+00:00","og_image":[{"width":1000,"height":552,"url":"https:\/\/tuzlainfo.ba\/wp-content\/uploads\/2025\/09\/1309_defile_bike_motorijada.jpg","type":"image\/jpeg"}],"author":"nedim","twitter_card":"summary_large_image","twitter_misc":{"Written by":"nedim","Est. reading time":"2 minute"},"schema":{"@context":"https:\/\/schema.org","@graph":[{"@type":"Article","@id":"https:\/\/tuzlainfo.ba\/index.php\/novosti\/item\/280541-video-bike-fest-2025-stotine-motorista-u-tradicionalnom-defileu-tuzlom\/#article","isPartOf":{"@id":"https:\/\/tuzlainfo.ba\/index.php\/novosti\/item\/280541-video-bike-fest-2025-stotine-motorista-u-tradicionalnom-defileu-tuzlom\/"},"author":{"name":"nedim","@id":"https:\/\/tuzlainfo.ba\/#\/schema\/person\/f434e20dc27ea133923aab08451b7f7f"},"headline":"VIDEO \/ Bike fest 2025: Stotine motorista u tradicionalnom defileu Tuzlom","datePublished":"2025-09-13T18:02:28+00:00","dateModified":"2025-09-13T18:19:37+00:00","mainEntityOfPage":{"@id":"https:\/\/tuzlainfo.ba\/index.php\/novosti\/item\/280541-video-bike-fest-2025-stotine-motorista-u-tradicionalnom-defileu-tuzlom\/"},"wordCount":218,"publisher":{"@id":"https:\/\/tuzlainfo.ba\/#organization"},"image":{"@id":"https:\/\/tuzlainfo.ba\/index.php\/novosti\/item\/280541-video-bike-fest-2025-stotine-motorista-u-tradicionalnom-defileu-tuzlom\/#primaryimage"},"thumbnailUrl":"https:\/\/tuzlainfo.ba\/wp-content\/uploads\/2025\/09\/1309_defile_bike_motorijada.jpg","keywords":["bike fest","defile motorista","tuzla"],"articleSection":["Istaknuto","Novosti"],"inLanguage":"bs-BA"},{"@type":"WebPage","@id":"https:\/\/tuzlainfo.ba\/index.php\/novosti\/item\/280541-video-bike-fest-2025-stotine-motorista-u-tradicionalnom-defileu-tuzlom\/","url":"https:\/\/tuzlainfo.ba\/index.php\/novosti\/item\/280541-video-bike-fest-2025-stotine-motorista-u-tradicionalnom-defileu-tuzlom\/","name":"VIDEO \/ Bike fest 2025: Stotine motorista u tradicionalnom defileu Tuzlom - TuzlaInfo.ba","isPartOf":{"@id":"https:\/\/tuzlainfo.ba\/#website"},"primaryImageOfPage":{"@id":"https:\/\/tuzlainfo.ba\/index.php\/novosti\/item\/280541-video-bike-fest-2025-stotine-motorista-u-tradicionalnom-defileu-tuzlom\/#primaryimage"},"image":{"@id":"https:\/\/tuzlainfo.ba\/index.php\/novosti\/item\/280541-video-bike-fest-2025-stotine-motorista-u-tradicionalnom-defileu-tuzlom\/#primaryimage"},"thumbnailUrl":"https:\/\/tuzlainfo.ba\/wp-content\/uploads\/2025\/09\/1309_defile_bike_motorijada.jpg","datePublished":"2025-09-13T18:02:28+00:00","dateModified":"2025-09-13T18:19:37+00:00","breadcrumb":{"@id":"https:\/\/tuzlainfo.ba\/index.php\/novosti\/item\/280541-video-bike-fest-2025-stotine-motorista-u-tradicionalnom-defileu-tuzlom\/#breadcrumb"},"inLanguage":"bs-BA","potentialAction":[{"@type":"ReadAction","target":["https:\/\/tuzlainfo.ba\/index.php\/novosti\/item\/280541-video-bike-fest-2025-stotine-motorista-u-tradicionalnom-defileu-tuzlom\/"]}]},{"@type":"ImageObject","inLanguage":"bs-BA","@id":"https:\/\/tuzlainfo.ba\/index.php\/novosti\/item\/280541-video-bike-fest-2025-stotine-motorista-u-tradicionalnom-defileu-tuzlom\/#primaryimage","url":"https:\/\/tuzlainfo.ba\/wp-content\/uploads\/2025\/09\/1309_defile_bike_motorijada.jpg","contentUrl":"https:\/\/tuzlainfo.ba\/wp-content\/uploads\/2025\/09\/1309_defile_bike_motorijada.jpg","width":1000,"height":552},{"@type":"BreadcrumbList","@id":"https:\/\/tuzlainfo.ba\/index.php\/novosti\/item\/280541-video-bike-fest-2025-stotine-motorista-u-tradicionalnom-defileu-tuzlom\/#breadcrumb","itemListElement":[{"@type":"ListItem","position":1,"name":"Home","item":"https:\/\/tuzlainfo.ba\/"},{"@type":"ListItem","position":2,"name":"VIDEO \/ Bike fest 2025: Stotine motorista u tradicionalnom defileu Tuzlom"}]},{"@type":"WebSite","@id":"https:\/\/tuzlainfo.ba\/#website","url":"https:\/\/tuzlainfo.ba\/","name":"TuzlaInfo.ba","description":"Tuzla info, gradski informator - Tuzla na dlanu","publisher":{"@id":"https:\/\/tuzlainfo.ba\/#organization"},"potentialAction":[{"@type":"SearchAction","target":{"@type":"EntryPoint","urlTemplate":"https:\/\/tuzlainfo.ba\/?s={search_term_string}"},"query-input":{"@type":"PropertyValueSpecification","valueRequired":true,"valueName":"search_term_string"}}],"inLanguage":"bs-BA"},{"@type":"Organization","@id":"https:\/\/tuzlainfo.ba\/#organization","name":"TuzlaInfo.ba","url":"https:\/\/tuzlainfo.ba\/","logo":{"@type":"ImageObject","inLanguage":"bs-BA","@id":"https:\/\/tuzlainfo.ba\/#\/schema\/logo\/image\/","url":"https:\/\/tuzlainfo.ba\/wp-content\/uploads\/2021\/03\/logo-ver-3-1.png","contentUrl":"https:\/\/tuzlainfo.ba\/wp-content\/uploads\/2021\/03\/logo-ver-3-1.png","width":350,"height":95,"caption":"TuzlaInfo.ba"},"image":{"@id":"https:\/\/tuzlainfo.ba\/#\/schema\/logo\/image\/"},"sameAs":["https:\/\/www.facebook.com\/tuzlainfo.ba\/"]},{"@type":"Person","@id":"https:\/\/tuzlainfo.ba\/#\/schema\/person\/f434e20dc27ea133923aab08451b7f7f","name":"nedim","image":{"@type":"ImageObject","inLanguage":"bs-BA","@id":"https:\/\/tuzlainfo.ba\/#\/schema\/person\/image\/","url":"https:\/\/tuzlainfo.ba\/wp-content\/litespeed\/avatar\/aabad687af24844af817603ac1cbdc4f.jpg?ver=1776702173","contentUrl":"https:\/\/tuzlainfo.ba\/wp-content\/litespeed\/avatar\/aabad687af24844af817603ac1cbdc4f.jpg?ver=1776702173","caption":"nedim"},"description":"Tuzlainfo.ba pratite na dru\u0161tvenim mre\u017eama: Facebook, Instagram i Youtube. Svoje pri\u010de, upite i fotografije \u0161aljite na na\u0161u e-mail adresu."}]}},"_links":{"self":[{"href":"https:\/\/tuzlainfo.ba\/index.php\/wp-json\/wp\/v2\/posts\/280541"}],"collection":[{"href":"https:\/\/tuzlainfo.ba\/index.php\/wp-json\/wp\/v2\/posts"}],"about":[{"href":"https:\/\/tuzlainfo.ba\/index.php\/wp-json\/wp\/v2\/types\/post"}],"author":[{"embeddable":true,"href":"https:\/\/tuzlainfo.ba\/index.php\/wp-json\/wp\/v2\/users\/2"}],"replies":[{"embeddable":true,"href":"https:\/\/tuzlainfo.ba\/index.php\/wp-json\/wp\/v2\/comments?post=280541"}],"version-history":[{"count":4,"href":"https:\/\/tuzlainfo.ba\/index.php\/wp-json\/wp\/v2\/posts\/280541\/revisions"}],"predecessor-version":[{"id":280547,"href":"https:\/\/tuzlainfo.ba\/index.php\/wp-json\/wp\/v2\/posts\/280541\/revisions\/280547"}],"wp:featuredmedia":[{"embeddable":true,"href":"https:\/\/tuzlainfo.ba\/index.php\/wp-json\/wp\/v2\/media\/280542"}],"wp:attachment":[{"href":"https:\/\/tuzlainfo.ba\/index.php\/wp-json\/wp\/v2\/media?parent=280541"}],"wp:term":[{"taxonomy":"category","embeddable":true,"href":"https:\/\/tuzlainfo.ba\/index.php\/wp-json\/wp\/v2\/categories?post=280541"},{"taxonomy":"post_tag","embeddable":true,"href":"https:\/\/tuzlainfo.ba\/index.php\/wp-json\/wp\/v2\/tags?post=280541"}],"curies":[{"name":"wp","href":"https:\/\/api.w.org\/{rel}","templated":true}]}}