{"id":280318,"date":"2025-09-11T10:08:10","date_gmt":"2025-09-11T08:08:10","guid":{"rendered":"https:\/\/tuzlainfo.ba\/?p=280318"},"modified":"2025-09-11T08:08:35","modified_gmt":"2025-09-11T06:08:35","slug":"veceras-promocija-knjige-srebrenica-oziljci","status":"publish","type":"post","link":"https:\/\/tuzlainfo.ba\/index.php\/najava-dogadaja-2\/item\/280318-veceras-promocija-knjige-srebrenica-oziljci\/","title":{"rendered":"Ve\u010deras promocija knjige \u201eSrebrenica O\u017eiljci\u201c"},"content":{"rendered":"<p>U \u010detvrtak, 11. septembra 2025. godine, sa po\u010detkom u 18:00 sati, u prostorijama Bosanskog kulturnog centra Srebrenica bi\u0107e odr\u017eana promocija knjige \u201eSrebrenica O\u017eiljci\u201c autora Adema Mehmedovi\u0107a.<\/p>\n<p>Promotor knjige je Ahmed Hrustanovi\u0107. Knjiga donosi svjedo\u010danstva i pri\u010de pre\u017eivjelih genocida u Srebrenici od 1992. do 1995. godine, fokusiraju\u0107i se na li\u010dne ispovijesti, \u017eivotne pri\u010de i emotivne tragove tragedije \u2013 kako na pre\u017eivjele, tako i na porodice \u017ertava.<\/p>\n<p>Posebnost ovog djela jeste \u0161to, osim historijskih \u010dinjenica, otvara prostor za ljudsku dimenziju patnje i traume, prikazuju\u0107i \u201eo\u017eiljke\u201c koji ostaju i nakon tri decenije. Ova promocija predstavlja priliku da se govori o knjizi, razmijene mi\u0161ljenja i da se kroz dru\u017eenje njeguje kultura sje\u0107anja i pam\u0107enja.<\/p>\n<p>Djelo je namijenjeno \u0161iroj publici, od mladih generacija koje \u017eele razumjeti dubinu srebreni\u010dkog stradanja, do istra\u017eiva\u010da koji se bave temom genocida, memorijalizacije i kulture sje\u0107anja.<\/p>\n","protected":false},"excerpt":{"rendered":"<p>U \u010detvrtak, 11. septembra 2025. godine, sa po\u010detkom u 18:00 sati, u prostorijama Bosanskog kulturnog&hellip;<\/p>\n","protected":false},"author":2,"featured_media":280319,"comment_status":"closed","ping_status":"closed","sticky":false,"template":"","format":"standard","meta":{"_acf_changed":false,"footnotes":""},"categories":[11],"tags":[12724,352],"acf":[],"yoast_head":"<!-- This site is optimized with the Yoast SEO plugin v23.5 - https:\/\/yoast.com\/wordpress\/plugins\/seo\/ -->\n<title>Ve\u010deras promocija knjige \u201eSrebrenica O\u017eiljci\u201c - TuzlaInfo.ba<\/title>\n<meta name=\"robots\" content=\"index, follow, max-snippet:-1, max-image-preview:large, max-video-preview:-1\" \/>\n<link rel=\"canonical\" href=\"https:\/\/tuzlainfo.ba\/index.php\/najava-dogadaja-2\/item\/280318-veceras-promocija-knjige-srebrenica-oziljci\/\" \/>\n<meta property=\"og:locale\" content=\"bs_BA\" \/>\n<meta property=\"og:type\" content=\"article\" \/>\n<meta property=\"og:title\" content=\"Ve\u010deras promocija knjige \u201eSrebrenica O\u017eiljci\u201c - TuzlaInfo.ba\" \/>\n<meta property=\"og:description\" content=\"U \u010detvrtak, 11. septembra 2025. godine, sa po\u010detkom u 18:00 sati, u prostorijama Bosanskog kulturnog&hellip;\" \/>\n<meta property=\"og:url\" content=\"https:\/\/tuzlainfo.ba\/index.php\/najava-dogadaja-2\/item\/280318-veceras-promocija-knjige-srebrenica-oziljci\/\" \/>\n<meta property=\"og:site_name\" content=\"TuzlaInfo.ba\" \/>\n<meta property=\"article:publisher\" content=\"https:\/\/www.facebook.com\/tuzlainfo.ba\/\" \/>\n<meta property=\"article:published_time\" content=\"2025-09-11T08:08:10+00:00\" \/>\n<meta property=\"article:modified_time\" content=\"2025-09-11T06:08:35+00:00\" \/>\n<meta property=\"og:image\" content=\"https:\/\/tuzlainfo.ba\/wp-content\/uploads\/2025\/09\/35f2e49e-bd31-416c-a972-ae9b4e7a52e9.jpg\" \/>\n\t<meta property=\"og:image:width\" content=\"695\" \/>\n\t<meta property=\"og:image:height\" content=\"900\" \/>\n\t<meta property=\"og:image:type\" content=\"image\/jpeg\" \/>\n<meta name=\"author\" content=\"nedim\" \/>\n<meta name=\"twitter:card\" content=\"summary_large_image\" \/>\n<meta name=\"twitter:label1\" content=\"Written by\" \/>\n\t<meta name=\"twitter:data1\" content=\"nedim\" \/>\n\t<meta name=\"twitter:label2\" content=\"Est. reading time\" \/>\n\t<meta name=\"twitter:data2\" content=\"1 minuta\" \/>\n<script type=\"application\/ld+json\" class=\"yoast-schema-graph\">{\"@context\":\"https:\/\/schema.org\",\"@graph\":[{\"@type\":\"Article\",\"@id\":\"https:\/\/tuzlainfo.ba\/index.php\/najava-dogadaja-2\/item\/280318-veceras-promocija-knjige-srebrenica-oziljci\/#article\",\"isPartOf\":{\"@id\":\"https:\/\/tuzlainfo.ba\/index.php\/najava-dogadaja-2\/item\/280318-veceras-promocija-knjige-srebrenica-oziljci\/\"},\"author\":{\"name\":\"nedim\",\"@id\":\"https:\/\/tuzlainfo.ba\/#\/schema\/person\/f434e20dc27ea133923aab08451b7f7f\"},\"headline\":\"Ve\u010deras promocija knjige \u201eSrebrenica O\u017eiljci\u201c\",\"datePublished\":\"2025-09-11T08:08:10+00:00\",\"dateModified\":\"2025-09-11T06:08:35+00:00\",\"mainEntityOfPage\":{\"@id\":\"https:\/\/tuzlainfo.ba\/index.php\/najava-dogadaja-2\/item\/280318-veceras-promocija-knjige-srebrenica-oziljci\/\"},\"wordCount\":158,\"publisher\":{\"@id\":\"https:\/\/tuzlainfo.ba\/#organization\"},\"image\":{\"@id\":\"https:\/\/tuzlainfo.ba\/index.php\/najava-dogadaja-2\/item\/280318-veceras-promocija-knjige-srebrenica-oziljci\/#primaryimage\"},\"thumbnailUrl\":\"https:\/\/tuzlainfo.ba\/wp-content\/uploads\/2025\/09\/35f2e49e-bd31-416c-a972-ae9b4e7a52e9.jpg\",\"keywords\":[\"promocija kjnige\",\"srebrenica\"],\"articleSection\":[\"Najave i doga\u0111aji\"],\"inLanguage\":\"bs-BA\"},{\"@type\":\"WebPage\",\"@id\":\"https:\/\/tuzlainfo.ba\/index.php\/najava-dogadaja-2\/item\/280318-veceras-promocija-knjige-srebrenica-oziljci\/\",\"url\":\"https:\/\/tuzlainfo.ba\/index.php\/najava-dogadaja-2\/item\/280318-veceras-promocija-knjige-srebrenica-oziljci\/\",\"name\":\"Ve\u010deras promocija knjige \u201eSrebrenica O\u017eiljci\u201c - TuzlaInfo.ba\",\"isPartOf\":{\"@id\":\"https:\/\/tuzlainfo.ba\/#website\"},\"primaryImageOfPage\":{\"@id\":\"https:\/\/tuzlainfo.ba\/index.php\/najava-dogadaja-2\/item\/280318-veceras-promocija-knjige-srebrenica-oziljci\/#primaryimage\"},\"image\":{\"@id\":\"https:\/\/tuzlainfo.ba\/index.php\/najava-dogadaja-2\/item\/280318-veceras-promocija-knjige-srebrenica-oziljci\/#primaryimage\"},\"thumbnailUrl\":\"https:\/\/tuzlainfo.ba\/wp-content\/uploads\/2025\/09\/35f2e49e-bd31-416c-a972-ae9b4e7a52e9.jpg\",\"datePublished\":\"2025-09-11T08:08:10+00:00\",\"dateModified\":\"2025-09-11T06:08:35+00:00\",\"breadcrumb\":{\"@id\":\"https:\/\/tuzlainfo.ba\/index.php\/najava-dogadaja-2\/item\/280318-veceras-promocija-knjige-srebrenica-oziljci\/#breadcrumb\"},\"inLanguage\":\"bs-BA\",\"potentialAction\":[{\"@type\":\"ReadAction\",\"target\":[\"https:\/\/tuzlainfo.ba\/index.php\/najava-dogadaja-2\/item\/280318-veceras-promocija-knjige-srebrenica-oziljci\/\"]}]},{\"@type\":\"ImageObject\",\"inLanguage\":\"bs-BA\",\"@id\":\"https:\/\/tuzlainfo.ba\/index.php\/najava-dogadaja-2\/item\/280318-veceras-promocija-knjige-srebrenica-oziljci\/#primaryimage\",\"url\":\"https:\/\/tuzlainfo.ba\/wp-content\/uploads\/2025\/09\/35f2e49e-bd31-416c-a972-ae9b4e7a52e9.jpg\",\"contentUrl\":\"https:\/\/tuzlainfo.ba\/wp-content\/uploads\/2025\/09\/35f2e49e-bd31-416c-a972-ae9b4e7a52e9.jpg\",\"width\":695,\"height\":900},{\"@type\":\"BreadcrumbList\",\"@id\":\"https:\/\/tuzlainfo.ba\/index.php\/najava-dogadaja-2\/item\/280318-veceras-promocija-knjige-srebrenica-oziljci\/#breadcrumb\",\"itemListElement\":[{\"@type\":\"ListItem\",\"position\":1,\"name\":\"Home\",\"item\":\"https:\/\/tuzlainfo.ba\/\"},{\"@type\":\"ListItem\",\"position\":2,\"name\":\"Ve\u010deras promocija knjige \u201eSrebrenica O\u017eiljci\u201c\"}]},{\"@type\":\"WebSite\",\"@id\":\"https:\/\/tuzlainfo.ba\/#website\",\"url\":\"https:\/\/tuzlainfo.ba\/\",\"name\":\"TuzlaInfo.ba\",\"description\":\"Tuzla info, gradski informator - Tuzla na dlanu\",\"publisher\":{\"@id\":\"https:\/\/tuzlainfo.ba\/#organization\"},\"potentialAction\":[{\"@type\":\"SearchAction\",\"target\":{\"@type\":\"EntryPoint\",\"urlTemplate\":\"https:\/\/tuzlainfo.ba\/?s={search_term_string}\"},\"query-input\":{\"@type\":\"PropertyValueSpecification\",\"valueRequired\":true,\"valueName\":\"search_term_string\"}}],\"inLanguage\":\"bs-BA\"},{\"@type\":\"Organization\",\"@id\":\"https:\/\/tuzlainfo.ba\/#organization\",\"name\":\"TuzlaInfo.ba\",\"url\":\"https:\/\/tuzlainfo.ba\/\",\"logo\":{\"@type\":\"ImageObject\",\"inLanguage\":\"bs-BA\",\"@id\":\"https:\/\/tuzlainfo.ba\/#\/schema\/logo\/image\/\",\"url\":\"https:\/\/tuzlainfo.ba\/wp-content\/uploads\/2021\/03\/logo-ver-3-1.png\",\"contentUrl\":\"https:\/\/tuzlainfo.ba\/wp-content\/uploads\/2021\/03\/logo-ver-3-1.png\",\"width\":350,\"height\":95,\"caption\":\"TuzlaInfo.ba\"},\"image\":{\"@id\":\"https:\/\/tuzlainfo.ba\/#\/schema\/logo\/image\/\"},\"sameAs\":[\"https:\/\/www.facebook.com\/tuzlainfo.ba\/\"]},{\"@type\":\"Person\",\"@id\":\"https:\/\/tuzlainfo.ba\/#\/schema\/person\/f434e20dc27ea133923aab08451b7f7f\",\"name\":\"nedim\",\"image\":{\"@type\":\"ImageObject\",\"inLanguage\":\"bs-BA\",\"@id\":\"https:\/\/tuzlainfo.ba\/#\/schema\/person\/image\/\",\"url\":\"https:\/\/tuzlainfo.ba\/wp-content\/litespeed\/avatar\/aabad687af24844af817603ac1cbdc4f.jpg?ver=1777306975\",\"contentUrl\":\"https:\/\/tuzlainfo.ba\/wp-content\/litespeed\/avatar\/aabad687af24844af817603ac1cbdc4f.jpg?ver=1777306975\",\"caption\":\"nedim\"},\"description\":\"Tuzlainfo.ba pratite na dru\u0161tvenim mre\u017eama: Facebook, Instagram i Youtube. Svoje pri\u010de, upite i fotografije \u0161aljite na na\u0161u e-mail adresu.\"}]}<\/script>\n<!-- \/ Yoast SEO plugin. -->","yoast_head_json":{"title":"Ve\u010deras promocija knjige \u201eSrebrenica O\u017eiljci\u201c - TuzlaInfo.ba","robots":{"index":"index","follow":"follow","max-snippet":"max-snippet:-1","max-image-preview":"max-image-preview:large","max-video-preview":"max-video-preview:-1"},"canonical":"https:\/\/tuzlainfo.ba\/index.php\/najava-dogadaja-2\/item\/280318-veceras-promocija-knjige-srebrenica-oziljci\/","og_locale":"bs_BA","og_type":"article","og_title":"Ve\u010deras promocija knjige \u201eSrebrenica O\u017eiljci\u201c - TuzlaInfo.ba","og_description":"U \u010detvrtak, 11. septembra 2025. godine, sa po\u010detkom u 18:00 sati, u prostorijama Bosanskog kulturnog&hellip;","og_url":"https:\/\/tuzlainfo.ba\/index.php\/najava-dogadaja-2\/item\/280318-veceras-promocija-knjige-srebrenica-oziljci\/","og_site_name":"TuzlaInfo.ba","article_publisher":"https:\/\/www.facebook.com\/tuzlainfo.ba\/","article_published_time":"2025-09-11T08:08:10+00:00","article_modified_time":"2025-09-11T06:08:35+00:00","og_image":[{"width":695,"height":900,"url":"https:\/\/tuzlainfo.ba\/wp-content\/uploads\/2025\/09\/35f2e49e-bd31-416c-a972-ae9b4e7a52e9.jpg","type":"image\/jpeg"}],"author":"nedim","twitter_card":"summary_large_image","twitter_misc":{"Written by":"nedim","Est. reading time":"1 minuta"},"schema":{"@context":"https:\/\/schema.org","@graph":[{"@type":"Article","@id":"https:\/\/tuzlainfo.ba\/index.php\/najava-dogadaja-2\/item\/280318-veceras-promocija-knjige-srebrenica-oziljci\/#article","isPartOf":{"@id":"https:\/\/tuzlainfo.ba\/index.php\/najava-dogadaja-2\/item\/280318-veceras-promocija-knjige-srebrenica-oziljci\/"},"author":{"name":"nedim","@id":"https:\/\/tuzlainfo.ba\/#\/schema\/person\/f434e20dc27ea133923aab08451b7f7f"},"headline":"Ve\u010deras promocija knjige \u201eSrebrenica O\u017eiljci\u201c","datePublished":"2025-09-11T08:08:10+00:00","dateModified":"2025-09-11T06:08:35+00:00","mainEntityOfPage":{"@id":"https:\/\/tuzlainfo.ba\/index.php\/najava-dogadaja-2\/item\/280318-veceras-promocija-knjige-srebrenica-oziljci\/"},"wordCount":158,"publisher":{"@id":"https:\/\/tuzlainfo.ba\/#organization"},"image":{"@id":"https:\/\/tuzlainfo.ba\/index.php\/najava-dogadaja-2\/item\/280318-veceras-promocija-knjige-srebrenica-oziljci\/#primaryimage"},"thumbnailUrl":"https:\/\/tuzlainfo.ba\/wp-content\/uploads\/2025\/09\/35f2e49e-bd31-416c-a972-ae9b4e7a52e9.jpg","keywords":["promocija kjnige","srebrenica"],"articleSection":["Najave i doga\u0111aji"],"inLanguage":"bs-BA"},{"@type":"WebPage","@id":"https:\/\/tuzlainfo.ba\/index.php\/najava-dogadaja-2\/item\/280318-veceras-promocija-knjige-srebrenica-oziljci\/","url":"https:\/\/tuzlainfo.ba\/index.php\/najava-dogadaja-2\/item\/280318-veceras-promocija-knjige-srebrenica-oziljci\/","name":"Ve\u010deras promocija knjige \u201eSrebrenica O\u017eiljci\u201c - TuzlaInfo.ba","isPartOf":{"@id":"https:\/\/tuzlainfo.ba\/#website"},"primaryImageOfPage":{"@id":"https:\/\/tuzlainfo.ba\/index.php\/najava-dogadaja-2\/item\/280318-veceras-promocija-knjige-srebrenica-oziljci\/#primaryimage"},"image":{"@id":"https:\/\/tuzlainfo.ba\/index.php\/najava-dogadaja-2\/item\/280318-veceras-promocija-knjige-srebrenica-oziljci\/#primaryimage"},"thumbnailUrl":"https:\/\/tuzlainfo.ba\/wp-content\/uploads\/2025\/09\/35f2e49e-bd31-416c-a972-ae9b4e7a52e9.jpg","datePublished":"2025-09-11T08:08:10+00:00","dateModified":"2025-09-11T06:08:35+00:00","breadcrumb":{"@id":"https:\/\/tuzlainfo.ba\/index.php\/najava-dogadaja-2\/item\/280318-veceras-promocija-knjige-srebrenica-oziljci\/#breadcrumb"},"inLanguage":"bs-BA","potentialAction":[{"@type":"ReadAction","target":["https:\/\/tuzlainfo.ba\/index.php\/najava-dogadaja-2\/item\/280318-veceras-promocija-knjige-srebrenica-oziljci\/"]}]},{"@type":"ImageObject","inLanguage":"bs-BA","@id":"https:\/\/tuzlainfo.ba\/index.php\/najava-dogadaja-2\/item\/280318-veceras-promocija-knjige-srebrenica-oziljci\/#primaryimage","url":"https:\/\/tuzlainfo.ba\/wp-content\/uploads\/2025\/09\/35f2e49e-bd31-416c-a972-ae9b4e7a52e9.jpg","contentUrl":"https:\/\/tuzlainfo.ba\/wp-content\/uploads\/2025\/09\/35f2e49e-bd31-416c-a972-ae9b4e7a52e9.jpg","width":695,"height":900},{"@type":"BreadcrumbList","@id":"https:\/\/tuzlainfo.ba\/index.php\/najava-dogadaja-2\/item\/280318-veceras-promocija-knjige-srebrenica-oziljci\/#breadcrumb","itemListElement":[{"@type":"ListItem","position":1,"name":"Home","item":"https:\/\/tuzlainfo.ba\/"},{"@type":"ListItem","position":2,"name":"Ve\u010deras promocija knjige \u201eSrebrenica O\u017eiljci\u201c"}]},{"@type":"WebSite","@id":"https:\/\/tuzlainfo.ba\/#website","url":"https:\/\/tuzlainfo.ba\/","name":"TuzlaInfo.ba","description":"Tuzla info, gradski informator - Tuzla na dlanu","publisher":{"@id":"https:\/\/tuzlainfo.ba\/#organization"},"potentialAction":[{"@type":"SearchAction","target":{"@type":"EntryPoint","urlTemplate":"https:\/\/tuzlainfo.ba\/?s={search_term_string}"},"query-input":{"@type":"PropertyValueSpecification","valueRequired":true,"valueName":"search_term_string"}}],"inLanguage":"bs-BA"},{"@type":"Organization","@id":"https:\/\/tuzlainfo.ba\/#organization","name":"TuzlaInfo.ba","url":"https:\/\/tuzlainfo.ba\/","logo":{"@type":"ImageObject","inLanguage":"bs-BA","@id":"https:\/\/tuzlainfo.ba\/#\/schema\/logo\/image\/","url":"https:\/\/tuzlainfo.ba\/wp-content\/uploads\/2021\/03\/logo-ver-3-1.png","contentUrl":"https:\/\/tuzlainfo.ba\/wp-content\/uploads\/2021\/03\/logo-ver-3-1.png","width":350,"height":95,"caption":"TuzlaInfo.ba"},"image":{"@id":"https:\/\/tuzlainfo.ba\/#\/schema\/logo\/image\/"},"sameAs":["https:\/\/www.facebook.com\/tuzlainfo.ba\/"]},{"@type":"Person","@id":"https:\/\/tuzlainfo.ba\/#\/schema\/person\/f434e20dc27ea133923aab08451b7f7f","name":"nedim","image":{"@type":"ImageObject","inLanguage":"bs-BA","@id":"https:\/\/tuzlainfo.ba\/#\/schema\/person\/image\/","url":"https:\/\/tuzlainfo.ba\/wp-content\/litespeed\/avatar\/aabad687af24844af817603ac1cbdc4f.jpg?ver=1777306975","contentUrl":"https:\/\/tuzlainfo.ba\/wp-content\/litespeed\/avatar\/aabad687af24844af817603ac1cbdc4f.jpg?ver=1777306975","caption":"nedim"},"description":"Tuzlainfo.ba pratite na dru\u0161tvenim mre\u017eama: Facebook, Instagram i Youtube. Svoje pri\u010de, upite i fotografije \u0161aljite na na\u0161u e-mail adresu."}]}},"_links":{"self":[{"href":"https:\/\/tuzlainfo.ba\/index.php\/wp-json\/wp\/v2\/posts\/280318"}],"collection":[{"href":"https:\/\/tuzlainfo.ba\/index.php\/wp-json\/wp\/v2\/posts"}],"about":[{"href":"https:\/\/tuzlainfo.ba\/index.php\/wp-json\/wp\/v2\/types\/post"}],"author":[{"embeddable":true,"href":"https:\/\/tuzlainfo.ba\/index.php\/wp-json\/wp\/v2\/users\/2"}],"replies":[{"embeddable":true,"href":"https:\/\/tuzlainfo.ba\/index.php\/wp-json\/wp\/v2\/comments?post=280318"}],"version-history":[{"count":1,"href":"https:\/\/tuzlainfo.ba\/index.php\/wp-json\/wp\/v2\/posts\/280318\/revisions"}],"predecessor-version":[{"id":280320,"href":"https:\/\/tuzlainfo.ba\/index.php\/wp-json\/wp\/v2\/posts\/280318\/revisions\/280320"}],"wp:featuredmedia":[{"embeddable":true,"href":"https:\/\/tuzlainfo.ba\/index.php\/wp-json\/wp\/v2\/media\/280319"}],"wp:attachment":[{"href":"https:\/\/tuzlainfo.ba\/index.php\/wp-json\/wp\/v2\/media?parent=280318"}],"wp:term":[{"taxonomy":"category","embeddable":true,"href":"https:\/\/tuzlainfo.ba\/index.php\/wp-json\/wp\/v2\/categories?post=280318"},{"taxonomy":"post_tag","embeddable":true,"href":"https:\/\/tuzlainfo.ba\/index.php\/wp-json\/wp\/v2\/tags?post=280318"}],"curies":[{"name":"wp","href":"https:\/\/api.w.org\/{rel}","templated":true}]}}