{"id":280103,"date":"2025-09-09T14:09:00","date_gmt":"2025-09-09T12:09:00","guid":{"rendered":"https:\/\/tuzlainfo.ba\/?p=280103"},"modified":"2025-09-09T16:38:48","modified_gmt":"2025-09-09T14:38:48","slug":"novi-incident-u-tuzlanskoj-osnovnoj-skoli-reagovala-i-policija","status":"publish","type":"post","link":"https:\/\/tuzlainfo.ba\/index.php\/novosti\/item\/280103-novi-incident-u-tuzlanskoj-osnovnoj-skoli-reagovala-i-policija\/","title":{"rendered":"Novi incident u tuzlanskoj osnovnoj \u0161koli, reagovala i policija"},"content":{"rendered":"<p>U jednoj tuzlanskoj osnovnoj \u0161koli desio se incident u kojem je jedan 12-godi\u0161njak verbalno napao drugog, te mu prijetio da \u0107e ga napasti oru\u017ejem. Kako se nezvani\u010dno saznaje, radi se o osnovnoj \u0161koli K\u0160C Tuzla.<\/p>\n<p>O svemu su se oglasili iz Uprave policije MUP-a TK, iz koje zvani\u010dno nije navedeno o kojoj \u0161koli se radi:<\/p>\n<p>&#8220;Dana 08.09.2025.godine, PS Centar\/PU Tuzla prijavljeno je od strane direktorice jedne osnovne \u0161kole u Tuzli, da je tokom boravka u \u0161koli 12-godi\u0161njak verbalno vrije\u0111ao i prijetio da \u0107e napasti drugog 12-godi\u0161njaka hladnim oru\u017ejem.<\/p>\n<p>Na mjesto doga\u0111aja upu\u0107ena je patrola policije PS Centar, o doga\u0111aju upoznato Kantonalno tu\u017eila\u0161tvo Tuzlanskog kantona (KTTK) te su ve\u0107 preduzete i dalje se preduzimaju sve potrebne radnje prema uputama de\u017eurnog tu\u017eioca KTTK-a. U rad po prijavi uklju\u010den je i Centar za socijalni rad Tuzla.<\/p>\n<p>U skladu sa odredbama Zakona o za\u0161titi i postupanju sa djecom i maloljetnicima u krivi\u010dnom postupku F BiH, Uprava policije MUP TK-a nije u mogu\u0107nosti davati vi\u0161e informacija u konkretnom slu\u010daju&#8221; &#8211; re\u010deno je iz Uprave policije MUP-a TK.<\/p>\n<p>Podsje\u0107amo, jo\u0161 jedan incident dogodio se 1. septembra, kada je 15-godi\u0161njak, ispred osnovne \u0161kole Kreka napao i te\u0161ko ranio 17-godi\u0161njaka, koji se i dalje nalazi na lije\u010denju u UKC-u Tuzla. Maloljetni napada\u010d je uhap\u0161en, te mu je odre\u0111en jednomjese\u010dni pritvor.<\/p>\n","protected":false},"excerpt":{"rendered":"<p>U jednoj tuzlanskoj osnovnoj \u0161koli desio se incident u kojem je jedan 12-godi\u0161njak verbalno napao&hellip;<\/p>\n","protected":false},"author":4,"featured_media":265617,"comment_status":"closed","ping_status":"closed","sticky":false,"template":"","format":"standard","meta":{"_acf_changed":false,"footnotes":""},"categories":[304,12,306],"tags":[417,4157],"acf":[],"yoast_head":"<!-- This site is optimized with the Yoast SEO plugin v23.5 - https:\/\/yoast.com\/wordpress\/plugins\/seo\/ -->\n<title>Novi incident u tuzlanskoj osnovnoj \u0161koli, reagovala i policija - TuzlaInfo.ba<\/title>\n<meta name=\"robots\" content=\"index, follow, max-snippet:-1, max-image-preview:large, max-video-preview:-1\" \/>\n<link rel=\"canonical\" href=\"https:\/\/tuzlainfo.ba\/index.php\/novosti\/item\/280103-novi-incident-u-tuzlanskoj-osnovnoj-skoli-reagovala-i-policija\/\" \/>\n<meta property=\"og:locale\" content=\"bs_BA\" \/>\n<meta property=\"og:type\" content=\"article\" \/>\n<meta property=\"og:title\" content=\"Novi incident u tuzlanskoj osnovnoj \u0161koli, reagovala i policija - TuzlaInfo.ba\" \/>\n<meta property=\"og:description\" content=\"U jednoj tuzlanskoj osnovnoj \u0161koli desio se incident u kojem je jedan 12-godi\u0161njak verbalno napao&hellip;\" \/>\n<meta property=\"og:url\" content=\"https:\/\/tuzlainfo.ba\/index.php\/novosti\/item\/280103-novi-incident-u-tuzlanskoj-osnovnoj-skoli-reagovala-i-policija\/\" \/>\n<meta property=\"og:site_name\" content=\"TuzlaInfo.ba\" \/>\n<meta property=\"article:publisher\" content=\"https:\/\/www.facebook.com\/tuzlainfo.ba\/\" \/>\n<meta property=\"article:published_time\" content=\"2025-09-09T12:09:00+00:00\" \/>\n<meta property=\"article:modified_time\" content=\"2025-09-09T14:38:48+00:00\" \/>\n<meta property=\"og:image\" content=\"https:\/\/tuzlainfo.ba\/wp-content\/uploads\/2025\/03\/2103_policija-2.jpg\" \/>\n\t<meta property=\"og:image:width\" content=\"1200\" \/>\n\t<meta property=\"og:image:height\" content=\"858\" \/>\n\t<meta property=\"og:image:type\" content=\"image\/jpeg\" \/>\n<meta name=\"author\" content=\"Tuzla Info\" \/>\n<meta name=\"twitter:card\" content=\"summary_large_image\" \/>\n<meta name=\"twitter:label1\" content=\"Written by\" \/>\n\t<meta name=\"twitter:data1\" content=\"Tuzla Info\" \/>\n\t<meta name=\"twitter:label2\" content=\"Est. reading time\" \/>\n\t<meta name=\"twitter:data2\" content=\"2 minute\" \/>\n<script type=\"application\/ld+json\" class=\"yoast-schema-graph\">{\"@context\":\"https:\/\/schema.org\",\"@graph\":[{\"@type\":\"Article\",\"@id\":\"https:\/\/tuzlainfo.ba\/index.php\/novosti\/item\/280103-novi-incident-u-tuzlanskoj-osnovnoj-skoli-reagovala-i-policija\/#article\",\"isPartOf\":{\"@id\":\"https:\/\/tuzlainfo.ba\/index.php\/novosti\/item\/280103-novi-incident-u-tuzlanskoj-osnovnoj-skoli-reagovala-i-policija\/\"},\"author\":{\"name\":\"Tuzla Info\",\"@id\":\"https:\/\/tuzlainfo.ba\/#\/schema\/person\/46cad4c57790cbc50781edd14870825a\"},\"headline\":\"Novi incident u tuzlanskoj osnovnoj \u0161koli, reagovala i policija\",\"datePublished\":\"2025-09-09T12:09:00+00:00\",\"dateModified\":\"2025-09-09T14:38:48+00:00\",\"mainEntityOfPage\":{\"@id\":\"https:\/\/tuzlainfo.ba\/index.php\/novosti\/item\/280103-novi-incident-u-tuzlanskoj-osnovnoj-skoli-reagovala-i-policija\/\"},\"wordCount\":252,\"publisher\":{\"@id\":\"https:\/\/tuzlainfo.ba\/#organization\"},\"image\":{\"@id\":\"https:\/\/tuzlainfo.ba\/index.php\/novosti\/item\/280103-novi-incident-u-tuzlanskoj-osnovnoj-skoli-reagovala-i-policija\/#primaryimage\"},\"thumbnailUrl\":\"https:\/\/tuzlainfo.ba\/wp-content\/uploads\/2025\/03\/2103_policija-2.jpg\",\"keywords\":[\"crna hronika\",\"Uprava policije MUP TK\"],\"articleSection\":[\"Istaknuto\",\"Novosti\",\"Preporu\u010dujemo\"],\"inLanguage\":\"bs-BA\"},{\"@type\":\"WebPage\",\"@id\":\"https:\/\/tuzlainfo.ba\/index.php\/novosti\/item\/280103-novi-incident-u-tuzlanskoj-osnovnoj-skoli-reagovala-i-policija\/\",\"url\":\"https:\/\/tuzlainfo.ba\/index.php\/novosti\/item\/280103-novi-incident-u-tuzlanskoj-osnovnoj-skoli-reagovala-i-policija\/\",\"name\":\"Novi incident u tuzlanskoj osnovnoj \u0161koli, reagovala i policija - TuzlaInfo.ba\",\"isPartOf\":{\"@id\":\"https:\/\/tuzlainfo.ba\/#website\"},\"primaryImageOfPage\":{\"@id\":\"https:\/\/tuzlainfo.ba\/index.php\/novosti\/item\/280103-novi-incident-u-tuzlanskoj-osnovnoj-skoli-reagovala-i-policija\/#primaryimage\"},\"image\":{\"@id\":\"https:\/\/tuzlainfo.ba\/index.php\/novosti\/item\/280103-novi-incident-u-tuzlanskoj-osnovnoj-skoli-reagovala-i-policija\/#primaryimage\"},\"thumbnailUrl\":\"https:\/\/tuzlainfo.ba\/wp-content\/uploads\/2025\/03\/2103_policija-2.jpg\",\"datePublished\":\"2025-09-09T12:09:00+00:00\",\"dateModified\":\"2025-09-09T14:38:48+00:00\",\"breadcrumb\":{\"@id\":\"https:\/\/tuzlainfo.ba\/index.php\/novosti\/item\/280103-novi-incident-u-tuzlanskoj-osnovnoj-skoli-reagovala-i-policija\/#breadcrumb\"},\"inLanguage\":\"bs-BA\",\"potentialAction\":[{\"@type\":\"ReadAction\",\"target\":[\"https:\/\/tuzlainfo.ba\/index.php\/novosti\/item\/280103-novi-incident-u-tuzlanskoj-osnovnoj-skoli-reagovala-i-policija\/\"]}]},{\"@type\":\"ImageObject\",\"inLanguage\":\"bs-BA\",\"@id\":\"https:\/\/tuzlainfo.ba\/index.php\/novosti\/item\/280103-novi-incident-u-tuzlanskoj-osnovnoj-skoli-reagovala-i-policija\/#primaryimage\",\"url\":\"https:\/\/tuzlainfo.ba\/wp-content\/uploads\/2025\/03\/2103_policija-2.jpg\",\"contentUrl\":\"https:\/\/tuzlainfo.ba\/wp-content\/uploads\/2025\/03\/2103_policija-2.jpg\",\"width\":1200,\"height\":858},{\"@type\":\"BreadcrumbList\",\"@id\":\"https:\/\/tuzlainfo.ba\/index.php\/novosti\/item\/280103-novi-incident-u-tuzlanskoj-osnovnoj-skoli-reagovala-i-policija\/#breadcrumb\",\"itemListElement\":[{\"@type\":\"ListItem\",\"position\":1,\"name\":\"Home\",\"item\":\"https:\/\/tuzlainfo.ba\/\"},{\"@type\":\"ListItem\",\"position\":2,\"name\":\"Novi incident u tuzlanskoj osnovnoj \u0161koli, reagovala i policija\"}]},{\"@type\":\"WebSite\",\"@id\":\"https:\/\/tuzlainfo.ba\/#website\",\"url\":\"https:\/\/tuzlainfo.ba\/\",\"name\":\"TuzlaInfo.ba\",\"description\":\"Tuzla info, gradski informator - Tuzla na dlanu\",\"publisher\":{\"@id\":\"https:\/\/tuzlainfo.ba\/#organization\"},\"potentialAction\":[{\"@type\":\"SearchAction\",\"target\":{\"@type\":\"EntryPoint\",\"urlTemplate\":\"https:\/\/tuzlainfo.ba\/?s={search_term_string}\"},\"query-input\":{\"@type\":\"PropertyValueSpecification\",\"valueRequired\":true,\"valueName\":\"search_term_string\"}}],\"inLanguage\":\"bs-BA\"},{\"@type\":\"Organization\",\"@id\":\"https:\/\/tuzlainfo.ba\/#organization\",\"name\":\"TuzlaInfo.ba\",\"url\":\"https:\/\/tuzlainfo.ba\/\",\"logo\":{\"@type\":\"ImageObject\",\"inLanguage\":\"bs-BA\",\"@id\":\"https:\/\/tuzlainfo.ba\/#\/schema\/logo\/image\/\",\"url\":\"https:\/\/tuzlainfo.ba\/wp-content\/uploads\/2021\/03\/logo-ver-3-1.png\",\"contentUrl\":\"https:\/\/tuzlainfo.ba\/wp-content\/uploads\/2021\/03\/logo-ver-3-1.png\",\"width\":350,\"height\":95,\"caption\":\"TuzlaInfo.ba\"},\"image\":{\"@id\":\"https:\/\/tuzlainfo.ba\/#\/schema\/logo\/image\/\"},\"sameAs\":[\"https:\/\/www.facebook.com\/tuzlainfo.ba\/\"]},{\"@type\":\"Person\",\"@id\":\"https:\/\/tuzlainfo.ba\/#\/schema\/person\/46cad4c57790cbc50781edd14870825a\",\"name\":\"Tuzla Info\",\"image\":{\"@type\":\"ImageObject\",\"inLanguage\":\"bs-BA\",\"@id\":\"https:\/\/tuzlainfo.ba\/#\/schema\/person\/image\/\",\"url\":\"https:\/\/tuzlainfo.ba\/wp-content\/litespeed\/avatar\/b6c453a6c38e3654f2e4416c643fc25c.jpg?ver=1777051911\",\"contentUrl\":\"https:\/\/tuzlainfo.ba\/wp-content\/litespeed\/avatar\/b6c453a6c38e3654f2e4416c643fc25c.jpg?ver=1777051911\",\"caption\":\"Tuzla Info\"}}]}<\/script>\n<!-- \/ Yoast SEO plugin. -->","yoast_head_json":{"title":"Novi incident u tuzlanskoj osnovnoj \u0161koli, reagovala i policija - TuzlaInfo.ba","robots":{"index":"index","follow":"follow","max-snippet":"max-snippet:-1","max-image-preview":"max-image-preview:large","max-video-preview":"max-video-preview:-1"},"canonical":"https:\/\/tuzlainfo.ba\/index.php\/novosti\/item\/280103-novi-incident-u-tuzlanskoj-osnovnoj-skoli-reagovala-i-policija\/","og_locale":"bs_BA","og_type":"article","og_title":"Novi incident u tuzlanskoj osnovnoj \u0161koli, reagovala i policija - TuzlaInfo.ba","og_description":"U jednoj tuzlanskoj osnovnoj \u0161koli desio se incident u kojem je jedan 12-godi\u0161njak verbalno napao&hellip;","og_url":"https:\/\/tuzlainfo.ba\/index.php\/novosti\/item\/280103-novi-incident-u-tuzlanskoj-osnovnoj-skoli-reagovala-i-policija\/","og_site_name":"TuzlaInfo.ba","article_publisher":"https:\/\/www.facebook.com\/tuzlainfo.ba\/","article_published_time":"2025-09-09T12:09:00+00:00","article_modified_time":"2025-09-09T14:38:48+00:00","og_image":[{"width":1200,"height":858,"url":"https:\/\/tuzlainfo.ba\/wp-content\/uploads\/2025\/03\/2103_policija-2.jpg","type":"image\/jpeg"}],"author":"Tuzla Info","twitter_card":"summary_large_image","twitter_misc":{"Written by":"Tuzla Info","Est. reading time":"2 minute"},"schema":{"@context":"https:\/\/schema.org","@graph":[{"@type":"Article","@id":"https:\/\/tuzlainfo.ba\/index.php\/novosti\/item\/280103-novi-incident-u-tuzlanskoj-osnovnoj-skoli-reagovala-i-policija\/#article","isPartOf":{"@id":"https:\/\/tuzlainfo.ba\/index.php\/novosti\/item\/280103-novi-incident-u-tuzlanskoj-osnovnoj-skoli-reagovala-i-policija\/"},"author":{"name":"Tuzla Info","@id":"https:\/\/tuzlainfo.ba\/#\/schema\/person\/46cad4c57790cbc50781edd14870825a"},"headline":"Novi incident u tuzlanskoj osnovnoj \u0161koli, reagovala i policija","datePublished":"2025-09-09T12:09:00+00:00","dateModified":"2025-09-09T14:38:48+00:00","mainEntityOfPage":{"@id":"https:\/\/tuzlainfo.ba\/index.php\/novosti\/item\/280103-novi-incident-u-tuzlanskoj-osnovnoj-skoli-reagovala-i-policija\/"},"wordCount":252,"publisher":{"@id":"https:\/\/tuzlainfo.ba\/#organization"},"image":{"@id":"https:\/\/tuzlainfo.ba\/index.php\/novosti\/item\/280103-novi-incident-u-tuzlanskoj-osnovnoj-skoli-reagovala-i-policija\/#primaryimage"},"thumbnailUrl":"https:\/\/tuzlainfo.ba\/wp-content\/uploads\/2025\/03\/2103_policija-2.jpg","keywords":["crna hronika","Uprava policije MUP TK"],"articleSection":["Istaknuto","Novosti","Preporu\u010dujemo"],"inLanguage":"bs-BA"},{"@type":"WebPage","@id":"https:\/\/tuzlainfo.ba\/index.php\/novosti\/item\/280103-novi-incident-u-tuzlanskoj-osnovnoj-skoli-reagovala-i-policija\/","url":"https:\/\/tuzlainfo.ba\/index.php\/novosti\/item\/280103-novi-incident-u-tuzlanskoj-osnovnoj-skoli-reagovala-i-policija\/","name":"Novi incident u tuzlanskoj osnovnoj \u0161koli, reagovala i policija - TuzlaInfo.ba","isPartOf":{"@id":"https:\/\/tuzlainfo.ba\/#website"},"primaryImageOfPage":{"@id":"https:\/\/tuzlainfo.ba\/index.php\/novosti\/item\/280103-novi-incident-u-tuzlanskoj-osnovnoj-skoli-reagovala-i-policija\/#primaryimage"},"image":{"@id":"https:\/\/tuzlainfo.ba\/index.php\/novosti\/item\/280103-novi-incident-u-tuzlanskoj-osnovnoj-skoli-reagovala-i-policija\/#primaryimage"},"thumbnailUrl":"https:\/\/tuzlainfo.ba\/wp-content\/uploads\/2025\/03\/2103_policija-2.jpg","datePublished":"2025-09-09T12:09:00+00:00","dateModified":"2025-09-09T14:38:48+00:00","breadcrumb":{"@id":"https:\/\/tuzlainfo.ba\/index.php\/novosti\/item\/280103-novi-incident-u-tuzlanskoj-osnovnoj-skoli-reagovala-i-policija\/#breadcrumb"},"inLanguage":"bs-BA","potentialAction":[{"@type":"ReadAction","target":["https:\/\/tuzlainfo.ba\/index.php\/novosti\/item\/280103-novi-incident-u-tuzlanskoj-osnovnoj-skoli-reagovala-i-policija\/"]}]},{"@type":"ImageObject","inLanguage":"bs-BA","@id":"https:\/\/tuzlainfo.ba\/index.php\/novosti\/item\/280103-novi-incident-u-tuzlanskoj-osnovnoj-skoli-reagovala-i-policija\/#primaryimage","url":"https:\/\/tuzlainfo.ba\/wp-content\/uploads\/2025\/03\/2103_policija-2.jpg","contentUrl":"https:\/\/tuzlainfo.ba\/wp-content\/uploads\/2025\/03\/2103_policija-2.jpg","width":1200,"height":858},{"@type":"BreadcrumbList","@id":"https:\/\/tuzlainfo.ba\/index.php\/novosti\/item\/280103-novi-incident-u-tuzlanskoj-osnovnoj-skoli-reagovala-i-policija\/#breadcrumb","itemListElement":[{"@type":"ListItem","position":1,"name":"Home","item":"https:\/\/tuzlainfo.ba\/"},{"@type":"ListItem","position":2,"name":"Novi incident u tuzlanskoj osnovnoj \u0161koli, reagovala i policija"}]},{"@type":"WebSite","@id":"https:\/\/tuzlainfo.ba\/#website","url":"https:\/\/tuzlainfo.ba\/","name":"TuzlaInfo.ba","description":"Tuzla info, gradski informator - Tuzla na dlanu","publisher":{"@id":"https:\/\/tuzlainfo.ba\/#organization"},"potentialAction":[{"@type":"SearchAction","target":{"@type":"EntryPoint","urlTemplate":"https:\/\/tuzlainfo.ba\/?s={search_term_string}"},"query-input":{"@type":"PropertyValueSpecification","valueRequired":true,"valueName":"search_term_string"}}],"inLanguage":"bs-BA"},{"@type":"Organization","@id":"https:\/\/tuzlainfo.ba\/#organization","name":"TuzlaInfo.ba","url":"https:\/\/tuzlainfo.ba\/","logo":{"@type":"ImageObject","inLanguage":"bs-BA","@id":"https:\/\/tuzlainfo.ba\/#\/schema\/logo\/image\/","url":"https:\/\/tuzlainfo.ba\/wp-content\/uploads\/2021\/03\/logo-ver-3-1.png","contentUrl":"https:\/\/tuzlainfo.ba\/wp-content\/uploads\/2021\/03\/logo-ver-3-1.png","width":350,"height":95,"caption":"TuzlaInfo.ba"},"image":{"@id":"https:\/\/tuzlainfo.ba\/#\/schema\/logo\/image\/"},"sameAs":["https:\/\/www.facebook.com\/tuzlainfo.ba\/"]},{"@type":"Person","@id":"https:\/\/tuzlainfo.ba\/#\/schema\/person\/46cad4c57790cbc50781edd14870825a","name":"Tuzla Info","image":{"@type":"ImageObject","inLanguage":"bs-BA","@id":"https:\/\/tuzlainfo.ba\/#\/schema\/person\/image\/","url":"https:\/\/tuzlainfo.ba\/wp-content\/litespeed\/avatar\/b6c453a6c38e3654f2e4416c643fc25c.jpg?ver=1777051911","contentUrl":"https:\/\/tuzlainfo.ba\/wp-content\/litespeed\/avatar\/b6c453a6c38e3654f2e4416c643fc25c.jpg?ver=1777051911","caption":"Tuzla Info"}}]}},"_links":{"self":[{"href":"https:\/\/tuzlainfo.ba\/index.php\/wp-json\/wp\/v2\/posts\/280103"}],"collection":[{"href":"https:\/\/tuzlainfo.ba\/index.php\/wp-json\/wp\/v2\/posts"}],"about":[{"href":"https:\/\/tuzlainfo.ba\/index.php\/wp-json\/wp\/v2\/types\/post"}],"author":[{"embeddable":true,"href":"https:\/\/tuzlainfo.ba\/index.php\/wp-json\/wp\/v2\/users\/4"}],"replies":[{"embeddable":true,"href":"https:\/\/tuzlainfo.ba\/index.php\/wp-json\/wp\/v2\/comments?post=280103"}],"version-history":[{"count":5,"href":"https:\/\/tuzlainfo.ba\/index.php\/wp-json\/wp\/v2\/posts\/280103\/revisions"}],"predecessor-version":[{"id":280122,"href":"https:\/\/tuzlainfo.ba\/index.php\/wp-json\/wp\/v2\/posts\/280103\/revisions\/280122"}],"wp:featuredmedia":[{"embeddable":true,"href":"https:\/\/tuzlainfo.ba\/index.php\/wp-json\/wp\/v2\/media\/265617"}],"wp:attachment":[{"href":"https:\/\/tuzlainfo.ba\/index.php\/wp-json\/wp\/v2\/media?parent=280103"}],"wp:term":[{"taxonomy":"category","embeddable":true,"href":"https:\/\/tuzlainfo.ba\/index.php\/wp-json\/wp\/v2\/categories?post=280103"},{"taxonomy":"post_tag","embeddable":true,"href":"https:\/\/tuzlainfo.ba\/index.php\/wp-json\/wp\/v2\/tags?post=280103"}],"curies":[{"name":"wp","href":"https:\/\/api.w.org\/{rel}","templated":true}]}}