{"id":27989,"date":"2009-07-04T08:58:42","date_gmt":"2009-07-04T08:58:42","guid":{"rendered":"https:\/\/v2.tuzlainfo.ba\/2009\/07\/04\/5-juli-zapali-na-majorku-na-panonici\/"},"modified":"2021-03-23T21:05:54","modified_gmt":"2021-03-23T20:05:54","slug":"5-juli-zapali-na-majorku-na-panonici","status":"publish","type":"post","link":"https:\/\/tuzlainfo.ba\/index.php\/najava-dogadaja-2\/item\/27989-5-juli-zapali-na-majorku-na-panonici\/","title":{"rendered":"5. juli: \u201eZapali na Majorku\u201c na Panonici"},"content":{"rendered":"<p style=\"margin: 0cm 0cm 0pt;\" class=\"MsoNormal\"><span style=\"mso-ansi-language: HR;\" lang=\"HR\">Prvo izvla\u010denje nagradne igre FDS-a \u201eZapali na Majorku\u201c, odr\u017eat \u0107e se 5. jula 2009. godine na Panonskim jezerima, uz prigodan zabavni program koji prire\u0111uje organizator. Oni koji taj dan do\u0111u na kompleks Panonike, pored prigodnog programa u kojem \u0107e se izvu\u0107i imena sretnih dobitnika prvog kruga, imat \u0107e priliku prisustvovati i prigodnom koncertu, a imena onih koji \u0107e nastupiti bit \u0107e izenena\u0111enje za sve oni koji nedjeljno popodne provedu na Panonskim jezerima.<\/span><\/p>\n<p style=\"margin: 0cm 0cm 0pt;\" class=\"MsoNormal\"><span style=\"mso-ansi-language: HR;\" lang=\"HR\">Organizator je objezbjedio i promotivne nagrade za posjetitelje. Program po\u010dinje na ulicama Tuzle ve\u0107 od 11 sati, a kasnije se seli na Panonska jezera.<\/span><\/p>\n","protected":false},"excerpt":{"rendered":"<p>Prvo izvla\u010denje nagradne igre FDS-a \u201eZapali na Majorku\u201c, odr\u017eat \u0107e se 5. jula 2009. godine&hellip;<\/p>\n","protected":false},"author":7,"featured_media":27988,"comment_status":"open","ping_status":"closed","sticky":false,"template":"","format":"standard","meta":{"_acf_changed":false,"footnotes":""},"categories":[11],"tags":[],"acf":[],"yoast_head":"<!-- This site is optimized with the Yoast SEO plugin v23.5 - https:\/\/yoast.com\/wordpress\/plugins\/seo\/ -->\n<title>5. juli: \u201eZapali na Majorku\u201c na Panonici - TuzlaInfo.ba<\/title>\n<meta name=\"robots\" content=\"index, follow, max-snippet:-1, max-image-preview:large, max-video-preview:-1\" \/>\n<link rel=\"canonical\" href=\"https:\/\/tuzlainfo.ba\/index.php\/najava-dogadaja-2\/item\/27989-5-juli-zapali-na-majorku-na-panonici\/\" \/>\n<meta property=\"og:locale\" content=\"bs_BA\" \/>\n<meta property=\"og:type\" content=\"article\" \/>\n<meta property=\"og:title\" content=\"5. juli: \u201eZapali na Majorku\u201c na Panonici - TuzlaInfo.ba\" \/>\n<meta property=\"og:description\" content=\"Prvo izvla\u010denje nagradne igre FDS-a \u201eZapali na Majorku\u201c, odr\u017eat \u0107e se 5. jula 2009. godine&hellip;\" \/>\n<meta property=\"og:url\" content=\"https:\/\/tuzlainfo.ba\/index.php\/najava-dogadaja-2\/item\/27989-5-juli-zapali-na-majorku-na-panonici\/\" \/>\n<meta property=\"og:site_name\" content=\"TuzlaInfo.ba\" \/>\n<meta property=\"article:publisher\" content=\"https:\/\/www.facebook.com\/tuzlainfo.ba\/\" \/>\n<meta property=\"article:published_time\" content=\"2009-07-04T08:58:42+00:00\" \/>\n<meta property=\"article:modified_time\" content=\"2021-03-23T20:05:54+00:00\" \/>\n<meta property=\"og:image\" content=\"https:\/\/tuzlainfo.ba\/wp-content\/uploads\/2009\/07\/sadrzaj_2009_20090704_zapali_na_majorku.jpg\" \/>\n\t<meta property=\"og:image:width\" content=\"314\" \/>\n\t<meta property=\"og:image:height\" content=\"214\" \/>\n\t<meta property=\"og:image:type\" content=\"image\/jpeg\" \/>\n<meta name=\"author\" content=\"admin\" \/>\n<meta name=\"twitter:card\" content=\"summary_large_image\" \/>\n<meta name=\"twitter:label1\" content=\"Written by\" \/>\n\t<meta name=\"twitter:data1\" content=\"admin\" \/>\n\t<meta name=\"twitter:label2\" content=\"Est. reading time\" \/>\n\t<meta name=\"twitter:data2\" content=\"1 minuta\" \/>\n<script type=\"application\/ld+json\" class=\"yoast-schema-graph\">{\"@context\":\"https:\/\/schema.org\",\"@graph\":[{\"@type\":\"Article\",\"@id\":\"https:\/\/tuzlainfo.ba\/index.php\/najava-dogadaja-2\/item\/27989-5-juli-zapali-na-majorku-na-panonici\/#article\",\"isPartOf\":{\"@id\":\"https:\/\/tuzlainfo.ba\/index.php\/najava-dogadaja-2\/item\/27989-5-juli-zapali-na-majorku-na-panonici\/\"},\"author\":{\"name\":\"admin\",\"@id\":\"https:\/\/tuzlainfo.ba\/#\/schema\/person\/2f43db7fe019bcec025fe92cee6adb27\"},\"headline\":\"5. juli: \u201eZapali na Majorku\u201c na Panonici\",\"datePublished\":\"2009-07-04T08:58:42+00:00\",\"dateModified\":\"2021-03-23T20:05:54+00:00\",\"mainEntityOfPage\":{\"@id\":\"https:\/\/tuzlainfo.ba\/index.php\/najava-dogadaja-2\/item\/27989-5-juli-zapali-na-majorku-na-panonici\/\"},\"wordCount\":106,\"commentCount\":0,\"publisher\":{\"@id\":\"https:\/\/tuzlainfo.ba\/#organization\"},\"image\":{\"@id\":\"https:\/\/tuzlainfo.ba\/index.php\/najava-dogadaja-2\/item\/27989-5-juli-zapali-na-majorku-na-panonici\/#primaryimage\"},\"thumbnailUrl\":\"https:\/\/tuzlainfo.ba\/wp-content\/uploads\/2009\/07\/sadrzaj_2009_20090704_zapali_na_majorku.jpg\",\"articleSection\":[\"Najave i doga\u0111aji\"],\"inLanguage\":\"bs-BA\"},{\"@type\":\"WebPage\",\"@id\":\"https:\/\/tuzlainfo.ba\/index.php\/najava-dogadaja-2\/item\/27989-5-juli-zapali-na-majorku-na-panonici\/\",\"url\":\"https:\/\/tuzlainfo.ba\/index.php\/najava-dogadaja-2\/item\/27989-5-juli-zapali-na-majorku-na-panonici\/\",\"name\":\"5. juli: \u201eZapali na Majorku\u201c na Panonici - TuzlaInfo.ba\",\"isPartOf\":{\"@id\":\"https:\/\/tuzlainfo.ba\/#website\"},\"primaryImageOfPage\":{\"@id\":\"https:\/\/tuzlainfo.ba\/index.php\/najava-dogadaja-2\/item\/27989-5-juli-zapali-na-majorku-na-panonici\/#primaryimage\"},\"image\":{\"@id\":\"https:\/\/tuzlainfo.ba\/index.php\/najava-dogadaja-2\/item\/27989-5-juli-zapali-na-majorku-na-panonici\/#primaryimage\"},\"thumbnailUrl\":\"https:\/\/tuzlainfo.ba\/wp-content\/uploads\/2009\/07\/sadrzaj_2009_20090704_zapali_na_majorku.jpg\",\"datePublished\":\"2009-07-04T08:58:42+00:00\",\"dateModified\":\"2021-03-23T20:05:54+00:00\",\"breadcrumb\":{\"@id\":\"https:\/\/tuzlainfo.ba\/index.php\/najava-dogadaja-2\/item\/27989-5-juli-zapali-na-majorku-na-panonici\/#breadcrumb\"},\"inLanguage\":\"bs-BA\",\"potentialAction\":[{\"@type\":\"ReadAction\",\"target\":[\"https:\/\/tuzlainfo.ba\/index.php\/najava-dogadaja-2\/item\/27989-5-juli-zapali-na-majorku-na-panonici\/\"]}]},{\"@type\":\"ImageObject\",\"inLanguage\":\"bs-BA\",\"@id\":\"https:\/\/tuzlainfo.ba\/index.php\/najava-dogadaja-2\/item\/27989-5-juli-zapali-na-majorku-na-panonici\/#primaryimage\",\"url\":\"https:\/\/tuzlainfo.ba\/wp-content\/uploads\/2009\/07\/sadrzaj_2009_20090704_zapali_na_majorku.jpg\",\"contentUrl\":\"https:\/\/tuzlainfo.ba\/wp-content\/uploads\/2009\/07\/sadrzaj_2009_20090704_zapali_na_majorku.jpg\",\"width\":314,\"height\":214,\"caption\":\"zapali_na_majorku\"},{\"@type\":\"BreadcrumbList\",\"@id\":\"https:\/\/tuzlainfo.ba\/index.php\/najava-dogadaja-2\/item\/27989-5-juli-zapali-na-majorku-na-panonici\/#breadcrumb\",\"itemListElement\":[{\"@type\":\"ListItem\",\"position\":1,\"name\":\"Home\",\"item\":\"https:\/\/tuzlainfo.ba\/\"},{\"@type\":\"ListItem\",\"position\":2,\"name\":\"5. juli: \u201eZapali na Majorku\u201c na Panonici\"}]},{\"@type\":\"WebSite\",\"@id\":\"https:\/\/tuzlainfo.ba\/#website\",\"url\":\"https:\/\/tuzlainfo.ba\/\",\"name\":\"TuzlaInfo.ba\",\"description\":\"Tuzla info, gradski informator - Tuzla na dlanu\",\"publisher\":{\"@id\":\"https:\/\/tuzlainfo.ba\/#organization\"},\"potentialAction\":[{\"@type\":\"SearchAction\",\"target\":{\"@type\":\"EntryPoint\",\"urlTemplate\":\"https:\/\/tuzlainfo.ba\/?s={search_term_string}\"},\"query-input\":{\"@type\":\"PropertyValueSpecification\",\"valueRequired\":true,\"valueName\":\"search_term_string\"}}],\"inLanguage\":\"bs-BA\"},{\"@type\":\"Organization\",\"@id\":\"https:\/\/tuzlainfo.ba\/#organization\",\"name\":\"TuzlaInfo.ba\",\"url\":\"https:\/\/tuzlainfo.ba\/\",\"logo\":{\"@type\":\"ImageObject\",\"inLanguage\":\"bs-BA\",\"@id\":\"https:\/\/tuzlainfo.ba\/#\/schema\/logo\/image\/\",\"url\":\"https:\/\/tuzlainfo.ba\/wp-content\/uploads\/2021\/03\/logo-ver-3-1.png\",\"contentUrl\":\"https:\/\/tuzlainfo.ba\/wp-content\/uploads\/2021\/03\/logo-ver-3-1.png\",\"width\":350,\"height\":95,\"caption\":\"TuzlaInfo.ba\"},\"image\":{\"@id\":\"https:\/\/tuzlainfo.ba\/#\/schema\/logo\/image\/\"},\"sameAs\":[\"https:\/\/www.facebook.com\/tuzlainfo.ba\/\"]},{\"@type\":\"Person\",\"@id\":\"https:\/\/tuzlainfo.ba\/#\/schema\/person\/2f43db7fe019bcec025fe92cee6adb27\",\"name\":\"admin\",\"image\":{\"@type\":\"ImageObject\",\"inLanguage\":\"bs-BA\",\"@id\":\"https:\/\/tuzlainfo.ba\/#\/schema\/person\/image\/\",\"url\":\"https:\/\/tuzlainfo.ba\/wp-content\/litespeed\/avatar\/eb0aa75b4e22c68d0055a88f8529ef59.jpg?ver=1777307908\",\"contentUrl\":\"https:\/\/tuzlainfo.ba\/wp-content\/litespeed\/avatar\/eb0aa75b4e22c68d0055a88f8529ef59.jpg?ver=1777307908\",\"caption\":\"admin\"},\"sameAs\":[\"https:\/\/tuzlainfo.ba\"]}]}<\/script>\n<!-- \/ Yoast SEO plugin. -->","yoast_head_json":{"title":"5. juli: \u201eZapali na Majorku\u201c na Panonici - TuzlaInfo.ba","robots":{"index":"index","follow":"follow","max-snippet":"max-snippet:-1","max-image-preview":"max-image-preview:large","max-video-preview":"max-video-preview:-1"},"canonical":"https:\/\/tuzlainfo.ba\/index.php\/najava-dogadaja-2\/item\/27989-5-juli-zapali-na-majorku-na-panonici\/","og_locale":"bs_BA","og_type":"article","og_title":"5. juli: \u201eZapali na Majorku\u201c na Panonici - TuzlaInfo.ba","og_description":"Prvo izvla\u010denje nagradne igre FDS-a \u201eZapali na Majorku\u201c, odr\u017eat \u0107e se 5. jula 2009. godine&hellip;","og_url":"https:\/\/tuzlainfo.ba\/index.php\/najava-dogadaja-2\/item\/27989-5-juli-zapali-na-majorku-na-panonici\/","og_site_name":"TuzlaInfo.ba","article_publisher":"https:\/\/www.facebook.com\/tuzlainfo.ba\/","article_published_time":"2009-07-04T08:58:42+00:00","article_modified_time":"2021-03-23T20:05:54+00:00","og_image":[{"width":314,"height":214,"url":"https:\/\/tuzlainfo.ba\/wp-content\/uploads\/2009\/07\/sadrzaj_2009_20090704_zapali_na_majorku.jpg","type":"image\/jpeg"}],"author":"admin","twitter_card":"summary_large_image","twitter_misc":{"Written by":"admin","Est. reading time":"1 minuta"},"schema":{"@context":"https:\/\/schema.org","@graph":[{"@type":"Article","@id":"https:\/\/tuzlainfo.ba\/index.php\/najava-dogadaja-2\/item\/27989-5-juli-zapali-na-majorku-na-panonici\/#article","isPartOf":{"@id":"https:\/\/tuzlainfo.ba\/index.php\/najava-dogadaja-2\/item\/27989-5-juli-zapali-na-majorku-na-panonici\/"},"author":{"name":"admin","@id":"https:\/\/tuzlainfo.ba\/#\/schema\/person\/2f43db7fe019bcec025fe92cee6adb27"},"headline":"5. juli: \u201eZapali na Majorku\u201c na Panonici","datePublished":"2009-07-04T08:58:42+00:00","dateModified":"2021-03-23T20:05:54+00:00","mainEntityOfPage":{"@id":"https:\/\/tuzlainfo.ba\/index.php\/najava-dogadaja-2\/item\/27989-5-juli-zapali-na-majorku-na-panonici\/"},"wordCount":106,"commentCount":0,"publisher":{"@id":"https:\/\/tuzlainfo.ba\/#organization"},"image":{"@id":"https:\/\/tuzlainfo.ba\/index.php\/najava-dogadaja-2\/item\/27989-5-juli-zapali-na-majorku-na-panonici\/#primaryimage"},"thumbnailUrl":"https:\/\/tuzlainfo.ba\/wp-content\/uploads\/2009\/07\/sadrzaj_2009_20090704_zapali_na_majorku.jpg","articleSection":["Najave i doga\u0111aji"],"inLanguage":"bs-BA"},{"@type":"WebPage","@id":"https:\/\/tuzlainfo.ba\/index.php\/najava-dogadaja-2\/item\/27989-5-juli-zapali-na-majorku-na-panonici\/","url":"https:\/\/tuzlainfo.ba\/index.php\/najava-dogadaja-2\/item\/27989-5-juli-zapali-na-majorku-na-panonici\/","name":"5. juli: \u201eZapali na Majorku\u201c na Panonici - TuzlaInfo.ba","isPartOf":{"@id":"https:\/\/tuzlainfo.ba\/#website"},"primaryImageOfPage":{"@id":"https:\/\/tuzlainfo.ba\/index.php\/najava-dogadaja-2\/item\/27989-5-juli-zapali-na-majorku-na-panonici\/#primaryimage"},"image":{"@id":"https:\/\/tuzlainfo.ba\/index.php\/najava-dogadaja-2\/item\/27989-5-juli-zapali-na-majorku-na-panonici\/#primaryimage"},"thumbnailUrl":"https:\/\/tuzlainfo.ba\/wp-content\/uploads\/2009\/07\/sadrzaj_2009_20090704_zapali_na_majorku.jpg","datePublished":"2009-07-04T08:58:42+00:00","dateModified":"2021-03-23T20:05:54+00:00","breadcrumb":{"@id":"https:\/\/tuzlainfo.ba\/index.php\/najava-dogadaja-2\/item\/27989-5-juli-zapali-na-majorku-na-panonici\/#breadcrumb"},"inLanguage":"bs-BA","potentialAction":[{"@type":"ReadAction","target":["https:\/\/tuzlainfo.ba\/index.php\/najava-dogadaja-2\/item\/27989-5-juli-zapali-na-majorku-na-panonici\/"]}]},{"@type":"ImageObject","inLanguage":"bs-BA","@id":"https:\/\/tuzlainfo.ba\/index.php\/najava-dogadaja-2\/item\/27989-5-juli-zapali-na-majorku-na-panonici\/#primaryimage","url":"https:\/\/tuzlainfo.ba\/wp-content\/uploads\/2009\/07\/sadrzaj_2009_20090704_zapali_na_majorku.jpg","contentUrl":"https:\/\/tuzlainfo.ba\/wp-content\/uploads\/2009\/07\/sadrzaj_2009_20090704_zapali_na_majorku.jpg","width":314,"height":214,"caption":"zapali_na_majorku"},{"@type":"BreadcrumbList","@id":"https:\/\/tuzlainfo.ba\/index.php\/najava-dogadaja-2\/item\/27989-5-juli-zapali-na-majorku-na-panonici\/#breadcrumb","itemListElement":[{"@type":"ListItem","position":1,"name":"Home","item":"https:\/\/tuzlainfo.ba\/"},{"@type":"ListItem","position":2,"name":"5. juli: \u201eZapali na Majorku\u201c na Panonici"}]},{"@type":"WebSite","@id":"https:\/\/tuzlainfo.ba\/#website","url":"https:\/\/tuzlainfo.ba\/","name":"TuzlaInfo.ba","description":"Tuzla info, gradski informator - Tuzla na dlanu","publisher":{"@id":"https:\/\/tuzlainfo.ba\/#organization"},"potentialAction":[{"@type":"SearchAction","target":{"@type":"EntryPoint","urlTemplate":"https:\/\/tuzlainfo.ba\/?s={search_term_string}"},"query-input":{"@type":"PropertyValueSpecification","valueRequired":true,"valueName":"search_term_string"}}],"inLanguage":"bs-BA"},{"@type":"Organization","@id":"https:\/\/tuzlainfo.ba\/#organization","name":"TuzlaInfo.ba","url":"https:\/\/tuzlainfo.ba\/","logo":{"@type":"ImageObject","inLanguage":"bs-BA","@id":"https:\/\/tuzlainfo.ba\/#\/schema\/logo\/image\/","url":"https:\/\/tuzlainfo.ba\/wp-content\/uploads\/2021\/03\/logo-ver-3-1.png","contentUrl":"https:\/\/tuzlainfo.ba\/wp-content\/uploads\/2021\/03\/logo-ver-3-1.png","width":350,"height":95,"caption":"TuzlaInfo.ba"},"image":{"@id":"https:\/\/tuzlainfo.ba\/#\/schema\/logo\/image\/"},"sameAs":["https:\/\/www.facebook.com\/tuzlainfo.ba\/"]},{"@type":"Person","@id":"https:\/\/tuzlainfo.ba\/#\/schema\/person\/2f43db7fe019bcec025fe92cee6adb27","name":"admin","image":{"@type":"ImageObject","inLanguage":"bs-BA","@id":"https:\/\/tuzlainfo.ba\/#\/schema\/person\/image\/","url":"https:\/\/tuzlainfo.ba\/wp-content\/litespeed\/avatar\/eb0aa75b4e22c68d0055a88f8529ef59.jpg?ver=1777307908","contentUrl":"https:\/\/tuzlainfo.ba\/wp-content\/litespeed\/avatar\/eb0aa75b4e22c68d0055a88f8529ef59.jpg?ver=1777307908","caption":"admin"},"sameAs":["https:\/\/tuzlainfo.ba"]}]}},"_links":{"self":[{"href":"https:\/\/tuzlainfo.ba\/index.php\/wp-json\/wp\/v2\/posts\/27989"}],"collection":[{"href":"https:\/\/tuzlainfo.ba\/index.php\/wp-json\/wp\/v2\/posts"}],"about":[{"href":"https:\/\/tuzlainfo.ba\/index.php\/wp-json\/wp\/v2\/types\/post"}],"author":[{"embeddable":true,"href":"https:\/\/tuzlainfo.ba\/index.php\/wp-json\/wp\/v2\/users\/7"}],"replies":[{"embeddable":true,"href":"https:\/\/tuzlainfo.ba\/index.php\/wp-json\/wp\/v2\/comments?post=27989"}],"version-history":[{"count":0,"href":"https:\/\/tuzlainfo.ba\/index.php\/wp-json\/wp\/v2\/posts\/27989\/revisions"}],"wp:featuredmedia":[{"embeddable":true,"href":"https:\/\/tuzlainfo.ba\/index.php\/wp-json\/wp\/v2\/media\/27988"}],"wp:attachment":[{"href":"https:\/\/tuzlainfo.ba\/index.php\/wp-json\/wp\/v2\/media?parent=27989"}],"wp:term":[{"taxonomy":"category","embeddable":true,"href":"https:\/\/tuzlainfo.ba\/index.php\/wp-json\/wp\/v2\/categories?post=27989"},{"taxonomy":"post_tag","embeddable":true,"href":"https:\/\/tuzlainfo.ba\/index.php\/wp-json\/wp\/v2\/tags?post=27989"}],"curies":[{"name":"wp","href":"https:\/\/api.w.org\/{rel}","templated":true}]}}