{"id":279831,"date":"2025-09-07T18:28:36","date_gmt":"2025-09-07T16:28:36","guid":{"rendered":"https:\/\/tuzlainfo.ba\/?p=279831"},"modified":"2025-09-07T18:28:36","modified_gmt":"2025-09-07T16:28:36","slug":"mevludska-svecanost-u-dzematu-plane-obiljezeno-rodjenje-poslanika-a-s","status":"publish","type":"post","link":"https:\/\/tuzlainfo.ba\/index.php\/novosti\/item\/279831-mevludska-svecanost-u-dzematu-plane-obiljezeno-rodjenje-poslanika-a-s\/","title":{"rendered":"Mevludska sve\u010danost u d\u017eematu Plane: Obilje\u017eeno ro\u0111enje Poslanika, a. s."},"content":{"rendered":"<p>Povodom mjeseca rebiul-evvela, u kojem je ro\u0111en Bo\u017eiji poslanik Muhammed, a. s., u d\u017eematu Plane uprili\u010dena je sve\u010dana mevludska manifestacija.<\/p>\n<p>Ovaj radosni doga\u0111aj okupio je veliki broj vjernika i gostiju koji su kroz u\u010denje mevluda, predavanja i zajedni\u010dko dru\u017eenje prisjetili se \u017eivotnog puta i poruke posljednjeg Bo\u017eijeg poslanika. Program je otvorio imam d\u017eemata, Sadif-ef. Mahmutovi\u0107, uputiv\u0161i selame i rije\u010di dobrodo\u0161lice, te istakav\u0161i va\u017enost zajedni\u0161tva i okupljanja u ovakvim prilikama.<\/p>\n<p>Mevlud su prou\u010dili imami Med\u017elisa Islamske zajednice Tuzla, dok je prigodno predavanje odr\u017eao Ismail-ef. Fazlovi\u0107, imam \u0160arene d\u017eamije, govore\u0107i o vrijednosti slije\u0111enja Poslanikovog sunneta i o tome kako njegov \u017eivot treba da bude putokaz vjernicima u savremenom vremenu.<\/p>\n<p><iframe title=\"Mevludska sve\u010danost u d\u017eematu Plane (Tuzla)\" width=\"1170\" height=\"658\" src=\"https:\/\/www.youtube.com\/embed\/GJi7Vd7mRCQ?feature=oembed\" frameborder=\"0\" allow=\"accelerometer; autoplay; clipboard-write; encrypted-media; gyroscope; picture-in-picture; web-share\" referrerpolicy=\"strict-origin-when-cross-origin\" allowfullscreen><\/iframe><\/p>\n<p>Sve\u010danost je posebno oboga\u0107ena uru\u010denjem zahvalnica i vakufnama najzaslu\u017enijim d\u017eematlijama i vakifima, \u010diji trud i dobro\u010dinstvo su omogu\u0107ili zavr\u0161etak radova na ure\u0111enju d\u017eamije, harema i parking prostora. Ova gesta posvjedo\u010dila je da se zajedni\u010dkim zalaganjem mogu ostvariti zna\u010dajna djela na korist cijelog d\u017eemata.<\/p>\n<p>Doga\u0111aju je prisustvovao i glavni imam Med\u017elisa Islamske zajednice Tuzla, hafiz Ahmed-ef. Huskanovi\u0107, \u010dije prisustvo je dodatno uveli\u010dalo ovu sve\u010danost. Nakon zajedni\u010dkog podne-namaza dru\u017eenje je nastavljeno uz kahvu i kola\u010de, u ozra\u010dju bratske topline i me\u0111usobnog po\u0161tovanja.<\/p>\n<p>Poruka ovog skupa bila je jasna: slije\u0111enje Poslanikovog, a. s., primjera, ulaganje u zajednicu i njegovanje me\u0111usobne solidarnosti ostaju temelj duhovne snage i zajedni\u010dkog napretka.<\/p>\n","protected":false},"excerpt":{"rendered":"<p>Povodom mjeseca rebiul-evvela, u kojem je ro\u0111en Bo\u017eiji poslanik Muhammed, a. s., u d\u017eematu Plane&hellip;<\/p>\n","protected":false},"author":2,"featured_media":279832,"comment_status":"closed","ping_status":"closed","sticky":false,"template":"","format":"standard","meta":{"_acf_changed":false,"footnotes":""},"categories":[12],"tags":[2917,8105],"acf":[],"yoast_head":"<!-- This site is optimized with the Yoast SEO plugin v23.5 - https:\/\/yoast.com\/wordpress\/plugins\/seo\/ -->\n<title>Mevludska sve\u010danost u d\u017eematu Plane: Obilje\u017eeno ro\u0111enje Poslanika, a. s. - TuzlaInfo.ba<\/title>\n<meta name=\"robots\" content=\"index, follow, max-snippet:-1, max-image-preview:large, max-video-preview:-1\" \/>\n<link rel=\"canonical\" href=\"https:\/\/tuzlainfo.ba\/index.php\/novosti\/item\/279831-mevludska-svecanost-u-dzematu-plane-obiljezeno-rodjenje-poslanika-a-s\/\" \/>\n<meta property=\"og:locale\" content=\"bs_BA\" \/>\n<meta property=\"og:type\" content=\"article\" \/>\n<meta property=\"og:title\" content=\"Mevludska sve\u010danost u d\u017eematu Plane: Obilje\u017eeno ro\u0111enje Poslanika, a. s. - TuzlaInfo.ba\" \/>\n<meta property=\"og:description\" content=\"Povodom mjeseca rebiul-evvela, u kojem je ro\u0111en Bo\u017eiji poslanik Muhammed, a. s., u d\u017eematu Plane&hellip;\" \/>\n<meta property=\"og:url\" content=\"https:\/\/tuzlainfo.ba\/index.php\/novosti\/item\/279831-mevludska-svecanost-u-dzematu-plane-obiljezeno-rodjenje-poslanika-a-s\/\" \/>\n<meta property=\"og:site_name\" content=\"TuzlaInfo.ba\" \/>\n<meta property=\"article:publisher\" content=\"https:\/\/www.facebook.com\/tuzlainfo.ba\/\" \/>\n<meta property=\"article:published_time\" content=\"2025-09-07T16:28:36+00:00\" \/>\n<meta property=\"og:image\" content=\"https:\/\/tuzlainfo.ba\/wp-content\/uploads\/2025\/09\/0709_mevlud_plane.jpg\" \/>\n\t<meta property=\"og:image:width\" content=\"1000\" \/>\n\t<meta property=\"og:image:height\" content=\"618\" \/>\n\t<meta property=\"og:image:type\" content=\"image\/jpeg\" \/>\n<meta name=\"author\" content=\"nedim\" \/>\n<meta name=\"twitter:card\" content=\"summary_large_image\" \/>\n<meta name=\"twitter:label1\" content=\"Written by\" \/>\n\t<meta name=\"twitter:data1\" content=\"nedim\" \/>\n\t<meta name=\"twitter:label2\" content=\"Est. reading time\" \/>\n\t<meta name=\"twitter:data2\" content=\"2 minute\" \/>\n<script type=\"application\/ld+json\" class=\"yoast-schema-graph\">{\"@context\":\"https:\/\/schema.org\",\"@graph\":[{\"@type\":\"Article\",\"@id\":\"https:\/\/tuzlainfo.ba\/index.php\/novosti\/item\/279831-mevludska-svecanost-u-dzematu-plane-obiljezeno-rodjenje-poslanika-a-s\/#article\",\"isPartOf\":{\"@id\":\"https:\/\/tuzlainfo.ba\/index.php\/novosti\/item\/279831-mevludska-svecanost-u-dzematu-plane-obiljezeno-rodjenje-poslanika-a-s\/\"},\"author\":{\"name\":\"nedim\",\"@id\":\"https:\/\/tuzlainfo.ba\/#\/schema\/person\/f434e20dc27ea133923aab08451b7f7f\"},\"headline\":\"Mevludska sve\u010danost u d\u017eematu Plane: Obilje\u017eeno ro\u0111enje Poslanika, a. s.\",\"datePublished\":\"2025-09-07T16:28:36+00:00\",\"dateModified\":\"2025-09-07T16:28:36+00:00\",\"mainEntityOfPage\":{\"@id\":\"https:\/\/tuzlainfo.ba\/index.php\/novosti\/item\/279831-mevludska-svecanost-u-dzematu-plane-obiljezeno-rodjenje-poslanika-a-s\/\"},\"wordCount\":285,\"publisher\":{\"@id\":\"https:\/\/tuzlainfo.ba\/#organization\"},\"image\":{\"@id\":\"https:\/\/tuzlainfo.ba\/index.php\/novosti\/item\/279831-mevludska-svecanost-u-dzematu-plane-obiljezeno-rodjenje-poslanika-a-s\/#primaryimage\"},\"thumbnailUrl\":\"https:\/\/tuzlainfo.ba\/wp-content\/uploads\/2025\/09\/0709_mevlud_plane.jpg\",\"keywords\":[\"mevlud\",\"plane\"],\"articleSection\":[\"Novosti\"],\"inLanguage\":\"bs-BA\"},{\"@type\":\"WebPage\",\"@id\":\"https:\/\/tuzlainfo.ba\/index.php\/novosti\/item\/279831-mevludska-svecanost-u-dzematu-plane-obiljezeno-rodjenje-poslanika-a-s\/\",\"url\":\"https:\/\/tuzlainfo.ba\/index.php\/novosti\/item\/279831-mevludska-svecanost-u-dzematu-plane-obiljezeno-rodjenje-poslanika-a-s\/\",\"name\":\"Mevludska sve\u010danost u d\u017eematu Plane: Obilje\u017eeno ro\u0111enje Poslanika, a. s. - TuzlaInfo.ba\",\"isPartOf\":{\"@id\":\"https:\/\/tuzlainfo.ba\/#website\"},\"primaryImageOfPage\":{\"@id\":\"https:\/\/tuzlainfo.ba\/index.php\/novosti\/item\/279831-mevludska-svecanost-u-dzematu-plane-obiljezeno-rodjenje-poslanika-a-s\/#primaryimage\"},\"image\":{\"@id\":\"https:\/\/tuzlainfo.ba\/index.php\/novosti\/item\/279831-mevludska-svecanost-u-dzematu-plane-obiljezeno-rodjenje-poslanika-a-s\/#primaryimage\"},\"thumbnailUrl\":\"https:\/\/tuzlainfo.ba\/wp-content\/uploads\/2025\/09\/0709_mevlud_plane.jpg\",\"datePublished\":\"2025-09-07T16:28:36+00:00\",\"dateModified\":\"2025-09-07T16:28:36+00:00\",\"breadcrumb\":{\"@id\":\"https:\/\/tuzlainfo.ba\/index.php\/novosti\/item\/279831-mevludska-svecanost-u-dzematu-plane-obiljezeno-rodjenje-poslanika-a-s\/#breadcrumb\"},\"inLanguage\":\"bs-BA\",\"potentialAction\":[{\"@type\":\"ReadAction\",\"target\":[\"https:\/\/tuzlainfo.ba\/index.php\/novosti\/item\/279831-mevludska-svecanost-u-dzematu-plane-obiljezeno-rodjenje-poslanika-a-s\/\"]}]},{\"@type\":\"ImageObject\",\"inLanguage\":\"bs-BA\",\"@id\":\"https:\/\/tuzlainfo.ba\/index.php\/novosti\/item\/279831-mevludska-svecanost-u-dzematu-plane-obiljezeno-rodjenje-poslanika-a-s\/#primaryimage\",\"url\":\"https:\/\/tuzlainfo.ba\/wp-content\/uploads\/2025\/09\/0709_mevlud_plane.jpg\",\"contentUrl\":\"https:\/\/tuzlainfo.ba\/wp-content\/uploads\/2025\/09\/0709_mevlud_plane.jpg\",\"width\":1000,\"height\":618},{\"@type\":\"BreadcrumbList\",\"@id\":\"https:\/\/tuzlainfo.ba\/index.php\/novosti\/item\/279831-mevludska-svecanost-u-dzematu-plane-obiljezeno-rodjenje-poslanika-a-s\/#breadcrumb\",\"itemListElement\":[{\"@type\":\"ListItem\",\"position\":1,\"name\":\"Home\",\"item\":\"https:\/\/tuzlainfo.ba\/\"},{\"@type\":\"ListItem\",\"position\":2,\"name\":\"Mevludska sve\u010danost u d\u017eematu Plane: Obilje\u017eeno ro\u0111enje Poslanika, a. s.\"}]},{\"@type\":\"WebSite\",\"@id\":\"https:\/\/tuzlainfo.ba\/#website\",\"url\":\"https:\/\/tuzlainfo.ba\/\",\"name\":\"TuzlaInfo.ba\",\"description\":\"Tuzla info, gradski informator - Tuzla na dlanu\",\"publisher\":{\"@id\":\"https:\/\/tuzlainfo.ba\/#organization\"},\"potentialAction\":[{\"@type\":\"SearchAction\",\"target\":{\"@type\":\"EntryPoint\",\"urlTemplate\":\"https:\/\/tuzlainfo.ba\/?s={search_term_string}\"},\"query-input\":{\"@type\":\"PropertyValueSpecification\",\"valueRequired\":true,\"valueName\":\"search_term_string\"}}],\"inLanguage\":\"bs-BA\"},{\"@type\":\"Organization\",\"@id\":\"https:\/\/tuzlainfo.ba\/#organization\",\"name\":\"TuzlaInfo.ba\",\"url\":\"https:\/\/tuzlainfo.ba\/\",\"logo\":{\"@type\":\"ImageObject\",\"inLanguage\":\"bs-BA\",\"@id\":\"https:\/\/tuzlainfo.ba\/#\/schema\/logo\/image\/\",\"url\":\"https:\/\/tuzlainfo.ba\/wp-content\/uploads\/2021\/03\/logo-ver-3-1.png\",\"contentUrl\":\"https:\/\/tuzlainfo.ba\/wp-content\/uploads\/2021\/03\/logo-ver-3-1.png\",\"width\":350,\"height\":95,\"caption\":\"TuzlaInfo.ba\"},\"image\":{\"@id\":\"https:\/\/tuzlainfo.ba\/#\/schema\/logo\/image\/\"},\"sameAs\":[\"https:\/\/www.facebook.com\/tuzlainfo.ba\/\"]},{\"@type\":\"Person\",\"@id\":\"https:\/\/tuzlainfo.ba\/#\/schema\/person\/f434e20dc27ea133923aab08451b7f7f\",\"name\":\"nedim\",\"image\":{\"@type\":\"ImageObject\",\"inLanguage\":\"bs-BA\",\"@id\":\"https:\/\/tuzlainfo.ba\/#\/schema\/person\/image\/\",\"url\":\"https:\/\/tuzlainfo.ba\/wp-content\/litespeed\/avatar\/aabad687af24844af817603ac1cbdc4f.jpg?ver=1777306975\",\"contentUrl\":\"https:\/\/tuzlainfo.ba\/wp-content\/litespeed\/avatar\/aabad687af24844af817603ac1cbdc4f.jpg?ver=1777306975\",\"caption\":\"nedim\"},\"description\":\"Tuzlainfo.ba pratite na dru\u0161tvenim mre\u017eama: Facebook, Instagram i Youtube. Svoje pri\u010de, upite i fotografije \u0161aljite na na\u0161u e-mail adresu.\"}]}<\/script>\n<!-- \/ Yoast SEO plugin. -->","yoast_head_json":{"title":"Mevludska sve\u010danost u d\u017eematu Plane: Obilje\u017eeno ro\u0111enje Poslanika, a. s. - TuzlaInfo.ba","robots":{"index":"index","follow":"follow","max-snippet":"max-snippet:-1","max-image-preview":"max-image-preview:large","max-video-preview":"max-video-preview:-1"},"canonical":"https:\/\/tuzlainfo.ba\/index.php\/novosti\/item\/279831-mevludska-svecanost-u-dzematu-plane-obiljezeno-rodjenje-poslanika-a-s\/","og_locale":"bs_BA","og_type":"article","og_title":"Mevludska sve\u010danost u d\u017eematu Plane: Obilje\u017eeno ro\u0111enje Poslanika, a. s. - TuzlaInfo.ba","og_description":"Povodom mjeseca rebiul-evvela, u kojem je ro\u0111en Bo\u017eiji poslanik Muhammed, a. s., u d\u017eematu Plane&hellip;","og_url":"https:\/\/tuzlainfo.ba\/index.php\/novosti\/item\/279831-mevludska-svecanost-u-dzematu-plane-obiljezeno-rodjenje-poslanika-a-s\/","og_site_name":"TuzlaInfo.ba","article_publisher":"https:\/\/www.facebook.com\/tuzlainfo.ba\/","article_published_time":"2025-09-07T16:28:36+00:00","og_image":[{"width":1000,"height":618,"url":"https:\/\/tuzlainfo.ba\/wp-content\/uploads\/2025\/09\/0709_mevlud_plane.jpg","type":"image\/jpeg"}],"author":"nedim","twitter_card":"summary_large_image","twitter_misc":{"Written by":"nedim","Est. reading time":"2 minute"},"schema":{"@context":"https:\/\/schema.org","@graph":[{"@type":"Article","@id":"https:\/\/tuzlainfo.ba\/index.php\/novosti\/item\/279831-mevludska-svecanost-u-dzematu-plane-obiljezeno-rodjenje-poslanika-a-s\/#article","isPartOf":{"@id":"https:\/\/tuzlainfo.ba\/index.php\/novosti\/item\/279831-mevludska-svecanost-u-dzematu-plane-obiljezeno-rodjenje-poslanika-a-s\/"},"author":{"name":"nedim","@id":"https:\/\/tuzlainfo.ba\/#\/schema\/person\/f434e20dc27ea133923aab08451b7f7f"},"headline":"Mevludska sve\u010danost u d\u017eematu Plane: Obilje\u017eeno ro\u0111enje Poslanika, a. s.","datePublished":"2025-09-07T16:28:36+00:00","dateModified":"2025-09-07T16:28:36+00:00","mainEntityOfPage":{"@id":"https:\/\/tuzlainfo.ba\/index.php\/novosti\/item\/279831-mevludska-svecanost-u-dzematu-plane-obiljezeno-rodjenje-poslanika-a-s\/"},"wordCount":285,"publisher":{"@id":"https:\/\/tuzlainfo.ba\/#organization"},"image":{"@id":"https:\/\/tuzlainfo.ba\/index.php\/novosti\/item\/279831-mevludska-svecanost-u-dzematu-plane-obiljezeno-rodjenje-poslanika-a-s\/#primaryimage"},"thumbnailUrl":"https:\/\/tuzlainfo.ba\/wp-content\/uploads\/2025\/09\/0709_mevlud_plane.jpg","keywords":["mevlud","plane"],"articleSection":["Novosti"],"inLanguage":"bs-BA"},{"@type":"WebPage","@id":"https:\/\/tuzlainfo.ba\/index.php\/novosti\/item\/279831-mevludska-svecanost-u-dzematu-plane-obiljezeno-rodjenje-poslanika-a-s\/","url":"https:\/\/tuzlainfo.ba\/index.php\/novosti\/item\/279831-mevludska-svecanost-u-dzematu-plane-obiljezeno-rodjenje-poslanika-a-s\/","name":"Mevludska sve\u010danost u d\u017eematu Plane: Obilje\u017eeno ro\u0111enje Poslanika, a. s. - TuzlaInfo.ba","isPartOf":{"@id":"https:\/\/tuzlainfo.ba\/#website"},"primaryImageOfPage":{"@id":"https:\/\/tuzlainfo.ba\/index.php\/novosti\/item\/279831-mevludska-svecanost-u-dzematu-plane-obiljezeno-rodjenje-poslanika-a-s\/#primaryimage"},"image":{"@id":"https:\/\/tuzlainfo.ba\/index.php\/novosti\/item\/279831-mevludska-svecanost-u-dzematu-plane-obiljezeno-rodjenje-poslanika-a-s\/#primaryimage"},"thumbnailUrl":"https:\/\/tuzlainfo.ba\/wp-content\/uploads\/2025\/09\/0709_mevlud_plane.jpg","datePublished":"2025-09-07T16:28:36+00:00","dateModified":"2025-09-07T16:28:36+00:00","breadcrumb":{"@id":"https:\/\/tuzlainfo.ba\/index.php\/novosti\/item\/279831-mevludska-svecanost-u-dzematu-plane-obiljezeno-rodjenje-poslanika-a-s\/#breadcrumb"},"inLanguage":"bs-BA","potentialAction":[{"@type":"ReadAction","target":["https:\/\/tuzlainfo.ba\/index.php\/novosti\/item\/279831-mevludska-svecanost-u-dzematu-plane-obiljezeno-rodjenje-poslanika-a-s\/"]}]},{"@type":"ImageObject","inLanguage":"bs-BA","@id":"https:\/\/tuzlainfo.ba\/index.php\/novosti\/item\/279831-mevludska-svecanost-u-dzematu-plane-obiljezeno-rodjenje-poslanika-a-s\/#primaryimage","url":"https:\/\/tuzlainfo.ba\/wp-content\/uploads\/2025\/09\/0709_mevlud_plane.jpg","contentUrl":"https:\/\/tuzlainfo.ba\/wp-content\/uploads\/2025\/09\/0709_mevlud_plane.jpg","width":1000,"height":618},{"@type":"BreadcrumbList","@id":"https:\/\/tuzlainfo.ba\/index.php\/novosti\/item\/279831-mevludska-svecanost-u-dzematu-plane-obiljezeno-rodjenje-poslanika-a-s\/#breadcrumb","itemListElement":[{"@type":"ListItem","position":1,"name":"Home","item":"https:\/\/tuzlainfo.ba\/"},{"@type":"ListItem","position":2,"name":"Mevludska sve\u010danost u d\u017eematu Plane: Obilje\u017eeno ro\u0111enje Poslanika, a. s."}]},{"@type":"WebSite","@id":"https:\/\/tuzlainfo.ba\/#website","url":"https:\/\/tuzlainfo.ba\/","name":"TuzlaInfo.ba","description":"Tuzla info, gradski informator - Tuzla na dlanu","publisher":{"@id":"https:\/\/tuzlainfo.ba\/#organization"},"potentialAction":[{"@type":"SearchAction","target":{"@type":"EntryPoint","urlTemplate":"https:\/\/tuzlainfo.ba\/?s={search_term_string}"},"query-input":{"@type":"PropertyValueSpecification","valueRequired":true,"valueName":"search_term_string"}}],"inLanguage":"bs-BA"},{"@type":"Organization","@id":"https:\/\/tuzlainfo.ba\/#organization","name":"TuzlaInfo.ba","url":"https:\/\/tuzlainfo.ba\/","logo":{"@type":"ImageObject","inLanguage":"bs-BA","@id":"https:\/\/tuzlainfo.ba\/#\/schema\/logo\/image\/","url":"https:\/\/tuzlainfo.ba\/wp-content\/uploads\/2021\/03\/logo-ver-3-1.png","contentUrl":"https:\/\/tuzlainfo.ba\/wp-content\/uploads\/2021\/03\/logo-ver-3-1.png","width":350,"height":95,"caption":"TuzlaInfo.ba"},"image":{"@id":"https:\/\/tuzlainfo.ba\/#\/schema\/logo\/image\/"},"sameAs":["https:\/\/www.facebook.com\/tuzlainfo.ba\/"]},{"@type":"Person","@id":"https:\/\/tuzlainfo.ba\/#\/schema\/person\/f434e20dc27ea133923aab08451b7f7f","name":"nedim","image":{"@type":"ImageObject","inLanguage":"bs-BA","@id":"https:\/\/tuzlainfo.ba\/#\/schema\/person\/image\/","url":"https:\/\/tuzlainfo.ba\/wp-content\/litespeed\/avatar\/aabad687af24844af817603ac1cbdc4f.jpg?ver=1777306975","contentUrl":"https:\/\/tuzlainfo.ba\/wp-content\/litespeed\/avatar\/aabad687af24844af817603ac1cbdc4f.jpg?ver=1777306975","caption":"nedim"},"description":"Tuzlainfo.ba pratite na dru\u0161tvenim mre\u017eama: Facebook, Instagram i Youtube. Svoje pri\u010de, upite i fotografije \u0161aljite na na\u0161u e-mail adresu."}]}},"_links":{"self":[{"href":"https:\/\/tuzlainfo.ba\/index.php\/wp-json\/wp\/v2\/posts\/279831"}],"collection":[{"href":"https:\/\/tuzlainfo.ba\/index.php\/wp-json\/wp\/v2\/posts"}],"about":[{"href":"https:\/\/tuzlainfo.ba\/index.php\/wp-json\/wp\/v2\/types\/post"}],"author":[{"embeddable":true,"href":"https:\/\/tuzlainfo.ba\/index.php\/wp-json\/wp\/v2\/users\/2"}],"replies":[{"embeddable":true,"href":"https:\/\/tuzlainfo.ba\/index.php\/wp-json\/wp\/v2\/comments?post=279831"}],"version-history":[{"count":1,"href":"https:\/\/tuzlainfo.ba\/index.php\/wp-json\/wp\/v2\/posts\/279831\/revisions"}],"predecessor-version":[{"id":279833,"href":"https:\/\/tuzlainfo.ba\/index.php\/wp-json\/wp\/v2\/posts\/279831\/revisions\/279833"}],"wp:featuredmedia":[{"embeddable":true,"href":"https:\/\/tuzlainfo.ba\/index.php\/wp-json\/wp\/v2\/media\/279832"}],"wp:attachment":[{"href":"https:\/\/tuzlainfo.ba\/index.php\/wp-json\/wp\/v2\/media?parent=279831"}],"wp:term":[{"taxonomy":"category","embeddable":true,"href":"https:\/\/tuzlainfo.ba\/index.php\/wp-json\/wp\/v2\/categories?post=279831"},{"taxonomy":"post_tag","embeddable":true,"href":"https:\/\/tuzlainfo.ba\/index.php\/wp-json\/wp\/v2\/tags?post=279831"}],"curies":[{"name":"wp","href":"https:\/\/api.w.org\/{rel}","templated":true}]}}