{"id":279793,"date":"2025-09-07T10:17:10","date_gmt":"2025-09-07T08:17:10","guid":{"rendered":"https:\/\/tuzlainfo.ba\/?p=279793"},"modified":"2025-09-07T10:17:10","modified_gmt":"2025-09-07T08:17:10","slug":"belamionix-siri-kapacitete-milionska-investicija-u-novo-postrojenje","status":"publish","type":"post","link":"https:\/\/tuzlainfo.ba\/index.php\/bosna-i-hercegovina\/item\/279793-belamionix-siri-kapacitete-milionska-investicija-u-novo-postrojenje\/","title":{"rendered":"Belamionix \u0161iri kapacitete, milionska investicija u novo postrojenje"},"content":{"rendered":"<p>Jedna od najve\u0107ih bh. trgova\u010dkih kompanija, Belamionix iz Br\u010dkog, nastavlja sa \u0161irenjem svog poslovanja i ja\u010danjem pozicije na doma\u0107em tr\u017ei\u0161tu.<\/p>\n<p>Ovaj maloprodajni gigant planira izgradnju modernog postrojenja za fla\u0161iranje pitke vode i sokova u \u0160amcu, vrijednog 1,43 miliona KM, pi\u0161e\u00a0<a href=\"https:\/\/www.biznisinfo.ba\/novi-iskorak-belamionixa-milionska-investicija-u-proizvodni-sektor\/\"><strong>BiznIsinfo.ba<\/strong><\/a>.<\/p>\n<p>Belamionix planira eksploataciju podzemnih voda kapaciteta 5 litara u sekundi, koje \u0107e se koristiti za potrebe punjenja fla\u0161a s vodom i sokovima. Lokacija se nalazi u krugu postoje\u0107eg kompleksa komercijalno-uslu\u017enih objekata kompanije u \u0160amcu. U toku je postupak dodjele koncesije.<\/p>\n<p>Belamionix je prepoznat kao jedan od najve\u0107ih maloprodajnih lanaca u Bosni i Hercegovini, a pro\u0161le godine ostvario je prihode od preko\u00a0<strong>307 miliona KM.<\/strong><\/p>\n<p>Dosad je kompanija bila najpoznatija po gradnji i upravljanju velikim tr\u017enim centrima u vi\u0161e bh. gradova, \u010dime je oja\u010dala poziciju u sektoru maloprodaje. Nova investicija, me\u0111utim, ozna\u010dava va\u017ean strate\u0161ki iskorak \u2013 ja\u010danje proizvodne komponente poslovanja.<\/p>\n<p>Punionica u \u0160amcu omogu\u0107it \u0107e Belamionixu da, pored trgovine, razvija i vlastiti proizvodni segment, \u010dime \u0107e diversifikovati prihode i smanjiti zavisnost od dobavlja\u010da.<\/p>\n<h3>Doprinos lokalnoj ekonomiji<\/h3>\n<p>O\u010dekuje se da \u0107e ovaj projekt donijeti nova radna mjesta i dodatno podsta\u0107i lokalni ekonomski razvoj u op\u0161tini \u0160amac. Ugovor o koncesiji zaklju\u010duje se na period do 30 godina, a u tom roku ura\u010dunato je i vrijeme potrebno za pripremne radove i osiguranje investicije.<\/p>\n<p>Posljednjih godina Belamionix je postao simbol kontinuiranog \u0161irenja i modernizacije. Kompanija je u vi\u0161e navrata investirala u tr\u017ene centre, distributivne kapacitete i logistiku, a sada pokazuje ambiciju da se sna\u017enije pozicionira i u sektoru proizvodnje hrane i pi\u0107a.<\/p>\n<p>Ova investicija u \u0160amcu nagla\u0161ava dugoro\u010dnu strategiju Belamionixa \u2013 gradnju sveobuhvatnog poslovnog sistema koji objedinjuje trgovinu, logistiku i proizvodnju, te doprinosi ja\u010danju doma\u0107e privrede.<\/p>\n","protected":false},"excerpt":{"rendered":"<p>Jedna od najve\u0107ih bh. trgova\u010dkih kompanija, Belamionix iz Br\u010dkog, nastavlja sa \u0161irenjem svog poslovanja i ja\u010danjem pozicije na doma\u0107em tr\u017ei\u0161tu. Ovaj maloprodajni gigant planira izgradnju modernog postrojenja za fla\u0161iranje pitke vode i sokova u \u0160amcu, vrijednog 1,43 miliona KM, pi\u0161e\u00a0BiznIsinfo.ba. Belamionix planira eksploataciju podzemnih voda kapaciteta 5 litara u sekundi, koje \u0107e se koristiti za [&hellip;]<\/p>\n","protected":false},"author":2,"featured_media":225142,"comment_status":"closed","ping_status":"closed","sticky":false,"template":"","format":"standard","meta":{"footnotes":""},"categories":[291,304],"tags":[5062],"class_list":["post-279793","post","type-post","status-publish","format-standard","has-post-thumbnail","hentry","category-bosna-i-hercegovina","category-istaknuto","tag-belamionix"],"yoast_head":"<!-- This site is optimized with the Yoast SEO plugin v28.4 - https:\/\/yoast.com\/product\/yoast-seo-wordpress\/ -->\n<title>Belamionix \u0161iri kapacitete, milionska investicija u novo postrojenje<\/title>\n<meta name=\"robots\" content=\"index, follow, max-snippet:-1, max-image-preview:large, max-video-preview:-1\" \/>\n<link rel=\"canonical\" href=\"https:\/\/tuzlainfo.ba\/index.php\/bosna-i-hercegovina\/item\/279793-belamionix-siri-kapacitete-milionska-investicija-u-novo-postrojenje\/\" \/>\n<meta property=\"og:locale\" content=\"bs_BA\" \/>\n<meta property=\"og:type\" content=\"article\" \/>\n<meta property=\"og:title\" content=\"Belamionix \u0161iri kapacitete, milionska investicija u novo postrojenje\" \/>\n<meta property=\"og:description\" content=\"Jedna od najve\u0107ih bh. trgova\u010dkih kompanija, Belamionix iz Br\u010dkog, nastavlja sa \u0161irenjem svog poslovanja i ja\u010danjem pozicije na doma\u0107em tr\u017ei\u0161tu. Ovaj maloprodajni gigant planira izgradnju modernog postrojenja za fla\u0161iranje pitke vode i sokova u \u0160amcu, vrijednog 1,43 miliona KM, pi\u0161e\u00a0BiznIsinfo.ba. Belamionix planira eksploataciju podzemnih voda kapaciteta 5 litara u sekundi, koje \u0107e se koristiti za [&hellip;]\" \/>\n<meta property=\"og:url\" content=\"https:\/\/tuzlainfo.ba\/index.php\/bosna-i-hercegovina\/item\/279793-belamionix-siri-kapacitete-milionska-investicija-u-novo-postrojenje\/\" \/>\n<meta property=\"og:site_name\" content=\"TuzlaInfo.ba\" \/>\n<meta property=\"article:publisher\" content=\"https:\/\/www.facebook.com\/tuzlainfo.ba\/\" \/>\n<meta property=\"article:published_time\" content=\"2025-09-07T08:17:10+00:00\" \/>\n<meta property=\"og:image\" content=\"https:\/\/tuzlainfo.ba\/wp-content\/uploads\/2023\/12\/Belamionix-01a-14-12-2023.webp\" \/>\n\t<meta property=\"og:image:width\" content=\"1800\" \/>\n\t<meta property=\"og:image:height\" content=\"1199\" \/>\n\t<meta property=\"og:image:type\" content=\"image\/webp\" \/>\n<meta name=\"author\" content=\"nedim\" \/>\n<meta name=\"twitter:card\" content=\"summary_large_image\" \/>\n<meta name=\"twitter:label1\" content=\"Written by\" \/>\n\t<meta name=\"twitter:data1\" content=\"nedim\" \/>\n\t<meta name=\"twitter:label2\" content=\"Est. reading time\" \/>\n\t<meta name=\"twitter:data2\" content=\"2 minute\" \/>\n<script type=\"application\/ld+json\" class=\"yoast-schema-graph\">{\"@context\":\"https:\\\/\\\/schema.org\",\"@graph\":[{\"@type\":\"Article\",\"@id\":\"https:\\\/\\\/tuzlainfo.ba\\\/index.php\\\/bosna-i-hercegovina\\\/item\\\/279793-belamionix-siri-kapacitete-milionska-investicija-u-novo-postrojenje\\\/#article\",\"isPartOf\":{\"@id\":\"https:\\\/\\\/tuzlainfo.ba\\\/index.php\\\/bosna-i-hercegovina\\\/item\\\/279793-belamionix-siri-kapacitete-milionska-investicija-u-novo-postrojenje\\\/\"},\"author\":{\"name\":\"nedim\",\"@id\":\"https:\\\/\\\/tuzlainfo.ba\\\/#\\\/schema\\\/person\\\/f434e20dc27ea133923aab08451b7f7f\"},\"headline\":\"Belamionix \u0161iri kapacitete, milionska investicija u novo postrojenje\",\"datePublished\":\"2025-09-07T08:17:10+00:00\",\"mainEntityOfPage\":{\"@id\":\"https:\\\/\\\/tuzlainfo.ba\\\/index.php\\\/bosna-i-hercegovina\\\/item\\\/279793-belamionix-siri-kapacitete-milionska-investicija-u-novo-postrojenje\\\/\"},\"wordCount\":312,\"publisher\":{\"@id\":\"https:\\\/\\\/tuzlainfo.ba\\\/#organization\"},\"image\":{\"@id\":\"https:\\\/\\\/tuzlainfo.ba\\\/index.php\\\/bosna-i-hercegovina\\\/item\\\/279793-belamionix-siri-kapacitete-milionska-investicija-u-novo-postrojenje\\\/#primaryimage\"},\"thumbnailUrl\":\"https:\\\/\\\/tuzlainfo.ba\\\/wp-content\\\/uploads\\\/2023\\\/12\\\/Belamionix-01a-14-12-2023.webp\",\"keywords\":[\"belamionix\"],\"articleSection\":[\"Bosna i Hercegovina\",\"Istaknuto\"],\"inLanguage\":\"bs-BA\",\"copyrightYear\":\"2025\",\"copyrightHolder\":{\"@id\":\"https:\\\/\\\/tuzlainfo.ba\\\/#organization\"}},{\"@type\":\"WebPage\",\"@id\":\"https:\\\/\\\/tuzlainfo.ba\\\/index.php\\\/bosna-i-hercegovina\\\/item\\\/279793-belamionix-siri-kapacitete-milionska-investicija-u-novo-postrojenje\\\/\",\"url\":\"https:\\\/\\\/tuzlainfo.ba\\\/index.php\\\/bosna-i-hercegovina\\\/item\\\/279793-belamionix-siri-kapacitete-milionska-investicija-u-novo-postrojenje\\\/\",\"name\":\"Belamionix \u0161iri kapacitete, milionska investicija u novo postrojenje\",\"isPartOf\":{\"@id\":\"https:\\\/\\\/tuzlainfo.ba\\\/#website\"},\"primaryImageOfPage\":{\"@id\":\"https:\\\/\\\/tuzlainfo.ba\\\/index.php\\\/bosna-i-hercegovina\\\/item\\\/279793-belamionix-siri-kapacitete-milionska-investicija-u-novo-postrojenje\\\/#primaryimage\"},\"image\":{\"@id\":\"https:\\\/\\\/tuzlainfo.ba\\\/index.php\\\/bosna-i-hercegovina\\\/item\\\/279793-belamionix-siri-kapacitete-milionska-investicija-u-novo-postrojenje\\\/#primaryimage\"},\"thumbnailUrl\":\"https:\\\/\\\/tuzlainfo.ba\\\/wp-content\\\/uploads\\\/2023\\\/12\\\/Belamionix-01a-14-12-2023.webp\",\"datePublished\":\"2025-09-07T08:17:10+00:00\",\"breadcrumb\":{\"@id\":\"https:\\\/\\\/tuzlainfo.ba\\\/index.php\\\/bosna-i-hercegovina\\\/item\\\/279793-belamionix-siri-kapacitete-milionska-investicija-u-novo-postrojenje\\\/#breadcrumb\"},\"inLanguage\":\"bs-BA\",\"potentialAction\":[{\"@type\":\"ReadAction\",\"target\":[\"https:\\\/\\\/tuzlainfo.ba\\\/index.php\\\/bosna-i-hercegovina\\\/item\\\/279793-belamionix-siri-kapacitete-milionska-investicija-u-novo-postrojenje\\\/\"]}]},{\"@type\":\"ImageObject\",\"inLanguage\":\"bs-BA\",\"@id\":\"https:\\\/\\\/tuzlainfo.ba\\\/index.php\\\/bosna-i-hercegovina\\\/item\\\/279793-belamionix-siri-kapacitete-milionska-investicija-u-novo-postrojenje\\\/#primaryimage\",\"url\":\"https:\\\/\\\/tuzlainfo.ba\\\/wp-content\\\/uploads\\\/2023\\\/12\\\/Belamionix-01a-14-12-2023.webp\",\"contentUrl\":\"https:\\\/\\\/tuzlainfo.ba\\\/wp-content\\\/uploads\\\/2023\\\/12\\\/Belamionix-01a-14-12-2023.webp\",\"width\":1800,\"height\":1199},{\"@type\":\"BreadcrumbList\",\"@id\":\"https:\\\/\\\/tuzlainfo.ba\\\/index.php\\\/bosna-i-hercegovina\\\/item\\\/279793-belamionix-siri-kapacitete-milionska-investicija-u-novo-postrojenje\\\/#breadcrumb\",\"itemListElement\":[{\"@type\":\"ListItem\",\"position\":1,\"name\":\"Home\",\"item\":\"https:\\\/\\\/tuzlainfo.ba\\\/\"},{\"@type\":\"ListItem\",\"position\":2,\"name\":\"Belamionix \u0161iri kapacitete, milionska investicija u novo postrojenje\"}]},{\"@type\":\"WebSite\",\"@id\":\"https:\\\/\\\/tuzlainfo.ba\\\/#website\",\"url\":\"https:\\\/\\\/tuzlainfo.ba\\\/\",\"name\":\"TuzlaInfo.ba\",\"description\":\"Tuzla info, gradski informator - Tuzla na dlanu\",\"publisher\":{\"@id\":\"https:\\\/\\\/tuzlainfo.ba\\\/#organization\"},\"potentialAction\":[{\"@type\":\"SearchAction\",\"target\":{\"@type\":\"EntryPoint\",\"urlTemplate\":\"https:\\\/\\\/tuzlainfo.ba\\\/?s={search_term_string}\"},\"query-input\":{\"@type\":\"PropertyValueSpecification\",\"valueRequired\":true,\"valueName\":\"search_term_string\"}}],\"inLanguage\":\"bs-BA\"},{\"@type\":\"Organization\",\"@id\":\"https:\\\/\\\/tuzlainfo.ba\\\/#organization\",\"name\":\"TuzlaInfo.ba\",\"url\":\"https:\\\/\\\/tuzlainfo.ba\\\/\",\"logo\":{\"@type\":\"ImageObject\",\"inLanguage\":\"bs-BA\",\"@id\":\"https:\\\/\\\/tuzlainfo.ba\\\/#\\\/schema\\\/logo\\\/image\\\/\",\"url\":\"https:\\\/\\\/tuzlainfo.ba\\\/wp-content\\\/uploads\\\/2021\\\/03\\\/logo-ver-3-1.png\",\"contentUrl\":\"https:\\\/\\\/tuzlainfo.ba\\\/wp-content\\\/uploads\\\/2021\\\/03\\\/logo-ver-3-1.png\",\"width\":350,\"height\":95,\"caption\":\"TuzlaInfo.ba\"},\"image\":{\"@id\":\"https:\\\/\\\/tuzlainfo.ba\\\/#\\\/schema\\\/logo\\\/image\\\/\"},\"sameAs\":[\"https:\\\/\\\/www.facebook.com\\\/tuzlainfo.ba\\\/\"]},{\"@type\":\"Person\",\"@id\":\"https:\\\/\\\/tuzlainfo.ba\\\/#\\\/schema\\\/person\\\/f434e20dc27ea133923aab08451b7f7f\",\"name\":\"nedim\",\"image\":{\"@type\":\"ImageObject\",\"inLanguage\":\"bs-BA\",\"@id\":\"https:\\\/\\\/secure.gravatar.com\\\/avatar\\\/5b928a2e7e70a54208d2eb6c1edcb75a5350d6ae97d5f0a701203d456823f6f3?s=96&d=mm&r=g\",\"url\":\"https:\\\/\\\/secure.gravatar.com\\\/avatar\\\/5b928a2e7e70a54208d2eb6c1edcb75a5350d6ae97d5f0a701203d456823f6f3?s=96&d=mm&r=g\",\"contentUrl\":\"https:\\\/\\\/secure.gravatar.com\\\/avatar\\\/5b928a2e7e70a54208d2eb6c1edcb75a5350d6ae97d5f0a701203d456823f6f3?s=96&d=mm&r=g\",\"caption\":\"nedim\"},\"description\":\"Tuzlainfo.ba pratite na dru\u0161tvenim mre\u017eama: Facebook, Instagram i Youtube. Svoje pri\u010de, upite i fotografije \u0161aljite na na\u0161u e-mail adresu.\"}]}<\/script>\n<!-- \/ Yoast SEO plugin. -->","yoast_head_json":{"title":"Belamionix \u0161iri kapacitete, milionska investicija u novo postrojenje","robots":{"index":"index","follow":"follow","max-snippet":"max-snippet:-1","max-image-preview":"max-image-preview:large","max-video-preview":"max-video-preview:-1"},"canonical":"https:\/\/tuzlainfo.ba\/index.php\/bosna-i-hercegovina\/item\/279793-belamionix-siri-kapacitete-milionska-investicija-u-novo-postrojenje\/","og_locale":"bs_BA","og_type":"article","og_title":"Belamionix \u0161iri kapacitete, milionska investicija u novo postrojenje","og_description":"Jedna od najve\u0107ih bh. trgova\u010dkih kompanija, Belamionix iz Br\u010dkog, nastavlja sa \u0161irenjem svog poslovanja i ja\u010danjem pozicije na doma\u0107em tr\u017ei\u0161tu. Ovaj maloprodajni gigant planira izgradnju modernog postrojenja za fla\u0161iranje pitke vode i sokova u \u0160amcu, vrijednog 1,43 miliona KM, pi\u0161e\u00a0BiznIsinfo.ba. Belamionix planira eksploataciju podzemnih voda kapaciteta 5 litara u sekundi, koje \u0107e se koristiti za [&hellip;]","og_url":"https:\/\/tuzlainfo.ba\/index.php\/bosna-i-hercegovina\/item\/279793-belamionix-siri-kapacitete-milionska-investicija-u-novo-postrojenje\/","og_site_name":"TuzlaInfo.ba","article_publisher":"https:\/\/www.facebook.com\/tuzlainfo.ba\/","article_published_time":"2025-09-07T08:17:10+00:00","og_image":[{"width":1800,"height":1199,"url":"https:\/\/tuzlainfo.ba\/wp-content\/uploads\/2023\/12\/Belamionix-01a-14-12-2023.webp","type":"image\/webp"}],"author":"nedim","twitter_card":"summary_large_image","twitter_misc":{"Written by":"nedim","Est. reading time":"2 minute"},"schema":{"@context":"https:\/\/schema.org","@graph":[{"@type":"Article","@id":"https:\/\/tuzlainfo.ba\/index.php\/bosna-i-hercegovina\/item\/279793-belamionix-siri-kapacitete-milionska-investicija-u-novo-postrojenje\/#article","isPartOf":{"@id":"https:\/\/tuzlainfo.ba\/index.php\/bosna-i-hercegovina\/item\/279793-belamionix-siri-kapacitete-milionska-investicija-u-novo-postrojenje\/"},"author":{"name":"nedim","@id":"https:\/\/tuzlainfo.ba\/#\/schema\/person\/f434e20dc27ea133923aab08451b7f7f"},"headline":"Belamionix \u0161iri kapacitete, milionska investicija u novo postrojenje","datePublished":"2025-09-07T08:17:10+00:00","mainEntityOfPage":{"@id":"https:\/\/tuzlainfo.ba\/index.php\/bosna-i-hercegovina\/item\/279793-belamionix-siri-kapacitete-milionska-investicija-u-novo-postrojenje\/"},"wordCount":312,"publisher":{"@id":"https:\/\/tuzlainfo.ba\/#organization"},"image":{"@id":"https:\/\/tuzlainfo.ba\/index.php\/bosna-i-hercegovina\/item\/279793-belamionix-siri-kapacitete-milionska-investicija-u-novo-postrojenje\/#primaryimage"},"thumbnailUrl":"https:\/\/tuzlainfo.ba\/wp-content\/uploads\/2023\/12\/Belamionix-01a-14-12-2023.webp","keywords":["belamionix"],"articleSection":["Bosna i Hercegovina","Istaknuto"],"inLanguage":"bs-BA","copyrightYear":"2025","copyrightHolder":{"@id":"https:\/\/tuzlainfo.ba\/#organization"}},{"@type":"WebPage","@id":"https:\/\/tuzlainfo.ba\/index.php\/bosna-i-hercegovina\/item\/279793-belamionix-siri-kapacitete-milionska-investicija-u-novo-postrojenje\/","url":"https:\/\/tuzlainfo.ba\/index.php\/bosna-i-hercegovina\/item\/279793-belamionix-siri-kapacitete-milionska-investicija-u-novo-postrojenje\/","name":"Belamionix \u0161iri kapacitete, milionska investicija u novo postrojenje","isPartOf":{"@id":"https:\/\/tuzlainfo.ba\/#website"},"primaryImageOfPage":{"@id":"https:\/\/tuzlainfo.ba\/index.php\/bosna-i-hercegovina\/item\/279793-belamionix-siri-kapacitete-milionska-investicija-u-novo-postrojenje\/#primaryimage"},"image":{"@id":"https:\/\/tuzlainfo.ba\/index.php\/bosna-i-hercegovina\/item\/279793-belamionix-siri-kapacitete-milionska-investicija-u-novo-postrojenje\/#primaryimage"},"thumbnailUrl":"https:\/\/tuzlainfo.ba\/wp-content\/uploads\/2023\/12\/Belamionix-01a-14-12-2023.webp","datePublished":"2025-09-07T08:17:10+00:00","breadcrumb":{"@id":"https:\/\/tuzlainfo.ba\/index.php\/bosna-i-hercegovina\/item\/279793-belamionix-siri-kapacitete-milionska-investicija-u-novo-postrojenje\/#breadcrumb"},"inLanguage":"bs-BA","potentialAction":[{"@type":"ReadAction","target":["https:\/\/tuzlainfo.ba\/index.php\/bosna-i-hercegovina\/item\/279793-belamionix-siri-kapacitete-milionska-investicija-u-novo-postrojenje\/"]}]},{"@type":"ImageObject","inLanguage":"bs-BA","@id":"https:\/\/tuzlainfo.ba\/index.php\/bosna-i-hercegovina\/item\/279793-belamionix-siri-kapacitete-milionska-investicija-u-novo-postrojenje\/#primaryimage","url":"https:\/\/tuzlainfo.ba\/wp-content\/uploads\/2023\/12\/Belamionix-01a-14-12-2023.webp","contentUrl":"https:\/\/tuzlainfo.ba\/wp-content\/uploads\/2023\/12\/Belamionix-01a-14-12-2023.webp","width":1800,"height":1199},{"@type":"BreadcrumbList","@id":"https:\/\/tuzlainfo.ba\/index.php\/bosna-i-hercegovina\/item\/279793-belamionix-siri-kapacitete-milionska-investicija-u-novo-postrojenje\/#breadcrumb","itemListElement":[{"@type":"ListItem","position":1,"name":"Home","item":"https:\/\/tuzlainfo.ba\/"},{"@type":"ListItem","position":2,"name":"Belamionix \u0161iri kapacitete, milionska investicija u novo postrojenje"}]},{"@type":"WebSite","@id":"https:\/\/tuzlainfo.ba\/#website","url":"https:\/\/tuzlainfo.ba\/","name":"TuzlaInfo.ba","description":"Tuzla info, gradski informator - Tuzla na dlanu","publisher":{"@id":"https:\/\/tuzlainfo.ba\/#organization"},"potentialAction":[{"@type":"SearchAction","target":{"@type":"EntryPoint","urlTemplate":"https:\/\/tuzlainfo.ba\/?s={search_term_string}"},"query-input":{"@type":"PropertyValueSpecification","valueRequired":true,"valueName":"search_term_string"}}],"inLanguage":"bs-BA"},{"@type":"Organization","@id":"https:\/\/tuzlainfo.ba\/#organization","name":"TuzlaInfo.ba","url":"https:\/\/tuzlainfo.ba\/","logo":{"@type":"ImageObject","inLanguage":"bs-BA","@id":"https:\/\/tuzlainfo.ba\/#\/schema\/logo\/image\/","url":"https:\/\/tuzlainfo.ba\/wp-content\/uploads\/2021\/03\/logo-ver-3-1.png","contentUrl":"https:\/\/tuzlainfo.ba\/wp-content\/uploads\/2021\/03\/logo-ver-3-1.png","width":350,"height":95,"caption":"TuzlaInfo.ba"},"image":{"@id":"https:\/\/tuzlainfo.ba\/#\/schema\/logo\/image\/"},"sameAs":["https:\/\/www.facebook.com\/tuzlainfo.ba\/"]},{"@type":"Person","@id":"https:\/\/tuzlainfo.ba\/#\/schema\/person\/f434e20dc27ea133923aab08451b7f7f","name":"nedim","image":{"@type":"ImageObject","inLanguage":"bs-BA","@id":"https:\/\/secure.gravatar.com\/avatar\/5b928a2e7e70a54208d2eb6c1edcb75a5350d6ae97d5f0a701203d456823f6f3?s=96&d=mm&r=g","url":"https:\/\/secure.gravatar.com\/avatar\/5b928a2e7e70a54208d2eb6c1edcb75a5350d6ae97d5f0a701203d456823f6f3?s=96&d=mm&r=g","contentUrl":"https:\/\/secure.gravatar.com\/avatar\/5b928a2e7e70a54208d2eb6c1edcb75a5350d6ae97d5f0a701203d456823f6f3?s=96&d=mm&r=g","caption":"nedim"},"description":"Tuzlainfo.ba pratite na dru\u0161tvenim mre\u017eama: Facebook, Instagram i Youtube. Svoje pri\u010de, upite i fotografije \u0161aljite na na\u0161u e-mail adresu."}]}},"_links":{"self":[{"href":"https:\/\/tuzlainfo.ba\/index.php\/wp-json\/wp\/v2\/posts\/279793","targetHints":{"allow":["GET"]}}],"collection":[{"href":"https:\/\/tuzlainfo.ba\/index.php\/wp-json\/wp\/v2\/posts"}],"about":[{"href":"https:\/\/tuzlainfo.ba\/index.php\/wp-json\/wp\/v2\/types\/post"}],"author":[{"embeddable":true,"href":"https:\/\/tuzlainfo.ba\/index.php\/wp-json\/wp\/v2\/users\/2"}],"replies":[{"embeddable":true,"href":"https:\/\/tuzlainfo.ba\/index.php\/wp-json\/wp\/v2\/comments?post=279793"}],"version-history":[{"count":1,"href":"https:\/\/tuzlainfo.ba\/index.php\/wp-json\/wp\/v2\/posts\/279793\/revisions"}],"predecessor-version":[{"id":279796,"href":"https:\/\/tuzlainfo.ba\/index.php\/wp-json\/wp\/v2\/posts\/279793\/revisions\/279796"}],"wp:featuredmedia":[{"embeddable":true,"href":"https:\/\/tuzlainfo.ba\/index.php\/wp-json\/wp\/v2\/media\/225142"}],"wp:attachment":[{"href":"https:\/\/tuzlainfo.ba\/index.php\/wp-json\/wp\/v2\/media?parent=279793"}],"wp:term":[{"taxonomy":"category","embeddable":true,"href":"https:\/\/tuzlainfo.ba\/index.php\/wp-json\/wp\/v2\/categories?post=279793"},{"taxonomy":"post_tag","embeddable":true,"href":"https:\/\/tuzlainfo.ba\/index.php\/wp-json\/wp\/v2\/tags?post=279793"}],"curies":[{"name":"wp","href":"https:\/\/api.w.org\/{rel}","templated":true}]}}