{"id":279575,"date":"2025-09-05T20:45:07","date_gmt":"2025-09-05T18:45:07","guid":{"rendered":"https:\/\/tuzlainfo.ba\/?p=279575"},"modified":"2025-09-05T20:48:07","modified_gmt":"2025-09-05T18:48:07","slug":"u-tuzli-uskoro-sajam-knjige-program-ce-biti-posvecen-porodici","status":"publish","type":"post","link":"https:\/\/tuzlainfo.ba\/index.php\/istaknuto\/item\/279575-u-tuzli-uskoro-sajam-knjige-program-ce-biti-posvecen-porodici\/","title":{"rendered":"U Tuzli uskoro Sajam knjige, program \u0107e biti posve\u0107en porodici"},"content":{"rendered":"<p data-start=\"0\" data-end=\"179\">U Tuzli \u0107e od 24. do 28. septembra 2025. godine biti odr\u017ean Sajam knjige pod nazivom \u201eMoj prvi sajam sa porodicom\u201c, u organizaciji Hrvatskog kulturnog centra \u201eSveti Franjo\u201c.<\/p>\n<p data-start=\"181\" data-end=\"401\">Ovogodi\u0161nji sajam okupi\u0107e izdava\u010de, autore, knji\u017eevne kriti\u010dare, ljubitelje knjige i kulturne radnike iz Bosne i Hercegovine i regije, s ciljem promocije \u010ditanja i knji\u017eevnosti kao va\u017enih stubova obrazovanja i kulture.<\/p>\n<p data-start=\"403\" data-end=\"716\">Posjetioce o\u010dekuje vi\u0161e od 100 razli\u010ditih sadr\u017eaja, me\u0111u kojima su promocije novih izdanja, susreti s autorima i potpisivanja knjiga, panel-diskusije, tribine, knji\u017eevne ve\u010deri, programi i radionice za djecu i mlade, predstave i filmske projekcije. Sajam donosi i sajamske popuste te specijalne ponude izdava\u010da.<\/p>\n<p data-start=\"718\" data-end=\"904\">Organizatori pozivaju gra\u0111ane, \u0161kole, studente, biblioteke i medije da posjete doga\u0111aj i u\u010destvuju u programskim aktivnostima, uz poruku da knjiga zaslu\u017euje centralno mjesto u dru\u0161tvu.<\/p>\n<p data-start=\"906\" data-end=\"976\">Ulaz na sajam je slobodan, a detaljan program bi\u0107e objavljen uskoro.<\/p>\n","protected":false},"excerpt":{"rendered":"<p>U Tuzli \u0107e od 24. do 28. septembra 2025. godine biti odr\u017ean Sajam knjige pod&hellip;<\/p>\n","protected":false},"author":4,"featured_media":251250,"comment_status":"closed","ping_status":"closed","sticky":false,"template":"","format":"standard","meta":{"_acf_changed":false,"footnotes":""},"categories":[304,11],"tags":[11108],"acf":[],"yoast_head":"<!-- This site is optimized with the Yoast SEO plugin v23.5 - https:\/\/yoast.com\/wordpress\/plugins\/seo\/ -->\n<title>U Tuzli uskoro Sajam knjige, program \u0107e biti posve\u0107en porodici - TuzlaInfo.ba<\/title>\n<meta name=\"robots\" content=\"index, follow, max-snippet:-1, max-image-preview:large, max-video-preview:-1\" \/>\n<link rel=\"canonical\" href=\"https:\/\/tuzlainfo.ba\/index.php\/najava-dogadaja-2\/item\/279575-u-tuzli-uskoro-sajam-knjige-program-ce-biti-posvecen-porodici\/\" \/>\n<meta property=\"og:locale\" content=\"bs_BA\" \/>\n<meta property=\"og:type\" content=\"article\" \/>\n<meta property=\"og:title\" content=\"U Tuzli uskoro Sajam knjige, program \u0107e biti posve\u0107en porodici - TuzlaInfo.ba\" \/>\n<meta property=\"og:description\" content=\"U Tuzli \u0107e od 24. do 28. septembra 2025. godine biti odr\u017ean Sajam knjige pod&hellip;\" \/>\n<meta property=\"og:url\" content=\"https:\/\/tuzlainfo.ba\/index.php\/najava-dogadaja-2\/item\/279575-u-tuzli-uskoro-sajam-knjige-program-ce-biti-posvecen-porodici\/\" \/>\n<meta property=\"og:site_name\" content=\"TuzlaInfo.ba\" \/>\n<meta property=\"article:publisher\" content=\"https:\/\/www.facebook.com\/tuzlainfo.ba\/\" \/>\n<meta property=\"article:published_time\" content=\"2025-09-05T18:45:07+00:00\" \/>\n<meta property=\"article:modified_time\" content=\"2025-09-05T18:48:07+00:00\" \/>\n<meta property=\"og:image\" content=\"https:\/\/tuzlainfo.ba\/wp-content\/uploads\/2024\/10\/01010_sajam_knjige-1.jpg\" \/>\n\t<meta property=\"og:image:width\" content=\"1400\" \/>\n\t<meta property=\"og:image:height\" content=\"1050\" \/>\n\t<meta property=\"og:image:type\" content=\"image\/jpeg\" \/>\n<meta name=\"author\" content=\"Tuzla Info\" \/>\n<meta name=\"twitter:card\" content=\"summary_large_image\" \/>\n<meta name=\"twitter:label1\" content=\"Written by\" \/>\n\t<meta name=\"twitter:data1\" content=\"Tuzla Info\" \/>\n\t<meta name=\"twitter:label2\" content=\"Est. reading time\" \/>\n\t<meta name=\"twitter:data2\" content=\"1 minuta\" \/>\n<script type=\"application\/ld+json\" class=\"yoast-schema-graph\">{\"@context\":\"https:\/\/schema.org\",\"@graph\":[{\"@type\":\"Article\",\"@id\":\"https:\/\/tuzlainfo.ba\/index.php\/najava-dogadaja-2\/item\/279575-u-tuzli-uskoro-sajam-knjige-program-ce-biti-posvecen-porodici\/#article\",\"isPartOf\":{\"@id\":\"https:\/\/tuzlainfo.ba\/index.php\/najava-dogadaja-2\/item\/279575-u-tuzli-uskoro-sajam-knjige-program-ce-biti-posvecen-porodici\/\"},\"author\":{\"name\":\"Tuzla Info\",\"@id\":\"https:\/\/tuzlainfo.ba\/#\/schema\/person\/46cad4c57790cbc50781edd14870825a\"},\"headline\":\"U Tuzli uskoro Sajam knjige, program \u0107e biti posve\u0107en porodici\",\"datePublished\":\"2025-09-05T18:45:07+00:00\",\"dateModified\":\"2025-09-05T18:48:07+00:00\",\"mainEntityOfPage\":{\"@id\":\"https:\/\/tuzlainfo.ba\/index.php\/najava-dogadaja-2\/item\/279575-u-tuzli-uskoro-sajam-knjige-program-ce-biti-posvecen-porodici\/\"},\"wordCount\":166,\"publisher\":{\"@id\":\"https:\/\/tuzlainfo.ba\/#organization\"},\"image\":{\"@id\":\"https:\/\/tuzlainfo.ba\/index.php\/najava-dogadaja-2\/item\/279575-u-tuzli-uskoro-sajam-knjige-program-ce-biti-posvecen-porodici\/#primaryimage\"},\"thumbnailUrl\":\"https:\/\/tuzlainfo.ba\/wp-content\/uploads\/2024\/10\/01010_sajam_knjige-1.jpg\",\"keywords\":[\"sajam knjige\"],\"articleSection\":[\"Istaknuto\",\"Najave i doga\u0111aji\"],\"inLanguage\":\"bs-BA\"},{\"@type\":\"WebPage\",\"@id\":\"https:\/\/tuzlainfo.ba\/index.php\/najava-dogadaja-2\/item\/279575-u-tuzli-uskoro-sajam-knjige-program-ce-biti-posvecen-porodici\/\",\"url\":\"https:\/\/tuzlainfo.ba\/index.php\/najava-dogadaja-2\/item\/279575-u-tuzli-uskoro-sajam-knjige-program-ce-biti-posvecen-porodici\/\",\"name\":\"U Tuzli uskoro Sajam knjige, program \u0107e biti posve\u0107en porodici - TuzlaInfo.ba\",\"isPartOf\":{\"@id\":\"https:\/\/tuzlainfo.ba\/#website\"},\"primaryImageOfPage\":{\"@id\":\"https:\/\/tuzlainfo.ba\/index.php\/najava-dogadaja-2\/item\/279575-u-tuzli-uskoro-sajam-knjige-program-ce-biti-posvecen-porodici\/#primaryimage\"},\"image\":{\"@id\":\"https:\/\/tuzlainfo.ba\/index.php\/najava-dogadaja-2\/item\/279575-u-tuzli-uskoro-sajam-knjige-program-ce-biti-posvecen-porodici\/#primaryimage\"},\"thumbnailUrl\":\"https:\/\/tuzlainfo.ba\/wp-content\/uploads\/2024\/10\/01010_sajam_knjige-1.jpg\",\"datePublished\":\"2025-09-05T18:45:07+00:00\",\"dateModified\":\"2025-09-05T18:48:07+00:00\",\"breadcrumb\":{\"@id\":\"https:\/\/tuzlainfo.ba\/index.php\/najava-dogadaja-2\/item\/279575-u-tuzli-uskoro-sajam-knjige-program-ce-biti-posvecen-porodici\/#breadcrumb\"},\"inLanguage\":\"bs-BA\",\"potentialAction\":[{\"@type\":\"ReadAction\",\"target\":[\"https:\/\/tuzlainfo.ba\/index.php\/najava-dogadaja-2\/item\/279575-u-tuzli-uskoro-sajam-knjige-program-ce-biti-posvecen-porodici\/\"]}]},{\"@type\":\"ImageObject\",\"inLanguage\":\"bs-BA\",\"@id\":\"https:\/\/tuzlainfo.ba\/index.php\/najava-dogadaja-2\/item\/279575-u-tuzli-uskoro-sajam-knjige-program-ce-biti-posvecen-porodici\/#primaryimage\",\"url\":\"https:\/\/tuzlainfo.ba\/wp-content\/uploads\/2024\/10\/01010_sajam_knjige-1.jpg\",\"contentUrl\":\"https:\/\/tuzlainfo.ba\/wp-content\/uploads\/2024\/10\/01010_sajam_knjige-1.jpg\",\"width\":1400,\"height\":1050},{\"@type\":\"BreadcrumbList\",\"@id\":\"https:\/\/tuzlainfo.ba\/index.php\/najava-dogadaja-2\/item\/279575-u-tuzli-uskoro-sajam-knjige-program-ce-biti-posvecen-porodici\/#breadcrumb\",\"itemListElement\":[{\"@type\":\"ListItem\",\"position\":1,\"name\":\"Home\",\"item\":\"https:\/\/tuzlainfo.ba\/\"},{\"@type\":\"ListItem\",\"position\":2,\"name\":\"U Tuzli uskoro Sajam knjige, program \u0107e biti posve\u0107en porodici\"}]},{\"@type\":\"WebSite\",\"@id\":\"https:\/\/tuzlainfo.ba\/#website\",\"url\":\"https:\/\/tuzlainfo.ba\/\",\"name\":\"TuzlaInfo.ba\",\"description\":\"Tuzla info, gradski informator - Tuzla na dlanu\",\"publisher\":{\"@id\":\"https:\/\/tuzlainfo.ba\/#organization\"},\"potentialAction\":[{\"@type\":\"SearchAction\",\"target\":{\"@type\":\"EntryPoint\",\"urlTemplate\":\"https:\/\/tuzlainfo.ba\/?s={search_term_string}\"},\"query-input\":{\"@type\":\"PropertyValueSpecification\",\"valueRequired\":true,\"valueName\":\"search_term_string\"}}],\"inLanguage\":\"bs-BA\"},{\"@type\":\"Organization\",\"@id\":\"https:\/\/tuzlainfo.ba\/#organization\",\"name\":\"TuzlaInfo.ba\",\"url\":\"https:\/\/tuzlainfo.ba\/\",\"logo\":{\"@type\":\"ImageObject\",\"inLanguage\":\"bs-BA\",\"@id\":\"https:\/\/tuzlainfo.ba\/#\/schema\/logo\/image\/\",\"url\":\"https:\/\/tuzlainfo.ba\/wp-content\/uploads\/2021\/03\/logo-ver-3-1.png\",\"contentUrl\":\"https:\/\/tuzlainfo.ba\/wp-content\/uploads\/2021\/03\/logo-ver-3-1.png\",\"width\":350,\"height\":95,\"caption\":\"TuzlaInfo.ba\"},\"image\":{\"@id\":\"https:\/\/tuzlainfo.ba\/#\/schema\/logo\/image\/\"},\"sameAs\":[\"https:\/\/www.facebook.com\/tuzlainfo.ba\/\"]},{\"@type\":\"Person\",\"@id\":\"https:\/\/tuzlainfo.ba\/#\/schema\/person\/46cad4c57790cbc50781edd14870825a\",\"name\":\"Tuzla Info\",\"image\":{\"@type\":\"ImageObject\",\"inLanguage\":\"bs-BA\",\"@id\":\"https:\/\/tuzlainfo.ba\/#\/schema\/person\/image\/\",\"url\":\"https:\/\/tuzlainfo.ba\/wp-content\/litespeed\/avatar\/b6c453a6c38e3654f2e4416c643fc25c.jpg?ver=1777051911\",\"contentUrl\":\"https:\/\/tuzlainfo.ba\/wp-content\/litespeed\/avatar\/b6c453a6c38e3654f2e4416c643fc25c.jpg?ver=1777051911\",\"caption\":\"Tuzla Info\"}}]}<\/script>\n<!-- \/ Yoast SEO plugin. -->","yoast_head_json":{"title":"U Tuzli uskoro Sajam knjige, program \u0107e biti posve\u0107en porodici - TuzlaInfo.ba","robots":{"index":"index","follow":"follow","max-snippet":"max-snippet:-1","max-image-preview":"max-image-preview:large","max-video-preview":"max-video-preview:-1"},"canonical":"https:\/\/tuzlainfo.ba\/index.php\/najava-dogadaja-2\/item\/279575-u-tuzli-uskoro-sajam-knjige-program-ce-biti-posvecen-porodici\/","og_locale":"bs_BA","og_type":"article","og_title":"U Tuzli uskoro Sajam knjige, program \u0107e biti posve\u0107en porodici - TuzlaInfo.ba","og_description":"U Tuzli \u0107e od 24. do 28. septembra 2025. godine biti odr\u017ean Sajam knjige pod&hellip;","og_url":"https:\/\/tuzlainfo.ba\/index.php\/najava-dogadaja-2\/item\/279575-u-tuzli-uskoro-sajam-knjige-program-ce-biti-posvecen-porodici\/","og_site_name":"TuzlaInfo.ba","article_publisher":"https:\/\/www.facebook.com\/tuzlainfo.ba\/","article_published_time":"2025-09-05T18:45:07+00:00","article_modified_time":"2025-09-05T18:48:07+00:00","og_image":[{"width":1400,"height":1050,"url":"https:\/\/tuzlainfo.ba\/wp-content\/uploads\/2024\/10\/01010_sajam_knjige-1.jpg","type":"image\/jpeg"}],"author":"Tuzla Info","twitter_card":"summary_large_image","twitter_misc":{"Written by":"Tuzla Info","Est. reading time":"1 minuta"},"schema":{"@context":"https:\/\/schema.org","@graph":[{"@type":"Article","@id":"https:\/\/tuzlainfo.ba\/index.php\/najava-dogadaja-2\/item\/279575-u-tuzli-uskoro-sajam-knjige-program-ce-biti-posvecen-porodici\/#article","isPartOf":{"@id":"https:\/\/tuzlainfo.ba\/index.php\/najava-dogadaja-2\/item\/279575-u-tuzli-uskoro-sajam-knjige-program-ce-biti-posvecen-porodici\/"},"author":{"name":"Tuzla Info","@id":"https:\/\/tuzlainfo.ba\/#\/schema\/person\/46cad4c57790cbc50781edd14870825a"},"headline":"U Tuzli uskoro Sajam knjige, program \u0107e biti posve\u0107en porodici","datePublished":"2025-09-05T18:45:07+00:00","dateModified":"2025-09-05T18:48:07+00:00","mainEntityOfPage":{"@id":"https:\/\/tuzlainfo.ba\/index.php\/najava-dogadaja-2\/item\/279575-u-tuzli-uskoro-sajam-knjige-program-ce-biti-posvecen-porodici\/"},"wordCount":166,"publisher":{"@id":"https:\/\/tuzlainfo.ba\/#organization"},"image":{"@id":"https:\/\/tuzlainfo.ba\/index.php\/najava-dogadaja-2\/item\/279575-u-tuzli-uskoro-sajam-knjige-program-ce-biti-posvecen-porodici\/#primaryimage"},"thumbnailUrl":"https:\/\/tuzlainfo.ba\/wp-content\/uploads\/2024\/10\/01010_sajam_knjige-1.jpg","keywords":["sajam knjige"],"articleSection":["Istaknuto","Najave i doga\u0111aji"],"inLanguage":"bs-BA"},{"@type":"WebPage","@id":"https:\/\/tuzlainfo.ba\/index.php\/najava-dogadaja-2\/item\/279575-u-tuzli-uskoro-sajam-knjige-program-ce-biti-posvecen-porodici\/","url":"https:\/\/tuzlainfo.ba\/index.php\/najava-dogadaja-2\/item\/279575-u-tuzli-uskoro-sajam-knjige-program-ce-biti-posvecen-porodici\/","name":"U Tuzli uskoro Sajam knjige, program \u0107e biti posve\u0107en porodici - TuzlaInfo.ba","isPartOf":{"@id":"https:\/\/tuzlainfo.ba\/#website"},"primaryImageOfPage":{"@id":"https:\/\/tuzlainfo.ba\/index.php\/najava-dogadaja-2\/item\/279575-u-tuzli-uskoro-sajam-knjige-program-ce-biti-posvecen-porodici\/#primaryimage"},"image":{"@id":"https:\/\/tuzlainfo.ba\/index.php\/najava-dogadaja-2\/item\/279575-u-tuzli-uskoro-sajam-knjige-program-ce-biti-posvecen-porodici\/#primaryimage"},"thumbnailUrl":"https:\/\/tuzlainfo.ba\/wp-content\/uploads\/2024\/10\/01010_sajam_knjige-1.jpg","datePublished":"2025-09-05T18:45:07+00:00","dateModified":"2025-09-05T18:48:07+00:00","breadcrumb":{"@id":"https:\/\/tuzlainfo.ba\/index.php\/najava-dogadaja-2\/item\/279575-u-tuzli-uskoro-sajam-knjige-program-ce-biti-posvecen-porodici\/#breadcrumb"},"inLanguage":"bs-BA","potentialAction":[{"@type":"ReadAction","target":["https:\/\/tuzlainfo.ba\/index.php\/najava-dogadaja-2\/item\/279575-u-tuzli-uskoro-sajam-knjige-program-ce-biti-posvecen-porodici\/"]}]},{"@type":"ImageObject","inLanguage":"bs-BA","@id":"https:\/\/tuzlainfo.ba\/index.php\/najava-dogadaja-2\/item\/279575-u-tuzli-uskoro-sajam-knjige-program-ce-biti-posvecen-porodici\/#primaryimage","url":"https:\/\/tuzlainfo.ba\/wp-content\/uploads\/2024\/10\/01010_sajam_knjige-1.jpg","contentUrl":"https:\/\/tuzlainfo.ba\/wp-content\/uploads\/2024\/10\/01010_sajam_knjige-1.jpg","width":1400,"height":1050},{"@type":"BreadcrumbList","@id":"https:\/\/tuzlainfo.ba\/index.php\/najava-dogadaja-2\/item\/279575-u-tuzli-uskoro-sajam-knjige-program-ce-biti-posvecen-porodici\/#breadcrumb","itemListElement":[{"@type":"ListItem","position":1,"name":"Home","item":"https:\/\/tuzlainfo.ba\/"},{"@type":"ListItem","position":2,"name":"U Tuzli uskoro Sajam knjige, program \u0107e biti posve\u0107en porodici"}]},{"@type":"WebSite","@id":"https:\/\/tuzlainfo.ba\/#website","url":"https:\/\/tuzlainfo.ba\/","name":"TuzlaInfo.ba","description":"Tuzla info, gradski informator - Tuzla na dlanu","publisher":{"@id":"https:\/\/tuzlainfo.ba\/#organization"},"potentialAction":[{"@type":"SearchAction","target":{"@type":"EntryPoint","urlTemplate":"https:\/\/tuzlainfo.ba\/?s={search_term_string}"},"query-input":{"@type":"PropertyValueSpecification","valueRequired":true,"valueName":"search_term_string"}}],"inLanguage":"bs-BA"},{"@type":"Organization","@id":"https:\/\/tuzlainfo.ba\/#organization","name":"TuzlaInfo.ba","url":"https:\/\/tuzlainfo.ba\/","logo":{"@type":"ImageObject","inLanguage":"bs-BA","@id":"https:\/\/tuzlainfo.ba\/#\/schema\/logo\/image\/","url":"https:\/\/tuzlainfo.ba\/wp-content\/uploads\/2021\/03\/logo-ver-3-1.png","contentUrl":"https:\/\/tuzlainfo.ba\/wp-content\/uploads\/2021\/03\/logo-ver-3-1.png","width":350,"height":95,"caption":"TuzlaInfo.ba"},"image":{"@id":"https:\/\/tuzlainfo.ba\/#\/schema\/logo\/image\/"},"sameAs":["https:\/\/www.facebook.com\/tuzlainfo.ba\/"]},{"@type":"Person","@id":"https:\/\/tuzlainfo.ba\/#\/schema\/person\/46cad4c57790cbc50781edd14870825a","name":"Tuzla Info","image":{"@type":"ImageObject","inLanguage":"bs-BA","@id":"https:\/\/tuzlainfo.ba\/#\/schema\/person\/image\/","url":"https:\/\/tuzlainfo.ba\/wp-content\/litespeed\/avatar\/b6c453a6c38e3654f2e4416c643fc25c.jpg?ver=1777051911","contentUrl":"https:\/\/tuzlainfo.ba\/wp-content\/litespeed\/avatar\/b6c453a6c38e3654f2e4416c643fc25c.jpg?ver=1777051911","caption":"Tuzla Info"}}]}},"_links":{"self":[{"href":"https:\/\/tuzlainfo.ba\/index.php\/wp-json\/wp\/v2\/posts\/279575"}],"collection":[{"href":"https:\/\/tuzlainfo.ba\/index.php\/wp-json\/wp\/v2\/posts"}],"about":[{"href":"https:\/\/tuzlainfo.ba\/index.php\/wp-json\/wp\/v2\/types\/post"}],"author":[{"embeddable":true,"href":"https:\/\/tuzlainfo.ba\/index.php\/wp-json\/wp\/v2\/users\/4"}],"replies":[{"embeddable":true,"href":"https:\/\/tuzlainfo.ba\/index.php\/wp-json\/wp\/v2\/comments?post=279575"}],"version-history":[{"count":1,"href":"https:\/\/tuzlainfo.ba\/index.php\/wp-json\/wp\/v2\/posts\/279575\/revisions"}],"predecessor-version":[{"id":279576,"href":"https:\/\/tuzlainfo.ba\/index.php\/wp-json\/wp\/v2\/posts\/279575\/revisions\/279576"}],"wp:featuredmedia":[{"embeddable":true,"href":"https:\/\/tuzlainfo.ba\/index.php\/wp-json\/wp\/v2\/media\/251250"}],"wp:attachment":[{"href":"https:\/\/tuzlainfo.ba\/index.php\/wp-json\/wp\/v2\/media?parent=279575"}],"wp:term":[{"taxonomy":"category","embeddable":true,"href":"https:\/\/tuzlainfo.ba\/index.php\/wp-json\/wp\/v2\/categories?post=279575"},{"taxonomy":"post_tag","embeddable":true,"href":"https:\/\/tuzlainfo.ba\/index.php\/wp-json\/wp\/v2\/tags?post=279575"}],"curies":[{"name":"wp","href":"https:\/\/api.w.org\/{rel}","templated":true}]}}