{"id":279444,"date":"2025-09-04T14:11:24","date_gmt":"2025-09-04T12:11:24","guid":{"rendered":"https:\/\/tuzlainfo.ba\/?p=279444"},"modified":"2025-09-04T13:13:03","modified_gmt":"2025-09-04T11:13:03","slug":"vijece-naroda-rs-bez-saglasnosti-o-vitalnom-interesu-odluka-ide-pred-ustavni-sud","status":"publish","type":"post","link":"https:\/\/tuzlainfo.ba\/index.php\/bosna-i-hercegovina\/item\/279444-vijece-naroda-rs-bez-saglasnosti-o-vitalnom-interesu-odluka-ide-pred-ustavni-sud\/","title":{"rendered":"Vije\u0107e naroda RS bez saglasnosti o vitalnom interesu, odluka ide pred Ustavni sud"},"content":{"rendered":"<p>Vije\u0107e naroda Republike Srpske na dana\u0161njoj sjednici nije postiglo saglasnost o pokretanju mehanizma za\u0161tite vitalnog nacionalnog interesa Kluba Bo\u0161njaka, koji je zatra\u017een zbog najavljenog referenduma i akata usvojenih na sjednici Narodne skup\u0161tine RS-a prije dvije sedmice.<\/p>\n<p>Kako procedura nala\u017ee, o izmjenama i dopunama Zakona o referendumu i gra\u0111anskoj inicijativi, te o Odluci o raspisivanju referenduma, sada \u0107e se izjasniti Zajedni\u010dka komisija NSRS-a i Vije\u0107a naroda, a kona\u010dnu rije\u010d imat \u0107e Ustavni sud RS-a.<\/p>\n<p>Predsjednik Kluba Bo\u0161njaka u Vije\u0107u naroda RS-a Alija Tabakovi\u0107 pojasnio je da su protiv inicijative Bo\u0161njaka bili klubovi Srba, Hrvata i Ostalih. On je istakao da je rije\u010d o antiustavnom zakonu i odluci.<br \/>\n\u201eNiko se ne mo\u017ee stavljati iznad presuda\u201c, rekao je Tabakovi\u0107, podsjetiv\u0161i da se ovim poku\u0161ava osporiti odluka Centralne izborne komisije BiH o oduzimanju mandata Miloradu Dodiku, donijeta nakon pravosna\u017ene presude Suda BiH kojom mu je zabranjeno obavljanje javnih funkcija u narednih \u0161est godina.<\/p>\n<p>Izmjenama Zakona o referendumu predvi\u0111eno je da referendum u RS-u mo\u017ee provesti komisija NSRS-a, odnosno ad hoc komisija, dok prate\u0107a odluka defini\u0161e datum odr\u017eavanja \u2013 25. oktobar. Gra\u0111anima bi bilo postavljeno pitanje: \u201eDa li prihvatate odluke neizabranog stranca Christiana Schmidta i presude neustavnog Suda BiH izre\u010dene protiv predsjednika RS-a, kao i odluku CIK-a o oduzimanju mandata predsjedniku RS-a Miloradu Dodiku\u201c.<\/p>\n","protected":false},"excerpt":{"rendered":"<p>Vije\u0107e naroda Republike Srpske na dana\u0161njoj sjednici nije postiglo saglasnost o pokretanju mehanizma za\u0161tite vitalnog&hellip;<\/p>\n","protected":false},"author":8,"featured_media":218295,"comment_status":"closed","ping_status":"closed","sticky":false,"template":"","format":"standard","meta":{"_acf_changed":false,"footnotes":""},"categories":[291],"tags":[1003,12597,12691],"acf":[],"yoast_head":"<!-- This site is optimized with the Yoast SEO plugin v23.5 - https:\/\/yoast.com\/wordpress\/plugins\/seo\/ -->\n<title>Vije\u0107e naroda RS bez saglasnosti o vitalnom interesu, odluka ide pred Ustavni sud - TuzlaInfo.ba<\/title>\n<meta name=\"robots\" content=\"index, follow, max-snippet:-1, max-image-preview:large, max-video-preview:-1\" \/>\n<link rel=\"canonical\" href=\"https:\/\/tuzlainfo.ba\/index.php\/bosna-i-hercegovina\/item\/279444-vijece-naroda-rs-bez-saglasnosti-o-vitalnom-interesu-odluka-ide-pred-ustavni-sud\/\" \/>\n<meta property=\"og:locale\" content=\"bs_BA\" \/>\n<meta property=\"og:type\" content=\"article\" \/>\n<meta property=\"og:title\" content=\"Vije\u0107e naroda RS bez saglasnosti o vitalnom interesu, odluka ide pred Ustavni sud - TuzlaInfo.ba\" \/>\n<meta property=\"og:description\" content=\"Vije\u0107e naroda Republike Srpske na dana\u0161njoj sjednici nije postiglo saglasnost o pokretanju mehanizma za\u0161tite vitalnog&hellip;\" \/>\n<meta property=\"og:url\" content=\"https:\/\/tuzlainfo.ba\/index.php\/bosna-i-hercegovina\/item\/279444-vijece-naroda-rs-bez-saglasnosti-o-vitalnom-interesu-odluka-ide-pred-ustavni-sud\/\" \/>\n<meta property=\"og:site_name\" content=\"TuzlaInfo.ba\" \/>\n<meta property=\"article:publisher\" content=\"https:\/\/www.facebook.com\/tuzlainfo.ba\/\" \/>\n<meta property=\"article:published_time\" content=\"2025-09-04T12:11:24+00:00\" \/>\n<meta property=\"article:modified_time\" content=\"2025-09-04T11:13:03+00:00\" \/>\n<meta property=\"og:image\" content=\"https:\/\/tuzlainfo.ba\/wp-content\/uploads\/2023\/09\/2909_nsrs.webp\" \/>\n\t<meta property=\"og:image:width\" content=\"871\" \/>\n\t<meta property=\"og:image:height\" content=\"540\" \/>\n\t<meta property=\"og:image:type\" content=\"image\/webp\" \/>\n<meta name=\"author\" content=\"Admin Tri\" \/>\n<meta name=\"twitter:card\" content=\"summary_large_image\" \/>\n<meta name=\"twitter:label1\" content=\"Written by\" \/>\n\t<meta name=\"twitter:data1\" content=\"Admin Tri\" \/>\n\t<meta name=\"twitter:label2\" content=\"Est. reading time\" \/>\n\t<meta name=\"twitter:data2\" content=\"2 minute\" \/>\n<script type=\"application\/ld+json\" class=\"yoast-schema-graph\">{\"@context\":\"https:\/\/schema.org\",\"@graph\":[{\"@type\":\"Article\",\"@id\":\"https:\/\/tuzlainfo.ba\/index.php\/bosna-i-hercegovina\/item\/279444-vijece-naroda-rs-bez-saglasnosti-o-vitalnom-interesu-odluka-ide-pred-ustavni-sud\/#article\",\"isPartOf\":{\"@id\":\"https:\/\/tuzlainfo.ba\/index.php\/bosna-i-hercegovina\/item\/279444-vijece-naroda-rs-bez-saglasnosti-o-vitalnom-interesu-odluka-ide-pred-ustavni-sud\/\"},\"author\":{\"name\":\"Admin Tri\",\"@id\":\"https:\/\/tuzlainfo.ba\/#\/schema\/person\/593e78a2f6378c5ba3e7600ecfa4e63a\"},\"headline\":\"Vije\u0107e naroda RS bez saglasnosti o vitalnom interesu, odluka ide pred Ustavni sud\",\"datePublished\":\"2025-09-04T12:11:24+00:00\",\"dateModified\":\"2025-09-04T11:13:03+00:00\",\"mainEntityOfPage\":{\"@id\":\"https:\/\/tuzlainfo.ba\/index.php\/bosna-i-hercegovina\/item\/279444-vijece-naroda-rs-bez-saglasnosti-o-vitalnom-interesu-odluka-ide-pred-ustavni-sud\/\"},\"wordCount\":246,\"publisher\":{\"@id\":\"https:\/\/tuzlainfo.ba\/#organization\"},\"image\":{\"@id\":\"https:\/\/tuzlainfo.ba\/index.php\/bosna-i-hercegovina\/item\/279444-vijece-naroda-rs-bez-saglasnosti-o-vitalnom-interesu-odluka-ide-pred-ustavni-sud\/#primaryimage\"},\"thumbnailUrl\":\"https:\/\/tuzlainfo.ba\/wp-content\/uploads\/2023\/09\/2909_nsrs.webp\",\"keywords\":[\"NSRS\",\"referendum\",\"vitalni interes\"],\"articleSection\":[\"Bosna i Hercegovina\"],\"inLanguage\":\"bs-BA\"},{\"@type\":\"WebPage\",\"@id\":\"https:\/\/tuzlainfo.ba\/index.php\/bosna-i-hercegovina\/item\/279444-vijece-naroda-rs-bez-saglasnosti-o-vitalnom-interesu-odluka-ide-pred-ustavni-sud\/\",\"url\":\"https:\/\/tuzlainfo.ba\/index.php\/bosna-i-hercegovina\/item\/279444-vijece-naroda-rs-bez-saglasnosti-o-vitalnom-interesu-odluka-ide-pred-ustavni-sud\/\",\"name\":\"Vije\u0107e naroda RS bez saglasnosti o vitalnom interesu, odluka ide pred Ustavni sud - TuzlaInfo.ba\",\"isPartOf\":{\"@id\":\"https:\/\/tuzlainfo.ba\/#website\"},\"primaryImageOfPage\":{\"@id\":\"https:\/\/tuzlainfo.ba\/index.php\/bosna-i-hercegovina\/item\/279444-vijece-naroda-rs-bez-saglasnosti-o-vitalnom-interesu-odluka-ide-pred-ustavni-sud\/#primaryimage\"},\"image\":{\"@id\":\"https:\/\/tuzlainfo.ba\/index.php\/bosna-i-hercegovina\/item\/279444-vijece-naroda-rs-bez-saglasnosti-o-vitalnom-interesu-odluka-ide-pred-ustavni-sud\/#primaryimage\"},\"thumbnailUrl\":\"https:\/\/tuzlainfo.ba\/wp-content\/uploads\/2023\/09\/2909_nsrs.webp\",\"datePublished\":\"2025-09-04T12:11:24+00:00\",\"dateModified\":\"2025-09-04T11:13:03+00:00\",\"breadcrumb\":{\"@id\":\"https:\/\/tuzlainfo.ba\/index.php\/bosna-i-hercegovina\/item\/279444-vijece-naroda-rs-bez-saglasnosti-o-vitalnom-interesu-odluka-ide-pred-ustavni-sud\/#breadcrumb\"},\"inLanguage\":\"bs-BA\",\"potentialAction\":[{\"@type\":\"ReadAction\",\"target\":[\"https:\/\/tuzlainfo.ba\/index.php\/bosna-i-hercegovina\/item\/279444-vijece-naroda-rs-bez-saglasnosti-o-vitalnom-interesu-odluka-ide-pred-ustavni-sud\/\"]}]},{\"@type\":\"ImageObject\",\"inLanguage\":\"bs-BA\",\"@id\":\"https:\/\/tuzlainfo.ba\/index.php\/bosna-i-hercegovina\/item\/279444-vijece-naroda-rs-bez-saglasnosti-o-vitalnom-interesu-odluka-ide-pred-ustavni-sud\/#primaryimage\",\"url\":\"https:\/\/tuzlainfo.ba\/wp-content\/uploads\/2023\/09\/2909_nsrs.webp\",\"contentUrl\":\"https:\/\/tuzlainfo.ba\/wp-content\/uploads\/2023\/09\/2909_nsrs.webp\",\"width\":871,\"height\":540},{\"@type\":\"BreadcrumbList\",\"@id\":\"https:\/\/tuzlainfo.ba\/index.php\/bosna-i-hercegovina\/item\/279444-vijece-naroda-rs-bez-saglasnosti-o-vitalnom-interesu-odluka-ide-pred-ustavni-sud\/#breadcrumb\",\"itemListElement\":[{\"@type\":\"ListItem\",\"position\":1,\"name\":\"Home\",\"item\":\"https:\/\/tuzlainfo.ba\/\"},{\"@type\":\"ListItem\",\"position\":2,\"name\":\"Vije\u0107e naroda RS bez saglasnosti o vitalnom interesu, odluka ide pred Ustavni sud\"}]},{\"@type\":\"WebSite\",\"@id\":\"https:\/\/tuzlainfo.ba\/#website\",\"url\":\"https:\/\/tuzlainfo.ba\/\",\"name\":\"TuzlaInfo.ba\",\"description\":\"Tuzla info, gradski informator - Tuzla na dlanu\",\"publisher\":{\"@id\":\"https:\/\/tuzlainfo.ba\/#organization\"},\"potentialAction\":[{\"@type\":\"SearchAction\",\"target\":{\"@type\":\"EntryPoint\",\"urlTemplate\":\"https:\/\/tuzlainfo.ba\/?s={search_term_string}\"},\"query-input\":{\"@type\":\"PropertyValueSpecification\",\"valueRequired\":true,\"valueName\":\"search_term_string\"}}],\"inLanguage\":\"bs-BA\"},{\"@type\":\"Organization\",\"@id\":\"https:\/\/tuzlainfo.ba\/#organization\",\"name\":\"TuzlaInfo.ba\",\"url\":\"https:\/\/tuzlainfo.ba\/\",\"logo\":{\"@type\":\"ImageObject\",\"inLanguage\":\"bs-BA\",\"@id\":\"https:\/\/tuzlainfo.ba\/#\/schema\/logo\/image\/\",\"url\":\"https:\/\/tuzlainfo.ba\/wp-content\/uploads\/2021\/03\/logo-ver-3-1.png\",\"contentUrl\":\"https:\/\/tuzlainfo.ba\/wp-content\/uploads\/2021\/03\/logo-ver-3-1.png\",\"width\":350,\"height\":95,\"caption\":\"TuzlaInfo.ba\"},\"image\":{\"@id\":\"https:\/\/tuzlainfo.ba\/#\/schema\/logo\/image\/\"},\"sameAs\":[\"https:\/\/www.facebook.com\/tuzlainfo.ba\/\"]},{\"@type\":\"Person\",\"@id\":\"https:\/\/tuzlainfo.ba\/#\/schema\/person\/593e78a2f6378c5ba3e7600ecfa4e63a\",\"name\":\"Admin Tri\",\"image\":{\"@type\":\"ImageObject\",\"inLanguage\":\"bs-BA\",\"@id\":\"https:\/\/tuzlainfo.ba\/#\/schema\/person\/image\/\",\"url\":\"https:\/\/tuzlainfo.ba\/wp-content\/litespeed\/avatar\/b7920db4cc34a71ad12497283ad2fe3f.jpg?ver=1777100914\",\"contentUrl\":\"https:\/\/tuzlainfo.ba\/wp-content\/litespeed\/avatar\/b7920db4cc34a71ad12497283ad2fe3f.jpg?ver=1777100914\",\"caption\":\"Admin Tri\"},\"sameAs\":[\"https:\/\/tuzlainfo.ba\"]}]}<\/script>\n<!-- \/ Yoast SEO plugin. -->","yoast_head_json":{"title":"Vije\u0107e naroda RS bez saglasnosti o vitalnom interesu, odluka ide pred Ustavni sud - TuzlaInfo.ba","robots":{"index":"index","follow":"follow","max-snippet":"max-snippet:-1","max-image-preview":"max-image-preview:large","max-video-preview":"max-video-preview:-1"},"canonical":"https:\/\/tuzlainfo.ba\/index.php\/bosna-i-hercegovina\/item\/279444-vijece-naroda-rs-bez-saglasnosti-o-vitalnom-interesu-odluka-ide-pred-ustavni-sud\/","og_locale":"bs_BA","og_type":"article","og_title":"Vije\u0107e naroda RS bez saglasnosti o vitalnom interesu, odluka ide pred Ustavni sud - TuzlaInfo.ba","og_description":"Vije\u0107e naroda Republike Srpske na dana\u0161njoj sjednici nije postiglo saglasnost o pokretanju mehanizma za\u0161tite vitalnog&hellip;","og_url":"https:\/\/tuzlainfo.ba\/index.php\/bosna-i-hercegovina\/item\/279444-vijece-naroda-rs-bez-saglasnosti-o-vitalnom-interesu-odluka-ide-pred-ustavni-sud\/","og_site_name":"TuzlaInfo.ba","article_publisher":"https:\/\/www.facebook.com\/tuzlainfo.ba\/","article_published_time":"2025-09-04T12:11:24+00:00","article_modified_time":"2025-09-04T11:13:03+00:00","og_image":[{"width":871,"height":540,"url":"https:\/\/tuzlainfo.ba\/wp-content\/uploads\/2023\/09\/2909_nsrs.webp","type":"image\/webp"}],"author":"Admin Tri","twitter_card":"summary_large_image","twitter_misc":{"Written by":"Admin Tri","Est. reading time":"2 minute"},"schema":{"@context":"https:\/\/schema.org","@graph":[{"@type":"Article","@id":"https:\/\/tuzlainfo.ba\/index.php\/bosna-i-hercegovina\/item\/279444-vijece-naroda-rs-bez-saglasnosti-o-vitalnom-interesu-odluka-ide-pred-ustavni-sud\/#article","isPartOf":{"@id":"https:\/\/tuzlainfo.ba\/index.php\/bosna-i-hercegovina\/item\/279444-vijece-naroda-rs-bez-saglasnosti-o-vitalnom-interesu-odluka-ide-pred-ustavni-sud\/"},"author":{"name":"Admin Tri","@id":"https:\/\/tuzlainfo.ba\/#\/schema\/person\/593e78a2f6378c5ba3e7600ecfa4e63a"},"headline":"Vije\u0107e naroda RS bez saglasnosti o vitalnom interesu, odluka ide pred Ustavni sud","datePublished":"2025-09-04T12:11:24+00:00","dateModified":"2025-09-04T11:13:03+00:00","mainEntityOfPage":{"@id":"https:\/\/tuzlainfo.ba\/index.php\/bosna-i-hercegovina\/item\/279444-vijece-naroda-rs-bez-saglasnosti-o-vitalnom-interesu-odluka-ide-pred-ustavni-sud\/"},"wordCount":246,"publisher":{"@id":"https:\/\/tuzlainfo.ba\/#organization"},"image":{"@id":"https:\/\/tuzlainfo.ba\/index.php\/bosna-i-hercegovina\/item\/279444-vijece-naroda-rs-bez-saglasnosti-o-vitalnom-interesu-odluka-ide-pred-ustavni-sud\/#primaryimage"},"thumbnailUrl":"https:\/\/tuzlainfo.ba\/wp-content\/uploads\/2023\/09\/2909_nsrs.webp","keywords":["NSRS","referendum","vitalni interes"],"articleSection":["Bosna i Hercegovina"],"inLanguage":"bs-BA"},{"@type":"WebPage","@id":"https:\/\/tuzlainfo.ba\/index.php\/bosna-i-hercegovina\/item\/279444-vijece-naroda-rs-bez-saglasnosti-o-vitalnom-interesu-odluka-ide-pred-ustavni-sud\/","url":"https:\/\/tuzlainfo.ba\/index.php\/bosna-i-hercegovina\/item\/279444-vijece-naroda-rs-bez-saglasnosti-o-vitalnom-interesu-odluka-ide-pred-ustavni-sud\/","name":"Vije\u0107e naroda RS bez saglasnosti o vitalnom interesu, odluka ide pred Ustavni sud - TuzlaInfo.ba","isPartOf":{"@id":"https:\/\/tuzlainfo.ba\/#website"},"primaryImageOfPage":{"@id":"https:\/\/tuzlainfo.ba\/index.php\/bosna-i-hercegovina\/item\/279444-vijece-naroda-rs-bez-saglasnosti-o-vitalnom-interesu-odluka-ide-pred-ustavni-sud\/#primaryimage"},"image":{"@id":"https:\/\/tuzlainfo.ba\/index.php\/bosna-i-hercegovina\/item\/279444-vijece-naroda-rs-bez-saglasnosti-o-vitalnom-interesu-odluka-ide-pred-ustavni-sud\/#primaryimage"},"thumbnailUrl":"https:\/\/tuzlainfo.ba\/wp-content\/uploads\/2023\/09\/2909_nsrs.webp","datePublished":"2025-09-04T12:11:24+00:00","dateModified":"2025-09-04T11:13:03+00:00","breadcrumb":{"@id":"https:\/\/tuzlainfo.ba\/index.php\/bosna-i-hercegovina\/item\/279444-vijece-naroda-rs-bez-saglasnosti-o-vitalnom-interesu-odluka-ide-pred-ustavni-sud\/#breadcrumb"},"inLanguage":"bs-BA","potentialAction":[{"@type":"ReadAction","target":["https:\/\/tuzlainfo.ba\/index.php\/bosna-i-hercegovina\/item\/279444-vijece-naroda-rs-bez-saglasnosti-o-vitalnom-interesu-odluka-ide-pred-ustavni-sud\/"]}]},{"@type":"ImageObject","inLanguage":"bs-BA","@id":"https:\/\/tuzlainfo.ba\/index.php\/bosna-i-hercegovina\/item\/279444-vijece-naroda-rs-bez-saglasnosti-o-vitalnom-interesu-odluka-ide-pred-ustavni-sud\/#primaryimage","url":"https:\/\/tuzlainfo.ba\/wp-content\/uploads\/2023\/09\/2909_nsrs.webp","contentUrl":"https:\/\/tuzlainfo.ba\/wp-content\/uploads\/2023\/09\/2909_nsrs.webp","width":871,"height":540},{"@type":"BreadcrumbList","@id":"https:\/\/tuzlainfo.ba\/index.php\/bosna-i-hercegovina\/item\/279444-vijece-naroda-rs-bez-saglasnosti-o-vitalnom-interesu-odluka-ide-pred-ustavni-sud\/#breadcrumb","itemListElement":[{"@type":"ListItem","position":1,"name":"Home","item":"https:\/\/tuzlainfo.ba\/"},{"@type":"ListItem","position":2,"name":"Vije\u0107e naroda RS bez saglasnosti o vitalnom interesu, odluka ide pred Ustavni sud"}]},{"@type":"WebSite","@id":"https:\/\/tuzlainfo.ba\/#website","url":"https:\/\/tuzlainfo.ba\/","name":"TuzlaInfo.ba","description":"Tuzla info, gradski informator - Tuzla na dlanu","publisher":{"@id":"https:\/\/tuzlainfo.ba\/#organization"},"potentialAction":[{"@type":"SearchAction","target":{"@type":"EntryPoint","urlTemplate":"https:\/\/tuzlainfo.ba\/?s={search_term_string}"},"query-input":{"@type":"PropertyValueSpecification","valueRequired":true,"valueName":"search_term_string"}}],"inLanguage":"bs-BA"},{"@type":"Organization","@id":"https:\/\/tuzlainfo.ba\/#organization","name":"TuzlaInfo.ba","url":"https:\/\/tuzlainfo.ba\/","logo":{"@type":"ImageObject","inLanguage":"bs-BA","@id":"https:\/\/tuzlainfo.ba\/#\/schema\/logo\/image\/","url":"https:\/\/tuzlainfo.ba\/wp-content\/uploads\/2021\/03\/logo-ver-3-1.png","contentUrl":"https:\/\/tuzlainfo.ba\/wp-content\/uploads\/2021\/03\/logo-ver-3-1.png","width":350,"height":95,"caption":"TuzlaInfo.ba"},"image":{"@id":"https:\/\/tuzlainfo.ba\/#\/schema\/logo\/image\/"},"sameAs":["https:\/\/www.facebook.com\/tuzlainfo.ba\/"]},{"@type":"Person","@id":"https:\/\/tuzlainfo.ba\/#\/schema\/person\/593e78a2f6378c5ba3e7600ecfa4e63a","name":"Admin Tri","image":{"@type":"ImageObject","inLanguage":"bs-BA","@id":"https:\/\/tuzlainfo.ba\/#\/schema\/person\/image\/","url":"https:\/\/tuzlainfo.ba\/wp-content\/litespeed\/avatar\/b7920db4cc34a71ad12497283ad2fe3f.jpg?ver=1777100914","contentUrl":"https:\/\/tuzlainfo.ba\/wp-content\/litespeed\/avatar\/b7920db4cc34a71ad12497283ad2fe3f.jpg?ver=1777100914","caption":"Admin Tri"},"sameAs":["https:\/\/tuzlainfo.ba"]}]}},"_links":{"self":[{"href":"https:\/\/tuzlainfo.ba\/index.php\/wp-json\/wp\/v2\/posts\/279444"}],"collection":[{"href":"https:\/\/tuzlainfo.ba\/index.php\/wp-json\/wp\/v2\/posts"}],"about":[{"href":"https:\/\/tuzlainfo.ba\/index.php\/wp-json\/wp\/v2\/types\/post"}],"author":[{"embeddable":true,"href":"https:\/\/tuzlainfo.ba\/index.php\/wp-json\/wp\/v2\/users\/8"}],"replies":[{"embeddable":true,"href":"https:\/\/tuzlainfo.ba\/index.php\/wp-json\/wp\/v2\/comments?post=279444"}],"version-history":[{"count":1,"href":"https:\/\/tuzlainfo.ba\/index.php\/wp-json\/wp\/v2\/posts\/279444\/revisions"}],"predecessor-version":[{"id":279445,"href":"https:\/\/tuzlainfo.ba\/index.php\/wp-json\/wp\/v2\/posts\/279444\/revisions\/279445"}],"wp:featuredmedia":[{"embeddable":true,"href":"https:\/\/tuzlainfo.ba\/index.php\/wp-json\/wp\/v2\/media\/218295"}],"wp:attachment":[{"href":"https:\/\/tuzlainfo.ba\/index.php\/wp-json\/wp\/v2\/media?parent=279444"}],"wp:term":[{"taxonomy":"category","embeddable":true,"href":"https:\/\/tuzlainfo.ba\/index.php\/wp-json\/wp\/v2\/categories?post=279444"},{"taxonomy":"post_tag","embeddable":true,"href":"https:\/\/tuzlainfo.ba\/index.php\/wp-json\/wp\/v2\/tags?post=279444"}],"curies":[{"name":"wp","href":"https:\/\/api.w.org\/{rel}","templated":true}]}}