{"id":278886,"date":"2025-08-31T21:44:50","date_gmt":"2025-08-31T19:44:50","guid":{"rendered":"https:\/\/tuzlainfo.ba\/?p=278886"},"modified":"2025-08-31T21:19:56","modified_gmt":"2025-08-31T19:19:56","slug":"uskoro-vece-penzije-za-dio-penzionera-u-bih","status":"publish","type":"post","link":"https:\/\/tuzlainfo.ba\/index.php\/bosna-i-hercegovina\/item\/278886-uskoro-vece-penzije-za-dio-penzionera-u-bih\/","title":{"rendered":"Uskoro ve\u0107e penzije za dio penzionera u BiH"},"content":{"rendered":"<p>Ako Upravno vije\u0107e Hrvatskog zavoda za penzijsko osiguranje usvoji prijedlog da uskla\u0111ivanje penzija iznosi 6,46 posto, to \u0107e zna\u010diti i osjetno pove\u0107anje za veliki broj penzionera u Bosni i Hercegovini koji primaju penziju iz Hrvatske.<\/p>\n<p>Primjera radi, penzija od 300 eura porast \u0107e za 19,39 eura, \u0161to je oko 38 KM vi\u0161e mjese\u010dno. Penzija od 400 eura pove\u0107ava se na 425 eura, odnosno skoro 49 KM vi\u0161e. Oni koji primaju 500 eura dobit \u0107e pove\u0107anje na 532 eura (+62 KM), a penzija od 600 eura raste na 638 eura (+74 KM).<\/p>\n<p>Za ve\u0107e iznose pove\u0107anje je jo\u0161 zna\u010dajnije: penzija od 800 eura bit \u0107e vi\u0161a za oko 100 KM, dok \u0107e penzioneri sa penzijom od 1000 eura ubudu\u0107e dobijati oko 2.088 KM, \u0161to je pove\u0107anje od 127 KM.<\/p>\n<p>Kona\u010dnu odluku o stopi uskla\u0111ivanja Upravno vije\u0107e HZMO-a donijet \u0107e do kraja augusta. Prema ranijim procjenama, pove\u0107anje \u0107e iznositi pribli\u017eno 6,5 posto, a uve\u0107ane penzije penzionerima \u0107e biti ispla\u0107ene u septembru, zajedno s razlikom za juli i august.<\/p>\n<p>Najvi\u0161e korisnika u BiH<\/p>\n<p>Prema slu\u017ebenim podacima, Hrvatska najvi\u0161e inostranih penzija ispla\u0107uje upravo u Bosnu i Hercegovinu i Srbiju \u2013 ukupno oko 129.000 korisnika. Od toga, samo u BiH \u017eivi vi\u0161e od 67.000 penzionera koji primaju hrvatsku penziju, u ukupnom godi\u0161njem iznosu ve\u0107em od 192 miliona eura (oko 374 miliona KM).<\/p>\n<p>To zna\u010di da \u0107e najavljeno pove\u0107anje biti posebno zna\u010dajno za penzionere iz BiH,, \u0161to je va\u017eno u vremenu stalnog rasta tro\u0161kova \u017eivota.<\/p>\n","protected":false},"excerpt":{"rendered":"<p>Ako Upravno vije\u0107e Hrvatskog zavoda za penzijsko osiguranje usvoji prijedlog da uskla\u0111ivanje penzija iznosi 6,46 posto, to \u0107e zna\u010diti i osjetno pove\u0107anje za veliki broj penzionera u Bosni i Hercegovini koji primaju penziju iz Hrvatske. Primjera radi, penzija od 300 eura porast \u0107e za 19,39 eura, \u0161to je oko 38 KM vi\u0161e mjese\u010dno. Penzija od [&hellip;]<\/p>\n","protected":false},"author":4,"featured_media":142165,"comment_status":"closed","ping_status":"closed","sticky":false,"template":"","format":"standard","meta":{"footnotes":""},"categories":[291,304],"tags":[359,1657,5593],"class_list":["post-278886","post","type-post","status-publish","format-standard","has-post-thumbnail","hentry","category-bosna-i-hercegovina","category-istaknuto","tag-hrvatska","tag-penzije","tag-povecanje-penzija"],"yoast_head":"<!-- This site is optimized with the Yoast SEO plugin v28.4 - https:\/\/yoast.com\/product\/yoast-seo-wordpress\/ -->\n<title>Uskoro ve\u0107e penzije za dio penzionera u BiH<\/title>\n<meta name=\"robots\" content=\"index, follow, max-snippet:-1, max-image-preview:large, max-video-preview:-1\" \/>\n<link rel=\"canonical\" href=\"https:\/\/tuzlainfo.ba\/index.php\/bosna-i-hercegovina\/item\/278886-uskoro-vece-penzije-za-dio-penzionera-u-bih\/\" \/>\n<meta property=\"og:locale\" content=\"bs_BA\" \/>\n<meta property=\"og:type\" content=\"article\" \/>\n<meta property=\"og:title\" content=\"Uskoro ve\u0107e penzije za dio penzionera u BiH\" \/>\n<meta property=\"og:description\" content=\"Ako Upravno vije\u0107e Hrvatskog zavoda za penzijsko osiguranje usvoji prijedlog da uskla\u0111ivanje penzija iznosi 6,46 posto, to \u0107e zna\u010diti i osjetno pove\u0107anje za veliki broj penzionera u Bosni i Hercegovini koji primaju penziju iz Hrvatske. Primjera radi, penzija od 300 eura porast \u0107e za 19,39 eura, \u0161to je oko 38 KM vi\u0161e mjese\u010dno. Penzija od [&hellip;]\" \/>\n<meta property=\"og:url\" content=\"https:\/\/tuzlainfo.ba\/index.php\/bosna-i-hercegovina\/item\/278886-uskoro-vece-penzije-za-dio-penzionera-u-bih\/\" \/>\n<meta property=\"og:site_name\" content=\"TuzlaInfo.ba\" \/>\n<meta property=\"article:publisher\" content=\"https:\/\/www.facebook.com\/tuzlainfo.ba\/\" \/>\n<meta property=\"article:published_time\" content=\"2025-08-31T19:44:50+00:00\" \/>\n<meta property=\"og:image\" content=\"https:\/\/tuzlainfo.ba\/wp-content\/uploads\/2021\/07\/1607_Penzioneri.jpg\" \/>\n\t<meta property=\"og:image:width\" content=\"900\" \/>\n\t<meta property=\"og:image:height\" content=\"584\" \/>\n\t<meta property=\"og:image:type\" content=\"image\/jpeg\" \/>\n<meta name=\"author\" content=\"Tuzla Info\" \/>\n<meta name=\"twitter:card\" content=\"summary_large_image\" \/>\n<meta name=\"twitter:label1\" content=\"Written by\" \/>\n\t<meta name=\"twitter:data1\" content=\"Tuzla Info\" \/>\n\t<meta name=\"twitter:label2\" content=\"Est. reading time\" \/>\n\t<meta name=\"twitter:data2\" content=\"2 minute\" \/>\n<script type=\"application\/ld+json\" class=\"yoast-schema-graph\">{\"@context\":\"https:\\\/\\\/schema.org\",\"@graph\":[{\"@type\":\"Article\",\"@id\":\"https:\\\/\\\/tuzlainfo.ba\\\/index.php\\\/bosna-i-hercegovina\\\/item\\\/278886-uskoro-vece-penzije-za-dio-penzionera-u-bih\\\/#article\",\"isPartOf\":{\"@id\":\"https:\\\/\\\/tuzlainfo.ba\\\/index.php\\\/bosna-i-hercegovina\\\/item\\\/278886-uskoro-vece-penzije-za-dio-penzionera-u-bih\\\/\"},\"author\":{\"name\":\"Tuzla Info\",\"@id\":\"https:\\\/\\\/tuzlainfo.ba\\\/#\\\/schema\\\/person\\\/46cad4c57790cbc50781edd14870825a\"},\"headline\":\"Uskoro ve\u0107e penzije za dio penzionera u BiH\",\"datePublished\":\"2025-08-31T19:44:50+00:00\",\"mainEntityOfPage\":{\"@id\":\"https:\\\/\\\/tuzlainfo.ba\\\/index.php\\\/bosna-i-hercegovina\\\/item\\\/278886-uskoro-vece-penzije-za-dio-penzionera-u-bih\\\/\"},\"wordCount\":258,\"publisher\":{\"@id\":\"https:\\\/\\\/tuzlainfo.ba\\\/#organization\"},\"image\":{\"@id\":\"https:\\\/\\\/tuzlainfo.ba\\\/index.php\\\/bosna-i-hercegovina\\\/item\\\/278886-uskoro-vece-penzije-za-dio-penzionera-u-bih\\\/#primaryimage\"},\"thumbnailUrl\":\"https:\\\/\\\/tuzlainfo.ba\\\/wp-content\\\/uploads\\\/2021\\\/07\\\/1607_Penzioneri.jpg\",\"keywords\":[\"hrvatska\",\"penzije\",\"povecanje penzija\"],\"articleSection\":[\"Bosna i Hercegovina\",\"Istaknuto\"],\"inLanguage\":\"bs-BA\",\"copyrightYear\":\"2025\",\"copyrightHolder\":{\"@id\":\"https:\\\/\\\/tuzlainfo.ba\\\/#organization\"}},{\"@type\":\"WebPage\",\"@id\":\"https:\\\/\\\/tuzlainfo.ba\\\/index.php\\\/bosna-i-hercegovina\\\/item\\\/278886-uskoro-vece-penzije-za-dio-penzionera-u-bih\\\/\",\"url\":\"https:\\\/\\\/tuzlainfo.ba\\\/index.php\\\/bosna-i-hercegovina\\\/item\\\/278886-uskoro-vece-penzije-za-dio-penzionera-u-bih\\\/\",\"name\":\"Uskoro ve\u0107e penzije za dio penzionera u BiH\",\"isPartOf\":{\"@id\":\"https:\\\/\\\/tuzlainfo.ba\\\/#website\"},\"primaryImageOfPage\":{\"@id\":\"https:\\\/\\\/tuzlainfo.ba\\\/index.php\\\/bosna-i-hercegovina\\\/item\\\/278886-uskoro-vece-penzije-za-dio-penzionera-u-bih\\\/#primaryimage\"},\"image\":{\"@id\":\"https:\\\/\\\/tuzlainfo.ba\\\/index.php\\\/bosna-i-hercegovina\\\/item\\\/278886-uskoro-vece-penzije-za-dio-penzionera-u-bih\\\/#primaryimage\"},\"thumbnailUrl\":\"https:\\\/\\\/tuzlainfo.ba\\\/wp-content\\\/uploads\\\/2021\\\/07\\\/1607_Penzioneri.jpg\",\"datePublished\":\"2025-08-31T19:44:50+00:00\",\"breadcrumb\":{\"@id\":\"https:\\\/\\\/tuzlainfo.ba\\\/index.php\\\/bosna-i-hercegovina\\\/item\\\/278886-uskoro-vece-penzije-za-dio-penzionera-u-bih\\\/#breadcrumb\"},\"inLanguage\":\"bs-BA\",\"potentialAction\":[{\"@type\":\"ReadAction\",\"target\":[\"https:\\\/\\\/tuzlainfo.ba\\\/index.php\\\/bosna-i-hercegovina\\\/item\\\/278886-uskoro-vece-penzije-za-dio-penzionera-u-bih\\\/\"]}]},{\"@type\":\"ImageObject\",\"inLanguage\":\"bs-BA\",\"@id\":\"https:\\\/\\\/tuzlainfo.ba\\\/index.php\\\/bosna-i-hercegovina\\\/item\\\/278886-uskoro-vece-penzije-za-dio-penzionera-u-bih\\\/#primaryimage\",\"url\":\"https:\\\/\\\/tuzlainfo.ba\\\/wp-content\\\/uploads\\\/2021\\\/07\\\/1607_Penzioneri.jpg\",\"contentUrl\":\"https:\\\/\\\/tuzlainfo.ba\\\/wp-content\\\/uploads\\\/2021\\\/07\\\/1607_Penzioneri.jpg\",\"width\":900,\"height\":584},{\"@type\":\"BreadcrumbList\",\"@id\":\"https:\\\/\\\/tuzlainfo.ba\\\/index.php\\\/bosna-i-hercegovina\\\/item\\\/278886-uskoro-vece-penzije-za-dio-penzionera-u-bih\\\/#breadcrumb\",\"itemListElement\":[{\"@type\":\"ListItem\",\"position\":1,\"name\":\"Home\",\"item\":\"https:\\\/\\\/tuzlainfo.ba\\\/\"},{\"@type\":\"ListItem\",\"position\":2,\"name\":\"Uskoro ve\u0107e penzije za dio penzionera u BiH\"}]},{\"@type\":\"WebSite\",\"@id\":\"https:\\\/\\\/tuzlainfo.ba\\\/#website\",\"url\":\"https:\\\/\\\/tuzlainfo.ba\\\/\",\"name\":\"TuzlaInfo.ba\",\"description\":\"Tuzla info, gradski informator - Tuzla na dlanu\",\"publisher\":{\"@id\":\"https:\\\/\\\/tuzlainfo.ba\\\/#organization\"},\"potentialAction\":[{\"@type\":\"SearchAction\",\"target\":{\"@type\":\"EntryPoint\",\"urlTemplate\":\"https:\\\/\\\/tuzlainfo.ba\\\/?s={search_term_string}\"},\"query-input\":{\"@type\":\"PropertyValueSpecification\",\"valueRequired\":true,\"valueName\":\"search_term_string\"}}],\"inLanguage\":\"bs-BA\"},{\"@type\":\"Organization\",\"@id\":\"https:\\\/\\\/tuzlainfo.ba\\\/#organization\",\"name\":\"TuzlaInfo.ba\",\"url\":\"https:\\\/\\\/tuzlainfo.ba\\\/\",\"logo\":{\"@type\":\"ImageObject\",\"inLanguage\":\"bs-BA\",\"@id\":\"https:\\\/\\\/tuzlainfo.ba\\\/#\\\/schema\\\/logo\\\/image\\\/\",\"url\":\"https:\\\/\\\/tuzlainfo.ba\\\/wp-content\\\/uploads\\\/2021\\\/03\\\/logo-ver-3-1.png\",\"contentUrl\":\"https:\\\/\\\/tuzlainfo.ba\\\/wp-content\\\/uploads\\\/2021\\\/03\\\/logo-ver-3-1.png\",\"width\":350,\"height\":95,\"caption\":\"TuzlaInfo.ba\"},\"image\":{\"@id\":\"https:\\\/\\\/tuzlainfo.ba\\\/#\\\/schema\\\/logo\\\/image\\\/\"},\"sameAs\":[\"https:\\\/\\\/www.facebook.com\\\/tuzlainfo.ba\\\/\"]},{\"@type\":\"Person\",\"@id\":\"https:\\\/\\\/tuzlainfo.ba\\\/#\\\/schema\\\/person\\\/46cad4c57790cbc50781edd14870825a\",\"name\":\"Tuzla Info\",\"image\":{\"@type\":\"ImageObject\",\"inLanguage\":\"bs-BA\",\"@id\":\"https:\\\/\\\/secure.gravatar.com\\\/avatar\\\/e980921b00fa2e552723a2386544734ce6885d2b2304ccca3f45186f9ca4031d?s=96&d=mm&r=g\",\"url\":\"https:\\\/\\\/secure.gravatar.com\\\/avatar\\\/e980921b00fa2e552723a2386544734ce6885d2b2304ccca3f45186f9ca4031d?s=96&d=mm&r=g\",\"contentUrl\":\"https:\\\/\\\/secure.gravatar.com\\\/avatar\\\/e980921b00fa2e552723a2386544734ce6885d2b2304ccca3f45186f9ca4031d?s=96&d=mm&r=g\",\"caption\":\"Tuzla Info\"}}]}<\/script>\n<!-- \/ Yoast SEO plugin. -->","yoast_head_json":{"title":"Uskoro ve\u0107e penzije za dio penzionera u BiH","robots":{"index":"index","follow":"follow","max-snippet":"max-snippet:-1","max-image-preview":"max-image-preview:large","max-video-preview":"max-video-preview:-1"},"canonical":"https:\/\/tuzlainfo.ba\/index.php\/bosna-i-hercegovina\/item\/278886-uskoro-vece-penzije-za-dio-penzionera-u-bih\/","og_locale":"bs_BA","og_type":"article","og_title":"Uskoro ve\u0107e penzije za dio penzionera u BiH","og_description":"Ako Upravno vije\u0107e Hrvatskog zavoda za penzijsko osiguranje usvoji prijedlog da uskla\u0111ivanje penzija iznosi 6,46 posto, to \u0107e zna\u010diti i osjetno pove\u0107anje za veliki broj penzionera u Bosni i Hercegovini koji primaju penziju iz Hrvatske. Primjera radi, penzija od 300 eura porast \u0107e za 19,39 eura, \u0161to je oko 38 KM vi\u0161e mjese\u010dno. Penzija od [&hellip;]","og_url":"https:\/\/tuzlainfo.ba\/index.php\/bosna-i-hercegovina\/item\/278886-uskoro-vece-penzije-za-dio-penzionera-u-bih\/","og_site_name":"TuzlaInfo.ba","article_publisher":"https:\/\/www.facebook.com\/tuzlainfo.ba\/","article_published_time":"2025-08-31T19:44:50+00:00","og_image":[{"width":900,"height":584,"url":"https:\/\/tuzlainfo.ba\/wp-content\/uploads\/2021\/07\/1607_Penzioneri.jpg","type":"image\/jpeg"}],"author":"Tuzla Info","twitter_card":"summary_large_image","twitter_misc":{"Written by":"Tuzla Info","Est. reading time":"2 minute"},"schema":{"@context":"https:\/\/schema.org","@graph":[{"@type":"Article","@id":"https:\/\/tuzlainfo.ba\/index.php\/bosna-i-hercegovina\/item\/278886-uskoro-vece-penzije-za-dio-penzionera-u-bih\/#article","isPartOf":{"@id":"https:\/\/tuzlainfo.ba\/index.php\/bosna-i-hercegovina\/item\/278886-uskoro-vece-penzije-za-dio-penzionera-u-bih\/"},"author":{"name":"Tuzla Info","@id":"https:\/\/tuzlainfo.ba\/#\/schema\/person\/46cad4c57790cbc50781edd14870825a"},"headline":"Uskoro ve\u0107e penzije za dio penzionera u BiH","datePublished":"2025-08-31T19:44:50+00:00","mainEntityOfPage":{"@id":"https:\/\/tuzlainfo.ba\/index.php\/bosna-i-hercegovina\/item\/278886-uskoro-vece-penzije-za-dio-penzionera-u-bih\/"},"wordCount":258,"publisher":{"@id":"https:\/\/tuzlainfo.ba\/#organization"},"image":{"@id":"https:\/\/tuzlainfo.ba\/index.php\/bosna-i-hercegovina\/item\/278886-uskoro-vece-penzije-za-dio-penzionera-u-bih\/#primaryimage"},"thumbnailUrl":"https:\/\/tuzlainfo.ba\/wp-content\/uploads\/2021\/07\/1607_Penzioneri.jpg","keywords":["hrvatska","penzije","povecanje penzija"],"articleSection":["Bosna i Hercegovina","Istaknuto"],"inLanguage":"bs-BA","copyrightYear":"2025","copyrightHolder":{"@id":"https:\/\/tuzlainfo.ba\/#organization"}},{"@type":"WebPage","@id":"https:\/\/tuzlainfo.ba\/index.php\/bosna-i-hercegovina\/item\/278886-uskoro-vece-penzije-za-dio-penzionera-u-bih\/","url":"https:\/\/tuzlainfo.ba\/index.php\/bosna-i-hercegovina\/item\/278886-uskoro-vece-penzije-za-dio-penzionera-u-bih\/","name":"Uskoro ve\u0107e penzije za dio penzionera u BiH","isPartOf":{"@id":"https:\/\/tuzlainfo.ba\/#website"},"primaryImageOfPage":{"@id":"https:\/\/tuzlainfo.ba\/index.php\/bosna-i-hercegovina\/item\/278886-uskoro-vece-penzije-za-dio-penzionera-u-bih\/#primaryimage"},"image":{"@id":"https:\/\/tuzlainfo.ba\/index.php\/bosna-i-hercegovina\/item\/278886-uskoro-vece-penzije-za-dio-penzionera-u-bih\/#primaryimage"},"thumbnailUrl":"https:\/\/tuzlainfo.ba\/wp-content\/uploads\/2021\/07\/1607_Penzioneri.jpg","datePublished":"2025-08-31T19:44:50+00:00","breadcrumb":{"@id":"https:\/\/tuzlainfo.ba\/index.php\/bosna-i-hercegovina\/item\/278886-uskoro-vece-penzije-za-dio-penzionera-u-bih\/#breadcrumb"},"inLanguage":"bs-BA","potentialAction":[{"@type":"ReadAction","target":["https:\/\/tuzlainfo.ba\/index.php\/bosna-i-hercegovina\/item\/278886-uskoro-vece-penzije-za-dio-penzionera-u-bih\/"]}]},{"@type":"ImageObject","inLanguage":"bs-BA","@id":"https:\/\/tuzlainfo.ba\/index.php\/bosna-i-hercegovina\/item\/278886-uskoro-vece-penzije-za-dio-penzionera-u-bih\/#primaryimage","url":"https:\/\/tuzlainfo.ba\/wp-content\/uploads\/2021\/07\/1607_Penzioneri.jpg","contentUrl":"https:\/\/tuzlainfo.ba\/wp-content\/uploads\/2021\/07\/1607_Penzioneri.jpg","width":900,"height":584},{"@type":"BreadcrumbList","@id":"https:\/\/tuzlainfo.ba\/index.php\/bosna-i-hercegovina\/item\/278886-uskoro-vece-penzije-za-dio-penzionera-u-bih\/#breadcrumb","itemListElement":[{"@type":"ListItem","position":1,"name":"Home","item":"https:\/\/tuzlainfo.ba\/"},{"@type":"ListItem","position":2,"name":"Uskoro ve\u0107e penzije za dio penzionera u BiH"}]},{"@type":"WebSite","@id":"https:\/\/tuzlainfo.ba\/#website","url":"https:\/\/tuzlainfo.ba\/","name":"TuzlaInfo.ba","description":"Tuzla info, gradski informator - Tuzla na dlanu","publisher":{"@id":"https:\/\/tuzlainfo.ba\/#organization"},"potentialAction":[{"@type":"SearchAction","target":{"@type":"EntryPoint","urlTemplate":"https:\/\/tuzlainfo.ba\/?s={search_term_string}"},"query-input":{"@type":"PropertyValueSpecification","valueRequired":true,"valueName":"search_term_string"}}],"inLanguage":"bs-BA"},{"@type":"Organization","@id":"https:\/\/tuzlainfo.ba\/#organization","name":"TuzlaInfo.ba","url":"https:\/\/tuzlainfo.ba\/","logo":{"@type":"ImageObject","inLanguage":"bs-BA","@id":"https:\/\/tuzlainfo.ba\/#\/schema\/logo\/image\/","url":"https:\/\/tuzlainfo.ba\/wp-content\/uploads\/2021\/03\/logo-ver-3-1.png","contentUrl":"https:\/\/tuzlainfo.ba\/wp-content\/uploads\/2021\/03\/logo-ver-3-1.png","width":350,"height":95,"caption":"TuzlaInfo.ba"},"image":{"@id":"https:\/\/tuzlainfo.ba\/#\/schema\/logo\/image\/"},"sameAs":["https:\/\/www.facebook.com\/tuzlainfo.ba\/"]},{"@type":"Person","@id":"https:\/\/tuzlainfo.ba\/#\/schema\/person\/46cad4c57790cbc50781edd14870825a","name":"Tuzla Info","image":{"@type":"ImageObject","inLanguage":"bs-BA","@id":"https:\/\/secure.gravatar.com\/avatar\/e980921b00fa2e552723a2386544734ce6885d2b2304ccca3f45186f9ca4031d?s=96&d=mm&r=g","url":"https:\/\/secure.gravatar.com\/avatar\/e980921b00fa2e552723a2386544734ce6885d2b2304ccca3f45186f9ca4031d?s=96&d=mm&r=g","contentUrl":"https:\/\/secure.gravatar.com\/avatar\/e980921b00fa2e552723a2386544734ce6885d2b2304ccca3f45186f9ca4031d?s=96&d=mm&r=g","caption":"Tuzla Info"}}]}},"_links":{"self":[{"href":"https:\/\/tuzlainfo.ba\/index.php\/wp-json\/wp\/v2\/posts\/278886","targetHints":{"allow":["GET"]}}],"collection":[{"href":"https:\/\/tuzlainfo.ba\/index.php\/wp-json\/wp\/v2\/posts"}],"about":[{"href":"https:\/\/tuzlainfo.ba\/index.php\/wp-json\/wp\/v2\/types\/post"}],"author":[{"embeddable":true,"href":"https:\/\/tuzlainfo.ba\/index.php\/wp-json\/wp\/v2\/users\/4"}],"replies":[{"embeddable":true,"href":"https:\/\/tuzlainfo.ba\/index.php\/wp-json\/wp\/v2\/comments?post=278886"}],"version-history":[{"count":1,"href":"https:\/\/tuzlainfo.ba\/index.php\/wp-json\/wp\/v2\/posts\/278886\/revisions"}],"predecessor-version":[{"id":278887,"href":"https:\/\/tuzlainfo.ba\/index.php\/wp-json\/wp\/v2\/posts\/278886\/revisions\/278887"}],"wp:featuredmedia":[{"embeddable":true,"href":"https:\/\/tuzlainfo.ba\/index.php\/wp-json\/wp\/v2\/media\/142165"}],"wp:attachment":[{"href":"https:\/\/tuzlainfo.ba\/index.php\/wp-json\/wp\/v2\/media?parent=278886"}],"wp:term":[{"taxonomy":"category","embeddable":true,"href":"https:\/\/tuzlainfo.ba\/index.php\/wp-json\/wp\/v2\/categories?post=278886"},{"taxonomy":"post_tag","embeddable":true,"href":"https:\/\/tuzlainfo.ba\/index.php\/wp-json\/wp\/v2\/tags?post=278886"}],"curies":[{"name":"wp","href":"https:\/\/api.w.org\/{rel}","templated":true}]}}