{"id":278864,"date":"2025-08-31T19:04:45","date_gmt":"2025-08-31T17:04:45","guid":{"rendered":"https:\/\/tuzlainfo.ba\/?p=278864"},"modified":"2025-08-31T15:04:23","modified_gmt":"2025-08-31T13:04:23","slug":"slijedi-povecanje-penzija-koja-formula-ce-se-primjenjivati-za-obracun","status":"publish","type":"post","link":"https:\/\/tuzlainfo.ba\/index.php\/bosna-i-hercegovina\/item\/278864-slijedi-povecanje-penzija-koja-formula-ce-se-primjenjivati-za-obracun\/","title":{"rendered":"Slijedi pove\u0107anje penzija: Koja formula \u0107e se primjenjivati za obra\u010dun?"},"content":{"rendered":"<p data-start=\"0\" data-end=\"172\">Penzioneri u BiH ve\u0107 godinama insistiraju na tome da penzije vi\u0161e ne zavise od rasta BDP-a, nego od pove\u0107anja prosje\u010dne plate, \u0161to bi im omogu\u0107ilo bolji \u017eivotni standard.<\/p>\n<p data-start=\"174\" data-end=\"720\">Tema pove\u0107anja penzija u susjednoj Hrvatskoj posljednjih dana privukla je veliku pa\u017enju. Nakon \u0161to je objavljeno da \u0107e penzije porasti za 6,48 posto, fokus je stavljen na na\u010din obra\u010duna i pravila koja dovode do takvog pove\u0107anja. Uskla\u0111ivanje se temelji na polugodi\u0161njim kretanjima cijena i plata, uz novu formulu obra\u010duna koja koristi omjer 85:15 u korist povoljnijeg faktora, a to su plate. Sli\u010dnu formulu tra\u017ee i penzioneri u Federaciji BiH, ali s omjerom 60:40, \u0161to bi omogu\u0107ilo da rast plata ima ve\u0107i uticaj na pove\u0107anje penzija, pi\u0161e Avaz.<\/p>\n<p data-start=\"722\" data-end=\"1273\">Penzioneri u BiH ve\u0107 godinama ponavljaju svoj zahtjev da penzije budu vezane za plate, a ne za BDP. Za njih je od klju\u010dne va\u017enosti promjena Zakona o PIO, koji je trenutno u fazi izmjena i dopuna. Red\u017eo Mehi\u0107, predsjednik Saveza udru\u017eenja penzionera FBiH, isti\u010de da je va\u017eno da se sagledaju prijedlozi Zakona o izmjenama i dopunama, koje je Federalno ministarstvo rada i socijalne politike ve\u0107 dostavilo Vladi Federacije. Penzioneri tra\u017ee da se izmjene usvoje do 15. oktobra ove godine, kako bi Zakon mogao stupiti na snagu 1. januara naredne godine.<\/p>\n<p data-start=\"1275\" data-end=\"1783\">Pored toga, penzioneri u BiH suo\u010deni su sa sve ve\u0107im tro\u0161kovima \u017eivota. Cijene hrane neprestano rastu, a osnovni proizvodi poput vo\u0107a i mesa postaju luksuz za mnoge. Iako je za penzionere uvedena jednokratna nov\u010dana pomo\u0107, smatra se da to ne\u0107e biti dugoro\u010dno rje\u0161enje. Sve ve\u0107i broj penzionera osje\u0107a posljedice inflacije koja zna\u010dajno uti\u010de na njihove svakodnevne tro\u0161kove. Predsjednik Udru\u017eenja penzionera Mostar, \u0160ehi\u0107, upozorava da cijene osnovnih \u017eivotnih namirnica, ali i usluga, rastu iz dana u dan.<\/p>\n<p data-start=\"1785\" data-end=\"2218\">Kako bi barem donekle olak\u0161ali \u017eivot svojim \u010dlanovima, Udru\u017eenje penzionera Mostar organizovalo je podjelu vi\u0161e od 1.700 paketa prehrambenih proizvoda u vrijednosti od 50 KM. Ova inicijativa mnogima je bila zna\u010dajna podr\u0161ka, s obzirom na visoke tro\u0161kove \u017eivota. Prema rije\u010dima \u0160ehi\u0107a, ovakav vid pomo\u0107i do sada nije bio zabilje\u017een, a paketi donose bar kratkotrajno olak\u0161anje penzionerima koji se svakodnevno bore s te\u0161kim uslovima.<\/p>\n<p data-start=\"2220\" data-end=\"2517\">S obzirom na sve izazove, penzioneri u BiH o\u010dekuju konkretne promjene koje \u0107e im obezbijediti dostojanstveniji \u017eivotni standard. U isto vrijeme apeluju na vlasti da u narednom periodu donesu odgovaraju\u0107e zakonske izmjene kojima bi se uskla\u0111ivanje penzija uskladilo sa stvarnim tro\u0161kovima \u017eivota.<\/p>\n","protected":false},"excerpt":{"rendered":"<p>Penzioneri u BiH ve\u0107 godinama insistiraju na tome da penzije vi\u0161e ne zavise od rasta BDP-a, nego od pove\u0107anja prosje\u010dne plate, \u0161to bi im omogu\u0107ilo bolji \u017eivotni standard. Tema pove\u0107anja penzija u susjednoj Hrvatskoj posljednjih dana privukla je veliku pa\u017enju. Nakon \u0161to je objavljeno da \u0107e penzije porasti za 6,48 posto, fokus je stavljen na [&hellip;]<\/p>\n","protected":false},"author":2,"featured_media":71329,"comment_status":"closed","ping_status":"closed","sticky":false,"template":"","format":"standard","meta":{"footnotes":""},"categories":[291],"tags":[5593],"class_list":["post-278864","post","type-post","status-publish","format-standard","has-post-thumbnail","hentry","category-bosna-i-hercegovina","tag-povecanje-penzija"],"yoast_head":"<!-- This site is optimized with the Yoast SEO plugin v28.4 - https:\/\/yoast.com\/product\/yoast-seo-wordpress\/ -->\n<title>Slijedi pove\u0107anje penzija: Koja formula \u0107e se primjenjivati za obra\u010dun?<\/title>\n<meta name=\"robots\" content=\"index, follow, max-snippet:-1, max-image-preview:large, max-video-preview:-1\" \/>\n<link rel=\"canonical\" href=\"https:\/\/tuzlainfo.ba\/index.php\/bosna-i-hercegovina\/item\/278864-slijedi-povecanje-penzija-koja-formula-ce-se-primjenjivati-za-obracun\/\" \/>\n<meta property=\"og:locale\" content=\"bs_BA\" \/>\n<meta property=\"og:type\" content=\"article\" \/>\n<meta property=\"og:title\" content=\"Slijedi pove\u0107anje penzija: Koja formula \u0107e se primjenjivati za obra\u010dun?\" \/>\n<meta property=\"og:description\" content=\"Penzioneri u BiH ve\u0107 godinama insistiraju na tome da penzije vi\u0161e ne zavise od rasta BDP-a, nego od pove\u0107anja prosje\u010dne plate, \u0161to bi im omogu\u0107ilo bolji \u017eivotni standard. Tema pove\u0107anja penzija u susjednoj Hrvatskoj posljednjih dana privukla je veliku pa\u017enju. Nakon \u0161to je objavljeno da \u0107e penzije porasti za 6,48 posto, fokus je stavljen na [&hellip;]\" \/>\n<meta property=\"og:url\" content=\"https:\/\/tuzlainfo.ba\/index.php\/bosna-i-hercegovina\/item\/278864-slijedi-povecanje-penzija-koja-formula-ce-se-primjenjivati-za-obracun\/\" \/>\n<meta property=\"og:site_name\" content=\"TuzlaInfo.ba\" \/>\n<meta property=\"article:publisher\" content=\"https:\/\/www.facebook.com\/tuzlainfo.ba\/\" \/>\n<meta property=\"article:published_time\" content=\"2025-08-31T17:04:45+00:00\" \/>\n<meta property=\"og:image\" content=\"https:\/\/tuzlainfo.ba\/wp-content\/uploads\/2019\/06\/sadrzaj_2019_20190101_01012019_novac.jpg\" \/>\n\t<meta property=\"og:image:width\" content=\"770\" \/>\n\t<meta property=\"og:image:height\" content=\"460\" \/>\n\t<meta property=\"og:image:type\" content=\"image\/jpeg\" \/>\n<meta name=\"author\" content=\"nedim\" \/>\n<meta name=\"twitter:card\" content=\"summary_large_image\" \/>\n<meta name=\"twitter:label1\" content=\"Written by\" \/>\n\t<meta name=\"twitter:data1\" content=\"nedim\" \/>\n\t<meta name=\"twitter:label2\" content=\"Est. reading time\" \/>\n\t<meta name=\"twitter:data2\" content=\"3 minute\" \/>\n<script type=\"application\/ld+json\" class=\"yoast-schema-graph\">{\"@context\":\"https:\\\/\\\/schema.org\",\"@graph\":[{\"@type\":\"Article\",\"@id\":\"https:\\\/\\\/tuzlainfo.ba\\\/index.php\\\/bosna-i-hercegovina\\\/item\\\/278864-slijedi-povecanje-penzija-koja-formula-ce-se-primjenjivati-za-obracun\\\/#article\",\"isPartOf\":{\"@id\":\"https:\\\/\\\/tuzlainfo.ba\\\/index.php\\\/bosna-i-hercegovina\\\/item\\\/278864-slijedi-povecanje-penzija-koja-formula-ce-se-primjenjivati-za-obracun\\\/\"},\"author\":{\"name\":\"nedim\",\"@id\":\"https:\\\/\\\/tuzlainfo.ba\\\/#\\\/schema\\\/person\\\/f434e20dc27ea133923aab08451b7f7f\"},\"headline\":\"Slijedi pove\u0107anje penzija: Koja formula \u0107e se primjenjivati za obra\u010dun?\",\"datePublished\":\"2025-08-31T17:04:45+00:00\",\"mainEntityOfPage\":{\"@id\":\"https:\\\/\\\/tuzlainfo.ba\\\/index.php\\\/bosna-i-hercegovina\\\/item\\\/278864-slijedi-povecanje-penzija-koja-formula-ce-se-primjenjivati-za-obracun\\\/\"},\"wordCount\":446,\"publisher\":{\"@id\":\"https:\\\/\\\/tuzlainfo.ba\\\/#organization\"},\"image\":{\"@id\":\"https:\\\/\\\/tuzlainfo.ba\\\/index.php\\\/bosna-i-hercegovina\\\/item\\\/278864-slijedi-povecanje-penzija-koja-formula-ce-se-primjenjivati-za-obracun\\\/#primaryimage\"},\"thumbnailUrl\":\"https:\\\/\\\/tuzlainfo.ba\\\/wp-content\\\/uploads\\\/2019\\\/06\\\/sadrzaj_2019_20190101_01012019_novac.jpg\",\"keywords\":[\"povecanje penzija\"],\"articleSection\":[\"Bosna i Hercegovina\"],\"inLanguage\":\"bs-BA\",\"copyrightYear\":\"2025\",\"copyrightHolder\":{\"@id\":\"https:\\\/\\\/tuzlainfo.ba\\\/#organization\"}},{\"@type\":\"WebPage\",\"@id\":\"https:\\\/\\\/tuzlainfo.ba\\\/index.php\\\/bosna-i-hercegovina\\\/item\\\/278864-slijedi-povecanje-penzija-koja-formula-ce-se-primjenjivati-za-obracun\\\/\",\"url\":\"https:\\\/\\\/tuzlainfo.ba\\\/index.php\\\/bosna-i-hercegovina\\\/item\\\/278864-slijedi-povecanje-penzija-koja-formula-ce-se-primjenjivati-za-obracun\\\/\",\"name\":\"Slijedi pove\u0107anje penzija: Koja formula \u0107e se primjenjivati za obra\u010dun?\",\"isPartOf\":{\"@id\":\"https:\\\/\\\/tuzlainfo.ba\\\/#website\"},\"primaryImageOfPage\":{\"@id\":\"https:\\\/\\\/tuzlainfo.ba\\\/index.php\\\/bosna-i-hercegovina\\\/item\\\/278864-slijedi-povecanje-penzija-koja-formula-ce-se-primjenjivati-za-obracun\\\/#primaryimage\"},\"image\":{\"@id\":\"https:\\\/\\\/tuzlainfo.ba\\\/index.php\\\/bosna-i-hercegovina\\\/item\\\/278864-slijedi-povecanje-penzija-koja-formula-ce-se-primjenjivati-za-obracun\\\/#primaryimage\"},\"thumbnailUrl\":\"https:\\\/\\\/tuzlainfo.ba\\\/wp-content\\\/uploads\\\/2019\\\/06\\\/sadrzaj_2019_20190101_01012019_novac.jpg\",\"datePublished\":\"2025-08-31T17:04:45+00:00\",\"breadcrumb\":{\"@id\":\"https:\\\/\\\/tuzlainfo.ba\\\/index.php\\\/bosna-i-hercegovina\\\/item\\\/278864-slijedi-povecanje-penzija-koja-formula-ce-se-primjenjivati-za-obracun\\\/#breadcrumb\"},\"inLanguage\":\"bs-BA\",\"potentialAction\":[{\"@type\":\"ReadAction\",\"target\":[\"https:\\\/\\\/tuzlainfo.ba\\\/index.php\\\/bosna-i-hercegovina\\\/item\\\/278864-slijedi-povecanje-penzija-koja-formula-ce-se-primjenjivati-za-obracun\\\/\"]}]},{\"@type\":\"ImageObject\",\"inLanguage\":\"bs-BA\",\"@id\":\"https:\\\/\\\/tuzlainfo.ba\\\/index.php\\\/bosna-i-hercegovina\\\/item\\\/278864-slijedi-povecanje-penzija-koja-formula-ce-se-primjenjivati-za-obracun\\\/#primaryimage\",\"url\":\"https:\\\/\\\/tuzlainfo.ba\\\/wp-content\\\/uploads\\\/2019\\\/06\\\/sadrzaj_2019_20190101_01012019_novac.jpg\",\"contentUrl\":\"https:\\\/\\\/tuzlainfo.ba\\\/wp-content\\\/uploads\\\/2019\\\/06\\\/sadrzaj_2019_20190101_01012019_novac.jpg\",\"width\":770,\"height\":460,\"caption\":\"01012019 novac\"},{\"@type\":\"BreadcrumbList\",\"@id\":\"https:\\\/\\\/tuzlainfo.ba\\\/index.php\\\/bosna-i-hercegovina\\\/item\\\/278864-slijedi-povecanje-penzija-koja-formula-ce-se-primjenjivati-za-obracun\\\/#breadcrumb\",\"itemListElement\":[{\"@type\":\"ListItem\",\"position\":1,\"name\":\"Home\",\"item\":\"https:\\\/\\\/tuzlainfo.ba\\\/\"},{\"@type\":\"ListItem\",\"position\":2,\"name\":\"Slijedi pove\u0107anje penzija: Koja formula \u0107e se primjenjivati za obra\u010dun?\"}]},{\"@type\":\"WebSite\",\"@id\":\"https:\\\/\\\/tuzlainfo.ba\\\/#website\",\"url\":\"https:\\\/\\\/tuzlainfo.ba\\\/\",\"name\":\"TuzlaInfo.ba\",\"description\":\"Tuzla info, gradski informator - Tuzla na dlanu\",\"publisher\":{\"@id\":\"https:\\\/\\\/tuzlainfo.ba\\\/#organization\"},\"potentialAction\":[{\"@type\":\"SearchAction\",\"target\":{\"@type\":\"EntryPoint\",\"urlTemplate\":\"https:\\\/\\\/tuzlainfo.ba\\\/?s={search_term_string}\"},\"query-input\":{\"@type\":\"PropertyValueSpecification\",\"valueRequired\":true,\"valueName\":\"search_term_string\"}}],\"inLanguage\":\"bs-BA\"},{\"@type\":\"Organization\",\"@id\":\"https:\\\/\\\/tuzlainfo.ba\\\/#organization\",\"name\":\"TuzlaInfo.ba\",\"url\":\"https:\\\/\\\/tuzlainfo.ba\\\/\",\"logo\":{\"@type\":\"ImageObject\",\"inLanguage\":\"bs-BA\",\"@id\":\"https:\\\/\\\/tuzlainfo.ba\\\/#\\\/schema\\\/logo\\\/image\\\/\",\"url\":\"https:\\\/\\\/tuzlainfo.ba\\\/wp-content\\\/uploads\\\/2021\\\/03\\\/logo-ver-3-1.png\",\"contentUrl\":\"https:\\\/\\\/tuzlainfo.ba\\\/wp-content\\\/uploads\\\/2021\\\/03\\\/logo-ver-3-1.png\",\"width\":350,\"height\":95,\"caption\":\"TuzlaInfo.ba\"},\"image\":{\"@id\":\"https:\\\/\\\/tuzlainfo.ba\\\/#\\\/schema\\\/logo\\\/image\\\/\"},\"sameAs\":[\"https:\\\/\\\/www.facebook.com\\\/tuzlainfo.ba\\\/\"]},{\"@type\":\"Person\",\"@id\":\"https:\\\/\\\/tuzlainfo.ba\\\/#\\\/schema\\\/person\\\/f434e20dc27ea133923aab08451b7f7f\",\"name\":\"nedim\",\"image\":{\"@type\":\"ImageObject\",\"inLanguage\":\"bs-BA\",\"@id\":\"https:\\\/\\\/secure.gravatar.com\\\/avatar\\\/5b928a2e7e70a54208d2eb6c1edcb75a5350d6ae97d5f0a701203d456823f6f3?s=96&d=mm&r=g\",\"url\":\"https:\\\/\\\/secure.gravatar.com\\\/avatar\\\/5b928a2e7e70a54208d2eb6c1edcb75a5350d6ae97d5f0a701203d456823f6f3?s=96&d=mm&r=g\",\"contentUrl\":\"https:\\\/\\\/secure.gravatar.com\\\/avatar\\\/5b928a2e7e70a54208d2eb6c1edcb75a5350d6ae97d5f0a701203d456823f6f3?s=96&d=mm&r=g\",\"caption\":\"nedim\"},\"description\":\"Tuzlainfo.ba pratite na dru\u0161tvenim mre\u017eama: Facebook, Instagram i Youtube. Svoje pri\u010de, upite i fotografije \u0161aljite na na\u0161u e-mail adresu.\"}]}<\/script>\n<!-- \/ Yoast SEO plugin. -->","yoast_head_json":{"title":"Slijedi pove\u0107anje penzija: Koja formula \u0107e se primjenjivati za obra\u010dun?","robots":{"index":"index","follow":"follow","max-snippet":"max-snippet:-1","max-image-preview":"max-image-preview:large","max-video-preview":"max-video-preview:-1"},"canonical":"https:\/\/tuzlainfo.ba\/index.php\/bosna-i-hercegovina\/item\/278864-slijedi-povecanje-penzija-koja-formula-ce-se-primjenjivati-za-obracun\/","og_locale":"bs_BA","og_type":"article","og_title":"Slijedi pove\u0107anje penzija: Koja formula \u0107e se primjenjivati za obra\u010dun?","og_description":"Penzioneri u BiH ve\u0107 godinama insistiraju na tome da penzije vi\u0161e ne zavise od rasta BDP-a, nego od pove\u0107anja prosje\u010dne plate, \u0161to bi im omogu\u0107ilo bolji \u017eivotni standard. Tema pove\u0107anja penzija u susjednoj Hrvatskoj posljednjih dana privukla je veliku pa\u017enju. Nakon \u0161to je objavljeno da \u0107e penzije porasti za 6,48 posto, fokus je stavljen na [&hellip;]","og_url":"https:\/\/tuzlainfo.ba\/index.php\/bosna-i-hercegovina\/item\/278864-slijedi-povecanje-penzija-koja-formula-ce-se-primjenjivati-za-obracun\/","og_site_name":"TuzlaInfo.ba","article_publisher":"https:\/\/www.facebook.com\/tuzlainfo.ba\/","article_published_time":"2025-08-31T17:04:45+00:00","og_image":[{"width":770,"height":460,"url":"https:\/\/tuzlainfo.ba\/wp-content\/uploads\/2019\/06\/sadrzaj_2019_20190101_01012019_novac.jpg","type":"image\/jpeg"}],"author":"nedim","twitter_card":"summary_large_image","twitter_misc":{"Written by":"nedim","Est. reading time":"3 minute"},"schema":{"@context":"https:\/\/schema.org","@graph":[{"@type":"Article","@id":"https:\/\/tuzlainfo.ba\/index.php\/bosna-i-hercegovina\/item\/278864-slijedi-povecanje-penzija-koja-formula-ce-se-primjenjivati-za-obracun\/#article","isPartOf":{"@id":"https:\/\/tuzlainfo.ba\/index.php\/bosna-i-hercegovina\/item\/278864-slijedi-povecanje-penzija-koja-formula-ce-se-primjenjivati-za-obracun\/"},"author":{"name":"nedim","@id":"https:\/\/tuzlainfo.ba\/#\/schema\/person\/f434e20dc27ea133923aab08451b7f7f"},"headline":"Slijedi pove\u0107anje penzija: Koja formula \u0107e se primjenjivati za obra\u010dun?","datePublished":"2025-08-31T17:04:45+00:00","mainEntityOfPage":{"@id":"https:\/\/tuzlainfo.ba\/index.php\/bosna-i-hercegovina\/item\/278864-slijedi-povecanje-penzija-koja-formula-ce-se-primjenjivati-za-obracun\/"},"wordCount":446,"publisher":{"@id":"https:\/\/tuzlainfo.ba\/#organization"},"image":{"@id":"https:\/\/tuzlainfo.ba\/index.php\/bosna-i-hercegovina\/item\/278864-slijedi-povecanje-penzija-koja-formula-ce-se-primjenjivati-za-obracun\/#primaryimage"},"thumbnailUrl":"https:\/\/tuzlainfo.ba\/wp-content\/uploads\/2019\/06\/sadrzaj_2019_20190101_01012019_novac.jpg","keywords":["povecanje penzija"],"articleSection":["Bosna i Hercegovina"],"inLanguage":"bs-BA","copyrightYear":"2025","copyrightHolder":{"@id":"https:\/\/tuzlainfo.ba\/#organization"}},{"@type":"WebPage","@id":"https:\/\/tuzlainfo.ba\/index.php\/bosna-i-hercegovina\/item\/278864-slijedi-povecanje-penzija-koja-formula-ce-se-primjenjivati-za-obracun\/","url":"https:\/\/tuzlainfo.ba\/index.php\/bosna-i-hercegovina\/item\/278864-slijedi-povecanje-penzija-koja-formula-ce-se-primjenjivati-za-obracun\/","name":"Slijedi pove\u0107anje penzija: Koja formula \u0107e se primjenjivati za obra\u010dun?","isPartOf":{"@id":"https:\/\/tuzlainfo.ba\/#website"},"primaryImageOfPage":{"@id":"https:\/\/tuzlainfo.ba\/index.php\/bosna-i-hercegovina\/item\/278864-slijedi-povecanje-penzija-koja-formula-ce-se-primjenjivati-za-obracun\/#primaryimage"},"image":{"@id":"https:\/\/tuzlainfo.ba\/index.php\/bosna-i-hercegovina\/item\/278864-slijedi-povecanje-penzija-koja-formula-ce-se-primjenjivati-za-obracun\/#primaryimage"},"thumbnailUrl":"https:\/\/tuzlainfo.ba\/wp-content\/uploads\/2019\/06\/sadrzaj_2019_20190101_01012019_novac.jpg","datePublished":"2025-08-31T17:04:45+00:00","breadcrumb":{"@id":"https:\/\/tuzlainfo.ba\/index.php\/bosna-i-hercegovina\/item\/278864-slijedi-povecanje-penzija-koja-formula-ce-se-primjenjivati-za-obracun\/#breadcrumb"},"inLanguage":"bs-BA","potentialAction":[{"@type":"ReadAction","target":["https:\/\/tuzlainfo.ba\/index.php\/bosna-i-hercegovina\/item\/278864-slijedi-povecanje-penzija-koja-formula-ce-se-primjenjivati-za-obracun\/"]}]},{"@type":"ImageObject","inLanguage":"bs-BA","@id":"https:\/\/tuzlainfo.ba\/index.php\/bosna-i-hercegovina\/item\/278864-slijedi-povecanje-penzija-koja-formula-ce-se-primjenjivati-za-obracun\/#primaryimage","url":"https:\/\/tuzlainfo.ba\/wp-content\/uploads\/2019\/06\/sadrzaj_2019_20190101_01012019_novac.jpg","contentUrl":"https:\/\/tuzlainfo.ba\/wp-content\/uploads\/2019\/06\/sadrzaj_2019_20190101_01012019_novac.jpg","width":770,"height":460,"caption":"01012019 novac"},{"@type":"BreadcrumbList","@id":"https:\/\/tuzlainfo.ba\/index.php\/bosna-i-hercegovina\/item\/278864-slijedi-povecanje-penzija-koja-formula-ce-se-primjenjivati-za-obracun\/#breadcrumb","itemListElement":[{"@type":"ListItem","position":1,"name":"Home","item":"https:\/\/tuzlainfo.ba\/"},{"@type":"ListItem","position":2,"name":"Slijedi pove\u0107anje penzija: Koja formula \u0107e se primjenjivati za obra\u010dun?"}]},{"@type":"WebSite","@id":"https:\/\/tuzlainfo.ba\/#website","url":"https:\/\/tuzlainfo.ba\/","name":"TuzlaInfo.ba","description":"Tuzla info, gradski informator - Tuzla na dlanu","publisher":{"@id":"https:\/\/tuzlainfo.ba\/#organization"},"potentialAction":[{"@type":"SearchAction","target":{"@type":"EntryPoint","urlTemplate":"https:\/\/tuzlainfo.ba\/?s={search_term_string}"},"query-input":{"@type":"PropertyValueSpecification","valueRequired":true,"valueName":"search_term_string"}}],"inLanguage":"bs-BA"},{"@type":"Organization","@id":"https:\/\/tuzlainfo.ba\/#organization","name":"TuzlaInfo.ba","url":"https:\/\/tuzlainfo.ba\/","logo":{"@type":"ImageObject","inLanguage":"bs-BA","@id":"https:\/\/tuzlainfo.ba\/#\/schema\/logo\/image\/","url":"https:\/\/tuzlainfo.ba\/wp-content\/uploads\/2021\/03\/logo-ver-3-1.png","contentUrl":"https:\/\/tuzlainfo.ba\/wp-content\/uploads\/2021\/03\/logo-ver-3-1.png","width":350,"height":95,"caption":"TuzlaInfo.ba"},"image":{"@id":"https:\/\/tuzlainfo.ba\/#\/schema\/logo\/image\/"},"sameAs":["https:\/\/www.facebook.com\/tuzlainfo.ba\/"]},{"@type":"Person","@id":"https:\/\/tuzlainfo.ba\/#\/schema\/person\/f434e20dc27ea133923aab08451b7f7f","name":"nedim","image":{"@type":"ImageObject","inLanguage":"bs-BA","@id":"https:\/\/secure.gravatar.com\/avatar\/5b928a2e7e70a54208d2eb6c1edcb75a5350d6ae97d5f0a701203d456823f6f3?s=96&d=mm&r=g","url":"https:\/\/secure.gravatar.com\/avatar\/5b928a2e7e70a54208d2eb6c1edcb75a5350d6ae97d5f0a701203d456823f6f3?s=96&d=mm&r=g","contentUrl":"https:\/\/secure.gravatar.com\/avatar\/5b928a2e7e70a54208d2eb6c1edcb75a5350d6ae97d5f0a701203d456823f6f3?s=96&d=mm&r=g","caption":"nedim"},"description":"Tuzlainfo.ba pratite na dru\u0161tvenim mre\u017eama: Facebook, Instagram i Youtube. Svoje pri\u010de, upite i fotografije \u0161aljite na na\u0161u e-mail adresu."}]}},"_links":{"self":[{"href":"https:\/\/tuzlainfo.ba\/index.php\/wp-json\/wp\/v2\/posts\/278864","targetHints":{"allow":["GET"]}}],"collection":[{"href":"https:\/\/tuzlainfo.ba\/index.php\/wp-json\/wp\/v2\/posts"}],"about":[{"href":"https:\/\/tuzlainfo.ba\/index.php\/wp-json\/wp\/v2\/types\/post"}],"author":[{"embeddable":true,"href":"https:\/\/tuzlainfo.ba\/index.php\/wp-json\/wp\/v2\/users\/2"}],"replies":[{"embeddable":true,"href":"https:\/\/tuzlainfo.ba\/index.php\/wp-json\/wp\/v2\/comments?post=278864"}],"version-history":[{"count":2,"href":"https:\/\/tuzlainfo.ba\/index.php\/wp-json\/wp\/v2\/posts\/278864\/revisions"}],"predecessor-version":[{"id":278867,"href":"https:\/\/tuzlainfo.ba\/index.php\/wp-json\/wp\/v2\/posts\/278864\/revisions\/278867"}],"wp:featuredmedia":[{"embeddable":true,"href":"https:\/\/tuzlainfo.ba\/index.php\/wp-json\/wp\/v2\/media\/71329"}],"wp:attachment":[{"href":"https:\/\/tuzlainfo.ba\/index.php\/wp-json\/wp\/v2\/media?parent=278864"}],"wp:term":[{"taxonomy":"category","embeddable":true,"href":"https:\/\/tuzlainfo.ba\/index.php\/wp-json\/wp\/v2\/categories?post=278864"},{"taxonomy":"post_tag","embeddable":true,"href":"https:\/\/tuzlainfo.ba\/index.php\/wp-json\/wp\/v2\/tags?post=278864"}],"curies":[{"name":"wp","href":"https:\/\/api.w.org\/{rel}","templated":true}]}}