{"id":278859,"date":"2025-08-31T17:03:30","date_gmt":"2025-08-31T15:03:30","guid":{"rendered":"https:\/\/tuzlainfo.ba\/?p=278859"},"modified":"2025-09-02T07:39:07","modified_gmt":"2025-09-02T05:39:07","slug":"od-sutra-skuplja-struja-pogledajte-koliko-ce-sada-iznositi-vasi-racuni","status":"publish","type":"post","link":"https:\/\/tuzlainfo.ba\/index.php\/istaknuto\/item\/278859-od-sutra-skuplja-struja-pogledajte-koliko-ce-sada-iznositi-vasi-racuni\/","title":{"rendered":"Od sutra skuplja struja, pogledajte koliko \u0107e sada iznositi va\u0161i ra\u010duni"},"content":{"rendered":"<p>Od 1. septembra doma\u0107instva u Federaciji BiH elektri\u010dnu energiju pla\u0107at \u0107e prema novim blok tarifama, koje je odobrila Regulatorna komisija za energiju u FBiH (FERK). Ova promjena donosi i prosje\u010dno poskupljenje od 6,85 posto, pa \u0107e ra\u010duni zavisiti od mjese\u010dne potro\u0161nje.<\/p>\n<p>Za doma\u0107instva se uvode tri tarifna bloka:<\/p>\n<p>zelena zona \u2013 potro\u0161nja od 0 do 350 kWh,<br \/>\nplava zona \u2013 potro\u0161nja od 351 do 1.000 kWh,<br \/>\ncrvena zona \u2013 svaki kilovat-sat preko 1.000 kWh.<\/p>\n<p>Naprimjer, ra\u010dun od oko 50 KM bit \u0107e uve\u0107an za oko 2,5 KM (zelena tarifa), ra\u010dun od oko 110 KM bit \u0107e uve\u0107an za oko sedam KM (plava tarifa), ra\u010dun od oko 235 KM bit \u0107e uve\u0107an za oko 18,5 KM (crvena tarifa).<\/p>\n<h3>Vanredno o\u010ditanje brojila<\/h3>\n<p>Operator distributivnog sistema JP Elektroprivreda BiH provodi vanredno o\u010ditanje mjernih mjesta kako bi se jasno razgrani\u010dila potro\u0161nja do 1. septembra i nakon tog datuma. Potrebno je o\u010ditati 741.000 brojila, no zbog tehni\u010dkih i ljudskih ograni\u010denja to nije mogu\u0107e u\u010diniti u jednom danu.<\/p>\n<p>Zbog toga se kupci pozivaju da sami evidentiraju stanje brojila na 1. septembar, a oni koji redovno dostavljaju o\u010ditanja \u2013 da to obavezno u\u010dine i sada. Podaci se mogu dostaviti putem telefona, e-maila, web portala i mobilne aplikacije Elektroprivrede BiH, kao i li\u010dno u poslovnicama.<\/p>\n<p>Za mjerna mjesta koja su uklju\u010dena u sistem daljinskog o\u010ditanja koristi\u0107e se raspolo\u017eivi podaci na dan stupanja novih tarifa na snagu.<\/p>\n<p>Iz Elektroprivrede BiH poru\u010duju da je uvo\u0111enje blok tarifa usmjereno na podsticanje \u0161tednje elektri\u010dne energije i smanjenje optere\u0107enja mre\u017ee. Najvi\u0161e \u0107e osjetiti oni koji tro\u0161e vi\u0161e od 1.000 kWh mjese\u010dno, jer \u0107e crvena tarifa znatno pove\u0107ati iznos ra\u010duna.<\/p>\n","protected":false},"excerpt":{"rendered":"<p>Od 1. septembra doma\u0107instva u Federaciji BiH elektri\u010dnu energiju pla\u0107at \u0107e prema novim blok tarifama,&hellip;<\/p>\n","protected":false},"author":8,"featured_media":85687,"comment_status":"closed","ping_status":"closed","sticky":false,"template":"","format":"standard","meta":{"_acf_changed":false,"footnotes":""},"categories":[291,304,306],"tags":[1108,1866,1880],"acf":[],"yoast_head":"<!-- This site is optimized with the Yoast SEO plugin v23.5 - https:\/\/yoast.com\/wordpress\/plugins\/seo\/ -->\n<title>Od sutra skuplja struja, pogledajte koliko \u0107e sada iznositi va\u0161i ra\u010duni - TuzlaInfo.ba<\/title>\n<meta name=\"robots\" content=\"index, follow, max-snippet:-1, max-image-preview:large, max-video-preview:-1\" \/>\n<link rel=\"canonical\" href=\"https:\/\/tuzlainfo.ba\/index.php\/bosna-i-hercegovina\/item\/278859-od-sutra-skuplja-struja-pogledajte-koliko-ce-sada-iznositi-vasi-racuni\/\" \/>\n<meta property=\"og:locale\" content=\"bs_BA\" \/>\n<meta property=\"og:type\" content=\"article\" \/>\n<meta property=\"og:title\" content=\"Od sutra skuplja struja, pogledajte koliko \u0107e sada iznositi va\u0161i ra\u010duni - TuzlaInfo.ba\" \/>\n<meta property=\"og:description\" content=\"Od 1. septembra doma\u0107instva u Federaciji BiH elektri\u010dnu energiju pla\u0107at \u0107e prema novim blok tarifama,&hellip;\" \/>\n<meta property=\"og:url\" content=\"https:\/\/tuzlainfo.ba\/index.php\/bosna-i-hercegovina\/item\/278859-od-sutra-skuplja-struja-pogledajte-koliko-ce-sada-iznositi-vasi-racuni\/\" \/>\n<meta property=\"og:site_name\" content=\"TuzlaInfo.ba\" \/>\n<meta property=\"article:publisher\" content=\"https:\/\/www.facebook.com\/tuzlainfo.ba\/\" \/>\n<meta property=\"article:published_time\" content=\"2025-08-31T15:03:30+00:00\" \/>\n<meta property=\"article:modified_time\" content=\"2025-09-02T05:39:07+00:00\" \/>\n<meta property=\"og:image\" content=\"https:\/\/tuzlainfo.ba\/wp-content\/uploads\/2021\/01\/sadrzaj_2021_20210102_1401_brojilo.jpg\" \/>\n\t<meta property=\"og:image:width\" content=\"770\" \/>\n\t<meta property=\"og:image:height\" content=\"526\" \/>\n\t<meta property=\"og:image:type\" content=\"image\/jpeg\" \/>\n<meta name=\"author\" content=\"Admin Tri\" \/>\n<meta name=\"twitter:card\" content=\"summary_large_image\" \/>\n<meta name=\"twitter:label1\" content=\"Written by\" \/>\n\t<meta name=\"twitter:data1\" content=\"Admin Tri\" \/>\n\t<meta name=\"twitter:label2\" content=\"Est. reading time\" \/>\n\t<meta name=\"twitter:data2\" content=\"2 minute\" \/>\n<script type=\"application\/ld+json\" class=\"yoast-schema-graph\">{\"@context\":\"https:\/\/schema.org\",\"@graph\":[{\"@type\":\"Article\",\"@id\":\"https:\/\/tuzlainfo.ba\/index.php\/bosna-i-hercegovina\/item\/278859-od-sutra-skuplja-struja-pogledajte-koliko-ce-sada-iznositi-vasi-racuni\/#article\",\"isPartOf\":{\"@id\":\"https:\/\/tuzlainfo.ba\/index.php\/bosna-i-hercegovina\/item\/278859-od-sutra-skuplja-struja-pogledajte-koliko-ce-sada-iznositi-vasi-racuni\/\"},\"author\":{\"name\":\"Admin Tri\",\"@id\":\"https:\/\/tuzlainfo.ba\/#\/schema\/person\/593e78a2f6378c5ba3e7600ecfa4e63a\"},\"headline\":\"Od sutra skuplja struja, pogledajte koliko \u0107e sada iznositi va\u0161i ra\u010duni\",\"datePublished\":\"2025-08-31T15:03:30+00:00\",\"dateModified\":\"2025-09-02T05:39:07+00:00\",\"mainEntityOfPage\":{\"@id\":\"https:\/\/tuzlainfo.ba\/index.php\/bosna-i-hercegovina\/item\/278859-od-sutra-skuplja-struja-pogledajte-koliko-ce-sada-iznositi-vasi-racuni\/\"},\"wordCount\":302,\"publisher\":{\"@id\":\"https:\/\/tuzlainfo.ba\/#organization\"},\"image\":{\"@id\":\"https:\/\/tuzlainfo.ba\/index.php\/bosna-i-hercegovina\/item\/278859-od-sutra-skuplja-struja-pogledajte-koliko-ce-sada-iznositi-vasi-racuni\/#primaryimage\"},\"thumbnailUrl\":\"https:\/\/tuzlainfo.ba\/wp-content\/uploads\/2021\/01\/sadrzaj_2021_20210102_1401_brojilo.jpg\",\"keywords\":[\"Elektroprivreda BiH\",\"poskupljenje\",\"struja\"],\"articleSection\":[\"Bosna i Hercegovina\",\"Istaknuto\",\"Preporu\u010dujemo\"],\"inLanguage\":\"bs-BA\"},{\"@type\":\"WebPage\",\"@id\":\"https:\/\/tuzlainfo.ba\/index.php\/bosna-i-hercegovina\/item\/278859-od-sutra-skuplja-struja-pogledajte-koliko-ce-sada-iznositi-vasi-racuni\/\",\"url\":\"https:\/\/tuzlainfo.ba\/index.php\/bosna-i-hercegovina\/item\/278859-od-sutra-skuplja-struja-pogledajte-koliko-ce-sada-iznositi-vasi-racuni\/\",\"name\":\"Od sutra skuplja struja, pogledajte koliko \u0107e sada iznositi va\u0161i ra\u010duni - TuzlaInfo.ba\",\"isPartOf\":{\"@id\":\"https:\/\/tuzlainfo.ba\/#website\"},\"primaryImageOfPage\":{\"@id\":\"https:\/\/tuzlainfo.ba\/index.php\/bosna-i-hercegovina\/item\/278859-od-sutra-skuplja-struja-pogledajte-koliko-ce-sada-iznositi-vasi-racuni\/#primaryimage\"},\"image\":{\"@id\":\"https:\/\/tuzlainfo.ba\/index.php\/bosna-i-hercegovina\/item\/278859-od-sutra-skuplja-struja-pogledajte-koliko-ce-sada-iznositi-vasi-racuni\/#primaryimage\"},\"thumbnailUrl\":\"https:\/\/tuzlainfo.ba\/wp-content\/uploads\/2021\/01\/sadrzaj_2021_20210102_1401_brojilo.jpg\",\"datePublished\":\"2025-08-31T15:03:30+00:00\",\"dateModified\":\"2025-09-02T05:39:07+00:00\",\"breadcrumb\":{\"@id\":\"https:\/\/tuzlainfo.ba\/index.php\/bosna-i-hercegovina\/item\/278859-od-sutra-skuplja-struja-pogledajte-koliko-ce-sada-iznositi-vasi-racuni\/#breadcrumb\"},\"inLanguage\":\"bs-BA\",\"potentialAction\":[{\"@type\":\"ReadAction\",\"target\":[\"https:\/\/tuzlainfo.ba\/index.php\/bosna-i-hercegovina\/item\/278859-od-sutra-skuplja-struja-pogledajte-koliko-ce-sada-iznositi-vasi-racuni\/\"]}]},{\"@type\":\"ImageObject\",\"inLanguage\":\"bs-BA\",\"@id\":\"https:\/\/tuzlainfo.ba\/index.php\/bosna-i-hercegovina\/item\/278859-od-sutra-skuplja-struja-pogledajte-koliko-ce-sada-iznositi-vasi-racuni\/#primaryimage\",\"url\":\"https:\/\/tuzlainfo.ba\/wp-content\/uploads\/2021\/01\/sadrzaj_2021_20210102_1401_brojilo.jpg\",\"contentUrl\":\"https:\/\/tuzlainfo.ba\/wp-content\/uploads\/2021\/01\/sadrzaj_2021_20210102_1401_brojilo.jpg\",\"width\":770,\"height\":526,\"caption\":\"1401 brojilo\"},{\"@type\":\"BreadcrumbList\",\"@id\":\"https:\/\/tuzlainfo.ba\/index.php\/bosna-i-hercegovina\/item\/278859-od-sutra-skuplja-struja-pogledajte-koliko-ce-sada-iznositi-vasi-racuni\/#breadcrumb\",\"itemListElement\":[{\"@type\":\"ListItem\",\"position\":1,\"name\":\"Home\",\"item\":\"https:\/\/tuzlainfo.ba\/\"},{\"@type\":\"ListItem\",\"position\":2,\"name\":\"Od sutra skuplja struja, pogledajte koliko \u0107e sada iznositi va\u0161i ra\u010duni\"}]},{\"@type\":\"WebSite\",\"@id\":\"https:\/\/tuzlainfo.ba\/#website\",\"url\":\"https:\/\/tuzlainfo.ba\/\",\"name\":\"TuzlaInfo.ba\",\"description\":\"Tuzla info, gradski informator - Tuzla na dlanu\",\"publisher\":{\"@id\":\"https:\/\/tuzlainfo.ba\/#organization\"},\"potentialAction\":[{\"@type\":\"SearchAction\",\"target\":{\"@type\":\"EntryPoint\",\"urlTemplate\":\"https:\/\/tuzlainfo.ba\/?s={search_term_string}\"},\"query-input\":{\"@type\":\"PropertyValueSpecification\",\"valueRequired\":true,\"valueName\":\"search_term_string\"}}],\"inLanguage\":\"bs-BA\"},{\"@type\":\"Organization\",\"@id\":\"https:\/\/tuzlainfo.ba\/#organization\",\"name\":\"TuzlaInfo.ba\",\"url\":\"https:\/\/tuzlainfo.ba\/\",\"logo\":{\"@type\":\"ImageObject\",\"inLanguage\":\"bs-BA\",\"@id\":\"https:\/\/tuzlainfo.ba\/#\/schema\/logo\/image\/\",\"url\":\"https:\/\/tuzlainfo.ba\/wp-content\/uploads\/2021\/03\/logo-ver-3-1.png\",\"contentUrl\":\"https:\/\/tuzlainfo.ba\/wp-content\/uploads\/2021\/03\/logo-ver-3-1.png\",\"width\":350,\"height\":95,\"caption\":\"TuzlaInfo.ba\"},\"image\":{\"@id\":\"https:\/\/tuzlainfo.ba\/#\/schema\/logo\/image\/\"},\"sameAs\":[\"https:\/\/www.facebook.com\/tuzlainfo.ba\/\"]},{\"@type\":\"Person\",\"@id\":\"https:\/\/tuzlainfo.ba\/#\/schema\/person\/593e78a2f6378c5ba3e7600ecfa4e63a\",\"name\":\"Admin Tri\",\"image\":{\"@type\":\"ImageObject\",\"inLanguage\":\"bs-BA\",\"@id\":\"https:\/\/tuzlainfo.ba\/#\/schema\/person\/image\/\",\"url\":\"https:\/\/tuzlainfo.ba\/wp-content\/litespeed\/avatar\/b7920db4cc34a71ad12497283ad2fe3f.jpg?ver=1777100914\",\"contentUrl\":\"https:\/\/tuzlainfo.ba\/wp-content\/litespeed\/avatar\/b7920db4cc34a71ad12497283ad2fe3f.jpg?ver=1777100914\",\"caption\":\"Admin Tri\"},\"sameAs\":[\"https:\/\/tuzlainfo.ba\"]}]}<\/script>\n<!-- \/ Yoast SEO plugin. -->","yoast_head_json":{"title":"Od sutra skuplja struja, pogledajte koliko \u0107e sada iznositi va\u0161i ra\u010duni - TuzlaInfo.ba","robots":{"index":"index","follow":"follow","max-snippet":"max-snippet:-1","max-image-preview":"max-image-preview:large","max-video-preview":"max-video-preview:-1"},"canonical":"https:\/\/tuzlainfo.ba\/index.php\/bosna-i-hercegovina\/item\/278859-od-sutra-skuplja-struja-pogledajte-koliko-ce-sada-iznositi-vasi-racuni\/","og_locale":"bs_BA","og_type":"article","og_title":"Od sutra skuplja struja, pogledajte koliko \u0107e sada iznositi va\u0161i ra\u010duni - TuzlaInfo.ba","og_description":"Od 1. septembra doma\u0107instva u Federaciji BiH elektri\u010dnu energiju pla\u0107at \u0107e prema novim blok tarifama,&hellip;","og_url":"https:\/\/tuzlainfo.ba\/index.php\/bosna-i-hercegovina\/item\/278859-od-sutra-skuplja-struja-pogledajte-koliko-ce-sada-iznositi-vasi-racuni\/","og_site_name":"TuzlaInfo.ba","article_publisher":"https:\/\/www.facebook.com\/tuzlainfo.ba\/","article_published_time":"2025-08-31T15:03:30+00:00","article_modified_time":"2025-09-02T05:39:07+00:00","og_image":[{"width":770,"height":526,"url":"https:\/\/tuzlainfo.ba\/wp-content\/uploads\/2021\/01\/sadrzaj_2021_20210102_1401_brojilo.jpg","type":"image\/jpeg"}],"author":"Admin Tri","twitter_card":"summary_large_image","twitter_misc":{"Written by":"Admin Tri","Est. reading time":"2 minute"},"schema":{"@context":"https:\/\/schema.org","@graph":[{"@type":"Article","@id":"https:\/\/tuzlainfo.ba\/index.php\/bosna-i-hercegovina\/item\/278859-od-sutra-skuplja-struja-pogledajte-koliko-ce-sada-iznositi-vasi-racuni\/#article","isPartOf":{"@id":"https:\/\/tuzlainfo.ba\/index.php\/bosna-i-hercegovina\/item\/278859-od-sutra-skuplja-struja-pogledajte-koliko-ce-sada-iznositi-vasi-racuni\/"},"author":{"name":"Admin Tri","@id":"https:\/\/tuzlainfo.ba\/#\/schema\/person\/593e78a2f6378c5ba3e7600ecfa4e63a"},"headline":"Od sutra skuplja struja, pogledajte koliko \u0107e sada iznositi va\u0161i ra\u010duni","datePublished":"2025-08-31T15:03:30+00:00","dateModified":"2025-09-02T05:39:07+00:00","mainEntityOfPage":{"@id":"https:\/\/tuzlainfo.ba\/index.php\/bosna-i-hercegovina\/item\/278859-od-sutra-skuplja-struja-pogledajte-koliko-ce-sada-iznositi-vasi-racuni\/"},"wordCount":302,"publisher":{"@id":"https:\/\/tuzlainfo.ba\/#organization"},"image":{"@id":"https:\/\/tuzlainfo.ba\/index.php\/bosna-i-hercegovina\/item\/278859-od-sutra-skuplja-struja-pogledajte-koliko-ce-sada-iznositi-vasi-racuni\/#primaryimage"},"thumbnailUrl":"https:\/\/tuzlainfo.ba\/wp-content\/uploads\/2021\/01\/sadrzaj_2021_20210102_1401_brojilo.jpg","keywords":["Elektroprivreda BiH","poskupljenje","struja"],"articleSection":["Bosna i Hercegovina","Istaknuto","Preporu\u010dujemo"],"inLanguage":"bs-BA"},{"@type":"WebPage","@id":"https:\/\/tuzlainfo.ba\/index.php\/bosna-i-hercegovina\/item\/278859-od-sutra-skuplja-struja-pogledajte-koliko-ce-sada-iznositi-vasi-racuni\/","url":"https:\/\/tuzlainfo.ba\/index.php\/bosna-i-hercegovina\/item\/278859-od-sutra-skuplja-struja-pogledajte-koliko-ce-sada-iznositi-vasi-racuni\/","name":"Od sutra skuplja struja, pogledajte koliko \u0107e sada iznositi va\u0161i ra\u010duni - TuzlaInfo.ba","isPartOf":{"@id":"https:\/\/tuzlainfo.ba\/#website"},"primaryImageOfPage":{"@id":"https:\/\/tuzlainfo.ba\/index.php\/bosna-i-hercegovina\/item\/278859-od-sutra-skuplja-struja-pogledajte-koliko-ce-sada-iznositi-vasi-racuni\/#primaryimage"},"image":{"@id":"https:\/\/tuzlainfo.ba\/index.php\/bosna-i-hercegovina\/item\/278859-od-sutra-skuplja-struja-pogledajte-koliko-ce-sada-iznositi-vasi-racuni\/#primaryimage"},"thumbnailUrl":"https:\/\/tuzlainfo.ba\/wp-content\/uploads\/2021\/01\/sadrzaj_2021_20210102_1401_brojilo.jpg","datePublished":"2025-08-31T15:03:30+00:00","dateModified":"2025-09-02T05:39:07+00:00","breadcrumb":{"@id":"https:\/\/tuzlainfo.ba\/index.php\/bosna-i-hercegovina\/item\/278859-od-sutra-skuplja-struja-pogledajte-koliko-ce-sada-iznositi-vasi-racuni\/#breadcrumb"},"inLanguage":"bs-BA","potentialAction":[{"@type":"ReadAction","target":["https:\/\/tuzlainfo.ba\/index.php\/bosna-i-hercegovina\/item\/278859-od-sutra-skuplja-struja-pogledajte-koliko-ce-sada-iznositi-vasi-racuni\/"]}]},{"@type":"ImageObject","inLanguage":"bs-BA","@id":"https:\/\/tuzlainfo.ba\/index.php\/bosna-i-hercegovina\/item\/278859-od-sutra-skuplja-struja-pogledajte-koliko-ce-sada-iznositi-vasi-racuni\/#primaryimage","url":"https:\/\/tuzlainfo.ba\/wp-content\/uploads\/2021\/01\/sadrzaj_2021_20210102_1401_brojilo.jpg","contentUrl":"https:\/\/tuzlainfo.ba\/wp-content\/uploads\/2021\/01\/sadrzaj_2021_20210102_1401_brojilo.jpg","width":770,"height":526,"caption":"1401 brojilo"},{"@type":"BreadcrumbList","@id":"https:\/\/tuzlainfo.ba\/index.php\/bosna-i-hercegovina\/item\/278859-od-sutra-skuplja-struja-pogledajte-koliko-ce-sada-iznositi-vasi-racuni\/#breadcrumb","itemListElement":[{"@type":"ListItem","position":1,"name":"Home","item":"https:\/\/tuzlainfo.ba\/"},{"@type":"ListItem","position":2,"name":"Od sutra skuplja struja, pogledajte koliko \u0107e sada iznositi va\u0161i ra\u010duni"}]},{"@type":"WebSite","@id":"https:\/\/tuzlainfo.ba\/#website","url":"https:\/\/tuzlainfo.ba\/","name":"TuzlaInfo.ba","description":"Tuzla info, gradski informator - Tuzla na dlanu","publisher":{"@id":"https:\/\/tuzlainfo.ba\/#organization"},"potentialAction":[{"@type":"SearchAction","target":{"@type":"EntryPoint","urlTemplate":"https:\/\/tuzlainfo.ba\/?s={search_term_string}"},"query-input":{"@type":"PropertyValueSpecification","valueRequired":true,"valueName":"search_term_string"}}],"inLanguage":"bs-BA"},{"@type":"Organization","@id":"https:\/\/tuzlainfo.ba\/#organization","name":"TuzlaInfo.ba","url":"https:\/\/tuzlainfo.ba\/","logo":{"@type":"ImageObject","inLanguage":"bs-BA","@id":"https:\/\/tuzlainfo.ba\/#\/schema\/logo\/image\/","url":"https:\/\/tuzlainfo.ba\/wp-content\/uploads\/2021\/03\/logo-ver-3-1.png","contentUrl":"https:\/\/tuzlainfo.ba\/wp-content\/uploads\/2021\/03\/logo-ver-3-1.png","width":350,"height":95,"caption":"TuzlaInfo.ba"},"image":{"@id":"https:\/\/tuzlainfo.ba\/#\/schema\/logo\/image\/"},"sameAs":["https:\/\/www.facebook.com\/tuzlainfo.ba\/"]},{"@type":"Person","@id":"https:\/\/tuzlainfo.ba\/#\/schema\/person\/593e78a2f6378c5ba3e7600ecfa4e63a","name":"Admin Tri","image":{"@type":"ImageObject","inLanguage":"bs-BA","@id":"https:\/\/tuzlainfo.ba\/#\/schema\/person\/image\/","url":"https:\/\/tuzlainfo.ba\/wp-content\/litespeed\/avatar\/b7920db4cc34a71ad12497283ad2fe3f.jpg?ver=1777100914","contentUrl":"https:\/\/tuzlainfo.ba\/wp-content\/litespeed\/avatar\/b7920db4cc34a71ad12497283ad2fe3f.jpg?ver=1777100914","caption":"Admin Tri"},"sameAs":["https:\/\/tuzlainfo.ba"]}]}},"_links":{"self":[{"href":"https:\/\/tuzlainfo.ba\/index.php\/wp-json\/wp\/v2\/posts\/278859"}],"collection":[{"href":"https:\/\/tuzlainfo.ba\/index.php\/wp-json\/wp\/v2\/posts"}],"about":[{"href":"https:\/\/tuzlainfo.ba\/index.php\/wp-json\/wp\/v2\/types\/post"}],"author":[{"embeddable":true,"href":"https:\/\/tuzlainfo.ba\/index.php\/wp-json\/wp\/v2\/users\/8"}],"replies":[{"embeddable":true,"href":"https:\/\/tuzlainfo.ba\/index.php\/wp-json\/wp\/v2\/comments?post=278859"}],"version-history":[{"count":2,"href":"https:\/\/tuzlainfo.ba\/index.php\/wp-json\/wp\/v2\/posts\/278859\/revisions"}],"predecessor-version":[{"id":278861,"href":"https:\/\/tuzlainfo.ba\/index.php\/wp-json\/wp\/v2\/posts\/278859\/revisions\/278861"}],"wp:featuredmedia":[{"embeddable":true,"href":"https:\/\/tuzlainfo.ba\/index.php\/wp-json\/wp\/v2\/media\/85687"}],"wp:attachment":[{"href":"https:\/\/tuzlainfo.ba\/index.php\/wp-json\/wp\/v2\/media?parent=278859"}],"wp:term":[{"taxonomy":"category","embeddable":true,"href":"https:\/\/tuzlainfo.ba\/index.php\/wp-json\/wp\/v2\/categories?post=278859"},{"taxonomy":"post_tag","embeddable":true,"href":"https:\/\/tuzlainfo.ba\/index.php\/wp-json\/wp\/v2\/tags?post=278859"}],"curies":[{"name":"wp","href":"https:\/\/api.w.org\/{rel}","templated":true}]}}