{"id":278545,"date":"2025-08-28T14:32:44","date_gmt":"2025-08-28T12:32:44","guid":{"rendered":"https:\/\/tuzlainfo.ba\/?p=278545"},"modified":"2025-08-28T14:10:48","modified_gmt":"2025-08-28T12:10:48","slug":"od-naredne-sedmice-novi-obracun-potrosnje-elektricne-energije-za-domacinstva-u-fbih","status":"publish","type":"post","link":"https:\/\/tuzlainfo.ba\/index.php\/bosna-i-hercegovina\/item\/278545-od-naredne-sedmice-novi-obracun-potrosnje-elektricne-energije-za-domacinstva-u-fbih\/","title":{"rendered":"Od naredne sedmice novi obra\u010dun potro\u0161nje elektri\u010dne energije za doma\u0107instva u FBiH"},"content":{"rendered":"<p>Od 1. septembra obra\u010dun potro\u0161nje elektri\u010dne energije za kupce iz kategorije doma\u0107instva vr\u0161it \u0107e se prema cijenama utvr\u0111enim Odlukom Regulatorne komisije za energiju u FBiH o davanju saglasnosti JP Elektroprivreda BiH na prijedlog cijena snabdijevanja krajnjih kupaca kod javnog snabdijevanja.<\/p>\n<p>Za doma\u0107instva \u0107e se primjenjivati tri blok tarife: zelena za potro\u0161nju od 0 do 350 kWh, plava za potro\u0161nju od 351 do 1000 kWh, te crvena za svaki kilovat sat preko 1000 kWh. Na taj na\u010din ra\u010duni \u0107e zavisiti od mjese\u010dne potro\u0161nje, a prema ranijim procjenama, ra\u010dun od 50 KM bi\u0107e ve\u0107i za oko 2,5 KM.<\/p>\n<p>Operator distributivnog sistema JP Elektroprivreda BiH provodi aktivnosti na pripremi vanrednog o\u010ditanja mjernih mjesta kako bi se razgrani\u010dila potro\u0161nja zaklju\u010dno s 1. septembrom. Kako navode, potrebno je o\u010ditati 741.000 mjernih ure\u0111aja, ali zbog tehni\u010dkih i ljudskih ograni\u010denja nije mogu\u0107e izvr\u0161iti o\u010ditanje svih brojila u jednom danu.<\/p>\n<p>Zbog toga ODS poziva kupce koji redovno dostavljaju podatke o\u010ditanja da to u\u010dine i 1. septembra, dok se ostali pozivaju da evidentiraju stanje broj\u010danika brojila na taj datum. Kupci podatke mogu dostaviti telefonski, putem e-mail adresa nadle\u017enih kantonalnih podru\u017enica, preko web portala Elektroprivrede BiH, mobilne aplikacije, dopisom ili li\u010dno u poslovnicama.<\/p>\n<p>Za mjerna mjesta koja su uklju\u010dena u sistem daljinskog o\u010ditanja koristi\u0107e se raspolo\u017eivi podaci o potro\u0161nji na dan 1. septembra.<\/p>\n","protected":false},"excerpt":{"rendered":"<p>Od 1. septembra obra\u010dun potro\u0161nje elektri\u010dne energije za kupce iz kategorije doma\u0107instva vr\u0161it \u0107e se&hellip;<\/p>\n","protected":false},"author":8,"featured_media":258999,"comment_status":"closed","ping_status":"closed","sticky":false,"template":"","format":"standard","meta":{"_acf_changed":false,"footnotes":""},"categories":[291],"tags":[2148,12528],"acf":[],"yoast_head":"<!-- This site is optimized with the Yoast SEO plugin v23.5 - https:\/\/yoast.com\/wordpress\/plugins\/seo\/ -->\n<title>Od naredne sedmice novi obra\u010dun potro\u0161nje elektri\u010dne energije za doma\u0107instva u FBiH - TuzlaInfo.ba<\/title>\n<meta name=\"robots\" content=\"index, follow, max-snippet:-1, max-image-preview:large, max-video-preview:-1\" \/>\n<link rel=\"canonical\" href=\"https:\/\/tuzlainfo.ba\/index.php\/bosna-i-hercegovina\/item\/278545-od-naredne-sedmice-novi-obracun-potrosnje-elektricne-energije-za-domacinstva-u-fbih\/\" \/>\n<meta property=\"og:locale\" content=\"bs_BA\" \/>\n<meta property=\"og:type\" content=\"article\" \/>\n<meta property=\"og:title\" content=\"Od naredne sedmice novi obra\u010dun potro\u0161nje elektri\u010dne energije za doma\u0107instva u FBiH - TuzlaInfo.ba\" \/>\n<meta property=\"og:description\" content=\"Od 1. septembra obra\u010dun potro\u0161nje elektri\u010dne energije za kupce iz kategorije doma\u0107instva vr\u0161it \u0107e se&hellip;\" \/>\n<meta property=\"og:url\" content=\"https:\/\/tuzlainfo.ba\/index.php\/bosna-i-hercegovina\/item\/278545-od-naredne-sedmice-novi-obracun-potrosnje-elektricne-energije-za-domacinstva-u-fbih\/\" \/>\n<meta property=\"og:site_name\" content=\"TuzlaInfo.ba\" \/>\n<meta property=\"article:publisher\" content=\"https:\/\/www.facebook.com\/tuzlainfo.ba\/\" \/>\n<meta property=\"article:published_time\" content=\"2025-08-28T12:32:44+00:00\" \/>\n<meta property=\"article:modified_time\" content=\"2025-08-28T12:10:48+00:00\" \/>\n<meta property=\"og:image\" content=\"https:\/\/tuzlainfo.ba\/wp-content\/uploads\/2024\/12\/Dalekovod_struja_elektro.jpg\" \/>\n\t<meta property=\"og:image:width\" content=\"1000\" \/>\n\t<meta property=\"og:image:height\" content=\"595\" \/>\n\t<meta property=\"og:image:type\" content=\"image\/jpeg\" \/>\n<meta name=\"author\" content=\"Admin Tri\" \/>\n<meta name=\"twitter:card\" content=\"summary_large_image\" \/>\n<meta name=\"twitter:label1\" content=\"Written by\" \/>\n\t<meta name=\"twitter:data1\" content=\"Admin Tri\" \/>\n\t<meta name=\"twitter:label2\" content=\"Est. reading time\" \/>\n\t<meta name=\"twitter:data2\" content=\"2 minute\" \/>\n<script type=\"application\/ld+json\" class=\"yoast-schema-graph\">{\"@context\":\"https:\/\/schema.org\",\"@graph\":[{\"@type\":\"Article\",\"@id\":\"https:\/\/tuzlainfo.ba\/index.php\/bosna-i-hercegovina\/item\/278545-od-naredne-sedmice-novi-obracun-potrosnje-elektricne-energije-za-domacinstva-u-fbih\/#article\",\"isPartOf\":{\"@id\":\"https:\/\/tuzlainfo.ba\/index.php\/bosna-i-hercegovina\/item\/278545-od-naredne-sedmice-novi-obracun-potrosnje-elektricne-energije-za-domacinstva-u-fbih\/\"},\"author\":{\"name\":\"Admin Tri\",\"@id\":\"https:\/\/tuzlainfo.ba\/#\/schema\/person\/593e78a2f6378c5ba3e7600ecfa4e63a\"},\"headline\":\"Od naredne sedmice novi obra\u010dun potro\u0161nje elektri\u010dne energije za doma\u0107instva u FBiH\",\"datePublished\":\"2025-08-28T12:32:44+00:00\",\"dateModified\":\"2025-08-28T12:10:48+00:00\",\"mainEntityOfPage\":{\"@id\":\"https:\/\/tuzlainfo.ba\/index.php\/bosna-i-hercegovina\/item\/278545-od-naredne-sedmice-novi-obracun-potrosnje-elektricne-energije-za-domacinstva-u-fbih\/\"},\"wordCount\":255,\"publisher\":{\"@id\":\"https:\/\/tuzlainfo.ba\/#organization\"},\"image\":{\"@id\":\"https:\/\/tuzlainfo.ba\/index.php\/bosna-i-hercegovina\/item\/278545-od-naredne-sedmice-novi-obracun-potrosnje-elektricne-energije-za-domacinstva-u-fbih\/#primaryimage\"},\"thumbnailUrl\":\"https:\/\/tuzlainfo.ba\/wp-content\/uploads\/2024\/12\/Dalekovod_struja_elektro.jpg\",\"keywords\":[\"elektri\u010dna energija\",\"obra\u010dun\"],\"articleSection\":[\"Bosna i Hercegovina\"],\"inLanguage\":\"bs-BA\"},{\"@type\":\"WebPage\",\"@id\":\"https:\/\/tuzlainfo.ba\/index.php\/bosna-i-hercegovina\/item\/278545-od-naredne-sedmice-novi-obracun-potrosnje-elektricne-energije-za-domacinstva-u-fbih\/\",\"url\":\"https:\/\/tuzlainfo.ba\/index.php\/bosna-i-hercegovina\/item\/278545-od-naredne-sedmice-novi-obracun-potrosnje-elektricne-energije-za-domacinstva-u-fbih\/\",\"name\":\"Od naredne sedmice novi obra\u010dun potro\u0161nje elektri\u010dne energije za doma\u0107instva u FBiH - TuzlaInfo.ba\",\"isPartOf\":{\"@id\":\"https:\/\/tuzlainfo.ba\/#website\"},\"primaryImageOfPage\":{\"@id\":\"https:\/\/tuzlainfo.ba\/index.php\/bosna-i-hercegovina\/item\/278545-od-naredne-sedmice-novi-obracun-potrosnje-elektricne-energije-za-domacinstva-u-fbih\/#primaryimage\"},\"image\":{\"@id\":\"https:\/\/tuzlainfo.ba\/index.php\/bosna-i-hercegovina\/item\/278545-od-naredne-sedmice-novi-obracun-potrosnje-elektricne-energije-za-domacinstva-u-fbih\/#primaryimage\"},\"thumbnailUrl\":\"https:\/\/tuzlainfo.ba\/wp-content\/uploads\/2024\/12\/Dalekovod_struja_elektro.jpg\",\"datePublished\":\"2025-08-28T12:32:44+00:00\",\"dateModified\":\"2025-08-28T12:10:48+00:00\",\"breadcrumb\":{\"@id\":\"https:\/\/tuzlainfo.ba\/index.php\/bosna-i-hercegovina\/item\/278545-od-naredne-sedmice-novi-obracun-potrosnje-elektricne-energije-za-domacinstva-u-fbih\/#breadcrumb\"},\"inLanguage\":\"bs-BA\",\"potentialAction\":[{\"@type\":\"ReadAction\",\"target\":[\"https:\/\/tuzlainfo.ba\/index.php\/bosna-i-hercegovina\/item\/278545-od-naredne-sedmice-novi-obracun-potrosnje-elektricne-energije-za-domacinstva-u-fbih\/\"]}]},{\"@type\":\"ImageObject\",\"inLanguage\":\"bs-BA\",\"@id\":\"https:\/\/tuzlainfo.ba\/index.php\/bosna-i-hercegovina\/item\/278545-od-naredne-sedmice-novi-obracun-potrosnje-elektricne-energije-za-domacinstva-u-fbih\/#primaryimage\",\"url\":\"https:\/\/tuzlainfo.ba\/wp-content\/uploads\/2024\/12\/Dalekovod_struja_elektro.jpg\",\"contentUrl\":\"https:\/\/tuzlainfo.ba\/wp-content\/uploads\/2024\/12\/Dalekovod_struja_elektro.jpg\",\"width\":1000,\"height\":595,\"caption\":\"Foto: Tuzlainfo.ba\"},{\"@type\":\"BreadcrumbList\",\"@id\":\"https:\/\/tuzlainfo.ba\/index.php\/bosna-i-hercegovina\/item\/278545-od-naredne-sedmice-novi-obracun-potrosnje-elektricne-energije-za-domacinstva-u-fbih\/#breadcrumb\",\"itemListElement\":[{\"@type\":\"ListItem\",\"position\":1,\"name\":\"Home\",\"item\":\"https:\/\/tuzlainfo.ba\/\"},{\"@type\":\"ListItem\",\"position\":2,\"name\":\"Od naredne sedmice novi obra\u010dun potro\u0161nje elektri\u010dne energije za doma\u0107instva u FBiH\"}]},{\"@type\":\"WebSite\",\"@id\":\"https:\/\/tuzlainfo.ba\/#website\",\"url\":\"https:\/\/tuzlainfo.ba\/\",\"name\":\"TuzlaInfo.ba\",\"description\":\"Tuzla info, gradski informator - Tuzla na dlanu\",\"publisher\":{\"@id\":\"https:\/\/tuzlainfo.ba\/#organization\"},\"potentialAction\":[{\"@type\":\"SearchAction\",\"target\":{\"@type\":\"EntryPoint\",\"urlTemplate\":\"https:\/\/tuzlainfo.ba\/?s={search_term_string}\"},\"query-input\":{\"@type\":\"PropertyValueSpecification\",\"valueRequired\":true,\"valueName\":\"search_term_string\"}}],\"inLanguage\":\"bs-BA\"},{\"@type\":\"Organization\",\"@id\":\"https:\/\/tuzlainfo.ba\/#organization\",\"name\":\"TuzlaInfo.ba\",\"url\":\"https:\/\/tuzlainfo.ba\/\",\"logo\":{\"@type\":\"ImageObject\",\"inLanguage\":\"bs-BA\",\"@id\":\"https:\/\/tuzlainfo.ba\/#\/schema\/logo\/image\/\",\"url\":\"https:\/\/tuzlainfo.ba\/wp-content\/uploads\/2021\/03\/logo-ver-3-1.png\",\"contentUrl\":\"https:\/\/tuzlainfo.ba\/wp-content\/uploads\/2021\/03\/logo-ver-3-1.png\",\"width\":350,\"height\":95,\"caption\":\"TuzlaInfo.ba\"},\"image\":{\"@id\":\"https:\/\/tuzlainfo.ba\/#\/schema\/logo\/image\/\"},\"sameAs\":[\"https:\/\/www.facebook.com\/tuzlainfo.ba\/\"]},{\"@type\":\"Person\",\"@id\":\"https:\/\/tuzlainfo.ba\/#\/schema\/person\/593e78a2f6378c5ba3e7600ecfa4e63a\",\"name\":\"Admin Tri\",\"image\":{\"@type\":\"ImageObject\",\"inLanguage\":\"bs-BA\",\"@id\":\"https:\/\/tuzlainfo.ba\/#\/schema\/person\/image\/\",\"url\":\"https:\/\/tuzlainfo.ba\/wp-content\/litespeed\/avatar\/b7920db4cc34a71ad12497283ad2fe3f.jpg?ver=1777100914\",\"contentUrl\":\"https:\/\/tuzlainfo.ba\/wp-content\/litespeed\/avatar\/b7920db4cc34a71ad12497283ad2fe3f.jpg?ver=1777100914\",\"caption\":\"Admin Tri\"},\"sameAs\":[\"https:\/\/tuzlainfo.ba\"]}]}<\/script>\n<!-- \/ Yoast SEO plugin. -->","yoast_head_json":{"title":"Od naredne sedmice novi obra\u010dun potro\u0161nje elektri\u010dne energije za doma\u0107instva u FBiH - TuzlaInfo.ba","robots":{"index":"index","follow":"follow","max-snippet":"max-snippet:-1","max-image-preview":"max-image-preview:large","max-video-preview":"max-video-preview:-1"},"canonical":"https:\/\/tuzlainfo.ba\/index.php\/bosna-i-hercegovina\/item\/278545-od-naredne-sedmice-novi-obracun-potrosnje-elektricne-energije-za-domacinstva-u-fbih\/","og_locale":"bs_BA","og_type":"article","og_title":"Od naredne sedmice novi obra\u010dun potro\u0161nje elektri\u010dne energije za doma\u0107instva u FBiH - TuzlaInfo.ba","og_description":"Od 1. septembra obra\u010dun potro\u0161nje elektri\u010dne energije za kupce iz kategorije doma\u0107instva vr\u0161it \u0107e se&hellip;","og_url":"https:\/\/tuzlainfo.ba\/index.php\/bosna-i-hercegovina\/item\/278545-od-naredne-sedmice-novi-obracun-potrosnje-elektricne-energije-za-domacinstva-u-fbih\/","og_site_name":"TuzlaInfo.ba","article_publisher":"https:\/\/www.facebook.com\/tuzlainfo.ba\/","article_published_time":"2025-08-28T12:32:44+00:00","article_modified_time":"2025-08-28T12:10:48+00:00","og_image":[{"width":1000,"height":595,"url":"https:\/\/tuzlainfo.ba\/wp-content\/uploads\/2024\/12\/Dalekovod_struja_elektro.jpg","type":"image\/jpeg"}],"author":"Admin Tri","twitter_card":"summary_large_image","twitter_misc":{"Written by":"Admin Tri","Est. reading time":"2 minute"},"schema":{"@context":"https:\/\/schema.org","@graph":[{"@type":"Article","@id":"https:\/\/tuzlainfo.ba\/index.php\/bosna-i-hercegovina\/item\/278545-od-naredne-sedmice-novi-obracun-potrosnje-elektricne-energije-za-domacinstva-u-fbih\/#article","isPartOf":{"@id":"https:\/\/tuzlainfo.ba\/index.php\/bosna-i-hercegovina\/item\/278545-od-naredne-sedmice-novi-obracun-potrosnje-elektricne-energije-za-domacinstva-u-fbih\/"},"author":{"name":"Admin Tri","@id":"https:\/\/tuzlainfo.ba\/#\/schema\/person\/593e78a2f6378c5ba3e7600ecfa4e63a"},"headline":"Od naredne sedmice novi obra\u010dun potro\u0161nje elektri\u010dne energije za doma\u0107instva u FBiH","datePublished":"2025-08-28T12:32:44+00:00","dateModified":"2025-08-28T12:10:48+00:00","mainEntityOfPage":{"@id":"https:\/\/tuzlainfo.ba\/index.php\/bosna-i-hercegovina\/item\/278545-od-naredne-sedmice-novi-obracun-potrosnje-elektricne-energije-za-domacinstva-u-fbih\/"},"wordCount":255,"publisher":{"@id":"https:\/\/tuzlainfo.ba\/#organization"},"image":{"@id":"https:\/\/tuzlainfo.ba\/index.php\/bosna-i-hercegovina\/item\/278545-od-naredne-sedmice-novi-obracun-potrosnje-elektricne-energije-za-domacinstva-u-fbih\/#primaryimage"},"thumbnailUrl":"https:\/\/tuzlainfo.ba\/wp-content\/uploads\/2024\/12\/Dalekovod_struja_elektro.jpg","keywords":["elektri\u010dna energija","obra\u010dun"],"articleSection":["Bosna i Hercegovina"],"inLanguage":"bs-BA"},{"@type":"WebPage","@id":"https:\/\/tuzlainfo.ba\/index.php\/bosna-i-hercegovina\/item\/278545-od-naredne-sedmice-novi-obracun-potrosnje-elektricne-energije-za-domacinstva-u-fbih\/","url":"https:\/\/tuzlainfo.ba\/index.php\/bosna-i-hercegovina\/item\/278545-od-naredne-sedmice-novi-obracun-potrosnje-elektricne-energije-za-domacinstva-u-fbih\/","name":"Od naredne sedmice novi obra\u010dun potro\u0161nje elektri\u010dne energije za doma\u0107instva u FBiH - TuzlaInfo.ba","isPartOf":{"@id":"https:\/\/tuzlainfo.ba\/#website"},"primaryImageOfPage":{"@id":"https:\/\/tuzlainfo.ba\/index.php\/bosna-i-hercegovina\/item\/278545-od-naredne-sedmice-novi-obracun-potrosnje-elektricne-energije-za-domacinstva-u-fbih\/#primaryimage"},"image":{"@id":"https:\/\/tuzlainfo.ba\/index.php\/bosna-i-hercegovina\/item\/278545-od-naredne-sedmice-novi-obracun-potrosnje-elektricne-energije-za-domacinstva-u-fbih\/#primaryimage"},"thumbnailUrl":"https:\/\/tuzlainfo.ba\/wp-content\/uploads\/2024\/12\/Dalekovod_struja_elektro.jpg","datePublished":"2025-08-28T12:32:44+00:00","dateModified":"2025-08-28T12:10:48+00:00","breadcrumb":{"@id":"https:\/\/tuzlainfo.ba\/index.php\/bosna-i-hercegovina\/item\/278545-od-naredne-sedmice-novi-obracun-potrosnje-elektricne-energije-za-domacinstva-u-fbih\/#breadcrumb"},"inLanguage":"bs-BA","potentialAction":[{"@type":"ReadAction","target":["https:\/\/tuzlainfo.ba\/index.php\/bosna-i-hercegovina\/item\/278545-od-naredne-sedmice-novi-obracun-potrosnje-elektricne-energije-za-domacinstva-u-fbih\/"]}]},{"@type":"ImageObject","inLanguage":"bs-BA","@id":"https:\/\/tuzlainfo.ba\/index.php\/bosna-i-hercegovina\/item\/278545-od-naredne-sedmice-novi-obracun-potrosnje-elektricne-energije-za-domacinstva-u-fbih\/#primaryimage","url":"https:\/\/tuzlainfo.ba\/wp-content\/uploads\/2024\/12\/Dalekovod_struja_elektro.jpg","contentUrl":"https:\/\/tuzlainfo.ba\/wp-content\/uploads\/2024\/12\/Dalekovod_struja_elektro.jpg","width":1000,"height":595,"caption":"Foto: Tuzlainfo.ba"},{"@type":"BreadcrumbList","@id":"https:\/\/tuzlainfo.ba\/index.php\/bosna-i-hercegovina\/item\/278545-od-naredne-sedmice-novi-obracun-potrosnje-elektricne-energije-za-domacinstva-u-fbih\/#breadcrumb","itemListElement":[{"@type":"ListItem","position":1,"name":"Home","item":"https:\/\/tuzlainfo.ba\/"},{"@type":"ListItem","position":2,"name":"Od naredne sedmice novi obra\u010dun potro\u0161nje elektri\u010dne energije za doma\u0107instva u FBiH"}]},{"@type":"WebSite","@id":"https:\/\/tuzlainfo.ba\/#website","url":"https:\/\/tuzlainfo.ba\/","name":"TuzlaInfo.ba","description":"Tuzla info, gradski informator - Tuzla na dlanu","publisher":{"@id":"https:\/\/tuzlainfo.ba\/#organization"},"potentialAction":[{"@type":"SearchAction","target":{"@type":"EntryPoint","urlTemplate":"https:\/\/tuzlainfo.ba\/?s={search_term_string}"},"query-input":{"@type":"PropertyValueSpecification","valueRequired":true,"valueName":"search_term_string"}}],"inLanguage":"bs-BA"},{"@type":"Organization","@id":"https:\/\/tuzlainfo.ba\/#organization","name":"TuzlaInfo.ba","url":"https:\/\/tuzlainfo.ba\/","logo":{"@type":"ImageObject","inLanguage":"bs-BA","@id":"https:\/\/tuzlainfo.ba\/#\/schema\/logo\/image\/","url":"https:\/\/tuzlainfo.ba\/wp-content\/uploads\/2021\/03\/logo-ver-3-1.png","contentUrl":"https:\/\/tuzlainfo.ba\/wp-content\/uploads\/2021\/03\/logo-ver-3-1.png","width":350,"height":95,"caption":"TuzlaInfo.ba"},"image":{"@id":"https:\/\/tuzlainfo.ba\/#\/schema\/logo\/image\/"},"sameAs":["https:\/\/www.facebook.com\/tuzlainfo.ba\/"]},{"@type":"Person","@id":"https:\/\/tuzlainfo.ba\/#\/schema\/person\/593e78a2f6378c5ba3e7600ecfa4e63a","name":"Admin Tri","image":{"@type":"ImageObject","inLanguage":"bs-BA","@id":"https:\/\/tuzlainfo.ba\/#\/schema\/person\/image\/","url":"https:\/\/tuzlainfo.ba\/wp-content\/litespeed\/avatar\/b7920db4cc34a71ad12497283ad2fe3f.jpg?ver=1777100914","contentUrl":"https:\/\/tuzlainfo.ba\/wp-content\/litespeed\/avatar\/b7920db4cc34a71ad12497283ad2fe3f.jpg?ver=1777100914","caption":"Admin Tri"},"sameAs":["https:\/\/tuzlainfo.ba"]}]}},"_links":{"self":[{"href":"https:\/\/tuzlainfo.ba\/index.php\/wp-json\/wp\/v2\/posts\/278545"}],"collection":[{"href":"https:\/\/tuzlainfo.ba\/index.php\/wp-json\/wp\/v2\/posts"}],"about":[{"href":"https:\/\/tuzlainfo.ba\/index.php\/wp-json\/wp\/v2\/types\/post"}],"author":[{"embeddable":true,"href":"https:\/\/tuzlainfo.ba\/index.php\/wp-json\/wp\/v2\/users\/8"}],"replies":[{"embeddable":true,"href":"https:\/\/tuzlainfo.ba\/index.php\/wp-json\/wp\/v2\/comments?post=278545"}],"version-history":[{"count":1,"href":"https:\/\/tuzlainfo.ba\/index.php\/wp-json\/wp\/v2\/posts\/278545\/revisions"}],"predecessor-version":[{"id":278546,"href":"https:\/\/tuzlainfo.ba\/index.php\/wp-json\/wp\/v2\/posts\/278545\/revisions\/278546"}],"wp:featuredmedia":[{"embeddable":true,"href":"https:\/\/tuzlainfo.ba\/index.php\/wp-json\/wp\/v2\/media\/258999"}],"wp:attachment":[{"href":"https:\/\/tuzlainfo.ba\/index.php\/wp-json\/wp\/v2\/media?parent=278545"}],"wp:term":[{"taxonomy":"category","embeddable":true,"href":"https:\/\/tuzlainfo.ba\/index.php\/wp-json\/wp\/v2\/categories?post=278545"},{"taxonomy":"post_tag","embeddable":true,"href":"https:\/\/tuzlainfo.ba\/index.php\/wp-json\/wp\/v2\/tags?post=278545"}],"curies":[{"name":"wp","href":"https:\/\/api.w.org\/{rel}","templated":true}]}}