{"id":278523,"date":"2025-08-28T12:10:41","date_gmt":"2025-08-28T10:10:41","guid":{"rendered":"https:\/\/tuzlainfo.ba\/?p=278523"},"modified":"2025-08-28T09:27:18","modified_gmt":"2025-08-28T07:27:18","slug":"kada-ce-gradjani-moci-dobiti-povrat-pdv-a-na-prvu-nekretninu","status":"publish","type":"post","link":"https:\/\/tuzlainfo.ba\/index.php\/bosna-i-hercegovina\/item\/278523-kada-ce-gradjani-moci-dobiti-povrat-pdv-a-na-prvu-nekretninu\/","title":{"rendered":"Kada \u0107e gra\u0111ani mo\u0107i dobiti povrat PDV-a na prvu nekretninu?"},"content":{"rendered":"<p>Iako je bila planirana, sjednica Upravnog odbora Uprave za indirektno oporezivanje BiH na kojoj je trebalo biti rije\u010di o pravilnicima za povrat PDV-a na kupovinu prve nekretnine, ne\u0107e biti odr\u017eana ni ove sedmice.<\/p>\n<p>U Kancelariji predsjedavaju\u0107eg Upravnog odbora Uprave za indirektno oporezivanje BiH &#8220;Nezavisnim&#8221; je re\u010deno da sjednica ne\u0107e biti odr\u017eana zbog obaveza ministara finansija.<\/p>\n<p>Ina\u010de, sjednica UO UIO nije odr\u017eana jo\u0161 od aprila. Na toj sjednici razmatrane su izmjene Pravilnika o primjeni zakona o PDV-u, a koje se odnose na kupovinu prve nekretnine. Na toj sjednici dogovoreno je da se \u010dlanovi UO UIO o tom pravilniku izjasne na sljede\u0107oj sjednici, me\u0111utim od tada se nisu sastali.<\/p>\n<p>Prvo, sjednica je ponovo bila zakazana za kraj jula, ali nije odr\u017eana, nakon toga dogovor je bio da se sastanu 6. avgusta, a zatim i 19. avgusta, me\u0111utim zbog obaveza uglavnom ministara finansija Upravni odbor Uprave za indirektno oporezivanje BiH nije se jo\u0161 sastao, a kako se nezvani\u010dno saznaje, novi poku\u0161aj bi\u0107e idu\u0107e sedmice.<\/p>\n<p>Nakon \u0161to se \u010dlanovi UO UIO sastanu i ukoliko usvoje pravilnik, neophodno je da taj dokument pro\u0111e proces konsultacija koji traje 15 dana, a nakon toga treba da se usvoji u kona\u010dnoj formi.<\/p>\n<p>U Kancelariji predsjedavaju\u0107eg Upravnog odbora Uprave za indirektno oporezivanje BiH podsje\u0107aju da \u0107e se povrat PDV-a na prvu nekretninu vr\u0161iti svima koji su tu nekretninu stekli nakon stupanja na snagu izmjena Zakona o PDV-u.<\/p>\n<p>Kada je rije\u010d o dokumentaciji potrebnoj za povrat PDV-a, Sr\u0111an Amid\u017ei\u0107, ministar finansija i trezora BiH, ranije je rekao da \u0107e biti potrebno dostaviti rodni i vjen\u010dani list, te uvjerenje o dr\u017eavljanstvu, ali i dokument poreske uprave kojim dokazuju da prethodno nisu trgovali nekretninama.<\/p>\n<p>Tako\u0111e, bi\u0107e potreban i dokument Republi\u010dke uprave za geodetske i imovinsko-pravne poslove kojom se dokazuje da neko nije bio vlasnik nekretnine, ali i potvrda kojom se dokazuje da su izmirene sve obaveze prema prodavcu nekretnine.<\/p>\n","protected":false},"excerpt":{"rendered":"<p>Iako je bila planirana, sjednica Upravnog odbora Uprave za indirektno oporezivanje BiH na kojoj je&hellip;<\/p>\n","protected":false},"author":4,"featured_media":278131,"comment_status":"closed","ping_status":"closed","sticky":false,"template":"","format":"standard","meta":{"_acf_changed":false,"footnotes":""},"categories":[291,304],"tags":[12663,12662],"acf":[],"yoast_head":"<!-- This site is optimized with the Yoast SEO plugin v23.5 - https:\/\/yoast.com\/wordpress\/plugins\/seo\/ -->\n<title>Kada \u0107e gra\u0111ani mo\u0107i dobiti povrat PDV-a na prvu nekretninu? - TuzlaInfo.ba<\/title>\n<meta name=\"robots\" content=\"index, follow, max-snippet:-1, max-image-preview:large, max-video-preview:-1\" \/>\n<link rel=\"canonical\" href=\"https:\/\/tuzlainfo.ba\/index.php\/bosna-i-hercegovina\/item\/278523-kada-ce-gradjani-moci-dobiti-povrat-pdv-a-na-prvu-nekretninu\/\" \/>\n<meta property=\"og:locale\" content=\"bs_BA\" \/>\n<meta property=\"og:type\" content=\"article\" \/>\n<meta property=\"og:title\" content=\"Kada \u0107e gra\u0111ani mo\u0107i dobiti povrat PDV-a na prvu nekretninu? - TuzlaInfo.ba\" \/>\n<meta property=\"og:description\" content=\"Iako je bila planirana, sjednica Upravnog odbora Uprave za indirektno oporezivanje BiH na kojoj je&hellip;\" \/>\n<meta property=\"og:url\" content=\"https:\/\/tuzlainfo.ba\/index.php\/bosna-i-hercegovina\/item\/278523-kada-ce-gradjani-moci-dobiti-povrat-pdv-a-na-prvu-nekretninu\/\" \/>\n<meta property=\"og:site_name\" content=\"TuzlaInfo.ba\" \/>\n<meta property=\"article:publisher\" content=\"https:\/\/www.facebook.com\/tuzlainfo.ba\/\" \/>\n<meta property=\"article:published_time\" content=\"2025-08-28T10:10:41+00:00\" \/>\n<meta property=\"article:modified_time\" content=\"2025-08-28T07:27:18+00:00\" \/>\n<meta property=\"og:image\" content=\"https:\/\/tuzlainfo.ba\/wp-content\/uploads\/2025\/08\/modern-residential-building-scaled.jpg\" \/>\n\t<meta property=\"og:image:width\" content=\"2560\" \/>\n\t<meta property=\"og:image:height\" content=\"1707\" \/>\n\t<meta property=\"og:image:type\" content=\"image\/jpeg\" \/>\n<meta name=\"author\" content=\"Tuzla Info\" \/>\n<meta name=\"twitter:card\" content=\"summary_large_image\" \/>\n<meta name=\"twitter:label1\" content=\"Written by\" \/>\n\t<meta name=\"twitter:data1\" content=\"Tuzla Info\" \/>\n\t<meta name=\"twitter:label2\" content=\"Est. reading time\" \/>\n\t<meta name=\"twitter:data2\" content=\"2 minute\" \/>\n<script type=\"application\/ld+json\" class=\"yoast-schema-graph\">{\"@context\":\"https:\/\/schema.org\",\"@graph\":[{\"@type\":\"Article\",\"@id\":\"https:\/\/tuzlainfo.ba\/index.php\/bosna-i-hercegovina\/item\/278523-kada-ce-gradjani-moci-dobiti-povrat-pdv-a-na-prvu-nekretninu\/#article\",\"isPartOf\":{\"@id\":\"https:\/\/tuzlainfo.ba\/index.php\/bosna-i-hercegovina\/item\/278523-kada-ce-gradjani-moci-dobiti-povrat-pdv-a-na-prvu-nekretninu\/\"},\"author\":{\"name\":\"Tuzla Info\",\"@id\":\"https:\/\/tuzlainfo.ba\/#\/schema\/person\/46cad4c57790cbc50781edd14870825a\"},\"headline\":\"Kada \u0107e gra\u0111ani mo\u0107i dobiti povrat PDV-a na prvu nekretninu?\",\"datePublished\":\"2025-08-28T10:10:41+00:00\",\"dateModified\":\"2025-08-28T07:27:18+00:00\",\"mainEntityOfPage\":{\"@id\":\"https:\/\/tuzlainfo.ba\/index.php\/bosna-i-hercegovina\/item\/278523-kada-ce-gradjani-moci-dobiti-povrat-pdv-a-na-prvu-nekretninu\/\"},\"wordCount\":345,\"publisher\":{\"@id\":\"https:\/\/tuzlainfo.ba\/#organization\"},\"image\":{\"@id\":\"https:\/\/tuzlainfo.ba\/index.php\/bosna-i-hercegovina\/item\/278523-kada-ce-gradjani-moci-dobiti-povrat-pdv-a-na-prvu-nekretninu\/#primaryimage\"},\"thumbnailUrl\":\"https:\/\/tuzlainfo.ba\/wp-content\/uploads\/2025\/08\/modern-residential-building-scaled.jpg\",\"keywords\":[\"povrat pdv-a\",\"prva nekretnina\"],\"articleSection\":[\"Bosna i Hercegovina\",\"Istaknuto\"],\"inLanguage\":\"bs-BA\"},{\"@type\":\"WebPage\",\"@id\":\"https:\/\/tuzlainfo.ba\/index.php\/bosna-i-hercegovina\/item\/278523-kada-ce-gradjani-moci-dobiti-povrat-pdv-a-na-prvu-nekretninu\/\",\"url\":\"https:\/\/tuzlainfo.ba\/index.php\/bosna-i-hercegovina\/item\/278523-kada-ce-gradjani-moci-dobiti-povrat-pdv-a-na-prvu-nekretninu\/\",\"name\":\"Kada \u0107e gra\u0111ani mo\u0107i dobiti povrat PDV-a na prvu nekretninu? - TuzlaInfo.ba\",\"isPartOf\":{\"@id\":\"https:\/\/tuzlainfo.ba\/#website\"},\"primaryImageOfPage\":{\"@id\":\"https:\/\/tuzlainfo.ba\/index.php\/bosna-i-hercegovina\/item\/278523-kada-ce-gradjani-moci-dobiti-povrat-pdv-a-na-prvu-nekretninu\/#primaryimage\"},\"image\":{\"@id\":\"https:\/\/tuzlainfo.ba\/index.php\/bosna-i-hercegovina\/item\/278523-kada-ce-gradjani-moci-dobiti-povrat-pdv-a-na-prvu-nekretninu\/#primaryimage\"},\"thumbnailUrl\":\"https:\/\/tuzlainfo.ba\/wp-content\/uploads\/2025\/08\/modern-residential-building-scaled.jpg\",\"datePublished\":\"2025-08-28T10:10:41+00:00\",\"dateModified\":\"2025-08-28T07:27:18+00:00\",\"breadcrumb\":{\"@id\":\"https:\/\/tuzlainfo.ba\/index.php\/bosna-i-hercegovina\/item\/278523-kada-ce-gradjani-moci-dobiti-povrat-pdv-a-na-prvu-nekretninu\/#breadcrumb\"},\"inLanguage\":\"bs-BA\",\"potentialAction\":[{\"@type\":\"ReadAction\",\"target\":[\"https:\/\/tuzlainfo.ba\/index.php\/bosna-i-hercegovina\/item\/278523-kada-ce-gradjani-moci-dobiti-povrat-pdv-a-na-prvu-nekretninu\/\"]}]},{\"@type\":\"ImageObject\",\"inLanguage\":\"bs-BA\",\"@id\":\"https:\/\/tuzlainfo.ba\/index.php\/bosna-i-hercegovina\/item\/278523-kada-ce-gradjani-moci-dobiti-povrat-pdv-a-na-prvu-nekretninu\/#primaryimage\",\"url\":\"https:\/\/tuzlainfo.ba\/wp-content\/uploads\/2025\/08\/modern-residential-building-scaled.jpg\",\"contentUrl\":\"https:\/\/tuzlainfo.ba\/wp-content\/uploads\/2025\/08\/modern-residential-building-scaled.jpg\",\"width\":2560,\"height\":1707,\"caption\":\"Foto: Ilustracija\"},{\"@type\":\"BreadcrumbList\",\"@id\":\"https:\/\/tuzlainfo.ba\/index.php\/bosna-i-hercegovina\/item\/278523-kada-ce-gradjani-moci-dobiti-povrat-pdv-a-na-prvu-nekretninu\/#breadcrumb\",\"itemListElement\":[{\"@type\":\"ListItem\",\"position\":1,\"name\":\"Home\",\"item\":\"https:\/\/tuzlainfo.ba\/\"},{\"@type\":\"ListItem\",\"position\":2,\"name\":\"Kada \u0107e gra\u0111ani mo\u0107i dobiti povrat PDV-a na prvu nekretninu?\"}]},{\"@type\":\"WebSite\",\"@id\":\"https:\/\/tuzlainfo.ba\/#website\",\"url\":\"https:\/\/tuzlainfo.ba\/\",\"name\":\"TuzlaInfo.ba\",\"description\":\"Tuzla info, gradski informator - Tuzla na dlanu\",\"publisher\":{\"@id\":\"https:\/\/tuzlainfo.ba\/#organization\"},\"potentialAction\":[{\"@type\":\"SearchAction\",\"target\":{\"@type\":\"EntryPoint\",\"urlTemplate\":\"https:\/\/tuzlainfo.ba\/?s={search_term_string}\"},\"query-input\":{\"@type\":\"PropertyValueSpecification\",\"valueRequired\":true,\"valueName\":\"search_term_string\"}}],\"inLanguage\":\"bs-BA\"},{\"@type\":\"Organization\",\"@id\":\"https:\/\/tuzlainfo.ba\/#organization\",\"name\":\"TuzlaInfo.ba\",\"url\":\"https:\/\/tuzlainfo.ba\/\",\"logo\":{\"@type\":\"ImageObject\",\"inLanguage\":\"bs-BA\",\"@id\":\"https:\/\/tuzlainfo.ba\/#\/schema\/logo\/image\/\",\"url\":\"https:\/\/tuzlainfo.ba\/wp-content\/uploads\/2021\/03\/logo-ver-3-1.png\",\"contentUrl\":\"https:\/\/tuzlainfo.ba\/wp-content\/uploads\/2021\/03\/logo-ver-3-1.png\",\"width\":350,\"height\":95,\"caption\":\"TuzlaInfo.ba\"},\"image\":{\"@id\":\"https:\/\/tuzlainfo.ba\/#\/schema\/logo\/image\/\"},\"sameAs\":[\"https:\/\/www.facebook.com\/tuzlainfo.ba\/\"]},{\"@type\":\"Person\",\"@id\":\"https:\/\/tuzlainfo.ba\/#\/schema\/person\/46cad4c57790cbc50781edd14870825a\",\"name\":\"Tuzla Info\",\"image\":{\"@type\":\"ImageObject\",\"inLanguage\":\"bs-BA\",\"@id\":\"https:\/\/tuzlainfo.ba\/#\/schema\/person\/image\/\",\"url\":\"https:\/\/tuzlainfo.ba\/wp-content\/litespeed\/avatar\/b6c453a6c38e3654f2e4416c643fc25c.jpg?ver=1777051911\",\"contentUrl\":\"https:\/\/tuzlainfo.ba\/wp-content\/litespeed\/avatar\/b6c453a6c38e3654f2e4416c643fc25c.jpg?ver=1777051911\",\"caption\":\"Tuzla Info\"}}]}<\/script>\n<!-- \/ Yoast SEO plugin. -->","yoast_head_json":{"title":"Kada \u0107e gra\u0111ani mo\u0107i dobiti povrat PDV-a na prvu nekretninu? - TuzlaInfo.ba","robots":{"index":"index","follow":"follow","max-snippet":"max-snippet:-1","max-image-preview":"max-image-preview:large","max-video-preview":"max-video-preview:-1"},"canonical":"https:\/\/tuzlainfo.ba\/index.php\/bosna-i-hercegovina\/item\/278523-kada-ce-gradjani-moci-dobiti-povrat-pdv-a-na-prvu-nekretninu\/","og_locale":"bs_BA","og_type":"article","og_title":"Kada \u0107e gra\u0111ani mo\u0107i dobiti povrat PDV-a na prvu nekretninu? - TuzlaInfo.ba","og_description":"Iako je bila planirana, sjednica Upravnog odbora Uprave za indirektno oporezivanje BiH na kojoj je&hellip;","og_url":"https:\/\/tuzlainfo.ba\/index.php\/bosna-i-hercegovina\/item\/278523-kada-ce-gradjani-moci-dobiti-povrat-pdv-a-na-prvu-nekretninu\/","og_site_name":"TuzlaInfo.ba","article_publisher":"https:\/\/www.facebook.com\/tuzlainfo.ba\/","article_published_time":"2025-08-28T10:10:41+00:00","article_modified_time":"2025-08-28T07:27:18+00:00","og_image":[{"width":2560,"height":1707,"url":"https:\/\/tuzlainfo.ba\/wp-content\/uploads\/2025\/08\/modern-residential-building-scaled.jpg","type":"image\/jpeg"}],"author":"Tuzla Info","twitter_card":"summary_large_image","twitter_misc":{"Written by":"Tuzla Info","Est. reading time":"2 minute"},"schema":{"@context":"https:\/\/schema.org","@graph":[{"@type":"Article","@id":"https:\/\/tuzlainfo.ba\/index.php\/bosna-i-hercegovina\/item\/278523-kada-ce-gradjani-moci-dobiti-povrat-pdv-a-na-prvu-nekretninu\/#article","isPartOf":{"@id":"https:\/\/tuzlainfo.ba\/index.php\/bosna-i-hercegovina\/item\/278523-kada-ce-gradjani-moci-dobiti-povrat-pdv-a-na-prvu-nekretninu\/"},"author":{"name":"Tuzla Info","@id":"https:\/\/tuzlainfo.ba\/#\/schema\/person\/46cad4c57790cbc50781edd14870825a"},"headline":"Kada \u0107e gra\u0111ani mo\u0107i dobiti povrat PDV-a na prvu nekretninu?","datePublished":"2025-08-28T10:10:41+00:00","dateModified":"2025-08-28T07:27:18+00:00","mainEntityOfPage":{"@id":"https:\/\/tuzlainfo.ba\/index.php\/bosna-i-hercegovina\/item\/278523-kada-ce-gradjani-moci-dobiti-povrat-pdv-a-na-prvu-nekretninu\/"},"wordCount":345,"publisher":{"@id":"https:\/\/tuzlainfo.ba\/#organization"},"image":{"@id":"https:\/\/tuzlainfo.ba\/index.php\/bosna-i-hercegovina\/item\/278523-kada-ce-gradjani-moci-dobiti-povrat-pdv-a-na-prvu-nekretninu\/#primaryimage"},"thumbnailUrl":"https:\/\/tuzlainfo.ba\/wp-content\/uploads\/2025\/08\/modern-residential-building-scaled.jpg","keywords":["povrat pdv-a","prva nekretnina"],"articleSection":["Bosna i Hercegovina","Istaknuto"],"inLanguage":"bs-BA"},{"@type":"WebPage","@id":"https:\/\/tuzlainfo.ba\/index.php\/bosna-i-hercegovina\/item\/278523-kada-ce-gradjani-moci-dobiti-povrat-pdv-a-na-prvu-nekretninu\/","url":"https:\/\/tuzlainfo.ba\/index.php\/bosna-i-hercegovina\/item\/278523-kada-ce-gradjani-moci-dobiti-povrat-pdv-a-na-prvu-nekretninu\/","name":"Kada \u0107e gra\u0111ani mo\u0107i dobiti povrat PDV-a na prvu nekretninu? - TuzlaInfo.ba","isPartOf":{"@id":"https:\/\/tuzlainfo.ba\/#website"},"primaryImageOfPage":{"@id":"https:\/\/tuzlainfo.ba\/index.php\/bosna-i-hercegovina\/item\/278523-kada-ce-gradjani-moci-dobiti-povrat-pdv-a-na-prvu-nekretninu\/#primaryimage"},"image":{"@id":"https:\/\/tuzlainfo.ba\/index.php\/bosna-i-hercegovina\/item\/278523-kada-ce-gradjani-moci-dobiti-povrat-pdv-a-na-prvu-nekretninu\/#primaryimage"},"thumbnailUrl":"https:\/\/tuzlainfo.ba\/wp-content\/uploads\/2025\/08\/modern-residential-building-scaled.jpg","datePublished":"2025-08-28T10:10:41+00:00","dateModified":"2025-08-28T07:27:18+00:00","breadcrumb":{"@id":"https:\/\/tuzlainfo.ba\/index.php\/bosna-i-hercegovina\/item\/278523-kada-ce-gradjani-moci-dobiti-povrat-pdv-a-na-prvu-nekretninu\/#breadcrumb"},"inLanguage":"bs-BA","potentialAction":[{"@type":"ReadAction","target":["https:\/\/tuzlainfo.ba\/index.php\/bosna-i-hercegovina\/item\/278523-kada-ce-gradjani-moci-dobiti-povrat-pdv-a-na-prvu-nekretninu\/"]}]},{"@type":"ImageObject","inLanguage":"bs-BA","@id":"https:\/\/tuzlainfo.ba\/index.php\/bosna-i-hercegovina\/item\/278523-kada-ce-gradjani-moci-dobiti-povrat-pdv-a-na-prvu-nekretninu\/#primaryimage","url":"https:\/\/tuzlainfo.ba\/wp-content\/uploads\/2025\/08\/modern-residential-building-scaled.jpg","contentUrl":"https:\/\/tuzlainfo.ba\/wp-content\/uploads\/2025\/08\/modern-residential-building-scaled.jpg","width":2560,"height":1707,"caption":"Foto: Ilustracija"},{"@type":"BreadcrumbList","@id":"https:\/\/tuzlainfo.ba\/index.php\/bosna-i-hercegovina\/item\/278523-kada-ce-gradjani-moci-dobiti-povrat-pdv-a-na-prvu-nekretninu\/#breadcrumb","itemListElement":[{"@type":"ListItem","position":1,"name":"Home","item":"https:\/\/tuzlainfo.ba\/"},{"@type":"ListItem","position":2,"name":"Kada \u0107e gra\u0111ani mo\u0107i dobiti povrat PDV-a na prvu nekretninu?"}]},{"@type":"WebSite","@id":"https:\/\/tuzlainfo.ba\/#website","url":"https:\/\/tuzlainfo.ba\/","name":"TuzlaInfo.ba","description":"Tuzla info, gradski informator - Tuzla na dlanu","publisher":{"@id":"https:\/\/tuzlainfo.ba\/#organization"},"potentialAction":[{"@type":"SearchAction","target":{"@type":"EntryPoint","urlTemplate":"https:\/\/tuzlainfo.ba\/?s={search_term_string}"},"query-input":{"@type":"PropertyValueSpecification","valueRequired":true,"valueName":"search_term_string"}}],"inLanguage":"bs-BA"},{"@type":"Organization","@id":"https:\/\/tuzlainfo.ba\/#organization","name":"TuzlaInfo.ba","url":"https:\/\/tuzlainfo.ba\/","logo":{"@type":"ImageObject","inLanguage":"bs-BA","@id":"https:\/\/tuzlainfo.ba\/#\/schema\/logo\/image\/","url":"https:\/\/tuzlainfo.ba\/wp-content\/uploads\/2021\/03\/logo-ver-3-1.png","contentUrl":"https:\/\/tuzlainfo.ba\/wp-content\/uploads\/2021\/03\/logo-ver-3-1.png","width":350,"height":95,"caption":"TuzlaInfo.ba"},"image":{"@id":"https:\/\/tuzlainfo.ba\/#\/schema\/logo\/image\/"},"sameAs":["https:\/\/www.facebook.com\/tuzlainfo.ba\/"]},{"@type":"Person","@id":"https:\/\/tuzlainfo.ba\/#\/schema\/person\/46cad4c57790cbc50781edd14870825a","name":"Tuzla Info","image":{"@type":"ImageObject","inLanguage":"bs-BA","@id":"https:\/\/tuzlainfo.ba\/#\/schema\/person\/image\/","url":"https:\/\/tuzlainfo.ba\/wp-content\/litespeed\/avatar\/b6c453a6c38e3654f2e4416c643fc25c.jpg?ver=1777051911","contentUrl":"https:\/\/tuzlainfo.ba\/wp-content\/litespeed\/avatar\/b6c453a6c38e3654f2e4416c643fc25c.jpg?ver=1777051911","caption":"Tuzla Info"}}]}},"_links":{"self":[{"href":"https:\/\/tuzlainfo.ba\/index.php\/wp-json\/wp\/v2\/posts\/278523"}],"collection":[{"href":"https:\/\/tuzlainfo.ba\/index.php\/wp-json\/wp\/v2\/posts"}],"about":[{"href":"https:\/\/tuzlainfo.ba\/index.php\/wp-json\/wp\/v2\/types\/post"}],"author":[{"embeddable":true,"href":"https:\/\/tuzlainfo.ba\/index.php\/wp-json\/wp\/v2\/users\/4"}],"replies":[{"embeddable":true,"href":"https:\/\/tuzlainfo.ba\/index.php\/wp-json\/wp\/v2\/comments?post=278523"}],"version-history":[{"count":1,"href":"https:\/\/tuzlainfo.ba\/index.php\/wp-json\/wp\/v2\/posts\/278523\/revisions"}],"predecessor-version":[{"id":278530,"href":"https:\/\/tuzlainfo.ba\/index.php\/wp-json\/wp\/v2\/posts\/278523\/revisions\/278530"}],"wp:featuredmedia":[{"embeddable":true,"href":"https:\/\/tuzlainfo.ba\/index.php\/wp-json\/wp\/v2\/media\/278131"}],"wp:attachment":[{"href":"https:\/\/tuzlainfo.ba\/index.php\/wp-json\/wp\/v2\/media?parent=278523"}],"wp:term":[{"taxonomy":"category","embeddable":true,"href":"https:\/\/tuzlainfo.ba\/index.php\/wp-json\/wp\/v2\/categories?post=278523"},{"taxonomy":"post_tag","embeddable":true,"href":"https:\/\/tuzlainfo.ba\/index.php\/wp-json\/wp\/v2\/tags?post=278523"}],"curies":[{"name":"wp","href":"https:\/\/api.w.org\/{rel}","templated":true}]}}