{"id":278483,"date":"2025-08-27T22:17:30","date_gmt":"2025-08-27T20:17:30","guid":{"rendered":"https:\/\/tuzlainfo.ba\/?p=278483"},"modified":"2025-08-27T22:17:30","modified_gmt":"2025-08-27T20:17:30","slug":"amidzic-na-provokaciju-dobio-zestok-odgovor-iz-potocara-zadires-u-nasu-najvecu-ranu","status":"publish","type":"post","link":"https:\/\/tuzlainfo.ba\/index.php\/bosna-i-hercegovina\/item\/278483-amidzic-na-provokaciju-dobio-zestok-odgovor-iz-potocara-zadires-u-nasu-najvecu-ranu\/","title":{"rendered":"Amid\u017ei\u0107 na provokaciju dobio \u017eestok odgovor iz Poto\u010dara: &#8220;Zadire\u0161 u na\u0161u najve\u0107u ranu&#8221;"},"content":{"rendered":"<p>\u010clan Upravnog odbora Memorijalnog centra Srebrenica, Jasmin Hand\u017ei\u0107, reagovao je na izjavu ministra finansija i trezora BiH, Sr\u0111ana Amid\u017ei\u0107a (SNSD), koji je tokom rasprave o prijedlogu bud\u017eeta upitao \u010dlana Predsjedni\u0161tva BiH Denisa Be\u0107irovi\u0107a &#8220;da li mu je prihvatljivo da Srbin bude direktor Memorijalnog centra u Poto\u010darima&#8221;.<\/p>\n<p>Hand\u017ei\u0107 je u svom obra\u0107anju bio jasan i direktan:<\/p>\n<p>\u2013\u00a0&#8220;Po\u0161tovani ministre Amid\u017ei\u0107u, sve dok negirate genocid nad Bo\u0161njacima i institucionalno i na sve druge na\u010dine podrivate i izrugujete se pravosna\u017enim presudama za genocid, nemate ni moralno, a ni politi\u010dko pravo da uop\u0107e spominjete Memorijalni centar Srebrenica-Poto\u010dari Spomen-obilje\u017eje i mezarje za \u017ertve genocida iz 1995. godine.&#8221;<\/p>\n<p>On je naglasio da Amid\u017ei\u0107 nema pravo najva\u017eniju memorijalnu instituciju u historiji BiH, koja \u010duva istinu o genocidu nad Bo\u0161njacima \u2013 najve\u0107em zlo\u010dinu u Evropi nakon Drugog svjetskog rata \u2013 stavljati u dnevnopoliti\u010dki kontekst.<br \/>\n<ins class=\"adsbygoogle adsbygoogle-noablate\" data-ad-format=\"auto\" data-ad-client=\"ca-pub-7305869755181373\" data-adsbygoogle-status=\"done\" data-ad-status=\"unfilled\"><\/p>\n<div id=\"aswift_2_host\"><\/div>\n<p><\/ins>\u2013\u00a0&#8220;Posebno nemate pravo Memorijalni centar, dr\u017eavnu instituciju svjetskog ranga, stavljati u bilo kakav kontekst va\u0161ih pore\u0111enja, jer najva\u017eniju memorijalnu instituciju u historiji na\u0161e zemlje, koja \u010duva istinu o genocidu nad Bo\u0161njacima \u2013 najve\u0107em zlo\u010dinu na tlu Evrope poslije Drugog svjetskog rata, ne mo\u017eete i ne\u0107ete uspore\u0111ivati s bilo kojom drugom u va\u0161e dnevnopoliti\u010dke svrhe.&#8221;<\/p>\n<p>Hand\u017ei\u0107 je dodao da je SNSD-ovcu u raspravi o bud\u017eetu kao zadnji &#8220;argument&#8221; ostalo zadiranje u najve\u0107u ranu Bo\u0161njaka.<\/p>\n<p>\u2013\u00a0&#8220;I da, kao \u0161to ste i sami svjesni, pa ste to i javno rekli, to nas Bo\u0161njake, \u017ertve genocida, vrije\u0111a i boli. Ako Vam je u raspravi oko dr\u017eavnog bud\u017eeta kao zadnji &#8216;argument&#8217; ostalo zadiranje u na\u0161u najve\u0107u ranu, onda to jasno govori o ispravnosti Va\u0161ih stavova i stanju u kojem se politika koju zagovarate trenutno nalazi. Sve dok ne priznate genocid, pravosna\u017ene presude me\u0111unarodnih sudova i ne do\u0111ete u Poto\u010dare da odate po\u010dast \u017ertvama, ne spominjite Memorijalni centar Poto\u010dari.&#8221;<\/p>\n<p>Na kraju, Hand\u017ei\u0107 je podsjetio Amid\u017ei\u0107a da sedam institucija kulture od zna\u010daja za dr\u017eavu BiH nisu nikakve &#8220;bo\u0161nja\u010dke institucije&#8221;, ve\u0107 nacionalne institucije od dr\u017eavnog zna\u010daja.<\/p>\n<p>\u2013\u00a0&#8220;Provjerite, ako ste ikada posjetili barem jednu od sedam institucija kulture, u njima rade svi gra\u0111ani ove zemlje, prije svega vrhunski stru\u010dnjaci i profesionalci. Zaista, tragikomi\u010dno je, recimo, Zemaljski muzej Bosne i Hercegovine, najstariju muzejsku instituciju u na\u0161oj zemlji, koja \u010duva tri miliona eksponata, me\u0111u kojima i \u010detiri fragmenta pogrebnog pla\u0161ta prvog bosanskog kralja Tvrtka I Kotromani\u0107a i Sarajevsku hagadu, nazivati bo\u0161nja\u010dkom institucijom.&#8221;<\/p>\n","protected":false},"excerpt":{"rendered":"<p>\u010clan Upravnog odbora Memorijalnog centra Srebrenica, Jasmin Hand\u017ei\u0107, reagovao je na izjavu ministra finansija i&hellip;<\/p>\n","protected":false},"author":2,"featured_media":274162,"comment_status":"closed","ping_status":"closed","sticky":false,"template":"","format":"standard","meta":{"_acf_changed":false,"footnotes":""},"categories":[291],"tags":[783,8034],"acf":[],"yoast_head":"<!-- This site is optimized with the Yoast SEO plugin v23.5 - https:\/\/yoast.com\/wordpress\/plugins\/seo\/ -->\n<title>Amid\u017ei\u0107 na provokaciju dobio \u017eestok odgovor iz Poto\u010dara: &quot;Zadire\u0161 u na\u0161u najve\u0107u ranu&quot; - TuzlaInfo.ba<\/title>\n<meta name=\"robots\" content=\"index, follow, max-snippet:-1, max-image-preview:large, max-video-preview:-1\" \/>\n<link rel=\"canonical\" href=\"https:\/\/tuzlainfo.ba\/index.php\/bosna-i-hercegovina\/item\/278483-amidzic-na-provokaciju-dobio-zestok-odgovor-iz-potocara-zadires-u-nasu-najvecu-ranu\/\" \/>\n<meta property=\"og:locale\" content=\"bs_BA\" \/>\n<meta property=\"og:type\" content=\"article\" \/>\n<meta property=\"og:title\" content=\"Amid\u017ei\u0107 na provokaciju dobio \u017eestok odgovor iz Poto\u010dara: &quot;Zadire\u0161 u na\u0161u najve\u0107u ranu&quot; - TuzlaInfo.ba\" \/>\n<meta property=\"og:description\" content=\"\u010clan Upravnog odbora Memorijalnog centra Srebrenica, Jasmin Hand\u017ei\u0107, reagovao je na izjavu ministra finansija i&hellip;\" \/>\n<meta property=\"og:url\" content=\"https:\/\/tuzlainfo.ba\/index.php\/bosna-i-hercegovina\/item\/278483-amidzic-na-provokaciju-dobio-zestok-odgovor-iz-potocara-zadires-u-nasu-najvecu-ranu\/\" \/>\n<meta property=\"og:site_name\" content=\"TuzlaInfo.ba\" \/>\n<meta property=\"article:publisher\" content=\"https:\/\/www.facebook.com\/tuzlainfo.ba\/\" \/>\n<meta property=\"article:published_time\" content=\"2025-08-27T20:17:30+00:00\" \/>\n<meta property=\"og:image\" content=\"https:\/\/tuzlainfo.ba\/wp-content\/uploads\/2025\/07\/1207_srebrenica_potocari_memorijalni-5.jpg\" \/>\n\t<meta property=\"og:image:width\" content=\"1440\" \/>\n\t<meta property=\"og:image:height\" content=\"1080\" \/>\n\t<meta property=\"og:image:type\" content=\"image\/jpeg\" \/>\n<meta name=\"author\" content=\"nedim\" \/>\n<meta name=\"twitter:card\" content=\"summary_large_image\" \/>\n<meta name=\"twitter:label1\" content=\"Written by\" \/>\n\t<meta name=\"twitter:data1\" content=\"nedim\" \/>\n\t<meta name=\"twitter:label2\" content=\"Est. reading time\" \/>\n\t<meta name=\"twitter:data2\" content=\"3 minute\" \/>\n<script type=\"application\/ld+json\" class=\"yoast-schema-graph\">{\"@context\":\"https:\/\/schema.org\",\"@graph\":[{\"@type\":\"Article\",\"@id\":\"https:\/\/tuzlainfo.ba\/index.php\/bosna-i-hercegovina\/item\/278483-amidzic-na-provokaciju-dobio-zestok-odgovor-iz-potocara-zadires-u-nasu-najvecu-ranu\/#article\",\"isPartOf\":{\"@id\":\"https:\/\/tuzlainfo.ba\/index.php\/bosna-i-hercegovina\/item\/278483-amidzic-na-provokaciju-dobio-zestok-odgovor-iz-potocara-zadires-u-nasu-najvecu-ranu\/\"},\"author\":{\"name\":\"nedim\",\"@id\":\"https:\/\/tuzlainfo.ba\/#\/schema\/person\/f434e20dc27ea133923aab08451b7f7f\"},\"headline\":\"Amid\u017ei\u0107 na provokaciju dobio \u017eestok odgovor iz Poto\u010dara: &#8220;Zadire\u0161 u na\u0161u najve\u0107u ranu&#8221;\",\"datePublished\":\"2025-08-27T20:17:30+00:00\",\"dateModified\":\"2025-08-27T20:17:30+00:00\",\"mainEntityOfPage\":{\"@id\":\"https:\/\/tuzlainfo.ba\/index.php\/bosna-i-hercegovina\/item\/278483-amidzic-na-provokaciju-dobio-zestok-odgovor-iz-potocara-zadires-u-nasu-najvecu-ranu\/\"},\"wordCount\":464,\"publisher\":{\"@id\":\"https:\/\/tuzlainfo.ba\/#organization\"},\"image\":{\"@id\":\"https:\/\/tuzlainfo.ba\/index.php\/bosna-i-hercegovina\/item\/278483-amidzic-na-provokaciju-dobio-zestok-odgovor-iz-potocara-zadires-u-nasu-najvecu-ranu\/#primaryimage\"},\"thumbnailUrl\":\"https:\/\/tuzlainfo.ba\/wp-content\/uploads\/2025\/07\/1207_srebrenica_potocari_memorijalni-5.jpg\",\"keywords\":[\"memorijalni centar srebrenica\",\"sr\u0111an amid\u017ei\u0107\"],\"articleSection\":[\"Bosna i Hercegovina\"],\"inLanguage\":\"bs-BA\"},{\"@type\":\"WebPage\",\"@id\":\"https:\/\/tuzlainfo.ba\/index.php\/bosna-i-hercegovina\/item\/278483-amidzic-na-provokaciju-dobio-zestok-odgovor-iz-potocara-zadires-u-nasu-najvecu-ranu\/\",\"url\":\"https:\/\/tuzlainfo.ba\/index.php\/bosna-i-hercegovina\/item\/278483-amidzic-na-provokaciju-dobio-zestok-odgovor-iz-potocara-zadires-u-nasu-najvecu-ranu\/\",\"name\":\"Amid\u017ei\u0107 na provokaciju dobio \u017eestok odgovor iz Poto\u010dara: \\\"Zadire\u0161 u na\u0161u najve\u0107u ranu\\\" - TuzlaInfo.ba\",\"isPartOf\":{\"@id\":\"https:\/\/tuzlainfo.ba\/#website\"},\"primaryImageOfPage\":{\"@id\":\"https:\/\/tuzlainfo.ba\/index.php\/bosna-i-hercegovina\/item\/278483-amidzic-na-provokaciju-dobio-zestok-odgovor-iz-potocara-zadires-u-nasu-najvecu-ranu\/#primaryimage\"},\"image\":{\"@id\":\"https:\/\/tuzlainfo.ba\/index.php\/bosna-i-hercegovina\/item\/278483-amidzic-na-provokaciju-dobio-zestok-odgovor-iz-potocara-zadires-u-nasu-najvecu-ranu\/#primaryimage\"},\"thumbnailUrl\":\"https:\/\/tuzlainfo.ba\/wp-content\/uploads\/2025\/07\/1207_srebrenica_potocari_memorijalni-5.jpg\",\"datePublished\":\"2025-08-27T20:17:30+00:00\",\"dateModified\":\"2025-08-27T20:17:30+00:00\",\"breadcrumb\":{\"@id\":\"https:\/\/tuzlainfo.ba\/index.php\/bosna-i-hercegovina\/item\/278483-amidzic-na-provokaciju-dobio-zestok-odgovor-iz-potocara-zadires-u-nasu-najvecu-ranu\/#breadcrumb\"},\"inLanguage\":\"bs-BA\",\"potentialAction\":[{\"@type\":\"ReadAction\",\"target\":[\"https:\/\/tuzlainfo.ba\/index.php\/bosna-i-hercegovina\/item\/278483-amidzic-na-provokaciju-dobio-zestok-odgovor-iz-potocara-zadires-u-nasu-najvecu-ranu\/\"]}]},{\"@type\":\"ImageObject\",\"inLanguage\":\"bs-BA\",\"@id\":\"https:\/\/tuzlainfo.ba\/index.php\/bosna-i-hercegovina\/item\/278483-amidzic-na-provokaciju-dobio-zestok-odgovor-iz-potocara-zadires-u-nasu-najvecu-ranu\/#primaryimage\",\"url\":\"https:\/\/tuzlainfo.ba\/wp-content\/uploads\/2025\/07\/1207_srebrenica_potocari_memorijalni-5.jpg\",\"contentUrl\":\"https:\/\/tuzlainfo.ba\/wp-content\/uploads\/2025\/07\/1207_srebrenica_potocari_memorijalni-5.jpg\",\"width\":1440,\"height\":1080},{\"@type\":\"BreadcrumbList\",\"@id\":\"https:\/\/tuzlainfo.ba\/index.php\/bosna-i-hercegovina\/item\/278483-amidzic-na-provokaciju-dobio-zestok-odgovor-iz-potocara-zadires-u-nasu-najvecu-ranu\/#breadcrumb\",\"itemListElement\":[{\"@type\":\"ListItem\",\"position\":1,\"name\":\"Home\",\"item\":\"https:\/\/tuzlainfo.ba\/\"},{\"@type\":\"ListItem\",\"position\":2,\"name\":\"Amid\u017ei\u0107 na provokaciju dobio \u017eestok odgovor iz Poto\u010dara: &#8220;Zadire\u0161 u na\u0161u najve\u0107u ranu&#8221;\"}]},{\"@type\":\"WebSite\",\"@id\":\"https:\/\/tuzlainfo.ba\/#website\",\"url\":\"https:\/\/tuzlainfo.ba\/\",\"name\":\"TuzlaInfo.ba\",\"description\":\"Tuzla info, gradski informator - Tuzla na dlanu\",\"publisher\":{\"@id\":\"https:\/\/tuzlainfo.ba\/#organization\"},\"potentialAction\":[{\"@type\":\"SearchAction\",\"target\":{\"@type\":\"EntryPoint\",\"urlTemplate\":\"https:\/\/tuzlainfo.ba\/?s={search_term_string}\"},\"query-input\":{\"@type\":\"PropertyValueSpecification\",\"valueRequired\":true,\"valueName\":\"search_term_string\"}}],\"inLanguage\":\"bs-BA\"},{\"@type\":\"Organization\",\"@id\":\"https:\/\/tuzlainfo.ba\/#organization\",\"name\":\"TuzlaInfo.ba\",\"url\":\"https:\/\/tuzlainfo.ba\/\",\"logo\":{\"@type\":\"ImageObject\",\"inLanguage\":\"bs-BA\",\"@id\":\"https:\/\/tuzlainfo.ba\/#\/schema\/logo\/image\/\",\"url\":\"https:\/\/tuzlainfo.ba\/wp-content\/uploads\/2021\/03\/logo-ver-3-1.png\",\"contentUrl\":\"https:\/\/tuzlainfo.ba\/wp-content\/uploads\/2021\/03\/logo-ver-3-1.png\",\"width\":350,\"height\":95,\"caption\":\"TuzlaInfo.ba\"},\"image\":{\"@id\":\"https:\/\/tuzlainfo.ba\/#\/schema\/logo\/image\/\"},\"sameAs\":[\"https:\/\/www.facebook.com\/tuzlainfo.ba\/\"]},{\"@type\":\"Person\",\"@id\":\"https:\/\/tuzlainfo.ba\/#\/schema\/person\/f434e20dc27ea133923aab08451b7f7f\",\"name\":\"nedim\",\"image\":{\"@type\":\"ImageObject\",\"inLanguage\":\"bs-BA\",\"@id\":\"https:\/\/tuzlainfo.ba\/#\/schema\/person\/image\/\",\"url\":\"https:\/\/tuzlainfo.ba\/wp-content\/litespeed\/avatar\/aabad687af24844af817603ac1cbdc4f.jpg?ver=1777306975\",\"contentUrl\":\"https:\/\/tuzlainfo.ba\/wp-content\/litespeed\/avatar\/aabad687af24844af817603ac1cbdc4f.jpg?ver=1777306975\",\"caption\":\"nedim\"},\"description\":\"Tuzlainfo.ba pratite na dru\u0161tvenim mre\u017eama: Facebook, Instagram i Youtube. Svoje pri\u010de, upite i fotografije \u0161aljite na na\u0161u e-mail adresu.\"}]}<\/script>\n<!-- \/ Yoast SEO plugin. -->","yoast_head_json":{"title":"Amid\u017ei\u0107 na provokaciju dobio \u017eestok odgovor iz Poto\u010dara: \"Zadire\u0161 u na\u0161u najve\u0107u ranu\" - TuzlaInfo.ba","robots":{"index":"index","follow":"follow","max-snippet":"max-snippet:-1","max-image-preview":"max-image-preview:large","max-video-preview":"max-video-preview:-1"},"canonical":"https:\/\/tuzlainfo.ba\/index.php\/bosna-i-hercegovina\/item\/278483-amidzic-na-provokaciju-dobio-zestok-odgovor-iz-potocara-zadires-u-nasu-najvecu-ranu\/","og_locale":"bs_BA","og_type":"article","og_title":"Amid\u017ei\u0107 na provokaciju dobio \u017eestok odgovor iz Poto\u010dara: \"Zadire\u0161 u na\u0161u najve\u0107u ranu\" - TuzlaInfo.ba","og_description":"\u010clan Upravnog odbora Memorijalnog centra Srebrenica, Jasmin Hand\u017ei\u0107, reagovao je na izjavu ministra finansija i&hellip;","og_url":"https:\/\/tuzlainfo.ba\/index.php\/bosna-i-hercegovina\/item\/278483-amidzic-na-provokaciju-dobio-zestok-odgovor-iz-potocara-zadires-u-nasu-najvecu-ranu\/","og_site_name":"TuzlaInfo.ba","article_publisher":"https:\/\/www.facebook.com\/tuzlainfo.ba\/","article_published_time":"2025-08-27T20:17:30+00:00","og_image":[{"width":1440,"height":1080,"url":"https:\/\/tuzlainfo.ba\/wp-content\/uploads\/2025\/07\/1207_srebrenica_potocari_memorijalni-5.jpg","type":"image\/jpeg"}],"author":"nedim","twitter_card":"summary_large_image","twitter_misc":{"Written by":"nedim","Est. reading time":"3 minute"},"schema":{"@context":"https:\/\/schema.org","@graph":[{"@type":"Article","@id":"https:\/\/tuzlainfo.ba\/index.php\/bosna-i-hercegovina\/item\/278483-amidzic-na-provokaciju-dobio-zestok-odgovor-iz-potocara-zadires-u-nasu-najvecu-ranu\/#article","isPartOf":{"@id":"https:\/\/tuzlainfo.ba\/index.php\/bosna-i-hercegovina\/item\/278483-amidzic-na-provokaciju-dobio-zestok-odgovor-iz-potocara-zadires-u-nasu-najvecu-ranu\/"},"author":{"name":"nedim","@id":"https:\/\/tuzlainfo.ba\/#\/schema\/person\/f434e20dc27ea133923aab08451b7f7f"},"headline":"Amid\u017ei\u0107 na provokaciju dobio \u017eestok odgovor iz Poto\u010dara: &#8220;Zadire\u0161 u na\u0161u najve\u0107u ranu&#8221;","datePublished":"2025-08-27T20:17:30+00:00","dateModified":"2025-08-27T20:17:30+00:00","mainEntityOfPage":{"@id":"https:\/\/tuzlainfo.ba\/index.php\/bosna-i-hercegovina\/item\/278483-amidzic-na-provokaciju-dobio-zestok-odgovor-iz-potocara-zadires-u-nasu-najvecu-ranu\/"},"wordCount":464,"publisher":{"@id":"https:\/\/tuzlainfo.ba\/#organization"},"image":{"@id":"https:\/\/tuzlainfo.ba\/index.php\/bosna-i-hercegovina\/item\/278483-amidzic-na-provokaciju-dobio-zestok-odgovor-iz-potocara-zadires-u-nasu-najvecu-ranu\/#primaryimage"},"thumbnailUrl":"https:\/\/tuzlainfo.ba\/wp-content\/uploads\/2025\/07\/1207_srebrenica_potocari_memorijalni-5.jpg","keywords":["memorijalni centar srebrenica","sr\u0111an amid\u017ei\u0107"],"articleSection":["Bosna i Hercegovina"],"inLanguage":"bs-BA"},{"@type":"WebPage","@id":"https:\/\/tuzlainfo.ba\/index.php\/bosna-i-hercegovina\/item\/278483-amidzic-na-provokaciju-dobio-zestok-odgovor-iz-potocara-zadires-u-nasu-najvecu-ranu\/","url":"https:\/\/tuzlainfo.ba\/index.php\/bosna-i-hercegovina\/item\/278483-amidzic-na-provokaciju-dobio-zestok-odgovor-iz-potocara-zadires-u-nasu-najvecu-ranu\/","name":"Amid\u017ei\u0107 na provokaciju dobio \u017eestok odgovor iz Poto\u010dara: \"Zadire\u0161 u na\u0161u najve\u0107u ranu\" - TuzlaInfo.ba","isPartOf":{"@id":"https:\/\/tuzlainfo.ba\/#website"},"primaryImageOfPage":{"@id":"https:\/\/tuzlainfo.ba\/index.php\/bosna-i-hercegovina\/item\/278483-amidzic-na-provokaciju-dobio-zestok-odgovor-iz-potocara-zadires-u-nasu-najvecu-ranu\/#primaryimage"},"image":{"@id":"https:\/\/tuzlainfo.ba\/index.php\/bosna-i-hercegovina\/item\/278483-amidzic-na-provokaciju-dobio-zestok-odgovor-iz-potocara-zadires-u-nasu-najvecu-ranu\/#primaryimage"},"thumbnailUrl":"https:\/\/tuzlainfo.ba\/wp-content\/uploads\/2025\/07\/1207_srebrenica_potocari_memorijalni-5.jpg","datePublished":"2025-08-27T20:17:30+00:00","dateModified":"2025-08-27T20:17:30+00:00","breadcrumb":{"@id":"https:\/\/tuzlainfo.ba\/index.php\/bosna-i-hercegovina\/item\/278483-amidzic-na-provokaciju-dobio-zestok-odgovor-iz-potocara-zadires-u-nasu-najvecu-ranu\/#breadcrumb"},"inLanguage":"bs-BA","potentialAction":[{"@type":"ReadAction","target":["https:\/\/tuzlainfo.ba\/index.php\/bosna-i-hercegovina\/item\/278483-amidzic-na-provokaciju-dobio-zestok-odgovor-iz-potocara-zadires-u-nasu-najvecu-ranu\/"]}]},{"@type":"ImageObject","inLanguage":"bs-BA","@id":"https:\/\/tuzlainfo.ba\/index.php\/bosna-i-hercegovina\/item\/278483-amidzic-na-provokaciju-dobio-zestok-odgovor-iz-potocara-zadires-u-nasu-najvecu-ranu\/#primaryimage","url":"https:\/\/tuzlainfo.ba\/wp-content\/uploads\/2025\/07\/1207_srebrenica_potocari_memorijalni-5.jpg","contentUrl":"https:\/\/tuzlainfo.ba\/wp-content\/uploads\/2025\/07\/1207_srebrenica_potocari_memorijalni-5.jpg","width":1440,"height":1080},{"@type":"BreadcrumbList","@id":"https:\/\/tuzlainfo.ba\/index.php\/bosna-i-hercegovina\/item\/278483-amidzic-na-provokaciju-dobio-zestok-odgovor-iz-potocara-zadires-u-nasu-najvecu-ranu\/#breadcrumb","itemListElement":[{"@type":"ListItem","position":1,"name":"Home","item":"https:\/\/tuzlainfo.ba\/"},{"@type":"ListItem","position":2,"name":"Amid\u017ei\u0107 na provokaciju dobio \u017eestok odgovor iz Poto\u010dara: &#8220;Zadire\u0161 u na\u0161u najve\u0107u ranu&#8221;"}]},{"@type":"WebSite","@id":"https:\/\/tuzlainfo.ba\/#website","url":"https:\/\/tuzlainfo.ba\/","name":"TuzlaInfo.ba","description":"Tuzla info, gradski informator - Tuzla na dlanu","publisher":{"@id":"https:\/\/tuzlainfo.ba\/#organization"},"potentialAction":[{"@type":"SearchAction","target":{"@type":"EntryPoint","urlTemplate":"https:\/\/tuzlainfo.ba\/?s={search_term_string}"},"query-input":{"@type":"PropertyValueSpecification","valueRequired":true,"valueName":"search_term_string"}}],"inLanguage":"bs-BA"},{"@type":"Organization","@id":"https:\/\/tuzlainfo.ba\/#organization","name":"TuzlaInfo.ba","url":"https:\/\/tuzlainfo.ba\/","logo":{"@type":"ImageObject","inLanguage":"bs-BA","@id":"https:\/\/tuzlainfo.ba\/#\/schema\/logo\/image\/","url":"https:\/\/tuzlainfo.ba\/wp-content\/uploads\/2021\/03\/logo-ver-3-1.png","contentUrl":"https:\/\/tuzlainfo.ba\/wp-content\/uploads\/2021\/03\/logo-ver-3-1.png","width":350,"height":95,"caption":"TuzlaInfo.ba"},"image":{"@id":"https:\/\/tuzlainfo.ba\/#\/schema\/logo\/image\/"},"sameAs":["https:\/\/www.facebook.com\/tuzlainfo.ba\/"]},{"@type":"Person","@id":"https:\/\/tuzlainfo.ba\/#\/schema\/person\/f434e20dc27ea133923aab08451b7f7f","name":"nedim","image":{"@type":"ImageObject","inLanguage":"bs-BA","@id":"https:\/\/tuzlainfo.ba\/#\/schema\/person\/image\/","url":"https:\/\/tuzlainfo.ba\/wp-content\/litespeed\/avatar\/aabad687af24844af817603ac1cbdc4f.jpg?ver=1777306975","contentUrl":"https:\/\/tuzlainfo.ba\/wp-content\/litespeed\/avatar\/aabad687af24844af817603ac1cbdc4f.jpg?ver=1777306975","caption":"nedim"},"description":"Tuzlainfo.ba pratite na dru\u0161tvenim mre\u017eama: Facebook, Instagram i Youtube. Svoje pri\u010de, upite i fotografije \u0161aljite na na\u0161u e-mail adresu."}]}},"_links":{"self":[{"href":"https:\/\/tuzlainfo.ba\/index.php\/wp-json\/wp\/v2\/posts\/278483"}],"collection":[{"href":"https:\/\/tuzlainfo.ba\/index.php\/wp-json\/wp\/v2\/posts"}],"about":[{"href":"https:\/\/tuzlainfo.ba\/index.php\/wp-json\/wp\/v2\/types\/post"}],"author":[{"embeddable":true,"href":"https:\/\/tuzlainfo.ba\/index.php\/wp-json\/wp\/v2\/users\/2"}],"replies":[{"embeddable":true,"href":"https:\/\/tuzlainfo.ba\/index.php\/wp-json\/wp\/v2\/comments?post=278483"}],"version-history":[{"count":1,"href":"https:\/\/tuzlainfo.ba\/index.php\/wp-json\/wp\/v2\/posts\/278483\/revisions"}],"predecessor-version":[{"id":278484,"href":"https:\/\/tuzlainfo.ba\/index.php\/wp-json\/wp\/v2\/posts\/278483\/revisions\/278484"}],"wp:featuredmedia":[{"embeddable":true,"href":"https:\/\/tuzlainfo.ba\/index.php\/wp-json\/wp\/v2\/media\/274162"}],"wp:attachment":[{"href":"https:\/\/tuzlainfo.ba\/index.php\/wp-json\/wp\/v2\/media?parent=278483"}],"wp:term":[{"taxonomy":"category","embeddable":true,"href":"https:\/\/tuzlainfo.ba\/index.php\/wp-json\/wp\/v2\/categories?post=278483"},{"taxonomy":"post_tag","embeddable":true,"href":"https:\/\/tuzlainfo.ba\/index.php\/wp-json\/wp\/v2\/tags?post=278483"}],"curies":[{"name":"wp","href":"https:\/\/api.w.org\/{rel}","templated":true}]}}