{"id":278385,"date":"2025-08-30T22:04:05","date_gmt":"2025-08-30T20:04:05","guid":{"rendered":"https:\/\/tuzlainfo.ba\/?p=278385"},"modified":"2025-08-29T15:31:48","modified_gmt":"2025-08-29T13:31:48","slug":"njemacka-zatvara-vrata-upola-manje-radnika-sa-balkana-moci-ce-dobiti-posao","status":"publish","type":"post","link":"https:\/\/tuzlainfo.ba\/index.php\/bosna-i-hercegovina\/item\/278385-njemacka-zatvara-vrata-upola-manje-radnika-sa-balkana-moci-ce-dobiti-posao\/","title":{"rendered":"Njema\u010dka zatvara vrata: Upola manje radnika sa Balkana mo\u0107i \u0107e dobiti posao"},"content":{"rendered":"<p>Njema\u010dka odluka da smanji kvote za radnike sa Zapadnog Balkana sa 50.000 na 25.000 godi\u0161nje otvara niz pitanja i za Bosnu i Hercegovinu, \u010dija je ekonomija godinama sna\u017eno vezana za migracije radne snage prema ovoj zemlji i Evropskoj uniji.<\/p>\n<p>Prema dostupnim podacima, broj zaposlenih radnika iz regiona u Njema\u010dkoj porastao je od 2019. do 2024. godine sa ne\u0161to vi\u0161e od 165.000 na vi\u0161e od pola miliona, me\u0111u kojima je zna\u010dajan broj kvalifikovanih radnika.<\/p>\n<h3>Privremeno olak\u0161anje doma\u0107im poslodavcima<\/h3>\n<p>Program poznat kao pravilo za Zapadni Balkan pokazao se kao najbr\u017ei put za zapo\u0161ljavanje radnika iz BiH u inostranstvu, jer je omogu\u0107avao odlazak i onima bez posebnih kvalifikacija, pod uslovom da imaju potpisan ugovor o radu. Smanjenje broja radnih dozvola moglo bi ote\u017eati legalni odlazak u Njema\u010dku, \u0161to doma\u0107im poslodavcima donosi kratkotrajno olak\u0161anje u popunjavanju upra\u017enjenih radnih mjesta, posebno u gra\u0111evinskom i ugostiteljskom sektoru.<\/p>\n<p>Me\u0111utim, stru\u010dnjaci upozoravaju da je rije\u010d samo o privremenom efektu, jer trend iseljavanja nije zaustavljen. Dio radnika poku\u0161a\u0107e prona\u0107i alternativne puteve do Evropske unije, \u0161to otvara rizik od porasta sive migracije.<\/p>\n<h3>Rizik za doznake i privredu<\/h3>\n<p>Odluka Njema\u010dke dugoro\u010dno mo\u017ee zna\u010diti i slabiji priliv doznaka koje su klju\u010dni oslonac bh. ekonomije. Radnici iz inostranstva godi\u0161nje u BiH po\u0161alju vi\u0161e od tri milijarde KM, \u0161to \u010dini zna\u010dajan dio potro\u0161nje i direktno uti\u010de na standard mnogih porodica. Ako se uspori priliv novih radnika u Njema\u010dku, o\u010dekuje se i smanjenje doznaka koje su ranijih godina dosezale i do osam posto BDP-a.<\/p>\n<p>Poseban problem ostaje odlazak kvalifikovanih i visoko motivisanih radnika, \u0161to Bosnu i Hercegovinu suo\u010dava sa padom produktivnosti i manjkom stru\u010dnjaka u klju\u010dnim sektorima. Doma\u0107e kompanije tako ostaju bez stabilne radne snage, \u010dak i ako kratkoro\u010dno osjete odre\u0111enu korist od ograni\u010denja.<\/p>\n<h3>Izazov i prilika<\/h3>\n<p>Njema\u010dki poslodavci ve\u0107 tra\u017ee ukidanje ograni\u010denja, \u0161to je signal da radnici iz BiH u\u017eivaju dobru reputaciju na evropskom tr\u017ei\u0161tu rada. Analiti\u010dari smatraju da bi to mogla biti \u0161ansa za BiH da otvori prostor za bilateralne sporazume ili privla\u010denje stranih investicija koje bi u zemlji otvarale nova radna mjesta.<\/p>\n<p>Za Bosnu i Hercegovinu ovo je, kako se isti\u010de, dvojaka situacija. Kratkoro\u010dno mo\u017ee do\u0107i do zadr\u017eavanja dijela radne snage, ali dugoro\u010dno zemlja rizikuje slabiji priliv doznaka i nastavak odlaska stru\u010dnjaka. Najve\u0107i izazov ostaje kako interes evropskog tr\u017ei\u0161ta za bh. radnicima pretvoriti u stabilne koristi za doma\u0107u privredu.<\/p>\n","protected":false},"excerpt":{"rendered":"<p>Njema\u010dka odluka da smanji kvote za radnike sa Zapadnog Balkana sa 50.000 na 25.000 godi\u0161nje otvara niz pitanja i za Bosnu i Hercegovinu, \u010dija je ekonomija godinama sna\u017eno vezana za migracije radne snage prema ovoj zemlji i Evropskoj uniji. Prema dostupnim podacima, broj zaposlenih radnika iz regiona u Njema\u010dkoj porastao je od 2019. do 2024. [&hellip;]<\/p>\n","protected":false},"author":8,"featured_media":61642,"comment_status":"closed","ping_status":"closed","sticky":false,"template":"","format":"standard","meta":{"footnotes":""},"categories":[291],"tags":[423,8116,3260],"class_list":["post-278385","post","type-post","status-publish","format-standard","has-post-thumbnail","hentry","category-bosna-i-hercegovina","tag-njemacka","tag-radne-dozvole","tag-radnici"],"yoast_head":"<!-- This site is optimized with the Yoast SEO plugin v28.4 - https:\/\/yoast.com\/product\/yoast-seo-wordpress\/ -->\n<title>Njema\u010dka zatvara vrata: Upola manje radnika sa Balkana mo\u0107i \u0107e dobiti posao<\/title>\n<meta name=\"robots\" content=\"index, follow, max-snippet:-1, max-image-preview:large, max-video-preview:-1\" \/>\n<link rel=\"canonical\" href=\"https:\/\/tuzlainfo.ba\/index.php\/bosna-i-hercegovina\/item\/278385-njemacka-zatvara-vrata-upola-manje-radnika-sa-balkana-moci-ce-dobiti-posao\/\" \/>\n<meta property=\"og:locale\" content=\"bs_BA\" \/>\n<meta property=\"og:type\" content=\"article\" \/>\n<meta property=\"og:title\" content=\"Njema\u010dka zatvara vrata: Upola manje radnika sa Balkana mo\u0107i \u0107e dobiti posao\" \/>\n<meta property=\"og:description\" content=\"Njema\u010dka odluka da smanji kvote za radnike sa Zapadnog Balkana sa 50.000 na 25.000 godi\u0161nje otvara niz pitanja i za Bosnu i Hercegovinu, \u010dija je ekonomija godinama sna\u017eno vezana za migracije radne snage prema ovoj zemlji i Evropskoj uniji. Prema dostupnim podacima, broj zaposlenih radnika iz regiona u Njema\u010dkoj porastao je od 2019. do 2024. [&hellip;]\" \/>\n<meta property=\"og:url\" content=\"https:\/\/tuzlainfo.ba\/index.php\/bosna-i-hercegovina\/item\/278385-njemacka-zatvara-vrata-upola-manje-radnika-sa-balkana-moci-ce-dobiti-posao\/\" \/>\n<meta property=\"og:site_name\" content=\"TuzlaInfo.ba\" \/>\n<meta property=\"article:publisher\" content=\"https:\/\/www.facebook.com\/tuzlainfo.ba\/\" \/>\n<meta property=\"article:published_time\" content=\"2025-08-30T20:04:05+00:00\" \/>\n<meta property=\"og:image\" content=\"https:\/\/tuzlainfo.ba\/wp-content\/uploads\/2018\/05\/sadrzaj_2018_20180501_0205_gradjevinci.jpg\" \/>\n\t<meta property=\"og:image:width\" content=\"770\" \/>\n\t<meta property=\"og:image:height\" content=\"430\" \/>\n\t<meta property=\"og:image:type\" content=\"image\/jpeg\" \/>\n<meta name=\"author\" content=\"Admin Tri\" \/>\n<meta name=\"twitter:card\" content=\"summary_large_image\" \/>\n<meta name=\"twitter:label1\" content=\"Written by\" \/>\n\t<meta name=\"twitter:data1\" content=\"Admin Tri\" \/>\n\t<meta name=\"twitter:label2\" content=\"Est. reading time\" \/>\n\t<meta name=\"twitter:data2\" content=\"3 minute\" \/>\n<script type=\"application\/ld+json\" class=\"yoast-schema-graph\">{\"@context\":\"https:\\\/\\\/schema.org\",\"@graph\":[{\"@type\":\"Article\",\"@id\":\"https:\\\/\\\/tuzlainfo.ba\\\/index.php\\\/bosna-i-hercegovina\\\/item\\\/278385-njemacka-zatvara-vrata-upola-manje-radnika-sa-balkana-moci-ce-dobiti-posao\\\/#article\",\"isPartOf\":{\"@id\":\"https:\\\/\\\/tuzlainfo.ba\\\/index.php\\\/bosna-i-hercegovina\\\/item\\\/278385-njemacka-zatvara-vrata-upola-manje-radnika-sa-balkana-moci-ce-dobiti-posao\\\/\"},\"author\":{\"name\":\"Admin Tri\",\"@id\":\"https:\\\/\\\/tuzlainfo.ba\\\/#\\\/schema\\\/person\\\/593e78a2f6378c5ba3e7600ecfa4e63a\"},\"headline\":\"Njema\u010dka zatvara vrata: Upola manje radnika sa Balkana mo\u0107i \u0107e dobiti posao\",\"datePublished\":\"2025-08-30T20:04:05+00:00\",\"mainEntityOfPage\":{\"@id\":\"https:\\\/\\\/tuzlainfo.ba\\\/index.php\\\/bosna-i-hercegovina\\\/item\\\/278385-njemacka-zatvara-vrata-upola-manje-radnika-sa-balkana-moci-ce-dobiti-posao\\\/\"},\"wordCount\":450,\"publisher\":{\"@id\":\"https:\\\/\\\/tuzlainfo.ba\\\/#organization\"},\"image\":{\"@id\":\"https:\\\/\\\/tuzlainfo.ba\\\/index.php\\\/bosna-i-hercegovina\\\/item\\\/278385-njemacka-zatvara-vrata-upola-manje-radnika-sa-balkana-moci-ce-dobiti-posao\\\/#primaryimage\"},\"thumbnailUrl\":\"https:\\\/\\\/tuzlainfo.ba\\\/wp-content\\\/uploads\\\/2018\\\/05\\\/sadrzaj_2018_20180501_0205_gradjevinci.jpg\",\"keywords\":[\"njema\u010dka\",\"radne dozvole\",\"radnici\"],\"articleSection\":[\"Bosna i Hercegovina\"],\"inLanguage\":\"bs-BA\",\"copyrightYear\":\"2025\",\"copyrightHolder\":{\"@id\":\"https:\\\/\\\/tuzlainfo.ba\\\/#organization\"}},{\"@type\":\"WebPage\",\"@id\":\"https:\\\/\\\/tuzlainfo.ba\\\/index.php\\\/bosna-i-hercegovina\\\/item\\\/278385-njemacka-zatvara-vrata-upola-manje-radnika-sa-balkana-moci-ce-dobiti-posao\\\/\",\"url\":\"https:\\\/\\\/tuzlainfo.ba\\\/index.php\\\/bosna-i-hercegovina\\\/item\\\/278385-njemacka-zatvara-vrata-upola-manje-radnika-sa-balkana-moci-ce-dobiti-posao\\\/\",\"name\":\"Njema\u010dka zatvara vrata: Upola manje radnika sa Balkana mo\u0107i \u0107e dobiti posao\",\"isPartOf\":{\"@id\":\"https:\\\/\\\/tuzlainfo.ba\\\/#website\"},\"primaryImageOfPage\":{\"@id\":\"https:\\\/\\\/tuzlainfo.ba\\\/index.php\\\/bosna-i-hercegovina\\\/item\\\/278385-njemacka-zatvara-vrata-upola-manje-radnika-sa-balkana-moci-ce-dobiti-posao\\\/#primaryimage\"},\"image\":{\"@id\":\"https:\\\/\\\/tuzlainfo.ba\\\/index.php\\\/bosna-i-hercegovina\\\/item\\\/278385-njemacka-zatvara-vrata-upola-manje-radnika-sa-balkana-moci-ce-dobiti-posao\\\/#primaryimage\"},\"thumbnailUrl\":\"https:\\\/\\\/tuzlainfo.ba\\\/wp-content\\\/uploads\\\/2018\\\/05\\\/sadrzaj_2018_20180501_0205_gradjevinci.jpg\",\"datePublished\":\"2025-08-30T20:04:05+00:00\",\"breadcrumb\":{\"@id\":\"https:\\\/\\\/tuzlainfo.ba\\\/index.php\\\/bosna-i-hercegovina\\\/item\\\/278385-njemacka-zatvara-vrata-upola-manje-radnika-sa-balkana-moci-ce-dobiti-posao\\\/#breadcrumb\"},\"inLanguage\":\"bs-BA\",\"potentialAction\":[{\"@type\":\"ReadAction\",\"target\":[\"https:\\\/\\\/tuzlainfo.ba\\\/index.php\\\/bosna-i-hercegovina\\\/item\\\/278385-njemacka-zatvara-vrata-upola-manje-radnika-sa-balkana-moci-ce-dobiti-posao\\\/\"]}]},{\"@type\":\"ImageObject\",\"inLanguage\":\"bs-BA\",\"@id\":\"https:\\\/\\\/tuzlainfo.ba\\\/index.php\\\/bosna-i-hercegovina\\\/item\\\/278385-njemacka-zatvara-vrata-upola-manje-radnika-sa-balkana-moci-ce-dobiti-posao\\\/#primaryimage\",\"url\":\"https:\\\/\\\/tuzlainfo.ba\\\/wp-content\\\/uploads\\\/2018\\\/05\\\/sadrzaj_2018_20180501_0205_gradjevinci.jpg\",\"contentUrl\":\"https:\\\/\\\/tuzlainfo.ba\\\/wp-content\\\/uploads\\\/2018\\\/05\\\/sadrzaj_2018_20180501_0205_gradjevinci.jpg\",\"width\":770,\"height\":430,\"caption\":\"0205 gradjevinci\"},{\"@type\":\"BreadcrumbList\",\"@id\":\"https:\\\/\\\/tuzlainfo.ba\\\/index.php\\\/bosna-i-hercegovina\\\/item\\\/278385-njemacka-zatvara-vrata-upola-manje-radnika-sa-balkana-moci-ce-dobiti-posao\\\/#breadcrumb\",\"itemListElement\":[{\"@type\":\"ListItem\",\"position\":1,\"name\":\"Home\",\"item\":\"https:\\\/\\\/tuzlainfo.ba\\\/\"},{\"@type\":\"ListItem\",\"position\":2,\"name\":\"Njema\u010dka zatvara vrata: Upola manje radnika sa Balkana mo\u0107i \u0107e dobiti posao\"}]},{\"@type\":\"WebSite\",\"@id\":\"https:\\\/\\\/tuzlainfo.ba\\\/#website\",\"url\":\"https:\\\/\\\/tuzlainfo.ba\\\/\",\"name\":\"TuzlaInfo.ba\",\"description\":\"Tuzla info, gradski informator - Tuzla na dlanu\",\"publisher\":{\"@id\":\"https:\\\/\\\/tuzlainfo.ba\\\/#organization\"},\"potentialAction\":[{\"@type\":\"SearchAction\",\"target\":{\"@type\":\"EntryPoint\",\"urlTemplate\":\"https:\\\/\\\/tuzlainfo.ba\\\/?s={search_term_string}\"},\"query-input\":{\"@type\":\"PropertyValueSpecification\",\"valueRequired\":true,\"valueName\":\"search_term_string\"}}],\"inLanguage\":\"bs-BA\"},{\"@type\":\"Organization\",\"@id\":\"https:\\\/\\\/tuzlainfo.ba\\\/#organization\",\"name\":\"TuzlaInfo.ba\",\"url\":\"https:\\\/\\\/tuzlainfo.ba\\\/\",\"logo\":{\"@type\":\"ImageObject\",\"inLanguage\":\"bs-BA\",\"@id\":\"https:\\\/\\\/tuzlainfo.ba\\\/#\\\/schema\\\/logo\\\/image\\\/\",\"url\":\"https:\\\/\\\/tuzlainfo.ba\\\/wp-content\\\/uploads\\\/2021\\\/03\\\/logo-ver-3-1.png\",\"contentUrl\":\"https:\\\/\\\/tuzlainfo.ba\\\/wp-content\\\/uploads\\\/2021\\\/03\\\/logo-ver-3-1.png\",\"width\":350,\"height\":95,\"caption\":\"TuzlaInfo.ba\"},\"image\":{\"@id\":\"https:\\\/\\\/tuzlainfo.ba\\\/#\\\/schema\\\/logo\\\/image\\\/\"},\"sameAs\":[\"https:\\\/\\\/www.facebook.com\\\/tuzlainfo.ba\\\/\"]},{\"@type\":\"Person\",\"@id\":\"https:\\\/\\\/tuzlainfo.ba\\\/#\\\/schema\\\/person\\\/593e78a2f6378c5ba3e7600ecfa4e63a\",\"name\":\"Admin Tri\",\"image\":{\"@type\":\"ImageObject\",\"inLanguage\":\"bs-BA\",\"@id\":\"https:\\\/\\\/secure.gravatar.com\\\/avatar\\\/b53a7f47acc7a09467757d8b2234cc38fa334b13599376e53104c0036b528ca1?s=96&d=mm&r=g\",\"url\":\"https:\\\/\\\/secure.gravatar.com\\\/avatar\\\/b53a7f47acc7a09467757d8b2234cc38fa334b13599376e53104c0036b528ca1?s=96&d=mm&r=g\",\"contentUrl\":\"https:\\\/\\\/secure.gravatar.com\\\/avatar\\\/b53a7f47acc7a09467757d8b2234cc38fa334b13599376e53104c0036b528ca1?s=96&d=mm&r=g\",\"caption\":\"Admin Tri\"},\"sameAs\":[\"https:\\\/\\\/tuzlainfo.ba\"]}]}<\/script>\n<!-- \/ Yoast SEO plugin. -->","yoast_head_json":{"title":"Njema\u010dka zatvara vrata: Upola manje radnika sa Balkana mo\u0107i \u0107e dobiti posao","robots":{"index":"index","follow":"follow","max-snippet":"max-snippet:-1","max-image-preview":"max-image-preview:large","max-video-preview":"max-video-preview:-1"},"canonical":"https:\/\/tuzlainfo.ba\/index.php\/bosna-i-hercegovina\/item\/278385-njemacka-zatvara-vrata-upola-manje-radnika-sa-balkana-moci-ce-dobiti-posao\/","og_locale":"bs_BA","og_type":"article","og_title":"Njema\u010dka zatvara vrata: Upola manje radnika sa Balkana mo\u0107i \u0107e dobiti posao","og_description":"Njema\u010dka odluka da smanji kvote za radnike sa Zapadnog Balkana sa 50.000 na 25.000 godi\u0161nje otvara niz pitanja i za Bosnu i Hercegovinu, \u010dija je ekonomija godinama sna\u017eno vezana za migracije radne snage prema ovoj zemlji i Evropskoj uniji. Prema dostupnim podacima, broj zaposlenih radnika iz regiona u Njema\u010dkoj porastao je od 2019. do 2024. [&hellip;]","og_url":"https:\/\/tuzlainfo.ba\/index.php\/bosna-i-hercegovina\/item\/278385-njemacka-zatvara-vrata-upola-manje-radnika-sa-balkana-moci-ce-dobiti-posao\/","og_site_name":"TuzlaInfo.ba","article_publisher":"https:\/\/www.facebook.com\/tuzlainfo.ba\/","article_published_time":"2025-08-30T20:04:05+00:00","og_image":[{"width":770,"height":430,"url":"https:\/\/tuzlainfo.ba\/wp-content\/uploads\/2018\/05\/sadrzaj_2018_20180501_0205_gradjevinci.jpg","type":"image\/jpeg"}],"author":"Admin Tri","twitter_card":"summary_large_image","twitter_misc":{"Written by":"Admin Tri","Est. reading time":"3 minute"},"schema":{"@context":"https:\/\/schema.org","@graph":[{"@type":"Article","@id":"https:\/\/tuzlainfo.ba\/index.php\/bosna-i-hercegovina\/item\/278385-njemacka-zatvara-vrata-upola-manje-radnika-sa-balkana-moci-ce-dobiti-posao\/#article","isPartOf":{"@id":"https:\/\/tuzlainfo.ba\/index.php\/bosna-i-hercegovina\/item\/278385-njemacka-zatvara-vrata-upola-manje-radnika-sa-balkana-moci-ce-dobiti-posao\/"},"author":{"name":"Admin Tri","@id":"https:\/\/tuzlainfo.ba\/#\/schema\/person\/593e78a2f6378c5ba3e7600ecfa4e63a"},"headline":"Njema\u010dka zatvara vrata: Upola manje radnika sa Balkana mo\u0107i \u0107e dobiti posao","datePublished":"2025-08-30T20:04:05+00:00","mainEntityOfPage":{"@id":"https:\/\/tuzlainfo.ba\/index.php\/bosna-i-hercegovina\/item\/278385-njemacka-zatvara-vrata-upola-manje-radnika-sa-balkana-moci-ce-dobiti-posao\/"},"wordCount":450,"publisher":{"@id":"https:\/\/tuzlainfo.ba\/#organization"},"image":{"@id":"https:\/\/tuzlainfo.ba\/index.php\/bosna-i-hercegovina\/item\/278385-njemacka-zatvara-vrata-upola-manje-radnika-sa-balkana-moci-ce-dobiti-posao\/#primaryimage"},"thumbnailUrl":"https:\/\/tuzlainfo.ba\/wp-content\/uploads\/2018\/05\/sadrzaj_2018_20180501_0205_gradjevinci.jpg","keywords":["njema\u010dka","radne dozvole","radnici"],"articleSection":["Bosna i Hercegovina"],"inLanguage":"bs-BA","copyrightYear":"2025","copyrightHolder":{"@id":"https:\/\/tuzlainfo.ba\/#organization"}},{"@type":"WebPage","@id":"https:\/\/tuzlainfo.ba\/index.php\/bosna-i-hercegovina\/item\/278385-njemacka-zatvara-vrata-upola-manje-radnika-sa-balkana-moci-ce-dobiti-posao\/","url":"https:\/\/tuzlainfo.ba\/index.php\/bosna-i-hercegovina\/item\/278385-njemacka-zatvara-vrata-upola-manje-radnika-sa-balkana-moci-ce-dobiti-posao\/","name":"Njema\u010dka zatvara vrata: Upola manje radnika sa Balkana mo\u0107i \u0107e dobiti posao","isPartOf":{"@id":"https:\/\/tuzlainfo.ba\/#website"},"primaryImageOfPage":{"@id":"https:\/\/tuzlainfo.ba\/index.php\/bosna-i-hercegovina\/item\/278385-njemacka-zatvara-vrata-upola-manje-radnika-sa-balkana-moci-ce-dobiti-posao\/#primaryimage"},"image":{"@id":"https:\/\/tuzlainfo.ba\/index.php\/bosna-i-hercegovina\/item\/278385-njemacka-zatvara-vrata-upola-manje-radnika-sa-balkana-moci-ce-dobiti-posao\/#primaryimage"},"thumbnailUrl":"https:\/\/tuzlainfo.ba\/wp-content\/uploads\/2018\/05\/sadrzaj_2018_20180501_0205_gradjevinci.jpg","datePublished":"2025-08-30T20:04:05+00:00","breadcrumb":{"@id":"https:\/\/tuzlainfo.ba\/index.php\/bosna-i-hercegovina\/item\/278385-njemacka-zatvara-vrata-upola-manje-radnika-sa-balkana-moci-ce-dobiti-posao\/#breadcrumb"},"inLanguage":"bs-BA","potentialAction":[{"@type":"ReadAction","target":["https:\/\/tuzlainfo.ba\/index.php\/bosna-i-hercegovina\/item\/278385-njemacka-zatvara-vrata-upola-manje-radnika-sa-balkana-moci-ce-dobiti-posao\/"]}]},{"@type":"ImageObject","inLanguage":"bs-BA","@id":"https:\/\/tuzlainfo.ba\/index.php\/bosna-i-hercegovina\/item\/278385-njemacka-zatvara-vrata-upola-manje-radnika-sa-balkana-moci-ce-dobiti-posao\/#primaryimage","url":"https:\/\/tuzlainfo.ba\/wp-content\/uploads\/2018\/05\/sadrzaj_2018_20180501_0205_gradjevinci.jpg","contentUrl":"https:\/\/tuzlainfo.ba\/wp-content\/uploads\/2018\/05\/sadrzaj_2018_20180501_0205_gradjevinci.jpg","width":770,"height":430,"caption":"0205 gradjevinci"},{"@type":"BreadcrumbList","@id":"https:\/\/tuzlainfo.ba\/index.php\/bosna-i-hercegovina\/item\/278385-njemacka-zatvara-vrata-upola-manje-radnika-sa-balkana-moci-ce-dobiti-posao\/#breadcrumb","itemListElement":[{"@type":"ListItem","position":1,"name":"Home","item":"https:\/\/tuzlainfo.ba\/"},{"@type":"ListItem","position":2,"name":"Njema\u010dka zatvara vrata: Upola manje radnika sa Balkana mo\u0107i \u0107e dobiti posao"}]},{"@type":"WebSite","@id":"https:\/\/tuzlainfo.ba\/#website","url":"https:\/\/tuzlainfo.ba\/","name":"TuzlaInfo.ba","description":"Tuzla info, gradski informator - Tuzla na dlanu","publisher":{"@id":"https:\/\/tuzlainfo.ba\/#organization"},"potentialAction":[{"@type":"SearchAction","target":{"@type":"EntryPoint","urlTemplate":"https:\/\/tuzlainfo.ba\/?s={search_term_string}"},"query-input":{"@type":"PropertyValueSpecification","valueRequired":true,"valueName":"search_term_string"}}],"inLanguage":"bs-BA"},{"@type":"Organization","@id":"https:\/\/tuzlainfo.ba\/#organization","name":"TuzlaInfo.ba","url":"https:\/\/tuzlainfo.ba\/","logo":{"@type":"ImageObject","inLanguage":"bs-BA","@id":"https:\/\/tuzlainfo.ba\/#\/schema\/logo\/image\/","url":"https:\/\/tuzlainfo.ba\/wp-content\/uploads\/2021\/03\/logo-ver-3-1.png","contentUrl":"https:\/\/tuzlainfo.ba\/wp-content\/uploads\/2021\/03\/logo-ver-3-1.png","width":350,"height":95,"caption":"TuzlaInfo.ba"},"image":{"@id":"https:\/\/tuzlainfo.ba\/#\/schema\/logo\/image\/"},"sameAs":["https:\/\/www.facebook.com\/tuzlainfo.ba\/"]},{"@type":"Person","@id":"https:\/\/tuzlainfo.ba\/#\/schema\/person\/593e78a2f6378c5ba3e7600ecfa4e63a","name":"Admin Tri","image":{"@type":"ImageObject","inLanguage":"bs-BA","@id":"https:\/\/secure.gravatar.com\/avatar\/b53a7f47acc7a09467757d8b2234cc38fa334b13599376e53104c0036b528ca1?s=96&d=mm&r=g","url":"https:\/\/secure.gravatar.com\/avatar\/b53a7f47acc7a09467757d8b2234cc38fa334b13599376e53104c0036b528ca1?s=96&d=mm&r=g","contentUrl":"https:\/\/secure.gravatar.com\/avatar\/b53a7f47acc7a09467757d8b2234cc38fa334b13599376e53104c0036b528ca1?s=96&d=mm&r=g","caption":"Admin Tri"},"sameAs":["https:\/\/tuzlainfo.ba"]}]}},"_links":{"self":[{"href":"https:\/\/tuzlainfo.ba\/index.php\/wp-json\/wp\/v2\/posts\/278385","targetHints":{"allow":["GET"]}}],"collection":[{"href":"https:\/\/tuzlainfo.ba\/index.php\/wp-json\/wp\/v2\/posts"}],"about":[{"href":"https:\/\/tuzlainfo.ba\/index.php\/wp-json\/wp\/v2\/types\/post"}],"author":[{"embeddable":true,"href":"https:\/\/tuzlainfo.ba\/index.php\/wp-json\/wp\/v2\/users\/8"}],"replies":[{"embeddable":true,"href":"https:\/\/tuzlainfo.ba\/index.php\/wp-json\/wp\/v2\/comments?post=278385"}],"version-history":[{"count":1,"href":"https:\/\/tuzlainfo.ba\/index.php\/wp-json\/wp\/v2\/posts\/278385\/revisions"}],"predecessor-version":[{"id":278387,"href":"https:\/\/tuzlainfo.ba\/index.php\/wp-json\/wp\/v2\/posts\/278385\/revisions\/278387"}],"wp:featuredmedia":[{"embeddable":true,"href":"https:\/\/tuzlainfo.ba\/index.php\/wp-json\/wp\/v2\/media\/61642"}],"wp:attachment":[{"href":"https:\/\/tuzlainfo.ba\/index.php\/wp-json\/wp\/v2\/media?parent=278385"}],"wp:term":[{"taxonomy":"category","embeddable":true,"href":"https:\/\/tuzlainfo.ba\/index.php\/wp-json\/wp\/v2\/categories?post=278385"},{"taxonomy":"post_tag","embeddable":true,"href":"https:\/\/tuzlainfo.ba\/index.php\/wp-json\/wp\/v2\/tags?post=278385"}],"curies":[{"name":"wp","href":"https:\/\/api.w.org\/{rel}","templated":true}]}}