{"id":278372,"date":"2025-08-27T08:55:26","date_gmt":"2025-08-27T06:55:26","guid":{"rendered":"https:\/\/tuzlainfo.ba\/?p=278372"},"modified":"2025-08-27T12:57:09","modified_gmt":"2025-08-27T10:57:09","slug":"pregled-deset-najvecih-pdv-duznika-u-tuzli-lider-kreka-sa-19-miliona-km-neplacenih-obaveza","status":"publish","type":"post","link":"https:\/\/tuzlainfo.ba\/index.php\/novosti\/item\/278372-pregled-deset-najvecih-pdv-duznika-u-tuzli-lider-kreka-sa-19-miliona-km-neplacenih-obaveza\/","title":{"rendered":"Pregled deset najve\u0107ih PDV du\u017enika u Tuzli, lider Kreka sa 19 miliona KM nepla\u0107enih obaveza"},"content":{"rendered":"<p data-start=\"0\" data-end=\"308\">Na listi PDV i akciznih du\u017enika u Bosni i Hercegovini, \u010diji pojedina\u010dni dug prelazi 25.000 KM, nalazi se ukupno 1.395 preduze\u0107a.<\/p>\n<p data-start=\"0\" data-end=\"308\">Na listi koju je objavio portal Capital.ba, na drugom mjesti iza sarajevskog GRASA po visi duga je\u00a0 Rudnik uglja &#8220;Kreka&#8221;\u00a0 iz Tuzle isti\u010de se kao najve\u0107i du\u017enik iz ovog grada sa dugom od 19.376.331,25 KM.<\/p>\n<p data-start=\"0\" data-end=\"308\">Iz tabele koju je objavio navedeni portal izdvojili smo deset firmi\u00a0 iz Tuzle sa zna\u010dajnim obavezama prema dr\u017eavi.<\/p>\n<p data-start=\"310\" data-end=\"559\">Drugi najve\u0107i PDV du\u017enik iz Tuzle je &#8220;VM PROMET Co&#8221; d.o.o. sa dugom od 1.078.653,62 KM, dok je tre\u0107i &#8220;SINBRA&#8221; d.o.o. sa 466.339,78 KM. Na \u010detvrtom mjestu je &#8220;ALG GROUP&#8221; d.o.o. sa 315.508,19 KM, a peti &#8220;ALUPERFECT&#8221; d.o.o. sa dugom od 291.389,55 KM.<\/p>\n<p data-start=\"561\" data-end=\"889\">Me\u0111u preduze\u0107ima sa najve\u0107im obavezama su i &#8220;CITY GYM&#8221; d.o.o. sa 286.371,75 KM, &#8220;WILD COMERC&#8221; d.o.o. sa 203.983,50 KM, te Javno preduze\u0107e &#8220;DIREKCIJA ZA IZGRADNJU d.o.o. za in\u017eenjering i usluge&#8221; sa 180.460,41 KM. Na devetom mjestu je &#8220;HALILOVI\u0106 INTERNATIONAL&#8221; d.o.o., dok je deseti &#8220;EURO PACK&#8221; d.o.o. sa dugom od 169.872,49 KM.<\/p>\n<p data-start=\"561\" data-end=\"889\">Kompletan spisak pogledajte <a href=\"https:\/\/capital.ba\/wp-content\/uploads\/2025\/08\/PDV-dznici.pdf#dmid=9822503a-9068-4049-bd25-f06a561b7d6b\"><span style=\"text-decoration: underline;\"><strong>OVDJE<\/strong><\/span><\/a>. <strong>\/Tuzlainfo.ba\/<\/strong><\/p>\n","protected":false},"excerpt":{"rendered":"<p>Na listi PDV i akciznih du\u017enika u Bosni i Hercegovini, \u010diji pojedina\u010dni dug prelazi 25.000&hellip;<\/p>\n","protected":false},"author":2,"featured_media":78616,"comment_status":"closed","ping_status":"closed","sticky":false,"template":"","format":"standard","meta":{"_acf_changed":false,"footnotes":""},"categories":[304,12,306],"tags":[3013,12655],"acf":[],"yoast_head":"<!-- This site is optimized with the Yoast SEO plugin v23.5 - https:\/\/yoast.com\/wordpress\/plugins\/seo\/ -->\n<title>Pregled deset najve\u0107ih PDV du\u017enika u Tuzli, lider Kreka sa 19 miliona KM nepla\u0107enih obaveza - TuzlaInfo.ba<\/title>\n<meta name=\"robots\" content=\"index, follow, max-snippet:-1, max-image-preview:large, max-video-preview:-1\" \/>\n<link rel=\"canonical\" href=\"https:\/\/tuzlainfo.ba\/index.php\/novosti\/item\/278372-pregled-deset-najvecih-pdv-duznika-u-tuzli-lider-kreka-sa-19-miliona-km-neplacenih-obaveza\/\" \/>\n<meta property=\"og:locale\" content=\"bs_BA\" \/>\n<meta property=\"og:type\" content=\"article\" \/>\n<meta property=\"og:title\" content=\"Pregled deset najve\u0107ih PDV du\u017enika u Tuzli, lider Kreka sa 19 miliona KM nepla\u0107enih obaveza - TuzlaInfo.ba\" \/>\n<meta property=\"og:description\" content=\"Na listi PDV i akciznih du\u017enika u Bosni i Hercegovini, \u010diji pojedina\u010dni dug prelazi 25.000&hellip;\" \/>\n<meta property=\"og:url\" content=\"https:\/\/tuzlainfo.ba\/index.php\/novosti\/item\/278372-pregled-deset-najvecih-pdv-duznika-u-tuzli-lider-kreka-sa-19-miliona-km-neplacenih-obaveza\/\" \/>\n<meta property=\"og:site_name\" content=\"TuzlaInfo.ba\" \/>\n<meta property=\"article:publisher\" content=\"https:\/\/www.facebook.com\/tuzlainfo.ba\/\" \/>\n<meta property=\"article:published_time\" content=\"2025-08-27T06:55:26+00:00\" \/>\n<meta property=\"article:modified_time\" content=\"2025-08-27T10:57:09+00:00\" \/>\n<meta property=\"og:image\" content=\"https:\/\/tuzlainfo.ba\/wp-content\/uploads\/2020\/04\/sadrzaj_2020_20200401_1504_novac.jpg\" \/>\n\t<meta property=\"og:image:width\" content=\"770\" \/>\n\t<meta property=\"og:image:height\" content=\"442\" \/>\n\t<meta property=\"og:image:type\" content=\"image\/jpeg\" \/>\n<meta name=\"author\" content=\"nedim\" \/>\n<meta name=\"twitter:card\" content=\"summary_large_image\" \/>\n<meta name=\"twitter:label1\" content=\"Written by\" \/>\n\t<meta name=\"twitter:data1\" content=\"nedim\" \/>\n\t<meta name=\"twitter:label2\" content=\"Est. reading time\" \/>\n\t<meta name=\"twitter:data2\" content=\"2 minute\" \/>\n<script type=\"application\/ld+json\" class=\"yoast-schema-graph\">{\"@context\":\"https:\/\/schema.org\",\"@graph\":[{\"@type\":\"Article\",\"@id\":\"https:\/\/tuzlainfo.ba\/index.php\/novosti\/item\/278372-pregled-deset-najvecih-pdv-duznika-u-tuzli-lider-kreka-sa-19-miliona-km-neplacenih-obaveza\/#article\",\"isPartOf\":{\"@id\":\"https:\/\/tuzlainfo.ba\/index.php\/novosti\/item\/278372-pregled-deset-najvecih-pdv-duznika-u-tuzli-lider-kreka-sa-19-miliona-km-neplacenih-obaveza\/\"},\"author\":{\"name\":\"nedim\",\"@id\":\"https:\/\/tuzlainfo.ba\/#\/schema\/person\/f434e20dc27ea133923aab08451b7f7f\"},\"headline\":\"Pregled deset najve\u0107ih PDV du\u017enika u Tuzli, lider Kreka sa 19 miliona KM nepla\u0107enih obaveza\",\"datePublished\":\"2025-08-27T06:55:26+00:00\",\"dateModified\":\"2025-08-27T10:57:09+00:00\",\"mainEntityOfPage\":{\"@id\":\"https:\/\/tuzlainfo.ba\/index.php\/novosti\/item\/278372-pregled-deset-najvecih-pdv-duznika-u-tuzli-lider-kreka-sa-19-miliona-km-neplacenih-obaveza\/\"},\"wordCount\":215,\"publisher\":{\"@id\":\"https:\/\/tuzlainfo.ba\/#organization\"},\"image\":{\"@id\":\"https:\/\/tuzlainfo.ba\/index.php\/novosti\/item\/278372-pregled-deset-najvecih-pdv-duznika-u-tuzli-lider-kreka-sa-19-miliona-km-neplacenih-obaveza\/#primaryimage\"},\"thumbnailUrl\":\"https:\/\/tuzlainfo.ba\/wp-content\/uploads\/2020\/04\/sadrzaj_2020_20200401_1504_novac.jpg\",\"keywords\":[\"PDV\",\"PDV dug\"],\"articleSection\":[\"Istaknuto\",\"Novosti\",\"Preporu\u010dujemo\"],\"inLanguage\":\"bs-BA\"},{\"@type\":\"WebPage\",\"@id\":\"https:\/\/tuzlainfo.ba\/index.php\/novosti\/item\/278372-pregled-deset-najvecih-pdv-duznika-u-tuzli-lider-kreka-sa-19-miliona-km-neplacenih-obaveza\/\",\"url\":\"https:\/\/tuzlainfo.ba\/index.php\/novosti\/item\/278372-pregled-deset-najvecih-pdv-duznika-u-tuzli-lider-kreka-sa-19-miliona-km-neplacenih-obaveza\/\",\"name\":\"Pregled deset najve\u0107ih PDV du\u017enika u Tuzli, lider Kreka sa 19 miliona KM nepla\u0107enih obaveza - TuzlaInfo.ba\",\"isPartOf\":{\"@id\":\"https:\/\/tuzlainfo.ba\/#website\"},\"primaryImageOfPage\":{\"@id\":\"https:\/\/tuzlainfo.ba\/index.php\/novosti\/item\/278372-pregled-deset-najvecih-pdv-duznika-u-tuzli-lider-kreka-sa-19-miliona-km-neplacenih-obaveza\/#primaryimage\"},\"image\":{\"@id\":\"https:\/\/tuzlainfo.ba\/index.php\/novosti\/item\/278372-pregled-deset-najvecih-pdv-duznika-u-tuzli-lider-kreka-sa-19-miliona-km-neplacenih-obaveza\/#primaryimage\"},\"thumbnailUrl\":\"https:\/\/tuzlainfo.ba\/wp-content\/uploads\/2020\/04\/sadrzaj_2020_20200401_1504_novac.jpg\",\"datePublished\":\"2025-08-27T06:55:26+00:00\",\"dateModified\":\"2025-08-27T10:57:09+00:00\",\"breadcrumb\":{\"@id\":\"https:\/\/tuzlainfo.ba\/index.php\/novosti\/item\/278372-pregled-deset-najvecih-pdv-duznika-u-tuzli-lider-kreka-sa-19-miliona-km-neplacenih-obaveza\/#breadcrumb\"},\"inLanguage\":\"bs-BA\",\"potentialAction\":[{\"@type\":\"ReadAction\",\"target\":[\"https:\/\/tuzlainfo.ba\/index.php\/novosti\/item\/278372-pregled-deset-najvecih-pdv-duznika-u-tuzli-lider-kreka-sa-19-miliona-km-neplacenih-obaveza\/\"]}]},{\"@type\":\"ImageObject\",\"inLanguage\":\"bs-BA\",\"@id\":\"https:\/\/tuzlainfo.ba\/index.php\/novosti\/item\/278372-pregled-deset-najvecih-pdv-duznika-u-tuzli-lider-kreka-sa-19-miliona-km-neplacenih-obaveza\/#primaryimage\",\"url\":\"https:\/\/tuzlainfo.ba\/wp-content\/uploads\/2020\/04\/sadrzaj_2020_20200401_1504_novac.jpg\",\"contentUrl\":\"https:\/\/tuzlainfo.ba\/wp-content\/uploads\/2020\/04\/sadrzaj_2020_20200401_1504_novac.jpg\",\"width\":770,\"height\":442,\"caption\":\"1504 novac\"},{\"@type\":\"BreadcrumbList\",\"@id\":\"https:\/\/tuzlainfo.ba\/index.php\/novosti\/item\/278372-pregled-deset-najvecih-pdv-duznika-u-tuzli-lider-kreka-sa-19-miliona-km-neplacenih-obaveza\/#breadcrumb\",\"itemListElement\":[{\"@type\":\"ListItem\",\"position\":1,\"name\":\"Home\",\"item\":\"https:\/\/tuzlainfo.ba\/\"},{\"@type\":\"ListItem\",\"position\":2,\"name\":\"Pregled deset najve\u0107ih PDV du\u017enika u Tuzli, lider Kreka sa 19 miliona KM nepla\u0107enih obaveza\"}]},{\"@type\":\"WebSite\",\"@id\":\"https:\/\/tuzlainfo.ba\/#website\",\"url\":\"https:\/\/tuzlainfo.ba\/\",\"name\":\"TuzlaInfo.ba\",\"description\":\"Tuzla info, gradski informator - Tuzla na dlanu\",\"publisher\":{\"@id\":\"https:\/\/tuzlainfo.ba\/#organization\"},\"potentialAction\":[{\"@type\":\"SearchAction\",\"target\":{\"@type\":\"EntryPoint\",\"urlTemplate\":\"https:\/\/tuzlainfo.ba\/?s={search_term_string}\"},\"query-input\":{\"@type\":\"PropertyValueSpecification\",\"valueRequired\":true,\"valueName\":\"search_term_string\"}}],\"inLanguage\":\"bs-BA\"},{\"@type\":\"Organization\",\"@id\":\"https:\/\/tuzlainfo.ba\/#organization\",\"name\":\"TuzlaInfo.ba\",\"url\":\"https:\/\/tuzlainfo.ba\/\",\"logo\":{\"@type\":\"ImageObject\",\"inLanguage\":\"bs-BA\",\"@id\":\"https:\/\/tuzlainfo.ba\/#\/schema\/logo\/image\/\",\"url\":\"https:\/\/tuzlainfo.ba\/wp-content\/uploads\/2021\/03\/logo-ver-3-1.png\",\"contentUrl\":\"https:\/\/tuzlainfo.ba\/wp-content\/uploads\/2021\/03\/logo-ver-3-1.png\",\"width\":350,\"height\":95,\"caption\":\"TuzlaInfo.ba\"},\"image\":{\"@id\":\"https:\/\/tuzlainfo.ba\/#\/schema\/logo\/image\/\"},\"sameAs\":[\"https:\/\/www.facebook.com\/tuzlainfo.ba\/\"]},{\"@type\":\"Person\",\"@id\":\"https:\/\/tuzlainfo.ba\/#\/schema\/person\/f434e20dc27ea133923aab08451b7f7f\",\"name\":\"nedim\",\"image\":{\"@type\":\"ImageObject\",\"inLanguage\":\"bs-BA\",\"@id\":\"https:\/\/tuzlainfo.ba\/#\/schema\/person\/image\/\",\"url\":\"https:\/\/tuzlainfo.ba\/wp-content\/litespeed\/avatar\/aabad687af24844af817603ac1cbdc4f.jpg?ver=1777306975\",\"contentUrl\":\"https:\/\/tuzlainfo.ba\/wp-content\/litespeed\/avatar\/aabad687af24844af817603ac1cbdc4f.jpg?ver=1777306975\",\"caption\":\"nedim\"},\"description\":\"Tuzlainfo.ba pratite na dru\u0161tvenim mre\u017eama: Facebook, Instagram i Youtube. Svoje pri\u010de, upite i fotografije \u0161aljite na na\u0161u e-mail adresu.\"}]}<\/script>\n<!-- \/ Yoast SEO plugin. -->","yoast_head_json":{"title":"Pregled deset najve\u0107ih PDV du\u017enika u Tuzli, lider Kreka sa 19 miliona KM nepla\u0107enih obaveza - TuzlaInfo.ba","robots":{"index":"index","follow":"follow","max-snippet":"max-snippet:-1","max-image-preview":"max-image-preview:large","max-video-preview":"max-video-preview:-1"},"canonical":"https:\/\/tuzlainfo.ba\/index.php\/novosti\/item\/278372-pregled-deset-najvecih-pdv-duznika-u-tuzli-lider-kreka-sa-19-miliona-km-neplacenih-obaveza\/","og_locale":"bs_BA","og_type":"article","og_title":"Pregled deset najve\u0107ih PDV du\u017enika u Tuzli, lider Kreka sa 19 miliona KM nepla\u0107enih obaveza - TuzlaInfo.ba","og_description":"Na listi PDV i akciznih du\u017enika u Bosni i Hercegovini, \u010diji pojedina\u010dni dug prelazi 25.000&hellip;","og_url":"https:\/\/tuzlainfo.ba\/index.php\/novosti\/item\/278372-pregled-deset-najvecih-pdv-duznika-u-tuzli-lider-kreka-sa-19-miliona-km-neplacenih-obaveza\/","og_site_name":"TuzlaInfo.ba","article_publisher":"https:\/\/www.facebook.com\/tuzlainfo.ba\/","article_published_time":"2025-08-27T06:55:26+00:00","article_modified_time":"2025-08-27T10:57:09+00:00","og_image":[{"width":770,"height":442,"url":"https:\/\/tuzlainfo.ba\/wp-content\/uploads\/2020\/04\/sadrzaj_2020_20200401_1504_novac.jpg","type":"image\/jpeg"}],"author":"nedim","twitter_card":"summary_large_image","twitter_misc":{"Written by":"nedim","Est. reading time":"2 minute"},"schema":{"@context":"https:\/\/schema.org","@graph":[{"@type":"Article","@id":"https:\/\/tuzlainfo.ba\/index.php\/novosti\/item\/278372-pregled-deset-najvecih-pdv-duznika-u-tuzli-lider-kreka-sa-19-miliona-km-neplacenih-obaveza\/#article","isPartOf":{"@id":"https:\/\/tuzlainfo.ba\/index.php\/novosti\/item\/278372-pregled-deset-najvecih-pdv-duznika-u-tuzli-lider-kreka-sa-19-miliona-km-neplacenih-obaveza\/"},"author":{"name":"nedim","@id":"https:\/\/tuzlainfo.ba\/#\/schema\/person\/f434e20dc27ea133923aab08451b7f7f"},"headline":"Pregled deset najve\u0107ih PDV du\u017enika u Tuzli, lider Kreka sa 19 miliona KM nepla\u0107enih obaveza","datePublished":"2025-08-27T06:55:26+00:00","dateModified":"2025-08-27T10:57:09+00:00","mainEntityOfPage":{"@id":"https:\/\/tuzlainfo.ba\/index.php\/novosti\/item\/278372-pregled-deset-najvecih-pdv-duznika-u-tuzli-lider-kreka-sa-19-miliona-km-neplacenih-obaveza\/"},"wordCount":215,"publisher":{"@id":"https:\/\/tuzlainfo.ba\/#organization"},"image":{"@id":"https:\/\/tuzlainfo.ba\/index.php\/novosti\/item\/278372-pregled-deset-najvecih-pdv-duznika-u-tuzli-lider-kreka-sa-19-miliona-km-neplacenih-obaveza\/#primaryimage"},"thumbnailUrl":"https:\/\/tuzlainfo.ba\/wp-content\/uploads\/2020\/04\/sadrzaj_2020_20200401_1504_novac.jpg","keywords":["PDV","PDV dug"],"articleSection":["Istaknuto","Novosti","Preporu\u010dujemo"],"inLanguage":"bs-BA"},{"@type":"WebPage","@id":"https:\/\/tuzlainfo.ba\/index.php\/novosti\/item\/278372-pregled-deset-najvecih-pdv-duznika-u-tuzli-lider-kreka-sa-19-miliona-km-neplacenih-obaveza\/","url":"https:\/\/tuzlainfo.ba\/index.php\/novosti\/item\/278372-pregled-deset-najvecih-pdv-duznika-u-tuzli-lider-kreka-sa-19-miliona-km-neplacenih-obaveza\/","name":"Pregled deset najve\u0107ih PDV du\u017enika u Tuzli, lider Kreka sa 19 miliona KM nepla\u0107enih obaveza - TuzlaInfo.ba","isPartOf":{"@id":"https:\/\/tuzlainfo.ba\/#website"},"primaryImageOfPage":{"@id":"https:\/\/tuzlainfo.ba\/index.php\/novosti\/item\/278372-pregled-deset-najvecih-pdv-duznika-u-tuzli-lider-kreka-sa-19-miliona-km-neplacenih-obaveza\/#primaryimage"},"image":{"@id":"https:\/\/tuzlainfo.ba\/index.php\/novosti\/item\/278372-pregled-deset-najvecih-pdv-duznika-u-tuzli-lider-kreka-sa-19-miliona-km-neplacenih-obaveza\/#primaryimage"},"thumbnailUrl":"https:\/\/tuzlainfo.ba\/wp-content\/uploads\/2020\/04\/sadrzaj_2020_20200401_1504_novac.jpg","datePublished":"2025-08-27T06:55:26+00:00","dateModified":"2025-08-27T10:57:09+00:00","breadcrumb":{"@id":"https:\/\/tuzlainfo.ba\/index.php\/novosti\/item\/278372-pregled-deset-najvecih-pdv-duznika-u-tuzli-lider-kreka-sa-19-miliona-km-neplacenih-obaveza\/#breadcrumb"},"inLanguage":"bs-BA","potentialAction":[{"@type":"ReadAction","target":["https:\/\/tuzlainfo.ba\/index.php\/novosti\/item\/278372-pregled-deset-najvecih-pdv-duznika-u-tuzli-lider-kreka-sa-19-miliona-km-neplacenih-obaveza\/"]}]},{"@type":"ImageObject","inLanguage":"bs-BA","@id":"https:\/\/tuzlainfo.ba\/index.php\/novosti\/item\/278372-pregled-deset-najvecih-pdv-duznika-u-tuzli-lider-kreka-sa-19-miliona-km-neplacenih-obaveza\/#primaryimage","url":"https:\/\/tuzlainfo.ba\/wp-content\/uploads\/2020\/04\/sadrzaj_2020_20200401_1504_novac.jpg","contentUrl":"https:\/\/tuzlainfo.ba\/wp-content\/uploads\/2020\/04\/sadrzaj_2020_20200401_1504_novac.jpg","width":770,"height":442,"caption":"1504 novac"},{"@type":"BreadcrumbList","@id":"https:\/\/tuzlainfo.ba\/index.php\/novosti\/item\/278372-pregled-deset-najvecih-pdv-duznika-u-tuzli-lider-kreka-sa-19-miliona-km-neplacenih-obaveza\/#breadcrumb","itemListElement":[{"@type":"ListItem","position":1,"name":"Home","item":"https:\/\/tuzlainfo.ba\/"},{"@type":"ListItem","position":2,"name":"Pregled deset najve\u0107ih PDV du\u017enika u Tuzli, lider Kreka sa 19 miliona KM nepla\u0107enih obaveza"}]},{"@type":"WebSite","@id":"https:\/\/tuzlainfo.ba\/#website","url":"https:\/\/tuzlainfo.ba\/","name":"TuzlaInfo.ba","description":"Tuzla info, gradski informator - Tuzla na dlanu","publisher":{"@id":"https:\/\/tuzlainfo.ba\/#organization"},"potentialAction":[{"@type":"SearchAction","target":{"@type":"EntryPoint","urlTemplate":"https:\/\/tuzlainfo.ba\/?s={search_term_string}"},"query-input":{"@type":"PropertyValueSpecification","valueRequired":true,"valueName":"search_term_string"}}],"inLanguage":"bs-BA"},{"@type":"Organization","@id":"https:\/\/tuzlainfo.ba\/#organization","name":"TuzlaInfo.ba","url":"https:\/\/tuzlainfo.ba\/","logo":{"@type":"ImageObject","inLanguage":"bs-BA","@id":"https:\/\/tuzlainfo.ba\/#\/schema\/logo\/image\/","url":"https:\/\/tuzlainfo.ba\/wp-content\/uploads\/2021\/03\/logo-ver-3-1.png","contentUrl":"https:\/\/tuzlainfo.ba\/wp-content\/uploads\/2021\/03\/logo-ver-3-1.png","width":350,"height":95,"caption":"TuzlaInfo.ba"},"image":{"@id":"https:\/\/tuzlainfo.ba\/#\/schema\/logo\/image\/"},"sameAs":["https:\/\/www.facebook.com\/tuzlainfo.ba\/"]},{"@type":"Person","@id":"https:\/\/tuzlainfo.ba\/#\/schema\/person\/f434e20dc27ea133923aab08451b7f7f","name":"nedim","image":{"@type":"ImageObject","inLanguage":"bs-BA","@id":"https:\/\/tuzlainfo.ba\/#\/schema\/person\/image\/","url":"https:\/\/tuzlainfo.ba\/wp-content\/litespeed\/avatar\/aabad687af24844af817603ac1cbdc4f.jpg?ver=1777306975","contentUrl":"https:\/\/tuzlainfo.ba\/wp-content\/litespeed\/avatar\/aabad687af24844af817603ac1cbdc4f.jpg?ver=1777306975","caption":"nedim"},"description":"Tuzlainfo.ba pratite na dru\u0161tvenim mre\u017eama: Facebook, Instagram i Youtube. Svoje pri\u010de, upite i fotografije \u0161aljite na na\u0161u e-mail adresu."}]}},"_links":{"self":[{"href":"https:\/\/tuzlainfo.ba\/index.php\/wp-json\/wp\/v2\/posts\/278372"}],"collection":[{"href":"https:\/\/tuzlainfo.ba\/index.php\/wp-json\/wp\/v2\/posts"}],"about":[{"href":"https:\/\/tuzlainfo.ba\/index.php\/wp-json\/wp\/v2\/types\/post"}],"author":[{"embeddable":true,"href":"https:\/\/tuzlainfo.ba\/index.php\/wp-json\/wp\/v2\/users\/2"}],"replies":[{"embeddable":true,"href":"https:\/\/tuzlainfo.ba\/index.php\/wp-json\/wp\/v2\/comments?post=278372"}],"version-history":[{"count":1,"href":"https:\/\/tuzlainfo.ba\/index.php\/wp-json\/wp\/v2\/posts\/278372\/revisions"}],"predecessor-version":[{"id":278376,"href":"https:\/\/tuzlainfo.ba\/index.php\/wp-json\/wp\/v2\/posts\/278372\/revisions\/278376"}],"wp:featuredmedia":[{"embeddable":true,"href":"https:\/\/tuzlainfo.ba\/index.php\/wp-json\/wp\/v2\/media\/78616"}],"wp:attachment":[{"href":"https:\/\/tuzlainfo.ba\/index.php\/wp-json\/wp\/v2\/media?parent=278372"}],"wp:term":[{"taxonomy":"category","embeddable":true,"href":"https:\/\/tuzlainfo.ba\/index.php\/wp-json\/wp\/v2\/categories?post=278372"},{"taxonomy":"post_tag","embeddable":true,"href":"https:\/\/tuzlainfo.ba\/index.php\/wp-json\/wp\/v2\/tags?post=278372"}],"curies":[{"name":"wp","href":"https:\/\/api.w.org\/{rel}","templated":true}]}}