{"id":278367,"date":"2025-08-27T08:17:36","date_gmt":"2025-08-27T06:17:36","guid":{"rendered":"https:\/\/tuzlainfo.ba\/?p=278367"},"modified":"2025-08-27T08:17:36","modified_gmt":"2025-08-27T06:17:36","slug":"nebojsa-vukanovic-dodik-je-sve-gori-i-gori-krivicne-prijave-protiv-njega-godinama-skupljaju-prasinu","status":"publish","type":"post","link":"https:\/\/tuzlainfo.ba\/index.php\/bosna-i-hercegovina\/item\/278367-nebojsa-vukanovic-dodik-je-sve-gori-i-gori-krivicne-prijave-protiv-njega-godinama-skupljaju-prasinu\/","title":{"rendered":"Neboj\u0161a Vukanovi\u0107: Dodik je sve gori i gori, krivi\u010dne prijave protiv njega godinama skupljaju pra\u0161inu"},"content":{"rendered":"<p>Je li mogu\u0107e da jedan \u010dovjek, sa govornice najvi\u0161eg zakonodavnog tijela u bh. entitetu Republika Srpska, izgovori sve ono \u0161to je biv\u0161i predsjednik RS-a Milorad Dodik izgovorio, uglavnom zastupniku stranke Za pravdu i red i \u0161efu istoimenog Kluba u ovom predstavni\u010dkom tijelu Neboj\u0161i Vukanovi\u0107u? Da, mogu\u0107e je, a u to su se uvjerili svi koji su pratili posebnu sjednicu Narodne skup\u0161tine RS-a odr\u017eanu u Banjaluci u petak, 22. augusta.<\/p>\n<p>\u201eProblem je i \u0161to ga niko nije poku\u0161ao zaustaviti, ni Stevandi\u0107 niti bilo ko drugi, \u0161to se niko od njegovih nije distancirao. Meni je najva\u017enije bilo da vidim kako ga njegovi ljudi u tome slijede i prate. Ti ljudi, njih pedeset, koji su dio skup\u0161tinske ve\u0107ine isti su kao Dodik\u201c, rekao je za Slobodnu Bosnu Neboj\u0161a Vukanovi\u0107.<\/p>\n<p>Vukanovi\u0107 je podsjetio da je dan nakon burne sjednice podnio krivi\u010dnu prijavu protiv Milorada Dodika i strana\u010dkog aktiviste Gorana Suvare Okru\u017enom tu\u017eila\u0161tvu u Trebinju. Biv\u0161eg predsjednika RS-a tereti za niz krivi\u010dnih djela, me\u0111u kojima su prijetnje i ugro\u017eavanje sigurnosti. \u201eRekao je da sam \u2018zlo koje treba uni\u0161titi\u2019 i da mi treba biti \u2018onemogu\u0107eno kretanje ulicom\u2019. Ne o\u010dekujem da \u0107e Tu\u017eila\u0161tvo i\u0161ta u\u010diniti, ali su du\u017eni prijavu uzeti u razmatranje\u201c, istakao je Vukanovi\u0107.<\/p>\n<p>On smatra da \u0107e i ova, kao i dvadeset ranijih prijava, zavr\u0161iti u ladicama, skupljaju\u0107i pra\u0161inu. \u201eTo je moj posao, da dokumentujem sve. Ne\u0107u im dati alibi da sutra ka\u017eu kako nisu znali ili nisu bili informisani. Dodik stalno pravi krivi\u010dna djela, a samo tokom vikenda prona\u0161ao sam tri nova\u201c, kazao je lider stranke Za pravdu i red.<\/p>\n<p>Govore\u0107i o atmosferi na posebnoj sjednici NSRS-a, Vukanovi\u0107 nagla\u0161ava da Dodik sve vi\u0161e koristi jezik uvreda, prijetnji i poni\u017eavanja. \u201eNa\u017ealost, Dodik je nastavio da gazi Narodnu skup\u0161tinu, Republiku Srpsku i srpski narod. Ostavlja utisak da smo mi neotesani i bahati. Njegov govor nije dostojan ni kafane tokom seoskog prela, a ne najvi\u0161eg zakonodavnog tijela\u201c, naglasio je Vukanovi\u0107.<\/p>\n<p>Posebno je kritikovao predsjednika NSRS-a Nenada Stevandi\u0107a jer je Dodiku dao rije\u010d iako on vi\u0161e nije predsjednik RS-a. \u201eI on je po\u010dinio krivi\u010dno djelo, jer je Dodika pozvao za govornicu kao predsjednika, a to on vi\u0161e nije. Rekao mi je da nije slu\u017ebeno obavije\u0161ten. To je nedopustivo\u201c, poru\u010dio je Vukanovi\u0107.<\/p>\n<p>Na sjednici je izglasan i referendum za 25. oktobar, \u0161to Vukanovi\u0107 vidi kao politi\u010dki manevar. \u201eMogu\u0107e je da \u0107e biti odr\u017ean neki neobavezuju\u0107i referendum, da Dodik potro\u0161i milione maraka. To radi isklju\u010divo zbog kampanje za vanredne predsjedni\u010dke izbore\u201c, rekao je.<\/p>\n<p>Na pitanje ko bi mogao biti kandidat opozicije na eventualnim vanrednim izborima za predsjednika RS, Vukanovi\u0107 je poru\u010dio da je na SDS-u da predlo\u017ei ime. \u201ePrije svega treba vidjeti ko \u0107e biti kandidat SNSD-a. Nema potrebe da mi prvi istr\u010davamo\u201c, dodao je.<\/p>\n","protected":false},"excerpt":{"rendered":"<p>Je li mogu\u0107e da jedan \u010dovjek, sa govornice najvi\u0161eg zakonodavnog tijela u bh. entitetu Republika&hellip;<\/p>\n","protected":false},"author":8,"featured_media":273614,"comment_status":"closed","ping_status":"closed","sticky":false,"template":"","format":"standard","meta":{"_acf_changed":false,"footnotes":""},"categories":[291],"tags":[535,1341],"acf":[],"yoast_head":"<!-- This site is optimized with the Yoast SEO plugin v23.5 - https:\/\/yoast.com\/wordpress\/plugins\/seo\/ -->\n<title>Neboj\u0161a Vukanovi\u0107: Dodik je sve gori i gori, krivi\u010dne prijave protiv njega godinama skupljaju pra\u0161inu - TuzlaInfo.ba<\/title>\n<meta name=\"robots\" content=\"index, follow, max-snippet:-1, max-image-preview:large, max-video-preview:-1\" \/>\n<link rel=\"canonical\" href=\"https:\/\/tuzlainfo.ba\/index.php\/bosna-i-hercegovina\/item\/278367-nebojsa-vukanovic-dodik-je-sve-gori-i-gori-krivicne-prijave-protiv-njega-godinama-skupljaju-prasinu\/\" \/>\n<meta property=\"og:locale\" content=\"bs_BA\" \/>\n<meta property=\"og:type\" content=\"article\" \/>\n<meta property=\"og:title\" content=\"Neboj\u0161a Vukanovi\u0107: Dodik je sve gori i gori, krivi\u010dne prijave protiv njega godinama skupljaju pra\u0161inu - TuzlaInfo.ba\" \/>\n<meta property=\"og:description\" content=\"Je li mogu\u0107e da jedan \u010dovjek, sa govornice najvi\u0161eg zakonodavnog tijela u bh. entitetu Republika&hellip;\" \/>\n<meta property=\"og:url\" content=\"https:\/\/tuzlainfo.ba\/index.php\/bosna-i-hercegovina\/item\/278367-nebojsa-vukanovic-dodik-je-sve-gori-i-gori-krivicne-prijave-protiv-njega-godinama-skupljaju-prasinu\/\" \/>\n<meta property=\"og:site_name\" content=\"TuzlaInfo.ba\" \/>\n<meta property=\"article:publisher\" content=\"https:\/\/www.facebook.com\/tuzlainfo.ba\/\" \/>\n<meta property=\"article:published_time\" content=\"2025-08-27T06:17:36+00:00\" \/>\n<meta property=\"og:image\" content=\"https:\/\/tuzlainfo.ba\/wp-content\/uploads\/2025\/07\/0707_nebojsa-vukanovic.jpg\" \/>\n\t<meta property=\"og:image:width\" content=\"1536\" \/>\n\t<meta property=\"og:image:height\" content=\"1024\" \/>\n\t<meta property=\"og:image:type\" content=\"image\/jpeg\" \/>\n<meta name=\"author\" content=\"Admin Tri\" \/>\n<meta name=\"twitter:card\" content=\"summary_large_image\" \/>\n<meta name=\"twitter:label1\" content=\"Written by\" \/>\n\t<meta name=\"twitter:data1\" content=\"Admin Tri\" \/>\n\t<meta name=\"twitter:label2\" content=\"Est. reading time\" \/>\n\t<meta name=\"twitter:data2\" content=\"3 minute\" \/>\n<script type=\"application\/ld+json\" class=\"yoast-schema-graph\">{\"@context\":\"https:\/\/schema.org\",\"@graph\":[{\"@type\":\"Article\",\"@id\":\"https:\/\/tuzlainfo.ba\/index.php\/bosna-i-hercegovina\/item\/278367-nebojsa-vukanovic-dodik-je-sve-gori-i-gori-krivicne-prijave-protiv-njega-godinama-skupljaju-prasinu\/#article\",\"isPartOf\":{\"@id\":\"https:\/\/tuzlainfo.ba\/index.php\/bosna-i-hercegovina\/item\/278367-nebojsa-vukanovic-dodik-je-sve-gori-i-gori-krivicne-prijave-protiv-njega-godinama-skupljaju-prasinu\/\"},\"author\":{\"name\":\"Admin Tri\",\"@id\":\"https:\/\/tuzlainfo.ba\/#\/schema\/person\/593e78a2f6378c5ba3e7600ecfa4e63a\"},\"headline\":\"Neboj\u0161a Vukanovi\u0107: Dodik je sve gori i gori, krivi\u010dne prijave protiv njega godinama skupljaju pra\u0161inu\",\"datePublished\":\"2025-08-27T06:17:36+00:00\",\"dateModified\":\"2025-08-27T06:17:36+00:00\",\"mainEntityOfPage\":{\"@id\":\"https:\/\/tuzlainfo.ba\/index.php\/bosna-i-hercegovina\/item\/278367-nebojsa-vukanovic-dodik-je-sve-gori-i-gori-krivicne-prijave-protiv-njega-godinama-skupljaju-prasinu\/\"},\"wordCount\":524,\"publisher\":{\"@id\":\"https:\/\/tuzlainfo.ba\/#organization\"},\"image\":{\"@id\":\"https:\/\/tuzlainfo.ba\/index.php\/bosna-i-hercegovina\/item\/278367-nebojsa-vukanovic-dodik-je-sve-gori-i-gori-krivicne-prijave-protiv-njega-godinama-skupljaju-prasinu\/#primaryimage\"},\"thumbnailUrl\":\"https:\/\/tuzlainfo.ba\/wp-content\/uploads\/2025\/07\/0707_nebojsa-vukanovic.jpg\",\"keywords\":[\"milorad dodik\",\"neboj\u0161a Vukanovi\u0107\"],\"articleSection\":[\"Bosna i Hercegovina\"],\"inLanguage\":\"bs-BA\"},{\"@type\":\"WebPage\",\"@id\":\"https:\/\/tuzlainfo.ba\/index.php\/bosna-i-hercegovina\/item\/278367-nebojsa-vukanovic-dodik-je-sve-gori-i-gori-krivicne-prijave-protiv-njega-godinama-skupljaju-prasinu\/\",\"url\":\"https:\/\/tuzlainfo.ba\/index.php\/bosna-i-hercegovina\/item\/278367-nebojsa-vukanovic-dodik-je-sve-gori-i-gori-krivicne-prijave-protiv-njega-godinama-skupljaju-prasinu\/\",\"name\":\"Neboj\u0161a Vukanovi\u0107: Dodik je sve gori i gori, krivi\u010dne prijave protiv njega godinama skupljaju pra\u0161inu - TuzlaInfo.ba\",\"isPartOf\":{\"@id\":\"https:\/\/tuzlainfo.ba\/#website\"},\"primaryImageOfPage\":{\"@id\":\"https:\/\/tuzlainfo.ba\/index.php\/bosna-i-hercegovina\/item\/278367-nebojsa-vukanovic-dodik-je-sve-gori-i-gori-krivicne-prijave-protiv-njega-godinama-skupljaju-prasinu\/#primaryimage\"},\"image\":{\"@id\":\"https:\/\/tuzlainfo.ba\/index.php\/bosna-i-hercegovina\/item\/278367-nebojsa-vukanovic-dodik-je-sve-gori-i-gori-krivicne-prijave-protiv-njega-godinama-skupljaju-prasinu\/#primaryimage\"},\"thumbnailUrl\":\"https:\/\/tuzlainfo.ba\/wp-content\/uploads\/2025\/07\/0707_nebojsa-vukanovic.jpg\",\"datePublished\":\"2025-08-27T06:17:36+00:00\",\"dateModified\":\"2025-08-27T06:17:36+00:00\",\"breadcrumb\":{\"@id\":\"https:\/\/tuzlainfo.ba\/index.php\/bosna-i-hercegovina\/item\/278367-nebojsa-vukanovic-dodik-je-sve-gori-i-gori-krivicne-prijave-protiv-njega-godinama-skupljaju-prasinu\/#breadcrumb\"},\"inLanguage\":\"bs-BA\",\"potentialAction\":[{\"@type\":\"ReadAction\",\"target\":[\"https:\/\/tuzlainfo.ba\/index.php\/bosna-i-hercegovina\/item\/278367-nebojsa-vukanovic-dodik-je-sve-gori-i-gori-krivicne-prijave-protiv-njega-godinama-skupljaju-prasinu\/\"]}]},{\"@type\":\"ImageObject\",\"inLanguage\":\"bs-BA\",\"@id\":\"https:\/\/tuzlainfo.ba\/index.php\/bosna-i-hercegovina\/item\/278367-nebojsa-vukanovic-dodik-je-sve-gori-i-gori-krivicne-prijave-protiv-njega-godinama-skupljaju-prasinu\/#primaryimage\",\"url\":\"https:\/\/tuzlainfo.ba\/wp-content\/uploads\/2025\/07\/0707_nebojsa-vukanovic.jpg\",\"contentUrl\":\"https:\/\/tuzlainfo.ba\/wp-content\/uploads\/2025\/07\/0707_nebojsa-vukanovic.jpg\",\"width\":1536,\"height\":1024},{\"@type\":\"BreadcrumbList\",\"@id\":\"https:\/\/tuzlainfo.ba\/index.php\/bosna-i-hercegovina\/item\/278367-nebojsa-vukanovic-dodik-je-sve-gori-i-gori-krivicne-prijave-protiv-njega-godinama-skupljaju-prasinu\/#breadcrumb\",\"itemListElement\":[{\"@type\":\"ListItem\",\"position\":1,\"name\":\"Home\",\"item\":\"https:\/\/tuzlainfo.ba\/\"},{\"@type\":\"ListItem\",\"position\":2,\"name\":\"Neboj\u0161a Vukanovi\u0107: Dodik je sve gori i gori, krivi\u010dne prijave protiv njega godinama skupljaju pra\u0161inu\"}]},{\"@type\":\"WebSite\",\"@id\":\"https:\/\/tuzlainfo.ba\/#website\",\"url\":\"https:\/\/tuzlainfo.ba\/\",\"name\":\"TuzlaInfo.ba\",\"description\":\"Tuzla info, gradski informator - Tuzla na dlanu\",\"publisher\":{\"@id\":\"https:\/\/tuzlainfo.ba\/#organization\"},\"potentialAction\":[{\"@type\":\"SearchAction\",\"target\":{\"@type\":\"EntryPoint\",\"urlTemplate\":\"https:\/\/tuzlainfo.ba\/?s={search_term_string}\"},\"query-input\":{\"@type\":\"PropertyValueSpecification\",\"valueRequired\":true,\"valueName\":\"search_term_string\"}}],\"inLanguage\":\"bs-BA\"},{\"@type\":\"Organization\",\"@id\":\"https:\/\/tuzlainfo.ba\/#organization\",\"name\":\"TuzlaInfo.ba\",\"url\":\"https:\/\/tuzlainfo.ba\/\",\"logo\":{\"@type\":\"ImageObject\",\"inLanguage\":\"bs-BA\",\"@id\":\"https:\/\/tuzlainfo.ba\/#\/schema\/logo\/image\/\",\"url\":\"https:\/\/tuzlainfo.ba\/wp-content\/uploads\/2021\/03\/logo-ver-3-1.png\",\"contentUrl\":\"https:\/\/tuzlainfo.ba\/wp-content\/uploads\/2021\/03\/logo-ver-3-1.png\",\"width\":350,\"height\":95,\"caption\":\"TuzlaInfo.ba\"},\"image\":{\"@id\":\"https:\/\/tuzlainfo.ba\/#\/schema\/logo\/image\/\"},\"sameAs\":[\"https:\/\/www.facebook.com\/tuzlainfo.ba\/\"]},{\"@type\":\"Person\",\"@id\":\"https:\/\/tuzlainfo.ba\/#\/schema\/person\/593e78a2f6378c5ba3e7600ecfa4e63a\",\"name\":\"Admin Tri\",\"image\":{\"@type\":\"ImageObject\",\"inLanguage\":\"bs-BA\",\"@id\":\"https:\/\/tuzlainfo.ba\/#\/schema\/person\/image\/\",\"url\":\"https:\/\/tuzlainfo.ba\/wp-content\/litespeed\/avatar\/b7920db4cc34a71ad12497283ad2fe3f.jpg?ver=1777100914\",\"contentUrl\":\"https:\/\/tuzlainfo.ba\/wp-content\/litespeed\/avatar\/b7920db4cc34a71ad12497283ad2fe3f.jpg?ver=1777100914\",\"caption\":\"Admin Tri\"},\"sameAs\":[\"https:\/\/tuzlainfo.ba\"]}]}<\/script>\n<!-- \/ Yoast SEO plugin. -->","yoast_head_json":{"title":"Neboj\u0161a Vukanovi\u0107: Dodik je sve gori i gori, krivi\u010dne prijave protiv njega godinama skupljaju pra\u0161inu - TuzlaInfo.ba","robots":{"index":"index","follow":"follow","max-snippet":"max-snippet:-1","max-image-preview":"max-image-preview:large","max-video-preview":"max-video-preview:-1"},"canonical":"https:\/\/tuzlainfo.ba\/index.php\/bosna-i-hercegovina\/item\/278367-nebojsa-vukanovic-dodik-je-sve-gori-i-gori-krivicne-prijave-protiv-njega-godinama-skupljaju-prasinu\/","og_locale":"bs_BA","og_type":"article","og_title":"Neboj\u0161a Vukanovi\u0107: Dodik je sve gori i gori, krivi\u010dne prijave protiv njega godinama skupljaju pra\u0161inu - TuzlaInfo.ba","og_description":"Je li mogu\u0107e da jedan \u010dovjek, sa govornice najvi\u0161eg zakonodavnog tijela u bh. entitetu Republika&hellip;","og_url":"https:\/\/tuzlainfo.ba\/index.php\/bosna-i-hercegovina\/item\/278367-nebojsa-vukanovic-dodik-je-sve-gori-i-gori-krivicne-prijave-protiv-njega-godinama-skupljaju-prasinu\/","og_site_name":"TuzlaInfo.ba","article_publisher":"https:\/\/www.facebook.com\/tuzlainfo.ba\/","article_published_time":"2025-08-27T06:17:36+00:00","og_image":[{"width":1536,"height":1024,"url":"https:\/\/tuzlainfo.ba\/wp-content\/uploads\/2025\/07\/0707_nebojsa-vukanovic.jpg","type":"image\/jpeg"}],"author":"Admin Tri","twitter_card":"summary_large_image","twitter_misc":{"Written by":"Admin Tri","Est. reading time":"3 minute"},"schema":{"@context":"https:\/\/schema.org","@graph":[{"@type":"Article","@id":"https:\/\/tuzlainfo.ba\/index.php\/bosna-i-hercegovina\/item\/278367-nebojsa-vukanovic-dodik-je-sve-gori-i-gori-krivicne-prijave-protiv-njega-godinama-skupljaju-prasinu\/#article","isPartOf":{"@id":"https:\/\/tuzlainfo.ba\/index.php\/bosna-i-hercegovina\/item\/278367-nebojsa-vukanovic-dodik-je-sve-gori-i-gori-krivicne-prijave-protiv-njega-godinama-skupljaju-prasinu\/"},"author":{"name":"Admin Tri","@id":"https:\/\/tuzlainfo.ba\/#\/schema\/person\/593e78a2f6378c5ba3e7600ecfa4e63a"},"headline":"Neboj\u0161a Vukanovi\u0107: Dodik je sve gori i gori, krivi\u010dne prijave protiv njega godinama skupljaju pra\u0161inu","datePublished":"2025-08-27T06:17:36+00:00","dateModified":"2025-08-27T06:17:36+00:00","mainEntityOfPage":{"@id":"https:\/\/tuzlainfo.ba\/index.php\/bosna-i-hercegovina\/item\/278367-nebojsa-vukanovic-dodik-je-sve-gori-i-gori-krivicne-prijave-protiv-njega-godinama-skupljaju-prasinu\/"},"wordCount":524,"publisher":{"@id":"https:\/\/tuzlainfo.ba\/#organization"},"image":{"@id":"https:\/\/tuzlainfo.ba\/index.php\/bosna-i-hercegovina\/item\/278367-nebojsa-vukanovic-dodik-je-sve-gori-i-gori-krivicne-prijave-protiv-njega-godinama-skupljaju-prasinu\/#primaryimage"},"thumbnailUrl":"https:\/\/tuzlainfo.ba\/wp-content\/uploads\/2025\/07\/0707_nebojsa-vukanovic.jpg","keywords":["milorad dodik","neboj\u0161a Vukanovi\u0107"],"articleSection":["Bosna i Hercegovina"],"inLanguage":"bs-BA"},{"@type":"WebPage","@id":"https:\/\/tuzlainfo.ba\/index.php\/bosna-i-hercegovina\/item\/278367-nebojsa-vukanovic-dodik-je-sve-gori-i-gori-krivicne-prijave-protiv-njega-godinama-skupljaju-prasinu\/","url":"https:\/\/tuzlainfo.ba\/index.php\/bosna-i-hercegovina\/item\/278367-nebojsa-vukanovic-dodik-je-sve-gori-i-gori-krivicne-prijave-protiv-njega-godinama-skupljaju-prasinu\/","name":"Neboj\u0161a Vukanovi\u0107: Dodik je sve gori i gori, krivi\u010dne prijave protiv njega godinama skupljaju pra\u0161inu - TuzlaInfo.ba","isPartOf":{"@id":"https:\/\/tuzlainfo.ba\/#website"},"primaryImageOfPage":{"@id":"https:\/\/tuzlainfo.ba\/index.php\/bosna-i-hercegovina\/item\/278367-nebojsa-vukanovic-dodik-je-sve-gori-i-gori-krivicne-prijave-protiv-njega-godinama-skupljaju-prasinu\/#primaryimage"},"image":{"@id":"https:\/\/tuzlainfo.ba\/index.php\/bosna-i-hercegovina\/item\/278367-nebojsa-vukanovic-dodik-je-sve-gori-i-gori-krivicne-prijave-protiv-njega-godinama-skupljaju-prasinu\/#primaryimage"},"thumbnailUrl":"https:\/\/tuzlainfo.ba\/wp-content\/uploads\/2025\/07\/0707_nebojsa-vukanovic.jpg","datePublished":"2025-08-27T06:17:36+00:00","dateModified":"2025-08-27T06:17:36+00:00","breadcrumb":{"@id":"https:\/\/tuzlainfo.ba\/index.php\/bosna-i-hercegovina\/item\/278367-nebojsa-vukanovic-dodik-je-sve-gori-i-gori-krivicne-prijave-protiv-njega-godinama-skupljaju-prasinu\/#breadcrumb"},"inLanguage":"bs-BA","potentialAction":[{"@type":"ReadAction","target":["https:\/\/tuzlainfo.ba\/index.php\/bosna-i-hercegovina\/item\/278367-nebojsa-vukanovic-dodik-je-sve-gori-i-gori-krivicne-prijave-protiv-njega-godinama-skupljaju-prasinu\/"]}]},{"@type":"ImageObject","inLanguage":"bs-BA","@id":"https:\/\/tuzlainfo.ba\/index.php\/bosna-i-hercegovina\/item\/278367-nebojsa-vukanovic-dodik-je-sve-gori-i-gori-krivicne-prijave-protiv-njega-godinama-skupljaju-prasinu\/#primaryimage","url":"https:\/\/tuzlainfo.ba\/wp-content\/uploads\/2025\/07\/0707_nebojsa-vukanovic.jpg","contentUrl":"https:\/\/tuzlainfo.ba\/wp-content\/uploads\/2025\/07\/0707_nebojsa-vukanovic.jpg","width":1536,"height":1024},{"@type":"BreadcrumbList","@id":"https:\/\/tuzlainfo.ba\/index.php\/bosna-i-hercegovina\/item\/278367-nebojsa-vukanovic-dodik-je-sve-gori-i-gori-krivicne-prijave-protiv-njega-godinama-skupljaju-prasinu\/#breadcrumb","itemListElement":[{"@type":"ListItem","position":1,"name":"Home","item":"https:\/\/tuzlainfo.ba\/"},{"@type":"ListItem","position":2,"name":"Neboj\u0161a Vukanovi\u0107: Dodik je sve gori i gori, krivi\u010dne prijave protiv njega godinama skupljaju pra\u0161inu"}]},{"@type":"WebSite","@id":"https:\/\/tuzlainfo.ba\/#website","url":"https:\/\/tuzlainfo.ba\/","name":"TuzlaInfo.ba","description":"Tuzla info, gradski informator - Tuzla na dlanu","publisher":{"@id":"https:\/\/tuzlainfo.ba\/#organization"},"potentialAction":[{"@type":"SearchAction","target":{"@type":"EntryPoint","urlTemplate":"https:\/\/tuzlainfo.ba\/?s={search_term_string}"},"query-input":{"@type":"PropertyValueSpecification","valueRequired":true,"valueName":"search_term_string"}}],"inLanguage":"bs-BA"},{"@type":"Organization","@id":"https:\/\/tuzlainfo.ba\/#organization","name":"TuzlaInfo.ba","url":"https:\/\/tuzlainfo.ba\/","logo":{"@type":"ImageObject","inLanguage":"bs-BA","@id":"https:\/\/tuzlainfo.ba\/#\/schema\/logo\/image\/","url":"https:\/\/tuzlainfo.ba\/wp-content\/uploads\/2021\/03\/logo-ver-3-1.png","contentUrl":"https:\/\/tuzlainfo.ba\/wp-content\/uploads\/2021\/03\/logo-ver-3-1.png","width":350,"height":95,"caption":"TuzlaInfo.ba"},"image":{"@id":"https:\/\/tuzlainfo.ba\/#\/schema\/logo\/image\/"},"sameAs":["https:\/\/www.facebook.com\/tuzlainfo.ba\/"]},{"@type":"Person","@id":"https:\/\/tuzlainfo.ba\/#\/schema\/person\/593e78a2f6378c5ba3e7600ecfa4e63a","name":"Admin Tri","image":{"@type":"ImageObject","inLanguage":"bs-BA","@id":"https:\/\/tuzlainfo.ba\/#\/schema\/person\/image\/","url":"https:\/\/tuzlainfo.ba\/wp-content\/litespeed\/avatar\/b7920db4cc34a71ad12497283ad2fe3f.jpg?ver=1777100914","contentUrl":"https:\/\/tuzlainfo.ba\/wp-content\/litespeed\/avatar\/b7920db4cc34a71ad12497283ad2fe3f.jpg?ver=1777100914","caption":"Admin Tri"},"sameAs":["https:\/\/tuzlainfo.ba"]}]}},"_links":{"self":[{"href":"https:\/\/tuzlainfo.ba\/index.php\/wp-json\/wp\/v2\/posts\/278367"}],"collection":[{"href":"https:\/\/tuzlainfo.ba\/index.php\/wp-json\/wp\/v2\/posts"}],"about":[{"href":"https:\/\/tuzlainfo.ba\/index.php\/wp-json\/wp\/v2\/types\/post"}],"author":[{"embeddable":true,"href":"https:\/\/tuzlainfo.ba\/index.php\/wp-json\/wp\/v2\/users\/8"}],"replies":[{"embeddable":true,"href":"https:\/\/tuzlainfo.ba\/index.php\/wp-json\/wp\/v2\/comments?post=278367"}],"version-history":[{"count":2,"href":"https:\/\/tuzlainfo.ba\/index.php\/wp-json\/wp\/v2\/posts\/278367\/revisions"}],"predecessor-version":[{"id":278369,"href":"https:\/\/tuzlainfo.ba\/index.php\/wp-json\/wp\/v2\/posts\/278367\/revisions\/278369"}],"wp:featuredmedia":[{"embeddable":true,"href":"https:\/\/tuzlainfo.ba\/index.php\/wp-json\/wp\/v2\/media\/273614"}],"wp:attachment":[{"href":"https:\/\/tuzlainfo.ba\/index.php\/wp-json\/wp\/v2\/media?parent=278367"}],"wp:term":[{"taxonomy":"category","embeddable":true,"href":"https:\/\/tuzlainfo.ba\/index.php\/wp-json\/wp\/v2\/categories?post=278367"},{"taxonomy":"post_tag","embeddable":true,"href":"https:\/\/tuzlainfo.ba\/index.php\/wp-json\/wp\/v2\/tags?post=278367"}],"curies":[{"name":"wp","href":"https:\/\/api.w.org\/{rel}","templated":true}]}}