{"id":27832,"date":"2021-03-21T19:24:44","date_gmt":"2021-03-21T19:24:44","guid":{"rendered":"https:\/\/v2.tuzlainfo.ba\/2021\/03\/21\/groblje-u-madarskoj-cuva-kosti-487-vojnika-iz-bih-i-da-kosti-ostavim-u-tudini-i-tad-bih-svoju-bosnu-sanj-o\/"},"modified":"2021-03-23T08:26:40","modified_gmt":"2021-03-23T08:26:40","slug":"groblje-u-madarskoj-cuva-kosti-487-vojnika-iz-bih-i-da-kosti-ostavim-u-tudini-i-tad-bih-svoju-bosnu-sanj-o","status":"publish","type":"post","link":"https:\/\/tuzlainfo.ba\/index.php\/clanci\/sa-svih-strana\/item\/27832-groblje-u-madarskoj-cuva-kosti-487-vojnika-iz-bih-i-da-kosti-ostavim-u-tudini-i-tad-bih-svoju-bosnu-sanj-o\/","title":{"rendered":"Groblje u Ma\u0111arskoj \u010duva kosti 487 vojnika iz BiH: I da kosti ostavim u tu\u0111ini i tad&#8217; bih svoju Bosnu sanj'o"},"content":{"rendered":"<p dir=\"auto\">\n<p dir=\"auto\">Na udaljenosti od 15 kilometara od poznatog turisti\u010dkog sredista Harkany, na putu za Moha\u010d, u selu Nagyhars\u00e1ny nalazi se zadnje po\u010divali\u0161te 487 vojnika Bo\u0161njaka razli\u010dite vjerske pripadnosti poznate 4. bo\u0161nja\u010dke regimente iz Prvog svjetskog rata.<\/p>\n<p dir=\"auto\">U to vrijeme svi pripadnici carskih regimenti iz Bosne i Hercegovine zvani su Bo\u0161njacima, bez obzira na njihovu vjersku pripadnost.<\/p>\n<p dir=\"auto\">Na groblju je i spomen plo\u010da sa natpisom:<\/p>\n<p dir=\"auto\">\u201cU spomen hrabrim Bo\u0161njacima, \u017ertvama I svjetskog rata, preminulim daleko od ku\u0107e i ovdje sahranjenim.\u201d<\/p>\n<p dir=\"auto\">Nju je postavila samouprava mjesta Nagyhars\u00e1ny uz potporu Ministarstva odbrane Republike Ma\u0111arske.<\/p>\n<div id=\"penci-post-gallery__73245\" class=\"penci-post-gallery-container justified column-3\" data-height=\"150\" data-margin=\"3\"><a class=\"item-gallery-justified\" href=\"https:\/\/tuzlainfo.ba\/wp-content\/uploads\/2021\/03\/11.png\"><img decoding=\"async\" src=\"https:\/\/tuzlainfo.ba\/wp-content\/uploads\/2021\/03\/11-585x329.png\" alt=\"\" title=\"images\/stories\/sadrzaj\/2021\/20210102\/2_Nagyharsany\/11\"><\/a><a class=\"item-gallery-justified\" href=\"https:\/\/tuzlainfo.ba\/wp-content\/uploads\/2021\/03\/12.png\"><img decoding=\"async\" src=\"https:\/\/tuzlainfo.ba\/wp-content\/uploads\/2021\/03\/12-585x439.png\" alt=\"\" title=\"images\/stories\/sadrzaj\/2021\/20210102\/2_Nagyharsany\/12\"><\/a><a class=\"item-gallery-justified\" href=\"https:\/\/tuzlainfo.ba\/wp-content\/uploads\/2021\/03\/13.png\"><img decoding=\"async\" src=\"https:\/\/tuzlainfo.ba\/wp-content\/uploads\/2021\/03\/13-585x439.png\" alt=\"\" title=\"images\/stories\/sadrzaj\/2021\/20210102\/2_Nagyharsany\/13\"><\/a><a class=\"item-gallery-justified\" href=\"https:\/\/tuzlainfo.ba\/wp-content\/uploads\/2021\/03\/14.png\"><img decoding=\"async\" src=\"https:\/\/tuzlainfo.ba\/wp-content\/uploads\/2021\/03\/14-585x439.png\" alt=\"\" title=\"images\/stories\/sadrzaj\/2021\/20210102\/2_Nagyharsany\/14\"><\/a><a class=\"item-gallery-justified\" href=\"https:\/\/tuzlainfo.ba\/wp-content\/uploads\/2021\/03\/15.png\"><img decoding=\"async\" src=\"https:\/\/tuzlainfo.ba\/wp-content\/uploads\/2021\/03\/15-585x439.png\" alt=\"\" title=\"images\/stories\/sadrzaj\/2021\/20210102\/2_Nagyharsany\/15\"><\/a><a class=\"item-gallery-justified\" href=\"https:\/\/tuzlainfo.ba\/wp-content\/uploads\/2021\/03\/16.png\"><img decoding=\"async\" src=\"https:\/\/tuzlainfo.ba\/wp-content\/uploads\/2021\/03\/16-585x439.png\" alt=\"\" title=\"images\/stories\/sadrzaj\/2021\/20210102\/2_Nagyharsany\/16\"><\/a><a class=\"item-gallery-justified\" href=\"https:\/\/tuzlainfo.ba\/wp-content\/uploads\/2021\/03\/17.png\"><img decoding=\"async\" src=\"https:\/\/tuzlainfo.ba\/wp-content\/uploads\/2021\/03\/17-585x439.png\" alt=\"\" title=\"images\/stories\/sadrzaj\/2021\/20210102\/2_Nagyharsany\/17\"><\/a><a class=\"item-gallery-justified\" href=\"https:\/\/tuzlainfo.ba\/wp-content\/uploads\/2021\/03\/18.png\"><img decoding=\"async\" src=\"https:\/\/tuzlainfo.ba\/wp-content\/uploads\/2021\/03\/18-585x439.png\" alt=\"\" title=\"images\/stories\/sadrzaj\/2021\/20210102\/2_Nagyharsany\/18\"><\/a><\/div>\n<p dir=\"auto\">U blizini groblja nalazi se kamenolom a njegovom vlasniku je smetalo groblje, vlasnik obli\u017enjeg kamenoloma, htio je ga sravniti sa zemljom, ali su mje\u0161tani sela Nagyharsanyja stali u za\u0161titu groblja. Naime, pisali su ma\u0111arskoj vladi i ona je stala iza ovog projekta. Tako je Ministarstvo odbrane Ma\u0111arske dalo sredstva za obnovu groblja i donijela zaklju\u010dke \u010dime je za sva vremena groblje za\u0161ti\u0107eno.<\/p>\n<p dir=\"auto\">Bo\u0161nja\u010dke regimente me\u0111u svim austro-ugarskim jedinicama zabilje\u017eile najve\u0107i broj poginulih boraca. Ujedno je u Bosni i Hercegovini sprovedena najintenzivnija mobilizacija u pore\u0111enju sa drugim austro-ugarskim pokrajinama.<\/p>\n<p dir=\"auto\">Bukvalno svi mu\u0161karci koji su mogli ponijeti pu\u0161ku, morali su obu\u0107i uniformu i oti\u0107i u rat. U samoj Bosni to je imalo za posljedicu veliku glad, jer je nedostajalo radne snage koja bi mogla obra\u0111ivati njive i privre\u0111ivati hranu.<\/p>\n<p dir=\"auto\">Kako su o\u010devi ginuli na frontovima, tako su djeca kod ku\u0107e umirala od neuhranjenosti. Kao \u0161to to u ratovima obicno biva, i jedni i drugi poginu\u0161e i pomrije\u0161e uzalud.<\/p>\n<p dir=\"auto\">\u201eTu niko nije \u017eelio ni u rat, ni poginuti, ali se ipak to dogodilo ,njihova je sudbina bila da svoje kosti ostave daleko od svoje domovine\u201c<\/p>\n<p dir=\"auto\">To je doba najbolje je opisala sevdalinka<\/p>\n<p dir=\"auto\">Rodna Bosno:<\/p>\n<p dir=\"auto\"><em>Rodna Bosno, daleko odosmo,<\/em><\/p>\n<p dir=\"auto\"><em>majke na\u0161e, ne nadajte nam se,<\/em><\/p>\n<p dir=\"auto\"><em>seje na\u0161e, ne kun'te se nama,<\/em><\/p>\n<p dir=\"auto\"><em>vjerne ljube, vi se preudajte.<\/em><\/p>\n<p dir=\"auto\"><em>Nas \u0107e, care, tamo o\u017eeniti,<\/em><\/p>\n<p dir=\"auto\"><em>crnom zemljom i zelenom travom.<\/em><\/p>\n<p dir=\"auto\">Izor: History of Bosnia and Herzegovina<\/p>\n<p dir=\"auto\">Foto: Ado Sanjin \u00a9<\/p>\n<p><strong>(Tuzlainfo.ba)<\/strong><\/p>\n","protected":false},"excerpt":{"rendered":"<p>Na udaljenosti od 15 kilometara od poznatog turisti\u010dkog sredista Harkany, na putu za Moha\u010d, u&hellip;<\/p>\n","protected":false},"author":2,"featured_media":87553,"comment_status":"open","ping_status":"closed","sticky":false,"template":"","format":"standard","meta":{"_acf_changed":false,"footnotes":""},"categories":[16],"tags":[],"acf":[],"yoast_head":"<!-- This site is optimized with the Yoast SEO plugin v23.5 - https:\/\/yoast.com\/wordpress\/plugins\/seo\/ -->\n<title>Groblje u Ma\u0111arskoj \u010duva kosti 487 vojnika iz BiH: I da kosti ostavim u tu\u0111ini i tad&#039; bih svoju Bosnu sanj&#039;o - TuzlaInfo.ba<\/title>\n<meta name=\"robots\" content=\"index, follow, max-snippet:-1, max-image-preview:large, max-video-preview:-1\" \/>\n<link rel=\"canonical\" href=\"https:\/\/tuzlainfo.ba\/index.php\/clanci\/sa-svih-strana\/item\/27832-groblje-u-madarskoj-cuva-kosti-487-vojnika-iz-bih-i-da-kosti-ostavim-u-tudini-i-tad-bih-svoju-bosnu-sanj-o\/\" \/>\n<meta property=\"og:locale\" content=\"bs_BA\" \/>\n<meta property=\"og:type\" content=\"article\" \/>\n<meta property=\"og:title\" content=\"Groblje u Ma\u0111arskoj \u010duva kosti 487 vojnika iz BiH: I da kosti ostavim u tu\u0111ini i tad&#039; bih svoju Bosnu sanj&#039;o - TuzlaInfo.ba\" \/>\n<meta property=\"og:description\" content=\"Na udaljenosti od 15 kilometara od poznatog turisti\u010dkog sredista Harkany, na putu za Moha\u010d, u&hellip;\" \/>\n<meta property=\"og:url\" content=\"https:\/\/tuzlainfo.ba\/index.php\/clanci\/sa-svih-strana\/item\/27832-groblje-u-madarskoj-cuva-kosti-487-vojnika-iz-bih-i-da-kosti-ostavim-u-tudini-i-tad-bih-svoju-bosnu-sanj-o\/\" \/>\n<meta property=\"og:site_name\" content=\"TuzlaInfo.ba\" \/>\n<meta property=\"article:publisher\" content=\"https:\/\/www.facebook.com\/tuzlainfo.ba\/\" \/>\n<meta property=\"article:published_time\" content=\"2021-03-21T19:24:44+00:00\" \/>\n<meta property=\"article:modified_time\" content=\"2021-03-23T08:26:40+00:00\" \/>\n<meta property=\"og:image\" content=\"https:\/\/tuzlainfo.ba\/wp-content\/uploads\/2021\/03\/k2_items_src_417bd14a1b03c8e1ac747a34560cba6b.jpg\" \/>\n\t<meta property=\"og:image:width\" content=\"770\" \/>\n\t<meta property=\"og:image:height\" content=\"514\" \/>\n\t<meta property=\"og:image:type\" content=\"image\/jpeg\" \/>\n<meta name=\"author\" content=\"nedim\" \/>\n<meta name=\"twitter:card\" content=\"summary_large_image\" \/>\n<meta name=\"twitter:label1\" content=\"Written by\" \/>\n\t<meta name=\"twitter:data1\" content=\"nedim\" \/>\n\t<meta name=\"twitter:label2\" content=\"Est. reading time\" \/>\n\t<meta name=\"twitter:data2\" content=\"2 minute\" \/>\n<script type=\"application\/ld+json\" class=\"yoast-schema-graph\">{\"@context\":\"https:\/\/schema.org\",\"@graph\":[{\"@type\":\"Article\",\"@id\":\"https:\/\/tuzlainfo.ba\/index.php\/clanci\/sa-svih-strana\/item\/27832-groblje-u-madarskoj-cuva-kosti-487-vojnika-iz-bih-i-da-kosti-ostavim-u-tudini-i-tad-bih-svoju-bosnu-sanj-o\/#article\",\"isPartOf\":{\"@id\":\"https:\/\/tuzlainfo.ba\/index.php\/clanci\/sa-svih-strana\/item\/27832-groblje-u-madarskoj-cuva-kosti-487-vojnika-iz-bih-i-da-kosti-ostavim-u-tudini-i-tad-bih-svoju-bosnu-sanj-o\/\"},\"author\":{\"name\":\"nedim\",\"@id\":\"https:\/\/tuzlainfo.ba\/#\/schema\/person\/f434e20dc27ea133923aab08451b7f7f\"},\"headline\":\"Groblje u Ma\u0111arskoj \u010duva kosti 487 vojnika iz BiH: I da kosti ostavim u tu\u0111ini i tad&#8217; bih svoju Bosnu sanj'o\",\"datePublished\":\"2021-03-21T19:24:44+00:00\",\"dateModified\":\"2021-03-23T08:26:40+00:00\",\"mainEntityOfPage\":{\"@id\":\"https:\/\/tuzlainfo.ba\/index.php\/clanci\/sa-svih-strana\/item\/27832-groblje-u-madarskoj-cuva-kosti-487-vojnika-iz-bih-i-da-kosti-ostavim-u-tudini-i-tad-bih-svoju-bosnu-sanj-o\/\"},\"wordCount\":389,\"commentCount\":0,\"publisher\":{\"@id\":\"https:\/\/tuzlainfo.ba\/#organization\"},\"image\":{\"@id\":\"https:\/\/tuzlainfo.ba\/index.php\/clanci\/sa-svih-strana\/item\/27832-groblje-u-madarskoj-cuva-kosti-487-vojnika-iz-bih-i-da-kosti-ostavim-u-tudini-i-tad-bih-svoju-bosnu-sanj-o\/#primaryimage\"},\"thumbnailUrl\":\"https:\/\/tuzlainfo.ba\/wp-content\/uploads\/2021\/03\/k2_items_src_417bd14a1b03c8e1ac747a34560cba6b.jpg\",\"articleSection\":[\"Sa svih strana\"],\"inLanguage\":\"bs-BA\"},{\"@type\":\"WebPage\",\"@id\":\"https:\/\/tuzlainfo.ba\/index.php\/clanci\/sa-svih-strana\/item\/27832-groblje-u-madarskoj-cuva-kosti-487-vojnika-iz-bih-i-da-kosti-ostavim-u-tudini-i-tad-bih-svoju-bosnu-sanj-o\/\",\"url\":\"https:\/\/tuzlainfo.ba\/index.php\/clanci\/sa-svih-strana\/item\/27832-groblje-u-madarskoj-cuva-kosti-487-vojnika-iz-bih-i-da-kosti-ostavim-u-tudini-i-tad-bih-svoju-bosnu-sanj-o\/\",\"name\":\"Groblje u Ma\u0111arskoj \u010duva kosti 487 vojnika iz BiH: I da kosti ostavim u tu\u0111ini i tad' bih svoju Bosnu sanj'o - TuzlaInfo.ba\",\"isPartOf\":{\"@id\":\"https:\/\/tuzlainfo.ba\/#website\"},\"primaryImageOfPage\":{\"@id\":\"https:\/\/tuzlainfo.ba\/index.php\/clanci\/sa-svih-strana\/item\/27832-groblje-u-madarskoj-cuva-kosti-487-vojnika-iz-bih-i-da-kosti-ostavim-u-tudini-i-tad-bih-svoju-bosnu-sanj-o\/#primaryimage\"},\"image\":{\"@id\":\"https:\/\/tuzlainfo.ba\/index.php\/clanci\/sa-svih-strana\/item\/27832-groblje-u-madarskoj-cuva-kosti-487-vojnika-iz-bih-i-da-kosti-ostavim-u-tudini-i-tad-bih-svoju-bosnu-sanj-o\/#primaryimage\"},\"thumbnailUrl\":\"https:\/\/tuzlainfo.ba\/wp-content\/uploads\/2021\/03\/k2_items_src_417bd14a1b03c8e1ac747a34560cba6b.jpg\",\"datePublished\":\"2021-03-21T19:24:44+00:00\",\"dateModified\":\"2021-03-23T08:26:40+00:00\",\"breadcrumb\":{\"@id\":\"https:\/\/tuzlainfo.ba\/index.php\/clanci\/sa-svih-strana\/item\/27832-groblje-u-madarskoj-cuva-kosti-487-vojnika-iz-bih-i-da-kosti-ostavim-u-tudini-i-tad-bih-svoju-bosnu-sanj-o\/#breadcrumb\"},\"inLanguage\":\"bs-BA\",\"potentialAction\":[{\"@type\":\"ReadAction\",\"target\":[\"https:\/\/tuzlainfo.ba\/index.php\/clanci\/sa-svih-strana\/item\/27832-groblje-u-madarskoj-cuva-kosti-487-vojnika-iz-bih-i-da-kosti-ostavim-u-tudini-i-tad-bih-svoju-bosnu-sanj-o\/\"]}]},{\"@type\":\"ImageObject\",\"inLanguage\":\"bs-BA\",\"@id\":\"https:\/\/tuzlainfo.ba\/index.php\/clanci\/sa-svih-strana\/item\/27832-groblje-u-madarskoj-cuva-kosti-487-vojnika-iz-bih-i-da-kosti-ostavim-u-tudini-i-tad-bih-svoju-bosnu-sanj-o\/#primaryimage\",\"url\":\"https:\/\/tuzlainfo.ba\/wp-content\/uploads\/2021\/03\/k2_items_src_417bd14a1b03c8e1ac747a34560cba6b.jpg\",\"contentUrl\":\"https:\/\/tuzlainfo.ba\/wp-content\/uploads\/2021\/03\/k2_items_src_417bd14a1b03c8e1ac747a34560cba6b.jpg\",\"width\":770,\"height\":514},{\"@type\":\"BreadcrumbList\",\"@id\":\"https:\/\/tuzlainfo.ba\/index.php\/clanci\/sa-svih-strana\/item\/27832-groblje-u-madarskoj-cuva-kosti-487-vojnika-iz-bih-i-da-kosti-ostavim-u-tudini-i-tad-bih-svoju-bosnu-sanj-o\/#breadcrumb\",\"itemListElement\":[{\"@type\":\"ListItem\",\"position\":1,\"name\":\"Home\",\"item\":\"https:\/\/tuzlainfo.ba\/\"},{\"@type\":\"ListItem\",\"position\":2,\"name\":\"Groblje u Ma\u0111arskoj \u010duva kosti 487 vojnika iz BiH: I da kosti ostavim u tu\u0111ini i tad&#8217; bih svoju Bosnu sanj'o\"}]},{\"@type\":\"WebSite\",\"@id\":\"https:\/\/tuzlainfo.ba\/#website\",\"url\":\"https:\/\/tuzlainfo.ba\/\",\"name\":\"TuzlaInfo.ba\",\"description\":\"Tuzla info, gradski informator - Tuzla na dlanu\",\"publisher\":{\"@id\":\"https:\/\/tuzlainfo.ba\/#organization\"},\"potentialAction\":[{\"@type\":\"SearchAction\",\"target\":{\"@type\":\"EntryPoint\",\"urlTemplate\":\"https:\/\/tuzlainfo.ba\/?s={search_term_string}\"},\"query-input\":{\"@type\":\"PropertyValueSpecification\",\"valueRequired\":true,\"valueName\":\"search_term_string\"}}],\"inLanguage\":\"bs-BA\"},{\"@type\":\"Organization\",\"@id\":\"https:\/\/tuzlainfo.ba\/#organization\",\"name\":\"TuzlaInfo.ba\",\"url\":\"https:\/\/tuzlainfo.ba\/\",\"logo\":{\"@type\":\"ImageObject\",\"inLanguage\":\"bs-BA\",\"@id\":\"https:\/\/tuzlainfo.ba\/#\/schema\/logo\/image\/\",\"url\":\"https:\/\/tuzlainfo.ba\/wp-content\/uploads\/2021\/03\/logo-ver-3-1.png\",\"contentUrl\":\"https:\/\/tuzlainfo.ba\/wp-content\/uploads\/2021\/03\/logo-ver-3-1.png\",\"width\":350,\"height\":95,\"caption\":\"TuzlaInfo.ba\"},\"image\":{\"@id\":\"https:\/\/tuzlainfo.ba\/#\/schema\/logo\/image\/\"},\"sameAs\":[\"https:\/\/www.facebook.com\/tuzlainfo.ba\/\"]},{\"@type\":\"Person\",\"@id\":\"https:\/\/tuzlainfo.ba\/#\/schema\/person\/f434e20dc27ea133923aab08451b7f7f\",\"name\":\"nedim\",\"image\":{\"@type\":\"ImageObject\",\"inLanguage\":\"bs-BA\",\"@id\":\"https:\/\/tuzlainfo.ba\/#\/schema\/person\/image\/\",\"url\":\"https:\/\/tuzlainfo.ba\/wp-content\/litespeed\/avatar\/aabad687af24844af817603ac1cbdc4f.jpg?ver=1777306975\",\"contentUrl\":\"https:\/\/tuzlainfo.ba\/wp-content\/litespeed\/avatar\/aabad687af24844af817603ac1cbdc4f.jpg?ver=1777306975\",\"caption\":\"nedim\"},\"description\":\"Tuzlainfo.ba pratite na dru\u0161tvenim mre\u017eama: Facebook, Instagram i Youtube. Svoje pri\u010de, upite i fotografije \u0161aljite na na\u0161u e-mail adresu.\"}]}<\/script>\n<!-- \/ Yoast SEO plugin. -->","yoast_head_json":{"title":"Groblje u Ma\u0111arskoj \u010duva kosti 487 vojnika iz BiH: I da kosti ostavim u tu\u0111ini i tad' bih svoju Bosnu sanj'o - TuzlaInfo.ba","robots":{"index":"index","follow":"follow","max-snippet":"max-snippet:-1","max-image-preview":"max-image-preview:large","max-video-preview":"max-video-preview:-1"},"canonical":"https:\/\/tuzlainfo.ba\/index.php\/clanci\/sa-svih-strana\/item\/27832-groblje-u-madarskoj-cuva-kosti-487-vojnika-iz-bih-i-da-kosti-ostavim-u-tudini-i-tad-bih-svoju-bosnu-sanj-o\/","og_locale":"bs_BA","og_type":"article","og_title":"Groblje u Ma\u0111arskoj \u010duva kosti 487 vojnika iz BiH: I da kosti ostavim u tu\u0111ini i tad' bih svoju Bosnu sanj'o - TuzlaInfo.ba","og_description":"Na udaljenosti od 15 kilometara od poznatog turisti\u010dkog sredista Harkany, na putu za Moha\u010d, u&hellip;","og_url":"https:\/\/tuzlainfo.ba\/index.php\/clanci\/sa-svih-strana\/item\/27832-groblje-u-madarskoj-cuva-kosti-487-vojnika-iz-bih-i-da-kosti-ostavim-u-tudini-i-tad-bih-svoju-bosnu-sanj-o\/","og_site_name":"TuzlaInfo.ba","article_publisher":"https:\/\/www.facebook.com\/tuzlainfo.ba\/","article_published_time":"2021-03-21T19:24:44+00:00","article_modified_time":"2021-03-23T08:26:40+00:00","og_image":[{"width":770,"height":514,"url":"https:\/\/tuzlainfo.ba\/wp-content\/uploads\/2021\/03\/k2_items_src_417bd14a1b03c8e1ac747a34560cba6b.jpg","type":"image\/jpeg"}],"author":"nedim","twitter_card":"summary_large_image","twitter_misc":{"Written by":"nedim","Est. reading time":"2 minute"},"schema":{"@context":"https:\/\/schema.org","@graph":[{"@type":"Article","@id":"https:\/\/tuzlainfo.ba\/index.php\/clanci\/sa-svih-strana\/item\/27832-groblje-u-madarskoj-cuva-kosti-487-vojnika-iz-bih-i-da-kosti-ostavim-u-tudini-i-tad-bih-svoju-bosnu-sanj-o\/#article","isPartOf":{"@id":"https:\/\/tuzlainfo.ba\/index.php\/clanci\/sa-svih-strana\/item\/27832-groblje-u-madarskoj-cuva-kosti-487-vojnika-iz-bih-i-da-kosti-ostavim-u-tudini-i-tad-bih-svoju-bosnu-sanj-o\/"},"author":{"name":"nedim","@id":"https:\/\/tuzlainfo.ba\/#\/schema\/person\/f434e20dc27ea133923aab08451b7f7f"},"headline":"Groblje u Ma\u0111arskoj \u010duva kosti 487 vojnika iz BiH: I da kosti ostavim u tu\u0111ini i tad&#8217; bih svoju Bosnu sanj'o","datePublished":"2021-03-21T19:24:44+00:00","dateModified":"2021-03-23T08:26:40+00:00","mainEntityOfPage":{"@id":"https:\/\/tuzlainfo.ba\/index.php\/clanci\/sa-svih-strana\/item\/27832-groblje-u-madarskoj-cuva-kosti-487-vojnika-iz-bih-i-da-kosti-ostavim-u-tudini-i-tad-bih-svoju-bosnu-sanj-o\/"},"wordCount":389,"commentCount":0,"publisher":{"@id":"https:\/\/tuzlainfo.ba\/#organization"},"image":{"@id":"https:\/\/tuzlainfo.ba\/index.php\/clanci\/sa-svih-strana\/item\/27832-groblje-u-madarskoj-cuva-kosti-487-vojnika-iz-bih-i-da-kosti-ostavim-u-tudini-i-tad-bih-svoju-bosnu-sanj-o\/#primaryimage"},"thumbnailUrl":"https:\/\/tuzlainfo.ba\/wp-content\/uploads\/2021\/03\/k2_items_src_417bd14a1b03c8e1ac747a34560cba6b.jpg","articleSection":["Sa svih strana"],"inLanguage":"bs-BA"},{"@type":"WebPage","@id":"https:\/\/tuzlainfo.ba\/index.php\/clanci\/sa-svih-strana\/item\/27832-groblje-u-madarskoj-cuva-kosti-487-vojnika-iz-bih-i-da-kosti-ostavim-u-tudini-i-tad-bih-svoju-bosnu-sanj-o\/","url":"https:\/\/tuzlainfo.ba\/index.php\/clanci\/sa-svih-strana\/item\/27832-groblje-u-madarskoj-cuva-kosti-487-vojnika-iz-bih-i-da-kosti-ostavim-u-tudini-i-tad-bih-svoju-bosnu-sanj-o\/","name":"Groblje u Ma\u0111arskoj \u010duva kosti 487 vojnika iz BiH: I da kosti ostavim u tu\u0111ini i tad' bih svoju Bosnu sanj'o - TuzlaInfo.ba","isPartOf":{"@id":"https:\/\/tuzlainfo.ba\/#website"},"primaryImageOfPage":{"@id":"https:\/\/tuzlainfo.ba\/index.php\/clanci\/sa-svih-strana\/item\/27832-groblje-u-madarskoj-cuva-kosti-487-vojnika-iz-bih-i-da-kosti-ostavim-u-tudini-i-tad-bih-svoju-bosnu-sanj-o\/#primaryimage"},"image":{"@id":"https:\/\/tuzlainfo.ba\/index.php\/clanci\/sa-svih-strana\/item\/27832-groblje-u-madarskoj-cuva-kosti-487-vojnika-iz-bih-i-da-kosti-ostavim-u-tudini-i-tad-bih-svoju-bosnu-sanj-o\/#primaryimage"},"thumbnailUrl":"https:\/\/tuzlainfo.ba\/wp-content\/uploads\/2021\/03\/k2_items_src_417bd14a1b03c8e1ac747a34560cba6b.jpg","datePublished":"2021-03-21T19:24:44+00:00","dateModified":"2021-03-23T08:26:40+00:00","breadcrumb":{"@id":"https:\/\/tuzlainfo.ba\/index.php\/clanci\/sa-svih-strana\/item\/27832-groblje-u-madarskoj-cuva-kosti-487-vojnika-iz-bih-i-da-kosti-ostavim-u-tudini-i-tad-bih-svoju-bosnu-sanj-o\/#breadcrumb"},"inLanguage":"bs-BA","potentialAction":[{"@type":"ReadAction","target":["https:\/\/tuzlainfo.ba\/index.php\/clanci\/sa-svih-strana\/item\/27832-groblje-u-madarskoj-cuva-kosti-487-vojnika-iz-bih-i-da-kosti-ostavim-u-tudini-i-tad-bih-svoju-bosnu-sanj-o\/"]}]},{"@type":"ImageObject","inLanguage":"bs-BA","@id":"https:\/\/tuzlainfo.ba\/index.php\/clanci\/sa-svih-strana\/item\/27832-groblje-u-madarskoj-cuva-kosti-487-vojnika-iz-bih-i-da-kosti-ostavim-u-tudini-i-tad-bih-svoju-bosnu-sanj-o\/#primaryimage","url":"https:\/\/tuzlainfo.ba\/wp-content\/uploads\/2021\/03\/k2_items_src_417bd14a1b03c8e1ac747a34560cba6b.jpg","contentUrl":"https:\/\/tuzlainfo.ba\/wp-content\/uploads\/2021\/03\/k2_items_src_417bd14a1b03c8e1ac747a34560cba6b.jpg","width":770,"height":514},{"@type":"BreadcrumbList","@id":"https:\/\/tuzlainfo.ba\/index.php\/clanci\/sa-svih-strana\/item\/27832-groblje-u-madarskoj-cuva-kosti-487-vojnika-iz-bih-i-da-kosti-ostavim-u-tudini-i-tad-bih-svoju-bosnu-sanj-o\/#breadcrumb","itemListElement":[{"@type":"ListItem","position":1,"name":"Home","item":"https:\/\/tuzlainfo.ba\/"},{"@type":"ListItem","position":2,"name":"Groblje u Ma\u0111arskoj \u010duva kosti 487 vojnika iz BiH: I da kosti ostavim u tu\u0111ini i tad&#8217; bih svoju Bosnu sanj'o"}]},{"@type":"WebSite","@id":"https:\/\/tuzlainfo.ba\/#website","url":"https:\/\/tuzlainfo.ba\/","name":"TuzlaInfo.ba","description":"Tuzla info, gradski informator - Tuzla na dlanu","publisher":{"@id":"https:\/\/tuzlainfo.ba\/#organization"},"potentialAction":[{"@type":"SearchAction","target":{"@type":"EntryPoint","urlTemplate":"https:\/\/tuzlainfo.ba\/?s={search_term_string}"},"query-input":{"@type":"PropertyValueSpecification","valueRequired":true,"valueName":"search_term_string"}}],"inLanguage":"bs-BA"},{"@type":"Organization","@id":"https:\/\/tuzlainfo.ba\/#organization","name":"TuzlaInfo.ba","url":"https:\/\/tuzlainfo.ba\/","logo":{"@type":"ImageObject","inLanguage":"bs-BA","@id":"https:\/\/tuzlainfo.ba\/#\/schema\/logo\/image\/","url":"https:\/\/tuzlainfo.ba\/wp-content\/uploads\/2021\/03\/logo-ver-3-1.png","contentUrl":"https:\/\/tuzlainfo.ba\/wp-content\/uploads\/2021\/03\/logo-ver-3-1.png","width":350,"height":95,"caption":"TuzlaInfo.ba"},"image":{"@id":"https:\/\/tuzlainfo.ba\/#\/schema\/logo\/image\/"},"sameAs":["https:\/\/www.facebook.com\/tuzlainfo.ba\/"]},{"@type":"Person","@id":"https:\/\/tuzlainfo.ba\/#\/schema\/person\/f434e20dc27ea133923aab08451b7f7f","name":"nedim","image":{"@type":"ImageObject","inLanguage":"bs-BA","@id":"https:\/\/tuzlainfo.ba\/#\/schema\/person\/image\/","url":"https:\/\/tuzlainfo.ba\/wp-content\/litespeed\/avatar\/aabad687af24844af817603ac1cbdc4f.jpg?ver=1777306975","contentUrl":"https:\/\/tuzlainfo.ba\/wp-content\/litespeed\/avatar\/aabad687af24844af817603ac1cbdc4f.jpg?ver=1777306975","caption":"nedim"},"description":"Tuzlainfo.ba pratite na dru\u0161tvenim mre\u017eama: Facebook, Instagram i Youtube. Svoje pri\u010de, upite i fotografije \u0161aljite na na\u0161u e-mail adresu."}]}},"_links":{"self":[{"href":"https:\/\/tuzlainfo.ba\/index.php\/wp-json\/wp\/v2\/posts\/27832"}],"collection":[{"href":"https:\/\/tuzlainfo.ba\/index.php\/wp-json\/wp\/v2\/posts"}],"about":[{"href":"https:\/\/tuzlainfo.ba\/index.php\/wp-json\/wp\/v2\/types\/post"}],"author":[{"embeddable":true,"href":"https:\/\/tuzlainfo.ba\/index.php\/wp-json\/wp\/v2\/users\/2"}],"replies":[{"embeddable":true,"href":"https:\/\/tuzlainfo.ba\/index.php\/wp-json\/wp\/v2\/comments?post=27832"}],"version-history":[{"count":0,"href":"https:\/\/tuzlainfo.ba\/index.php\/wp-json\/wp\/v2\/posts\/27832\/revisions"}],"wp:featuredmedia":[{"embeddable":true,"href":"https:\/\/tuzlainfo.ba\/index.php\/wp-json\/wp\/v2\/media\/87553"}],"wp:attachment":[{"href":"https:\/\/tuzlainfo.ba\/index.php\/wp-json\/wp\/v2\/media?parent=27832"}],"wp:term":[{"taxonomy":"category","embeddable":true,"href":"https:\/\/tuzlainfo.ba\/index.php\/wp-json\/wp\/v2\/categories?post=27832"},{"taxonomy":"post_tag","embeddable":true,"href":"https:\/\/tuzlainfo.ba\/index.php\/wp-json\/wp\/v2\/tags?post=27832"}],"curies":[{"name":"wp","href":"https:\/\/api.w.org\/{rel}","templated":true}]}}