{"id":278240,"date":"2025-08-26T12:50:52","date_gmt":"2025-08-26T10:50:52","guid":{"rendered":"https:\/\/tuzlainfo.ba\/?p=278240"},"modified":"2025-08-26T12:03:13","modified_gmt":"2025-08-26T10:03:13","slug":"tk-objavljena-konacna-rang-lista-korisnika-subvencija-za-stambeno-zbrinjavanje-mladih","status":"publish","type":"post","link":"https:\/\/tuzlainfo.ba\/index.php\/istaknuto\/item\/278240-tk-objavljena-konacna-rang-lista-korisnika-subvencija-za-stambeno-zbrinjavanje-mladih\/","title":{"rendered":"TK: Objavljena kona\u010dna rang lista korisnika subvencija za stambeno zbrinjavanje mladih"},"content":{"rendered":"<article class=\"text-token-text-primary w-full focus:outline-none scroll-mt-[calc(var(--header-height)+min(200px,max(70px,20svh)))]\" dir=\"auto\" tabindex=\"-1\" data-turn-id=\"request-WEB:452ef34d-3f51-4444-8e5f-ad7dc644245a-2\" data-testid=\"conversation-turn-6\" data-scroll-anchor=\"true\" data-turn=\"assistant\">\n<div class=\"text-base my-auto mx-auto pb-10 [--thread-content-margin:--spacing(4)] @[37rem]:[--thread-content-margin:--spacing(6)] @[72rem]:[--thread-content-margin:--spacing(16)] px-(--thread-content-margin)\">\n<div class=\"[--thread-content-max-width:32rem] @[34rem]:[--thread-content-max-width:40rem] @[64rem]:[--thread-content-max-width:48rem] mx-auto max-w-(--thread-content-max-width) flex-1 group\/turn-messages focus-visible:outline-hidden relative flex w-full min-w-0 flex-col agent-turn\" tabindex=\"-1\">\n<div class=\"flex max-w-full flex-col grow\">\n<div class=\"min-h-8 text-message relative flex w-full flex-col items-end gap-2 text-start break-words whitespace-normal [.text-message+&amp;]:mt-5\" dir=\"auto\" data-message-author-role=\"assistant\" data-message-id=\"de5c1c53-3839-4ae7-bca4-8dd409779827\" data-message-model-slug=\"gpt-5\">\n<div class=\"flex w-full flex-col gap-1 empty:hidden first:pt-[3px]\">\n<div class=\"markdown prose dark:prose-invert w-full break-words light markdown-new-styling\">\n<p data-start=\"0\" data-end=\"297\" data-is-last-node=\"\" data-is-only-node=\"\">Objavljena je kona\u010dna rang lista korisnika sredstava za subvencioniranje kamata na kredite za stambeno zbrinjavanje mladih za 2025. godinu.<\/p>\n<p><a href=\"https:\/\/www.vladatk.kim.ba\/media\/dokumenti\/Kona%C4%8Dna%20rang%20lista%20korisnika%20sredstava%20za%202025.%20godinu%20za%20subvencioniranje%20kamata%20na%20kredite%20za%20stambeno%20zbrinjavanje%20mladih_12d72145.pdf\">Kona\u010dna rang lista korisnika sredstava za 2025. godinu za subvencioniranje kamata na kredite za stambeno zbrinjavanje mladih<\/a><\/p>\n<p><a href=\"https:\/\/www.vladatk.kim.ba\/media\/dokumenti\/Kona%C4%8Dna%20rang%20lista%20korisnika%20sredstava%20za%20subvencioniranje%20kamata%20na%20kredite%20za%20stambeno%20zbrinjavanje%20mladih_bd30e80a.docx\">Kona\u010dna rang lista korisnika sredstava za subvencioniranje kamata na kredite za stambeno zbrinjavanje mladih<\/a><\/p>\n<div class=\"image-gallery py-5 row\"><\/div>\n<p data-start=\"0\" data-end=\"297\" data-is-last-node=\"\" data-is-only-node=\"\">Dodjela Odluka korisnicima sa liste bit \u0107e uprili\u010dena u \u010detvrtak, 28. augusta 2025. godine, u Velikoj sali BKC-a Tuzlanskog kantona, s po\u010detkom u 10:30 sati.<\/p>\n<\/div>\n<\/div>\n<\/div>\n<\/div>\n<div class=\"flex min-h-[46px] justify-start\"><\/div>\n<div class=\"mt-3 w-full empty:hidden\">\n<div class=\"text-center\"><\/div>\n<\/div>\n<\/div>\n<\/div>\n<\/article>\n<div class=\"pointer-events-none h-px w-px\" aria-hidden=\"true\" data-edge=\"true\"><\/div>\n","protected":false},"excerpt":{"rendered":"<p>Objavljena je kona\u010dna rang lista korisnika sredstava za subvencioniranje kamata na kredite za stambeno zbrinjavanje&hellip;<\/p>\n","protected":false},"author":4,"featured_media":168570,"comment_status":"closed","ping_status":"closed","sticky":false,"template":"","format":"standard","meta":{"_acf_changed":false,"footnotes":""},"categories":[304,12],"tags":[7224,5135,360],"acf":[],"yoast_head":"<!-- This site is optimized with the Yoast SEO plugin v23.5 - https:\/\/yoast.com\/wordpress\/plugins\/seo\/ -->\n<title>TK: Objavljena kona\u010dna rang lista korisnika subvencija za stambeno zbrinjavanje mladih - TuzlaInfo.ba<\/title>\n<meta name=\"robots\" content=\"index, follow, max-snippet:-1, max-image-preview:large, max-video-preview:-1\" \/>\n<link rel=\"canonical\" href=\"https:\/\/tuzlainfo.ba\/index.php\/istaknuto\/item\/278240-tk-objavljena-konacna-rang-lista-korisnika-subvencija-za-stambeno-zbrinjavanje-mladih\/\" \/>\n<meta property=\"og:locale\" content=\"bs_BA\" \/>\n<meta property=\"og:type\" content=\"article\" \/>\n<meta property=\"og:title\" content=\"TK: Objavljena kona\u010dna rang lista korisnika subvencija za stambeno zbrinjavanje mladih - TuzlaInfo.ba\" \/>\n<meta property=\"og:description\" content=\"Objavljena je kona\u010dna rang lista korisnika sredstava za subvencioniranje kamata na kredite za stambeno zbrinjavanje&hellip;\" \/>\n<meta property=\"og:url\" content=\"https:\/\/tuzlainfo.ba\/index.php\/istaknuto\/item\/278240-tk-objavljena-konacna-rang-lista-korisnika-subvencija-za-stambeno-zbrinjavanje-mladih\/\" \/>\n<meta property=\"og:site_name\" content=\"TuzlaInfo.ba\" \/>\n<meta property=\"article:publisher\" content=\"https:\/\/www.facebook.com\/tuzlainfo.ba\/\" \/>\n<meta property=\"article:published_time\" content=\"2025-08-26T10:50:52+00:00\" \/>\n<meta property=\"article:modified_time\" content=\"2025-08-26T10:03:13+00:00\" \/>\n<meta property=\"og:image\" content=\"https:\/\/tuzlainfo.ba\/wp-content\/uploads\/2022\/04\/0504-stan_kljucevi_stambeno-pitanje.jpg\" \/>\n\t<meta property=\"og:image:width\" content=\"800\" \/>\n\t<meta property=\"og:image:height\" content=\"600\" \/>\n\t<meta property=\"og:image:type\" content=\"image\/jpeg\" \/>\n<meta name=\"author\" content=\"Tuzla Info\" \/>\n<meta name=\"twitter:card\" content=\"summary_large_image\" \/>\n<meta name=\"twitter:label1\" content=\"Written by\" \/>\n\t<meta name=\"twitter:data1\" content=\"Tuzla Info\" \/>\n\t<meta name=\"twitter:label2\" content=\"Est. reading time\" \/>\n\t<meta name=\"twitter:data2\" content=\"1 minuta\" \/>\n<script type=\"application\/ld+json\" class=\"yoast-schema-graph\">{\"@context\":\"https:\/\/schema.org\",\"@graph\":[{\"@type\":\"Article\",\"@id\":\"https:\/\/tuzlainfo.ba\/index.php\/istaknuto\/item\/278240-tk-objavljena-konacna-rang-lista-korisnika-subvencija-za-stambeno-zbrinjavanje-mladih\/#article\",\"isPartOf\":{\"@id\":\"https:\/\/tuzlainfo.ba\/index.php\/istaknuto\/item\/278240-tk-objavljena-konacna-rang-lista-korisnika-subvencija-za-stambeno-zbrinjavanje-mladih\/\"},\"author\":{\"name\":\"Tuzla Info\",\"@id\":\"https:\/\/tuzlainfo.ba\/#\/schema\/person\/46cad4c57790cbc50781edd14870825a\"},\"headline\":\"TK: Objavljena kona\u010dna rang lista korisnika subvencija za stambeno zbrinjavanje mladih\",\"datePublished\":\"2025-08-26T10:50:52+00:00\",\"dateModified\":\"2025-08-26T10:03:13+00:00\",\"mainEntityOfPage\":{\"@id\":\"https:\/\/tuzlainfo.ba\/index.php\/istaknuto\/item\/278240-tk-objavljena-konacna-rang-lista-korisnika-subvencija-za-stambeno-zbrinjavanje-mladih\/\"},\"wordCount\":87,\"publisher\":{\"@id\":\"https:\/\/tuzlainfo.ba\/#organization\"},\"image\":{\"@id\":\"https:\/\/tuzlainfo.ba\/index.php\/istaknuto\/item\/278240-tk-objavljena-konacna-rang-lista-korisnika-subvencija-za-stambeno-zbrinjavanje-mladih\/#primaryimage\"},\"thumbnailUrl\":\"https:\/\/tuzlainfo.ba\/wp-content\/uploads\/2022\/04\/0504-stan_kljucevi_stambeno-pitanje.jpg\",\"keywords\":[\"Stambeno zbrinjavanje mladih\",\"Subvencije\",\"tuzlanski kanton\"],\"articleSection\":[\"Istaknuto\",\"Novosti\"],\"inLanguage\":\"bs-BA\"},{\"@type\":\"WebPage\",\"@id\":\"https:\/\/tuzlainfo.ba\/index.php\/istaknuto\/item\/278240-tk-objavljena-konacna-rang-lista-korisnika-subvencija-za-stambeno-zbrinjavanje-mladih\/\",\"url\":\"https:\/\/tuzlainfo.ba\/index.php\/istaknuto\/item\/278240-tk-objavljena-konacna-rang-lista-korisnika-subvencija-za-stambeno-zbrinjavanje-mladih\/\",\"name\":\"TK: Objavljena kona\u010dna rang lista korisnika subvencija za stambeno zbrinjavanje mladih - TuzlaInfo.ba\",\"isPartOf\":{\"@id\":\"https:\/\/tuzlainfo.ba\/#website\"},\"primaryImageOfPage\":{\"@id\":\"https:\/\/tuzlainfo.ba\/index.php\/istaknuto\/item\/278240-tk-objavljena-konacna-rang-lista-korisnika-subvencija-za-stambeno-zbrinjavanje-mladih\/#primaryimage\"},\"image\":{\"@id\":\"https:\/\/tuzlainfo.ba\/index.php\/istaknuto\/item\/278240-tk-objavljena-konacna-rang-lista-korisnika-subvencija-za-stambeno-zbrinjavanje-mladih\/#primaryimage\"},\"thumbnailUrl\":\"https:\/\/tuzlainfo.ba\/wp-content\/uploads\/2022\/04\/0504-stan_kljucevi_stambeno-pitanje.jpg\",\"datePublished\":\"2025-08-26T10:50:52+00:00\",\"dateModified\":\"2025-08-26T10:03:13+00:00\",\"breadcrumb\":{\"@id\":\"https:\/\/tuzlainfo.ba\/index.php\/istaknuto\/item\/278240-tk-objavljena-konacna-rang-lista-korisnika-subvencija-za-stambeno-zbrinjavanje-mladih\/#breadcrumb\"},\"inLanguage\":\"bs-BA\",\"potentialAction\":[{\"@type\":\"ReadAction\",\"target\":[\"https:\/\/tuzlainfo.ba\/index.php\/istaknuto\/item\/278240-tk-objavljena-konacna-rang-lista-korisnika-subvencija-za-stambeno-zbrinjavanje-mladih\/\"]}]},{\"@type\":\"ImageObject\",\"inLanguage\":\"bs-BA\",\"@id\":\"https:\/\/tuzlainfo.ba\/index.php\/istaknuto\/item\/278240-tk-objavljena-konacna-rang-lista-korisnika-subvencija-za-stambeno-zbrinjavanje-mladih\/#primaryimage\",\"url\":\"https:\/\/tuzlainfo.ba\/wp-content\/uploads\/2022\/04\/0504-stan_kljucevi_stambeno-pitanje.jpg\",\"contentUrl\":\"https:\/\/tuzlainfo.ba\/wp-content\/uploads\/2022\/04\/0504-stan_kljucevi_stambeno-pitanje.jpg\",\"width\":800,\"height\":600},{\"@type\":\"BreadcrumbList\",\"@id\":\"https:\/\/tuzlainfo.ba\/index.php\/istaknuto\/item\/278240-tk-objavljena-konacna-rang-lista-korisnika-subvencija-za-stambeno-zbrinjavanje-mladih\/#breadcrumb\",\"itemListElement\":[{\"@type\":\"ListItem\",\"position\":1,\"name\":\"Home\",\"item\":\"https:\/\/tuzlainfo.ba\/\"},{\"@type\":\"ListItem\",\"position\":2,\"name\":\"TK: Objavljena kona\u010dna rang lista korisnika subvencija za stambeno zbrinjavanje mladih\"}]},{\"@type\":\"WebSite\",\"@id\":\"https:\/\/tuzlainfo.ba\/#website\",\"url\":\"https:\/\/tuzlainfo.ba\/\",\"name\":\"TuzlaInfo.ba\",\"description\":\"Tuzla info, gradski informator - Tuzla na dlanu\",\"publisher\":{\"@id\":\"https:\/\/tuzlainfo.ba\/#organization\"},\"potentialAction\":[{\"@type\":\"SearchAction\",\"target\":{\"@type\":\"EntryPoint\",\"urlTemplate\":\"https:\/\/tuzlainfo.ba\/?s={search_term_string}\"},\"query-input\":{\"@type\":\"PropertyValueSpecification\",\"valueRequired\":true,\"valueName\":\"search_term_string\"}}],\"inLanguage\":\"bs-BA\"},{\"@type\":\"Organization\",\"@id\":\"https:\/\/tuzlainfo.ba\/#organization\",\"name\":\"TuzlaInfo.ba\",\"url\":\"https:\/\/tuzlainfo.ba\/\",\"logo\":{\"@type\":\"ImageObject\",\"inLanguage\":\"bs-BA\",\"@id\":\"https:\/\/tuzlainfo.ba\/#\/schema\/logo\/image\/\",\"url\":\"https:\/\/tuzlainfo.ba\/wp-content\/uploads\/2021\/03\/logo-ver-3-1.png\",\"contentUrl\":\"https:\/\/tuzlainfo.ba\/wp-content\/uploads\/2021\/03\/logo-ver-3-1.png\",\"width\":350,\"height\":95,\"caption\":\"TuzlaInfo.ba\"},\"image\":{\"@id\":\"https:\/\/tuzlainfo.ba\/#\/schema\/logo\/image\/\"},\"sameAs\":[\"https:\/\/www.facebook.com\/tuzlainfo.ba\/\"]},{\"@type\":\"Person\",\"@id\":\"https:\/\/tuzlainfo.ba\/#\/schema\/person\/46cad4c57790cbc50781edd14870825a\",\"name\":\"Tuzla Info\",\"image\":{\"@type\":\"ImageObject\",\"inLanguage\":\"bs-BA\",\"@id\":\"https:\/\/tuzlainfo.ba\/#\/schema\/person\/image\/\",\"url\":\"https:\/\/tuzlainfo.ba\/wp-content\/litespeed\/avatar\/b6c453a6c38e3654f2e4416c643fc25c.jpg?ver=1777051911\",\"contentUrl\":\"https:\/\/tuzlainfo.ba\/wp-content\/litespeed\/avatar\/b6c453a6c38e3654f2e4416c643fc25c.jpg?ver=1777051911\",\"caption\":\"Tuzla Info\"}}]}<\/script>\n<!-- \/ Yoast SEO plugin. -->","yoast_head_json":{"title":"TK: Objavljena kona\u010dna rang lista korisnika subvencija za stambeno zbrinjavanje mladih - TuzlaInfo.ba","robots":{"index":"index","follow":"follow","max-snippet":"max-snippet:-1","max-image-preview":"max-image-preview:large","max-video-preview":"max-video-preview:-1"},"canonical":"https:\/\/tuzlainfo.ba\/index.php\/istaknuto\/item\/278240-tk-objavljena-konacna-rang-lista-korisnika-subvencija-za-stambeno-zbrinjavanje-mladih\/","og_locale":"bs_BA","og_type":"article","og_title":"TK: Objavljena kona\u010dna rang lista korisnika subvencija za stambeno zbrinjavanje mladih - TuzlaInfo.ba","og_description":"Objavljena je kona\u010dna rang lista korisnika sredstava za subvencioniranje kamata na kredite za stambeno zbrinjavanje&hellip;","og_url":"https:\/\/tuzlainfo.ba\/index.php\/istaknuto\/item\/278240-tk-objavljena-konacna-rang-lista-korisnika-subvencija-za-stambeno-zbrinjavanje-mladih\/","og_site_name":"TuzlaInfo.ba","article_publisher":"https:\/\/www.facebook.com\/tuzlainfo.ba\/","article_published_time":"2025-08-26T10:50:52+00:00","article_modified_time":"2025-08-26T10:03:13+00:00","og_image":[{"width":800,"height":600,"url":"https:\/\/tuzlainfo.ba\/wp-content\/uploads\/2022\/04\/0504-stan_kljucevi_stambeno-pitanje.jpg","type":"image\/jpeg"}],"author":"Tuzla Info","twitter_card":"summary_large_image","twitter_misc":{"Written by":"Tuzla Info","Est. reading time":"1 minuta"},"schema":{"@context":"https:\/\/schema.org","@graph":[{"@type":"Article","@id":"https:\/\/tuzlainfo.ba\/index.php\/istaknuto\/item\/278240-tk-objavljena-konacna-rang-lista-korisnika-subvencija-za-stambeno-zbrinjavanje-mladih\/#article","isPartOf":{"@id":"https:\/\/tuzlainfo.ba\/index.php\/istaknuto\/item\/278240-tk-objavljena-konacna-rang-lista-korisnika-subvencija-za-stambeno-zbrinjavanje-mladih\/"},"author":{"name":"Tuzla Info","@id":"https:\/\/tuzlainfo.ba\/#\/schema\/person\/46cad4c57790cbc50781edd14870825a"},"headline":"TK: Objavljena kona\u010dna rang lista korisnika subvencija za stambeno zbrinjavanje mladih","datePublished":"2025-08-26T10:50:52+00:00","dateModified":"2025-08-26T10:03:13+00:00","mainEntityOfPage":{"@id":"https:\/\/tuzlainfo.ba\/index.php\/istaknuto\/item\/278240-tk-objavljena-konacna-rang-lista-korisnika-subvencija-za-stambeno-zbrinjavanje-mladih\/"},"wordCount":87,"publisher":{"@id":"https:\/\/tuzlainfo.ba\/#organization"},"image":{"@id":"https:\/\/tuzlainfo.ba\/index.php\/istaknuto\/item\/278240-tk-objavljena-konacna-rang-lista-korisnika-subvencija-za-stambeno-zbrinjavanje-mladih\/#primaryimage"},"thumbnailUrl":"https:\/\/tuzlainfo.ba\/wp-content\/uploads\/2022\/04\/0504-stan_kljucevi_stambeno-pitanje.jpg","keywords":["Stambeno zbrinjavanje mladih","Subvencije","tuzlanski kanton"],"articleSection":["Istaknuto","Novosti"],"inLanguage":"bs-BA"},{"@type":"WebPage","@id":"https:\/\/tuzlainfo.ba\/index.php\/istaknuto\/item\/278240-tk-objavljena-konacna-rang-lista-korisnika-subvencija-za-stambeno-zbrinjavanje-mladih\/","url":"https:\/\/tuzlainfo.ba\/index.php\/istaknuto\/item\/278240-tk-objavljena-konacna-rang-lista-korisnika-subvencija-za-stambeno-zbrinjavanje-mladih\/","name":"TK: Objavljena kona\u010dna rang lista korisnika subvencija za stambeno zbrinjavanje mladih - TuzlaInfo.ba","isPartOf":{"@id":"https:\/\/tuzlainfo.ba\/#website"},"primaryImageOfPage":{"@id":"https:\/\/tuzlainfo.ba\/index.php\/istaknuto\/item\/278240-tk-objavljena-konacna-rang-lista-korisnika-subvencija-za-stambeno-zbrinjavanje-mladih\/#primaryimage"},"image":{"@id":"https:\/\/tuzlainfo.ba\/index.php\/istaknuto\/item\/278240-tk-objavljena-konacna-rang-lista-korisnika-subvencija-za-stambeno-zbrinjavanje-mladih\/#primaryimage"},"thumbnailUrl":"https:\/\/tuzlainfo.ba\/wp-content\/uploads\/2022\/04\/0504-stan_kljucevi_stambeno-pitanje.jpg","datePublished":"2025-08-26T10:50:52+00:00","dateModified":"2025-08-26T10:03:13+00:00","breadcrumb":{"@id":"https:\/\/tuzlainfo.ba\/index.php\/istaknuto\/item\/278240-tk-objavljena-konacna-rang-lista-korisnika-subvencija-za-stambeno-zbrinjavanje-mladih\/#breadcrumb"},"inLanguage":"bs-BA","potentialAction":[{"@type":"ReadAction","target":["https:\/\/tuzlainfo.ba\/index.php\/istaknuto\/item\/278240-tk-objavljena-konacna-rang-lista-korisnika-subvencija-za-stambeno-zbrinjavanje-mladih\/"]}]},{"@type":"ImageObject","inLanguage":"bs-BA","@id":"https:\/\/tuzlainfo.ba\/index.php\/istaknuto\/item\/278240-tk-objavljena-konacna-rang-lista-korisnika-subvencija-za-stambeno-zbrinjavanje-mladih\/#primaryimage","url":"https:\/\/tuzlainfo.ba\/wp-content\/uploads\/2022\/04\/0504-stan_kljucevi_stambeno-pitanje.jpg","contentUrl":"https:\/\/tuzlainfo.ba\/wp-content\/uploads\/2022\/04\/0504-stan_kljucevi_stambeno-pitanje.jpg","width":800,"height":600},{"@type":"BreadcrumbList","@id":"https:\/\/tuzlainfo.ba\/index.php\/istaknuto\/item\/278240-tk-objavljena-konacna-rang-lista-korisnika-subvencija-za-stambeno-zbrinjavanje-mladih\/#breadcrumb","itemListElement":[{"@type":"ListItem","position":1,"name":"Home","item":"https:\/\/tuzlainfo.ba\/"},{"@type":"ListItem","position":2,"name":"TK: Objavljena kona\u010dna rang lista korisnika subvencija za stambeno zbrinjavanje mladih"}]},{"@type":"WebSite","@id":"https:\/\/tuzlainfo.ba\/#website","url":"https:\/\/tuzlainfo.ba\/","name":"TuzlaInfo.ba","description":"Tuzla info, gradski informator - Tuzla na dlanu","publisher":{"@id":"https:\/\/tuzlainfo.ba\/#organization"},"potentialAction":[{"@type":"SearchAction","target":{"@type":"EntryPoint","urlTemplate":"https:\/\/tuzlainfo.ba\/?s={search_term_string}"},"query-input":{"@type":"PropertyValueSpecification","valueRequired":true,"valueName":"search_term_string"}}],"inLanguage":"bs-BA"},{"@type":"Organization","@id":"https:\/\/tuzlainfo.ba\/#organization","name":"TuzlaInfo.ba","url":"https:\/\/tuzlainfo.ba\/","logo":{"@type":"ImageObject","inLanguage":"bs-BA","@id":"https:\/\/tuzlainfo.ba\/#\/schema\/logo\/image\/","url":"https:\/\/tuzlainfo.ba\/wp-content\/uploads\/2021\/03\/logo-ver-3-1.png","contentUrl":"https:\/\/tuzlainfo.ba\/wp-content\/uploads\/2021\/03\/logo-ver-3-1.png","width":350,"height":95,"caption":"TuzlaInfo.ba"},"image":{"@id":"https:\/\/tuzlainfo.ba\/#\/schema\/logo\/image\/"},"sameAs":["https:\/\/www.facebook.com\/tuzlainfo.ba\/"]},{"@type":"Person","@id":"https:\/\/tuzlainfo.ba\/#\/schema\/person\/46cad4c57790cbc50781edd14870825a","name":"Tuzla Info","image":{"@type":"ImageObject","inLanguage":"bs-BA","@id":"https:\/\/tuzlainfo.ba\/#\/schema\/person\/image\/","url":"https:\/\/tuzlainfo.ba\/wp-content\/litespeed\/avatar\/b6c453a6c38e3654f2e4416c643fc25c.jpg?ver=1777051911","contentUrl":"https:\/\/tuzlainfo.ba\/wp-content\/litespeed\/avatar\/b6c453a6c38e3654f2e4416c643fc25c.jpg?ver=1777051911","caption":"Tuzla Info"}}]}},"_links":{"self":[{"href":"https:\/\/tuzlainfo.ba\/index.php\/wp-json\/wp\/v2\/posts\/278240"}],"collection":[{"href":"https:\/\/tuzlainfo.ba\/index.php\/wp-json\/wp\/v2\/posts"}],"about":[{"href":"https:\/\/tuzlainfo.ba\/index.php\/wp-json\/wp\/v2\/types\/post"}],"author":[{"embeddable":true,"href":"https:\/\/tuzlainfo.ba\/index.php\/wp-json\/wp\/v2\/users\/4"}],"replies":[{"embeddable":true,"href":"https:\/\/tuzlainfo.ba\/index.php\/wp-json\/wp\/v2\/comments?post=278240"}],"version-history":[{"count":1,"href":"https:\/\/tuzlainfo.ba\/index.php\/wp-json\/wp\/v2\/posts\/278240\/revisions"}],"predecessor-version":[{"id":278241,"href":"https:\/\/tuzlainfo.ba\/index.php\/wp-json\/wp\/v2\/posts\/278240\/revisions\/278241"}],"wp:featuredmedia":[{"embeddable":true,"href":"https:\/\/tuzlainfo.ba\/index.php\/wp-json\/wp\/v2\/media\/168570"}],"wp:attachment":[{"href":"https:\/\/tuzlainfo.ba\/index.php\/wp-json\/wp\/v2\/media?parent=278240"}],"wp:term":[{"taxonomy":"category","embeddable":true,"href":"https:\/\/tuzlainfo.ba\/index.php\/wp-json\/wp\/v2\/categories?post=278240"},{"taxonomy":"post_tag","embeddable":true,"href":"https:\/\/tuzlainfo.ba\/index.php\/wp-json\/wp\/v2\/tags?post=278240"}],"curies":[{"name":"wp","href":"https:\/\/api.w.org\/{rel}","templated":true}]}}