{"id":278210,"date":"2025-08-26T08:17:54","date_gmt":"2025-08-26T06:17:54","guid":{"rendered":"https:\/\/tuzlainfo.ba\/?p=278210"},"modified":"2025-08-26T08:17:54","modified_gmt":"2025-08-26T06:17:54","slug":"njemacka-planira-smanjiti-kvote-za-radnike-sa-zapadnog-balkana-poslodavci-negoduju","status":"publish","type":"post","link":"https:\/\/tuzlainfo.ba\/index.php\/clanci\/sa-svih-strana\/item\/278210-njemacka-planira-smanjiti-kvote-za-radnike-sa-zapadnog-balkana-poslodavci-negoduju\/","title":{"rendered":"Njema\u010dka planira smanjiti kvote za radnike sa zapadnog Balkana, poslodavci negoduju"},"content":{"rendered":"<p data-start=\"0\" data-end=\"350\">Njema\u010dki poslodavci sa zabrinuto\u0161\u0107u prate najave savezne vlade Fridriha Merca da bi kvota za radnike sa zapadnog Balkana mogla biti smanjena sa dosada\u0161njih 50.000 na 25.000 godi\u0161nje. Rije\u010d je o posebnom mehanizmu koji omogu\u0107ava gra\u0111anima zemalja regiona da u Njema\u010dkoj stupe u radni odnos po olak\u0161anoj proceduri, bez slo\u017eenih provjera tr\u017ei\u0161ta rada.<\/p>\n<p data-start=\"352\" data-end=\"745\">Kako pi\u0161e \u0161tutgartski list \u201eStaatsanzeiger\u201c, ova regulativa posljednjih godina imala je zna\u010dajnu ulogu u popunjavanju deficitarnih radnih mjesta, posebno u gra\u0111evinarstvu i sektoru njege starijih i bolesnih osoba. Industrijska i trgovinska komora Baden-Virtemberga upozorava da bi smanjenje kvote bilo ozbiljan udar za kompanije koje se i sada suo\u010davaju s nedostatkom kvalifikovanih radnika.<\/p>\n<p data-start=\"747\" data-end=\"947\">\u201eUpravo je ta regulativa omogu\u0107ila da kompanije lako i efikasno zapo\u0161ljavaju osoblje bez potrebe za dostavljanjem beskrajnih dokaza\u201c, izjavila je predsjednica Komore Zuzane Here za \u201eStaatsanzeiger\u201c.<\/p>\n<p data-start=\"949\" data-end=\"1289\">Na stranici Savezne industrijske i privredne komore (DIHK) navodi se da poslodavci ne tra\u017ee samo zadr\u017eavanje postoje\u0107e kvote, nego i njeno ukidanje, te \u0161irenje sli\u010dnog modela i na druge zemlje van EU. Poslodavci smatraju da bi se tako istovremeno za\u0161titili interesi njema\u010dke privrede i ubla\u017eila prekomjerna emigracija iz pojedinih dr\u017eava.<\/p>\n<p data-start=\"1291\" data-end=\"1676\">Ipak, podaci pokazuju da kvota ni do sada nije bila u potpunosti iskori\u0161tena. Tokom 2023. godine izdato je 25.700 viza, ali se samo oko 16.000 radnika sa zapadnog Balkana zaista zaposlilo u Njema\u010dkoj. Poslodavci kao glavni problem navode dugotrajne i komplikovane procedure, nedostatak termina u ambasadama i te\u0161ko\u0107e samih radnika u snala\u017eenju u novoj sredini, pi\u0161e \u201eStaatsanzeiger\u201c.<\/p>\n<p data-start=\"1678\" data-end=\"1895\">Njema\u010dki mediji ocjenjuju da \u0107e predstoje\u0107a odluka vlade otvoriti \u0161iroku raspravu, budu\u0107i da se radi o pitanju koje istovremeno doti\u010de ekonomske potrebe Njema\u010dke, ali i migracione tokove iz zemalja zapadnog Balkana.<\/p>\n","protected":false},"excerpt":{"rendered":"<p>Njema\u010dki poslodavci sa zabrinuto\u0161\u0107u prate najave savezne vlade Fridriha Merca da bi kvota za radnike sa zapadnog Balkana mogla biti smanjena sa dosada\u0161njih 50.000 na 25.000 godi\u0161nje. Rije\u010d je o posebnom mehanizmu koji omogu\u0107ava gra\u0111anima zemalja regiona da u Njema\u010dkoj stupe u radni odnos po olak\u0161anoj proceduri, bez slo\u017eenih provjera tr\u017ei\u0161ta rada. Kako pi\u0161e \u0161tutgartski [&hellip;]<\/p>\n","protected":false},"author":2,"featured_media":81517,"comment_status":"closed","ping_status":"closed","sticky":false,"template":"","format":"standard","meta":{"footnotes":""},"categories":[16],"tags":[423,6020],"class_list":["post-278210","post","type-post","status-publish","format-standard","has-post-thumbnail","hentry","category-sa-svih-strana","tag-njemacka","tag-posao-u-njemackoj"],"yoast_head":"<!-- This site is optimized with the Yoast SEO plugin v28.3 - https:\/\/yoast.com\/product\/yoast-seo-wordpress\/ -->\n<title>Njema\u010dka planira smanjiti kvote za radnike sa zapadnog Balkana, poslodavci negoduju<\/title>\n<meta name=\"robots\" content=\"index, follow, max-snippet:-1, max-image-preview:large, max-video-preview:-1\" \/>\n<link rel=\"canonical\" href=\"https:\/\/tuzlainfo.ba\/index.php\/clanci\/sa-svih-strana\/item\/278210-njemacka-planira-smanjiti-kvote-za-radnike-sa-zapadnog-balkana-poslodavci-negoduju\/\" \/>\n<meta property=\"og:locale\" content=\"bs_BA\" \/>\n<meta property=\"og:type\" content=\"article\" \/>\n<meta property=\"og:title\" content=\"Njema\u010dka planira smanjiti kvote za radnike sa zapadnog Balkana, poslodavci negoduju\" \/>\n<meta property=\"og:description\" content=\"Njema\u010dki poslodavci sa zabrinuto\u0161\u0107u prate najave savezne vlade Fridriha Merca da bi kvota za radnike sa zapadnog Balkana mogla biti smanjena sa dosada\u0161njih 50.000 na 25.000 godi\u0161nje. Rije\u010d je o posebnom mehanizmu koji omogu\u0107ava gra\u0111anima zemalja regiona da u Njema\u010dkoj stupe u radni odnos po olak\u0161anoj proceduri, bez slo\u017eenih provjera tr\u017ei\u0161ta rada. Kako pi\u0161e \u0161tutgartski [&hellip;]\" \/>\n<meta property=\"og:url\" content=\"https:\/\/tuzlainfo.ba\/index.php\/clanci\/sa-svih-strana\/item\/278210-njemacka-planira-smanjiti-kvote-za-radnike-sa-zapadnog-balkana-poslodavci-negoduju\/\" \/>\n<meta property=\"og:site_name\" content=\"TuzlaInfo.ba\" \/>\n<meta property=\"article:publisher\" content=\"https:\/\/www.facebook.com\/tuzlainfo.ba\/\" \/>\n<meta property=\"article:published_time\" content=\"2025-08-26T06:17:54+00:00\" \/>\n<meta property=\"og:image\" content=\"https:\/\/tuzlainfo.ba\/wp-content\/uploads\/2020\/08\/sadrzaj_2020_20200801_0408_baustele.jpg\" \/>\n\t<meta property=\"og:image:width\" content=\"770\" \/>\n\t<meta property=\"og:image:height\" content=\"555\" \/>\n\t<meta property=\"og:image:type\" content=\"image\/jpeg\" \/>\n<meta name=\"author\" content=\"nedim\" \/>\n<meta name=\"twitter:card\" content=\"summary_large_image\" \/>\n<meta name=\"twitter:label1\" content=\"Written by\" \/>\n\t<meta name=\"twitter:data1\" content=\"nedim\" \/>\n\t<meta name=\"twitter:label2\" content=\"Est. reading time\" \/>\n\t<meta name=\"twitter:data2\" content=\"2 minute\" \/>\n<script type=\"application\/ld+json\" class=\"yoast-schema-graph\">{\"@context\":\"https:\\\/\\\/schema.org\",\"@graph\":[{\"@type\":\"Article\",\"@id\":\"https:\\\/\\\/tuzlainfo.ba\\\/index.php\\\/clanci\\\/sa-svih-strana\\\/item\\\/278210-njemacka-planira-smanjiti-kvote-za-radnike-sa-zapadnog-balkana-poslodavci-negoduju\\\/#article\",\"isPartOf\":{\"@id\":\"https:\\\/\\\/tuzlainfo.ba\\\/index.php\\\/clanci\\\/sa-svih-strana\\\/item\\\/278210-njemacka-planira-smanjiti-kvote-za-radnike-sa-zapadnog-balkana-poslodavci-negoduju\\\/\"},\"author\":{\"name\":\"nedim\",\"@id\":\"https:\\\/\\\/tuzlainfo.ba\\\/#\\\/schema\\\/person\\\/f434e20dc27ea133923aab08451b7f7f\"},\"headline\":\"Njema\u010dka planira smanjiti kvote za radnike sa zapadnog Balkana, poslodavci negoduju\",\"datePublished\":\"2025-08-26T06:17:54+00:00\",\"mainEntityOfPage\":{\"@id\":\"https:\\\/\\\/tuzlainfo.ba\\\/index.php\\\/clanci\\\/sa-svih-strana\\\/item\\\/278210-njemacka-planira-smanjiti-kvote-za-radnike-sa-zapadnog-balkana-poslodavci-negoduju\\\/\"},\"wordCount\":311,\"publisher\":{\"@id\":\"https:\\\/\\\/tuzlainfo.ba\\\/#organization\"},\"image\":{\"@id\":\"https:\\\/\\\/tuzlainfo.ba\\\/index.php\\\/clanci\\\/sa-svih-strana\\\/item\\\/278210-njemacka-planira-smanjiti-kvote-za-radnike-sa-zapadnog-balkana-poslodavci-negoduju\\\/#primaryimage\"},\"thumbnailUrl\":\"https:\\\/\\\/tuzlainfo.ba\\\/wp-content\\\/uploads\\\/2020\\\/08\\\/sadrzaj_2020_20200801_0408_baustele.jpg\",\"keywords\":[\"njema\u010dka\",\"posao u njema\u010dkoj\"],\"articleSection\":[\"Sa svih strana\"],\"inLanguage\":\"bs-BA\",\"copyrightYear\":\"2025\",\"copyrightHolder\":{\"@id\":\"https:\\\/\\\/tuzlainfo.ba\\\/#organization\"}},{\"@type\":\"WebPage\",\"@id\":\"https:\\\/\\\/tuzlainfo.ba\\\/index.php\\\/clanci\\\/sa-svih-strana\\\/item\\\/278210-njemacka-planira-smanjiti-kvote-za-radnike-sa-zapadnog-balkana-poslodavci-negoduju\\\/\",\"url\":\"https:\\\/\\\/tuzlainfo.ba\\\/index.php\\\/clanci\\\/sa-svih-strana\\\/item\\\/278210-njemacka-planira-smanjiti-kvote-za-radnike-sa-zapadnog-balkana-poslodavci-negoduju\\\/\",\"name\":\"Njema\u010dka planira smanjiti kvote za radnike sa zapadnog Balkana, poslodavci negoduju\",\"isPartOf\":{\"@id\":\"https:\\\/\\\/tuzlainfo.ba\\\/#website\"},\"primaryImageOfPage\":{\"@id\":\"https:\\\/\\\/tuzlainfo.ba\\\/index.php\\\/clanci\\\/sa-svih-strana\\\/item\\\/278210-njemacka-planira-smanjiti-kvote-za-radnike-sa-zapadnog-balkana-poslodavci-negoduju\\\/#primaryimage\"},\"image\":{\"@id\":\"https:\\\/\\\/tuzlainfo.ba\\\/index.php\\\/clanci\\\/sa-svih-strana\\\/item\\\/278210-njemacka-planira-smanjiti-kvote-za-radnike-sa-zapadnog-balkana-poslodavci-negoduju\\\/#primaryimage\"},\"thumbnailUrl\":\"https:\\\/\\\/tuzlainfo.ba\\\/wp-content\\\/uploads\\\/2020\\\/08\\\/sadrzaj_2020_20200801_0408_baustele.jpg\",\"datePublished\":\"2025-08-26T06:17:54+00:00\",\"breadcrumb\":{\"@id\":\"https:\\\/\\\/tuzlainfo.ba\\\/index.php\\\/clanci\\\/sa-svih-strana\\\/item\\\/278210-njemacka-planira-smanjiti-kvote-za-radnike-sa-zapadnog-balkana-poslodavci-negoduju\\\/#breadcrumb\"},\"inLanguage\":\"bs-BA\",\"potentialAction\":[{\"@type\":\"ReadAction\",\"target\":[\"https:\\\/\\\/tuzlainfo.ba\\\/index.php\\\/clanci\\\/sa-svih-strana\\\/item\\\/278210-njemacka-planira-smanjiti-kvote-za-radnike-sa-zapadnog-balkana-poslodavci-negoduju\\\/\"]}]},{\"@type\":\"ImageObject\",\"inLanguage\":\"bs-BA\",\"@id\":\"https:\\\/\\\/tuzlainfo.ba\\\/index.php\\\/clanci\\\/sa-svih-strana\\\/item\\\/278210-njemacka-planira-smanjiti-kvote-za-radnike-sa-zapadnog-balkana-poslodavci-negoduju\\\/#primaryimage\",\"url\":\"https:\\\/\\\/tuzlainfo.ba\\\/wp-content\\\/uploads\\\/2020\\\/08\\\/sadrzaj_2020_20200801_0408_baustele.jpg\",\"contentUrl\":\"https:\\\/\\\/tuzlainfo.ba\\\/wp-content\\\/uploads\\\/2020\\\/08\\\/sadrzaj_2020_20200801_0408_baustele.jpg\",\"width\":770,\"height\":555,\"caption\":\"Foto: Ilustracija\"},{\"@type\":\"BreadcrumbList\",\"@id\":\"https:\\\/\\\/tuzlainfo.ba\\\/index.php\\\/clanci\\\/sa-svih-strana\\\/item\\\/278210-njemacka-planira-smanjiti-kvote-za-radnike-sa-zapadnog-balkana-poslodavci-negoduju\\\/#breadcrumb\",\"itemListElement\":[{\"@type\":\"ListItem\",\"position\":1,\"name\":\"Home\",\"item\":\"https:\\\/\\\/tuzlainfo.ba\\\/\"},{\"@type\":\"ListItem\",\"position\":2,\"name\":\"Njema\u010dka planira smanjiti kvote za radnike sa zapadnog Balkana, poslodavci negoduju\"}]},{\"@type\":\"WebSite\",\"@id\":\"https:\\\/\\\/tuzlainfo.ba\\\/#website\",\"url\":\"https:\\\/\\\/tuzlainfo.ba\\\/\",\"name\":\"TuzlaInfo.ba\",\"description\":\"Tuzla info, gradski informator - Tuzla na dlanu\",\"publisher\":{\"@id\":\"https:\\\/\\\/tuzlainfo.ba\\\/#organization\"},\"potentialAction\":[{\"@type\":\"SearchAction\",\"target\":{\"@type\":\"EntryPoint\",\"urlTemplate\":\"https:\\\/\\\/tuzlainfo.ba\\\/?s={search_term_string}\"},\"query-input\":{\"@type\":\"PropertyValueSpecification\",\"valueRequired\":true,\"valueName\":\"search_term_string\"}}],\"inLanguage\":\"bs-BA\"},{\"@type\":\"Organization\",\"@id\":\"https:\\\/\\\/tuzlainfo.ba\\\/#organization\",\"name\":\"TuzlaInfo.ba\",\"url\":\"https:\\\/\\\/tuzlainfo.ba\\\/\",\"logo\":{\"@type\":\"ImageObject\",\"inLanguage\":\"bs-BA\",\"@id\":\"https:\\\/\\\/tuzlainfo.ba\\\/#\\\/schema\\\/logo\\\/image\\\/\",\"url\":\"https:\\\/\\\/tuzlainfo.ba\\\/wp-content\\\/uploads\\\/2021\\\/03\\\/logo-ver-3-1.png\",\"contentUrl\":\"https:\\\/\\\/tuzlainfo.ba\\\/wp-content\\\/uploads\\\/2021\\\/03\\\/logo-ver-3-1.png\",\"width\":350,\"height\":95,\"caption\":\"TuzlaInfo.ba\"},\"image\":{\"@id\":\"https:\\\/\\\/tuzlainfo.ba\\\/#\\\/schema\\\/logo\\\/image\\\/\"},\"sameAs\":[\"https:\\\/\\\/www.facebook.com\\\/tuzlainfo.ba\\\/\"]},{\"@type\":\"Person\",\"@id\":\"https:\\\/\\\/tuzlainfo.ba\\\/#\\\/schema\\\/person\\\/f434e20dc27ea133923aab08451b7f7f\",\"name\":\"nedim\",\"image\":{\"@type\":\"ImageObject\",\"inLanguage\":\"bs-BA\",\"@id\":\"https:\\\/\\\/secure.gravatar.com\\\/avatar\\\/5b928a2e7e70a54208d2eb6c1edcb75a5350d6ae97d5f0a701203d456823f6f3?s=96&d=mm&r=g\",\"url\":\"https:\\\/\\\/secure.gravatar.com\\\/avatar\\\/5b928a2e7e70a54208d2eb6c1edcb75a5350d6ae97d5f0a701203d456823f6f3?s=96&d=mm&r=g\",\"contentUrl\":\"https:\\\/\\\/secure.gravatar.com\\\/avatar\\\/5b928a2e7e70a54208d2eb6c1edcb75a5350d6ae97d5f0a701203d456823f6f3?s=96&d=mm&r=g\",\"caption\":\"nedim\"},\"description\":\"Tuzlainfo.ba pratite na dru\u0161tvenim mre\u017eama: Facebook, Instagram i Youtube. Svoje pri\u010de, upite i fotografije \u0161aljite na na\u0161u e-mail adresu.\"}]}<\/script>\n<!-- \/ Yoast SEO plugin. -->","yoast_head_json":{"title":"Njema\u010dka planira smanjiti kvote za radnike sa zapadnog Balkana, poslodavci negoduju","robots":{"index":"index","follow":"follow","max-snippet":"max-snippet:-1","max-image-preview":"max-image-preview:large","max-video-preview":"max-video-preview:-1"},"canonical":"https:\/\/tuzlainfo.ba\/index.php\/clanci\/sa-svih-strana\/item\/278210-njemacka-planira-smanjiti-kvote-za-radnike-sa-zapadnog-balkana-poslodavci-negoduju\/","og_locale":"bs_BA","og_type":"article","og_title":"Njema\u010dka planira smanjiti kvote za radnike sa zapadnog Balkana, poslodavci negoduju","og_description":"Njema\u010dki poslodavci sa zabrinuto\u0161\u0107u prate najave savezne vlade Fridriha Merca da bi kvota za radnike sa zapadnog Balkana mogla biti smanjena sa dosada\u0161njih 50.000 na 25.000 godi\u0161nje. Rije\u010d je o posebnom mehanizmu koji omogu\u0107ava gra\u0111anima zemalja regiona da u Njema\u010dkoj stupe u radni odnos po olak\u0161anoj proceduri, bez slo\u017eenih provjera tr\u017ei\u0161ta rada. Kako pi\u0161e \u0161tutgartski [&hellip;]","og_url":"https:\/\/tuzlainfo.ba\/index.php\/clanci\/sa-svih-strana\/item\/278210-njemacka-planira-smanjiti-kvote-za-radnike-sa-zapadnog-balkana-poslodavci-negoduju\/","og_site_name":"TuzlaInfo.ba","article_publisher":"https:\/\/www.facebook.com\/tuzlainfo.ba\/","article_published_time":"2025-08-26T06:17:54+00:00","og_image":[{"width":770,"height":555,"url":"https:\/\/tuzlainfo.ba\/wp-content\/uploads\/2020\/08\/sadrzaj_2020_20200801_0408_baustele.jpg","type":"image\/jpeg"}],"author":"nedim","twitter_card":"summary_large_image","twitter_misc":{"Written by":"nedim","Est. reading time":"2 minute"},"schema":{"@context":"https:\/\/schema.org","@graph":[{"@type":"Article","@id":"https:\/\/tuzlainfo.ba\/index.php\/clanci\/sa-svih-strana\/item\/278210-njemacka-planira-smanjiti-kvote-za-radnike-sa-zapadnog-balkana-poslodavci-negoduju\/#article","isPartOf":{"@id":"https:\/\/tuzlainfo.ba\/index.php\/clanci\/sa-svih-strana\/item\/278210-njemacka-planira-smanjiti-kvote-za-radnike-sa-zapadnog-balkana-poslodavci-negoduju\/"},"author":{"name":"nedim","@id":"https:\/\/tuzlainfo.ba\/#\/schema\/person\/f434e20dc27ea133923aab08451b7f7f"},"headline":"Njema\u010dka planira smanjiti kvote za radnike sa zapadnog Balkana, poslodavci negoduju","datePublished":"2025-08-26T06:17:54+00:00","mainEntityOfPage":{"@id":"https:\/\/tuzlainfo.ba\/index.php\/clanci\/sa-svih-strana\/item\/278210-njemacka-planira-smanjiti-kvote-za-radnike-sa-zapadnog-balkana-poslodavci-negoduju\/"},"wordCount":311,"publisher":{"@id":"https:\/\/tuzlainfo.ba\/#organization"},"image":{"@id":"https:\/\/tuzlainfo.ba\/index.php\/clanci\/sa-svih-strana\/item\/278210-njemacka-planira-smanjiti-kvote-za-radnike-sa-zapadnog-balkana-poslodavci-negoduju\/#primaryimage"},"thumbnailUrl":"https:\/\/tuzlainfo.ba\/wp-content\/uploads\/2020\/08\/sadrzaj_2020_20200801_0408_baustele.jpg","keywords":["njema\u010dka","posao u njema\u010dkoj"],"articleSection":["Sa svih strana"],"inLanguage":"bs-BA","copyrightYear":"2025","copyrightHolder":{"@id":"https:\/\/tuzlainfo.ba\/#organization"}},{"@type":"WebPage","@id":"https:\/\/tuzlainfo.ba\/index.php\/clanci\/sa-svih-strana\/item\/278210-njemacka-planira-smanjiti-kvote-za-radnike-sa-zapadnog-balkana-poslodavci-negoduju\/","url":"https:\/\/tuzlainfo.ba\/index.php\/clanci\/sa-svih-strana\/item\/278210-njemacka-planira-smanjiti-kvote-za-radnike-sa-zapadnog-balkana-poslodavci-negoduju\/","name":"Njema\u010dka planira smanjiti kvote za radnike sa zapadnog Balkana, poslodavci negoduju","isPartOf":{"@id":"https:\/\/tuzlainfo.ba\/#website"},"primaryImageOfPage":{"@id":"https:\/\/tuzlainfo.ba\/index.php\/clanci\/sa-svih-strana\/item\/278210-njemacka-planira-smanjiti-kvote-za-radnike-sa-zapadnog-balkana-poslodavci-negoduju\/#primaryimage"},"image":{"@id":"https:\/\/tuzlainfo.ba\/index.php\/clanci\/sa-svih-strana\/item\/278210-njemacka-planira-smanjiti-kvote-za-radnike-sa-zapadnog-balkana-poslodavci-negoduju\/#primaryimage"},"thumbnailUrl":"https:\/\/tuzlainfo.ba\/wp-content\/uploads\/2020\/08\/sadrzaj_2020_20200801_0408_baustele.jpg","datePublished":"2025-08-26T06:17:54+00:00","breadcrumb":{"@id":"https:\/\/tuzlainfo.ba\/index.php\/clanci\/sa-svih-strana\/item\/278210-njemacka-planira-smanjiti-kvote-za-radnike-sa-zapadnog-balkana-poslodavci-negoduju\/#breadcrumb"},"inLanguage":"bs-BA","potentialAction":[{"@type":"ReadAction","target":["https:\/\/tuzlainfo.ba\/index.php\/clanci\/sa-svih-strana\/item\/278210-njemacka-planira-smanjiti-kvote-za-radnike-sa-zapadnog-balkana-poslodavci-negoduju\/"]}]},{"@type":"ImageObject","inLanguage":"bs-BA","@id":"https:\/\/tuzlainfo.ba\/index.php\/clanci\/sa-svih-strana\/item\/278210-njemacka-planira-smanjiti-kvote-za-radnike-sa-zapadnog-balkana-poslodavci-negoduju\/#primaryimage","url":"https:\/\/tuzlainfo.ba\/wp-content\/uploads\/2020\/08\/sadrzaj_2020_20200801_0408_baustele.jpg","contentUrl":"https:\/\/tuzlainfo.ba\/wp-content\/uploads\/2020\/08\/sadrzaj_2020_20200801_0408_baustele.jpg","width":770,"height":555,"caption":"Foto: Ilustracija"},{"@type":"BreadcrumbList","@id":"https:\/\/tuzlainfo.ba\/index.php\/clanci\/sa-svih-strana\/item\/278210-njemacka-planira-smanjiti-kvote-za-radnike-sa-zapadnog-balkana-poslodavci-negoduju\/#breadcrumb","itemListElement":[{"@type":"ListItem","position":1,"name":"Home","item":"https:\/\/tuzlainfo.ba\/"},{"@type":"ListItem","position":2,"name":"Njema\u010dka planira smanjiti kvote za radnike sa zapadnog Balkana, poslodavci negoduju"}]},{"@type":"WebSite","@id":"https:\/\/tuzlainfo.ba\/#website","url":"https:\/\/tuzlainfo.ba\/","name":"TuzlaInfo.ba","description":"Tuzla info, gradski informator - Tuzla na dlanu","publisher":{"@id":"https:\/\/tuzlainfo.ba\/#organization"},"potentialAction":[{"@type":"SearchAction","target":{"@type":"EntryPoint","urlTemplate":"https:\/\/tuzlainfo.ba\/?s={search_term_string}"},"query-input":{"@type":"PropertyValueSpecification","valueRequired":true,"valueName":"search_term_string"}}],"inLanguage":"bs-BA"},{"@type":"Organization","@id":"https:\/\/tuzlainfo.ba\/#organization","name":"TuzlaInfo.ba","url":"https:\/\/tuzlainfo.ba\/","logo":{"@type":"ImageObject","inLanguage":"bs-BA","@id":"https:\/\/tuzlainfo.ba\/#\/schema\/logo\/image\/","url":"https:\/\/tuzlainfo.ba\/wp-content\/uploads\/2021\/03\/logo-ver-3-1.png","contentUrl":"https:\/\/tuzlainfo.ba\/wp-content\/uploads\/2021\/03\/logo-ver-3-1.png","width":350,"height":95,"caption":"TuzlaInfo.ba"},"image":{"@id":"https:\/\/tuzlainfo.ba\/#\/schema\/logo\/image\/"},"sameAs":["https:\/\/www.facebook.com\/tuzlainfo.ba\/"]},{"@type":"Person","@id":"https:\/\/tuzlainfo.ba\/#\/schema\/person\/f434e20dc27ea133923aab08451b7f7f","name":"nedim","image":{"@type":"ImageObject","inLanguage":"bs-BA","@id":"https:\/\/secure.gravatar.com\/avatar\/5b928a2e7e70a54208d2eb6c1edcb75a5350d6ae97d5f0a701203d456823f6f3?s=96&d=mm&r=g","url":"https:\/\/secure.gravatar.com\/avatar\/5b928a2e7e70a54208d2eb6c1edcb75a5350d6ae97d5f0a701203d456823f6f3?s=96&d=mm&r=g","contentUrl":"https:\/\/secure.gravatar.com\/avatar\/5b928a2e7e70a54208d2eb6c1edcb75a5350d6ae97d5f0a701203d456823f6f3?s=96&d=mm&r=g","caption":"nedim"},"description":"Tuzlainfo.ba pratite na dru\u0161tvenim mre\u017eama: Facebook, Instagram i Youtube. Svoje pri\u010de, upite i fotografije \u0161aljite na na\u0161u e-mail adresu."}]}},"_links":{"self":[{"href":"https:\/\/tuzlainfo.ba\/index.php\/wp-json\/wp\/v2\/posts\/278210","targetHints":{"allow":["GET"]}}],"collection":[{"href":"https:\/\/tuzlainfo.ba\/index.php\/wp-json\/wp\/v2\/posts"}],"about":[{"href":"https:\/\/tuzlainfo.ba\/index.php\/wp-json\/wp\/v2\/types\/post"}],"author":[{"embeddable":true,"href":"https:\/\/tuzlainfo.ba\/index.php\/wp-json\/wp\/v2\/users\/2"}],"replies":[{"embeddable":true,"href":"https:\/\/tuzlainfo.ba\/index.php\/wp-json\/wp\/v2\/comments?post=278210"}],"version-history":[{"count":1,"href":"https:\/\/tuzlainfo.ba\/index.php\/wp-json\/wp\/v2\/posts\/278210\/revisions"}],"predecessor-version":[{"id":278211,"href":"https:\/\/tuzlainfo.ba\/index.php\/wp-json\/wp\/v2\/posts\/278210\/revisions\/278211"}],"wp:featuredmedia":[{"embeddable":true,"href":"https:\/\/tuzlainfo.ba\/index.php\/wp-json\/wp\/v2\/media\/81517"}],"wp:attachment":[{"href":"https:\/\/tuzlainfo.ba\/index.php\/wp-json\/wp\/v2\/media?parent=278210"}],"wp:term":[{"taxonomy":"category","embeddable":true,"href":"https:\/\/tuzlainfo.ba\/index.php\/wp-json\/wp\/v2\/categories?post=278210"},{"taxonomy":"post_tag","embeddable":true,"href":"https:\/\/tuzlainfo.ba\/index.php\/wp-json\/wp\/v2\/tags?post=278210"}],"curies":[{"name":"wp","href":"https:\/\/api.w.org\/{rel}","templated":true}]}}