{"id":278161,"date":"2025-08-25T22:00:06","date_gmt":"2025-08-25T20:00:06","guid":{"rendered":"https:\/\/tuzlainfo.ba\/?p=278161"},"modified":"2025-08-25T14:00:55","modified_gmt":"2025-08-25T12:00:55","slug":"planska-iskljucenja-el-energije-u-tk-za-26-i-27-august","status":"publish","type":"post","link":"https:\/\/tuzlainfo.ba\/index.php\/novosti\/item\/278161-planska-iskljucenja-el-energije-u-tk-za-26-i-27-august\/","title":{"rendered":"Planska isklju\u010denja el. energije u TK za 26. i 27. august"},"content":{"rendered":"<p>Zbog planiranih radova na elektrodistributivnoj mre\u017ei iz Elektroprivrede BIh su najavili da \u0107e na podru\u010dju Tuzlanskog kantona do\u0107i \u0107e do prekida u snadbijevanju elektri\u010dnom energijom:<\/p>\n<p><strong>Dana 26.08.2025.godine (utorak) na podru\u010dju<\/strong> Grada Srebrenik u naseljima: Zubovo Brdo, Huremi i Huremi \u2013 Mustafi\u0107i u vremenu od 08:00 do 17:30 sati.<\/p>\n<p><strong>Dana 27.08.2025.godine (srijeda) na podru\u010dju\u00a0<\/strong>Grada Srebrenik u naseljima: Jo\u0161a, De\u017ei\u0107i, \u0160pionica Srednja, Tutnjevac i Cerik u vremenu od 08:00 do 17:30 sati<\/p>\n<p><strong>Dana 27.08.2025.godine (srijeda) na podru\u010dju\u00a0<\/strong>Grada \u017divinica u naseljima: \u0110ulovi\u0107i, Jablanica, Deli\u0107i, Suha 2, Sulji\u0107i,Suha Sulji\u0107i 2, \u0110ize, Mukinovi\u0107i, Bu\u010dik 1, Bu\u010dik 2, Bu\u010dik 3, Mladik, Nuhanovi\u0107i, \u0160eri\u0107i 1, \u0160eri\u0107i dom, Pepi\u0107i, Ho\u0111\u017ei\u0107i, Kadi\u0107i, Priluk 1, Priluk \u0161kola, Grablje, Klapi\u0107i, Priluk Jezero, Polji\u0107i u vremenu od 09:00 do 15:30 sati.<\/p>\n<p>Prekidi ili ograni\u010denja isporuke elektri\u010dne energije se vr\u0161e zbog planiranih isklju\u010denja, odnosno ograni\u010denja radi odr\u017eavanja, remonta, priklju\u010denja novih kupaca, kao i drugih investicijskih radova.<\/p>\n","protected":false},"excerpt":{"rendered":"<p>Zbog planiranih radova na elektrodistributivnoj mre\u017ei iz Elektroprivrede BIh su najavili da \u0107e na podru\u010dju&hellip;<\/p>\n","protected":false},"author":2,"featured_media":85517,"comment_status":"closed","ping_status":"closed","sticky":false,"template":"","format":"standard","meta":{"_acf_changed":false,"footnotes":""},"categories":[304,12],"tags":[7100,360],"acf":[],"yoast_head":"<!-- This site is optimized with the Yoast SEO plugin v23.5 - https:\/\/yoast.com\/wordpress\/plugins\/seo\/ -->\n<title>Planska isklju\u010denja el. energije u TK za 26. i 27. august - TuzlaInfo.ba<\/title>\n<meta name=\"robots\" content=\"index, follow, max-snippet:-1, max-image-preview:large, max-video-preview:-1\" \/>\n<link rel=\"canonical\" href=\"https:\/\/tuzlainfo.ba\/index.php\/novosti\/item\/278161-planska-iskljucenja-el-energije-u-tk-za-26-i-27-august\/\" \/>\n<meta property=\"og:locale\" content=\"bs_BA\" \/>\n<meta property=\"og:type\" content=\"article\" \/>\n<meta property=\"og:title\" content=\"Planska isklju\u010denja el. energije u TK za 26. i 27. august - TuzlaInfo.ba\" \/>\n<meta property=\"og:description\" content=\"Zbog planiranih radova na elektrodistributivnoj mre\u017ei iz Elektroprivrede BIh su najavili da \u0107e na podru\u010dju&hellip;\" \/>\n<meta property=\"og:url\" content=\"https:\/\/tuzlainfo.ba\/index.php\/novosti\/item\/278161-planska-iskljucenja-el-energije-u-tk-za-26-i-27-august\/\" \/>\n<meta property=\"og:site_name\" content=\"TuzlaInfo.ba\" \/>\n<meta property=\"article:publisher\" content=\"https:\/\/www.facebook.com\/tuzlainfo.ba\/\" \/>\n<meta property=\"article:published_time\" content=\"2025-08-25T20:00:06+00:00\" \/>\n<meta property=\"article:modified_time\" content=\"2025-08-25T12:00:55+00:00\" \/>\n<meta property=\"og:image\" content=\"https:\/\/tuzlainfo.ba\/wp-content\/uploads\/2021\/01\/sadrzaj_2021_20210101_01012021_elektro.jpg\" \/>\n\t<meta property=\"og:image:width\" content=\"770\" \/>\n\t<meta property=\"og:image:height\" content=\"577\" \/>\n\t<meta property=\"og:image:type\" content=\"image\/jpeg\" \/>\n<meta name=\"author\" content=\"nedim\" \/>\n<meta name=\"twitter:card\" content=\"summary_large_image\" \/>\n<meta name=\"twitter:label1\" content=\"Written by\" \/>\n\t<meta name=\"twitter:data1\" content=\"nedim\" \/>\n\t<meta name=\"twitter:label2\" content=\"Est. reading time\" \/>\n\t<meta name=\"twitter:data2\" content=\"1 minuta\" \/>\n<script type=\"application\/ld+json\" class=\"yoast-schema-graph\">{\"@context\":\"https:\/\/schema.org\",\"@graph\":[{\"@type\":\"Article\",\"@id\":\"https:\/\/tuzlainfo.ba\/index.php\/novosti\/item\/278161-planska-iskljucenja-el-energije-u-tk-za-26-i-27-august\/#article\",\"isPartOf\":{\"@id\":\"https:\/\/tuzlainfo.ba\/index.php\/novosti\/item\/278161-planska-iskljucenja-el-energije-u-tk-za-26-i-27-august\/\"},\"author\":{\"name\":\"nedim\",\"@id\":\"https:\/\/tuzlainfo.ba\/#\/schema\/person\/f434e20dc27ea133923aab08451b7f7f\"},\"headline\":\"Planska isklju\u010denja el. energije u TK za 26. i 27. august\",\"datePublished\":\"2025-08-25T20:00:06+00:00\",\"dateModified\":\"2025-08-25T12:00:55+00:00\",\"mainEntityOfPage\":{\"@id\":\"https:\/\/tuzlainfo.ba\/index.php\/novosti\/item\/278161-planska-iskljucenja-el-energije-u-tk-za-26-i-27-august\/\"},\"wordCount\":177,\"publisher\":{\"@id\":\"https:\/\/tuzlainfo.ba\/#organization\"},\"image\":{\"@id\":\"https:\/\/tuzlainfo.ba\/index.php\/novosti\/item\/278161-planska-iskljucenja-el-energije-u-tk-za-26-i-27-august\/#primaryimage\"},\"thumbnailUrl\":\"https:\/\/tuzlainfo.ba\/wp-content\/uploads\/2021\/01\/sadrzaj_2021_20210101_01012021_elektro.jpg\",\"keywords\":[\"planska isklju\u010denja struje\",\"tuzlanski kanton\"],\"articleSection\":[\"Istaknuto\",\"Novosti\"],\"inLanguage\":\"bs-BA\"},{\"@type\":\"WebPage\",\"@id\":\"https:\/\/tuzlainfo.ba\/index.php\/novosti\/item\/278161-planska-iskljucenja-el-energije-u-tk-za-26-i-27-august\/\",\"url\":\"https:\/\/tuzlainfo.ba\/index.php\/novosti\/item\/278161-planska-iskljucenja-el-energije-u-tk-za-26-i-27-august\/\",\"name\":\"Planska isklju\u010denja el. energije u TK za 26. i 27. august - TuzlaInfo.ba\",\"isPartOf\":{\"@id\":\"https:\/\/tuzlainfo.ba\/#website\"},\"primaryImageOfPage\":{\"@id\":\"https:\/\/tuzlainfo.ba\/index.php\/novosti\/item\/278161-planska-iskljucenja-el-energije-u-tk-za-26-i-27-august\/#primaryimage\"},\"image\":{\"@id\":\"https:\/\/tuzlainfo.ba\/index.php\/novosti\/item\/278161-planska-iskljucenja-el-energije-u-tk-za-26-i-27-august\/#primaryimage\"},\"thumbnailUrl\":\"https:\/\/tuzlainfo.ba\/wp-content\/uploads\/2021\/01\/sadrzaj_2021_20210101_01012021_elektro.jpg\",\"datePublished\":\"2025-08-25T20:00:06+00:00\",\"dateModified\":\"2025-08-25T12:00:55+00:00\",\"breadcrumb\":{\"@id\":\"https:\/\/tuzlainfo.ba\/index.php\/novosti\/item\/278161-planska-iskljucenja-el-energije-u-tk-za-26-i-27-august\/#breadcrumb\"},\"inLanguage\":\"bs-BA\",\"potentialAction\":[{\"@type\":\"ReadAction\",\"target\":[\"https:\/\/tuzlainfo.ba\/index.php\/novosti\/item\/278161-planska-iskljucenja-el-energije-u-tk-za-26-i-27-august\/\"]}]},{\"@type\":\"ImageObject\",\"inLanguage\":\"bs-BA\",\"@id\":\"https:\/\/tuzlainfo.ba\/index.php\/novosti\/item\/278161-planska-iskljucenja-el-energije-u-tk-za-26-i-27-august\/#primaryimage\",\"url\":\"https:\/\/tuzlainfo.ba\/wp-content\/uploads\/2021\/01\/sadrzaj_2021_20210101_01012021_elektro.jpg\",\"contentUrl\":\"https:\/\/tuzlainfo.ba\/wp-content\/uploads\/2021\/01\/sadrzaj_2021_20210101_01012021_elektro.jpg\",\"width\":770,\"height\":577,\"caption\":\"01012021 elektro\"},{\"@type\":\"BreadcrumbList\",\"@id\":\"https:\/\/tuzlainfo.ba\/index.php\/novosti\/item\/278161-planska-iskljucenja-el-energije-u-tk-za-26-i-27-august\/#breadcrumb\",\"itemListElement\":[{\"@type\":\"ListItem\",\"position\":1,\"name\":\"Home\",\"item\":\"https:\/\/tuzlainfo.ba\/\"},{\"@type\":\"ListItem\",\"position\":2,\"name\":\"Planska isklju\u010denja el. energije u TK za 26. i 27. august\"}]},{\"@type\":\"WebSite\",\"@id\":\"https:\/\/tuzlainfo.ba\/#website\",\"url\":\"https:\/\/tuzlainfo.ba\/\",\"name\":\"TuzlaInfo.ba\",\"description\":\"Tuzla info, gradski informator - Tuzla na dlanu\",\"publisher\":{\"@id\":\"https:\/\/tuzlainfo.ba\/#organization\"},\"potentialAction\":[{\"@type\":\"SearchAction\",\"target\":{\"@type\":\"EntryPoint\",\"urlTemplate\":\"https:\/\/tuzlainfo.ba\/?s={search_term_string}\"},\"query-input\":{\"@type\":\"PropertyValueSpecification\",\"valueRequired\":true,\"valueName\":\"search_term_string\"}}],\"inLanguage\":\"bs-BA\"},{\"@type\":\"Organization\",\"@id\":\"https:\/\/tuzlainfo.ba\/#organization\",\"name\":\"TuzlaInfo.ba\",\"url\":\"https:\/\/tuzlainfo.ba\/\",\"logo\":{\"@type\":\"ImageObject\",\"inLanguage\":\"bs-BA\",\"@id\":\"https:\/\/tuzlainfo.ba\/#\/schema\/logo\/image\/\",\"url\":\"https:\/\/tuzlainfo.ba\/wp-content\/uploads\/2021\/03\/logo-ver-3-1.png\",\"contentUrl\":\"https:\/\/tuzlainfo.ba\/wp-content\/uploads\/2021\/03\/logo-ver-3-1.png\",\"width\":350,\"height\":95,\"caption\":\"TuzlaInfo.ba\"},\"image\":{\"@id\":\"https:\/\/tuzlainfo.ba\/#\/schema\/logo\/image\/\"},\"sameAs\":[\"https:\/\/www.facebook.com\/tuzlainfo.ba\/\"]},{\"@type\":\"Person\",\"@id\":\"https:\/\/tuzlainfo.ba\/#\/schema\/person\/f434e20dc27ea133923aab08451b7f7f\",\"name\":\"nedim\",\"image\":{\"@type\":\"ImageObject\",\"inLanguage\":\"bs-BA\",\"@id\":\"https:\/\/tuzlainfo.ba\/#\/schema\/person\/image\/\",\"url\":\"https:\/\/tuzlainfo.ba\/wp-content\/litespeed\/avatar\/aabad687af24844af817603ac1cbdc4f.jpg?ver=1776702173\",\"contentUrl\":\"https:\/\/tuzlainfo.ba\/wp-content\/litespeed\/avatar\/aabad687af24844af817603ac1cbdc4f.jpg?ver=1776702173\",\"caption\":\"nedim\"},\"description\":\"Tuzlainfo.ba pratite na dru\u0161tvenim mre\u017eama: Facebook, Instagram i Youtube. Svoje pri\u010de, upite i fotografije \u0161aljite na na\u0161u e-mail adresu.\"}]}<\/script>\n<!-- \/ Yoast SEO plugin. -->","yoast_head_json":{"title":"Planska isklju\u010denja el. energije u TK za 26. i 27. august - TuzlaInfo.ba","robots":{"index":"index","follow":"follow","max-snippet":"max-snippet:-1","max-image-preview":"max-image-preview:large","max-video-preview":"max-video-preview:-1"},"canonical":"https:\/\/tuzlainfo.ba\/index.php\/novosti\/item\/278161-planska-iskljucenja-el-energije-u-tk-za-26-i-27-august\/","og_locale":"bs_BA","og_type":"article","og_title":"Planska isklju\u010denja el. energije u TK za 26. i 27. august - TuzlaInfo.ba","og_description":"Zbog planiranih radova na elektrodistributivnoj mre\u017ei iz Elektroprivrede BIh su najavili da \u0107e na podru\u010dju&hellip;","og_url":"https:\/\/tuzlainfo.ba\/index.php\/novosti\/item\/278161-planska-iskljucenja-el-energije-u-tk-za-26-i-27-august\/","og_site_name":"TuzlaInfo.ba","article_publisher":"https:\/\/www.facebook.com\/tuzlainfo.ba\/","article_published_time":"2025-08-25T20:00:06+00:00","article_modified_time":"2025-08-25T12:00:55+00:00","og_image":[{"width":770,"height":577,"url":"https:\/\/tuzlainfo.ba\/wp-content\/uploads\/2021\/01\/sadrzaj_2021_20210101_01012021_elektro.jpg","type":"image\/jpeg"}],"author":"nedim","twitter_card":"summary_large_image","twitter_misc":{"Written by":"nedim","Est. reading time":"1 minuta"},"schema":{"@context":"https:\/\/schema.org","@graph":[{"@type":"Article","@id":"https:\/\/tuzlainfo.ba\/index.php\/novosti\/item\/278161-planska-iskljucenja-el-energije-u-tk-za-26-i-27-august\/#article","isPartOf":{"@id":"https:\/\/tuzlainfo.ba\/index.php\/novosti\/item\/278161-planska-iskljucenja-el-energije-u-tk-za-26-i-27-august\/"},"author":{"name":"nedim","@id":"https:\/\/tuzlainfo.ba\/#\/schema\/person\/f434e20dc27ea133923aab08451b7f7f"},"headline":"Planska isklju\u010denja el. energije u TK za 26. i 27. august","datePublished":"2025-08-25T20:00:06+00:00","dateModified":"2025-08-25T12:00:55+00:00","mainEntityOfPage":{"@id":"https:\/\/tuzlainfo.ba\/index.php\/novosti\/item\/278161-planska-iskljucenja-el-energije-u-tk-za-26-i-27-august\/"},"wordCount":177,"publisher":{"@id":"https:\/\/tuzlainfo.ba\/#organization"},"image":{"@id":"https:\/\/tuzlainfo.ba\/index.php\/novosti\/item\/278161-planska-iskljucenja-el-energije-u-tk-za-26-i-27-august\/#primaryimage"},"thumbnailUrl":"https:\/\/tuzlainfo.ba\/wp-content\/uploads\/2021\/01\/sadrzaj_2021_20210101_01012021_elektro.jpg","keywords":["planska isklju\u010denja struje","tuzlanski kanton"],"articleSection":["Istaknuto","Novosti"],"inLanguage":"bs-BA"},{"@type":"WebPage","@id":"https:\/\/tuzlainfo.ba\/index.php\/novosti\/item\/278161-planska-iskljucenja-el-energije-u-tk-za-26-i-27-august\/","url":"https:\/\/tuzlainfo.ba\/index.php\/novosti\/item\/278161-planska-iskljucenja-el-energije-u-tk-za-26-i-27-august\/","name":"Planska isklju\u010denja el. energije u TK za 26. i 27. august - TuzlaInfo.ba","isPartOf":{"@id":"https:\/\/tuzlainfo.ba\/#website"},"primaryImageOfPage":{"@id":"https:\/\/tuzlainfo.ba\/index.php\/novosti\/item\/278161-planska-iskljucenja-el-energije-u-tk-za-26-i-27-august\/#primaryimage"},"image":{"@id":"https:\/\/tuzlainfo.ba\/index.php\/novosti\/item\/278161-planska-iskljucenja-el-energije-u-tk-za-26-i-27-august\/#primaryimage"},"thumbnailUrl":"https:\/\/tuzlainfo.ba\/wp-content\/uploads\/2021\/01\/sadrzaj_2021_20210101_01012021_elektro.jpg","datePublished":"2025-08-25T20:00:06+00:00","dateModified":"2025-08-25T12:00:55+00:00","breadcrumb":{"@id":"https:\/\/tuzlainfo.ba\/index.php\/novosti\/item\/278161-planska-iskljucenja-el-energije-u-tk-za-26-i-27-august\/#breadcrumb"},"inLanguage":"bs-BA","potentialAction":[{"@type":"ReadAction","target":["https:\/\/tuzlainfo.ba\/index.php\/novosti\/item\/278161-planska-iskljucenja-el-energije-u-tk-za-26-i-27-august\/"]}]},{"@type":"ImageObject","inLanguage":"bs-BA","@id":"https:\/\/tuzlainfo.ba\/index.php\/novosti\/item\/278161-planska-iskljucenja-el-energije-u-tk-za-26-i-27-august\/#primaryimage","url":"https:\/\/tuzlainfo.ba\/wp-content\/uploads\/2021\/01\/sadrzaj_2021_20210101_01012021_elektro.jpg","contentUrl":"https:\/\/tuzlainfo.ba\/wp-content\/uploads\/2021\/01\/sadrzaj_2021_20210101_01012021_elektro.jpg","width":770,"height":577,"caption":"01012021 elektro"},{"@type":"BreadcrumbList","@id":"https:\/\/tuzlainfo.ba\/index.php\/novosti\/item\/278161-planska-iskljucenja-el-energije-u-tk-za-26-i-27-august\/#breadcrumb","itemListElement":[{"@type":"ListItem","position":1,"name":"Home","item":"https:\/\/tuzlainfo.ba\/"},{"@type":"ListItem","position":2,"name":"Planska isklju\u010denja el. energije u TK za 26. i 27. august"}]},{"@type":"WebSite","@id":"https:\/\/tuzlainfo.ba\/#website","url":"https:\/\/tuzlainfo.ba\/","name":"TuzlaInfo.ba","description":"Tuzla info, gradski informator - Tuzla na dlanu","publisher":{"@id":"https:\/\/tuzlainfo.ba\/#organization"},"potentialAction":[{"@type":"SearchAction","target":{"@type":"EntryPoint","urlTemplate":"https:\/\/tuzlainfo.ba\/?s={search_term_string}"},"query-input":{"@type":"PropertyValueSpecification","valueRequired":true,"valueName":"search_term_string"}}],"inLanguage":"bs-BA"},{"@type":"Organization","@id":"https:\/\/tuzlainfo.ba\/#organization","name":"TuzlaInfo.ba","url":"https:\/\/tuzlainfo.ba\/","logo":{"@type":"ImageObject","inLanguage":"bs-BA","@id":"https:\/\/tuzlainfo.ba\/#\/schema\/logo\/image\/","url":"https:\/\/tuzlainfo.ba\/wp-content\/uploads\/2021\/03\/logo-ver-3-1.png","contentUrl":"https:\/\/tuzlainfo.ba\/wp-content\/uploads\/2021\/03\/logo-ver-3-1.png","width":350,"height":95,"caption":"TuzlaInfo.ba"},"image":{"@id":"https:\/\/tuzlainfo.ba\/#\/schema\/logo\/image\/"},"sameAs":["https:\/\/www.facebook.com\/tuzlainfo.ba\/"]},{"@type":"Person","@id":"https:\/\/tuzlainfo.ba\/#\/schema\/person\/f434e20dc27ea133923aab08451b7f7f","name":"nedim","image":{"@type":"ImageObject","inLanguage":"bs-BA","@id":"https:\/\/tuzlainfo.ba\/#\/schema\/person\/image\/","url":"https:\/\/tuzlainfo.ba\/wp-content\/litespeed\/avatar\/aabad687af24844af817603ac1cbdc4f.jpg?ver=1776702173","contentUrl":"https:\/\/tuzlainfo.ba\/wp-content\/litespeed\/avatar\/aabad687af24844af817603ac1cbdc4f.jpg?ver=1776702173","caption":"nedim"},"description":"Tuzlainfo.ba pratite na dru\u0161tvenim mre\u017eama: Facebook, Instagram i Youtube. Svoje pri\u010de, upite i fotografije \u0161aljite na na\u0161u e-mail adresu."}]}},"_links":{"self":[{"href":"https:\/\/tuzlainfo.ba\/index.php\/wp-json\/wp\/v2\/posts\/278161"}],"collection":[{"href":"https:\/\/tuzlainfo.ba\/index.php\/wp-json\/wp\/v2\/posts"}],"about":[{"href":"https:\/\/tuzlainfo.ba\/index.php\/wp-json\/wp\/v2\/types\/post"}],"author":[{"embeddable":true,"href":"https:\/\/tuzlainfo.ba\/index.php\/wp-json\/wp\/v2\/users\/2"}],"replies":[{"embeddable":true,"href":"https:\/\/tuzlainfo.ba\/index.php\/wp-json\/wp\/v2\/comments?post=278161"}],"version-history":[{"count":1,"href":"https:\/\/tuzlainfo.ba\/index.php\/wp-json\/wp\/v2\/posts\/278161\/revisions"}],"predecessor-version":[{"id":278162,"href":"https:\/\/tuzlainfo.ba\/index.php\/wp-json\/wp\/v2\/posts\/278161\/revisions\/278162"}],"wp:featuredmedia":[{"embeddable":true,"href":"https:\/\/tuzlainfo.ba\/index.php\/wp-json\/wp\/v2\/media\/85517"}],"wp:attachment":[{"href":"https:\/\/tuzlainfo.ba\/index.php\/wp-json\/wp\/v2\/media?parent=278161"}],"wp:term":[{"taxonomy":"category","embeddable":true,"href":"https:\/\/tuzlainfo.ba\/index.php\/wp-json\/wp\/v2\/categories?post=278161"},{"taxonomy":"post_tag","embeddable":true,"href":"https:\/\/tuzlainfo.ba\/index.php\/wp-json\/wp\/v2\/tags?post=278161"}],"curies":[{"name":"wp","href":"https:\/\/api.w.org\/{rel}","templated":true}]}}