{"id":278080,"date":"2025-08-25T08:26:26","date_gmt":"2025-08-25T06:26:26","guid":{"rendered":"https:\/\/tuzlainfo.ba\/?p=278080"},"modified":"2025-08-25T08:26:26","modified_gmt":"2025-08-25T06:26:26","slug":"vukanovic-rs-ulazi-u-novu-krizu-dodik-je-jos-jednom-pokazao-da-mrzi-svoj-narod","status":"publish","type":"post","link":"https:\/\/tuzlainfo.ba\/index.php\/bosna-i-hercegovina\/item\/278080-vukanovic-rs-ulazi-u-novu-krizu-dodik-je-jos-jednom-pokazao-da-mrzi-svoj-narod\/","title":{"rendered":"Vukanovi\u0107: RS ulazi u novu krizu, Dodik je jo\u0161 jednom pokazao da mrzi svoj narod"},"content":{"rendered":"<p>Republika Srpska ulazi u novu krizu, a Dodik je jo\u0161 jednom pokazao da mrzi svoj narod i Republiku, poru\u010dio je zastupnik u NSRS Neboj\u0161a Vukanovi\u0107, ocjenjuju\u0107i da bi samo najve\u0107i neprijatelj mogao ostaviti entitet bez Vlade u trenutku kada nema legitimitet za imenovanje novog mandatara. On je naglasio da je Dodik svjestan da \u0107e sudovi sporiti odluke i legitimitet nove Vlade jer kr\u0161i zakone i \u010dini krivi\u010dno djelo predstavljaju\u0107i se kao predsjednik Republike Srpske, \u0161to \u0107e, kako je rekao, ostaviti velike posljedice.<\/p>\n<p>Vukanovi\u0107 je istakao da je \u010dinjenica da je Dodik na konferenciji za novinare predstavio program i ciljeve nove-stare Vlade, dok je kum Savo Mini\u0107 stajao pored njega i samo klimao glavom, najbolji dokaz da je on centar mo\u0107i i da \u0107e biti stvarni premijer iz sjene koji \u0107e odlu\u010divati o svemu.<\/p>\n<p>Kako se nezvani\u010dno saznaje, ve\u0107ina ministara \u0107e ostati u Vladi, dok \u0107e do\u0107i do manjih rotacija, a neki sa ameri\u010dke crne liste mora\u0107e napustiti funkcije. U Vladu \u0107e u\u0107i i Goran Selak, koji je \u017eelio biti ministar policije, ali \u0107e preuzeti resor rada i bora\u010dko-invalidske za\u0161tite. DNS \u0107e ponovo preuzeti Ministarstvo saobra\u0107aja, gdje \u0107e Aco Trnini\u0107 naslijediti svog oca Ne\u0111u Trnini\u0107a.<\/p>\n<p>Suzana Ga\u0161i\u0107 bi se trebala vratiti na funkciju ministra prosvjete i kulture, dok iz Vlade odlazi aktuelni ministar unutra\u0161njih poslova Sini\u0161a Karan, \u0161to se smatra iznena\u0111enjem s obzirom na njegovu dosada\u0161nju bliskost sa Dodikom. Vukanovi\u0107 tvrdi da Dodik ne pra\u0161ta pogre\u0161na savjetovanja i da upravo zbog toga Karan odlazi iz vlasti.<\/p>\n<p>Dodik, dodao je, poku\u0161ava da nahrani koalicione partnere davanjem funkcija kako bi pre\u0161li izborni prag naredne godine, dok su DEMOS i \u010cubrilovi\u0107 osu\u0111eni na nestanak. Ostacima stranke ponu\u0111eno je da naprave savez sa Selakom i nastupe na listi SPS-a, a SNSD je spreman odre\u0107i se dijela pozicija kako bi odr\u017eao koalicioni blok i sprije\u010dio raspad kada se, kako je rekao, poka\u017ee da brod tone i voda prodire na sve strane.<\/p>\n<p>Meta opis (za RankMath SEO): Republika Srpska ulazi u novu krizu, a Dodik je, prema rije\u010dima Neboj\u0161e Vukanovi\u0107a, ostavio entitet bez Vlade i legitimiteta, dok se kreira nova-stara vlast pod njegovom kontrolom.<\/p>\n","protected":false},"excerpt":{"rendered":"<p>Republika Srpska ulazi u novu krizu, a Dodik je jo\u0161 jednom pokazao da mrzi svoj&hellip;<\/p>\n","protected":false},"author":8,"featured_media":273614,"comment_status":"closed","ping_status":"closed","sticky":false,"template":"","format":"standard","meta":{"_acf_changed":false,"footnotes":""},"categories":[291],"tags":[535,1341],"acf":[],"yoast_head":"<!-- This site is optimized with the Yoast SEO plugin v23.5 - https:\/\/yoast.com\/wordpress\/plugins\/seo\/ -->\n<title>Vukanovi\u0107: RS ulazi u novu krizu, Dodik je jo\u0161 jednom pokazao da mrzi svoj narod - TuzlaInfo.ba<\/title>\n<meta name=\"robots\" content=\"index, follow, max-snippet:-1, max-image-preview:large, max-video-preview:-1\" \/>\n<link rel=\"canonical\" href=\"https:\/\/tuzlainfo.ba\/index.php\/bosna-i-hercegovina\/item\/278080-vukanovic-rs-ulazi-u-novu-krizu-dodik-je-jos-jednom-pokazao-da-mrzi-svoj-narod\/\" \/>\n<meta property=\"og:locale\" content=\"bs_BA\" \/>\n<meta property=\"og:type\" content=\"article\" \/>\n<meta property=\"og:title\" content=\"Vukanovi\u0107: RS ulazi u novu krizu, Dodik je jo\u0161 jednom pokazao da mrzi svoj narod - TuzlaInfo.ba\" \/>\n<meta property=\"og:description\" content=\"Republika Srpska ulazi u novu krizu, a Dodik je jo\u0161 jednom pokazao da mrzi svoj&hellip;\" \/>\n<meta property=\"og:url\" content=\"https:\/\/tuzlainfo.ba\/index.php\/bosna-i-hercegovina\/item\/278080-vukanovic-rs-ulazi-u-novu-krizu-dodik-je-jos-jednom-pokazao-da-mrzi-svoj-narod\/\" \/>\n<meta property=\"og:site_name\" content=\"TuzlaInfo.ba\" \/>\n<meta property=\"article:publisher\" content=\"https:\/\/www.facebook.com\/tuzlainfo.ba\/\" \/>\n<meta property=\"article:published_time\" content=\"2025-08-25T06:26:26+00:00\" \/>\n<meta property=\"og:image\" content=\"https:\/\/tuzlainfo.ba\/wp-content\/uploads\/2025\/07\/0707_nebojsa-vukanovic.jpg\" \/>\n\t<meta property=\"og:image:width\" content=\"1536\" \/>\n\t<meta property=\"og:image:height\" content=\"1024\" \/>\n\t<meta property=\"og:image:type\" content=\"image\/jpeg\" \/>\n<meta name=\"author\" content=\"Admin Tri\" \/>\n<meta name=\"twitter:card\" content=\"summary_large_image\" \/>\n<meta name=\"twitter:label1\" content=\"Written by\" \/>\n\t<meta name=\"twitter:data1\" content=\"Admin Tri\" \/>\n\t<meta name=\"twitter:label2\" content=\"Est. reading time\" \/>\n\t<meta name=\"twitter:data2\" content=\"3 minute\" \/>\n<script type=\"application\/ld+json\" class=\"yoast-schema-graph\">{\"@context\":\"https:\/\/schema.org\",\"@graph\":[{\"@type\":\"Article\",\"@id\":\"https:\/\/tuzlainfo.ba\/index.php\/bosna-i-hercegovina\/item\/278080-vukanovic-rs-ulazi-u-novu-krizu-dodik-je-jos-jednom-pokazao-da-mrzi-svoj-narod\/#article\",\"isPartOf\":{\"@id\":\"https:\/\/tuzlainfo.ba\/index.php\/bosna-i-hercegovina\/item\/278080-vukanovic-rs-ulazi-u-novu-krizu-dodik-je-jos-jednom-pokazao-da-mrzi-svoj-narod\/\"},\"author\":{\"name\":\"Admin Tri\",\"@id\":\"https:\/\/tuzlainfo.ba\/#\/schema\/person\/593e78a2f6378c5ba3e7600ecfa4e63a\"},\"headline\":\"Vukanovi\u0107: RS ulazi u novu krizu, Dodik je jo\u0161 jednom pokazao da mrzi svoj narod\",\"datePublished\":\"2025-08-25T06:26:26+00:00\",\"dateModified\":\"2025-08-25T06:26:26+00:00\",\"mainEntityOfPage\":{\"@id\":\"https:\/\/tuzlainfo.ba\/index.php\/bosna-i-hercegovina\/item\/278080-vukanovic-rs-ulazi-u-novu-krizu-dodik-je-jos-jednom-pokazao-da-mrzi-svoj-narod\/\"},\"wordCount\":400,\"publisher\":{\"@id\":\"https:\/\/tuzlainfo.ba\/#organization\"},\"image\":{\"@id\":\"https:\/\/tuzlainfo.ba\/index.php\/bosna-i-hercegovina\/item\/278080-vukanovic-rs-ulazi-u-novu-krizu-dodik-je-jos-jednom-pokazao-da-mrzi-svoj-narod\/#primaryimage\"},\"thumbnailUrl\":\"https:\/\/tuzlainfo.ba\/wp-content\/uploads\/2025\/07\/0707_nebojsa-vukanovic.jpg\",\"keywords\":[\"milorad dodik\",\"neboj\u0161a Vukanovi\u0107\"],\"articleSection\":[\"Bosna i Hercegovina\"],\"inLanguage\":\"bs-BA\"},{\"@type\":\"WebPage\",\"@id\":\"https:\/\/tuzlainfo.ba\/index.php\/bosna-i-hercegovina\/item\/278080-vukanovic-rs-ulazi-u-novu-krizu-dodik-je-jos-jednom-pokazao-da-mrzi-svoj-narod\/\",\"url\":\"https:\/\/tuzlainfo.ba\/index.php\/bosna-i-hercegovina\/item\/278080-vukanovic-rs-ulazi-u-novu-krizu-dodik-je-jos-jednom-pokazao-da-mrzi-svoj-narod\/\",\"name\":\"Vukanovi\u0107: RS ulazi u novu krizu, Dodik je jo\u0161 jednom pokazao da mrzi svoj narod - TuzlaInfo.ba\",\"isPartOf\":{\"@id\":\"https:\/\/tuzlainfo.ba\/#website\"},\"primaryImageOfPage\":{\"@id\":\"https:\/\/tuzlainfo.ba\/index.php\/bosna-i-hercegovina\/item\/278080-vukanovic-rs-ulazi-u-novu-krizu-dodik-je-jos-jednom-pokazao-da-mrzi-svoj-narod\/#primaryimage\"},\"image\":{\"@id\":\"https:\/\/tuzlainfo.ba\/index.php\/bosna-i-hercegovina\/item\/278080-vukanovic-rs-ulazi-u-novu-krizu-dodik-je-jos-jednom-pokazao-da-mrzi-svoj-narod\/#primaryimage\"},\"thumbnailUrl\":\"https:\/\/tuzlainfo.ba\/wp-content\/uploads\/2025\/07\/0707_nebojsa-vukanovic.jpg\",\"datePublished\":\"2025-08-25T06:26:26+00:00\",\"dateModified\":\"2025-08-25T06:26:26+00:00\",\"breadcrumb\":{\"@id\":\"https:\/\/tuzlainfo.ba\/index.php\/bosna-i-hercegovina\/item\/278080-vukanovic-rs-ulazi-u-novu-krizu-dodik-je-jos-jednom-pokazao-da-mrzi-svoj-narod\/#breadcrumb\"},\"inLanguage\":\"bs-BA\",\"potentialAction\":[{\"@type\":\"ReadAction\",\"target\":[\"https:\/\/tuzlainfo.ba\/index.php\/bosna-i-hercegovina\/item\/278080-vukanovic-rs-ulazi-u-novu-krizu-dodik-je-jos-jednom-pokazao-da-mrzi-svoj-narod\/\"]}]},{\"@type\":\"ImageObject\",\"inLanguage\":\"bs-BA\",\"@id\":\"https:\/\/tuzlainfo.ba\/index.php\/bosna-i-hercegovina\/item\/278080-vukanovic-rs-ulazi-u-novu-krizu-dodik-je-jos-jednom-pokazao-da-mrzi-svoj-narod\/#primaryimage\",\"url\":\"https:\/\/tuzlainfo.ba\/wp-content\/uploads\/2025\/07\/0707_nebojsa-vukanovic.jpg\",\"contentUrl\":\"https:\/\/tuzlainfo.ba\/wp-content\/uploads\/2025\/07\/0707_nebojsa-vukanovic.jpg\",\"width\":1536,\"height\":1024},{\"@type\":\"BreadcrumbList\",\"@id\":\"https:\/\/tuzlainfo.ba\/index.php\/bosna-i-hercegovina\/item\/278080-vukanovic-rs-ulazi-u-novu-krizu-dodik-je-jos-jednom-pokazao-da-mrzi-svoj-narod\/#breadcrumb\",\"itemListElement\":[{\"@type\":\"ListItem\",\"position\":1,\"name\":\"Home\",\"item\":\"https:\/\/tuzlainfo.ba\/\"},{\"@type\":\"ListItem\",\"position\":2,\"name\":\"Vukanovi\u0107: RS ulazi u novu krizu, Dodik je jo\u0161 jednom pokazao da mrzi svoj narod\"}]},{\"@type\":\"WebSite\",\"@id\":\"https:\/\/tuzlainfo.ba\/#website\",\"url\":\"https:\/\/tuzlainfo.ba\/\",\"name\":\"TuzlaInfo.ba\",\"description\":\"Tuzla info, gradski informator - Tuzla na dlanu\",\"publisher\":{\"@id\":\"https:\/\/tuzlainfo.ba\/#organization\"},\"potentialAction\":[{\"@type\":\"SearchAction\",\"target\":{\"@type\":\"EntryPoint\",\"urlTemplate\":\"https:\/\/tuzlainfo.ba\/?s={search_term_string}\"},\"query-input\":{\"@type\":\"PropertyValueSpecification\",\"valueRequired\":true,\"valueName\":\"search_term_string\"}}],\"inLanguage\":\"bs-BA\"},{\"@type\":\"Organization\",\"@id\":\"https:\/\/tuzlainfo.ba\/#organization\",\"name\":\"TuzlaInfo.ba\",\"url\":\"https:\/\/tuzlainfo.ba\/\",\"logo\":{\"@type\":\"ImageObject\",\"inLanguage\":\"bs-BA\",\"@id\":\"https:\/\/tuzlainfo.ba\/#\/schema\/logo\/image\/\",\"url\":\"https:\/\/tuzlainfo.ba\/wp-content\/uploads\/2021\/03\/logo-ver-3-1.png\",\"contentUrl\":\"https:\/\/tuzlainfo.ba\/wp-content\/uploads\/2021\/03\/logo-ver-3-1.png\",\"width\":350,\"height\":95,\"caption\":\"TuzlaInfo.ba\"},\"image\":{\"@id\":\"https:\/\/tuzlainfo.ba\/#\/schema\/logo\/image\/\"},\"sameAs\":[\"https:\/\/www.facebook.com\/tuzlainfo.ba\/\"]},{\"@type\":\"Person\",\"@id\":\"https:\/\/tuzlainfo.ba\/#\/schema\/person\/593e78a2f6378c5ba3e7600ecfa4e63a\",\"name\":\"Admin Tri\",\"image\":{\"@type\":\"ImageObject\",\"inLanguage\":\"bs-BA\",\"@id\":\"https:\/\/tuzlainfo.ba\/#\/schema\/person\/image\/\",\"url\":\"https:\/\/tuzlainfo.ba\/wp-content\/litespeed\/avatar\/b7920db4cc34a71ad12497283ad2fe3f.jpg?ver=1777100914\",\"contentUrl\":\"https:\/\/tuzlainfo.ba\/wp-content\/litespeed\/avatar\/b7920db4cc34a71ad12497283ad2fe3f.jpg?ver=1777100914\",\"caption\":\"Admin Tri\"},\"sameAs\":[\"https:\/\/tuzlainfo.ba\"]}]}<\/script>\n<!-- \/ Yoast SEO plugin. -->","yoast_head_json":{"title":"Vukanovi\u0107: RS ulazi u novu krizu, Dodik je jo\u0161 jednom pokazao da mrzi svoj narod - TuzlaInfo.ba","robots":{"index":"index","follow":"follow","max-snippet":"max-snippet:-1","max-image-preview":"max-image-preview:large","max-video-preview":"max-video-preview:-1"},"canonical":"https:\/\/tuzlainfo.ba\/index.php\/bosna-i-hercegovina\/item\/278080-vukanovic-rs-ulazi-u-novu-krizu-dodik-je-jos-jednom-pokazao-da-mrzi-svoj-narod\/","og_locale":"bs_BA","og_type":"article","og_title":"Vukanovi\u0107: RS ulazi u novu krizu, Dodik je jo\u0161 jednom pokazao da mrzi svoj narod - TuzlaInfo.ba","og_description":"Republika Srpska ulazi u novu krizu, a Dodik je jo\u0161 jednom pokazao da mrzi svoj&hellip;","og_url":"https:\/\/tuzlainfo.ba\/index.php\/bosna-i-hercegovina\/item\/278080-vukanovic-rs-ulazi-u-novu-krizu-dodik-je-jos-jednom-pokazao-da-mrzi-svoj-narod\/","og_site_name":"TuzlaInfo.ba","article_publisher":"https:\/\/www.facebook.com\/tuzlainfo.ba\/","article_published_time":"2025-08-25T06:26:26+00:00","og_image":[{"width":1536,"height":1024,"url":"https:\/\/tuzlainfo.ba\/wp-content\/uploads\/2025\/07\/0707_nebojsa-vukanovic.jpg","type":"image\/jpeg"}],"author":"Admin Tri","twitter_card":"summary_large_image","twitter_misc":{"Written by":"Admin Tri","Est. reading time":"3 minute"},"schema":{"@context":"https:\/\/schema.org","@graph":[{"@type":"Article","@id":"https:\/\/tuzlainfo.ba\/index.php\/bosna-i-hercegovina\/item\/278080-vukanovic-rs-ulazi-u-novu-krizu-dodik-je-jos-jednom-pokazao-da-mrzi-svoj-narod\/#article","isPartOf":{"@id":"https:\/\/tuzlainfo.ba\/index.php\/bosna-i-hercegovina\/item\/278080-vukanovic-rs-ulazi-u-novu-krizu-dodik-je-jos-jednom-pokazao-da-mrzi-svoj-narod\/"},"author":{"name":"Admin Tri","@id":"https:\/\/tuzlainfo.ba\/#\/schema\/person\/593e78a2f6378c5ba3e7600ecfa4e63a"},"headline":"Vukanovi\u0107: RS ulazi u novu krizu, Dodik je jo\u0161 jednom pokazao da mrzi svoj narod","datePublished":"2025-08-25T06:26:26+00:00","dateModified":"2025-08-25T06:26:26+00:00","mainEntityOfPage":{"@id":"https:\/\/tuzlainfo.ba\/index.php\/bosna-i-hercegovina\/item\/278080-vukanovic-rs-ulazi-u-novu-krizu-dodik-je-jos-jednom-pokazao-da-mrzi-svoj-narod\/"},"wordCount":400,"publisher":{"@id":"https:\/\/tuzlainfo.ba\/#organization"},"image":{"@id":"https:\/\/tuzlainfo.ba\/index.php\/bosna-i-hercegovina\/item\/278080-vukanovic-rs-ulazi-u-novu-krizu-dodik-je-jos-jednom-pokazao-da-mrzi-svoj-narod\/#primaryimage"},"thumbnailUrl":"https:\/\/tuzlainfo.ba\/wp-content\/uploads\/2025\/07\/0707_nebojsa-vukanovic.jpg","keywords":["milorad dodik","neboj\u0161a Vukanovi\u0107"],"articleSection":["Bosna i Hercegovina"],"inLanguage":"bs-BA"},{"@type":"WebPage","@id":"https:\/\/tuzlainfo.ba\/index.php\/bosna-i-hercegovina\/item\/278080-vukanovic-rs-ulazi-u-novu-krizu-dodik-je-jos-jednom-pokazao-da-mrzi-svoj-narod\/","url":"https:\/\/tuzlainfo.ba\/index.php\/bosna-i-hercegovina\/item\/278080-vukanovic-rs-ulazi-u-novu-krizu-dodik-je-jos-jednom-pokazao-da-mrzi-svoj-narod\/","name":"Vukanovi\u0107: RS ulazi u novu krizu, Dodik je jo\u0161 jednom pokazao da mrzi svoj narod - TuzlaInfo.ba","isPartOf":{"@id":"https:\/\/tuzlainfo.ba\/#website"},"primaryImageOfPage":{"@id":"https:\/\/tuzlainfo.ba\/index.php\/bosna-i-hercegovina\/item\/278080-vukanovic-rs-ulazi-u-novu-krizu-dodik-je-jos-jednom-pokazao-da-mrzi-svoj-narod\/#primaryimage"},"image":{"@id":"https:\/\/tuzlainfo.ba\/index.php\/bosna-i-hercegovina\/item\/278080-vukanovic-rs-ulazi-u-novu-krizu-dodik-je-jos-jednom-pokazao-da-mrzi-svoj-narod\/#primaryimage"},"thumbnailUrl":"https:\/\/tuzlainfo.ba\/wp-content\/uploads\/2025\/07\/0707_nebojsa-vukanovic.jpg","datePublished":"2025-08-25T06:26:26+00:00","dateModified":"2025-08-25T06:26:26+00:00","breadcrumb":{"@id":"https:\/\/tuzlainfo.ba\/index.php\/bosna-i-hercegovina\/item\/278080-vukanovic-rs-ulazi-u-novu-krizu-dodik-je-jos-jednom-pokazao-da-mrzi-svoj-narod\/#breadcrumb"},"inLanguage":"bs-BA","potentialAction":[{"@type":"ReadAction","target":["https:\/\/tuzlainfo.ba\/index.php\/bosna-i-hercegovina\/item\/278080-vukanovic-rs-ulazi-u-novu-krizu-dodik-je-jos-jednom-pokazao-da-mrzi-svoj-narod\/"]}]},{"@type":"ImageObject","inLanguage":"bs-BA","@id":"https:\/\/tuzlainfo.ba\/index.php\/bosna-i-hercegovina\/item\/278080-vukanovic-rs-ulazi-u-novu-krizu-dodik-je-jos-jednom-pokazao-da-mrzi-svoj-narod\/#primaryimage","url":"https:\/\/tuzlainfo.ba\/wp-content\/uploads\/2025\/07\/0707_nebojsa-vukanovic.jpg","contentUrl":"https:\/\/tuzlainfo.ba\/wp-content\/uploads\/2025\/07\/0707_nebojsa-vukanovic.jpg","width":1536,"height":1024},{"@type":"BreadcrumbList","@id":"https:\/\/tuzlainfo.ba\/index.php\/bosna-i-hercegovina\/item\/278080-vukanovic-rs-ulazi-u-novu-krizu-dodik-je-jos-jednom-pokazao-da-mrzi-svoj-narod\/#breadcrumb","itemListElement":[{"@type":"ListItem","position":1,"name":"Home","item":"https:\/\/tuzlainfo.ba\/"},{"@type":"ListItem","position":2,"name":"Vukanovi\u0107: RS ulazi u novu krizu, Dodik je jo\u0161 jednom pokazao da mrzi svoj narod"}]},{"@type":"WebSite","@id":"https:\/\/tuzlainfo.ba\/#website","url":"https:\/\/tuzlainfo.ba\/","name":"TuzlaInfo.ba","description":"Tuzla info, gradski informator - Tuzla na dlanu","publisher":{"@id":"https:\/\/tuzlainfo.ba\/#organization"},"potentialAction":[{"@type":"SearchAction","target":{"@type":"EntryPoint","urlTemplate":"https:\/\/tuzlainfo.ba\/?s={search_term_string}"},"query-input":{"@type":"PropertyValueSpecification","valueRequired":true,"valueName":"search_term_string"}}],"inLanguage":"bs-BA"},{"@type":"Organization","@id":"https:\/\/tuzlainfo.ba\/#organization","name":"TuzlaInfo.ba","url":"https:\/\/tuzlainfo.ba\/","logo":{"@type":"ImageObject","inLanguage":"bs-BA","@id":"https:\/\/tuzlainfo.ba\/#\/schema\/logo\/image\/","url":"https:\/\/tuzlainfo.ba\/wp-content\/uploads\/2021\/03\/logo-ver-3-1.png","contentUrl":"https:\/\/tuzlainfo.ba\/wp-content\/uploads\/2021\/03\/logo-ver-3-1.png","width":350,"height":95,"caption":"TuzlaInfo.ba"},"image":{"@id":"https:\/\/tuzlainfo.ba\/#\/schema\/logo\/image\/"},"sameAs":["https:\/\/www.facebook.com\/tuzlainfo.ba\/"]},{"@type":"Person","@id":"https:\/\/tuzlainfo.ba\/#\/schema\/person\/593e78a2f6378c5ba3e7600ecfa4e63a","name":"Admin Tri","image":{"@type":"ImageObject","inLanguage":"bs-BA","@id":"https:\/\/tuzlainfo.ba\/#\/schema\/person\/image\/","url":"https:\/\/tuzlainfo.ba\/wp-content\/litespeed\/avatar\/b7920db4cc34a71ad12497283ad2fe3f.jpg?ver=1777100914","contentUrl":"https:\/\/tuzlainfo.ba\/wp-content\/litespeed\/avatar\/b7920db4cc34a71ad12497283ad2fe3f.jpg?ver=1777100914","caption":"Admin Tri"},"sameAs":["https:\/\/tuzlainfo.ba"]}]}},"_links":{"self":[{"href":"https:\/\/tuzlainfo.ba\/index.php\/wp-json\/wp\/v2\/posts\/278080"}],"collection":[{"href":"https:\/\/tuzlainfo.ba\/index.php\/wp-json\/wp\/v2\/posts"}],"about":[{"href":"https:\/\/tuzlainfo.ba\/index.php\/wp-json\/wp\/v2\/types\/post"}],"author":[{"embeddable":true,"href":"https:\/\/tuzlainfo.ba\/index.php\/wp-json\/wp\/v2\/users\/8"}],"replies":[{"embeddable":true,"href":"https:\/\/tuzlainfo.ba\/index.php\/wp-json\/wp\/v2\/comments?post=278080"}],"version-history":[{"count":1,"href":"https:\/\/tuzlainfo.ba\/index.php\/wp-json\/wp\/v2\/posts\/278080\/revisions"}],"predecessor-version":[{"id":278081,"href":"https:\/\/tuzlainfo.ba\/index.php\/wp-json\/wp\/v2\/posts\/278080\/revisions\/278081"}],"wp:featuredmedia":[{"embeddable":true,"href":"https:\/\/tuzlainfo.ba\/index.php\/wp-json\/wp\/v2\/media\/273614"}],"wp:attachment":[{"href":"https:\/\/tuzlainfo.ba\/index.php\/wp-json\/wp\/v2\/media?parent=278080"}],"wp:term":[{"taxonomy":"category","embeddable":true,"href":"https:\/\/tuzlainfo.ba\/index.php\/wp-json\/wp\/v2\/categories?post=278080"},{"taxonomy":"post_tag","embeddable":true,"href":"https:\/\/tuzlainfo.ba\/index.php\/wp-json\/wp\/v2\/tags?post=278080"}],"curies":[{"name":"wp","href":"https:\/\/api.w.org\/{rel}","templated":true}]}}