{"id":277958,"date":"2025-08-24T11:33:42","date_gmt":"2025-08-24T09:33:42","guid":{"rendered":"https:\/\/tuzlainfo.ba\/?p=277958"},"modified":"2025-08-24T11:43:01","modified_gmt":"2025-08-24T09:43:01","slug":"u-spreci-pronadjeno-bezivotno-tijelo-vjerovatno-se-radi-o-nestalom-policajcu-samiru-mustaficu","status":"publish","type":"post","link":"https:\/\/tuzlainfo.ba\/index.php\/novosti\/item\/277958-u-spreci-pronadjeno-bezivotno-tijelo-vjerovatno-se-radi-o-nestalom-policajcu-samiru-mustaficu\/","title":{"rendered":"U Spre\u010di prona\u0111eno be\u017eivotno tijelo, vjerovatno se radi o nestalom policajcu Samiru Mustafi\u0107u"},"content":{"rendered":"<p data-start=\"62\" data-end=\"260\">Be\u017eivotno mu\u0161ko tijelo prona\u0111eno je jutros u koritu rijeke Spre\u010de u mjestu Miri\u010dina, a prema prvim informacijama najvjerovatnije se radi o policijskom slu\u017ebeniku Samiru Mustafi\u0107u koji je nestao 27. marta ove godine.<\/p>\n<p data-start=\"262\" data-end=\"480\">Kako je potvr\u0111eno iz Uprave policije MUP-a TK, tijelo su oko 9.30 sati prona\u0161li policijski slu\u017ebenici Jedinice za specijalnu podr\u0161ku Uprave policije MUP-a TK zajedno s pripadnicima Gorske slu\u017ebe spa\u0161avanja Lukavac, koji su nastavili potragu na podru\u010dju Gra\u010danice.<\/p>\n<p data-start=\"482\" data-end=\"784\">O svemu je obavije\u0161teno Kantonalno tu\u017eila\u0161tvo TK, a na teren je upu\u0107ena uvi\u0111ajna ekipa Sektora kriminalisti\u010dke policije MUP-a TK, koja \u0107e zajedno s de\u017eurnim tu\u017eiocem obaviti uvi\u0111aj.<\/p>\n<p data-start=\"482\" data-end=\"784\">Dalje radnje, uklju\u010duju\u0107i potvrdu identiteta prona\u0111enog tijela, bit \u0107e poduzete po nalogu i uputama nadle\u017enog tu\u017eioca.<\/p>\n<p data-start=\"482\" data-end=\"784\">Podsje\u0107amo, potraga je trajala od 27. marta kada je do\u0161lo do nesre\u0107e nakon \u0161to su policajci poku\u0161ali spasiti bjegunca koji je bje\u017ee\u0107i od njih pobjegao u korito rijeke Jale. Dva policajca su uspjela iza\u0107i iz vode, dok su policajac Samir Mustafi\u0107 i civil, nestali u nabujaloj rijeci. Tijelo civila E.G. (1998) iz Tuzle prona\u0111eno je 15. aprila ove godine.<strong>\/Tuzlainfo.ba\/<\/strong><\/p>\n","protected":false},"excerpt":{"rendered":"<p>Be\u017eivotno mu\u0161ko tijelo prona\u0111eno je jutros u koritu rijeke Spre\u010de u mjestu Miri\u010dina, a prema&hellip;<\/p>\n","protected":false},"author":2,"featured_media":266376,"comment_status":"closed","ping_status":"closed","sticky":false,"template":"","format":"standard","meta":{"_acf_changed":false,"footnotes":""},"categories":[304,12,306],"tags":[2635,12640,4157],"acf":[],"yoast_head":"<!-- This site is optimized with the Yoast SEO plugin v23.5 - https:\/\/yoast.com\/wordpress\/plugins\/seo\/ -->\n<title>U Spre\u010di prona\u0111eno be\u017eivotno tijelo, vjerovatno se radi o nestalom policajcu Samiru Mustafi\u0107u - TuzlaInfo.ba<\/title>\n<meta name=\"robots\" content=\"index, follow, max-snippet:-1, max-image-preview:large, max-video-preview:-1\" \/>\n<link rel=\"canonical\" href=\"https:\/\/tuzlainfo.ba\/index.php\/novosti\/item\/277958-u-spreci-pronadjeno-bezivotno-tijelo-vjerovatno-se-radi-o-nestalom-policajcu-samiru-mustaficu\/\" \/>\n<meta property=\"og:locale\" content=\"bs_BA\" \/>\n<meta property=\"og:type\" content=\"article\" \/>\n<meta property=\"og:title\" content=\"U Spre\u010di prona\u0111eno be\u017eivotno tijelo, vjerovatno se radi o nestalom policajcu Samiru Mustafi\u0107u - TuzlaInfo.ba\" \/>\n<meta property=\"og:description\" content=\"Be\u017eivotno mu\u0161ko tijelo prona\u0111eno je jutros u koritu rijeke Spre\u010de u mjestu Miri\u010dina, a prema&hellip;\" \/>\n<meta property=\"og:url\" content=\"https:\/\/tuzlainfo.ba\/index.php\/novosti\/item\/277958-u-spreci-pronadjeno-bezivotno-tijelo-vjerovatno-se-radi-o-nestalom-policajcu-samiru-mustaficu\/\" \/>\n<meta property=\"og:site_name\" content=\"TuzlaInfo.ba\" \/>\n<meta property=\"article:publisher\" content=\"https:\/\/www.facebook.com\/tuzlainfo.ba\/\" \/>\n<meta property=\"article:published_time\" content=\"2025-08-24T09:33:42+00:00\" \/>\n<meta property=\"article:modified_time\" content=\"2025-08-24T09:43:01+00:00\" \/>\n<meta property=\"og:image\" content=\"https:\/\/tuzlainfo.ba\/wp-content\/uploads\/2025\/04\/0104_gss_potraga.jpg\" \/>\n\t<meta property=\"og:image:width\" content=\"800\" \/>\n\t<meta property=\"og:image:height\" content=\"418\" \/>\n\t<meta property=\"og:image:type\" content=\"image\/jpeg\" \/>\n<meta name=\"author\" content=\"nedim\" \/>\n<meta name=\"twitter:card\" content=\"summary_large_image\" \/>\n<meta name=\"twitter:label1\" content=\"Written by\" \/>\n\t<meta name=\"twitter:data1\" content=\"nedim\" \/>\n\t<meta name=\"twitter:label2\" content=\"Est. reading time\" \/>\n\t<meta name=\"twitter:data2\" content=\"2 minute\" \/>\n<script type=\"application\/ld+json\" class=\"yoast-schema-graph\">{\"@context\":\"https:\/\/schema.org\",\"@graph\":[{\"@type\":\"Article\",\"@id\":\"https:\/\/tuzlainfo.ba\/index.php\/novosti\/item\/277958-u-spreci-pronadjeno-bezivotno-tijelo-vjerovatno-se-radi-o-nestalom-policajcu-samiru-mustaficu\/#article\",\"isPartOf\":{\"@id\":\"https:\/\/tuzlainfo.ba\/index.php\/novosti\/item\/277958-u-spreci-pronadjeno-bezivotno-tijelo-vjerovatno-se-radi-o-nestalom-policajcu-samiru-mustaficu\/\"},\"author\":{\"name\":\"nedim\",\"@id\":\"https:\/\/tuzlainfo.ba\/#\/schema\/person\/f434e20dc27ea133923aab08451b7f7f\"},\"headline\":\"U Spre\u010di prona\u0111eno be\u017eivotno tijelo, vjerovatno se radi o nestalom policajcu Samiru Mustafi\u0107u\",\"datePublished\":\"2025-08-24T09:33:42+00:00\",\"dateModified\":\"2025-08-24T09:43:01+00:00\",\"mainEntityOfPage\":{\"@id\":\"https:\/\/tuzlainfo.ba\/index.php\/novosti\/item\/277958-u-spreci-pronadjeno-bezivotno-tijelo-vjerovatno-se-radi-o-nestalom-policajcu-samiru-mustaficu\/\"},\"wordCount\":224,\"publisher\":{\"@id\":\"https:\/\/tuzlainfo.ba\/#organization\"},\"image\":{\"@id\":\"https:\/\/tuzlainfo.ba\/index.php\/novosti\/item\/277958-u-spreci-pronadjeno-bezivotno-tijelo-vjerovatno-se-radi-o-nestalom-policajcu-samiru-mustaficu\/#primaryimage\"},\"thumbnailUrl\":\"https:\/\/tuzlainfo.ba\/wp-content\/uploads\/2025\/04\/0104_gss_potraga.jpg\",\"keywords\":[\"potraga\",\"samir mustafi\u0107\",\"Uprava policije MUP TK\"],\"articleSection\":[\"Istaknuto\",\"Novosti\",\"Preporu\u010dujemo\"],\"inLanguage\":\"bs-BA\"},{\"@type\":\"WebPage\",\"@id\":\"https:\/\/tuzlainfo.ba\/index.php\/novosti\/item\/277958-u-spreci-pronadjeno-bezivotno-tijelo-vjerovatno-se-radi-o-nestalom-policajcu-samiru-mustaficu\/\",\"url\":\"https:\/\/tuzlainfo.ba\/index.php\/novosti\/item\/277958-u-spreci-pronadjeno-bezivotno-tijelo-vjerovatno-se-radi-o-nestalom-policajcu-samiru-mustaficu\/\",\"name\":\"U Spre\u010di prona\u0111eno be\u017eivotno tijelo, vjerovatno se radi o nestalom policajcu Samiru Mustafi\u0107u - TuzlaInfo.ba\",\"isPartOf\":{\"@id\":\"https:\/\/tuzlainfo.ba\/#website\"},\"primaryImageOfPage\":{\"@id\":\"https:\/\/tuzlainfo.ba\/index.php\/novosti\/item\/277958-u-spreci-pronadjeno-bezivotno-tijelo-vjerovatno-se-radi-o-nestalom-policajcu-samiru-mustaficu\/#primaryimage\"},\"image\":{\"@id\":\"https:\/\/tuzlainfo.ba\/index.php\/novosti\/item\/277958-u-spreci-pronadjeno-bezivotno-tijelo-vjerovatno-se-radi-o-nestalom-policajcu-samiru-mustaficu\/#primaryimage\"},\"thumbnailUrl\":\"https:\/\/tuzlainfo.ba\/wp-content\/uploads\/2025\/04\/0104_gss_potraga.jpg\",\"datePublished\":\"2025-08-24T09:33:42+00:00\",\"dateModified\":\"2025-08-24T09:43:01+00:00\",\"breadcrumb\":{\"@id\":\"https:\/\/tuzlainfo.ba\/index.php\/novosti\/item\/277958-u-spreci-pronadjeno-bezivotno-tijelo-vjerovatno-se-radi-o-nestalom-policajcu-samiru-mustaficu\/#breadcrumb\"},\"inLanguage\":\"bs-BA\",\"potentialAction\":[{\"@type\":\"ReadAction\",\"target\":[\"https:\/\/tuzlainfo.ba\/index.php\/novosti\/item\/277958-u-spreci-pronadjeno-bezivotno-tijelo-vjerovatno-se-radi-o-nestalom-policajcu-samiru-mustaficu\/\"]}]},{\"@type\":\"ImageObject\",\"inLanguage\":\"bs-BA\",\"@id\":\"https:\/\/tuzlainfo.ba\/index.php\/novosti\/item\/277958-u-spreci-pronadjeno-bezivotno-tijelo-vjerovatno-se-radi-o-nestalom-policajcu-samiru-mustaficu\/#primaryimage\",\"url\":\"https:\/\/tuzlainfo.ba\/wp-content\/uploads\/2025\/04\/0104_gss_potraga.jpg\",\"contentUrl\":\"https:\/\/tuzlainfo.ba\/wp-content\/uploads\/2025\/04\/0104_gss_potraga.jpg\",\"width\":800,\"height\":418,\"caption\":\"Foto: GSS Tuzla\"},{\"@type\":\"BreadcrumbList\",\"@id\":\"https:\/\/tuzlainfo.ba\/index.php\/novosti\/item\/277958-u-spreci-pronadjeno-bezivotno-tijelo-vjerovatno-se-radi-o-nestalom-policajcu-samiru-mustaficu\/#breadcrumb\",\"itemListElement\":[{\"@type\":\"ListItem\",\"position\":1,\"name\":\"Home\",\"item\":\"https:\/\/tuzlainfo.ba\/\"},{\"@type\":\"ListItem\",\"position\":2,\"name\":\"U Spre\u010di prona\u0111eno be\u017eivotno tijelo, vjerovatno se radi o nestalom policajcu Samiru Mustafi\u0107u\"}]},{\"@type\":\"WebSite\",\"@id\":\"https:\/\/tuzlainfo.ba\/#website\",\"url\":\"https:\/\/tuzlainfo.ba\/\",\"name\":\"TuzlaInfo.ba\",\"description\":\"Tuzla info, gradski informator - Tuzla na dlanu\",\"publisher\":{\"@id\":\"https:\/\/tuzlainfo.ba\/#organization\"},\"potentialAction\":[{\"@type\":\"SearchAction\",\"target\":{\"@type\":\"EntryPoint\",\"urlTemplate\":\"https:\/\/tuzlainfo.ba\/?s={search_term_string}\"},\"query-input\":{\"@type\":\"PropertyValueSpecification\",\"valueRequired\":true,\"valueName\":\"search_term_string\"}}],\"inLanguage\":\"bs-BA\"},{\"@type\":\"Organization\",\"@id\":\"https:\/\/tuzlainfo.ba\/#organization\",\"name\":\"TuzlaInfo.ba\",\"url\":\"https:\/\/tuzlainfo.ba\/\",\"logo\":{\"@type\":\"ImageObject\",\"inLanguage\":\"bs-BA\",\"@id\":\"https:\/\/tuzlainfo.ba\/#\/schema\/logo\/image\/\",\"url\":\"https:\/\/tuzlainfo.ba\/wp-content\/uploads\/2021\/03\/logo-ver-3-1.png\",\"contentUrl\":\"https:\/\/tuzlainfo.ba\/wp-content\/uploads\/2021\/03\/logo-ver-3-1.png\",\"width\":350,\"height\":95,\"caption\":\"TuzlaInfo.ba\"},\"image\":{\"@id\":\"https:\/\/tuzlainfo.ba\/#\/schema\/logo\/image\/\"},\"sameAs\":[\"https:\/\/www.facebook.com\/tuzlainfo.ba\/\"]},{\"@type\":\"Person\",\"@id\":\"https:\/\/tuzlainfo.ba\/#\/schema\/person\/f434e20dc27ea133923aab08451b7f7f\",\"name\":\"nedim\",\"image\":{\"@type\":\"ImageObject\",\"inLanguage\":\"bs-BA\",\"@id\":\"https:\/\/tuzlainfo.ba\/#\/schema\/person\/image\/\",\"url\":\"https:\/\/tuzlainfo.ba\/wp-content\/litespeed\/avatar\/aabad687af24844af817603ac1cbdc4f.jpg?ver=1777306975\",\"contentUrl\":\"https:\/\/tuzlainfo.ba\/wp-content\/litespeed\/avatar\/aabad687af24844af817603ac1cbdc4f.jpg?ver=1777306975\",\"caption\":\"nedim\"},\"description\":\"Tuzlainfo.ba pratite na dru\u0161tvenim mre\u017eama: Facebook, Instagram i Youtube. Svoje pri\u010de, upite i fotografije \u0161aljite na na\u0161u e-mail adresu.\"}]}<\/script>\n<!-- \/ Yoast SEO plugin. -->","yoast_head_json":{"title":"U Spre\u010di prona\u0111eno be\u017eivotno tijelo, vjerovatno se radi o nestalom policajcu Samiru Mustafi\u0107u - TuzlaInfo.ba","robots":{"index":"index","follow":"follow","max-snippet":"max-snippet:-1","max-image-preview":"max-image-preview:large","max-video-preview":"max-video-preview:-1"},"canonical":"https:\/\/tuzlainfo.ba\/index.php\/novosti\/item\/277958-u-spreci-pronadjeno-bezivotno-tijelo-vjerovatno-se-radi-o-nestalom-policajcu-samiru-mustaficu\/","og_locale":"bs_BA","og_type":"article","og_title":"U Spre\u010di prona\u0111eno be\u017eivotno tijelo, vjerovatno se radi o nestalom policajcu Samiru Mustafi\u0107u - TuzlaInfo.ba","og_description":"Be\u017eivotno mu\u0161ko tijelo prona\u0111eno je jutros u koritu rijeke Spre\u010de u mjestu Miri\u010dina, a prema&hellip;","og_url":"https:\/\/tuzlainfo.ba\/index.php\/novosti\/item\/277958-u-spreci-pronadjeno-bezivotno-tijelo-vjerovatno-se-radi-o-nestalom-policajcu-samiru-mustaficu\/","og_site_name":"TuzlaInfo.ba","article_publisher":"https:\/\/www.facebook.com\/tuzlainfo.ba\/","article_published_time":"2025-08-24T09:33:42+00:00","article_modified_time":"2025-08-24T09:43:01+00:00","og_image":[{"width":800,"height":418,"url":"https:\/\/tuzlainfo.ba\/wp-content\/uploads\/2025\/04\/0104_gss_potraga.jpg","type":"image\/jpeg"}],"author":"nedim","twitter_card":"summary_large_image","twitter_misc":{"Written by":"nedim","Est. reading time":"2 minute"},"schema":{"@context":"https:\/\/schema.org","@graph":[{"@type":"Article","@id":"https:\/\/tuzlainfo.ba\/index.php\/novosti\/item\/277958-u-spreci-pronadjeno-bezivotno-tijelo-vjerovatno-se-radi-o-nestalom-policajcu-samiru-mustaficu\/#article","isPartOf":{"@id":"https:\/\/tuzlainfo.ba\/index.php\/novosti\/item\/277958-u-spreci-pronadjeno-bezivotno-tijelo-vjerovatno-se-radi-o-nestalom-policajcu-samiru-mustaficu\/"},"author":{"name":"nedim","@id":"https:\/\/tuzlainfo.ba\/#\/schema\/person\/f434e20dc27ea133923aab08451b7f7f"},"headline":"U Spre\u010di prona\u0111eno be\u017eivotno tijelo, vjerovatno se radi o nestalom policajcu Samiru Mustafi\u0107u","datePublished":"2025-08-24T09:33:42+00:00","dateModified":"2025-08-24T09:43:01+00:00","mainEntityOfPage":{"@id":"https:\/\/tuzlainfo.ba\/index.php\/novosti\/item\/277958-u-spreci-pronadjeno-bezivotno-tijelo-vjerovatno-se-radi-o-nestalom-policajcu-samiru-mustaficu\/"},"wordCount":224,"publisher":{"@id":"https:\/\/tuzlainfo.ba\/#organization"},"image":{"@id":"https:\/\/tuzlainfo.ba\/index.php\/novosti\/item\/277958-u-spreci-pronadjeno-bezivotno-tijelo-vjerovatno-se-radi-o-nestalom-policajcu-samiru-mustaficu\/#primaryimage"},"thumbnailUrl":"https:\/\/tuzlainfo.ba\/wp-content\/uploads\/2025\/04\/0104_gss_potraga.jpg","keywords":["potraga","samir mustafi\u0107","Uprava policije MUP TK"],"articleSection":["Istaknuto","Novosti","Preporu\u010dujemo"],"inLanguage":"bs-BA"},{"@type":"WebPage","@id":"https:\/\/tuzlainfo.ba\/index.php\/novosti\/item\/277958-u-spreci-pronadjeno-bezivotno-tijelo-vjerovatno-se-radi-o-nestalom-policajcu-samiru-mustaficu\/","url":"https:\/\/tuzlainfo.ba\/index.php\/novosti\/item\/277958-u-spreci-pronadjeno-bezivotno-tijelo-vjerovatno-se-radi-o-nestalom-policajcu-samiru-mustaficu\/","name":"U Spre\u010di prona\u0111eno be\u017eivotno tijelo, vjerovatno se radi o nestalom policajcu Samiru Mustafi\u0107u - TuzlaInfo.ba","isPartOf":{"@id":"https:\/\/tuzlainfo.ba\/#website"},"primaryImageOfPage":{"@id":"https:\/\/tuzlainfo.ba\/index.php\/novosti\/item\/277958-u-spreci-pronadjeno-bezivotno-tijelo-vjerovatno-se-radi-o-nestalom-policajcu-samiru-mustaficu\/#primaryimage"},"image":{"@id":"https:\/\/tuzlainfo.ba\/index.php\/novosti\/item\/277958-u-spreci-pronadjeno-bezivotno-tijelo-vjerovatno-se-radi-o-nestalom-policajcu-samiru-mustaficu\/#primaryimage"},"thumbnailUrl":"https:\/\/tuzlainfo.ba\/wp-content\/uploads\/2025\/04\/0104_gss_potraga.jpg","datePublished":"2025-08-24T09:33:42+00:00","dateModified":"2025-08-24T09:43:01+00:00","breadcrumb":{"@id":"https:\/\/tuzlainfo.ba\/index.php\/novosti\/item\/277958-u-spreci-pronadjeno-bezivotno-tijelo-vjerovatno-se-radi-o-nestalom-policajcu-samiru-mustaficu\/#breadcrumb"},"inLanguage":"bs-BA","potentialAction":[{"@type":"ReadAction","target":["https:\/\/tuzlainfo.ba\/index.php\/novosti\/item\/277958-u-spreci-pronadjeno-bezivotno-tijelo-vjerovatno-se-radi-o-nestalom-policajcu-samiru-mustaficu\/"]}]},{"@type":"ImageObject","inLanguage":"bs-BA","@id":"https:\/\/tuzlainfo.ba\/index.php\/novosti\/item\/277958-u-spreci-pronadjeno-bezivotno-tijelo-vjerovatno-se-radi-o-nestalom-policajcu-samiru-mustaficu\/#primaryimage","url":"https:\/\/tuzlainfo.ba\/wp-content\/uploads\/2025\/04\/0104_gss_potraga.jpg","contentUrl":"https:\/\/tuzlainfo.ba\/wp-content\/uploads\/2025\/04\/0104_gss_potraga.jpg","width":800,"height":418,"caption":"Foto: GSS Tuzla"},{"@type":"BreadcrumbList","@id":"https:\/\/tuzlainfo.ba\/index.php\/novosti\/item\/277958-u-spreci-pronadjeno-bezivotno-tijelo-vjerovatno-se-radi-o-nestalom-policajcu-samiru-mustaficu\/#breadcrumb","itemListElement":[{"@type":"ListItem","position":1,"name":"Home","item":"https:\/\/tuzlainfo.ba\/"},{"@type":"ListItem","position":2,"name":"U Spre\u010di prona\u0111eno be\u017eivotno tijelo, vjerovatno se radi o nestalom policajcu Samiru Mustafi\u0107u"}]},{"@type":"WebSite","@id":"https:\/\/tuzlainfo.ba\/#website","url":"https:\/\/tuzlainfo.ba\/","name":"TuzlaInfo.ba","description":"Tuzla info, gradski informator - Tuzla na dlanu","publisher":{"@id":"https:\/\/tuzlainfo.ba\/#organization"},"potentialAction":[{"@type":"SearchAction","target":{"@type":"EntryPoint","urlTemplate":"https:\/\/tuzlainfo.ba\/?s={search_term_string}"},"query-input":{"@type":"PropertyValueSpecification","valueRequired":true,"valueName":"search_term_string"}}],"inLanguage":"bs-BA"},{"@type":"Organization","@id":"https:\/\/tuzlainfo.ba\/#organization","name":"TuzlaInfo.ba","url":"https:\/\/tuzlainfo.ba\/","logo":{"@type":"ImageObject","inLanguage":"bs-BA","@id":"https:\/\/tuzlainfo.ba\/#\/schema\/logo\/image\/","url":"https:\/\/tuzlainfo.ba\/wp-content\/uploads\/2021\/03\/logo-ver-3-1.png","contentUrl":"https:\/\/tuzlainfo.ba\/wp-content\/uploads\/2021\/03\/logo-ver-3-1.png","width":350,"height":95,"caption":"TuzlaInfo.ba"},"image":{"@id":"https:\/\/tuzlainfo.ba\/#\/schema\/logo\/image\/"},"sameAs":["https:\/\/www.facebook.com\/tuzlainfo.ba\/"]},{"@type":"Person","@id":"https:\/\/tuzlainfo.ba\/#\/schema\/person\/f434e20dc27ea133923aab08451b7f7f","name":"nedim","image":{"@type":"ImageObject","inLanguage":"bs-BA","@id":"https:\/\/tuzlainfo.ba\/#\/schema\/person\/image\/","url":"https:\/\/tuzlainfo.ba\/wp-content\/litespeed\/avatar\/aabad687af24844af817603ac1cbdc4f.jpg?ver=1777306975","contentUrl":"https:\/\/tuzlainfo.ba\/wp-content\/litespeed\/avatar\/aabad687af24844af817603ac1cbdc4f.jpg?ver=1777306975","caption":"nedim"},"description":"Tuzlainfo.ba pratite na dru\u0161tvenim mre\u017eama: Facebook, Instagram i Youtube. Svoje pri\u010de, upite i fotografije \u0161aljite na na\u0161u e-mail adresu."}]}},"_links":{"self":[{"href":"https:\/\/tuzlainfo.ba\/index.php\/wp-json\/wp\/v2\/posts\/277958"}],"collection":[{"href":"https:\/\/tuzlainfo.ba\/index.php\/wp-json\/wp\/v2\/posts"}],"about":[{"href":"https:\/\/tuzlainfo.ba\/index.php\/wp-json\/wp\/v2\/types\/post"}],"author":[{"embeddable":true,"href":"https:\/\/tuzlainfo.ba\/index.php\/wp-json\/wp\/v2\/users\/2"}],"replies":[{"embeddable":true,"href":"https:\/\/tuzlainfo.ba\/index.php\/wp-json\/wp\/v2\/comments?post=277958"}],"version-history":[{"count":5,"href":"https:\/\/tuzlainfo.ba\/index.php\/wp-json\/wp\/v2\/posts\/277958\/revisions"}],"predecessor-version":[{"id":277964,"href":"https:\/\/tuzlainfo.ba\/index.php\/wp-json\/wp\/v2\/posts\/277958\/revisions\/277964"}],"wp:featuredmedia":[{"embeddable":true,"href":"https:\/\/tuzlainfo.ba\/index.php\/wp-json\/wp\/v2\/media\/266376"}],"wp:attachment":[{"href":"https:\/\/tuzlainfo.ba\/index.php\/wp-json\/wp\/v2\/media?parent=277958"}],"wp:term":[{"taxonomy":"category","embeddable":true,"href":"https:\/\/tuzlainfo.ba\/index.php\/wp-json\/wp\/v2\/categories?post=277958"},{"taxonomy":"post_tag","embeddable":true,"href":"https:\/\/tuzlainfo.ba\/index.php\/wp-json\/wp\/v2\/tags?post=277958"}],"curies":[{"name":"wp","href":"https:\/\/api.w.org\/{rel}","templated":true}]}}