{"id":277917,"date":"2025-08-24T09:57:43","date_gmt":"2025-08-24T07:57:43","guid":{"rendered":"https:\/\/tuzlainfo.ba\/?p=277917"},"modified":"2025-08-24T09:57:43","modified_gmt":"2025-08-24T07:57:43","slug":"odrzana-13-internacionalna-smotra-folklora-puracic-2025-cioff","status":"publish","type":"post","link":"https:\/\/tuzlainfo.ba\/index.php\/novosti\/item\/277917-odrzana-13-internacionalna-smotra-folklora-puracic-2025-cioff\/","title":{"rendered":"Odr\u017eana 13. Internacionalna smotra folklora \u2013 Pura\u010di\u0107 2025 (CIOFF)"},"content":{"rendered":"<p>Pura\u010di\u0107 je i ove godine o\u017eivio duh tradicionalne kulture i folklora odr\u017eavanjem 13. Internacionalnog festivala folklora \u201eDani \u0107aske \u2013 Pura\u010di\u0107 2025\u201c.<\/p>\n<p>Vi\u0161e od 300 u\u010desnika iz Bosne i Hercegovine, Hrvatske, Srbije i Turske predstavilo je bogatstvo folklornog stvarala\u0161tva kroz niz atraktivnih programa.<\/p>\n<p>Sve\u010dani defile u\u010desnika ulicama Pura\u010di\u0107a u narodnim no\u0161njama i narodno kolo u centru ovoga mjesta, bili su uvod u reviju narodnih no\u0161nji, izbor najljep\u0161e djevojke u tradicionalnoj narodnoj no\u0161nji i folklorno ve\u010de. Program je privukao pa\u017enju publike, koja je u\u017eivala u boji, zvuku i energiji svakog nastupa.<\/p>\n<p>Festival je okupio 13 kulturno-umjetni\u010dkih dru\u0161tava: KUD \u201ePura\u010di\u0107\u201c (Pura\u010di\u0107, BiH), FA \u201eEdirne Belediyesi Halk Oyunlar\u0131 Toplulu\u011fu\u201c (Edirne, Turska), KUD \u201eTomislav\u201c (\u017dupanja, Hrvatska), KUD \u201eFrula\u201c (Loznica, Srbija), KUD \u201eVaso Jovanovi\u0107\u201c (Srebrenica, BiH), \u201eRudarska glazba\u201c (Kakanj, BiH), HKUD \u201eSv. Marko\u201c (Vinica, \u010citluk, BiH), KUD \u201eMladost\u201c (Bosanska Otoka, BiH), KUD \u201eJajce\u201c (Jajce, BiH), FA \u201eNeretva\u201c (Jablanica, BiH), KUD \u201eLitva\u201c (Banovi\u0107i, BiH), KUD \u201e27. Juli\u201c (Prokosovi\u0107i, BiH) i \u201eAktivisti Poljice\u201c (Poljice, BiH).<\/p>\n<p><iframe title=\"Pura\u010di\u0107 - Srbija, Bosna, Hrvatska i Turska zajedno u kolu, august 2025\" width=\"800\" height=\"450\" src=\"https:\/\/www.youtube.com\/embed\/U5I4sVz-5mQ?feature=oembed\" frameborder=\"0\" allow=\"accelerometer; autoplay; clipboard-write; encrypted-media; gyroscope; picture-in-picture; web-share\" referrerpolicy=\"strict-origin-when-cross-origin\" allowfullscreen><\/iframe><\/p>\n<p>&nbsp;<\/p>\n<p>Defile je predvodila energi\u010dna Rudarska Glazba Kakanj, a zatim su kroz ulice Pura\u010di\u0107a prodefilirali kudovi iz Srebrenice, \u017dupanje, Loznice, Bosanske Otoke, Jablanice, Jajca, Banovi\u0107a i Prokosovi\u0107a, uz doma\u0107e \u010dlanove KUD \u201ePura\u010di\u0107\u201c. Publika je u okviru festivalskog programa imala priliku vidjeti i tri premijerne izvedbe, jednu gostuju\u0107u iz Edirne Belediyesi Halk Oyunlar\u0131 i dvije koreografije KUD \u201ePura\u010di\u0107\u201c pripremljene posebno za ovaj festival.<\/p>\n<div id='gallery-1' class='gallery galleryid-277917 gallery-columns-7 gallery-size-medium'><figure class='gallery-item'>\n\t\t\t<div class='gallery-icon landscape'>\n\t\t\t\t<a href='https:\/\/tuzlainfo.ba\/index.php\/novosti\/item\/277917-odrzana-13-internacionalna-smotra-folklora-puracic-2025-cioff\/attachment\/2408_smotra_puracic-2\/'><img fetchpriority=\"high\" decoding=\"async\" width=\"300\" height=\"169\" src=\"https:\/\/tuzlainfo.ba\/wp-content\/uploads\/2025\/08\/2408_smotra_puracic-2-300x169.jpg\" class=\"attachment-medium size-medium\" alt=\"\" srcset=\"https:\/\/tuzlainfo.ba\/wp-content\/uploads\/2025\/08\/2408_smotra_puracic-2-300x169.jpg 300w, https:\/\/tuzlainfo.ba\/wp-content\/uploads\/2025\/08\/2408_smotra_puracic-2-1024x576.jpg 1024w, https:\/\/tuzlainfo.ba\/wp-content\/uploads\/2025\/08\/2408_smotra_puracic-2-768x432.jpg 768w, https:\/\/tuzlainfo.ba\/wp-content\/uploads\/2025\/08\/2408_smotra_puracic-2-1536x864.jpg 1536w, https:\/\/tuzlainfo.ba\/wp-content\/uploads\/2025\/08\/2408_smotra_puracic-2-1920x1080.jpg 1920w, https:\/\/tuzlainfo.ba\/wp-content\/uploads\/2025\/08\/2408_smotra_puracic-2-1170x663.jpg 1170w, https:\/\/tuzlainfo.ba\/wp-content\/uploads\/2025\/08\/2408_smotra_puracic-2-585x329.jpg 585w, https:\/\/tuzlainfo.ba\/wp-content\/uploads\/2025\/08\/2408_smotra_puracic-2-150x84.jpg 150w, https:\/\/tuzlainfo.ba\/wp-content\/uploads\/2025\/08\/2408_smotra_puracic-2-500x281.jpg 500w, https:\/\/tuzlainfo.ba\/wp-content\/uploads\/2025\/08\/2408_smotra_puracic-2.jpg 2048w\" sizes=\"(max-width: 300px) 100vw, 300px\" \/><\/a>\n\t\t\t<\/div><\/figure><figure class='gallery-item'>\n\t\t\t<div class='gallery-icon landscape'>\n\t\t\t\t<a href='https:\/\/tuzlainfo.ba\/index.php\/novosti\/item\/277917-odrzana-13-internacionalna-smotra-folklora-puracic-2025-cioff\/attachment\/2408_smotra_puracic-3\/'><img decoding=\"async\" width=\"300\" height=\"225\" src=\"https:\/\/tuzlainfo.ba\/wp-content\/uploads\/2025\/08\/2408_smotra_puracic-3-300x225.jpg\" class=\"attachment-medium size-medium\" alt=\"\" srcset=\"https:\/\/tuzlainfo.ba\/wp-content\/uploads\/2025\/08\/2408_smotra_puracic-3-300x225.jpg 300w, https:\/\/tuzlainfo.ba\/wp-content\/uploads\/2025\/08\/2408_smotra_puracic-3-1024x768.jpg 1024w, https:\/\/tuzlainfo.ba\/wp-content\/uploads\/2025\/08\/2408_smotra_puracic-3-768x576.jpg 768w, https:\/\/tuzlainfo.ba\/wp-content\/uploads\/2025\/08\/2408_smotra_puracic-3-1536x1152.jpg 1536w, https:\/\/tuzlainfo.ba\/wp-content\/uploads\/2025\/08\/2408_smotra_puracic-3-1920x1440.jpg 1920w, https:\/\/tuzlainfo.ba\/wp-content\/uploads\/2025\/08\/2408_smotra_puracic-3-1170x878.jpg 1170w, https:\/\/tuzlainfo.ba\/wp-content\/uploads\/2025\/08\/2408_smotra_puracic-3-585x439.jpg 585w, https:\/\/tuzlainfo.ba\/wp-content\/uploads\/2025\/08\/2408_smotra_puracic-3-150x113.jpg 150w, https:\/\/tuzlainfo.ba\/wp-content\/uploads\/2025\/08\/2408_smotra_puracic-3-500x375.jpg 500w, https:\/\/tuzlainfo.ba\/wp-content\/uploads\/2025\/08\/2408_smotra_puracic-3.jpg 2048w\" sizes=\"(max-width: 300px) 100vw, 300px\" \/><\/a>\n\t\t\t<\/div><\/figure><figure class='gallery-item'>\n\t\t\t<div class='gallery-icon landscape'>\n\t\t\t\t<a href='https:\/\/tuzlainfo.ba\/index.php\/novosti\/item\/277917-odrzana-13-internacionalna-smotra-folklora-puracic-2025-cioff\/attachment\/2408_smotra_puracic-4\/'><img decoding=\"async\" width=\"300\" height=\"169\" src=\"https:\/\/tuzlainfo.ba\/wp-content\/uploads\/2025\/08\/2408_smotra_puracic-4-300x169.jpg\" class=\"attachment-medium size-medium\" alt=\"\" srcset=\"https:\/\/tuzlainfo.ba\/wp-content\/uploads\/2025\/08\/2408_smotra_puracic-4-300x169.jpg 300w, https:\/\/tuzlainfo.ba\/wp-content\/uploads\/2025\/08\/2408_smotra_puracic-4-1024x576.jpg 1024w, https:\/\/tuzlainfo.ba\/wp-content\/uploads\/2025\/08\/2408_smotra_puracic-4-768x432.jpg 768w, https:\/\/tuzlainfo.ba\/wp-content\/uploads\/2025\/08\/2408_smotra_puracic-4-1536x864.jpg 1536w, https:\/\/tuzlainfo.ba\/wp-content\/uploads\/2025\/08\/2408_smotra_puracic-4-1920x1080.jpg 1920w, https:\/\/tuzlainfo.ba\/wp-content\/uploads\/2025\/08\/2408_smotra_puracic-4-1170x663.jpg 1170w, https:\/\/tuzlainfo.ba\/wp-content\/uploads\/2025\/08\/2408_smotra_puracic-4-585x329.jpg 585w, https:\/\/tuzlainfo.ba\/wp-content\/uploads\/2025\/08\/2408_smotra_puracic-4-150x84.jpg 150w, https:\/\/tuzlainfo.ba\/wp-content\/uploads\/2025\/08\/2408_smotra_puracic-4-500x281.jpg 500w, https:\/\/tuzlainfo.ba\/wp-content\/uploads\/2025\/08\/2408_smotra_puracic-4.jpg 2048w\" sizes=\"(max-width: 300px) 100vw, 300px\" \/><\/a>\n\t\t\t<\/div><\/figure><figure class='gallery-item'>\n\t\t\t<div class='gallery-icon landscape'>\n\t\t\t\t<a href='https:\/\/tuzlainfo.ba\/index.php\/novosti\/item\/277917-odrzana-13-internacionalna-smotra-folklora-puracic-2025-cioff\/attachment\/2408_smotra_puracic-5\/'><img loading=\"lazy\" decoding=\"async\" width=\"300\" height=\"169\" src=\"https:\/\/tuzlainfo.ba\/wp-content\/uploads\/2025\/08\/2408_smotra_puracic-5-300x169.jpg\" class=\"attachment-medium size-medium\" alt=\"\" srcset=\"https:\/\/tuzlainfo.ba\/wp-content\/uploads\/2025\/08\/2408_smotra_puracic-5-300x169.jpg 300w, https:\/\/tuzlainfo.ba\/wp-content\/uploads\/2025\/08\/2408_smotra_puracic-5-1024x576.jpg 1024w, https:\/\/tuzlainfo.ba\/wp-content\/uploads\/2025\/08\/2408_smotra_puracic-5-768x432.jpg 768w, https:\/\/tuzlainfo.ba\/wp-content\/uploads\/2025\/08\/2408_smotra_puracic-5-1536x864.jpg 1536w, https:\/\/tuzlainfo.ba\/wp-content\/uploads\/2025\/08\/2408_smotra_puracic-5-1920x1080.jpg 1920w, https:\/\/tuzlainfo.ba\/wp-content\/uploads\/2025\/08\/2408_smotra_puracic-5-1170x663.jpg 1170w, https:\/\/tuzlainfo.ba\/wp-content\/uploads\/2025\/08\/2408_smotra_puracic-5-585x329.jpg 585w, https:\/\/tuzlainfo.ba\/wp-content\/uploads\/2025\/08\/2408_smotra_puracic-5-150x84.jpg 150w, https:\/\/tuzlainfo.ba\/wp-content\/uploads\/2025\/08\/2408_smotra_puracic-5-500x281.jpg 500w, https:\/\/tuzlainfo.ba\/wp-content\/uploads\/2025\/08\/2408_smotra_puracic-5.jpg 2048w\" sizes=\"(max-width: 300px) 100vw, 300px\" \/><\/a>\n\t\t\t<\/div><\/figure><figure class='gallery-item'>\n\t\t\t<div class='gallery-icon landscape'>\n\t\t\t\t<a href='https:\/\/tuzlainfo.ba\/index.php\/novosti\/item\/277917-odrzana-13-internacionalna-smotra-folklora-puracic-2025-cioff\/attachment\/2408_smotra_puracic-6\/'><img loading=\"lazy\" decoding=\"async\" width=\"300\" height=\"169\" src=\"https:\/\/tuzlainfo.ba\/wp-content\/uploads\/2025\/08\/2408_smotra_puracic-6-300x169.jpg\" class=\"attachment-medium size-medium\" alt=\"\" srcset=\"https:\/\/tuzlainfo.ba\/wp-content\/uploads\/2025\/08\/2408_smotra_puracic-6-300x169.jpg 300w, https:\/\/tuzlainfo.ba\/wp-content\/uploads\/2025\/08\/2408_smotra_puracic-6-1024x576.jpg 1024w, https:\/\/tuzlainfo.ba\/wp-content\/uploads\/2025\/08\/2408_smotra_puracic-6-768x432.jpg 768w, https:\/\/tuzlainfo.ba\/wp-content\/uploads\/2025\/08\/2408_smotra_puracic-6-1536x864.jpg 1536w, https:\/\/tuzlainfo.ba\/wp-content\/uploads\/2025\/08\/2408_smotra_puracic-6-1920x1080.jpg 1920w, https:\/\/tuzlainfo.ba\/wp-content\/uploads\/2025\/08\/2408_smotra_puracic-6-1170x663.jpg 1170w, https:\/\/tuzlainfo.ba\/wp-content\/uploads\/2025\/08\/2408_smotra_puracic-6-585x329.jpg 585w, https:\/\/tuzlainfo.ba\/wp-content\/uploads\/2025\/08\/2408_smotra_puracic-6-150x84.jpg 150w, https:\/\/tuzlainfo.ba\/wp-content\/uploads\/2025\/08\/2408_smotra_puracic-6-500x281.jpg 500w, https:\/\/tuzlainfo.ba\/wp-content\/uploads\/2025\/08\/2408_smotra_puracic-6.jpg 2048w\" sizes=\"(max-width: 300px) 100vw, 300px\" \/><\/a>\n\t\t\t<\/div><\/figure><figure class='gallery-item'>\n\t\t\t<div class='gallery-icon landscape'>\n\t\t\t\t<a href='https:\/\/tuzlainfo.ba\/index.php\/novosti\/item\/277917-odrzana-13-internacionalna-smotra-folklora-puracic-2025-cioff\/attachment\/2408_smotra_puracic-7\/'><img loading=\"lazy\" decoding=\"async\" width=\"300\" height=\"169\" src=\"https:\/\/tuzlainfo.ba\/wp-content\/uploads\/2025\/08\/2408_smotra_puracic-7-300x169.jpg\" class=\"attachment-medium size-medium\" alt=\"\" srcset=\"https:\/\/tuzlainfo.ba\/wp-content\/uploads\/2025\/08\/2408_smotra_puracic-7-300x169.jpg 300w, https:\/\/tuzlainfo.ba\/wp-content\/uploads\/2025\/08\/2408_smotra_puracic-7-1024x576.jpg 1024w, https:\/\/tuzlainfo.ba\/wp-content\/uploads\/2025\/08\/2408_smotra_puracic-7-768x432.jpg 768w, https:\/\/tuzlainfo.ba\/wp-content\/uploads\/2025\/08\/2408_smotra_puracic-7-1536x864.jpg 1536w, https:\/\/tuzlainfo.ba\/wp-content\/uploads\/2025\/08\/2408_smotra_puracic-7-1920x1080.jpg 1920w, https:\/\/tuzlainfo.ba\/wp-content\/uploads\/2025\/08\/2408_smotra_puracic-7-1170x663.jpg 1170w, https:\/\/tuzlainfo.ba\/wp-content\/uploads\/2025\/08\/2408_smotra_puracic-7-585x329.jpg 585w, https:\/\/tuzlainfo.ba\/wp-content\/uploads\/2025\/08\/2408_smotra_puracic-7-150x84.jpg 150w, https:\/\/tuzlainfo.ba\/wp-content\/uploads\/2025\/08\/2408_smotra_puracic-7-500x281.jpg 500w, https:\/\/tuzlainfo.ba\/wp-content\/uploads\/2025\/08\/2408_smotra_puracic-7.jpg 2048w\" sizes=\"(max-width: 300px) 100vw, 300px\" \/><\/a>\n\t\t\t<\/div><\/figure><figure class='gallery-item'>\n\t\t\t<div class='gallery-icon landscape'>\n\t\t\t\t<a href='https:\/\/tuzlainfo.ba\/index.php\/novosti\/item\/277917-odrzana-13-internacionalna-smotra-folklora-puracic-2025-cioff\/attachment\/2408_smotra_puracic-8\/'><img loading=\"lazy\" decoding=\"async\" width=\"300\" height=\"169\" src=\"https:\/\/tuzlainfo.ba\/wp-content\/uploads\/2025\/08\/2408_smotra_puracic-8-300x169.jpg\" class=\"attachment-medium size-medium\" alt=\"\" srcset=\"https:\/\/tuzlainfo.ba\/wp-content\/uploads\/2025\/08\/2408_smotra_puracic-8-300x169.jpg 300w, https:\/\/tuzlainfo.ba\/wp-content\/uploads\/2025\/08\/2408_smotra_puracic-8-1024x576.jpg 1024w, https:\/\/tuzlainfo.ba\/wp-content\/uploads\/2025\/08\/2408_smotra_puracic-8-768x432.jpg 768w, https:\/\/tuzlainfo.ba\/wp-content\/uploads\/2025\/08\/2408_smotra_puracic-8-1536x864.jpg 1536w, https:\/\/tuzlainfo.ba\/wp-content\/uploads\/2025\/08\/2408_smotra_puracic-8-1920x1080.jpg 1920w, https:\/\/tuzlainfo.ba\/wp-content\/uploads\/2025\/08\/2408_smotra_puracic-8-1170x663.jpg 1170w, https:\/\/tuzlainfo.ba\/wp-content\/uploads\/2025\/08\/2408_smotra_puracic-8-585x329.jpg 585w, https:\/\/tuzlainfo.ba\/wp-content\/uploads\/2025\/08\/2408_smotra_puracic-8-150x84.jpg 150w, https:\/\/tuzlainfo.ba\/wp-content\/uploads\/2025\/08\/2408_smotra_puracic-8-500x281.jpg 500w, https:\/\/tuzlainfo.ba\/wp-content\/uploads\/2025\/08\/2408_smotra_puracic-8.jpg 2048w\" sizes=\"(max-width: 300px) 100vw, 300px\" \/><\/a>\n\t\t\t<\/div><\/figure><figure class='gallery-item'>\n\t\t\t<div class='gallery-icon landscape'>\n\t\t\t\t<a href='https:\/\/tuzlainfo.ba\/index.php\/novosti\/item\/277917-odrzana-13-internacionalna-smotra-folklora-puracic-2025-cioff\/attachment\/2408_smotra_puracic-9\/'><img loading=\"lazy\" decoding=\"async\" width=\"300\" height=\"225\" src=\"https:\/\/tuzlainfo.ba\/wp-content\/uploads\/2025\/08\/2408_smotra_puracic-9-300x225.jpg\" class=\"attachment-medium size-medium\" alt=\"\" srcset=\"https:\/\/tuzlainfo.ba\/wp-content\/uploads\/2025\/08\/2408_smotra_puracic-9-300x225.jpg 300w, https:\/\/tuzlainfo.ba\/wp-content\/uploads\/2025\/08\/2408_smotra_puracic-9-1024x768.jpg 1024w, https:\/\/tuzlainfo.ba\/wp-content\/uploads\/2025\/08\/2408_smotra_puracic-9-768x576.jpg 768w, https:\/\/tuzlainfo.ba\/wp-content\/uploads\/2025\/08\/2408_smotra_puracic-9-1536x1152.jpg 1536w, https:\/\/tuzlainfo.ba\/wp-content\/uploads\/2025\/08\/2408_smotra_puracic-9-1920x1440.jpg 1920w, https:\/\/tuzlainfo.ba\/wp-content\/uploads\/2025\/08\/2408_smotra_puracic-9-1170x878.jpg 1170w, https:\/\/tuzlainfo.ba\/wp-content\/uploads\/2025\/08\/2408_smotra_puracic-9-585x439.jpg 585w, https:\/\/tuzlainfo.ba\/wp-content\/uploads\/2025\/08\/2408_smotra_puracic-9-150x113.jpg 150w, https:\/\/tuzlainfo.ba\/wp-content\/uploads\/2025\/08\/2408_smotra_puracic-9-500x375.jpg 500w, https:\/\/tuzlainfo.ba\/wp-content\/uploads\/2025\/08\/2408_smotra_puracic-9.jpg 2048w\" sizes=\"(max-width: 300px) 100vw, 300px\" \/><\/a>\n\t\t\t<\/div><\/figure><figure class='gallery-item'>\n\t\t\t<div class='gallery-icon landscape'>\n\t\t\t\t<a href='https:\/\/tuzlainfo.ba\/index.php\/novosti\/item\/277917-odrzana-13-internacionalna-smotra-folklora-puracic-2025-cioff\/attachment\/2408_smotra_puracic-10\/'><img loading=\"lazy\" decoding=\"async\" width=\"300\" height=\"169\" src=\"https:\/\/tuzlainfo.ba\/wp-content\/uploads\/2025\/08\/2408_smotra_puracic-10-300x169.jpg\" class=\"attachment-medium size-medium\" alt=\"\" srcset=\"https:\/\/tuzlainfo.ba\/wp-content\/uploads\/2025\/08\/2408_smotra_puracic-10-300x169.jpg 300w, https:\/\/tuzlainfo.ba\/wp-content\/uploads\/2025\/08\/2408_smotra_puracic-10-1024x576.jpg 1024w, https:\/\/tuzlainfo.ba\/wp-content\/uploads\/2025\/08\/2408_smotra_puracic-10-768x432.jpg 768w, https:\/\/tuzlainfo.ba\/wp-content\/uploads\/2025\/08\/2408_smotra_puracic-10-1536x864.jpg 1536w, https:\/\/tuzlainfo.ba\/wp-content\/uploads\/2025\/08\/2408_smotra_puracic-10-1920x1080.jpg 1920w, https:\/\/tuzlainfo.ba\/wp-content\/uploads\/2025\/08\/2408_smotra_puracic-10-1170x663.jpg 1170w, https:\/\/tuzlainfo.ba\/wp-content\/uploads\/2025\/08\/2408_smotra_puracic-10-585x329.jpg 585w, https:\/\/tuzlainfo.ba\/wp-content\/uploads\/2025\/08\/2408_smotra_puracic-10-150x84.jpg 150w, https:\/\/tuzlainfo.ba\/wp-content\/uploads\/2025\/08\/2408_smotra_puracic-10-500x281.jpg 500w, https:\/\/tuzlainfo.ba\/wp-content\/uploads\/2025\/08\/2408_smotra_puracic-10.jpg 2048w\" sizes=\"(max-width: 300px) 100vw, 300px\" \/><\/a>\n\t\t\t<\/div><\/figure><figure class='gallery-item'>\n\t\t\t<div class='gallery-icon landscape'>\n\t\t\t\t<a href='https:\/\/tuzlainfo.ba\/index.php\/novosti\/item\/277917-odrzana-13-internacionalna-smotra-folklora-puracic-2025-cioff\/attachment\/2408_smotra_puracic-11\/'><img loading=\"lazy\" decoding=\"async\" width=\"300\" height=\"169\" src=\"https:\/\/tuzlainfo.ba\/wp-content\/uploads\/2025\/08\/2408_smotra_puracic-11-300x169.jpg\" class=\"attachment-medium size-medium\" alt=\"\" srcset=\"https:\/\/tuzlainfo.ba\/wp-content\/uploads\/2025\/08\/2408_smotra_puracic-11-300x169.jpg 300w, https:\/\/tuzlainfo.ba\/wp-content\/uploads\/2025\/08\/2408_smotra_puracic-11-1024x576.jpg 1024w, https:\/\/tuzlainfo.ba\/wp-content\/uploads\/2025\/08\/2408_smotra_puracic-11-768x432.jpg 768w, https:\/\/tuzlainfo.ba\/wp-content\/uploads\/2025\/08\/2408_smotra_puracic-11-1536x864.jpg 1536w, https:\/\/tuzlainfo.ba\/wp-content\/uploads\/2025\/08\/2408_smotra_puracic-11-1920x1080.jpg 1920w, https:\/\/tuzlainfo.ba\/wp-content\/uploads\/2025\/08\/2408_smotra_puracic-11-1170x663.jpg 1170w, https:\/\/tuzlainfo.ba\/wp-content\/uploads\/2025\/08\/2408_smotra_puracic-11-585x329.jpg 585w, https:\/\/tuzlainfo.ba\/wp-content\/uploads\/2025\/08\/2408_smotra_puracic-11-150x84.jpg 150w, https:\/\/tuzlainfo.ba\/wp-content\/uploads\/2025\/08\/2408_smotra_puracic-11-500x281.jpg 500w, https:\/\/tuzlainfo.ba\/wp-content\/uploads\/2025\/08\/2408_smotra_puracic-11.jpg 2048w\" sizes=\"(max-width: 300px) 100vw, 300px\" \/><\/a>\n\t\t\t<\/div><\/figure><figure class='gallery-item'>\n\t\t\t<div class='gallery-icon landscape'>\n\t\t\t\t<a href='https:\/\/tuzlainfo.ba\/index.php\/novosti\/item\/277917-odrzana-13-internacionalna-smotra-folklora-puracic-2025-cioff\/attachment\/2408_smotra_puracic-12\/'><img loading=\"lazy\" decoding=\"async\" width=\"300\" height=\"169\" src=\"https:\/\/tuzlainfo.ba\/wp-content\/uploads\/2025\/08\/2408_smotra_puracic-12-300x169.jpg\" class=\"attachment-medium size-medium\" alt=\"\" srcset=\"https:\/\/tuzlainfo.ba\/wp-content\/uploads\/2025\/08\/2408_smotra_puracic-12-300x169.jpg 300w, https:\/\/tuzlainfo.ba\/wp-content\/uploads\/2025\/08\/2408_smotra_puracic-12-1024x576.jpg 1024w, https:\/\/tuzlainfo.ba\/wp-content\/uploads\/2025\/08\/2408_smotra_puracic-12-768x432.jpg 768w, https:\/\/tuzlainfo.ba\/wp-content\/uploads\/2025\/08\/2408_smotra_puracic-12-1536x864.jpg 1536w, https:\/\/tuzlainfo.ba\/wp-content\/uploads\/2025\/08\/2408_smotra_puracic-12-1920x1080.jpg 1920w, https:\/\/tuzlainfo.ba\/wp-content\/uploads\/2025\/08\/2408_smotra_puracic-12-1170x663.jpg 1170w, https:\/\/tuzlainfo.ba\/wp-content\/uploads\/2025\/08\/2408_smotra_puracic-12-585x329.jpg 585w, https:\/\/tuzlainfo.ba\/wp-content\/uploads\/2025\/08\/2408_smotra_puracic-12-150x84.jpg 150w, https:\/\/tuzlainfo.ba\/wp-content\/uploads\/2025\/08\/2408_smotra_puracic-12-500x281.jpg 500w, https:\/\/tuzlainfo.ba\/wp-content\/uploads\/2025\/08\/2408_smotra_puracic-12.jpg 2048w\" sizes=\"(max-width: 300px) 100vw, 300px\" \/><\/a>\n\t\t\t<\/div><\/figure><figure class='gallery-item'>\n\t\t\t<div class='gallery-icon landscape'>\n\t\t\t\t<a href='https:\/\/tuzlainfo.ba\/index.php\/novosti\/item\/277917-odrzana-13-internacionalna-smotra-folklora-puracic-2025-cioff\/attachment\/2408_smotra_puracic-13\/'><img loading=\"lazy\" decoding=\"async\" width=\"300\" height=\"169\" src=\"https:\/\/tuzlainfo.ba\/wp-content\/uploads\/2025\/08\/2408_smotra_puracic-13-300x169.jpg\" class=\"attachment-medium size-medium\" alt=\"\" srcset=\"https:\/\/tuzlainfo.ba\/wp-content\/uploads\/2025\/08\/2408_smotra_puracic-13-300x169.jpg 300w, https:\/\/tuzlainfo.ba\/wp-content\/uploads\/2025\/08\/2408_smotra_puracic-13-1024x576.jpg 1024w, https:\/\/tuzlainfo.ba\/wp-content\/uploads\/2025\/08\/2408_smotra_puracic-13-768x432.jpg 768w, https:\/\/tuzlainfo.ba\/wp-content\/uploads\/2025\/08\/2408_smotra_puracic-13-1536x864.jpg 1536w, https:\/\/tuzlainfo.ba\/wp-content\/uploads\/2025\/08\/2408_smotra_puracic-13-1920x1080.jpg 1920w, https:\/\/tuzlainfo.ba\/wp-content\/uploads\/2025\/08\/2408_smotra_puracic-13-1170x663.jpg 1170w, https:\/\/tuzlainfo.ba\/wp-content\/uploads\/2025\/08\/2408_smotra_puracic-13-585x329.jpg 585w, https:\/\/tuzlainfo.ba\/wp-content\/uploads\/2025\/08\/2408_smotra_puracic-13-150x84.jpg 150w, https:\/\/tuzlainfo.ba\/wp-content\/uploads\/2025\/08\/2408_smotra_puracic-13-500x281.jpg 500w, https:\/\/tuzlainfo.ba\/wp-content\/uploads\/2025\/08\/2408_smotra_puracic-13.jpg 2048w\" sizes=\"(max-width: 300px) 100vw, 300px\" \/><\/a>\n\t\t\t<\/div><\/figure><figure class='gallery-item'>\n\t\t\t<div class='gallery-icon landscape'>\n\t\t\t\t<a href='https:\/\/tuzlainfo.ba\/index.php\/novosti\/item\/277917-odrzana-13-internacionalna-smotra-folklora-puracic-2025-cioff\/attachment\/2408_smotra_puracic-14\/'><img loading=\"lazy\" decoding=\"async\" width=\"300\" height=\"225\" src=\"https:\/\/tuzlainfo.ba\/wp-content\/uploads\/2025\/08\/2408_smotra_puracic-14-300x225.jpg\" class=\"attachment-medium size-medium\" alt=\"\" srcset=\"https:\/\/tuzlainfo.ba\/wp-content\/uploads\/2025\/08\/2408_smotra_puracic-14-300x225.jpg 300w, https:\/\/tuzlainfo.ba\/wp-content\/uploads\/2025\/08\/2408_smotra_puracic-14-1024x768.jpg 1024w, https:\/\/tuzlainfo.ba\/wp-content\/uploads\/2025\/08\/2408_smotra_puracic-14-768x576.jpg 768w, https:\/\/tuzlainfo.ba\/wp-content\/uploads\/2025\/08\/2408_smotra_puracic-14-1536x1152.jpg 1536w, https:\/\/tuzlainfo.ba\/wp-content\/uploads\/2025\/08\/2408_smotra_puracic-14-1920x1440.jpg 1920w, https:\/\/tuzlainfo.ba\/wp-content\/uploads\/2025\/08\/2408_smotra_puracic-14-1170x878.jpg 1170w, https:\/\/tuzlainfo.ba\/wp-content\/uploads\/2025\/08\/2408_smotra_puracic-14-585x439.jpg 585w, https:\/\/tuzlainfo.ba\/wp-content\/uploads\/2025\/08\/2408_smotra_puracic-14-150x113.jpg 150w, https:\/\/tuzlainfo.ba\/wp-content\/uploads\/2025\/08\/2408_smotra_puracic-14-500x375.jpg 500w, https:\/\/tuzlainfo.ba\/wp-content\/uploads\/2025\/08\/2408_smotra_puracic-14.jpg 2048w\" sizes=\"(max-width: 300px) 100vw, 300px\" \/><\/a>\n\t\t\t<\/div><\/figure><figure class='gallery-item'>\n\t\t\t<div class='gallery-icon landscape'>\n\t\t\t\t<a href='https:\/\/tuzlainfo.ba\/index.php\/novosti\/item\/277917-odrzana-13-internacionalna-smotra-folklora-puracic-2025-cioff\/attachment\/2408_smotra_puracic-1\/'><img loading=\"lazy\" decoding=\"async\" width=\"300\" height=\"169\" src=\"https:\/\/tuzlainfo.ba\/wp-content\/uploads\/2025\/08\/2408_smotra_puracic-1-300x169.jpg\" class=\"attachment-medium size-medium\" alt=\"\" srcset=\"https:\/\/tuzlainfo.ba\/wp-content\/uploads\/2025\/08\/2408_smotra_puracic-1-300x169.jpg 300w, https:\/\/tuzlainfo.ba\/wp-content\/uploads\/2025\/08\/2408_smotra_puracic-1-1024x576.jpg 1024w, https:\/\/tuzlainfo.ba\/wp-content\/uploads\/2025\/08\/2408_smotra_puracic-1-768x432.jpg 768w, https:\/\/tuzlainfo.ba\/wp-content\/uploads\/2025\/08\/2408_smotra_puracic-1-1536x864.jpg 1536w, https:\/\/tuzlainfo.ba\/wp-content\/uploads\/2025\/08\/2408_smotra_puracic-1-1920x1080.jpg 1920w, https:\/\/tuzlainfo.ba\/wp-content\/uploads\/2025\/08\/2408_smotra_puracic-1-1170x663.jpg 1170w, https:\/\/tuzlainfo.ba\/wp-content\/uploads\/2025\/08\/2408_smotra_puracic-1-585x329.jpg 585w, https:\/\/tuzlainfo.ba\/wp-content\/uploads\/2025\/08\/2408_smotra_puracic-1-150x84.jpg 150w, https:\/\/tuzlainfo.ba\/wp-content\/uploads\/2025\/08\/2408_smotra_puracic-1-500x281.jpg 500w, https:\/\/tuzlainfo.ba\/wp-content\/uploads\/2025\/08\/2408_smotra_puracic-1.jpg 2048w\" sizes=\"(max-width: 300px) 100vw, 300px\" \/><\/a>\n\t\t\t<\/div><\/figure>\n\t\t<\/div>\n\n<p>Organizatori su izrazili zahvalnost pokroviteljima, sponzorima i donatorima koji podr\u017eavaju rad festivala i poma\u017eu u o\u010duvanju kulturne ba\u0161tine. Kako isti\u010du, Pura\u010di\u0107 i dalje opravdava epitet \u201e\u010dar\u0161ije koja ima du\u0161u\u201c.<\/p>\n<p>Festival je jo\u0161 jednom potvrdio va\u017enost me\u0111unarodne saradnje u o\u010duvanju folklornog stvarala\u0161tva i ljubavi prema kulturi, a publika je imala priliku u\u017eivati u bogatstvu razli\u010ditih tradicija i obi\u010daja.<strong>\/S.P.\/<\/strong><\/p>\n","protected":false},"excerpt":{"rendered":"<p>Pura\u010di\u0107 je i ove godine o\u017eivio duh tradicionalne kulture i folklora odr\u017eavanjem 13. Internacionalnog festivala folklora \u201eDani \u0107aske \u2013 Pura\u010di\u0107 2025\u201c. Vi\u0161e od 300 u\u010desnika iz Bosne i Hercegovine, Hrvatske, Srbije i Turske predstavilo je bogatstvo folklornog stvarala\u0161tva kroz niz atraktivnih programa. Sve\u010dani defile u\u010desnika ulicama Pura\u010di\u0107a u narodnim no\u0161njama i narodno kolo u centru [&hellip;]<\/p>\n","protected":false},"author":2,"featured_media":277932,"comment_status":"closed","ping_status":"closed","sticky":false,"template":"","format":"standard","meta":{"footnotes":""},"categories":[304,12],"tags":[11134,2687],"class_list":["post-277917","post","type-post","status-publish","format-standard","has-post-thumbnail","hentry","category-istaknuto","category-novosti","tag-festival-folklora","tag-puracic"],"yoast_head":"<!-- This site is optimized with the Yoast SEO plugin v28.4 - https:\/\/yoast.com\/product\/yoast-seo-wordpress\/ -->\n<title>Odr\u017eana 13. Internacionalna smotra folklora \u2013 Pura\u010di\u0107 2025 (CIOFF)<\/title>\n<meta name=\"robots\" content=\"index, follow, max-snippet:-1, max-image-preview:large, max-video-preview:-1\" \/>\n<link rel=\"canonical\" href=\"https:\/\/tuzlainfo.ba\/index.php\/novosti\/item\/277917-odrzana-13-internacionalna-smotra-folklora-puracic-2025-cioff\/\" \/>\n<meta property=\"og:locale\" content=\"bs_BA\" \/>\n<meta property=\"og:type\" content=\"article\" \/>\n<meta property=\"og:title\" content=\"Odr\u017eana 13. Internacionalna smotra folklora \u2013 Pura\u010di\u0107 2025 (CIOFF)\" \/>\n<meta property=\"og:description\" content=\"Pura\u010di\u0107 je i ove godine o\u017eivio duh tradicionalne kulture i folklora odr\u017eavanjem 13. Internacionalnog festivala folklora \u201eDani \u0107aske \u2013 Pura\u010di\u0107 2025\u201c. Vi\u0161e od 300 u\u010desnika iz Bosne i Hercegovine, Hrvatske, Srbije i Turske predstavilo je bogatstvo folklornog stvarala\u0161tva kroz niz atraktivnih programa. Sve\u010dani defile u\u010desnika ulicama Pura\u010di\u0107a u narodnim no\u0161njama i narodno kolo u centru [&hellip;]\" \/>\n<meta property=\"og:url\" content=\"https:\/\/tuzlainfo.ba\/index.php\/novosti\/item\/277917-odrzana-13-internacionalna-smotra-folklora-puracic-2025-cioff\/\" \/>\n<meta property=\"og:site_name\" content=\"TuzlaInfo.ba\" \/>\n<meta property=\"article:publisher\" content=\"https:\/\/www.facebook.com\/tuzlainfo.ba\/\" \/>\n<meta property=\"article:published_time\" content=\"2025-08-24T07:57:43+00:00\" \/>\n<meta property=\"og:image\" content=\"https:\/\/tuzlainfo.ba\/wp-content\/uploads\/2025\/08\/2408_smotra_puracic-1.jpg\" \/>\n\t<meta property=\"og:image:width\" content=\"2048\" \/>\n\t<meta property=\"og:image:height\" content=\"1152\" \/>\n\t<meta property=\"og:image:type\" content=\"image\/jpeg\" \/>\n<meta name=\"author\" content=\"nedim\" \/>\n<meta name=\"twitter:card\" content=\"summary_large_image\" \/>\n<meta name=\"twitter:label1\" content=\"Written by\" \/>\n\t<meta name=\"twitter:data1\" content=\"nedim\" \/>\n\t<meta name=\"twitter:label2\" content=\"Est. reading time\" \/>\n\t<meta name=\"twitter:data2\" content=\"2 minute\" \/>\n<script type=\"application\/ld+json\" class=\"yoast-schema-graph\">{\"@context\":\"https:\\\/\\\/schema.org\",\"@graph\":[{\"@type\":\"Article\",\"@id\":\"https:\\\/\\\/tuzlainfo.ba\\\/index.php\\\/novosti\\\/item\\\/277917-odrzana-13-internacionalna-smotra-folklora-puracic-2025-cioff\\\/#article\",\"isPartOf\":{\"@id\":\"https:\\\/\\\/tuzlainfo.ba\\\/index.php\\\/novosti\\\/item\\\/277917-odrzana-13-internacionalna-smotra-folklora-puracic-2025-cioff\\\/\"},\"author\":{\"name\":\"nedim\",\"@id\":\"https:\\\/\\\/tuzlainfo.ba\\\/#\\\/schema\\\/person\\\/f434e20dc27ea133923aab08451b7f7f\"},\"headline\":\"Odr\u017eana 13. Internacionalna smotra folklora \u2013 Pura\u010di\u0107 2025 (CIOFF)\",\"datePublished\":\"2025-08-24T07:57:43+00:00\",\"mainEntityOfPage\":{\"@id\":\"https:\\\/\\\/tuzlainfo.ba\\\/index.php\\\/novosti\\\/item\\\/277917-odrzana-13-internacionalna-smotra-folklora-puracic-2025-cioff\\\/\"},\"wordCount\":347,\"publisher\":{\"@id\":\"https:\\\/\\\/tuzlainfo.ba\\\/#organization\"},\"image\":{\"@id\":\"https:\\\/\\\/tuzlainfo.ba\\\/index.php\\\/novosti\\\/item\\\/277917-odrzana-13-internacionalna-smotra-folklora-puracic-2025-cioff\\\/#primaryimage\"},\"thumbnailUrl\":\"https:\\\/\\\/tuzlainfo.ba\\\/wp-content\\\/uploads\\\/2025\\\/08\\\/2408_smotra_puracic-1.jpg\",\"keywords\":[\"festival folklora\",\"pura\u010di\u0107\"],\"articleSection\":[\"Istaknuto\",\"Novosti\"],\"inLanguage\":\"bs-BA\",\"copyrightYear\":\"2025\",\"copyrightHolder\":{\"@id\":\"https:\\\/\\\/tuzlainfo.ba\\\/#organization\"}},{\"@type\":\"WebPage\",\"@id\":\"https:\\\/\\\/tuzlainfo.ba\\\/index.php\\\/novosti\\\/item\\\/277917-odrzana-13-internacionalna-smotra-folklora-puracic-2025-cioff\\\/\",\"url\":\"https:\\\/\\\/tuzlainfo.ba\\\/index.php\\\/novosti\\\/item\\\/277917-odrzana-13-internacionalna-smotra-folklora-puracic-2025-cioff\\\/\",\"name\":\"Odr\u017eana 13. Internacionalna smotra folklora \u2013 Pura\u010di\u0107 2025 (CIOFF)\",\"isPartOf\":{\"@id\":\"https:\\\/\\\/tuzlainfo.ba\\\/#website\"},\"primaryImageOfPage\":{\"@id\":\"https:\\\/\\\/tuzlainfo.ba\\\/index.php\\\/novosti\\\/item\\\/277917-odrzana-13-internacionalna-smotra-folklora-puracic-2025-cioff\\\/#primaryimage\"},\"image\":{\"@id\":\"https:\\\/\\\/tuzlainfo.ba\\\/index.php\\\/novosti\\\/item\\\/277917-odrzana-13-internacionalna-smotra-folklora-puracic-2025-cioff\\\/#primaryimage\"},\"thumbnailUrl\":\"https:\\\/\\\/tuzlainfo.ba\\\/wp-content\\\/uploads\\\/2025\\\/08\\\/2408_smotra_puracic-1.jpg\",\"datePublished\":\"2025-08-24T07:57:43+00:00\",\"breadcrumb\":{\"@id\":\"https:\\\/\\\/tuzlainfo.ba\\\/index.php\\\/novosti\\\/item\\\/277917-odrzana-13-internacionalna-smotra-folklora-puracic-2025-cioff\\\/#breadcrumb\"},\"inLanguage\":\"bs-BA\",\"potentialAction\":[{\"@type\":\"ReadAction\",\"target\":[\"https:\\\/\\\/tuzlainfo.ba\\\/index.php\\\/novosti\\\/item\\\/277917-odrzana-13-internacionalna-smotra-folklora-puracic-2025-cioff\\\/\"]}]},{\"@type\":\"ImageObject\",\"inLanguage\":\"bs-BA\",\"@id\":\"https:\\\/\\\/tuzlainfo.ba\\\/index.php\\\/novosti\\\/item\\\/277917-odrzana-13-internacionalna-smotra-folklora-puracic-2025-cioff\\\/#primaryimage\",\"url\":\"https:\\\/\\\/tuzlainfo.ba\\\/wp-content\\\/uploads\\\/2025\\\/08\\\/2408_smotra_puracic-1.jpg\",\"contentUrl\":\"https:\\\/\\\/tuzlainfo.ba\\\/wp-content\\\/uploads\\\/2025\\\/08\\\/2408_smotra_puracic-1.jpg\",\"width\":2048,\"height\":1152},{\"@type\":\"BreadcrumbList\",\"@id\":\"https:\\\/\\\/tuzlainfo.ba\\\/index.php\\\/novosti\\\/item\\\/277917-odrzana-13-internacionalna-smotra-folklora-puracic-2025-cioff\\\/#breadcrumb\",\"itemListElement\":[{\"@type\":\"ListItem\",\"position\":1,\"name\":\"Home\",\"item\":\"https:\\\/\\\/tuzlainfo.ba\\\/\"},{\"@type\":\"ListItem\",\"position\":2,\"name\":\"Odr\u017eana 13. Internacionalna smotra folklora \u2013 Pura\u010di\u0107 2025 (CIOFF)\"}]},{\"@type\":\"WebSite\",\"@id\":\"https:\\\/\\\/tuzlainfo.ba\\\/#website\",\"url\":\"https:\\\/\\\/tuzlainfo.ba\\\/\",\"name\":\"TuzlaInfo.ba\",\"description\":\"Tuzla info, gradski informator - Tuzla na dlanu\",\"publisher\":{\"@id\":\"https:\\\/\\\/tuzlainfo.ba\\\/#organization\"},\"potentialAction\":[{\"@type\":\"SearchAction\",\"target\":{\"@type\":\"EntryPoint\",\"urlTemplate\":\"https:\\\/\\\/tuzlainfo.ba\\\/?s={search_term_string}\"},\"query-input\":{\"@type\":\"PropertyValueSpecification\",\"valueRequired\":true,\"valueName\":\"search_term_string\"}}],\"inLanguage\":\"bs-BA\"},{\"@type\":\"Organization\",\"@id\":\"https:\\\/\\\/tuzlainfo.ba\\\/#organization\",\"name\":\"TuzlaInfo.ba\",\"url\":\"https:\\\/\\\/tuzlainfo.ba\\\/\",\"logo\":{\"@type\":\"ImageObject\",\"inLanguage\":\"bs-BA\",\"@id\":\"https:\\\/\\\/tuzlainfo.ba\\\/#\\\/schema\\\/logo\\\/image\\\/\",\"url\":\"https:\\\/\\\/tuzlainfo.ba\\\/wp-content\\\/uploads\\\/2021\\\/03\\\/logo-ver-3-1.png\",\"contentUrl\":\"https:\\\/\\\/tuzlainfo.ba\\\/wp-content\\\/uploads\\\/2021\\\/03\\\/logo-ver-3-1.png\",\"width\":350,\"height\":95,\"caption\":\"TuzlaInfo.ba\"},\"image\":{\"@id\":\"https:\\\/\\\/tuzlainfo.ba\\\/#\\\/schema\\\/logo\\\/image\\\/\"},\"sameAs\":[\"https:\\\/\\\/www.facebook.com\\\/tuzlainfo.ba\\\/\"]},{\"@type\":\"Person\",\"@id\":\"https:\\\/\\\/tuzlainfo.ba\\\/#\\\/schema\\\/person\\\/f434e20dc27ea133923aab08451b7f7f\",\"name\":\"nedim\",\"image\":{\"@type\":\"ImageObject\",\"inLanguage\":\"bs-BA\",\"@id\":\"https:\\\/\\\/secure.gravatar.com\\\/avatar\\\/5b928a2e7e70a54208d2eb6c1edcb75a5350d6ae97d5f0a701203d456823f6f3?s=96&d=mm&r=g\",\"url\":\"https:\\\/\\\/secure.gravatar.com\\\/avatar\\\/5b928a2e7e70a54208d2eb6c1edcb75a5350d6ae97d5f0a701203d456823f6f3?s=96&d=mm&r=g\",\"contentUrl\":\"https:\\\/\\\/secure.gravatar.com\\\/avatar\\\/5b928a2e7e70a54208d2eb6c1edcb75a5350d6ae97d5f0a701203d456823f6f3?s=96&d=mm&r=g\",\"caption\":\"nedim\"},\"description\":\"Tuzlainfo.ba pratite na dru\u0161tvenim mre\u017eama: Facebook, Instagram i Youtube. Svoje pri\u010de, upite i fotografije \u0161aljite na na\u0161u e-mail adresu.\"}]}<\/script>\n<!-- \/ Yoast SEO plugin. -->","yoast_head_json":{"title":"Odr\u017eana 13. Internacionalna smotra folklora \u2013 Pura\u010di\u0107 2025 (CIOFF)","robots":{"index":"index","follow":"follow","max-snippet":"max-snippet:-1","max-image-preview":"max-image-preview:large","max-video-preview":"max-video-preview:-1"},"canonical":"https:\/\/tuzlainfo.ba\/index.php\/novosti\/item\/277917-odrzana-13-internacionalna-smotra-folklora-puracic-2025-cioff\/","og_locale":"bs_BA","og_type":"article","og_title":"Odr\u017eana 13. Internacionalna smotra folklora \u2013 Pura\u010di\u0107 2025 (CIOFF)","og_description":"Pura\u010di\u0107 je i ove godine o\u017eivio duh tradicionalne kulture i folklora odr\u017eavanjem 13. Internacionalnog festivala folklora \u201eDani \u0107aske \u2013 Pura\u010di\u0107 2025\u201c. Vi\u0161e od 300 u\u010desnika iz Bosne i Hercegovine, Hrvatske, Srbije i Turske predstavilo je bogatstvo folklornog stvarala\u0161tva kroz niz atraktivnih programa. Sve\u010dani defile u\u010desnika ulicama Pura\u010di\u0107a u narodnim no\u0161njama i narodno kolo u centru [&hellip;]","og_url":"https:\/\/tuzlainfo.ba\/index.php\/novosti\/item\/277917-odrzana-13-internacionalna-smotra-folklora-puracic-2025-cioff\/","og_site_name":"TuzlaInfo.ba","article_publisher":"https:\/\/www.facebook.com\/tuzlainfo.ba\/","article_published_time":"2025-08-24T07:57:43+00:00","og_image":[{"width":2048,"height":1152,"url":"https:\/\/tuzlainfo.ba\/wp-content\/uploads\/2025\/08\/2408_smotra_puracic-1.jpg","type":"image\/jpeg"}],"author":"nedim","twitter_card":"summary_large_image","twitter_misc":{"Written by":"nedim","Est. reading time":"2 minute"},"schema":{"@context":"https:\/\/schema.org","@graph":[{"@type":"Article","@id":"https:\/\/tuzlainfo.ba\/index.php\/novosti\/item\/277917-odrzana-13-internacionalna-smotra-folklora-puracic-2025-cioff\/#article","isPartOf":{"@id":"https:\/\/tuzlainfo.ba\/index.php\/novosti\/item\/277917-odrzana-13-internacionalna-smotra-folklora-puracic-2025-cioff\/"},"author":{"name":"nedim","@id":"https:\/\/tuzlainfo.ba\/#\/schema\/person\/f434e20dc27ea133923aab08451b7f7f"},"headline":"Odr\u017eana 13. Internacionalna smotra folklora \u2013 Pura\u010di\u0107 2025 (CIOFF)","datePublished":"2025-08-24T07:57:43+00:00","mainEntityOfPage":{"@id":"https:\/\/tuzlainfo.ba\/index.php\/novosti\/item\/277917-odrzana-13-internacionalna-smotra-folklora-puracic-2025-cioff\/"},"wordCount":347,"publisher":{"@id":"https:\/\/tuzlainfo.ba\/#organization"},"image":{"@id":"https:\/\/tuzlainfo.ba\/index.php\/novosti\/item\/277917-odrzana-13-internacionalna-smotra-folklora-puracic-2025-cioff\/#primaryimage"},"thumbnailUrl":"https:\/\/tuzlainfo.ba\/wp-content\/uploads\/2025\/08\/2408_smotra_puracic-1.jpg","keywords":["festival folklora","pura\u010di\u0107"],"articleSection":["Istaknuto","Novosti"],"inLanguage":"bs-BA","copyrightYear":"2025","copyrightHolder":{"@id":"https:\/\/tuzlainfo.ba\/#organization"}},{"@type":"WebPage","@id":"https:\/\/tuzlainfo.ba\/index.php\/novosti\/item\/277917-odrzana-13-internacionalna-smotra-folklora-puracic-2025-cioff\/","url":"https:\/\/tuzlainfo.ba\/index.php\/novosti\/item\/277917-odrzana-13-internacionalna-smotra-folklora-puracic-2025-cioff\/","name":"Odr\u017eana 13. Internacionalna smotra folklora \u2013 Pura\u010di\u0107 2025 (CIOFF)","isPartOf":{"@id":"https:\/\/tuzlainfo.ba\/#website"},"primaryImageOfPage":{"@id":"https:\/\/tuzlainfo.ba\/index.php\/novosti\/item\/277917-odrzana-13-internacionalna-smotra-folklora-puracic-2025-cioff\/#primaryimage"},"image":{"@id":"https:\/\/tuzlainfo.ba\/index.php\/novosti\/item\/277917-odrzana-13-internacionalna-smotra-folklora-puracic-2025-cioff\/#primaryimage"},"thumbnailUrl":"https:\/\/tuzlainfo.ba\/wp-content\/uploads\/2025\/08\/2408_smotra_puracic-1.jpg","datePublished":"2025-08-24T07:57:43+00:00","breadcrumb":{"@id":"https:\/\/tuzlainfo.ba\/index.php\/novosti\/item\/277917-odrzana-13-internacionalna-smotra-folklora-puracic-2025-cioff\/#breadcrumb"},"inLanguage":"bs-BA","potentialAction":[{"@type":"ReadAction","target":["https:\/\/tuzlainfo.ba\/index.php\/novosti\/item\/277917-odrzana-13-internacionalna-smotra-folklora-puracic-2025-cioff\/"]}]},{"@type":"ImageObject","inLanguage":"bs-BA","@id":"https:\/\/tuzlainfo.ba\/index.php\/novosti\/item\/277917-odrzana-13-internacionalna-smotra-folklora-puracic-2025-cioff\/#primaryimage","url":"https:\/\/tuzlainfo.ba\/wp-content\/uploads\/2025\/08\/2408_smotra_puracic-1.jpg","contentUrl":"https:\/\/tuzlainfo.ba\/wp-content\/uploads\/2025\/08\/2408_smotra_puracic-1.jpg","width":2048,"height":1152},{"@type":"BreadcrumbList","@id":"https:\/\/tuzlainfo.ba\/index.php\/novosti\/item\/277917-odrzana-13-internacionalna-smotra-folklora-puracic-2025-cioff\/#breadcrumb","itemListElement":[{"@type":"ListItem","position":1,"name":"Home","item":"https:\/\/tuzlainfo.ba\/"},{"@type":"ListItem","position":2,"name":"Odr\u017eana 13. Internacionalna smotra folklora \u2013 Pura\u010di\u0107 2025 (CIOFF)"}]},{"@type":"WebSite","@id":"https:\/\/tuzlainfo.ba\/#website","url":"https:\/\/tuzlainfo.ba\/","name":"TuzlaInfo.ba","description":"Tuzla info, gradski informator - Tuzla na dlanu","publisher":{"@id":"https:\/\/tuzlainfo.ba\/#organization"},"potentialAction":[{"@type":"SearchAction","target":{"@type":"EntryPoint","urlTemplate":"https:\/\/tuzlainfo.ba\/?s={search_term_string}"},"query-input":{"@type":"PropertyValueSpecification","valueRequired":true,"valueName":"search_term_string"}}],"inLanguage":"bs-BA"},{"@type":"Organization","@id":"https:\/\/tuzlainfo.ba\/#organization","name":"TuzlaInfo.ba","url":"https:\/\/tuzlainfo.ba\/","logo":{"@type":"ImageObject","inLanguage":"bs-BA","@id":"https:\/\/tuzlainfo.ba\/#\/schema\/logo\/image\/","url":"https:\/\/tuzlainfo.ba\/wp-content\/uploads\/2021\/03\/logo-ver-3-1.png","contentUrl":"https:\/\/tuzlainfo.ba\/wp-content\/uploads\/2021\/03\/logo-ver-3-1.png","width":350,"height":95,"caption":"TuzlaInfo.ba"},"image":{"@id":"https:\/\/tuzlainfo.ba\/#\/schema\/logo\/image\/"},"sameAs":["https:\/\/www.facebook.com\/tuzlainfo.ba\/"]},{"@type":"Person","@id":"https:\/\/tuzlainfo.ba\/#\/schema\/person\/f434e20dc27ea133923aab08451b7f7f","name":"nedim","image":{"@type":"ImageObject","inLanguage":"bs-BA","@id":"https:\/\/secure.gravatar.com\/avatar\/5b928a2e7e70a54208d2eb6c1edcb75a5350d6ae97d5f0a701203d456823f6f3?s=96&d=mm&r=g","url":"https:\/\/secure.gravatar.com\/avatar\/5b928a2e7e70a54208d2eb6c1edcb75a5350d6ae97d5f0a701203d456823f6f3?s=96&d=mm&r=g","contentUrl":"https:\/\/secure.gravatar.com\/avatar\/5b928a2e7e70a54208d2eb6c1edcb75a5350d6ae97d5f0a701203d456823f6f3?s=96&d=mm&r=g","caption":"nedim"},"description":"Tuzlainfo.ba pratite na dru\u0161tvenim mre\u017eama: Facebook, Instagram i Youtube. Svoje pri\u010de, upite i fotografije \u0161aljite na na\u0161u e-mail adresu."}]}},"_links":{"self":[{"href":"https:\/\/tuzlainfo.ba\/index.php\/wp-json\/wp\/v2\/posts\/277917","targetHints":{"allow":["GET"]}}],"collection":[{"href":"https:\/\/tuzlainfo.ba\/index.php\/wp-json\/wp\/v2\/posts"}],"about":[{"href":"https:\/\/tuzlainfo.ba\/index.php\/wp-json\/wp\/v2\/types\/post"}],"author":[{"embeddable":true,"href":"https:\/\/tuzlainfo.ba\/index.php\/wp-json\/wp\/v2\/users\/2"}],"replies":[{"embeddable":true,"href":"https:\/\/tuzlainfo.ba\/index.php\/wp-json\/wp\/v2\/comments?post=277917"}],"version-history":[{"count":1,"href":"https:\/\/tuzlainfo.ba\/index.php\/wp-json\/wp\/v2\/posts\/277917\/revisions"}],"predecessor-version":[{"id":277934,"href":"https:\/\/tuzlainfo.ba\/index.php\/wp-json\/wp\/v2\/posts\/277917\/revisions\/277934"}],"wp:featuredmedia":[{"embeddable":true,"href":"https:\/\/tuzlainfo.ba\/index.php\/wp-json\/wp\/v2\/media\/277932"}],"wp:attachment":[{"href":"https:\/\/tuzlainfo.ba\/index.php\/wp-json\/wp\/v2\/media?parent=277917"}],"wp:term":[{"taxonomy":"category","embeddable":true,"href":"https:\/\/tuzlainfo.ba\/index.php\/wp-json\/wp\/v2\/categories?post=277917"},{"taxonomy":"post_tag","embeddable":true,"href":"https:\/\/tuzlainfo.ba\/index.php\/wp-json\/wp\/v2\/tags?post=277917"}],"curies":[{"name":"wp","href":"https:\/\/api.w.org\/{rel}","templated":true}]}}