{"id":277520,"date":"2025-08-21T09:02:29","date_gmt":"2025-08-21T07:02:29","guid":{"rendered":"https:\/\/tuzlainfo.ba\/?p=277520"},"modified":"2025-08-21T08:01:04","modified_gmt":"2025-08-21T06:01:04","slug":"promovisana-monografija-10-godina-likovne-kolonije-slovenci-u-tuzli","status":"publish","type":"post","link":"https:\/\/tuzlainfo.ba\/index.php\/novosti\/item\/277520-promovisana-monografija-10-godina-likovne-kolonije-slovenci-u-tuzli\/","title":{"rendered":"Promovisana monografija &#8220;10 godina likovne kolonije Slovenci u Tuzli&#8221;"},"content":{"rendered":"<p data-start=\"81\" data-end=\"278\">U Ateljeu \u201eIsmet Mujezinovi\u0107\u201c u Tuzli 19. augusta odr\u017eana je promocija dvojezi\u010dne monografije \u201e10 godina likovne kolonije Slovenci u Tuzli\u201c, nastale povodom desetlje\u0107a rada ove zna\u010dajne kolonije.<\/p>\n<p data-start=\"280\" data-end=\"723\">O po\u010decima i ideji osnivanja govorili su Vlatko Zimmer, osniva\u010d likovne sekcije udru\u017eenja i idejni tvorac kolonije, te Dragica Te\u0161i\u0107, dugogodi\u0161nja predsjednica udru\u017eenja i pokreta\u010d Regionalne likovne kolonije.<\/p>\n<p data-start=\"280\" data-end=\"723\">O va\u017enosti monografije za udru\u017eenje, lokalnu zajednicu i Slovence u BiH govorio je umjetnik i dizajner publikacije Dragan Ga\u010dnik. Razgovor je moderirao Senad Begovi\u0107 iz Centra za kulturu Tuzla, koji je ujedno i izdava\u010d monografije.<\/p>\n<p data-start=\"725\" data-end=\"1005\">Ve\u010der je dodatno oboga\u0107ena nastupom mlade flautistice Lane Muharemovi\u0107, studentice Akademije za glasbo u Ljubljani. Sve\u010danosti su prisustvovali i zamjenik ambasadora Republike Slovenije u BiH dr. Zvone \u017digon te ministar za kulturu, sport i mlade Tuzlanskog kantona Damir Gazdi\u0107.<\/p>\n<p data-start=\"725\" data-end=\"1005\"><img fetchpriority=\"high\" decoding=\"async\" class=\"alignnone size-full wp-image-277521\" src=\"https:\/\/tuzlainfo.ba\/wp-content\/uploads\/2025\/08\/2108_momografija_slovenci-1.jpg\" alt=\"\" width=\"800\" height=\"594\" srcset=\"https:\/\/tuzlainfo.ba\/wp-content\/uploads\/2025\/08\/2108_momografija_slovenci-1.jpg 800w, https:\/\/tuzlainfo.ba\/wp-content\/uploads\/2025\/08\/2108_momografija_slovenci-1-300x223.jpg 300w, https:\/\/tuzlainfo.ba\/wp-content\/uploads\/2025\/08\/2108_momografija_slovenci-1-768x570.jpg 768w, https:\/\/tuzlainfo.ba\/wp-content\/uploads\/2025\/08\/2108_momografija_slovenci-1-585x434.jpg 585w, https:\/\/tuzlainfo.ba\/wp-content\/uploads\/2025\/08\/2108_momografija_slovenci-1-150x111.jpg 150w, https:\/\/tuzlainfo.ba\/wp-content\/uploads\/2025\/08\/2108_momografija_slovenci-1-500x371.jpg 500w\" sizes=\"(max-width: 800px) 100vw, 800px\" \/><\/p>\n<p data-start=\"1007\" data-end=\"1388\">Monografija je rezultat saradnje umjetnika, entuzijasta i institucija razli\u010ditih nivoa vlasti, od lokalnog do dr\u017eavnog, uz podr\u0161ku Ureda Vlade Slovenije za Slovence u zamejstvu i po svetu, Ministarstva za ljudska prava i izbjeglice BiH i Grada Tuzle. Posebna zahvalnost upu\u0107ena je JU BKC Tuzla i JU Centar za kulturu Tuzla, dugogodi\u0161njim doma\u0107inima kolonija, izlo\u017ebi i koncerata.<\/p>\n","protected":false},"excerpt":{"rendered":"<p>U Ateljeu \u201eIsmet Mujezinovi\u0107\u201c u Tuzli 19. augusta odr\u017eana je promocija dvojezi\u010dne monografije \u201e10 godina likovne kolonije Slovenci u Tuzli\u201c, nastale povodom desetlje\u0107a rada ove zna\u010dajne kolonije. O po\u010decima i ideji osnivanja govorili su Vlatko Zimmer, osniva\u010d likovne sekcije udru\u017eenja i idejni tvorac kolonije, te Dragica Te\u0161i\u0107, dugogodi\u0161nja predsjednica udru\u017eenja i pokreta\u010d Regionalne likovne kolonije. [&hellip;]<\/p>\n","protected":false},"author":2,"featured_media":277522,"comment_status":"closed","ping_status":"closed","sticky":false,"template":"","format":"standard","meta":{"footnotes":""},"categories":[12],"tags":[12631,5306],"class_list":["post-277520","post","type-post","status-publish","format-standard","has-post-thumbnail","hentry","category-novosti","tag-monogradija","tag-slovenci-u-tuzli"],"yoast_head":"<!-- This site is optimized with the Yoast SEO plugin v28.3 - https:\/\/yoast.com\/product\/yoast-seo-wordpress\/ -->\n<title>Promovisana monografija &quot;10 godina likovne kolonije Slovenci u Tuzli&quot;<\/title>\n<meta name=\"robots\" content=\"index, follow, max-snippet:-1, max-image-preview:large, max-video-preview:-1\" \/>\n<link rel=\"canonical\" href=\"https:\/\/tuzlainfo.ba\/index.php\/novosti\/item\/277520-promovisana-monografija-10-godina-likovne-kolonije-slovenci-u-tuzli\/\" \/>\n<meta property=\"og:locale\" content=\"bs_BA\" \/>\n<meta property=\"og:type\" content=\"article\" \/>\n<meta property=\"og:title\" content=\"Promovisana monografija &quot;10 godina likovne kolonije Slovenci u Tuzli&quot;\" \/>\n<meta property=\"og:description\" content=\"U Ateljeu \u201eIsmet Mujezinovi\u0107\u201c u Tuzli 19. augusta odr\u017eana je promocija dvojezi\u010dne monografije \u201e10 godina likovne kolonije Slovenci u Tuzli\u201c, nastale povodom desetlje\u0107a rada ove zna\u010dajne kolonije. O po\u010decima i ideji osnivanja govorili su Vlatko Zimmer, osniva\u010d likovne sekcije udru\u017eenja i idejni tvorac kolonije, te Dragica Te\u0161i\u0107, dugogodi\u0161nja predsjednica udru\u017eenja i pokreta\u010d Regionalne likovne kolonije. [&hellip;]\" \/>\n<meta property=\"og:url\" content=\"https:\/\/tuzlainfo.ba\/index.php\/novosti\/item\/277520-promovisana-monografija-10-godina-likovne-kolonije-slovenci-u-tuzli\/\" \/>\n<meta property=\"og:site_name\" content=\"TuzlaInfo.ba\" \/>\n<meta property=\"article:publisher\" content=\"https:\/\/www.facebook.com\/tuzlainfo.ba\/\" \/>\n<meta property=\"article:published_time\" content=\"2025-08-21T07:02:29+00:00\" \/>\n<meta property=\"og:image\" content=\"https:\/\/tuzlainfo.ba\/wp-content\/uploads\/2025\/08\/2108_momografija_slovenci-2.jpg\" \/>\n\t<meta property=\"og:image:width\" content=\"800\" \/>\n\t<meta property=\"og:image:height\" content=\"481\" \/>\n\t<meta property=\"og:image:type\" content=\"image\/jpeg\" \/>\n<meta name=\"author\" content=\"nedim\" \/>\n<meta name=\"twitter:card\" content=\"summary_large_image\" \/>\n<meta name=\"twitter:label1\" content=\"Written by\" \/>\n\t<meta name=\"twitter:data1\" content=\"nedim\" \/>\n\t<meta name=\"twitter:label2\" content=\"Est. reading time\" \/>\n\t<meta name=\"twitter:data2\" content=\"2 minute\" \/>\n<script type=\"application\/ld+json\" class=\"yoast-schema-graph\">{\"@context\":\"https:\\\/\\\/schema.org\",\"@graph\":[{\"@type\":\"Article\",\"@id\":\"https:\\\/\\\/tuzlainfo.ba\\\/index.php\\\/novosti\\\/item\\\/277520-promovisana-monografija-10-godina-likovne-kolonije-slovenci-u-tuzli\\\/#article\",\"isPartOf\":{\"@id\":\"https:\\\/\\\/tuzlainfo.ba\\\/index.php\\\/novosti\\\/item\\\/277520-promovisana-monografija-10-godina-likovne-kolonije-slovenci-u-tuzli\\\/\"},\"author\":{\"name\":\"nedim\",\"@id\":\"https:\\\/\\\/tuzlainfo.ba\\\/#\\\/schema\\\/person\\\/f434e20dc27ea133923aab08451b7f7f\"},\"headline\":\"Promovisana monografija &#8220;10 godina likovne kolonije Slovenci u Tuzli&#8221;\",\"datePublished\":\"2025-08-21T07:02:29+00:00\",\"mainEntityOfPage\":{\"@id\":\"https:\\\/\\\/tuzlainfo.ba\\\/index.php\\\/novosti\\\/item\\\/277520-promovisana-monografija-10-godina-likovne-kolonije-slovenci-u-tuzli\\\/\"},\"wordCount\":213,\"publisher\":{\"@id\":\"https:\\\/\\\/tuzlainfo.ba\\\/#organization\"},\"image\":{\"@id\":\"https:\\\/\\\/tuzlainfo.ba\\\/index.php\\\/novosti\\\/item\\\/277520-promovisana-monografija-10-godina-likovne-kolonije-slovenci-u-tuzli\\\/#primaryimage\"},\"thumbnailUrl\":\"https:\\\/\\\/tuzlainfo.ba\\\/wp-content\\\/uploads\\\/2025\\\/08\\\/2108_momografija_slovenci-2.jpg\",\"keywords\":[\"monogradija\",\"Slovenci u Tuzli\"],\"articleSection\":[\"Novosti\"],\"inLanguage\":\"bs-BA\",\"copyrightYear\":\"2025\",\"copyrightHolder\":{\"@id\":\"https:\\\/\\\/tuzlainfo.ba\\\/#organization\"}},{\"@type\":\"WebPage\",\"@id\":\"https:\\\/\\\/tuzlainfo.ba\\\/index.php\\\/novosti\\\/item\\\/277520-promovisana-monografija-10-godina-likovne-kolonije-slovenci-u-tuzli\\\/\",\"url\":\"https:\\\/\\\/tuzlainfo.ba\\\/index.php\\\/novosti\\\/item\\\/277520-promovisana-monografija-10-godina-likovne-kolonije-slovenci-u-tuzli\\\/\",\"name\":\"Promovisana monografija \\\"10 godina likovne kolonije Slovenci u Tuzli\\\"\",\"isPartOf\":{\"@id\":\"https:\\\/\\\/tuzlainfo.ba\\\/#website\"},\"primaryImageOfPage\":{\"@id\":\"https:\\\/\\\/tuzlainfo.ba\\\/index.php\\\/novosti\\\/item\\\/277520-promovisana-monografija-10-godina-likovne-kolonije-slovenci-u-tuzli\\\/#primaryimage\"},\"image\":{\"@id\":\"https:\\\/\\\/tuzlainfo.ba\\\/index.php\\\/novosti\\\/item\\\/277520-promovisana-monografija-10-godina-likovne-kolonije-slovenci-u-tuzli\\\/#primaryimage\"},\"thumbnailUrl\":\"https:\\\/\\\/tuzlainfo.ba\\\/wp-content\\\/uploads\\\/2025\\\/08\\\/2108_momografija_slovenci-2.jpg\",\"datePublished\":\"2025-08-21T07:02:29+00:00\",\"breadcrumb\":{\"@id\":\"https:\\\/\\\/tuzlainfo.ba\\\/index.php\\\/novosti\\\/item\\\/277520-promovisana-monografija-10-godina-likovne-kolonije-slovenci-u-tuzli\\\/#breadcrumb\"},\"inLanguage\":\"bs-BA\",\"potentialAction\":[{\"@type\":\"ReadAction\",\"target\":[\"https:\\\/\\\/tuzlainfo.ba\\\/index.php\\\/novosti\\\/item\\\/277520-promovisana-monografija-10-godina-likovne-kolonije-slovenci-u-tuzli\\\/\"]}]},{\"@type\":\"ImageObject\",\"inLanguage\":\"bs-BA\",\"@id\":\"https:\\\/\\\/tuzlainfo.ba\\\/index.php\\\/novosti\\\/item\\\/277520-promovisana-monografija-10-godina-likovne-kolonije-slovenci-u-tuzli\\\/#primaryimage\",\"url\":\"https:\\\/\\\/tuzlainfo.ba\\\/wp-content\\\/uploads\\\/2025\\\/08\\\/2108_momografija_slovenci-2.jpg\",\"contentUrl\":\"https:\\\/\\\/tuzlainfo.ba\\\/wp-content\\\/uploads\\\/2025\\\/08\\\/2108_momografija_slovenci-2.jpg\",\"width\":800,\"height\":481},{\"@type\":\"BreadcrumbList\",\"@id\":\"https:\\\/\\\/tuzlainfo.ba\\\/index.php\\\/novosti\\\/item\\\/277520-promovisana-monografija-10-godina-likovne-kolonije-slovenci-u-tuzli\\\/#breadcrumb\",\"itemListElement\":[{\"@type\":\"ListItem\",\"position\":1,\"name\":\"Home\",\"item\":\"https:\\\/\\\/tuzlainfo.ba\\\/\"},{\"@type\":\"ListItem\",\"position\":2,\"name\":\"Promovisana monografija &#8220;10 godina likovne kolonije Slovenci u Tuzli&#8221;\"}]},{\"@type\":\"WebSite\",\"@id\":\"https:\\\/\\\/tuzlainfo.ba\\\/#website\",\"url\":\"https:\\\/\\\/tuzlainfo.ba\\\/\",\"name\":\"TuzlaInfo.ba\",\"description\":\"Tuzla info, gradski informator - Tuzla na dlanu\",\"publisher\":{\"@id\":\"https:\\\/\\\/tuzlainfo.ba\\\/#organization\"},\"potentialAction\":[{\"@type\":\"SearchAction\",\"target\":{\"@type\":\"EntryPoint\",\"urlTemplate\":\"https:\\\/\\\/tuzlainfo.ba\\\/?s={search_term_string}\"},\"query-input\":{\"@type\":\"PropertyValueSpecification\",\"valueRequired\":true,\"valueName\":\"search_term_string\"}}],\"inLanguage\":\"bs-BA\"},{\"@type\":\"Organization\",\"@id\":\"https:\\\/\\\/tuzlainfo.ba\\\/#organization\",\"name\":\"TuzlaInfo.ba\",\"url\":\"https:\\\/\\\/tuzlainfo.ba\\\/\",\"logo\":{\"@type\":\"ImageObject\",\"inLanguage\":\"bs-BA\",\"@id\":\"https:\\\/\\\/tuzlainfo.ba\\\/#\\\/schema\\\/logo\\\/image\\\/\",\"url\":\"https:\\\/\\\/tuzlainfo.ba\\\/wp-content\\\/uploads\\\/2021\\\/03\\\/logo-ver-3-1.png\",\"contentUrl\":\"https:\\\/\\\/tuzlainfo.ba\\\/wp-content\\\/uploads\\\/2021\\\/03\\\/logo-ver-3-1.png\",\"width\":350,\"height\":95,\"caption\":\"TuzlaInfo.ba\"},\"image\":{\"@id\":\"https:\\\/\\\/tuzlainfo.ba\\\/#\\\/schema\\\/logo\\\/image\\\/\"},\"sameAs\":[\"https:\\\/\\\/www.facebook.com\\\/tuzlainfo.ba\\\/\"]},{\"@type\":\"Person\",\"@id\":\"https:\\\/\\\/tuzlainfo.ba\\\/#\\\/schema\\\/person\\\/f434e20dc27ea133923aab08451b7f7f\",\"name\":\"nedim\",\"image\":{\"@type\":\"ImageObject\",\"inLanguage\":\"bs-BA\",\"@id\":\"https:\\\/\\\/secure.gravatar.com\\\/avatar\\\/5b928a2e7e70a54208d2eb6c1edcb75a5350d6ae97d5f0a701203d456823f6f3?s=96&d=mm&r=g\",\"url\":\"https:\\\/\\\/secure.gravatar.com\\\/avatar\\\/5b928a2e7e70a54208d2eb6c1edcb75a5350d6ae97d5f0a701203d456823f6f3?s=96&d=mm&r=g\",\"contentUrl\":\"https:\\\/\\\/secure.gravatar.com\\\/avatar\\\/5b928a2e7e70a54208d2eb6c1edcb75a5350d6ae97d5f0a701203d456823f6f3?s=96&d=mm&r=g\",\"caption\":\"nedim\"},\"description\":\"Tuzlainfo.ba pratite na dru\u0161tvenim mre\u017eama: Facebook, Instagram i Youtube. Svoje pri\u010de, upite i fotografije \u0161aljite na na\u0161u e-mail adresu.\"}]}<\/script>\n<!-- \/ Yoast SEO plugin. -->","yoast_head_json":{"title":"Promovisana monografija \"10 godina likovne kolonije Slovenci u Tuzli\"","robots":{"index":"index","follow":"follow","max-snippet":"max-snippet:-1","max-image-preview":"max-image-preview:large","max-video-preview":"max-video-preview:-1"},"canonical":"https:\/\/tuzlainfo.ba\/index.php\/novosti\/item\/277520-promovisana-monografija-10-godina-likovne-kolonije-slovenci-u-tuzli\/","og_locale":"bs_BA","og_type":"article","og_title":"Promovisana monografija \"10 godina likovne kolonije Slovenci u Tuzli\"","og_description":"U Ateljeu \u201eIsmet Mujezinovi\u0107\u201c u Tuzli 19. augusta odr\u017eana je promocija dvojezi\u010dne monografije \u201e10 godina likovne kolonije Slovenci u Tuzli\u201c, nastale povodom desetlje\u0107a rada ove zna\u010dajne kolonije. O po\u010decima i ideji osnivanja govorili su Vlatko Zimmer, osniva\u010d likovne sekcije udru\u017eenja i idejni tvorac kolonije, te Dragica Te\u0161i\u0107, dugogodi\u0161nja predsjednica udru\u017eenja i pokreta\u010d Regionalne likovne kolonije. [&hellip;]","og_url":"https:\/\/tuzlainfo.ba\/index.php\/novosti\/item\/277520-promovisana-monografija-10-godina-likovne-kolonije-slovenci-u-tuzli\/","og_site_name":"TuzlaInfo.ba","article_publisher":"https:\/\/www.facebook.com\/tuzlainfo.ba\/","article_published_time":"2025-08-21T07:02:29+00:00","og_image":[{"width":800,"height":481,"url":"https:\/\/tuzlainfo.ba\/wp-content\/uploads\/2025\/08\/2108_momografija_slovenci-2.jpg","type":"image\/jpeg"}],"author":"nedim","twitter_card":"summary_large_image","twitter_misc":{"Written by":"nedim","Est. reading time":"2 minute"},"schema":{"@context":"https:\/\/schema.org","@graph":[{"@type":"Article","@id":"https:\/\/tuzlainfo.ba\/index.php\/novosti\/item\/277520-promovisana-monografija-10-godina-likovne-kolonije-slovenci-u-tuzli\/#article","isPartOf":{"@id":"https:\/\/tuzlainfo.ba\/index.php\/novosti\/item\/277520-promovisana-monografija-10-godina-likovne-kolonije-slovenci-u-tuzli\/"},"author":{"name":"nedim","@id":"https:\/\/tuzlainfo.ba\/#\/schema\/person\/f434e20dc27ea133923aab08451b7f7f"},"headline":"Promovisana monografija &#8220;10 godina likovne kolonije Slovenci u Tuzli&#8221;","datePublished":"2025-08-21T07:02:29+00:00","mainEntityOfPage":{"@id":"https:\/\/tuzlainfo.ba\/index.php\/novosti\/item\/277520-promovisana-monografija-10-godina-likovne-kolonije-slovenci-u-tuzli\/"},"wordCount":213,"publisher":{"@id":"https:\/\/tuzlainfo.ba\/#organization"},"image":{"@id":"https:\/\/tuzlainfo.ba\/index.php\/novosti\/item\/277520-promovisana-monografija-10-godina-likovne-kolonije-slovenci-u-tuzli\/#primaryimage"},"thumbnailUrl":"https:\/\/tuzlainfo.ba\/wp-content\/uploads\/2025\/08\/2108_momografija_slovenci-2.jpg","keywords":["monogradija","Slovenci u Tuzli"],"articleSection":["Novosti"],"inLanguage":"bs-BA","copyrightYear":"2025","copyrightHolder":{"@id":"https:\/\/tuzlainfo.ba\/#organization"}},{"@type":"WebPage","@id":"https:\/\/tuzlainfo.ba\/index.php\/novosti\/item\/277520-promovisana-monografija-10-godina-likovne-kolonije-slovenci-u-tuzli\/","url":"https:\/\/tuzlainfo.ba\/index.php\/novosti\/item\/277520-promovisana-monografija-10-godina-likovne-kolonije-slovenci-u-tuzli\/","name":"Promovisana monografija \"10 godina likovne kolonije Slovenci u Tuzli\"","isPartOf":{"@id":"https:\/\/tuzlainfo.ba\/#website"},"primaryImageOfPage":{"@id":"https:\/\/tuzlainfo.ba\/index.php\/novosti\/item\/277520-promovisana-monografija-10-godina-likovne-kolonije-slovenci-u-tuzli\/#primaryimage"},"image":{"@id":"https:\/\/tuzlainfo.ba\/index.php\/novosti\/item\/277520-promovisana-monografija-10-godina-likovne-kolonije-slovenci-u-tuzli\/#primaryimage"},"thumbnailUrl":"https:\/\/tuzlainfo.ba\/wp-content\/uploads\/2025\/08\/2108_momografija_slovenci-2.jpg","datePublished":"2025-08-21T07:02:29+00:00","breadcrumb":{"@id":"https:\/\/tuzlainfo.ba\/index.php\/novosti\/item\/277520-promovisana-monografija-10-godina-likovne-kolonije-slovenci-u-tuzli\/#breadcrumb"},"inLanguage":"bs-BA","potentialAction":[{"@type":"ReadAction","target":["https:\/\/tuzlainfo.ba\/index.php\/novosti\/item\/277520-promovisana-monografija-10-godina-likovne-kolonije-slovenci-u-tuzli\/"]}]},{"@type":"ImageObject","inLanguage":"bs-BA","@id":"https:\/\/tuzlainfo.ba\/index.php\/novosti\/item\/277520-promovisana-monografija-10-godina-likovne-kolonije-slovenci-u-tuzli\/#primaryimage","url":"https:\/\/tuzlainfo.ba\/wp-content\/uploads\/2025\/08\/2108_momografija_slovenci-2.jpg","contentUrl":"https:\/\/tuzlainfo.ba\/wp-content\/uploads\/2025\/08\/2108_momografija_slovenci-2.jpg","width":800,"height":481},{"@type":"BreadcrumbList","@id":"https:\/\/tuzlainfo.ba\/index.php\/novosti\/item\/277520-promovisana-monografija-10-godina-likovne-kolonije-slovenci-u-tuzli\/#breadcrumb","itemListElement":[{"@type":"ListItem","position":1,"name":"Home","item":"https:\/\/tuzlainfo.ba\/"},{"@type":"ListItem","position":2,"name":"Promovisana monografija &#8220;10 godina likovne kolonije Slovenci u Tuzli&#8221;"}]},{"@type":"WebSite","@id":"https:\/\/tuzlainfo.ba\/#website","url":"https:\/\/tuzlainfo.ba\/","name":"TuzlaInfo.ba","description":"Tuzla info, gradski informator - Tuzla na dlanu","publisher":{"@id":"https:\/\/tuzlainfo.ba\/#organization"},"potentialAction":[{"@type":"SearchAction","target":{"@type":"EntryPoint","urlTemplate":"https:\/\/tuzlainfo.ba\/?s={search_term_string}"},"query-input":{"@type":"PropertyValueSpecification","valueRequired":true,"valueName":"search_term_string"}}],"inLanguage":"bs-BA"},{"@type":"Organization","@id":"https:\/\/tuzlainfo.ba\/#organization","name":"TuzlaInfo.ba","url":"https:\/\/tuzlainfo.ba\/","logo":{"@type":"ImageObject","inLanguage":"bs-BA","@id":"https:\/\/tuzlainfo.ba\/#\/schema\/logo\/image\/","url":"https:\/\/tuzlainfo.ba\/wp-content\/uploads\/2021\/03\/logo-ver-3-1.png","contentUrl":"https:\/\/tuzlainfo.ba\/wp-content\/uploads\/2021\/03\/logo-ver-3-1.png","width":350,"height":95,"caption":"TuzlaInfo.ba"},"image":{"@id":"https:\/\/tuzlainfo.ba\/#\/schema\/logo\/image\/"},"sameAs":["https:\/\/www.facebook.com\/tuzlainfo.ba\/"]},{"@type":"Person","@id":"https:\/\/tuzlainfo.ba\/#\/schema\/person\/f434e20dc27ea133923aab08451b7f7f","name":"nedim","image":{"@type":"ImageObject","inLanguage":"bs-BA","@id":"https:\/\/secure.gravatar.com\/avatar\/5b928a2e7e70a54208d2eb6c1edcb75a5350d6ae97d5f0a701203d456823f6f3?s=96&d=mm&r=g","url":"https:\/\/secure.gravatar.com\/avatar\/5b928a2e7e70a54208d2eb6c1edcb75a5350d6ae97d5f0a701203d456823f6f3?s=96&d=mm&r=g","contentUrl":"https:\/\/secure.gravatar.com\/avatar\/5b928a2e7e70a54208d2eb6c1edcb75a5350d6ae97d5f0a701203d456823f6f3?s=96&d=mm&r=g","caption":"nedim"},"description":"Tuzlainfo.ba pratite na dru\u0161tvenim mre\u017eama: Facebook, Instagram i Youtube. Svoje pri\u010de, upite i fotografije \u0161aljite na na\u0161u e-mail adresu."}]}},"_links":{"self":[{"href":"https:\/\/tuzlainfo.ba\/index.php\/wp-json\/wp\/v2\/posts\/277520","targetHints":{"allow":["GET"]}}],"collection":[{"href":"https:\/\/tuzlainfo.ba\/index.php\/wp-json\/wp\/v2\/posts"}],"about":[{"href":"https:\/\/tuzlainfo.ba\/index.php\/wp-json\/wp\/v2\/types\/post"}],"author":[{"embeddable":true,"href":"https:\/\/tuzlainfo.ba\/index.php\/wp-json\/wp\/v2\/users\/2"}],"replies":[{"embeddable":true,"href":"https:\/\/tuzlainfo.ba\/index.php\/wp-json\/wp\/v2\/comments?post=277520"}],"version-history":[{"count":1,"href":"https:\/\/tuzlainfo.ba\/index.php\/wp-json\/wp\/v2\/posts\/277520\/revisions"}],"predecessor-version":[{"id":277523,"href":"https:\/\/tuzlainfo.ba\/index.php\/wp-json\/wp\/v2\/posts\/277520\/revisions\/277523"}],"wp:featuredmedia":[{"embeddable":true,"href":"https:\/\/tuzlainfo.ba\/index.php\/wp-json\/wp\/v2\/media\/277522"}],"wp:attachment":[{"href":"https:\/\/tuzlainfo.ba\/index.php\/wp-json\/wp\/v2\/media?parent=277520"}],"wp:term":[{"taxonomy":"category","embeddable":true,"href":"https:\/\/tuzlainfo.ba\/index.php\/wp-json\/wp\/v2\/categories?post=277520"},{"taxonomy":"post_tag","embeddable":true,"href":"https:\/\/tuzlainfo.ba\/index.php\/wp-json\/wp\/v2\/tags?post=277520"}],"curies":[{"name":"wp","href":"https:\/\/api.w.org\/{rel}","templated":true}]}}