{"id":277360,"date":"2025-08-19T13:47:31","date_gmt":"2025-08-19T11:47:31","guid":{"rendered":"https:\/\/tuzlainfo.ba\/?p=277360"},"modified":"2025-08-19T14:25:20","modified_gmt":"2025-08-19T12:25:20","slug":"wizz-air-vraca-bazu-u-tuzlu-uskoro-prvi-letovi-i-jos-jedna-nova-destinacija","status":"publish","type":"post","link":"https:\/\/tuzlainfo.ba\/index.php\/istaknuto\/item\/277360-wizz-air-vraca-bazu-u-tuzlu-uskoro-prvi-letovi-i-jos-jedna-nova-destinacija\/","title":{"rendered":"Wizz Air vra\u0107a bazu u Tuzlu, uskoro prvi letovi i jo\u0161 jedna nova destinacija"},"content":{"rendered":"<p data-start=\"135\" data-end=\"344\">Wizz Air \u0107e ponovo uspostaviti svoju bazu na Me\u0111unarodnom aerodromu Tuzla, potvr\u0111eno je danas. Prvi bazni avion sti\u017ee u decembru ove godine, kada \u0107e biti pokrenuti i letovi prema \u010detiri evropske destinacije.<\/p>\n<p data-start=\"346\" data-end=\"503\"><strong>Od 12. decembra 2025. po\u010dinju letovi iz Tuzle prema K\u00f6lnu i Maastrichtu, 13. decembra prema Malm\u00f6u, a od 14. decembra i prema Hamburgu.<\/strong><\/p>\n<p data-start=\"505\" data-end=\"690\">Dolazak drugog baznog aviona planiran je za mart 2026. godine, kada \u0107e biti uspostavljene dodatne linije, me\u0111u kojima je i prva direktna linija iz Tuzle prema Kipru (Larnaca).<\/p>\n<p data-start=\"692\" data-end=\"733\">Tada \u0107e Wizz Air povezivati Tuzlu i sa:<\/p>\n<p data-start=\"736\" data-end=\"765\">Berlinom (Brandenburg),<\/p>\n<p data-start=\"768\" data-end=\"793\">Frankfurtom (Hahn),<\/p>\n<p data-start=\"796\" data-end=\"813\">G\u00f6teborgom,<\/p>\n<p data-start=\"816\" data-end=\"841\">Parizom (Beauvais),<\/p>\n<p data-start=\"844\" data-end=\"871\">te Larnacom na Kipru.<\/p>\n<p data-start=\"873\" data-end=\"1028\">Ponovnim otvaranjem baze, Wizz Air \u0107e Tuzlu povezivati sa ukupno devet evropskih destinacija, od kojih se linija prema Kipru uspostavlja po prvi put.<\/p>\n","protected":false},"excerpt":{"rendered":"<p>Wizz Air \u0107e ponovo uspostaviti svoju bazu na Me\u0111unarodnom aerodromu Tuzla, potvr\u0111eno je danas. Prvi&hellip;<\/p>\n","protected":false},"author":4,"featured_media":216893,"comment_status":"closed","ping_status":"closed","sticky":false,"template":"","format":"standard","meta":{"_acf_changed":false,"footnotes":""},"categories":[304,12,306],"tags":[476,588],"acf":[],"yoast_head":"<!-- This site is optimized with the Yoast SEO plugin v23.5 - https:\/\/yoast.com\/wordpress\/plugins\/seo\/ -->\n<title>Wizz Air vra\u0107a bazu u Tuzlu, uskoro prvi letovi i jo\u0161 jedna nova destinacija - TuzlaInfo.ba<\/title>\n<meta name=\"robots\" content=\"index, follow, max-snippet:-1, max-image-preview:large, max-video-preview:-1\" \/>\n<link rel=\"canonical\" href=\"https:\/\/tuzlainfo.ba\/index.php\/novosti\/item\/277360-wizz-air-vraca-bazu-u-tuzlu-uskoro-prvi-letovi-i-jos-jedna-nova-destinacija\/\" \/>\n<meta property=\"og:locale\" content=\"bs_BA\" \/>\n<meta property=\"og:type\" content=\"article\" \/>\n<meta property=\"og:title\" content=\"Wizz Air vra\u0107a bazu u Tuzlu, uskoro prvi letovi i jo\u0161 jedna nova destinacija - TuzlaInfo.ba\" \/>\n<meta property=\"og:description\" content=\"Wizz Air \u0107e ponovo uspostaviti svoju bazu na Me\u0111unarodnom aerodromu Tuzla, potvr\u0111eno je danas. Prvi&hellip;\" \/>\n<meta property=\"og:url\" content=\"https:\/\/tuzlainfo.ba\/index.php\/novosti\/item\/277360-wizz-air-vraca-bazu-u-tuzlu-uskoro-prvi-letovi-i-jos-jedna-nova-destinacija\/\" \/>\n<meta property=\"og:site_name\" content=\"TuzlaInfo.ba\" \/>\n<meta property=\"article:publisher\" content=\"https:\/\/www.facebook.com\/tuzlainfo.ba\/\" \/>\n<meta property=\"article:published_time\" content=\"2025-08-19T11:47:31+00:00\" \/>\n<meta property=\"article:modified_time\" content=\"2025-08-19T12:25:20+00:00\" \/>\n<meta property=\"og:image\" content=\"https:\/\/tuzlainfo.ba\/wp-content\/uploads\/2023\/09\/1409_wizz_aerodrom.jpg\" \/>\n\t<meta property=\"og:image:width\" content=\"2048\" \/>\n\t<meta property=\"og:image:height\" content=\"1537\" \/>\n\t<meta property=\"og:image:type\" content=\"image\/jpeg\" \/>\n<meta name=\"author\" content=\"Tuzla Info\" \/>\n<meta name=\"twitter:card\" content=\"summary_large_image\" \/>\n<meta name=\"twitter:label1\" content=\"Written by\" \/>\n\t<meta name=\"twitter:data1\" content=\"Tuzla Info\" \/>\n\t<meta name=\"twitter:label2\" content=\"Est. reading time\" \/>\n\t<meta name=\"twitter:data2\" content=\"1 minuta\" \/>\n<script type=\"application\/ld+json\" class=\"yoast-schema-graph\">{\"@context\":\"https:\/\/schema.org\",\"@graph\":[{\"@type\":\"Article\",\"@id\":\"https:\/\/tuzlainfo.ba\/index.php\/novosti\/item\/277360-wizz-air-vraca-bazu-u-tuzlu-uskoro-prvi-letovi-i-jos-jedna-nova-destinacija\/#article\",\"isPartOf\":{\"@id\":\"https:\/\/tuzlainfo.ba\/index.php\/novosti\/item\/277360-wizz-air-vraca-bazu-u-tuzlu-uskoro-prvi-letovi-i-jos-jedna-nova-destinacija\/\"},\"author\":{\"name\":\"Tuzla Info\",\"@id\":\"https:\/\/tuzlainfo.ba\/#\/schema\/person\/46cad4c57790cbc50781edd14870825a\"},\"headline\":\"Wizz Air vra\u0107a bazu u Tuzlu, uskoro prvi letovi i jo\u0161 jedna nova destinacija\",\"datePublished\":\"2025-08-19T11:47:31+00:00\",\"dateModified\":\"2025-08-19T12:25:20+00:00\",\"mainEntityOfPage\":{\"@id\":\"https:\/\/tuzlainfo.ba\/index.php\/novosti\/item\/277360-wizz-air-vraca-bazu-u-tuzlu-uskoro-prvi-letovi-i-jos-jedna-nova-destinacija\/\"},\"wordCount\":143,\"publisher\":{\"@id\":\"https:\/\/tuzlainfo.ba\/#organization\"},\"image\":{\"@id\":\"https:\/\/tuzlainfo.ba\/index.php\/novosti\/item\/277360-wizz-air-vraca-bazu-u-tuzlu-uskoro-prvi-letovi-i-jos-jedna-nova-destinacija\/#primaryimage\"},\"thumbnailUrl\":\"https:\/\/tuzlainfo.ba\/wp-content\/uploads\/2023\/09\/1409_wizz_aerodrom.jpg\",\"keywords\":[\"aerodrom tuzla\",\"wizz air\"],\"articleSection\":[\"Istaknuto\",\"Novosti\",\"Preporu\u010dujemo\"],\"inLanguage\":\"bs-BA\"},{\"@type\":\"WebPage\",\"@id\":\"https:\/\/tuzlainfo.ba\/index.php\/novosti\/item\/277360-wizz-air-vraca-bazu-u-tuzlu-uskoro-prvi-letovi-i-jos-jedna-nova-destinacija\/\",\"url\":\"https:\/\/tuzlainfo.ba\/index.php\/novosti\/item\/277360-wizz-air-vraca-bazu-u-tuzlu-uskoro-prvi-letovi-i-jos-jedna-nova-destinacija\/\",\"name\":\"Wizz Air vra\u0107a bazu u Tuzlu, uskoro prvi letovi i jo\u0161 jedna nova destinacija - TuzlaInfo.ba\",\"isPartOf\":{\"@id\":\"https:\/\/tuzlainfo.ba\/#website\"},\"primaryImageOfPage\":{\"@id\":\"https:\/\/tuzlainfo.ba\/index.php\/novosti\/item\/277360-wizz-air-vraca-bazu-u-tuzlu-uskoro-prvi-letovi-i-jos-jedna-nova-destinacija\/#primaryimage\"},\"image\":{\"@id\":\"https:\/\/tuzlainfo.ba\/index.php\/novosti\/item\/277360-wizz-air-vraca-bazu-u-tuzlu-uskoro-prvi-letovi-i-jos-jedna-nova-destinacija\/#primaryimage\"},\"thumbnailUrl\":\"https:\/\/tuzlainfo.ba\/wp-content\/uploads\/2023\/09\/1409_wizz_aerodrom.jpg\",\"datePublished\":\"2025-08-19T11:47:31+00:00\",\"dateModified\":\"2025-08-19T12:25:20+00:00\",\"breadcrumb\":{\"@id\":\"https:\/\/tuzlainfo.ba\/index.php\/novosti\/item\/277360-wizz-air-vraca-bazu-u-tuzlu-uskoro-prvi-letovi-i-jos-jedna-nova-destinacija\/#breadcrumb\"},\"inLanguage\":\"bs-BA\",\"potentialAction\":[{\"@type\":\"ReadAction\",\"target\":[\"https:\/\/tuzlainfo.ba\/index.php\/novosti\/item\/277360-wizz-air-vraca-bazu-u-tuzlu-uskoro-prvi-letovi-i-jos-jedna-nova-destinacija\/\"]}]},{\"@type\":\"ImageObject\",\"inLanguage\":\"bs-BA\",\"@id\":\"https:\/\/tuzlainfo.ba\/index.php\/novosti\/item\/277360-wizz-air-vraca-bazu-u-tuzlu-uskoro-prvi-letovi-i-jos-jedna-nova-destinacija\/#primaryimage\",\"url\":\"https:\/\/tuzlainfo.ba\/wp-content\/uploads\/2023\/09\/1409_wizz_aerodrom.jpg\",\"contentUrl\":\"https:\/\/tuzlainfo.ba\/wp-content\/uploads\/2023\/09\/1409_wizz_aerodrom.jpg\",\"width\":2048,\"height\":1537},{\"@type\":\"BreadcrumbList\",\"@id\":\"https:\/\/tuzlainfo.ba\/index.php\/novosti\/item\/277360-wizz-air-vraca-bazu-u-tuzlu-uskoro-prvi-letovi-i-jos-jedna-nova-destinacija\/#breadcrumb\",\"itemListElement\":[{\"@type\":\"ListItem\",\"position\":1,\"name\":\"Home\",\"item\":\"https:\/\/tuzlainfo.ba\/\"},{\"@type\":\"ListItem\",\"position\":2,\"name\":\"Wizz Air vra\u0107a bazu u Tuzlu, uskoro prvi letovi i jo\u0161 jedna nova destinacija\"}]},{\"@type\":\"WebSite\",\"@id\":\"https:\/\/tuzlainfo.ba\/#website\",\"url\":\"https:\/\/tuzlainfo.ba\/\",\"name\":\"TuzlaInfo.ba\",\"description\":\"Tuzla info, gradski informator - Tuzla na dlanu\",\"publisher\":{\"@id\":\"https:\/\/tuzlainfo.ba\/#organization\"},\"potentialAction\":[{\"@type\":\"SearchAction\",\"target\":{\"@type\":\"EntryPoint\",\"urlTemplate\":\"https:\/\/tuzlainfo.ba\/?s={search_term_string}\"},\"query-input\":{\"@type\":\"PropertyValueSpecification\",\"valueRequired\":true,\"valueName\":\"search_term_string\"}}],\"inLanguage\":\"bs-BA\"},{\"@type\":\"Organization\",\"@id\":\"https:\/\/tuzlainfo.ba\/#organization\",\"name\":\"TuzlaInfo.ba\",\"url\":\"https:\/\/tuzlainfo.ba\/\",\"logo\":{\"@type\":\"ImageObject\",\"inLanguage\":\"bs-BA\",\"@id\":\"https:\/\/tuzlainfo.ba\/#\/schema\/logo\/image\/\",\"url\":\"https:\/\/tuzlainfo.ba\/wp-content\/uploads\/2021\/03\/logo-ver-3-1.png\",\"contentUrl\":\"https:\/\/tuzlainfo.ba\/wp-content\/uploads\/2021\/03\/logo-ver-3-1.png\",\"width\":350,\"height\":95,\"caption\":\"TuzlaInfo.ba\"},\"image\":{\"@id\":\"https:\/\/tuzlainfo.ba\/#\/schema\/logo\/image\/\"},\"sameAs\":[\"https:\/\/www.facebook.com\/tuzlainfo.ba\/\"]},{\"@type\":\"Person\",\"@id\":\"https:\/\/tuzlainfo.ba\/#\/schema\/person\/46cad4c57790cbc50781edd14870825a\",\"name\":\"Tuzla Info\",\"image\":{\"@type\":\"ImageObject\",\"inLanguage\":\"bs-BA\",\"@id\":\"https:\/\/tuzlainfo.ba\/#\/schema\/person\/image\/\",\"url\":\"https:\/\/tuzlainfo.ba\/wp-content\/litespeed\/avatar\/b6c453a6c38e3654f2e4416c643fc25c.jpg?ver=1777051911\",\"contentUrl\":\"https:\/\/tuzlainfo.ba\/wp-content\/litespeed\/avatar\/b6c453a6c38e3654f2e4416c643fc25c.jpg?ver=1777051911\",\"caption\":\"Tuzla Info\"}}]}<\/script>\n<!-- \/ Yoast SEO plugin. -->","yoast_head_json":{"title":"Wizz Air vra\u0107a bazu u Tuzlu, uskoro prvi letovi i jo\u0161 jedna nova destinacija - TuzlaInfo.ba","robots":{"index":"index","follow":"follow","max-snippet":"max-snippet:-1","max-image-preview":"max-image-preview:large","max-video-preview":"max-video-preview:-1"},"canonical":"https:\/\/tuzlainfo.ba\/index.php\/novosti\/item\/277360-wizz-air-vraca-bazu-u-tuzlu-uskoro-prvi-letovi-i-jos-jedna-nova-destinacija\/","og_locale":"bs_BA","og_type":"article","og_title":"Wizz Air vra\u0107a bazu u Tuzlu, uskoro prvi letovi i jo\u0161 jedna nova destinacija - TuzlaInfo.ba","og_description":"Wizz Air \u0107e ponovo uspostaviti svoju bazu na Me\u0111unarodnom aerodromu Tuzla, potvr\u0111eno je danas. Prvi&hellip;","og_url":"https:\/\/tuzlainfo.ba\/index.php\/novosti\/item\/277360-wizz-air-vraca-bazu-u-tuzlu-uskoro-prvi-letovi-i-jos-jedna-nova-destinacija\/","og_site_name":"TuzlaInfo.ba","article_publisher":"https:\/\/www.facebook.com\/tuzlainfo.ba\/","article_published_time":"2025-08-19T11:47:31+00:00","article_modified_time":"2025-08-19T12:25:20+00:00","og_image":[{"width":2048,"height":1537,"url":"https:\/\/tuzlainfo.ba\/wp-content\/uploads\/2023\/09\/1409_wizz_aerodrom.jpg","type":"image\/jpeg"}],"author":"Tuzla Info","twitter_card":"summary_large_image","twitter_misc":{"Written by":"Tuzla Info","Est. reading time":"1 minuta"},"schema":{"@context":"https:\/\/schema.org","@graph":[{"@type":"Article","@id":"https:\/\/tuzlainfo.ba\/index.php\/novosti\/item\/277360-wizz-air-vraca-bazu-u-tuzlu-uskoro-prvi-letovi-i-jos-jedna-nova-destinacija\/#article","isPartOf":{"@id":"https:\/\/tuzlainfo.ba\/index.php\/novosti\/item\/277360-wizz-air-vraca-bazu-u-tuzlu-uskoro-prvi-letovi-i-jos-jedna-nova-destinacija\/"},"author":{"name":"Tuzla Info","@id":"https:\/\/tuzlainfo.ba\/#\/schema\/person\/46cad4c57790cbc50781edd14870825a"},"headline":"Wizz Air vra\u0107a bazu u Tuzlu, uskoro prvi letovi i jo\u0161 jedna nova destinacija","datePublished":"2025-08-19T11:47:31+00:00","dateModified":"2025-08-19T12:25:20+00:00","mainEntityOfPage":{"@id":"https:\/\/tuzlainfo.ba\/index.php\/novosti\/item\/277360-wizz-air-vraca-bazu-u-tuzlu-uskoro-prvi-letovi-i-jos-jedna-nova-destinacija\/"},"wordCount":143,"publisher":{"@id":"https:\/\/tuzlainfo.ba\/#organization"},"image":{"@id":"https:\/\/tuzlainfo.ba\/index.php\/novosti\/item\/277360-wizz-air-vraca-bazu-u-tuzlu-uskoro-prvi-letovi-i-jos-jedna-nova-destinacija\/#primaryimage"},"thumbnailUrl":"https:\/\/tuzlainfo.ba\/wp-content\/uploads\/2023\/09\/1409_wizz_aerodrom.jpg","keywords":["aerodrom tuzla","wizz air"],"articleSection":["Istaknuto","Novosti","Preporu\u010dujemo"],"inLanguage":"bs-BA"},{"@type":"WebPage","@id":"https:\/\/tuzlainfo.ba\/index.php\/novosti\/item\/277360-wizz-air-vraca-bazu-u-tuzlu-uskoro-prvi-letovi-i-jos-jedna-nova-destinacija\/","url":"https:\/\/tuzlainfo.ba\/index.php\/novosti\/item\/277360-wizz-air-vraca-bazu-u-tuzlu-uskoro-prvi-letovi-i-jos-jedna-nova-destinacija\/","name":"Wizz Air vra\u0107a bazu u Tuzlu, uskoro prvi letovi i jo\u0161 jedna nova destinacija - TuzlaInfo.ba","isPartOf":{"@id":"https:\/\/tuzlainfo.ba\/#website"},"primaryImageOfPage":{"@id":"https:\/\/tuzlainfo.ba\/index.php\/novosti\/item\/277360-wizz-air-vraca-bazu-u-tuzlu-uskoro-prvi-letovi-i-jos-jedna-nova-destinacija\/#primaryimage"},"image":{"@id":"https:\/\/tuzlainfo.ba\/index.php\/novosti\/item\/277360-wizz-air-vraca-bazu-u-tuzlu-uskoro-prvi-letovi-i-jos-jedna-nova-destinacija\/#primaryimage"},"thumbnailUrl":"https:\/\/tuzlainfo.ba\/wp-content\/uploads\/2023\/09\/1409_wizz_aerodrom.jpg","datePublished":"2025-08-19T11:47:31+00:00","dateModified":"2025-08-19T12:25:20+00:00","breadcrumb":{"@id":"https:\/\/tuzlainfo.ba\/index.php\/novosti\/item\/277360-wizz-air-vraca-bazu-u-tuzlu-uskoro-prvi-letovi-i-jos-jedna-nova-destinacija\/#breadcrumb"},"inLanguage":"bs-BA","potentialAction":[{"@type":"ReadAction","target":["https:\/\/tuzlainfo.ba\/index.php\/novosti\/item\/277360-wizz-air-vraca-bazu-u-tuzlu-uskoro-prvi-letovi-i-jos-jedna-nova-destinacija\/"]}]},{"@type":"ImageObject","inLanguage":"bs-BA","@id":"https:\/\/tuzlainfo.ba\/index.php\/novosti\/item\/277360-wizz-air-vraca-bazu-u-tuzlu-uskoro-prvi-letovi-i-jos-jedna-nova-destinacija\/#primaryimage","url":"https:\/\/tuzlainfo.ba\/wp-content\/uploads\/2023\/09\/1409_wizz_aerodrom.jpg","contentUrl":"https:\/\/tuzlainfo.ba\/wp-content\/uploads\/2023\/09\/1409_wizz_aerodrom.jpg","width":2048,"height":1537},{"@type":"BreadcrumbList","@id":"https:\/\/tuzlainfo.ba\/index.php\/novosti\/item\/277360-wizz-air-vraca-bazu-u-tuzlu-uskoro-prvi-letovi-i-jos-jedna-nova-destinacija\/#breadcrumb","itemListElement":[{"@type":"ListItem","position":1,"name":"Home","item":"https:\/\/tuzlainfo.ba\/"},{"@type":"ListItem","position":2,"name":"Wizz Air vra\u0107a bazu u Tuzlu, uskoro prvi letovi i jo\u0161 jedna nova destinacija"}]},{"@type":"WebSite","@id":"https:\/\/tuzlainfo.ba\/#website","url":"https:\/\/tuzlainfo.ba\/","name":"TuzlaInfo.ba","description":"Tuzla info, gradski informator - Tuzla na dlanu","publisher":{"@id":"https:\/\/tuzlainfo.ba\/#organization"},"potentialAction":[{"@type":"SearchAction","target":{"@type":"EntryPoint","urlTemplate":"https:\/\/tuzlainfo.ba\/?s={search_term_string}"},"query-input":{"@type":"PropertyValueSpecification","valueRequired":true,"valueName":"search_term_string"}}],"inLanguage":"bs-BA"},{"@type":"Organization","@id":"https:\/\/tuzlainfo.ba\/#organization","name":"TuzlaInfo.ba","url":"https:\/\/tuzlainfo.ba\/","logo":{"@type":"ImageObject","inLanguage":"bs-BA","@id":"https:\/\/tuzlainfo.ba\/#\/schema\/logo\/image\/","url":"https:\/\/tuzlainfo.ba\/wp-content\/uploads\/2021\/03\/logo-ver-3-1.png","contentUrl":"https:\/\/tuzlainfo.ba\/wp-content\/uploads\/2021\/03\/logo-ver-3-1.png","width":350,"height":95,"caption":"TuzlaInfo.ba"},"image":{"@id":"https:\/\/tuzlainfo.ba\/#\/schema\/logo\/image\/"},"sameAs":["https:\/\/www.facebook.com\/tuzlainfo.ba\/"]},{"@type":"Person","@id":"https:\/\/tuzlainfo.ba\/#\/schema\/person\/46cad4c57790cbc50781edd14870825a","name":"Tuzla Info","image":{"@type":"ImageObject","inLanguage":"bs-BA","@id":"https:\/\/tuzlainfo.ba\/#\/schema\/person\/image\/","url":"https:\/\/tuzlainfo.ba\/wp-content\/litespeed\/avatar\/b6c453a6c38e3654f2e4416c643fc25c.jpg?ver=1777051911","contentUrl":"https:\/\/tuzlainfo.ba\/wp-content\/litespeed\/avatar\/b6c453a6c38e3654f2e4416c643fc25c.jpg?ver=1777051911","caption":"Tuzla Info"}}]}},"_links":{"self":[{"href":"https:\/\/tuzlainfo.ba\/index.php\/wp-json\/wp\/v2\/posts\/277360"}],"collection":[{"href":"https:\/\/tuzlainfo.ba\/index.php\/wp-json\/wp\/v2\/posts"}],"about":[{"href":"https:\/\/tuzlainfo.ba\/index.php\/wp-json\/wp\/v2\/types\/post"}],"author":[{"embeddable":true,"href":"https:\/\/tuzlainfo.ba\/index.php\/wp-json\/wp\/v2\/users\/4"}],"replies":[{"embeddable":true,"href":"https:\/\/tuzlainfo.ba\/index.php\/wp-json\/wp\/v2\/comments?post=277360"}],"version-history":[{"count":1,"href":"https:\/\/tuzlainfo.ba\/index.php\/wp-json\/wp\/v2\/posts\/277360\/revisions"}],"predecessor-version":[{"id":277363,"href":"https:\/\/tuzlainfo.ba\/index.php\/wp-json\/wp\/v2\/posts\/277360\/revisions\/277363"}],"wp:featuredmedia":[{"embeddable":true,"href":"https:\/\/tuzlainfo.ba\/index.php\/wp-json\/wp\/v2\/media\/216893"}],"wp:attachment":[{"href":"https:\/\/tuzlainfo.ba\/index.php\/wp-json\/wp\/v2\/media?parent=277360"}],"wp:term":[{"taxonomy":"category","embeddable":true,"href":"https:\/\/tuzlainfo.ba\/index.php\/wp-json\/wp\/v2\/categories?post=277360"},{"taxonomy":"post_tag","embeddable":true,"href":"https:\/\/tuzlainfo.ba\/index.php\/wp-json\/wp\/v2\/tags?post=277360"}],"curies":[{"name":"wp","href":"https:\/\/api.w.org\/{rel}","templated":true}]}}