{"id":277356,"date":"2025-08-19T15:04:20","date_gmt":"2025-08-19T13:04:20","guid":{"rendered":"https:\/\/tuzlainfo.ba\/?p=277356"},"modified":"2025-08-19T13:44:10","modified_gmt":"2025-08-19T11:44:10","slug":"stabilne-finansije-vlada-tk-biljezi-suficit-u-prvoj-polovini-godine","status":"publish","type":"post","link":"https:\/\/tuzlainfo.ba\/index.php\/istaknuto\/item\/277356-stabilne-finansije-vlada-tk-biljezi-suficit-u-prvoj-polovini-godine\/","title":{"rendered":"Stabilne finansije: Vlada TK bilje\u017ei suficit u prvoj polovini godine"},"content":{"rendered":"<p data-start=\"167\" data-end=\"291\">Vlada Tuzlanskog kantona na dana\u0161njoj sjednici usvojila je Izvje\u0161taj o izvr\u0161enju bud\u017eeta za prvih \u0161est mjeseci ove godine.<\/p>\n<p data-start=\"293\" data-end=\"490\">U tom periodu prihodi i primici bud\u017eeta iznosili su oko 339 miliona KM, dok su rashodi bili pribli\u017eno 311 miliona KM, pa je ostvaren suficit od 28 miliona KM, saop\u0107eno je iz Vlade TK.<\/p>\n<p data-start=\"492\" data-end=\"658\">Iz Vlade napominju da ovaj rezultat treba posmatrati sa rezervom, jer \u0107e u nastavku godine uslijediti realizacija brojnih programa podr\u0161ke, \u0161to \u0107e pove\u0107ati rashode.<\/p>\n<p data-start=\"660\" data-end=\"937\">Dio suficita nastao je i zahvaljuju\u0107i kreditnim sredstvima Razvojne banke Federacije BiH u vrijednosti od oko 15,5 miliona KM, namijenjenim projektima izgradnje Kampusa Univerziteta u Tuzli, nove zgrade Vlade TK, Policijske uprave u \u017divinicama i Op\u0107inskog suda u Lukavcu.<\/p>\n<p data-start=\"939\" data-end=\"1246\">Vlada je razmatrala i kori\u0161tenje sredstava teku\u0107e rezerve bud\u017eeta. U prvih \u0161est mjeseci potro\u0161eno je oko 305 hiljada KM, \u0161to je 30 posto planiranog iznosa. Najve\u0107i dio tih sredstava, vi\u0161e od 200 hiljada KM, usmjeren je na podr\u0161ku privrednim subjektima pogo\u0111enim elementarnim nepogodama i po\u017earima.<\/p>\n","protected":false},"excerpt":{"rendered":"<p>Vlada Tuzlanskog kantona na dana\u0161njoj sjednici usvojila je Izvje\u0161taj o izvr\u0161enju bud\u017eeta za prvih \u0161est&hellip;<\/p>\n","protected":false},"author":4,"featured_media":265404,"comment_status":"closed","ping_status":"closed","sticky":false,"template":"","format":"standard","meta":{"_acf_changed":false,"footnotes":""},"categories":[304,12],"tags":[1974,9896,336],"acf":[],"yoast_head":"<!-- This site is optimized with the Yoast SEO plugin v23.5 - https:\/\/yoast.com\/wordpress\/plugins\/seo\/ -->\n<title>Stabilne finansije: Vlada TK bilje\u017ei suficit u prvoj polovini godine - TuzlaInfo.ba<\/title>\n<meta name=\"robots\" content=\"index, follow, max-snippet:-1, max-image-preview:large, max-video-preview:-1\" \/>\n<link rel=\"canonical\" href=\"https:\/\/tuzlainfo.ba\/index.php\/istaknuto\/item\/277356-stabilne-finansije-vlada-tk-biljezi-suficit-u-prvoj-polovini-godine\/\" \/>\n<meta property=\"og:locale\" content=\"bs_BA\" \/>\n<meta property=\"og:type\" content=\"article\" \/>\n<meta property=\"og:title\" content=\"Stabilne finansije: Vlada TK bilje\u017ei suficit u prvoj polovini godine - TuzlaInfo.ba\" \/>\n<meta property=\"og:description\" content=\"Vlada Tuzlanskog kantona na dana\u0161njoj sjednici usvojila je Izvje\u0161taj o izvr\u0161enju bud\u017eeta za prvih \u0161est&hellip;\" \/>\n<meta property=\"og:url\" content=\"https:\/\/tuzlainfo.ba\/index.php\/istaknuto\/item\/277356-stabilne-finansije-vlada-tk-biljezi-suficit-u-prvoj-polovini-godine\/\" \/>\n<meta property=\"og:site_name\" content=\"TuzlaInfo.ba\" \/>\n<meta property=\"article:publisher\" content=\"https:\/\/www.facebook.com\/tuzlainfo.ba\/\" \/>\n<meta property=\"article:published_time\" content=\"2025-08-19T13:04:20+00:00\" \/>\n<meta property=\"article:modified_time\" content=\"2025-08-19T11:44:10+00:00\" \/>\n<meta property=\"og:image\" content=\"https:\/\/tuzlainfo.ba\/wp-content\/uploads\/2025\/03\/1803_vladatk_2025_mart.jpg\" \/>\n\t<meta property=\"og:image:width\" content=\"1000\" \/>\n\t<meta property=\"og:image:height\" content=\"570\" \/>\n\t<meta property=\"og:image:type\" content=\"image\/jpeg\" \/>\n<meta name=\"author\" content=\"Tuzla Info\" \/>\n<meta name=\"twitter:card\" content=\"summary_large_image\" \/>\n<meta name=\"twitter:label1\" content=\"Written by\" \/>\n\t<meta name=\"twitter:data1\" content=\"Tuzla Info\" \/>\n\t<meta name=\"twitter:label2\" content=\"Est. reading time\" \/>\n\t<meta name=\"twitter:data2\" content=\"2 minute\" \/>\n<script type=\"application\/ld+json\" class=\"yoast-schema-graph\">{\"@context\":\"https:\/\/schema.org\",\"@graph\":[{\"@type\":\"Article\",\"@id\":\"https:\/\/tuzlainfo.ba\/index.php\/istaknuto\/item\/277356-stabilne-finansije-vlada-tk-biljezi-suficit-u-prvoj-polovini-godine\/#article\",\"isPartOf\":{\"@id\":\"https:\/\/tuzlainfo.ba\/index.php\/istaknuto\/item\/277356-stabilne-finansije-vlada-tk-biljezi-suficit-u-prvoj-polovini-godine\/\"},\"author\":{\"name\":\"Tuzla Info\",\"@id\":\"https:\/\/tuzlainfo.ba\/#\/schema\/person\/46cad4c57790cbc50781edd14870825a\"},\"headline\":\"Stabilne finansije: Vlada TK bilje\u017ei suficit u prvoj polovini godine\",\"datePublished\":\"2025-08-19T13:04:20+00:00\",\"dateModified\":\"2025-08-19T11:44:10+00:00\",\"mainEntityOfPage\":{\"@id\":\"https:\/\/tuzlainfo.ba\/index.php\/istaknuto\/item\/277356-stabilne-finansije-vlada-tk-biljezi-suficit-u-prvoj-polovini-godine\/\"},\"wordCount\":184,\"publisher\":{\"@id\":\"https:\/\/tuzlainfo.ba\/#organization\"},\"image\":{\"@id\":\"https:\/\/tuzlainfo.ba\/index.php\/istaknuto\/item\/277356-stabilne-finansije-vlada-tk-biljezi-suficit-u-prvoj-polovini-godine\/#primaryimage\"},\"thumbnailUrl\":\"https:\/\/tuzlainfo.ba\/wp-content\/uploads\/2025\/03\/1803_vladatk_2025_mart.jpg\",\"keywords\":[\"bud\u017eet\",\"suficit\",\"vlada tk\"],\"articleSection\":[\"Istaknuto\",\"Novosti\"],\"inLanguage\":\"bs-BA\"},{\"@type\":\"WebPage\",\"@id\":\"https:\/\/tuzlainfo.ba\/index.php\/istaknuto\/item\/277356-stabilne-finansije-vlada-tk-biljezi-suficit-u-prvoj-polovini-godine\/\",\"url\":\"https:\/\/tuzlainfo.ba\/index.php\/istaknuto\/item\/277356-stabilne-finansije-vlada-tk-biljezi-suficit-u-prvoj-polovini-godine\/\",\"name\":\"Stabilne finansije: Vlada TK bilje\u017ei suficit u prvoj polovini godine - TuzlaInfo.ba\",\"isPartOf\":{\"@id\":\"https:\/\/tuzlainfo.ba\/#website\"},\"primaryImageOfPage\":{\"@id\":\"https:\/\/tuzlainfo.ba\/index.php\/istaknuto\/item\/277356-stabilne-finansije-vlada-tk-biljezi-suficit-u-prvoj-polovini-godine\/#primaryimage\"},\"image\":{\"@id\":\"https:\/\/tuzlainfo.ba\/index.php\/istaknuto\/item\/277356-stabilne-finansije-vlada-tk-biljezi-suficit-u-prvoj-polovini-godine\/#primaryimage\"},\"thumbnailUrl\":\"https:\/\/tuzlainfo.ba\/wp-content\/uploads\/2025\/03\/1803_vladatk_2025_mart.jpg\",\"datePublished\":\"2025-08-19T13:04:20+00:00\",\"dateModified\":\"2025-08-19T11:44:10+00:00\",\"breadcrumb\":{\"@id\":\"https:\/\/tuzlainfo.ba\/index.php\/istaknuto\/item\/277356-stabilne-finansije-vlada-tk-biljezi-suficit-u-prvoj-polovini-godine\/#breadcrumb\"},\"inLanguage\":\"bs-BA\",\"potentialAction\":[{\"@type\":\"ReadAction\",\"target\":[\"https:\/\/tuzlainfo.ba\/index.php\/istaknuto\/item\/277356-stabilne-finansije-vlada-tk-biljezi-suficit-u-prvoj-polovini-godine\/\"]}]},{\"@type\":\"ImageObject\",\"inLanguage\":\"bs-BA\",\"@id\":\"https:\/\/tuzlainfo.ba\/index.php\/istaknuto\/item\/277356-stabilne-finansije-vlada-tk-biljezi-suficit-u-prvoj-polovini-godine\/#primaryimage\",\"url\":\"https:\/\/tuzlainfo.ba\/wp-content\/uploads\/2025\/03\/1803_vladatk_2025_mart.jpg\",\"contentUrl\":\"https:\/\/tuzlainfo.ba\/wp-content\/uploads\/2025\/03\/1803_vladatk_2025_mart.jpg\",\"width\":1000,\"height\":570},{\"@type\":\"BreadcrumbList\",\"@id\":\"https:\/\/tuzlainfo.ba\/index.php\/istaknuto\/item\/277356-stabilne-finansije-vlada-tk-biljezi-suficit-u-prvoj-polovini-godine\/#breadcrumb\",\"itemListElement\":[{\"@type\":\"ListItem\",\"position\":1,\"name\":\"Home\",\"item\":\"https:\/\/tuzlainfo.ba\/\"},{\"@type\":\"ListItem\",\"position\":2,\"name\":\"Stabilne finansije: Vlada TK bilje\u017ei suficit u prvoj polovini godine\"}]},{\"@type\":\"WebSite\",\"@id\":\"https:\/\/tuzlainfo.ba\/#website\",\"url\":\"https:\/\/tuzlainfo.ba\/\",\"name\":\"TuzlaInfo.ba\",\"description\":\"Tuzla info, gradski informator - Tuzla na dlanu\",\"publisher\":{\"@id\":\"https:\/\/tuzlainfo.ba\/#organization\"},\"potentialAction\":[{\"@type\":\"SearchAction\",\"target\":{\"@type\":\"EntryPoint\",\"urlTemplate\":\"https:\/\/tuzlainfo.ba\/?s={search_term_string}\"},\"query-input\":{\"@type\":\"PropertyValueSpecification\",\"valueRequired\":true,\"valueName\":\"search_term_string\"}}],\"inLanguage\":\"bs-BA\"},{\"@type\":\"Organization\",\"@id\":\"https:\/\/tuzlainfo.ba\/#organization\",\"name\":\"TuzlaInfo.ba\",\"url\":\"https:\/\/tuzlainfo.ba\/\",\"logo\":{\"@type\":\"ImageObject\",\"inLanguage\":\"bs-BA\",\"@id\":\"https:\/\/tuzlainfo.ba\/#\/schema\/logo\/image\/\",\"url\":\"https:\/\/tuzlainfo.ba\/wp-content\/uploads\/2021\/03\/logo-ver-3-1.png\",\"contentUrl\":\"https:\/\/tuzlainfo.ba\/wp-content\/uploads\/2021\/03\/logo-ver-3-1.png\",\"width\":350,\"height\":95,\"caption\":\"TuzlaInfo.ba\"},\"image\":{\"@id\":\"https:\/\/tuzlainfo.ba\/#\/schema\/logo\/image\/\"},\"sameAs\":[\"https:\/\/www.facebook.com\/tuzlainfo.ba\/\"]},{\"@type\":\"Person\",\"@id\":\"https:\/\/tuzlainfo.ba\/#\/schema\/person\/46cad4c57790cbc50781edd14870825a\",\"name\":\"Tuzla Info\",\"image\":{\"@type\":\"ImageObject\",\"inLanguage\":\"bs-BA\",\"@id\":\"https:\/\/tuzlainfo.ba\/#\/schema\/person\/image\/\",\"url\":\"https:\/\/tuzlainfo.ba\/wp-content\/litespeed\/avatar\/b6c453a6c38e3654f2e4416c643fc25c.jpg?ver=1777051911\",\"contentUrl\":\"https:\/\/tuzlainfo.ba\/wp-content\/litespeed\/avatar\/b6c453a6c38e3654f2e4416c643fc25c.jpg?ver=1777051911\",\"caption\":\"Tuzla Info\"}}]}<\/script>\n<!-- \/ Yoast SEO plugin. -->","yoast_head_json":{"title":"Stabilne finansije: Vlada TK bilje\u017ei suficit u prvoj polovini godine - TuzlaInfo.ba","robots":{"index":"index","follow":"follow","max-snippet":"max-snippet:-1","max-image-preview":"max-image-preview:large","max-video-preview":"max-video-preview:-1"},"canonical":"https:\/\/tuzlainfo.ba\/index.php\/istaknuto\/item\/277356-stabilne-finansije-vlada-tk-biljezi-suficit-u-prvoj-polovini-godine\/","og_locale":"bs_BA","og_type":"article","og_title":"Stabilne finansije: Vlada TK bilje\u017ei suficit u prvoj polovini godine - TuzlaInfo.ba","og_description":"Vlada Tuzlanskog kantona na dana\u0161njoj sjednici usvojila je Izvje\u0161taj o izvr\u0161enju bud\u017eeta za prvih \u0161est&hellip;","og_url":"https:\/\/tuzlainfo.ba\/index.php\/istaknuto\/item\/277356-stabilne-finansije-vlada-tk-biljezi-suficit-u-prvoj-polovini-godine\/","og_site_name":"TuzlaInfo.ba","article_publisher":"https:\/\/www.facebook.com\/tuzlainfo.ba\/","article_published_time":"2025-08-19T13:04:20+00:00","article_modified_time":"2025-08-19T11:44:10+00:00","og_image":[{"width":1000,"height":570,"url":"https:\/\/tuzlainfo.ba\/wp-content\/uploads\/2025\/03\/1803_vladatk_2025_mart.jpg","type":"image\/jpeg"}],"author":"Tuzla Info","twitter_card":"summary_large_image","twitter_misc":{"Written by":"Tuzla Info","Est. reading time":"2 minute"},"schema":{"@context":"https:\/\/schema.org","@graph":[{"@type":"Article","@id":"https:\/\/tuzlainfo.ba\/index.php\/istaknuto\/item\/277356-stabilne-finansije-vlada-tk-biljezi-suficit-u-prvoj-polovini-godine\/#article","isPartOf":{"@id":"https:\/\/tuzlainfo.ba\/index.php\/istaknuto\/item\/277356-stabilne-finansije-vlada-tk-biljezi-suficit-u-prvoj-polovini-godine\/"},"author":{"name":"Tuzla Info","@id":"https:\/\/tuzlainfo.ba\/#\/schema\/person\/46cad4c57790cbc50781edd14870825a"},"headline":"Stabilne finansije: Vlada TK bilje\u017ei suficit u prvoj polovini godine","datePublished":"2025-08-19T13:04:20+00:00","dateModified":"2025-08-19T11:44:10+00:00","mainEntityOfPage":{"@id":"https:\/\/tuzlainfo.ba\/index.php\/istaknuto\/item\/277356-stabilne-finansije-vlada-tk-biljezi-suficit-u-prvoj-polovini-godine\/"},"wordCount":184,"publisher":{"@id":"https:\/\/tuzlainfo.ba\/#organization"},"image":{"@id":"https:\/\/tuzlainfo.ba\/index.php\/istaknuto\/item\/277356-stabilne-finansije-vlada-tk-biljezi-suficit-u-prvoj-polovini-godine\/#primaryimage"},"thumbnailUrl":"https:\/\/tuzlainfo.ba\/wp-content\/uploads\/2025\/03\/1803_vladatk_2025_mart.jpg","keywords":["bud\u017eet","suficit","vlada tk"],"articleSection":["Istaknuto","Novosti"],"inLanguage":"bs-BA"},{"@type":"WebPage","@id":"https:\/\/tuzlainfo.ba\/index.php\/istaknuto\/item\/277356-stabilne-finansije-vlada-tk-biljezi-suficit-u-prvoj-polovini-godine\/","url":"https:\/\/tuzlainfo.ba\/index.php\/istaknuto\/item\/277356-stabilne-finansije-vlada-tk-biljezi-suficit-u-prvoj-polovini-godine\/","name":"Stabilne finansije: Vlada TK bilje\u017ei suficit u prvoj polovini godine - TuzlaInfo.ba","isPartOf":{"@id":"https:\/\/tuzlainfo.ba\/#website"},"primaryImageOfPage":{"@id":"https:\/\/tuzlainfo.ba\/index.php\/istaknuto\/item\/277356-stabilne-finansije-vlada-tk-biljezi-suficit-u-prvoj-polovini-godine\/#primaryimage"},"image":{"@id":"https:\/\/tuzlainfo.ba\/index.php\/istaknuto\/item\/277356-stabilne-finansije-vlada-tk-biljezi-suficit-u-prvoj-polovini-godine\/#primaryimage"},"thumbnailUrl":"https:\/\/tuzlainfo.ba\/wp-content\/uploads\/2025\/03\/1803_vladatk_2025_mart.jpg","datePublished":"2025-08-19T13:04:20+00:00","dateModified":"2025-08-19T11:44:10+00:00","breadcrumb":{"@id":"https:\/\/tuzlainfo.ba\/index.php\/istaknuto\/item\/277356-stabilne-finansije-vlada-tk-biljezi-suficit-u-prvoj-polovini-godine\/#breadcrumb"},"inLanguage":"bs-BA","potentialAction":[{"@type":"ReadAction","target":["https:\/\/tuzlainfo.ba\/index.php\/istaknuto\/item\/277356-stabilne-finansije-vlada-tk-biljezi-suficit-u-prvoj-polovini-godine\/"]}]},{"@type":"ImageObject","inLanguage":"bs-BA","@id":"https:\/\/tuzlainfo.ba\/index.php\/istaknuto\/item\/277356-stabilne-finansije-vlada-tk-biljezi-suficit-u-prvoj-polovini-godine\/#primaryimage","url":"https:\/\/tuzlainfo.ba\/wp-content\/uploads\/2025\/03\/1803_vladatk_2025_mart.jpg","contentUrl":"https:\/\/tuzlainfo.ba\/wp-content\/uploads\/2025\/03\/1803_vladatk_2025_mart.jpg","width":1000,"height":570},{"@type":"BreadcrumbList","@id":"https:\/\/tuzlainfo.ba\/index.php\/istaknuto\/item\/277356-stabilne-finansije-vlada-tk-biljezi-suficit-u-prvoj-polovini-godine\/#breadcrumb","itemListElement":[{"@type":"ListItem","position":1,"name":"Home","item":"https:\/\/tuzlainfo.ba\/"},{"@type":"ListItem","position":2,"name":"Stabilne finansije: Vlada TK bilje\u017ei suficit u prvoj polovini godine"}]},{"@type":"WebSite","@id":"https:\/\/tuzlainfo.ba\/#website","url":"https:\/\/tuzlainfo.ba\/","name":"TuzlaInfo.ba","description":"Tuzla info, gradski informator - Tuzla na dlanu","publisher":{"@id":"https:\/\/tuzlainfo.ba\/#organization"},"potentialAction":[{"@type":"SearchAction","target":{"@type":"EntryPoint","urlTemplate":"https:\/\/tuzlainfo.ba\/?s={search_term_string}"},"query-input":{"@type":"PropertyValueSpecification","valueRequired":true,"valueName":"search_term_string"}}],"inLanguage":"bs-BA"},{"@type":"Organization","@id":"https:\/\/tuzlainfo.ba\/#organization","name":"TuzlaInfo.ba","url":"https:\/\/tuzlainfo.ba\/","logo":{"@type":"ImageObject","inLanguage":"bs-BA","@id":"https:\/\/tuzlainfo.ba\/#\/schema\/logo\/image\/","url":"https:\/\/tuzlainfo.ba\/wp-content\/uploads\/2021\/03\/logo-ver-3-1.png","contentUrl":"https:\/\/tuzlainfo.ba\/wp-content\/uploads\/2021\/03\/logo-ver-3-1.png","width":350,"height":95,"caption":"TuzlaInfo.ba"},"image":{"@id":"https:\/\/tuzlainfo.ba\/#\/schema\/logo\/image\/"},"sameAs":["https:\/\/www.facebook.com\/tuzlainfo.ba\/"]},{"@type":"Person","@id":"https:\/\/tuzlainfo.ba\/#\/schema\/person\/46cad4c57790cbc50781edd14870825a","name":"Tuzla Info","image":{"@type":"ImageObject","inLanguage":"bs-BA","@id":"https:\/\/tuzlainfo.ba\/#\/schema\/person\/image\/","url":"https:\/\/tuzlainfo.ba\/wp-content\/litespeed\/avatar\/b6c453a6c38e3654f2e4416c643fc25c.jpg?ver=1777051911","contentUrl":"https:\/\/tuzlainfo.ba\/wp-content\/litespeed\/avatar\/b6c453a6c38e3654f2e4416c643fc25c.jpg?ver=1777051911","caption":"Tuzla Info"}}]}},"_links":{"self":[{"href":"https:\/\/tuzlainfo.ba\/index.php\/wp-json\/wp\/v2\/posts\/277356"}],"collection":[{"href":"https:\/\/tuzlainfo.ba\/index.php\/wp-json\/wp\/v2\/posts"}],"about":[{"href":"https:\/\/tuzlainfo.ba\/index.php\/wp-json\/wp\/v2\/types\/post"}],"author":[{"embeddable":true,"href":"https:\/\/tuzlainfo.ba\/index.php\/wp-json\/wp\/v2\/users\/4"}],"replies":[{"embeddable":true,"href":"https:\/\/tuzlainfo.ba\/index.php\/wp-json\/wp\/v2\/comments?post=277356"}],"version-history":[{"count":1,"href":"https:\/\/tuzlainfo.ba\/index.php\/wp-json\/wp\/v2\/posts\/277356\/revisions"}],"predecessor-version":[{"id":277358,"href":"https:\/\/tuzlainfo.ba\/index.php\/wp-json\/wp\/v2\/posts\/277356\/revisions\/277358"}],"wp:featuredmedia":[{"embeddable":true,"href":"https:\/\/tuzlainfo.ba\/index.php\/wp-json\/wp\/v2\/media\/265404"}],"wp:attachment":[{"href":"https:\/\/tuzlainfo.ba\/index.php\/wp-json\/wp\/v2\/media?parent=277356"}],"wp:term":[{"taxonomy":"category","embeddable":true,"href":"https:\/\/tuzlainfo.ba\/index.php\/wp-json\/wp\/v2\/categories?post=277356"},{"taxonomy":"post_tag","embeddable":true,"href":"https:\/\/tuzlainfo.ba\/index.php\/wp-json\/wp\/v2\/tags?post=277356"}],"curies":[{"name":"wp","href":"https:\/\/api.w.org\/{rel}","templated":true}]}}