{"id":27733,"date":"2021-03-18T06:00:38","date_gmt":"2021-03-18T06:00:38","guid":{"rendered":"https:\/\/v2.tuzlainfo.ba\/2021\/03\/18\/ured-premijera-tk-prijem-za-asima-horozica-bh-kompozitora\/"},"modified":"2021-03-23T08:26:49","modified_gmt":"2021-03-23T08:26:49","slug":"ured-premijera-tk-prijem-za-asima-horozica-bh-kompozitora","status":"publish","type":"post","link":"https:\/\/tuzlainfo.ba\/index.php\/novosti\/item\/27733-ured-premijera-tk-prijem-za-asima-horozica-bh-kompozitora\/","title":{"rendered":"Ured premijera TK: Prijem za Asima Horozi\u0107a, bh.kompozitora"},"content":{"rendered":"<p>Muzi\u010dki pedagog, kompozitor i muzi\u010dar <em>Asim Horozi\u0107 <\/em><em>dobitnik je ovogodi\u0161nje &nbsp;\u201e\u0160estoaprilske nagrade Grada Sarajeva\u201d <\/em>za doprinos u oblasti kulture i umjetnosti. Bio je to povod za prijem, kojeg je za ovog istaknutog kulturnog radnika uprili\u010dio premijer Tuzlanskog kantona Kadrija Hod\u017ei\u0107.<\/p>\n<p>Uz \u010destitke na priznanju koje mu je dodijeljeno, premijer Hod\u017ei\u0107 je Horozi\u0107u izrazio i rije\u010di zahvalnost za sve ono \u0161to je Horozi\u0107 do sada u\u010dinio na promociji i unaprje\u0111enju bosanskohercegova\u010dke kulturne ba\u0161tine.<\/p>\n<p>\u201eImaju\u0107i u vidu sva kulturna dostignu\u0107a koja je Horozi\u0107 do sada ostvario, mi mo\u017eemo biti istinski ponosni. Istodobno, ogroman stvarala\u010dki nagon kojeg Profesor i danas ima, budi o\u010dekivanje za nova muzi\u010dka djela\u201c, kazao je premijer Hod\u017ei\u0107.<\/p>\n<p>S tim u vezi danas je razgovarano i o realizaciji trenutno aktualnog projekta na kojem Horozi\u0107 intenzivno radi. Radi se o novoj, \u010detvrtoj po redu operi ovog autora, operi \u201eDervi\u0161 i smrt\u201c, prema istoimenom romanu Me\u0161e Selimovi\u0107a.<\/p>\n<p>Prema rije\u010dima Horozi\u0107a opera \u201eDervi\u0161 i smrt\u201c bi trebala biti zavr\u0161ena sredinom ove godine, te je izra\u017eena spremnost i \u017eelja da ona, ukoliko to budu dozvoljavale epidemiolo\u0161ke prilike, osim Sarajeva, bude izvedena i u Tuzli.<\/p>\n<p>\u201ePrilika je to da djelo Me\u0161e Selimovi\u0107a, u jednom sasvim novom ruhu vratimo u njegov rodni grad\u201c, kazao je premijer Hod\u017ei\u0107.<\/p>\n<p><strong>(Tuzlainfo.ba)<\/strong><\/p>\n","protected":false},"excerpt":{"rendered":"<p>Muzi\u010dki pedagog, kompozitor i muzi\u010dar Asim Horozi\u0107 dobitnik je ovogodi\u0161nje &nbsp;\u201e\u0160estoaprilske nagrade Grada Sarajeva\u201d za doprinos u oblasti kulture i umjetnosti. Bio je to povod za prijem, kojeg je za ovog istaknutog kulturnog radnika uprili\u010dio premijer Tuzlanskog kantona Kadrija Hod\u017ei\u0107. Uz \u010destitke na priznanju koje mu je dodijeljeno, premijer Hod\u017ei\u0107 je Horozi\u0107u izrazio i rije\u010di [&hellip;]<\/p>\n","protected":false},"author":3,"featured_media":87402,"comment_status":"open","ping_status":"closed","sticky":false,"template":"","format":"standard","meta":{"footnotes":""},"categories":[12],"tags":[],"class_list":["post-27733","post","type-post","status-publish","format-standard","has-post-thumbnail","hentry","category-novosti"],"yoast_head":"<!-- This site is optimized with the Yoast SEO plugin v28.4 - https:\/\/yoast.com\/product\/yoast-seo-wordpress\/ -->\n<title>Ured premijera TK: Prijem za Asima Horozi\u0107a, bh.kompozitora<\/title>\n<meta name=\"robots\" content=\"index, follow, max-snippet:-1, max-image-preview:large, max-video-preview:-1\" \/>\n<link rel=\"canonical\" href=\"https:\/\/tuzlainfo.ba\/index.php\/novosti\/item\/27733-ured-premijera-tk-prijem-za-asima-horozica-bh-kompozitora\/\" \/>\n<meta property=\"og:locale\" content=\"bs_BA\" \/>\n<meta property=\"og:type\" content=\"article\" \/>\n<meta property=\"og:title\" content=\"Ured premijera TK: Prijem za Asima Horozi\u0107a, bh.kompozitora\" \/>\n<meta property=\"og:description\" content=\"Muzi\u010dki pedagog, kompozitor i muzi\u010dar Asim Horozi\u0107 dobitnik je ovogodi\u0161nje &nbsp;\u201e\u0160estoaprilske nagrade Grada Sarajeva\u201d za doprinos u oblasti kulture i umjetnosti. Bio je to povod za prijem, kojeg je za ovog istaknutog kulturnog radnika uprili\u010dio premijer Tuzlanskog kantona Kadrija Hod\u017ei\u0107. Uz \u010destitke na priznanju koje mu je dodijeljeno, premijer Hod\u017ei\u0107 je Horozi\u0107u izrazio i rije\u010di [&hellip;]\" \/>\n<meta property=\"og:url\" content=\"https:\/\/tuzlainfo.ba\/index.php\/novosti\/item\/27733-ured-premijera-tk-prijem-za-asima-horozica-bh-kompozitora\/\" \/>\n<meta property=\"og:site_name\" content=\"TuzlaInfo.ba\" \/>\n<meta property=\"article:publisher\" content=\"https:\/\/www.facebook.com\/tuzlainfo.ba\/\" \/>\n<meta property=\"article:published_time\" content=\"2021-03-18T06:00:38+00:00\" \/>\n<meta property=\"article:modified_time\" content=\"2021-03-23T08:26:49+00:00\" \/>\n<meta property=\"og:image\" content=\"https:\/\/tuzlainfo.ba\/wp-content\/uploads\/2021\/03\/k2_items_src_b2691be32794a946856b6fa678e0e3e1.jpg\" \/>\n\t<meta property=\"og:image:width\" content=\"770\" \/>\n\t<meta property=\"og:image:height\" content=\"515\" \/>\n\t<meta property=\"og:image:type\" content=\"image\/jpeg\" \/>\n<meta name=\"author\" content=\"admin2\" \/>\n<meta name=\"twitter:card\" content=\"summary_large_image\" \/>\n<meta name=\"twitter:label1\" content=\"Written by\" \/>\n\t<meta name=\"twitter:data1\" content=\"admin2\" \/>\n\t<meta name=\"twitter:label2\" content=\"Est. reading time\" \/>\n\t<meta name=\"twitter:data2\" content=\"1 minuta\" \/>\n<script type=\"application\/ld+json\" class=\"yoast-schema-graph\">{\"@context\":\"https:\\\/\\\/schema.org\",\"@graph\":[{\"@type\":\"Article\",\"@id\":\"https:\\\/\\\/tuzlainfo.ba\\\/index.php\\\/novosti\\\/item\\\/27733-ured-premijera-tk-prijem-za-asima-horozica-bh-kompozitora\\\/#article\",\"isPartOf\":{\"@id\":\"https:\\\/\\\/tuzlainfo.ba\\\/index.php\\\/novosti\\\/item\\\/27733-ured-premijera-tk-prijem-za-asima-horozica-bh-kompozitora\\\/\"},\"author\":{\"name\":\"admin2\",\"@id\":\"https:\\\/\\\/tuzlainfo.ba\\\/#\\\/schema\\\/person\\\/f4ebe4fff27e68efb65fa7e18f8af372\"},\"headline\":\"Ured premijera TK: Prijem za Asima Horozi\u0107a, bh.kompozitora\",\"datePublished\":\"2021-03-18T06:00:38+00:00\",\"dateModified\":\"2021-03-23T08:26:49+00:00\",\"mainEntityOfPage\":{\"@id\":\"https:\\\/\\\/tuzlainfo.ba\\\/index.php\\\/novosti\\\/item\\\/27733-ured-premijera-tk-prijem-za-asima-horozica-bh-kompozitora\\\/\"},\"wordCount\":243,\"commentCount\":0,\"publisher\":{\"@id\":\"https:\\\/\\\/tuzlainfo.ba\\\/#organization\"},\"image\":{\"@id\":\"https:\\\/\\\/tuzlainfo.ba\\\/index.php\\\/novosti\\\/item\\\/27733-ured-premijera-tk-prijem-za-asima-horozica-bh-kompozitora\\\/#primaryimage\"},\"thumbnailUrl\":\"https:\\\/\\\/tuzlainfo.ba\\\/wp-content\\\/uploads\\\/2021\\\/03\\\/k2_items_src_b2691be32794a946856b6fa678e0e3e1.jpg\",\"articleSection\":[\"Novosti\"],\"inLanguage\":\"bs-BA\",\"copyrightYear\":\"2021\",\"copyrightHolder\":{\"@id\":\"https:\\\/\\\/tuzlainfo.ba\\\/#organization\"}},{\"@type\":\"WebPage\",\"@id\":\"https:\\\/\\\/tuzlainfo.ba\\\/index.php\\\/novosti\\\/item\\\/27733-ured-premijera-tk-prijem-za-asima-horozica-bh-kompozitora\\\/\",\"url\":\"https:\\\/\\\/tuzlainfo.ba\\\/index.php\\\/novosti\\\/item\\\/27733-ured-premijera-tk-prijem-za-asima-horozica-bh-kompozitora\\\/\",\"name\":\"Ured premijera TK: Prijem za Asima Horozi\u0107a, bh.kompozitora\",\"isPartOf\":{\"@id\":\"https:\\\/\\\/tuzlainfo.ba\\\/#website\"},\"primaryImageOfPage\":{\"@id\":\"https:\\\/\\\/tuzlainfo.ba\\\/index.php\\\/novosti\\\/item\\\/27733-ured-premijera-tk-prijem-za-asima-horozica-bh-kompozitora\\\/#primaryimage\"},\"image\":{\"@id\":\"https:\\\/\\\/tuzlainfo.ba\\\/index.php\\\/novosti\\\/item\\\/27733-ured-premijera-tk-prijem-za-asima-horozica-bh-kompozitora\\\/#primaryimage\"},\"thumbnailUrl\":\"https:\\\/\\\/tuzlainfo.ba\\\/wp-content\\\/uploads\\\/2021\\\/03\\\/k2_items_src_b2691be32794a946856b6fa678e0e3e1.jpg\",\"datePublished\":\"2021-03-18T06:00:38+00:00\",\"dateModified\":\"2021-03-23T08:26:49+00:00\",\"breadcrumb\":{\"@id\":\"https:\\\/\\\/tuzlainfo.ba\\\/index.php\\\/novosti\\\/item\\\/27733-ured-premijera-tk-prijem-za-asima-horozica-bh-kompozitora\\\/#breadcrumb\"},\"inLanguage\":\"bs-BA\",\"potentialAction\":[{\"@type\":\"ReadAction\",\"target\":[\"https:\\\/\\\/tuzlainfo.ba\\\/index.php\\\/novosti\\\/item\\\/27733-ured-premijera-tk-prijem-za-asima-horozica-bh-kompozitora\\\/\"]}]},{\"@type\":\"ImageObject\",\"inLanguage\":\"bs-BA\",\"@id\":\"https:\\\/\\\/tuzlainfo.ba\\\/index.php\\\/novosti\\\/item\\\/27733-ured-premijera-tk-prijem-za-asima-horozica-bh-kompozitora\\\/#primaryimage\",\"url\":\"https:\\\/\\\/tuzlainfo.ba\\\/wp-content\\\/uploads\\\/2021\\\/03\\\/k2_items_src_b2691be32794a946856b6fa678e0e3e1.jpg\",\"contentUrl\":\"https:\\\/\\\/tuzlainfo.ba\\\/wp-content\\\/uploads\\\/2021\\\/03\\\/k2_items_src_b2691be32794a946856b6fa678e0e3e1.jpg\",\"width\":770,\"height\":515},{\"@type\":\"BreadcrumbList\",\"@id\":\"https:\\\/\\\/tuzlainfo.ba\\\/index.php\\\/novosti\\\/item\\\/27733-ured-premijera-tk-prijem-za-asima-horozica-bh-kompozitora\\\/#breadcrumb\",\"itemListElement\":[{\"@type\":\"ListItem\",\"position\":1,\"name\":\"Home\",\"item\":\"https:\\\/\\\/tuzlainfo.ba\\\/\"},{\"@type\":\"ListItem\",\"position\":2,\"name\":\"Ured premijera TK: Prijem za Asima Horozi\u0107a, bh.kompozitora\"}]},{\"@type\":\"WebSite\",\"@id\":\"https:\\\/\\\/tuzlainfo.ba\\\/#website\",\"url\":\"https:\\\/\\\/tuzlainfo.ba\\\/\",\"name\":\"TuzlaInfo.ba\",\"description\":\"Tuzla info, gradski informator - Tuzla na dlanu\",\"publisher\":{\"@id\":\"https:\\\/\\\/tuzlainfo.ba\\\/#organization\"},\"potentialAction\":[{\"@type\":\"SearchAction\",\"target\":{\"@type\":\"EntryPoint\",\"urlTemplate\":\"https:\\\/\\\/tuzlainfo.ba\\\/?s={search_term_string}\"},\"query-input\":{\"@type\":\"PropertyValueSpecification\",\"valueRequired\":true,\"valueName\":\"search_term_string\"}}],\"inLanguage\":\"bs-BA\"},{\"@type\":\"Organization\",\"@id\":\"https:\\\/\\\/tuzlainfo.ba\\\/#organization\",\"name\":\"TuzlaInfo.ba\",\"url\":\"https:\\\/\\\/tuzlainfo.ba\\\/\",\"logo\":{\"@type\":\"ImageObject\",\"inLanguage\":\"bs-BA\",\"@id\":\"https:\\\/\\\/tuzlainfo.ba\\\/#\\\/schema\\\/logo\\\/image\\\/\",\"url\":\"https:\\\/\\\/tuzlainfo.ba\\\/wp-content\\\/uploads\\\/2021\\\/03\\\/logo-ver-3-1.png\",\"contentUrl\":\"https:\\\/\\\/tuzlainfo.ba\\\/wp-content\\\/uploads\\\/2021\\\/03\\\/logo-ver-3-1.png\",\"width\":350,\"height\":95,\"caption\":\"TuzlaInfo.ba\"},\"image\":{\"@id\":\"https:\\\/\\\/tuzlainfo.ba\\\/#\\\/schema\\\/logo\\\/image\\\/\"},\"sameAs\":[\"https:\\\/\\\/www.facebook.com\\\/tuzlainfo.ba\\\/\"]},{\"@type\":\"Person\",\"@id\":\"https:\\\/\\\/tuzlainfo.ba\\\/#\\\/schema\\\/person\\\/f4ebe4fff27e68efb65fa7e18f8af372\",\"name\":\"admin2\",\"image\":{\"@type\":\"ImageObject\",\"inLanguage\":\"bs-BA\",\"@id\":\"https:\\\/\\\/secure.gravatar.com\\\/avatar\\\/6474d9b45292367fa11d981175d83642ccdae059a6b7eabe5fed313d54ead5cb?s=96&d=mm&r=g\",\"url\":\"https:\\\/\\\/secure.gravatar.com\\\/avatar\\\/6474d9b45292367fa11d981175d83642ccdae059a6b7eabe5fed313d54ead5cb?s=96&d=mm&r=g\",\"contentUrl\":\"https:\\\/\\\/secure.gravatar.com\\\/avatar\\\/6474d9b45292367fa11d981175d83642ccdae059a6b7eabe5fed313d54ead5cb?s=96&d=mm&r=g\",\"caption\":\"admin2\"},\"description\":\"Tuzlainfo.ba pratite na dru\u0161tvenim mre\u017eama: Facebook, Instagram i Youtube. Svoje pri\u010de, upite i fotografije \u0161aljite na na\u0161u e-mail adresu.\",\"sameAs\":[\"admin\"]}]}<\/script>\n<!-- \/ Yoast SEO plugin. -->","yoast_head_json":{"title":"Ured premijera TK: Prijem za Asima Horozi\u0107a, bh.kompozitora","robots":{"index":"index","follow":"follow","max-snippet":"max-snippet:-1","max-image-preview":"max-image-preview:large","max-video-preview":"max-video-preview:-1"},"canonical":"https:\/\/tuzlainfo.ba\/index.php\/novosti\/item\/27733-ured-premijera-tk-prijem-za-asima-horozica-bh-kompozitora\/","og_locale":"bs_BA","og_type":"article","og_title":"Ured premijera TK: Prijem za Asima Horozi\u0107a, bh.kompozitora","og_description":"Muzi\u010dki pedagog, kompozitor i muzi\u010dar Asim Horozi\u0107 dobitnik je ovogodi\u0161nje &nbsp;\u201e\u0160estoaprilske nagrade Grada Sarajeva\u201d za doprinos u oblasti kulture i umjetnosti. Bio je to povod za prijem, kojeg je za ovog istaknutog kulturnog radnika uprili\u010dio premijer Tuzlanskog kantona Kadrija Hod\u017ei\u0107. Uz \u010destitke na priznanju koje mu je dodijeljeno, premijer Hod\u017ei\u0107 je Horozi\u0107u izrazio i rije\u010di [&hellip;]","og_url":"https:\/\/tuzlainfo.ba\/index.php\/novosti\/item\/27733-ured-premijera-tk-prijem-za-asima-horozica-bh-kompozitora\/","og_site_name":"TuzlaInfo.ba","article_publisher":"https:\/\/www.facebook.com\/tuzlainfo.ba\/","article_published_time":"2021-03-18T06:00:38+00:00","article_modified_time":"2021-03-23T08:26:49+00:00","og_image":[{"width":770,"height":515,"url":"https:\/\/tuzlainfo.ba\/wp-content\/uploads\/2021\/03\/k2_items_src_b2691be32794a946856b6fa678e0e3e1.jpg","type":"image\/jpeg"}],"author":"admin2","twitter_card":"summary_large_image","twitter_misc":{"Written by":"admin2","Est. reading time":"1 minuta"},"schema":{"@context":"https:\/\/schema.org","@graph":[{"@type":"Article","@id":"https:\/\/tuzlainfo.ba\/index.php\/novosti\/item\/27733-ured-premijera-tk-prijem-za-asima-horozica-bh-kompozitora\/#article","isPartOf":{"@id":"https:\/\/tuzlainfo.ba\/index.php\/novosti\/item\/27733-ured-premijera-tk-prijem-za-asima-horozica-bh-kompozitora\/"},"author":{"name":"admin2","@id":"https:\/\/tuzlainfo.ba\/#\/schema\/person\/f4ebe4fff27e68efb65fa7e18f8af372"},"headline":"Ured premijera TK: Prijem za Asima Horozi\u0107a, bh.kompozitora","datePublished":"2021-03-18T06:00:38+00:00","dateModified":"2021-03-23T08:26:49+00:00","mainEntityOfPage":{"@id":"https:\/\/tuzlainfo.ba\/index.php\/novosti\/item\/27733-ured-premijera-tk-prijem-za-asima-horozica-bh-kompozitora\/"},"wordCount":243,"commentCount":0,"publisher":{"@id":"https:\/\/tuzlainfo.ba\/#organization"},"image":{"@id":"https:\/\/tuzlainfo.ba\/index.php\/novosti\/item\/27733-ured-premijera-tk-prijem-za-asima-horozica-bh-kompozitora\/#primaryimage"},"thumbnailUrl":"https:\/\/tuzlainfo.ba\/wp-content\/uploads\/2021\/03\/k2_items_src_b2691be32794a946856b6fa678e0e3e1.jpg","articleSection":["Novosti"],"inLanguage":"bs-BA","copyrightYear":"2021","copyrightHolder":{"@id":"https:\/\/tuzlainfo.ba\/#organization"}},{"@type":"WebPage","@id":"https:\/\/tuzlainfo.ba\/index.php\/novosti\/item\/27733-ured-premijera-tk-prijem-za-asima-horozica-bh-kompozitora\/","url":"https:\/\/tuzlainfo.ba\/index.php\/novosti\/item\/27733-ured-premijera-tk-prijem-za-asima-horozica-bh-kompozitora\/","name":"Ured premijera TK: Prijem za Asima Horozi\u0107a, bh.kompozitora","isPartOf":{"@id":"https:\/\/tuzlainfo.ba\/#website"},"primaryImageOfPage":{"@id":"https:\/\/tuzlainfo.ba\/index.php\/novosti\/item\/27733-ured-premijera-tk-prijem-za-asima-horozica-bh-kompozitora\/#primaryimage"},"image":{"@id":"https:\/\/tuzlainfo.ba\/index.php\/novosti\/item\/27733-ured-premijera-tk-prijem-za-asima-horozica-bh-kompozitora\/#primaryimage"},"thumbnailUrl":"https:\/\/tuzlainfo.ba\/wp-content\/uploads\/2021\/03\/k2_items_src_b2691be32794a946856b6fa678e0e3e1.jpg","datePublished":"2021-03-18T06:00:38+00:00","dateModified":"2021-03-23T08:26:49+00:00","breadcrumb":{"@id":"https:\/\/tuzlainfo.ba\/index.php\/novosti\/item\/27733-ured-premijera-tk-prijem-za-asima-horozica-bh-kompozitora\/#breadcrumb"},"inLanguage":"bs-BA","potentialAction":[{"@type":"ReadAction","target":["https:\/\/tuzlainfo.ba\/index.php\/novosti\/item\/27733-ured-premijera-tk-prijem-za-asima-horozica-bh-kompozitora\/"]}]},{"@type":"ImageObject","inLanguage":"bs-BA","@id":"https:\/\/tuzlainfo.ba\/index.php\/novosti\/item\/27733-ured-premijera-tk-prijem-za-asima-horozica-bh-kompozitora\/#primaryimage","url":"https:\/\/tuzlainfo.ba\/wp-content\/uploads\/2021\/03\/k2_items_src_b2691be32794a946856b6fa678e0e3e1.jpg","contentUrl":"https:\/\/tuzlainfo.ba\/wp-content\/uploads\/2021\/03\/k2_items_src_b2691be32794a946856b6fa678e0e3e1.jpg","width":770,"height":515},{"@type":"BreadcrumbList","@id":"https:\/\/tuzlainfo.ba\/index.php\/novosti\/item\/27733-ured-premijera-tk-prijem-za-asima-horozica-bh-kompozitora\/#breadcrumb","itemListElement":[{"@type":"ListItem","position":1,"name":"Home","item":"https:\/\/tuzlainfo.ba\/"},{"@type":"ListItem","position":2,"name":"Ured premijera TK: Prijem za Asima Horozi\u0107a, bh.kompozitora"}]},{"@type":"WebSite","@id":"https:\/\/tuzlainfo.ba\/#website","url":"https:\/\/tuzlainfo.ba\/","name":"TuzlaInfo.ba","description":"Tuzla info, gradski informator - Tuzla na dlanu","publisher":{"@id":"https:\/\/tuzlainfo.ba\/#organization"},"potentialAction":[{"@type":"SearchAction","target":{"@type":"EntryPoint","urlTemplate":"https:\/\/tuzlainfo.ba\/?s={search_term_string}"},"query-input":{"@type":"PropertyValueSpecification","valueRequired":true,"valueName":"search_term_string"}}],"inLanguage":"bs-BA"},{"@type":"Organization","@id":"https:\/\/tuzlainfo.ba\/#organization","name":"TuzlaInfo.ba","url":"https:\/\/tuzlainfo.ba\/","logo":{"@type":"ImageObject","inLanguage":"bs-BA","@id":"https:\/\/tuzlainfo.ba\/#\/schema\/logo\/image\/","url":"https:\/\/tuzlainfo.ba\/wp-content\/uploads\/2021\/03\/logo-ver-3-1.png","contentUrl":"https:\/\/tuzlainfo.ba\/wp-content\/uploads\/2021\/03\/logo-ver-3-1.png","width":350,"height":95,"caption":"TuzlaInfo.ba"},"image":{"@id":"https:\/\/tuzlainfo.ba\/#\/schema\/logo\/image\/"},"sameAs":["https:\/\/www.facebook.com\/tuzlainfo.ba\/"]},{"@type":"Person","@id":"https:\/\/tuzlainfo.ba\/#\/schema\/person\/f4ebe4fff27e68efb65fa7e18f8af372","name":"admin2","image":{"@type":"ImageObject","inLanguage":"bs-BA","@id":"https:\/\/secure.gravatar.com\/avatar\/6474d9b45292367fa11d981175d83642ccdae059a6b7eabe5fed313d54ead5cb?s=96&d=mm&r=g","url":"https:\/\/secure.gravatar.com\/avatar\/6474d9b45292367fa11d981175d83642ccdae059a6b7eabe5fed313d54ead5cb?s=96&d=mm&r=g","contentUrl":"https:\/\/secure.gravatar.com\/avatar\/6474d9b45292367fa11d981175d83642ccdae059a6b7eabe5fed313d54ead5cb?s=96&d=mm&r=g","caption":"admin2"},"description":"Tuzlainfo.ba pratite na dru\u0161tvenim mre\u017eama: Facebook, Instagram i Youtube. Svoje pri\u010de, upite i fotografije \u0161aljite na na\u0161u e-mail adresu.","sameAs":["admin"]}]}},"_links":{"self":[{"href":"https:\/\/tuzlainfo.ba\/index.php\/wp-json\/wp\/v2\/posts\/27733","targetHints":{"allow":["GET"]}}],"collection":[{"href":"https:\/\/tuzlainfo.ba\/index.php\/wp-json\/wp\/v2\/posts"}],"about":[{"href":"https:\/\/tuzlainfo.ba\/index.php\/wp-json\/wp\/v2\/types\/post"}],"author":[{"embeddable":true,"href":"https:\/\/tuzlainfo.ba\/index.php\/wp-json\/wp\/v2\/users\/3"}],"replies":[{"embeddable":true,"href":"https:\/\/tuzlainfo.ba\/index.php\/wp-json\/wp\/v2\/comments?post=27733"}],"version-history":[{"count":0,"href":"https:\/\/tuzlainfo.ba\/index.php\/wp-json\/wp\/v2\/posts\/27733\/revisions"}],"wp:featuredmedia":[{"embeddable":true,"href":"https:\/\/tuzlainfo.ba\/index.php\/wp-json\/wp\/v2\/media\/87402"}],"wp:attachment":[{"href":"https:\/\/tuzlainfo.ba\/index.php\/wp-json\/wp\/v2\/media?parent=27733"}],"wp:term":[{"taxonomy":"category","embeddable":true,"href":"https:\/\/tuzlainfo.ba\/index.php\/wp-json\/wp\/v2\/categories?post=27733"},{"taxonomy":"post_tag","embeddable":true,"href":"https:\/\/tuzlainfo.ba\/index.php\/wp-json\/wp\/v2\/tags?post=27733"}],"curies":[{"name":"wp","href":"https:\/\/api.w.org\/{rel}","templated":true}]}}